{"id":19707,"date":"2016-03-14T14:07:10","date_gmt":"2016-03-14T12:07:10","guid":{"rendered":"http:\/\/urbeamea.ro\/albaiulia\/?p=19707"},"modified":"2016-03-14T14:07:10","modified_gmt":"2016-03-14T12:07:10","slug":"soferi-din-alba-cercetati-pentru-conducere-cu-alcool-la-bord-sau-fara-permis-de-conducere","status":"publish","type":"post","link":"https:\/\/urbeamea.ro\/albaiulia\/soferi-din-alba-cercetati-pentru-conducere-cu-alcool-la-bord-sau-fara-permis-de-conducere\/","title":{"rendered":"\u015eoferi din Alba, cerceta\u0163i pentru conducere cu alcool &#8222;la bord&#8221; sau f\u0103r\u0103 permis de conducere"},"content":{"rendered":"<p><strong><img loading=\"lazy\" decoding=\"async\" class=\"size-medium wp-image-18802 alignleft\" src=\"http:\/\/urbeamea.ro\/albaiulia\/wp-content\/uploads\/2016\/03\/DSC_0001-300x200.jpg\" alt=\"politie\" width=\"300\" height=\"200\" \/>Doi \u015foferi din Sebe\u0219 \u015fi Daia Rom\u00e2n\u0103 sunt cerceta\u0163i penal, dup\u0103 ce au fost prin\u015fi de poli\u0163i\u015ftii Sec\u0163iei 7 Poli\u0163ie Rural\u0103 Sebe\u015f \u00een timp ce conduceau sub influen\u0163a alcoolului sau f\u0103r\u0103 permis.<\/strong><\/p>\n<p>Potrivit IPJ Alba, la data de 11 martie, \u00een jurul orei 23.20, poli\u0163i\u015ftii Sec\u0163iei 7 Poli\u0163ie Rural\u0103 Sebe\u015f l-au depistat pe C.R.C., de 25 de ani, din Sebe\u015f, \u00een timp ce conducea un autoturism, pe raza localit\u0103\u0163ii Strungari, fiind sub influen\u0163a alcoolului.<\/p>\n<p>\u00cen urma test\u0103rii conduc\u0103torului auto cu aparatul etilotest, a rezultat valoarea de 0,42 mg\/l alcool pur \u00een aerul expirat, motiv pentru care a fost condus la spitalul din Sebe\u015f unde i-au fost recoltate mostre de s\u00e2nge, \u00een vederea stabilirii alcoolemiei.<\/p>\n<p>Fa\u0163\u0103 de C.R.C., cercet\u0103rile sunt continuate sub aspectul comiterii infrac\u021biunii de conducere sub influen\u0163a alcoolului.<\/p>\n<p>Tot vineri, 11 martie, \u00een jurul orei 10.45, poli\u0163i\u015ftii Sec\u021biei 7 Poli\u021bie Rural\u0103 Sebe\u015f l-au depistat pe un b\u0103rbat de 42 de ani, din Daia Rom\u00e2n\u0103, \u00een timp ce conducea un autoturism, pe raza comunei Cut, f\u0103r\u0103 a de\u0163ine permis de conducere pentru nicio categorie de autovehicule.<\/p>\n<p>Fa\u0163\u0103 de b\u0103rbat, cercet\u0103rile sunt continuate sub aspectul comiterii infrac\u021biunii de conducere f\u0103r\u0103 permis.<\/p>\n","protected":false},"excerpt":{"rendered":"<p>Doi \u015foferi din Sebe\u0219 \u015fi Daia Rom\u00e2n\u0103 sunt cerceta\u0163i penal, dup\u0103 ce au fost prin\u015fi de poli\u0163i\u015ftii Sec\u0163iei 7 Poli\u0163ie Rural\u0103 Sebe\u015f \u00een timp ce conduceau sub influen\u0163a alcoolului sau f\u0103r\u0103 permis. Potrivit IPJ Alba, la data de 11 martie, \u00een jurul orei 23.20, poli\u0163i\u015ftii Sec\u0163iei 7 Poli\u0163ie Rural\u0103 Sebe\u015f l-au depistat pe C.R.C., de &hellip;<\/p>\n","protected":false},"author":17,"featured_media":18802,"comment_status":"open","ping_status":"open","sticky":false,"template":"","format":"standard","meta":{"inline_featured_image":false,"footnotes":""},"categories":[2034],"tags":[1364,3212,3716,3717,401,458,1223,308,76],"class_list":["post-19707","post","type-post","status-publish","format-standard","has-post-thumbnail","hentry","category-social","tag-alcool","tag-cercetati-penal","tag-daia-romana","tag-infracatiuni","tag-permis-de-conducere","tag-politisti","tag-sebes","tag-stiri","tag-urbea-mea"],"yoast_head":"<!-- This site is optimized with the Yoast SEO plugin v27.4 - https:\/\/yoast.com\/product\/yoast-seo-wordpress\/ -->\n<title>\u015eoferi din Alba, cerceta\u0163i pentru conducere cu alcool &quot;la bord&quot; sau f\u0103r\u0103 permis de conducere - Revista Urbea Mea - Revista de Alba<\/title>\n<meta name=\"description\" content=\"Doi \u015foferi din Sebe\u0219 \u015fi Daia Rom\u00e2n\u0103 sunt cerceta\u0163i penal, dup\u0103 ce au fost prin\u015fi de poli\u0163i\u015ftii Sec\u0163iei 7 Poli\u0163ie Rural\u0103 Sebe\u015f \u00een timp ce conduceau sub\" \/>\n<meta name=\"robots\" content=\"index, follow, max-snippet:-1, max-image-preview:large, max-video-preview:-1\" \/>\n<link rel=\"canonical\" href=\"https:\/\/urbeamea.ro\/albaiulia\/soferi-din-alba-cercetati-pentru-conducere-cu-alcool-la-bord-sau-fara-permis-de-conducere\/\" \/>\n<meta name=\"twitter:card\" content=\"summary_large_image\" \/>\n<meta name=\"twitter:title\" content=\"\u015eoferi din Alba, cerceta\u0163i pentru conducere cu alcool &quot;la bord&quot; sau f\u0103r\u0103 permis de conducere - Revista Urbea Mea - Revista de Alba\" \/>\n<meta name=\"twitter:description\" content=\"Doi \u015foferi din Sebe\u0219 \u015fi Daia Rom\u00e2n\u0103 sunt cerceta\u0163i penal, dup\u0103 ce au fost prin\u015fi de poli\u0163i\u015ftii Sec\u0163iei 7 Poli\u0163ie Rural\u0103 Sebe\u015f \u00een timp ce conduceau sub\" \/>\n<meta name=\"twitter:image\" content=\"https:\/\/urbeamea.ro\/albaiulia\/wp-content\/uploads\/2016\/03\/DSC_0001.jpg\" \/>\n<meta name=\"twitter:creator\" content=\"@urbeameaweb\" \/>\n<meta name=\"twitter:site\" content=\"@urbeameaweb\" \/>\n<script type=\"application\/ld+json\" class=\"yoast-schema-graph\">{\"@context\":\"https:\\\/\\\/schema.org\",\"@graph\":[{\"@type\":\"Article\",\"@id\":\"https:\\\/\\\/urbeamea.ro\\\/albaiulia\\\/soferi-din-alba-cercetati-pentru-conducere-cu-alcool-la-bord-sau-fara-permis-de-conducere\\\/#article\",\"isPartOf\":{\"@id\":\"https:\\\/\\\/urbeamea.ro\\\/albaiulia\\\/soferi-din-alba-cercetati-pentru-conducere-cu-alcool-la-bord-sau-fara-permis-de-conducere\\\/\"},\"author\":{\"name\":\"Cristina Ganga\",\"@id\":\"https:\\\/\\\/urbeamea.ro\\\/albaiulia\\\/#\\\/schema\\\/person\\\/9700d21fae21c4f038b0b56f4506264a\"},\"headline\":\"\u015eoferi din Alba, cerceta\u0163i pentru conducere cu alcool &#8222;la bord&#8221; sau f\u0103r\u0103 permis de conducere\",\"datePublished\":\"2016-03-14T12:07:10+00:00\",\"mainEntityOfPage\":{\"@id\":\"https:\\\/\\\/urbeamea.ro\\\/albaiulia\\\/soferi-din-alba-cercetati-pentru-conducere-cu-alcool-la-bord-sau-fara-permis-de-conducere\\\/\"},\"wordCount\":235,\"commentCount\":0,\"image\":{\"@id\":\"https:\\\/\\\/urbeamea.ro\\\/albaiulia\\\/soferi-din-alba-cercetati-pentru-conducere-cu-alcool-la-bord-sau-fara-permis-de-conducere\\\/#primaryimage\"},\"thumbnailUrl\":\"https:\\\/\\\/urbeamea.ro\\\/albaiulia\\\/wp-content\\\/uploads\\\/2016\\\/03\\\/DSC_0001.jpg\",\"keywords\":[\"alcool\",\"cercetati penal\",\"daia romana\",\"infracatiuni\",\"permis de conducere\",\"politisti\",\"sebes\",\"stiri\",\"Urbea Mea\"],\"articleSection\":[\"Social\"],\"inLanguage\":\"ro-RO\",\"potentialAction\":[{\"@type\":\"CommentAction\",\"name\":\"Comment\",\"target\":[\"https:\\\/\\\/urbeamea.ro\\\/albaiulia\\\/soferi-din-alba-cercetati-pentru-conducere-cu-alcool-la-bord-sau-fara-permis-de-conducere\\\/#respond\"]}]},{\"@type\":\"WebPage\",\"@id\":\"https:\\\/\\\/urbeamea.ro\\\/albaiulia\\\/soferi-din-alba-cercetati-pentru-conducere-cu-alcool-la-bord-sau-fara-permis-de-conducere\\\/\",\"url\":\"https:\\\/\\\/urbeamea.ro\\\/albaiulia\\\/soferi-din-alba-cercetati-pentru-conducere-cu-alcool-la-bord-sau-fara-permis-de-conducere\\\/\",\"name\":\"\u015eoferi din Alba, cerceta\u0163i pentru conducere cu alcool \\\"la bord\\\" sau f\u0103r\u0103 permis de conducere - Revista Urbea Mea - Revista de Alba\",\"isPartOf\":{\"@id\":\"https:\\\/\\\/urbeamea.ro\\\/albaiulia\\\/#website\"},\"primaryImageOfPage\":{\"@id\":\"https:\\\/\\\/urbeamea.ro\\\/albaiulia\\\/soferi-din-alba-cercetati-pentru-conducere-cu-alcool-la-bord-sau-fara-permis-de-conducere\\\/#primaryimage\"},\"image\":{\"@id\":\"https:\\\/\\\/urbeamea.ro\\\/albaiulia\\\/soferi-din-alba-cercetati-pentru-conducere-cu-alcool-la-bord-sau-fara-permis-de-conducere\\\/#primaryimage\"},\"thumbnailUrl\":\"https:\\\/\\\/urbeamea.ro\\\/albaiulia\\\/wp-content\\\/uploads\\\/2016\\\/03\\\/DSC_0001.jpg\",\"datePublished\":\"2016-03-14T12:07:10+00:00\",\"author\":{\"@id\":\"https:\\\/\\\/urbeamea.ro\\\/albaiulia\\\/#\\\/schema\\\/person\\\/9700d21fae21c4f038b0b56f4506264a\"},\"description\":\"Doi \u015foferi din Sebe\u0219 \u015fi Daia Rom\u00e2n\u0103 sunt cerceta\u0163i penal, dup\u0103 ce au fost prin\u015fi de poli\u0163i\u015ftii Sec\u0163iei 7 Poli\u0163ie Rural\u0103 Sebe\u015f \u00een timp ce conduceau sub\",\"breadcrumb\":{\"@id\":\"https:\\\/\\\/urbeamea.ro\\\/albaiulia\\\/soferi-din-alba-cercetati-pentru-conducere-cu-alcool-la-bord-sau-fara-permis-de-conducere\\\/#breadcrumb\"},\"inLanguage\":\"ro-RO\",\"potentialAction\":[{\"@type\":\"ReadAction\",\"target\":[\"https:\\\/\\\/urbeamea.ro\\\/albaiulia\\\/soferi-din-alba-cercetati-pentru-conducere-cu-alcool-la-bord-sau-fara-permis-de-conducere\\\/\"]}]},{\"@type\":\"ImageObject\",\"inLanguage\":\"ro-RO\",\"@id\":\"https:\\\/\\\/urbeamea.ro\\\/albaiulia\\\/soferi-din-alba-cercetati-pentru-conducere-cu-alcool-la-bord-sau-fara-permis-de-conducere\\\/#primaryimage\",\"url\":\"https:\\\/\\\/urbeamea.ro\\\/albaiulia\\\/wp-content\\\/uploads\\\/2016\\\/03\\\/DSC_0001.jpg\",\"contentUrl\":\"https:\\\/\\\/urbeamea.ro\\\/albaiulia\\\/wp-content\\\/uploads\\\/2016\\\/03\\\/DSC_0001.jpg\",\"width\":1280,\"height\":853},{\"@type\":\"BreadcrumbList\",\"@id\":\"https:\\\/\\\/urbeamea.ro\\\/albaiulia\\\/soferi-din-alba-cercetati-pentru-conducere-cu-alcool-la-bord-sau-fara-permis-de-conducere\\\/#breadcrumb\",\"itemListElement\":[{\"@type\":\"ListItem\",\"position\":1,\"name\":\"Prima pagin\u0103\",\"item\":\"https:\\\/\\\/urbeamea.ro\\\/albaiulia\\\/\"},{\"@type\":\"ListItem\",\"position\":2,\"name\":\"\u015eoferi din Alba, cerceta\u0163i pentru conducere cu alcool &#8222;la bord&#8221; sau f\u0103r\u0103 permis de conducere\"}]},{\"@type\":\"WebSite\",\"@id\":\"https:\\\/\\\/urbeamea.ro\\\/albaiulia\\\/#website\",\"url\":\"https:\\\/\\\/urbeamea.ro\\\/albaiulia\\\/\",\"name\":\"Revista Urbea Mea, Stiri urbane\",\"description\":\"Evenimente \u0219i \u0219tiri din Alba Iulia, Sebe\u0219, Aiud, Blaj\",\"potentialAction\":[{\"@type\":\"SearchAction\",\"target\":{\"@type\":\"EntryPoint\",\"urlTemplate\":\"https:\\\/\\\/urbeamea.ro\\\/albaiulia\\\/?s={search_term_string}\"},\"query-input\":{\"@type\":\"PropertyValueSpecification\",\"valueRequired\":true,\"valueName\":\"search_term_string\"}}],\"inLanguage\":\"ro-RO\"},{\"@type\":\"Person\",\"@id\":\"https:\\\/\\\/urbeamea.ro\\\/albaiulia\\\/#\\\/schema\\\/person\\\/9700d21fae21c4f038b0b56f4506264a\",\"name\":\"Cristina Ganga\",\"image\":{\"@type\":\"ImageObject\",\"inLanguage\":\"ro-RO\",\"@id\":\"https:\\\/\\\/secure.gravatar.com\\\/avatar\\\/5a67661041f057b4a8ccaf26f5a8e86e2689372006d01faf3dd9eeb10b654bb4?s=96&d=mm&r=g\",\"url\":\"https:\\\/\\\/secure.gravatar.com\\\/avatar\\\/5a67661041f057b4a8ccaf26f5a8e86e2689372006d01faf3dd9eeb10b654bb4?s=96&d=mm&r=g\",\"contentUrl\":\"https:\\\/\\\/secure.gravatar.com\\\/avatar\\\/5a67661041f057b4a8ccaf26f5a8e86e2689372006d01faf3dd9eeb10b654bb4?s=96&d=mm&r=g\",\"caption\":\"Cristina Ganga\"},\"description\":\"Jurnalist\",\"sameAs\":[\"https:\\\/\\\/www.facebook.com\\\/cristina.nicola.587\"],\"url\":\"https:\\\/\\\/urbeamea.ro\\\/albaiulia\\\/author\\\/cristina-nicola\\\/\"}]}<\/script>\n<!-- \/ Yoast SEO plugin. -->","yoast_head_json":{"title":"\u015eoferi din Alba, cerceta\u0163i pentru conducere cu alcool \"la bord\" sau f\u0103r\u0103 permis de conducere - Revista Urbea Mea - Revista de Alba","description":"Doi \u015foferi din Sebe\u0219 \u015fi Daia Rom\u00e2n\u0103 sunt cerceta\u0163i penal, dup\u0103 ce au fost prin\u015fi de poli\u0163i\u015ftii Sec\u0163iei 7 Poli\u0163ie Rural\u0103 Sebe\u015f \u00een timp ce conduceau sub","robots":{"index":"index","follow":"follow","max-snippet":"max-snippet:-1","max-image-preview":"max-image-preview:large","max-video-preview":"max-video-preview:-1"},"canonical":"https:\/\/urbeamea.ro\/albaiulia\/soferi-din-alba-cercetati-pentru-conducere-cu-alcool-la-bord-sau-fara-permis-de-conducere\/","twitter_card":"summary_large_image","twitter_title":"\u015eoferi din Alba, cerceta\u0163i pentru conducere cu alcool \"la bord\" sau f\u0103r\u0103 permis de conducere - Revista Urbea Mea - Revista de Alba","twitter_description":"Doi \u015foferi din Sebe\u0219 \u015fi Daia Rom\u00e2n\u0103 sunt cerceta\u0163i penal, dup\u0103 ce au fost prin\u015fi de poli\u0163i\u015ftii Sec\u0163iei 7 Poli\u0163ie Rural\u0103 Sebe\u015f \u00een timp ce conduceau sub","twitter_image":"https:\/\/urbeamea.ro\/albaiulia\/wp-content\/uploads\/2016\/03\/DSC_0001.jpg","twitter_creator":"@urbeameaweb","twitter_site":"@urbeameaweb","schema":{"@context":"https:\/\/schema.org","@graph":[{"@type":"Article","@id":"https:\/\/urbeamea.ro\/albaiulia\/soferi-din-alba-cercetati-pentru-conducere-cu-alcool-la-bord-sau-fara-permis-de-conducere\/#article","isPartOf":{"@id":"https:\/\/urbeamea.ro\/albaiulia\/soferi-din-alba-cercetati-pentru-conducere-cu-alcool-la-bord-sau-fara-permis-de-conducere\/"},"author":{"name":"Cristina Ganga","@id":"https:\/\/urbeamea.ro\/albaiulia\/#\/schema\/person\/9700d21fae21c4f038b0b56f4506264a"},"headline":"\u015eoferi din Alba, cerceta\u0163i pentru conducere cu alcool &#8222;la bord&#8221; sau f\u0103r\u0103 permis de conducere","datePublished":"2016-03-14T12:07:10+00:00","mainEntityOfPage":{"@id":"https:\/\/urbeamea.ro\/albaiulia\/soferi-din-alba-cercetati-pentru-conducere-cu-alcool-la-bord-sau-fara-permis-de-conducere\/"},"wordCount":235,"commentCount":0,"image":{"@id":"https:\/\/urbeamea.ro\/albaiulia\/soferi-din-alba-cercetati-pentru-conducere-cu-alcool-la-bord-sau-fara-permis-de-conducere\/#primaryimage"},"thumbnailUrl":"https:\/\/urbeamea.ro\/albaiulia\/wp-content\/uploads\/2016\/03\/DSC_0001.jpg","keywords":["alcool","cercetati penal","daia romana","infracatiuni","permis de conducere","politisti","sebes","stiri","Urbea Mea"],"articleSection":["Social"],"inLanguage":"ro-RO","potentialAction":[{"@type":"CommentAction","name":"Comment","target":["https:\/\/urbeamea.ro\/albaiulia\/soferi-din-alba-cercetati-pentru-conducere-cu-alcool-la-bord-sau-fara-permis-de-conducere\/#respond"]}]},{"@type":"WebPage","@id":"https:\/\/urbeamea.ro\/albaiulia\/soferi-din-alba-cercetati-pentru-conducere-cu-alcool-la-bord-sau-fara-permis-de-conducere\/","url":"https:\/\/urbeamea.ro\/albaiulia\/soferi-din-alba-cercetati-pentru-conducere-cu-alcool-la-bord-sau-fara-permis-de-conducere\/","name":"\u015eoferi din Alba, cerceta\u0163i pentru conducere cu alcool \"la bord\" sau f\u0103r\u0103 permis de conducere - Revista Urbea Mea - Revista de Alba","isPartOf":{"@id":"https:\/\/urbeamea.ro\/albaiulia\/#website"},"primaryImageOfPage":{"@id":"https:\/\/urbeamea.ro\/albaiulia\/soferi-din-alba-cercetati-pentru-conducere-cu-alcool-la-bord-sau-fara-permis-de-conducere\/#primaryimage"},"image":{"@id":"https:\/\/urbeamea.ro\/albaiulia\/soferi-din-alba-cercetati-pentru-conducere-cu-alcool-la-bord-sau-fara-permis-de-conducere\/#primaryimage"},"thumbnailUrl":"https:\/\/urbeamea.ro\/albaiulia\/wp-content\/uploads\/2016\/03\/DSC_0001.jpg","datePublished":"2016-03-14T12:07:10+00:00","author":{"@id":"https:\/\/urbeamea.ro\/albaiulia\/#\/schema\/person\/9700d21fae21c4f038b0b56f4506264a"},"description":"Doi \u015foferi din Sebe\u0219 \u015fi Daia Rom\u00e2n\u0103 sunt cerceta\u0163i penal, dup\u0103 ce au fost prin\u015fi de poli\u0163i\u015ftii Sec\u0163iei 7 Poli\u0163ie Rural\u0103 Sebe\u015f \u00een timp ce conduceau sub","breadcrumb":{"@id":"https:\/\/urbeamea.ro\/albaiulia\/soferi-din-alba-cercetati-pentru-conducere-cu-alcool-la-bord-sau-fara-permis-de-conducere\/#breadcrumb"},"inLanguage":"ro-RO","potentialAction":[{"@type":"ReadAction","target":["https:\/\/urbeamea.ro\/albaiulia\/soferi-din-alba-cercetati-pentru-conducere-cu-alcool-la-bord-sau-fara-permis-de-conducere\/"]}]},{"@type":"ImageObject","inLanguage":"ro-RO","@id":"https:\/\/urbeamea.ro\/albaiulia\/soferi-din-alba-cercetati-pentru-conducere-cu-alcool-la-bord-sau-fara-permis-de-conducere\/#primaryimage","url":"https:\/\/urbeamea.ro\/albaiulia\/wp-content\/uploads\/2016\/03\/DSC_0001.jpg","contentUrl":"https:\/\/urbeamea.ro\/albaiulia\/wp-content\/uploads\/2016\/03\/DSC_0001.jpg","width":1280,"height":853},{"@type":"BreadcrumbList","@id":"https:\/\/urbeamea.ro\/albaiulia\/soferi-din-alba-cercetati-pentru-conducere-cu-alcool-la-bord-sau-fara-permis-de-conducere\/#breadcrumb","itemListElement":[{"@type":"ListItem","position":1,"name":"Prima pagin\u0103","item":"https:\/\/urbeamea.ro\/albaiulia\/"},{"@type":"ListItem","position":2,"name":"\u015eoferi din Alba, cerceta\u0163i pentru conducere cu alcool &#8222;la bord&#8221; sau f\u0103r\u0103 permis de conducere"}]},{"@type":"WebSite","@id":"https:\/\/urbeamea.ro\/albaiulia\/#website","url":"https:\/\/urbeamea.ro\/albaiulia\/","name":"Revista Urbea Mea, Stiri urbane","description":"Evenimente \u0219i \u0219tiri din Alba Iulia, Sebe\u0219, Aiud, Blaj","potentialAction":[{"@type":"SearchAction","target":{"@type":"EntryPoint","urlTemplate":"https:\/\/urbeamea.ro\/albaiulia\/?s={search_term_string}"},"query-input":{"@type":"PropertyValueSpecification","valueRequired":true,"valueName":"search_term_string"}}],"inLanguage":"ro-RO"},{"@type":"Person","@id":"https:\/\/urbeamea.ro\/albaiulia\/#\/schema\/person\/9700d21fae21c4f038b0b56f4506264a","name":"Cristina Ganga","image":{"@type":"ImageObject","inLanguage":"ro-RO","@id":"https:\/\/secure.gravatar.com\/avatar\/5a67661041f057b4a8ccaf26f5a8e86e2689372006d01faf3dd9eeb10b654bb4?s=96&d=mm&r=g","url":"https:\/\/secure.gravatar.com\/avatar\/5a67661041f057b4a8ccaf26f5a8e86e2689372006d01faf3dd9eeb10b654bb4?s=96&d=mm&r=g","contentUrl":"https:\/\/secure.gravatar.com\/avatar\/5a67661041f057b4a8ccaf26f5a8e86e2689372006d01faf3dd9eeb10b654bb4?s=96&d=mm&r=g","caption":"Cristina Ganga"},"description":"Jurnalist","sameAs":["https:\/\/www.facebook.com\/cristina.nicola.587"],"url":"https:\/\/urbeamea.ro\/albaiulia\/author\/cristina-nicola\/"}]}},"_links":{"self":[{"href":"https:\/\/urbeamea.ro\/albaiulia\/wp-json\/wp\/v2\/posts\/19707","targetHints":{"allow":["GET"]}}],"collection":[{"href":"https:\/\/urbeamea.ro\/albaiulia\/wp-json\/wp\/v2\/posts"}],"about":[{"href":"https:\/\/urbeamea.ro\/albaiulia\/wp-json\/wp\/v2\/types\/post"}],"author":[{"embeddable":true,"href":"https:\/\/urbeamea.ro\/albaiulia\/wp-json\/wp\/v2\/users\/17"}],"replies":[{"embeddable":true,"href":"https:\/\/urbeamea.ro\/albaiulia\/wp-json\/wp\/v2\/comments?post=19707"}],"version-history":[{"count":0,"href":"https:\/\/urbeamea.ro\/albaiulia\/wp-json\/wp\/v2\/posts\/19707\/revisions"}],"wp:featuredmedia":[{"embeddable":true,"href":"https:\/\/urbeamea.ro\/albaiulia\/wp-json\/wp\/v2\/media\/18802"}],"wp:attachment":[{"href":"https:\/\/urbeamea.ro\/albaiulia\/wp-json\/wp\/v2\/media?parent=19707"}],"wp:term":[{"taxonomy":"category","embeddable":true,"href":"https:\/\/urbeamea.ro\/albaiulia\/wp-json\/wp\/v2\/categories?post=19707"},{"taxonomy":"post_tag","embeddable":true,"href":"https:\/\/urbeamea.ro\/albaiulia\/wp-json\/wp\/v2\/tags?post=19707"}],"curies":[{"name":"wp","href":"https:\/\/api.w.org\/{rel}","templated":true}]}}