{"id":19709,"date":"2016-03-14T14:17:19","date_gmt":"2016-03-14T12:17:19","guid":{"rendered":"http:\/\/urbeamea.ro\/albaiulia\/?p=19709"},"modified":"2016-03-14T14:17:19","modified_gmt":"2016-03-14T12:17:19","slug":"doua-persoane-transportate-la-spital-in-urma-unui-accident-in-panade","status":"publish","type":"post","link":"https:\/\/urbeamea.ro\/albaiulia\/doua-persoane-transportate-la-spital-in-urma-unui-accident-in-panade\/","title":{"rendered":"Dou\u0103 persoane, transportate la spital \u00een urma unui accident \u00een P\u0103nade"},"content":{"rendered":"<p><strong><img loading=\"lazy\" decoding=\"async\" class=\"size-medium wp-image-16562 alignleft\" src=\"http:\/\/urbeamea.ro\/albaiulia\/wp-content\/uploads\/2016\/01\/Masina-de-politie-300x200.jpg\" alt=\"Masina-de-politie\" width=\"300\" height=\"200\" \/>Un accident rutier s-a produs duminic\u0103, \u00een jurul orelor 22.20, \u00a0\u00een P\u0103nade la intersec\u0163ia DJ 107 cu DC 23 . Un t\u00e2n\u0103r \u00een v\u00e2rst\u0103 de 27 de ani a intrat \u00een coliziune cu un moped condus de un b\u0103rat \u00een v\u00e2rst\u0103 de 39 de ani.\u00a0<\/strong><\/p>\n<p>Poli\u0163ia Municipiului Blaj a fost sesizat\u0103 cu privire la faptul c\u0103 la duminic\u0103 a avut loc un accident.<\/p>\n<p>Poli\u0163i\u015ftii deplasa\u0163i la fa\u0163a locului au constatat c\u0103 H.I.F., de 27 de ani, din comuna \u015eona, \u00een timp ce conducea un autoturism pe DJ 107, \u00een direc\u0163ia Jidvei \u2013 Blaj, a intrat \u00een coliziune cu un moped condus de un b\u0103rbat de 39 de ani, din comuna S\u00e2ncel.<\/p>\n<p>\u00cen urma accidentului, mopedistul \u015fi un b\u0103rbat \u00een v\u00e2rst\u0103 de 40 de ani, din aceea\u015fi comun\u0103, pasager pe moped, au suferit leziuni corporale u\u015foare \u015fi au fost transporta\u0163i la spitalul din Blaj unde au primit \u00eengrijiri medicale.<\/p>\n<p>Conduc\u0103torul autoturismului a fost testat cu aparatul etilotest, rezultatul fiind negativ.<\/p>\n","protected":false},"excerpt":{"rendered":"<p>Un accident rutier s-a produs duminic\u0103, \u00een jurul orelor 22.20, \u00a0\u00een P\u0103nade la intersec\u0163ia DJ 107 cu DC 23 . Un t\u00e2n\u0103r \u00een v\u00e2rst\u0103 de 27 de ani a intrat \u00een coliziune cu un moped condus de un b\u0103rat \u00een v\u00e2rst\u0103 de 39 de ani.\u00a0 Poli\u0163ia Municipiului Blaj a fost sesizat\u0103 cu privire la faptul &hellip;<\/p>\n","protected":false},"author":17,"featured_media":16562,"comment_status":"open","ping_status":"open","sticky":false,"template":"","format":"standard","meta":{"inline_featured_image":false,"footnotes":""},"categories":[2034],"tags":[83,307,2684,2977,2445,2669,3718,458,1115,308,76],"class_list":["post-19709","post","type-post","status-publish","format-standard","has-post-thumbnail","hentry","category-social","tag-accident","tag-alba","tag-aparat-etilotest","tag-coliziune","tag-ingrijiri-medicale","tag-moped","tag-panade","tag-politisti","tag-soferi","tag-stiri","tag-urbea-mea"],"yoast_head":"<!-- This site is optimized with the Yoast SEO plugin v27.4 - https:\/\/yoast.com\/product\/yoast-seo-wordpress\/ -->\n<title>Dou\u0103 persoane, transportate la spital \u00een urma unui accident \u00een P\u0103nade - Revista Urbea Mea - Revista de Alba<\/title>\n<meta name=\"description\" content=\"Un accident rutier s-a produs duminic\u0103, \u00een jurul orelor 22.20, \u00a0\u00een P\u0103nade la intersec\u0163ia DJ 107 cu DC 23 . Un t\u00e2n\u0103r \u00een v\u00e2rst\u0103 de 27 de ani a intrat \u00een\" \/>\n<meta name=\"robots\" content=\"index, follow, max-snippet:-1, max-image-preview:large, max-video-preview:-1\" \/>\n<link rel=\"canonical\" href=\"https:\/\/urbeamea.ro\/albaiulia\/doua-persoane-transportate-la-spital-in-urma-unui-accident-in-panade\/\" \/>\n<meta name=\"twitter:card\" content=\"summary_large_image\" \/>\n<meta name=\"twitter:title\" content=\"Dou\u0103 persoane, transportate la spital \u00een urma unui accident \u00een P\u0103nade - Revista Urbea Mea - Revista de Alba\" \/>\n<meta name=\"twitter:description\" content=\"Un accident rutier s-a produs duminic\u0103, \u00een jurul orelor 22.20, \u00a0\u00een P\u0103nade la intersec\u0163ia DJ 107 cu DC 23 . Un t\u00e2n\u0103r \u00een v\u00e2rst\u0103 de 27 de ani a intrat \u00een\" \/>\n<meta name=\"twitter:image\" content=\"https:\/\/urbeamea.ro\/albaiulia\/wp-content\/uploads\/2016\/01\/Masina-de-politie.jpg\" \/>\n<meta name=\"twitter:creator\" content=\"@urbeameaweb\" \/>\n<meta name=\"twitter:site\" content=\"@urbeameaweb\" \/>\n<script type=\"application\/ld+json\" class=\"yoast-schema-graph\">{\"@context\":\"https:\\\/\\\/schema.org\",\"@graph\":[{\"@type\":\"Article\",\"@id\":\"https:\\\/\\\/urbeamea.ro\\\/albaiulia\\\/doua-persoane-transportate-la-spital-in-urma-unui-accident-in-panade\\\/#article\",\"isPartOf\":{\"@id\":\"https:\\\/\\\/urbeamea.ro\\\/albaiulia\\\/doua-persoane-transportate-la-spital-in-urma-unui-accident-in-panade\\\/\"},\"author\":{\"name\":\"Cristina Ganga\",\"@id\":\"https:\\\/\\\/urbeamea.ro\\\/albaiulia\\\/#\\\/schema\\\/person\\\/9700d21fae21c4f038b0b56f4506264a\"},\"headline\":\"Dou\u0103 persoane, transportate la spital \u00een urma unui accident \u00een P\u0103nade\",\"datePublished\":\"2016-03-14T12:17:19+00:00\",\"mainEntityOfPage\":{\"@id\":\"https:\\\/\\\/urbeamea.ro\\\/albaiulia\\\/doua-persoane-transportate-la-spital-in-urma-unui-accident-in-panade\\\/\"},\"wordCount\":183,\"commentCount\":0,\"image\":{\"@id\":\"https:\\\/\\\/urbeamea.ro\\\/albaiulia\\\/doua-persoane-transportate-la-spital-in-urma-unui-accident-in-panade\\\/#primaryimage\"},\"thumbnailUrl\":\"https:\\\/\\\/urbeamea.ro\\\/albaiulia\\\/wp-content\\\/uploads\\\/2016\\\/01\\\/Masina-de-politie.jpg\",\"keywords\":[\"accident\",\"alba\",\"aparat etilotest\",\"coliziune\",\"ingrijiri medicale\",\"moped\",\"panade\",\"politisti\",\"soferi\",\"stiri\",\"Urbea Mea\"],\"articleSection\":[\"Social\"],\"inLanguage\":\"ro-RO\",\"potentialAction\":[{\"@type\":\"CommentAction\",\"name\":\"Comment\",\"target\":[\"https:\\\/\\\/urbeamea.ro\\\/albaiulia\\\/doua-persoane-transportate-la-spital-in-urma-unui-accident-in-panade\\\/#respond\"]}]},{\"@type\":\"WebPage\",\"@id\":\"https:\\\/\\\/urbeamea.ro\\\/albaiulia\\\/doua-persoane-transportate-la-spital-in-urma-unui-accident-in-panade\\\/\",\"url\":\"https:\\\/\\\/urbeamea.ro\\\/albaiulia\\\/doua-persoane-transportate-la-spital-in-urma-unui-accident-in-panade\\\/\",\"name\":\"Dou\u0103 persoane, transportate la spital \u00een urma unui accident \u00een P\u0103nade - Revista Urbea Mea - Revista de Alba\",\"isPartOf\":{\"@id\":\"https:\\\/\\\/urbeamea.ro\\\/albaiulia\\\/#website\"},\"primaryImageOfPage\":{\"@id\":\"https:\\\/\\\/urbeamea.ro\\\/albaiulia\\\/doua-persoane-transportate-la-spital-in-urma-unui-accident-in-panade\\\/#primaryimage\"},\"image\":{\"@id\":\"https:\\\/\\\/urbeamea.ro\\\/albaiulia\\\/doua-persoane-transportate-la-spital-in-urma-unui-accident-in-panade\\\/#primaryimage\"},\"thumbnailUrl\":\"https:\\\/\\\/urbeamea.ro\\\/albaiulia\\\/wp-content\\\/uploads\\\/2016\\\/01\\\/Masina-de-politie.jpg\",\"datePublished\":\"2016-03-14T12:17:19+00:00\",\"author\":{\"@id\":\"https:\\\/\\\/urbeamea.ro\\\/albaiulia\\\/#\\\/schema\\\/person\\\/9700d21fae21c4f038b0b56f4506264a\"},\"description\":\"Un accident rutier s-a produs duminic\u0103, \u00een jurul orelor 22.20, \u00a0\u00een P\u0103nade la intersec\u0163ia DJ 107 cu DC 23 . Un t\u00e2n\u0103r \u00een v\u00e2rst\u0103 de 27 de ani a intrat \u00een\",\"breadcrumb\":{\"@id\":\"https:\\\/\\\/urbeamea.ro\\\/albaiulia\\\/doua-persoane-transportate-la-spital-in-urma-unui-accident-in-panade\\\/#breadcrumb\"},\"inLanguage\":\"ro-RO\",\"potentialAction\":[{\"@type\":\"ReadAction\",\"target\":[\"https:\\\/\\\/urbeamea.ro\\\/albaiulia\\\/doua-persoane-transportate-la-spital-in-urma-unui-accident-in-panade\\\/\"]}]},{\"@type\":\"ImageObject\",\"inLanguage\":\"ro-RO\",\"@id\":\"https:\\\/\\\/urbeamea.ro\\\/albaiulia\\\/doua-persoane-transportate-la-spital-in-urma-unui-accident-in-panade\\\/#primaryimage\",\"url\":\"https:\\\/\\\/urbeamea.ro\\\/albaiulia\\\/wp-content\\\/uploads\\\/2016\\\/01\\\/Masina-de-politie.jpg\",\"contentUrl\":\"https:\\\/\\\/urbeamea.ro\\\/albaiulia\\\/wp-content\\\/uploads\\\/2016\\\/01\\\/Masina-de-politie.jpg\",\"width\":640,\"height\":426},{\"@type\":\"BreadcrumbList\",\"@id\":\"https:\\\/\\\/urbeamea.ro\\\/albaiulia\\\/doua-persoane-transportate-la-spital-in-urma-unui-accident-in-panade\\\/#breadcrumb\",\"itemListElement\":[{\"@type\":\"ListItem\",\"position\":1,\"name\":\"Prima pagin\u0103\",\"item\":\"https:\\\/\\\/urbeamea.ro\\\/albaiulia\\\/\"},{\"@type\":\"ListItem\",\"position\":2,\"name\":\"Dou\u0103 persoane, transportate la spital \u00een urma unui accident \u00een P\u0103nade\"}]},{\"@type\":\"WebSite\",\"@id\":\"https:\\\/\\\/urbeamea.ro\\\/albaiulia\\\/#website\",\"url\":\"https:\\\/\\\/urbeamea.ro\\\/albaiulia\\\/\",\"name\":\"Revista Urbea Mea, Stiri urbane\",\"description\":\"Evenimente \u0219i \u0219tiri din Alba Iulia, Sebe\u0219, Aiud, Blaj\",\"potentialAction\":[{\"@type\":\"SearchAction\",\"target\":{\"@type\":\"EntryPoint\",\"urlTemplate\":\"https:\\\/\\\/urbeamea.ro\\\/albaiulia\\\/?s={search_term_string}\"},\"query-input\":{\"@type\":\"PropertyValueSpecification\",\"valueRequired\":true,\"valueName\":\"search_term_string\"}}],\"inLanguage\":\"ro-RO\"},{\"@type\":\"Person\",\"@id\":\"https:\\\/\\\/urbeamea.ro\\\/albaiulia\\\/#\\\/schema\\\/person\\\/9700d21fae21c4f038b0b56f4506264a\",\"name\":\"Cristina Ganga\",\"image\":{\"@type\":\"ImageObject\",\"inLanguage\":\"ro-RO\",\"@id\":\"https:\\\/\\\/secure.gravatar.com\\\/avatar\\\/5a67661041f057b4a8ccaf26f5a8e86e2689372006d01faf3dd9eeb10b654bb4?s=96&d=mm&r=g\",\"url\":\"https:\\\/\\\/secure.gravatar.com\\\/avatar\\\/5a67661041f057b4a8ccaf26f5a8e86e2689372006d01faf3dd9eeb10b654bb4?s=96&d=mm&r=g\",\"contentUrl\":\"https:\\\/\\\/secure.gravatar.com\\\/avatar\\\/5a67661041f057b4a8ccaf26f5a8e86e2689372006d01faf3dd9eeb10b654bb4?s=96&d=mm&r=g\",\"caption\":\"Cristina Ganga\"},\"description\":\"Jurnalist\",\"sameAs\":[\"https:\\\/\\\/www.facebook.com\\\/cristina.nicola.587\"],\"url\":\"https:\\\/\\\/urbeamea.ro\\\/albaiulia\\\/author\\\/cristina-nicola\\\/\"}]}<\/script>\n<!-- \/ Yoast SEO plugin. -->","yoast_head_json":{"title":"Dou\u0103 persoane, transportate la spital \u00een urma unui accident \u00een P\u0103nade - Revista Urbea Mea - Revista de Alba","description":"Un accident rutier s-a produs duminic\u0103, \u00een jurul orelor 22.20, \u00a0\u00een P\u0103nade la intersec\u0163ia DJ 107 cu DC 23 . Un t\u00e2n\u0103r \u00een v\u00e2rst\u0103 de 27 de ani a intrat \u00een","robots":{"index":"index","follow":"follow","max-snippet":"max-snippet:-1","max-image-preview":"max-image-preview:large","max-video-preview":"max-video-preview:-1"},"canonical":"https:\/\/urbeamea.ro\/albaiulia\/doua-persoane-transportate-la-spital-in-urma-unui-accident-in-panade\/","twitter_card":"summary_large_image","twitter_title":"Dou\u0103 persoane, transportate la spital \u00een urma unui accident \u00een P\u0103nade - Revista Urbea Mea - Revista de Alba","twitter_description":"Un accident rutier s-a produs duminic\u0103, \u00een jurul orelor 22.20, \u00a0\u00een P\u0103nade la intersec\u0163ia DJ 107 cu DC 23 . Un t\u00e2n\u0103r \u00een v\u00e2rst\u0103 de 27 de ani a intrat \u00een","twitter_image":"https:\/\/urbeamea.ro\/albaiulia\/wp-content\/uploads\/2016\/01\/Masina-de-politie.jpg","twitter_creator":"@urbeameaweb","twitter_site":"@urbeameaweb","schema":{"@context":"https:\/\/schema.org","@graph":[{"@type":"Article","@id":"https:\/\/urbeamea.ro\/albaiulia\/doua-persoane-transportate-la-spital-in-urma-unui-accident-in-panade\/#article","isPartOf":{"@id":"https:\/\/urbeamea.ro\/albaiulia\/doua-persoane-transportate-la-spital-in-urma-unui-accident-in-panade\/"},"author":{"name":"Cristina Ganga","@id":"https:\/\/urbeamea.ro\/albaiulia\/#\/schema\/person\/9700d21fae21c4f038b0b56f4506264a"},"headline":"Dou\u0103 persoane, transportate la spital \u00een urma unui accident \u00een P\u0103nade","datePublished":"2016-03-14T12:17:19+00:00","mainEntityOfPage":{"@id":"https:\/\/urbeamea.ro\/albaiulia\/doua-persoane-transportate-la-spital-in-urma-unui-accident-in-panade\/"},"wordCount":183,"commentCount":0,"image":{"@id":"https:\/\/urbeamea.ro\/albaiulia\/doua-persoane-transportate-la-spital-in-urma-unui-accident-in-panade\/#primaryimage"},"thumbnailUrl":"https:\/\/urbeamea.ro\/albaiulia\/wp-content\/uploads\/2016\/01\/Masina-de-politie.jpg","keywords":["accident","alba","aparat etilotest","coliziune","ingrijiri medicale","moped","panade","politisti","soferi","stiri","Urbea Mea"],"articleSection":["Social"],"inLanguage":"ro-RO","potentialAction":[{"@type":"CommentAction","name":"Comment","target":["https:\/\/urbeamea.ro\/albaiulia\/doua-persoane-transportate-la-spital-in-urma-unui-accident-in-panade\/#respond"]}]},{"@type":"WebPage","@id":"https:\/\/urbeamea.ro\/albaiulia\/doua-persoane-transportate-la-spital-in-urma-unui-accident-in-panade\/","url":"https:\/\/urbeamea.ro\/albaiulia\/doua-persoane-transportate-la-spital-in-urma-unui-accident-in-panade\/","name":"Dou\u0103 persoane, transportate la spital \u00een urma unui accident \u00een P\u0103nade - Revista Urbea Mea - Revista de Alba","isPartOf":{"@id":"https:\/\/urbeamea.ro\/albaiulia\/#website"},"primaryImageOfPage":{"@id":"https:\/\/urbeamea.ro\/albaiulia\/doua-persoane-transportate-la-spital-in-urma-unui-accident-in-panade\/#primaryimage"},"image":{"@id":"https:\/\/urbeamea.ro\/albaiulia\/doua-persoane-transportate-la-spital-in-urma-unui-accident-in-panade\/#primaryimage"},"thumbnailUrl":"https:\/\/urbeamea.ro\/albaiulia\/wp-content\/uploads\/2016\/01\/Masina-de-politie.jpg","datePublished":"2016-03-14T12:17:19+00:00","author":{"@id":"https:\/\/urbeamea.ro\/albaiulia\/#\/schema\/person\/9700d21fae21c4f038b0b56f4506264a"},"description":"Un accident rutier s-a produs duminic\u0103, \u00een jurul orelor 22.20, \u00a0\u00een P\u0103nade la intersec\u0163ia DJ 107 cu DC 23 . Un t\u00e2n\u0103r \u00een v\u00e2rst\u0103 de 27 de ani a intrat \u00een","breadcrumb":{"@id":"https:\/\/urbeamea.ro\/albaiulia\/doua-persoane-transportate-la-spital-in-urma-unui-accident-in-panade\/#breadcrumb"},"inLanguage":"ro-RO","potentialAction":[{"@type":"ReadAction","target":["https:\/\/urbeamea.ro\/albaiulia\/doua-persoane-transportate-la-spital-in-urma-unui-accident-in-panade\/"]}]},{"@type":"ImageObject","inLanguage":"ro-RO","@id":"https:\/\/urbeamea.ro\/albaiulia\/doua-persoane-transportate-la-spital-in-urma-unui-accident-in-panade\/#primaryimage","url":"https:\/\/urbeamea.ro\/albaiulia\/wp-content\/uploads\/2016\/01\/Masina-de-politie.jpg","contentUrl":"https:\/\/urbeamea.ro\/albaiulia\/wp-content\/uploads\/2016\/01\/Masina-de-politie.jpg","width":640,"height":426},{"@type":"BreadcrumbList","@id":"https:\/\/urbeamea.ro\/albaiulia\/doua-persoane-transportate-la-spital-in-urma-unui-accident-in-panade\/#breadcrumb","itemListElement":[{"@type":"ListItem","position":1,"name":"Prima pagin\u0103","item":"https:\/\/urbeamea.ro\/albaiulia\/"},{"@type":"ListItem","position":2,"name":"Dou\u0103 persoane, transportate la spital \u00een urma unui accident \u00een P\u0103nade"}]},{"@type":"WebSite","@id":"https:\/\/urbeamea.ro\/albaiulia\/#website","url":"https:\/\/urbeamea.ro\/albaiulia\/","name":"Revista Urbea Mea, Stiri urbane","description":"Evenimente \u0219i \u0219tiri din Alba Iulia, Sebe\u0219, Aiud, Blaj","potentialAction":[{"@type":"SearchAction","target":{"@type":"EntryPoint","urlTemplate":"https:\/\/urbeamea.ro\/albaiulia\/?s={search_term_string}"},"query-input":{"@type":"PropertyValueSpecification","valueRequired":true,"valueName":"search_term_string"}}],"inLanguage":"ro-RO"},{"@type":"Person","@id":"https:\/\/urbeamea.ro\/albaiulia\/#\/schema\/person\/9700d21fae21c4f038b0b56f4506264a","name":"Cristina Ganga","image":{"@type":"ImageObject","inLanguage":"ro-RO","@id":"https:\/\/secure.gravatar.com\/avatar\/5a67661041f057b4a8ccaf26f5a8e86e2689372006d01faf3dd9eeb10b654bb4?s=96&d=mm&r=g","url":"https:\/\/secure.gravatar.com\/avatar\/5a67661041f057b4a8ccaf26f5a8e86e2689372006d01faf3dd9eeb10b654bb4?s=96&d=mm&r=g","contentUrl":"https:\/\/secure.gravatar.com\/avatar\/5a67661041f057b4a8ccaf26f5a8e86e2689372006d01faf3dd9eeb10b654bb4?s=96&d=mm&r=g","caption":"Cristina Ganga"},"description":"Jurnalist","sameAs":["https:\/\/www.facebook.com\/cristina.nicola.587"],"url":"https:\/\/urbeamea.ro\/albaiulia\/author\/cristina-nicola\/"}]}},"_links":{"self":[{"href":"https:\/\/urbeamea.ro\/albaiulia\/wp-json\/wp\/v2\/posts\/19709","targetHints":{"allow":["GET"]}}],"collection":[{"href":"https:\/\/urbeamea.ro\/albaiulia\/wp-json\/wp\/v2\/posts"}],"about":[{"href":"https:\/\/urbeamea.ro\/albaiulia\/wp-json\/wp\/v2\/types\/post"}],"author":[{"embeddable":true,"href":"https:\/\/urbeamea.ro\/albaiulia\/wp-json\/wp\/v2\/users\/17"}],"replies":[{"embeddable":true,"href":"https:\/\/urbeamea.ro\/albaiulia\/wp-json\/wp\/v2\/comments?post=19709"}],"version-history":[{"count":0,"href":"https:\/\/urbeamea.ro\/albaiulia\/wp-json\/wp\/v2\/posts\/19709\/revisions"}],"wp:featuredmedia":[{"embeddable":true,"href":"https:\/\/urbeamea.ro\/albaiulia\/wp-json\/wp\/v2\/media\/16562"}],"wp:attachment":[{"href":"https:\/\/urbeamea.ro\/albaiulia\/wp-json\/wp\/v2\/media?parent=19709"}],"wp:term":[{"taxonomy":"category","embeddable":true,"href":"https:\/\/urbeamea.ro\/albaiulia\/wp-json\/wp\/v2\/categories?post=19709"},{"taxonomy":"post_tag","embeddable":true,"href":"https:\/\/urbeamea.ro\/albaiulia\/wp-json\/wp\/v2\/tags?post=19709"}],"curies":[{"name":"wp","href":"https:\/\/api.w.org\/{rel}","templated":true}]}}