{"id":19711,"date":"2016-03-14T14:29:25","date_gmt":"2016-03-14T12:29:25","guid":{"rendered":"http:\/\/urbeamea.ro\/albaiulia\/?p=19711"},"modified":"2016-03-14T14:29:25","modified_gmt":"2016-03-14T12:29:25","slug":"37-de-metri-cubi-de-material-lemnos-confiscati-de-politistii-din-zlatna","status":"publish","type":"post","link":"https:\/\/urbeamea.ro\/albaiulia\/37-de-metri-cubi-de-material-lemnos-confiscati-de-politistii-din-zlatna\/","title":{"rendered":"37 de metri cubi de material lemnos confisca\u0163i de poli\u021bi\u0219tii din Zlatna"},"content":{"rendered":"<p><strong><img loading=\"lazy\" decoding=\"async\" class=\"size-medium wp-image-17560 alignleft\" src=\"http:\/\/urbeamea.ro\/albaiulia\/wp-content\/uploads\/2016\/02\/lemn-300x263.jpg\" alt=\"lemn\" width=\"300\" height=\"263\" \/>Poli\u0163i\u015ftii din Zlatna au confiscat peste 37 de metri cubi de material lemnos, vineri, \u00een urma unui control \u00een trafic. \u015eoferul autoutilitarei, un b\u0103rbat de 54 de ani din jude\u021bul Hunedoara, a fost amendat, iar \u00eentreaga cantitate de material lemnos a fost confiscat\u0103.<\/strong><\/p>\n<p>La data de 11 martie, \u00een jurul orei 15.30, poli\u0163i\u015ftii din Zlatna au oprit, pentru control, o autoutilitar\u0103 cu semiremorc\u0103, \u00eenc\u0103rcat\u0103 cu 37,9 metri cubi de material lemnos, condus\u0103 de un b\u0103rbat de 54 de ani, din Buce\u015f, jude\u0163ul Hunedoara.<\/p>\n<p>Cu ocazia verific\u0103rilor efectuate, poli\u0163i\u015ftii au constatat c\u0103 datele din documentele de \u00eenso\u0163ire ale materialului lemnos, prezentate de \u015foferul autoutilitarei, nu corespundeau, din punct de vedere cantitativ, cu volumul materialului lemnos transportat.<\/p>\n<p>Fa\u0163\u0103 de conduc\u0103torul auto a fost luat\u0103 m\u0103sura sanc\u021bion\u0103rii contraven\u0163ionale, \u00een conformitate cu prevederile Legii 171\/2010 privind stabilirea \u015fi aplicarea contraven\u0163iilor silvice, iar cantitatea de 37,9 metri cubi de material lemnos a fost confiscat\u0103.<\/p>\n","protected":false},"excerpt":{"rendered":"<p>Poli\u0163i\u015ftii din Zlatna au confiscat peste 37 de metri cubi de material lemnos, vineri, \u00een urma unui control \u00een trafic. \u015eoferul autoutilitarei, un b\u0103rbat de 54 de ani din jude\u021bul Hunedoara, a fost amendat, iar \u00eentreaga cantitate de material lemnos a fost confiscat\u0103. La data de 11 martie, \u00een jurul orei 15.30, poli\u0163i\u015ftii din Zlatna &hellip;<\/p>\n","protected":false},"author":17,"featured_media":17560,"comment_status":"open","ping_status":"open","sticky":false,"template":"","format":"standard","meta":{"inline_featured_image":false,"footnotes":""},"categories":[2034],"tags":[307,3719,2425,3353,2422,458,3190,308,957,76,1274],"class_list":["post-19711","post","type-post","status-publish","format-standard","has-post-thumbnail","hentry","category-social","tag-alba","tag-buces","tag-control","tag-hunedoara","tag-material-lemnos","tag-politisti","tag-sanctiuni-contraventionale","tag-stiri","tag-trafic","tag-urbea-mea","tag-zlatna"],"yoast_head":"<!-- This site is optimized with the Yoast SEO plugin v27.4 - https:\/\/yoast.com\/product\/yoast-seo-wordpress\/ -->\n<title>37 de metri cubi de material lemnos confisca\u0163i de poli\u021bi\u0219tii din Zlatna - Revista Urbea Mea - Revista de Alba<\/title>\n<meta name=\"description\" content=\"Poli\u0163i\u015ftii din Zlatna au confiscat peste 37 de metri cubi de material lemnos, vineri, \u00een urma unui control \u00een trafic. \u015eoferul autoutilitarei, un b\u0103rbat de\" \/>\n<meta name=\"robots\" content=\"index, follow, max-snippet:-1, max-image-preview:large, max-video-preview:-1\" \/>\n<link rel=\"canonical\" href=\"https:\/\/urbeamea.ro\/albaiulia\/37-de-metri-cubi-de-material-lemnos-confiscati-de-politistii-din-zlatna\/\" \/>\n<meta name=\"twitter:card\" content=\"summary_large_image\" \/>\n<meta name=\"twitter:title\" content=\"37 de metri cubi de material lemnos confisca\u0163i de poli\u021bi\u0219tii din Zlatna - Revista Urbea Mea - Revista de Alba\" \/>\n<meta name=\"twitter:description\" content=\"Poli\u0163i\u015ftii din Zlatna au confiscat peste 37 de metri cubi de material lemnos, vineri, \u00een urma unui control \u00een trafic. \u015eoferul autoutilitarei, un b\u0103rbat de\" \/>\n<meta name=\"twitter:image\" content=\"https:\/\/urbeamea.ro\/albaiulia\/wp-content\/uploads\/2016\/02\/lemn.jpg\" \/>\n<meta name=\"twitter:creator\" content=\"@urbeameaweb\" \/>\n<meta name=\"twitter:site\" content=\"@urbeameaweb\" \/>\n<script type=\"application\/ld+json\" class=\"yoast-schema-graph\">{\"@context\":\"https:\\\/\\\/schema.org\",\"@graph\":[{\"@type\":\"Article\",\"@id\":\"https:\\\/\\\/urbeamea.ro\\\/albaiulia\\\/37-de-metri-cubi-de-material-lemnos-confiscati-de-politistii-din-zlatna\\\/#article\",\"isPartOf\":{\"@id\":\"https:\\\/\\\/urbeamea.ro\\\/albaiulia\\\/37-de-metri-cubi-de-material-lemnos-confiscati-de-politistii-din-zlatna\\\/\"},\"author\":{\"name\":\"Cristina Ganga\",\"@id\":\"https:\\\/\\\/urbeamea.ro\\\/albaiulia\\\/#\\\/schema\\\/person\\\/9700d21fae21c4f038b0b56f4506264a\"},\"headline\":\"37 de metri cubi de material lemnos confisca\u0163i de poli\u021bi\u0219tii din Zlatna\",\"datePublished\":\"2016-03-14T12:29:25+00:00\",\"mainEntityOfPage\":{\"@id\":\"https:\\\/\\\/urbeamea.ro\\\/albaiulia\\\/37-de-metri-cubi-de-material-lemnos-confiscati-de-politistii-din-zlatna\\\/\"},\"wordCount\":174,\"commentCount\":0,\"image\":{\"@id\":\"https:\\\/\\\/urbeamea.ro\\\/albaiulia\\\/37-de-metri-cubi-de-material-lemnos-confiscati-de-politistii-din-zlatna\\\/#primaryimage\"},\"thumbnailUrl\":\"https:\\\/\\\/urbeamea.ro\\\/albaiulia\\\/wp-content\\\/uploads\\\/2016\\\/02\\\/lemn.jpg\",\"keywords\":[\"alba\",\"buces\",\"control\",\"Hunedoara\",\"material lemnos\",\"politisti\",\"sanctiuni contraventionale\",\"stiri\",\"trafic\",\"Urbea Mea\",\"zlatna\"],\"articleSection\":[\"Social\"],\"inLanguage\":\"ro-RO\",\"potentialAction\":[{\"@type\":\"CommentAction\",\"name\":\"Comment\",\"target\":[\"https:\\\/\\\/urbeamea.ro\\\/albaiulia\\\/37-de-metri-cubi-de-material-lemnos-confiscati-de-politistii-din-zlatna\\\/#respond\"]}]},{\"@type\":\"WebPage\",\"@id\":\"https:\\\/\\\/urbeamea.ro\\\/albaiulia\\\/37-de-metri-cubi-de-material-lemnos-confiscati-de-politistii-din-zlatna\\\/\",\"url\":\"https:\\\/\\\/urbeamea.ro\\\/albaiulia\\\/37-de-metri-cubi-de-material-lemnos-confiscati-de-politistii-din-zlatna\\\/\",\"name\":\"37 de metri cubi de material lemnos confisca\u0163i de poli\u021bi\u0219tii din Zlatna - Revista Urbea Mea - Revista de Alba\",\"isPartOf\":{\"@id\":\"https:\\\/\\\/urbeamea.ro\\\/albaiulia\\\/#website\"},\"primaryImageOfPage\":{\"@id\":\"https:\\\/\\\/urbeamea.ro\\\/albaiulia\\\/37-de-metri-cubi-de-material-lemnos-confiscati-de-politistii-din-zlatna\\\/#primaryimage\"},\"image\":{\"@id\":\"https:\\\/\\\/urbeamea.ro\\\/albaiulia\\\/37-de-metri-cubi-de-material-lemnos-confiscati-de-politistii-din-zlatna\\\/#primaryimage\"},\"thumbnailUrl\":\"https:\\\/\\\/urbeamea.ro\\\/albaiulia\\\/wp-content\\\/uploads\\\/2016\\\/02\\\/lemn.jpg\",\"datePublished\":\"2016-03-14T12:29:25+00:00\",\"author\":{\"@id\":\"https:\\\/\\\/urbeamea.ro\\\/albaiulia\\\/#\\\/schema\\\/person\\\/9700d21fae21c4f038b0b56f4506264a\"},\"description\":\"Poli\u0163i\u015ftii din Zlatna au confiscat peste 37 de metri cubi de material lemnos, vineri, \u00een urma unui control \u00een trafic. \u015eoferul autoutilitarei, un b\u0103rbat de\",\"breadcrumb\":{\"@id\":\"https:\\\/\\\/urbeamea.ro\\\/albaiulia\\\/37-de-metri-cubi-de-material-lemnos-confiscati-de-politistii-din-zlatna\\\/#breadcrumb\"},\"inLanguage\":\"ro-RO\",\"potentialAction\":[{\"@type\":\"ReadAction\",\"target\":[\"https:\\\/\\\/urbeamea.ro\\\/albaiulia\\\/37-de-metri-cubi-de-material-lemnos-confiscati-de-politistii-din-zlatna\\\/\"]}]},{\"@type\":\"ImageObject\",\"inLanguage\":\"ro-RO\",\"@id\":\"https:\\\/\\\/urbeamea.ro\\\/albaiulia\\\/37-de-metri-cubi-de-material-lemnos-confiscati-de-politistii-din-zlatna\\\/#primaryimage\",\"url\":\"https:\\\/\\\/urbeamea.ro\\\/albaiulia\\\/wp-content\\\/uploads\\\/2016\\\/02\\\/lemn.jpg\",\"contentUrl\":\"https:\\\/\\\/urbeamea.ro\\\/albaiulia\\\/wp-content\\\/uploads\\\/2016\\\/02\\\/lemn.jpg\",\"width\":640,\"height\":560},{\"@type\":\"BreadcrumbList\",\"@id\":\"https:\\\/\\\/urbeamea.ro\\\/albaiulia\\\/37-de-metri-cubi-de-material-lemnos-confiscati-de-politistii-din-zlatna\\\/#breadcrumb\",\"itemListElement\":[{\"@type\":\"ListItem\",\"position\":1,\"name\":\"Prima pagin\u0103\",\"item\":\"https:\\\/\\\/urbeamea.ro\\\/albaiulia\\\/\"},{\"@type\":\"ListItem\",\"position\":2,\"name\":\"37 de metri cubi de material lemnos confisca\u0163i de poli\u021bi\u0219tii din Zlatna\"}]},{\"@type\":\"WebSite\",\"@id\":\"https:\\\/\\\/urbeamea.ro\\\/albaiulia\\\/#website\",\"url\":\"https:\\\/\\\/urbeamea.ro\\\/albaiulia\\\/\",\"name\":\"Revista Urbea Mea, Stiri urbane\",\"description\":\"Evenimente \u0219i \u0219tiri din Alba Iulia, Sebe\u0219, Aiud, Blaj\",\"potentialAction\":[{\"@type\":\"SearchAction\",\"target\":{\"@type\":\"EntryPoint\",\"urlTemplate\":\"https:\\\/\\\/urbeamea.ro\\\/albaiulia\\\/?s={search_term_string}\"},\"query-input\":{\"@type\":\"PropertyValueSpecification\",\"valueRequired\":true,\"valueName\":\"search_term_string\"}}],\"inLanguage\":\"ro-RO\"},{\"@type\":\"Person\",\"@id\":\"https:\\\/\\\/urbeamea.ro\\\/albaiulia\\\/#\\\/schema\\\/person\\\/9700d21fae21c4f038b0b56f4506264a\",\"name\":\"Cristina Ganga\",\"image\":{\"@type\":\"ImageObject\",\"inLanguage\":\"ro-RO\",\"@id\":\"https:\\\/\\\/secure.gravatar.com\\\/avatar\\\/5a67661041f057b4a8ccaf26f5a8e86e2689372006d01faf3dd9eeb10b654bb4?s=96&d=mm&r=g\",\"url\":\"https:\\\/\\\/secure.gravatar.com\\\/avatar\\\/5a67661041f057b4a8ccaf26f5a8e86e2689372006d01faf3dd9eeb10b654bb4?s=96&d=mm&r=g\",\"contentUrl\":\"https:\\\/\\\/secure.gravatar.com\\\/avatar\\\/5a67661041f057b4a8ccaf26f5a8e86e2689372006d01faf3dd9eeb10b654bb4?s=96&d=mm&r=g\",\"caption\":\"Cristina Ganga\"},\"description\":\"Jurnalist\",\"sameAs\":[\"https:\\\/\\\/www.facebook.com\\\/cristina.nicola.587\"],\"url\":\"https:\\\/\\\/urbeamea.ro\\\/albaiulia\\\/author\\\/cristina-nicola\\\/\"}]}<\/script>\n<!-- \/ Yoast SEO plugin. -->","yoast_head_json":{"title":"37 de metri cubi de material lemnos confisca\u0163i de poli\u021bi\u0219tii din Zlatna - Revista Urbea Mea - Revista de Alba","description":"Poli\u0163i\u015ftii din Zlatna au confiscat peste 37 de metri cubi de material lemnos, vineri, \u00een urma unui control \u00een trafic. \u015eoferul autoutilitarei, un b\u0103rbat de","robots":{"index":"index","follow":"follow","max-snippet":"max-snippet:-1","max-image-preview":"max-image-preview:large","max-video-preview":"max-video-preview:-1"},"canonical":"https:\/\/urbeamea.ro\/albaiulia\/37-de-metri-cubi-de-material-lemnos-confiscati-de-politistii-din-zlatna\/","twitter_card":"summary_large_image","twitter_title":"37 de metri cubi de material lemnos confisca\u0163i de poli\u021bi\u0219tii din Zlatna - Revista Urbea Mea - Revista de Alba","twitter_description":"Poli\u0163i\u015ftii din Zlatna au confiscat peste 37 de metri cubi de material lemnos, vineri, \u00een urma unui control \u00een trafic. \u015eoferul autoutilitarei, un b\u0103rbat de","twitter_image":"https:\/\/urbeamea.ro\/albaiulia\/wp-content\/uploads\/2016\/02\/lemn.jpg","twitter_creator":"@urbeameaweb","twitter_site":"@urbeameaweb","schema":{"@context":"https:\/\/schema.org","@graph":[{"@type":"Article","@id":"https:\/\/urbeamea.ro\/albaiulia\/37-de-metri-cubi-de-material-lemnos-confiscati-de-politistii-din-zlatna\/#article","isPartOf":{"@id":"https:\/\/urbeamea.ro\/albaiulia\/37-de-metri-cubi-de-material-lemnos-confiscati-de-politistii-din-zlatna\/"},"author":{"name":"Cristina Ganga","@id":"https:\/\/urbeamea.ro\/albaiulia\/#\/schema\/person\/9700d21fae21c4f038b0b56f4506264a"},"headline":"37 de metri cubi de material lemnos confisca\u0163i de poli\u021bi\u0219tii din Zlatna","datePublished":"2016-03-14T12:29:25+00:00","mainEntityOfPage":{"@id":"https:\/\/urbeamea.ro\/albaiulia\/37-de-metri-cubi-de-material-lemnos-confiscati-de-politistii-din-zlatna\/"},"wordCount":174,"commentCount":0,"image":{"@id":"https:\/\/urbeamea.ro\/albaiulia\/37-de-metri-cubi-de-material-lemnos-confiscati-de-politistii-din-zlatna\/#primaryimage"},"thumbnailUrl":"https:\/\/urbeamea.ro\/albaiulia\/wp-content\/uploads\/2016\/02\/lemn.jpg","keywords":["alba","buces","control","Hunedoara","material lemnos","politisti","sanctiuni contraventionale","stiri","trafic","Urbea Mea","zlatna"],"articleSection":["Social"],"inLanguage":"ro-RO","potentialAction":[{"@type":"CommentAction","name":"Comment","target":["https:\/\/urbeamea.ro\/albaiulia\/37-de-metri-cubi-de-material-lemnos-confiscati-de-politistii-din-zlatna\/#respond"]}]},{"@type":"WebPage","@id":"https:\/\/urbeamea.ro\/albaiulia\/37-de-metri-cubi-de-material-lemnos-confiscati-de-politistii-din-zlatna\/","url":"https:\/\/urbeamea.ro\/albaiulia\/37-de-metri-cubi-de-material-lemnos-confiscati-de-politistii-din-zlatna\/","name":"37 de metri cubi de material lemnos confisca\u0163i de poli\u021bi\u0219tii din Zlatna - Revista Urbea Mea - Revista de Alba","isPartOf":{"@id":"https:\/\/urbeamea.ro\/albaiulia\/#website"},"primaryImageOfPage":{"@id":"https:\/\/urbeamea.ro\/albaiulia\/37-de-metri-cubi-de-material-lemnos-confiscati-de-politistii-din-zlatna\/#primaryimage"},"image":{"@id":"https:\/\/urbeamea.ro\/albaiulia\/37-de-metri-cubi-de-material-lemnos-confiscati-de-politistii-din-zlatna\/#primaryimage"},"thumbnailUrl":"https:\/\/urbeamea.ro\/albaiulia\/wp-content\/uploads\/2016\/02\/lemn.jpg","datePublished":"2016-03-14T12:29:25+00:00","author":{"@id":"https:\/\/urbeamea.ro\/albaiulia\/#\/schema\/person\/9700d21fae21c4f038b0b56f4506264a"},"description":"Poli\u0163i\u015ftii din Zlatna au confiscat peste 37 de metri cubi de material lemnos, vineri, \u00een urma unui control \u00een trafic. \u015eoferul autoutilitarei, un b\u0103rbat de","breadcrumb":{"@id":"https:\/\/urbeamea.ro\/albaiulia\/37-de-metri-cubi-de-material-lemnos-confiscati-de-politistii-din-zlatna\/#breadcrumb"},"inLanguage":"ro-RO","potentialAction":[{"@type":"ReadAction","target":["https:\/\/urbeamea.ro\/albaiulia\/37-de-metri-cubi-de-material-lemnos-confiscati-de-politistii-din-zlatna\/"]}]},{"@type":"ImageObject","inLanguage":"ro-RO","@id":"https:\/\/urbeamea.ro\/albaiulia\/37-de-metri-cubi-de-material-lemnos-confiscati-de-politistii-din-zlatna\/#primaryimage","url":"https:\/\/urbeamea.ro\/albaiulia\/wp-content\/uploads\/2016\/02\/lemn.jpg","contentUrl":"https:\/\/urbeamea.ro\/albaiulia\/wp-content\/uploads\/2016\/02\/lemn.jpg","width":640,"height":560},{"@type":"BreadcrumbList","@id":"https:\/\/urbeamea.ro\/albaiulia\/37-de-metri-cubi-de-material-lemnos-confiscati-de-politistii-din-zlatna\/#breadcrumb","itemListElement":[{"@type":"ListItem","position":1,"name":"Prima pagin\u0103","item":"https:\/\/urbeamea.ro\/albaiulia\/"},{"@type":"ListItem","position":2,"name":"37 de metri cubi de material lemnos confisca\u0163i de poli\u021bi\u0219tii din Zlatna"}]},{"@type":"WebSite","@id":"https:\/\/urbeamea.ro\/albaiulia\/#website","url":"https:\/\/urbeamea.ro\/albaiulia\/","name":"Revista Urbea Mea, Stiri urbane","description":"Evenimente \u0219i \u0219tiri din Alba Iulia, Sebe\u0219, Aiud, Blaj","potentialAction":[{"@type":"SearchAction","target":{"@type":"EntryPoint","urlTemplate":"https:\/\/urbeamea.ro\/albaiulia\/?s={search_term_string}"},"query-input":{"@type":"PropertyValueSpecification","valueRequired":true,"valueName":"search_term_string"}}],"inLanguage":"ro-RO"},{"@type":"Person","@id":"https:\/\/urbeamea.ro\/albaiulia\/#\/schema\/person\/9700d21fae21c4f038b0b56f4506264a","name":"Cristina Ganga","image":{"@type":"ImageObject","inLanguage":"ro-RO","@id":"https:\/\/secure.gravatar.com\/avatar\/5a67661041f057b4a8ccaf26f5a8e86e2689372006d01faf3dd9eeb10b654bb4?s=96&d=mm&r=g","url":"https:\/\/secure.gravatar.com\/avatar\/5a67661041f057b4a8ccaf26f5a8e86e2689372006d01faf3dd9eeb10b654bb4?s=96&d=mm&r=g","contentUrl":"https:\/\/secure.gravatar.com\/avatar\/5a67661041f057b4a8ccaf26f5a8e86e2689372006d01faf3dd9eeb10b654bb4?s=96&d=mm&r=g","caption":"Cristina Ganga"},"description":"Jurnalist","sameAs":["https:\/\/www.facebook.com\/cristina.nicola.587"],"url":"https:\/\/urbeamea.ro\/albaiulia\/author\/cristina-nicola\/"}]}},"_links":{"self":[{"href":"https:\/\/urbeamea.ro\/albaiulia\/wp-json\/wp\/v2\/posts\/19711","targetHints":{"allow":["GET"]}}],"collection":[{"href":"https:\/\/urbeamea.ro\/albaiulia\/wp-json\/wp\/v2\/posts"}],"about":[{"href":"https:\/\/urbeamea.ro\/albaiulia\/wp-json\/wp\/v2\/types\/post"}],"author":[{"embeddable":true,"href":"https:\/\/urbeamea.ro\/albaiulia\/wp-json\/wp\/v2\/users\/17"}],"replies":[{"embeddable":true,"href":"https:\/\/urbeamea.ro\/albaiulia\/wp-json\/wp\/v2\/comments?post=19711"}],"version-history":[{"count":0,"href":"https:\/\/urbeamea.ro\/albaiulia\/wp-json\/wp\/v2\/posts\/19711\/revisions"}],"wp:featuredmedia":[{"embeddable":true,"href":"https:\/\/urbeamea.ro\/albaiulia\/wp-json\/wp\/v2\/media\/17560"}],"wp:attachment":[{"href":"https:\/\/urbeamea.ro\/albaiulia\/wp-json\/wp\/v2\/media?parent=19711"}],"wp:term":[{"taxonomy":"category","embeddable":true,"href":"https:\/\/urbeamea.ro\/albaiulia\/wp-json\/wp\/v2\/categories?post=19711"},{"taxonomy":"post_tag","embeddable":true,"href":"https:\/\/urbeamea.ro\/albaiulia\/wp-json\/wp\/v2\/tags?post=19711"}],"curies":[{"name":"wp","href":"https:\/\/api.w.org\/{rel}","templated":true}]}}