{"id":19773,"date":"2016-03-15T14:00:25","date_gmt":"2016-03-15T12:00:25","guid":{"rendered":"http:\/\/urbeamea.ro\/albaiulia\/?p=19773"},"modified":"2016-03-15T14:00:25","modified_gmt":"2016-03-15T12:00:25","slug":"ioan-nicolae-cabulea-seful-inspectoratului-judetean-de-politie-alba-se-pensioneaza","status":"publish","type":"post","link":"https:\/\/urbeamea.ro\/albaiulia\/ioan-nicolae-cabulea-seful-inspectoratului-judetean-de-politie-alba-se-pensioneaza\/","title":{"rendered":"Ioan Nicolae C\u0103bulea, \u0219eful Inspectoratului Jude\u021bean de Poli\u0163ie Alba se pensioneaz\u0103"},"content":{"rendered":"<p><strong><img loading=\"lazy\" decoding=\"async\" class=\"size-medium wp-image-19774 alignleft\" src=\"http:\/\/urbeamea.ro\/albaiulia\/wp-content\/uploads\/2016\/03\/cabulea_1-300x254.jpg\" alt=\"cabulea_1\" width=\"300\" height=\"254\" \/>\u00cen perioada urm\u0103toare, la MAI vin pension\u0103rile. Dintre aceste persoane fac parte \u015fi\u00a0chestorul principal de poli\u021bie, Ioan Nicolae C\u0103bulea, \u0219eful Inspectoratului Jude\u021bean Alba. Acesta a de\u021binut mai multe func\u021bii, printre care \u0219ef la IPJ Alba \u00een mai multe perioade sau adjunct al \u015fefului Departamentului Ordine \u015fi Siguran\u0163\u0103 Public\u0103 din cadrul MAI.<\/strong><\/p>\n<p>Anul acesta, Inspectoratul de Poli\u021bie Alba \u00ee\u0219i schimb\u0103 conducerea, dup\u0103 ce Ioan Nicolae C\u0103bulea a decis s\u0103 se pensioneze.<\/p>\n<p>Ioan Nicolae C\u0103bulea s-a n\u0103scut la 5 noiembrie 1956,\u00a0\u00een comuna Lup\u015fa, jude\u0163ul Alba. Este c\u0103s\u0103torit \u015fi are doi copii. A absolvit Academia de Poli\u0163ie, \u00een 1978 \u015fi\u00a0Facultatea de Drept, la Universitatea \u201eBabe\u015f-Bolyai\u201d Cluj Napoca, \u00een 1981. Este absolvent al mai multor cursuri de specializare, inclusiv la Colegiul \u015eefilor de Poli\u0163ie din Marea Britanie \u201ePolice Staff College\u201d, \u00een 1996.<\/p>\n<p>Chestorul principal de poli\u021bie \u00eempline\u015fte 60 de ani \u0219i de-a lungul timpului a avut diferite func\u021bii de conducere.<\/p>\n<p>Acesta a fost decorat de pre\u0219edintele Klaus Iohannis cu Ordinul \u201eB\u0103rb\u0103\u0163ie \u015fi Credin\u0163\u0103\u201d \u00een grad de Ofi\u0163er, \u00een luna februarie a anului trecut.<\/p>\n<p><strong>Ioan Nicolae C\u0103bulea \u015fi-a \u00eenceput cariera \u00een 1978<\/strong>, ca ofi\u0163er operativ la Poli\u0163ia Judiciar\u0103 din Alba Iulia. A ocupat apoi func\u0163iile de \u015fef al Poli\u0163iei Cugir (1982 \u2013 1985), \u015fef al Poli\u0163iei Municipiului Alba Iulia (1985-1990),\u00a0ofi\u0163er specialist la Serviciul de Investigare a Fraudelor (IPJ Alba, 1990-1991), revenind la conducerea Poli\u0163iei Alba Iulia, unde a fost adjunct (1991-1993) \u015fi apoi \u015fef (1993-1996).<\/p>\n<p>Totodat\u0103, a fost adjunct al \u015fefului IPJ Alba, \u00een perioada 1996-1997 \u015fi ulterior \u015fef al IPJ Alba, \u00een perioada 1997-1999.<\/p>\n<p>Din anul 1999 a preluat func\u0163ia de conducere la IPJ Gorj, apoi, din 2000, cea de adjunct al \u015fefului IPJ Hunedoara, p\u00e2n\u0103 \u00een 2001. \u00cen acest an, s-a \u00eentors la IPJ Alba, fiind prim-adjunct al \u015fefului inspectoratului, ofi\u0163er specialist la Serviciul Cercet\u0103ri Penale \u015fi la Serviciul Poli\u0163iei Judiciare.\u00a0 Apoi, p\u00e2n\u0103 \u00een 2005, a fost \u015fef al Serviciului Poli\u0163iei Transporturi \u2013 IPJ Alba.<\/p>\n<p>De la IPJ Alba a plecat \u00een 2005, ocup\u00e2nd, p\u00e2n\u0103 \u00een 2009, postul de inspector \u015fef la IPJ Mure\u015f. Din\u00a0octombrie 2009, a devenit adjunctul inspectorului general al Poli\u0163iei Rom\u00e2ne, p\u00e2n\u0103 \u00een luna decembrie\u00a0a aceluia\u015fi an, c\u00e2nd a avansat la Departamentul de Ordine \u015fi Siguran\u0163\u0103 Public\u0103 din MAI (adjunct al \u015fefului de departament).<\/p>\n<p>Ioan Nicolae C\u0103bulea s-a re\u00eentors la Alba, \u00een 2011, pe func\u0163ia de \u015fef al Inspectoratului de Poli\u0163ie Jude\u0163ean Alba, dup\u0103 ce postul de la conducerea institu\u0163iei a r\u0103mas vacant odat\u0103 cu plecarea comisarului \u015fef\u00a0Tudor Grindean la Bucure\u015fti, ca director de cabinet al \u015fefului Departamentului de Ordine \u015fi Siguran\u0163\u0103 Public\u0103 din cadrul MAI. Ulterior, Grindean a fost numit \u0219ef al Inspectoratului Jude\u021bean de Poli\u021bie Cluj.<\/p>\n<p>\u00cen perioada mai \u2013 noiembrie 2012, C\u0103bulea a fost secretar de stat, \u015fef al Departamentului Ordine \u015fi Siguran\u0163\u0103 Public\u0103 din cadrul MAI, apoi, din noiembrie 2012 secretar general adjunct la MAI \u015fi din februarie 2013 s-a \u00eentors pe func\u0163ia de conducere a IPJ Alba.<\/p>\n","protected":false},"excerpt":{"rendered":"<p>\u00cen perioada urm\u0103toare, la MAI vin pension\u0103rile. Dintre aceste persoane fac parte \u015fi\u00a0chestorul principal de poli\u021bie, Ioan Nicolae C\u0103bulea, \u0219eful Inspectoratului Jude\u021bean Alba. Acesta a de\u021binut mai multe func\u021bii, printre care \u0219ef la IPJ Alba \u00een mai multe perioade sau adjunct al \u015fefului Departamentului Ordine \u015fi Siguran\u0163\u0103 Public\u0103 din cadrul MAI. Anul acesta, Inspectoratul de &hellip;<\/p>\n","protected":false},"author":17,"featured_media":19774,"comment_status":"open","ping_status":"open","sticky":false,"template":"","format":"standard","meta":{"inline_featured_image":false,"footnotes":""},"categories":[1],"tags":[3776,2356,2355,3778,457,3779,3777,3781,3780,2206,76],"class_list":["post-19773","post","type-post","status-publish","format-standard","has-post-thumbnail","hentry","category-stiri-urbane","tag-chestor","tag-conducere","tag-functie","tag-ioan-nicolae-cabulea","tag-ipj-alba","tag-ofiter-operativ","tag-pensionare","tag-prim-adjunct-al-sefului","tag-sef-al-politiei","tag-stirir","tag-urbea-mea"],"yoast_head":"<!-- This site is optimized with the Yoast SEO plugin v28.3 - https:\/\/yoast.com\/product\/yoast-seo-wordpress\/ -->\n<title>Ioan Nicolae C\u0103bulea, \u0219eful Inspectoratului Jude\u021bean de Poli\u0163ie Alba se pensioneaz\u0103 - Revista Urbea Mea - Revista de Alba<\/title>\n<meta name=\"description\" content=\"\u00cen perioada urm\u0103toare, la MAI vin pension\u0103rile. Dintre aceste persoane fac parte \u015fi\u00a0chestorul principal de poli\u021bie, Ioan Nicolae C\u0103bulea, \u0219eful\" \/>\n<meta name=\"robots\" content=\"index, follow, max-snippet:-1, max-image-preview:large, max-video-preview:-1\" \/>\n<link rel=\"canonical\" href=\"https:\/\/urbeamea.ro\/albaiulia\/ioan-nicolae-cabulea-seful-inspectoratului-judetean-de-politie-alba-se-pensioneaza\/\" \/>\n<meta name=\"twitter:card\" content=\"summary_large_image\" \/>\n<meta name=\"twitter:title\" content=\"Ioan Nicolae C\u0103bulea, \u0219eful Inspectoratului Jude\u021bean de Poli\u0163ie Alba se pensioneaz\u0103 - Revista Urbea Mea - Revista de Alba\" \/>\n<meta name=\"twitter:description\" content=\"\u00cen perioada urm\u0103toare, la MAI vin pension\u0103rile. Dintre aceste persoane fac parte \u015fi\u00a0chestorul principal de poli\u021bie, Ioan Nicolae C\u0103bulea, \u0219eful\" \/>\n<meta name=\"twitter:image\" content=\"https:\/\/urbeamea.ro\/albaiulia\/wp-content\/uploads\/2016\/03\/cabulea_1.jpg\" \/>\n<meta name=\"twitter:creator\" content=\"@urbeameaweb\" \/>\n<meta name=\"twitter:site\" content=\"@urbeameaweb\" \/>\n<script type=\"application\/ld+json\" class=\"yoast-schema-graph\">{\"@context\":\"https:\\\/\\\/schema.org\",\"@graph\":[{\"@type\":\"Article\",\"@id\":\"https:\\\/\\\/urbeamea.ro\\\/albaiulia\\\/ioan-nicolae-cabulea-seful-inspectoratului-judetean-de-politie-alba-se-pensioneaza\\\/#article\",\"isPartOf\":{\"@id\":\"https:\\\/\\\/urbeamea.ro\\\/albaiulia\\\/ioan-nicolae-cabulea-seful-inspectoratului-judetean-de-politie-alba-se-pensioneaza\\\/\"},\"author\":{\"name\":\"Cristina Ganga\",\"@id\":\"https:\\\/\\\/urbeamea.ro\\\/albaiulia\\\/#\\\/schema\\\/person\\\/9700d21fae21c4f038b0b56f4506264a\"},\"headline\":\"Ioan Nicolae C\u0103bulea, \u0219eful Inspectoratului Jude\u021bean de Poli\u0163ie Alba se pensioneaz\u0103\",\"datePublished\":\"2016-03-15T12:00:25+00:00\",\"mainEntityOfPage\":{\"@id\":\"https:\\\/\\\/urbeamea.ro\\\/albaiulia\\\/ioan-nicolae-cabulea-seful-inspectoratului-judetean-de-politie-alba-se-pensioneaza\\\/\"},\"wordCount\":529,\"commentCount\":0,\"image\":{\"@id\":\"https:\\\/\\\/urbeamea.ro\\\/albaiulia\\\/ioan-nicolae-cabulea-seful-inspectoratului-judetean-de-politie-alba-se-pensioneaza\\\/#primaryimage\"},\"thumbnailUrl\":\"https:\\\/\\\/urbeamea.ro\\\/albaiulia\\\/wp-content\\\/uploads\\\/2016\\\/03\\\/cabulea_1.jpg\",\"keywords\":[\"chestor\",\"conducere\",\"functie\",\"ioan nicolae cabulea\",\"IPJ Alba\",\"ofiter operativ\",\"pensionare\",\"prim-adjunct al sefului\",\"sef al politiei\",\"stirir\",\"Urbea Mea\"],\"articleSection\":[\"\u015etiri Urbane\"],\"inLanguage\":\"ro-RO\",\"potentialAction\":[{\"@type\":\"CommentAction\",\"name\":\"Comment\",\"target\":[\"https:\\\/\\\/urbeamea.ro\\\/albaiulia\\\/ioan-nicolae-cabulea-seful-inspectoratului-judetean-de-politie-alba-se-pensioneaza\\\/#respond\"]}]},{\"@type\":\"WebPage\",\"@id\":\"https:\\\/\\\/urbeamea.ro\\\/albaiulia\\\/ioan-nicolae-cabulea-seful-inspectoratului-judetean-de-politie-alba-se-pensioneaza\\\/\",\"url\":\"https:\\\/\\\/urbeamea.ro\\\/albaiulia\\\/ioan-nicolae-cabulea-seful-inspectoratului-judetean-de-politie-alba-se-pensioneaza\\\/\",\"name\":\"Ioan Nicolae C\u0103bulea, \u0219eful Inspectoratului Jude\u021bean de Poli\u0163ie Alba se pensioneaz\u0103 - Revista Urbea Mea - Revista de Alba\",\"isPartOf\":{\"@id\":\"https:\\\/\\\/urbeamea.ro\\\/albaiulia\\\/#website\"},\"primaryImageOfPage\":{\"@id\":\"https:\\\/\\\/urbeamea.ro\\\/albaiulia\\\/ioan-nicolae-cabulea-seful-inspectoratului-judetean-de-politie-alba-se-pensioneaza\\\/#primaryimage\"},\"image\":{\"@id\":\"https:\\\/\\\/urbeamea.ro\\\/albaiulia\\\/ioan-nicolae-cabulea-seful-inspectoratului-judetean-de-politie-alba-se-pensioneaza\\\/#primaryimage\"},\"thumbnailUrl\":\"https:\\\/\\\/urbeamea.ro\\\/albaiulia\\\/wp-content\\\/uploads\\\/2016\\\/03\\\/cabulea_1.jpg\",\"datePublished\":\"2016-03-15T12:00:25+00:00\",\"author\":{\"@id\":\"https:\\\/\\\/urbeamea.ro\\\/albaiulia\\\/#\\\/schema\\\/person\\\/9700d21fae21c4f038b0b56f4506264a\"},\"description\":\"\u00cen perioada urm\u0103toare, la MAI vin pension\u0103rile. Dintre aceste persoane fac parte \u015fi\u00a0chestorul principal de poli\u021bie, Ioan Nicolae C\u0103bulea, \u0219eful\",\"breadcrumb\":{\"@id\":\"https:\\\/\\\/urbeamea.ro\\\/albaiulia\\\/ioan-nicolae-cabulea-seful-inspectoratului-judetean-de-politie-alba-se-pensioneaza\\\/#breadcrumb\"},\"inLanguage\":\"ro-RO\",\"potentialAction\":[{\"@type\":\"ReadAction\",\"target\":[\"https:\\\/\\\/urbeamea.ro\\\/albaiulia\\\/ioan-nicolae-cabulea-seful-inspectoratului-judetean-de-politie-alba-se-pensioneaza\\\/\"]}]},{\"@type\":\"ImageObject\",\"inLanguage\":\"ro-RO\",\"@id\":\"https:\\\/\\\/urbeamea.ro\\\/albaiulia\\\/ioan-nicolae-cabulea-seful-inspectoratului-judetean-de-politie-alba-se-pensioneaza\\\/#primaryimage\",\"url\":\"https:\\\/\\\/urbeamea.ro\\\/albaiulia\\\/wp-content\\\/uploads\\\/2016\\\/03\\\/cabulea_1.jpg\",\"contentUrl\":\"https:\\\/\\\/urbeamea.ro\\\/albaiulia\\\/wp-content\\\/uploads\\\/2016\\\/03\\\/cabulea_1.jpg\",\"width\":1200,\"height\":1014},{\"@type\":\"BreadcrumbList\",\"@id\":\"https:\\\/\\\/urbeamea.ro\\\/albaiulia\\\/ioan-nicolae-cabulea-seful-inspectoratului-judetean-de-politie-alba-se-pensioneaza\\\/#breadcrumb\",\"itemListElement\":[{\"@type\":\"ListItem\",\"position\":1,\"name\":\"Prima pagin\u0103\",\"item\":\"https:\\\/\\\/urbeamea.ro\\\/albaiulia\\\/\"},{\"@type\":\"ListItem\",\"position\":2,\"name\":\"Ioan Nicolae C\u0103bulea, \u0219eful Inspectoratului Jude\u021bean de Poli\u0163ie Alba se pensioneaz\u0103\"}]},{\"@type\":\"WebSite\",\"@id\":\"https:\\\/\\\/urbeamea.ro\\\/albaiulia\\\/#website\",\"url\":\"https:\\\/\\\/urbeamea.ro\\\/albaiulia\\\/\",\"name\":\"Revista Urbea Mea, Stiri urbane\",\"description\":\"Evenimente \u0219i \u0219tiri din Alba Iulia, Sebe\u0219, Aiud, Blaj\",\"potentialAction\":[{\"@type\":\"SearchAction\",\"target\":{\"@type\":\"EntryPoint\",\"urlTemplate\":\"https:\\\/\\\/urbeamea.ro\\\/albaiulia\\\/?s={search_term_string}\"},\"query-input\":{\"@type\":\"PropertyValueSpecification\",\"valueRequired\":true,\"valueName\":\"search_term_string\"}}],\"inLanguage\":\"ro-RO\"},{\"@type\":\"Person\",\"@id\":\"https:\\\/\\\/urbeamea.ro\\\/albaiulia\\\/#\\\/schema\\\/person\\\/9700d21fae21c4f038b0b56f4506264a\",\"name\":\"Cristina Ganga\",\"image\":{\"@type\":\"ImageObject\",\"inLanguage\":\"ro-RO\",\"@id\":\"https:\\\/\\\/secure.gravatar.com\\\/avatar\\\/5a67661041f057b4a8ccaf26f5a8e86e2689372006d01faf3dd9eeb10b654bb4?s=96&d=mm&r=g\",\"url\":\"https:\\\/\\\/secure.gravatar.com\\\/avatar\\\/5a67661041f057b4a8ccaf26f5a8e86e2689372006d01faf3dd9eeb10b654bb4?s=96&d=mm&r=g\",\"contentUrl\":\"https:\\\/\\\/secure.gravatar.com\\\/avatar\\\/5a67661041f057b4a8ccaf26f5a8e86e2689372006d01faf3dd9eeb10b654bb4?s=96&d=mm&r=g\",\"caption\":\"Cristina Ganga\"},\"description\":\"Jurnalist\",\"sameAs\":[\"https:\\\/\\\/www.facebook.com\\\/cristina.nicola.587\"],\"url\":\"https:\\\/\\\/urbeamea.ro\\\/albaiulia\\\/author\\\/cristina-nicola\\\/\"}]}<\/script>\n<!-- \/ Yoast SEO plugin. -->","yoast_head_json":{"title":"Ioan Nicolae C\u0103bulea, \u0219eful Inspectoratului Jude\u021bean de Poli\u0163ie Alba se pensioneaz\u0103 - Revista Urbea Mea - Revista de Alba","description":"\u00cen perioada urm\u0103toare, la MAI vin pension\u0103rile. Dintre aceste persoane fac parte \u015fi\u00a0chestorul principal de poli\u021bie, Ioan Nicolae C\u0103bulea, \u0219eful","robots":{"index":"index","follow":"follow","max-snippet":"max-snippet:-1","max-image-preview":"max-image-preview:large","max-video-preview":"max-video-preview:-1"},"canonical":"https:\/\/urbeamea.ro\/albaiulia\/ioan-nicolae-cabulea-seful-inspectoratului-judetean-de-politie-alba-se-pensioneaza\/","twitter_card":"summary_large_image","twitter_title":"Ioan Nicolae C\u0103bulea, \u0219eful Inspectoratului Jude\u021bean de Poli\u0163ie Alba se pensioneaz\u0103 - Revista Urbea Mea - Revista de Alba","twitter_description":"\u00cen perioada urm\u0103toare, la MAI vin pension\u0103rile. Dintre aceste persoane fac parte \u015fi\u00a0chestorul principal de poli\u021bie, Ioan Nicolae C\u0103bulea, \u0219eful","twitter_image":"https:\/\/urbeamea.ro\/albaiulia\/wp-content\/uploads\/2016\/03\/cabulea_1.jpg","twitter_creator":"@urbeameaweb","twitter_site":"@urbeameaweb","schema":{"@context":"https:\/\/schema.org","@graph":[{"@type":"Article","@id":"https:\/\/urbeamea.ro\/albaiulia\/ioan-nicolae-cabulea-seful-inspectoratului-judetean-de-politie-alba-se-pensioneaza\/#article","isPartOf":{"@id":"https:\/\/urbeamea.ro\/albaiulia\/ioan-nicolae-cabulea-seful-inspectoratului-judetean-de-politie-alba-se-pensioneaza\/"},"author":{"name":"Cristina Ganga","@id":"https:\/\/urbeamea.ro\/albaiulia\/#\/schema\/person\/9700d21fae21c4f038b0b56f4506264a"},"headline":"Ioan Nicolae C\u0103bulea, \u0219eful Inspectoratului Jude\u021bean de Poli\u0163ie Alba se pensioneaz\u0103","datePublished":"2016-03-15T12:00:25+00:00","mainEntityOfPage":{"@id":"https:\/\/urbeamea.ro\/albaiulia\/ioan-nicolae-cabulea-seful-inspectoratului-judetean-de-politie-alba-se-pensioneaza\/"},"wordCount":529,"commentCount":0,"image":{"@id":"https:\/\/urbeamea.ro\/albaiulia\/ioan-nicolae-cabulea-seful-inspectoratului-judetean-de-politie-alba-se-pensioneaza\/#primaryimage"},"thumbnailUrl":"https:\/\/urbeamea.ro\/albaiulia\/wp-content\/uploads\/2016\/03\/cabulea_1.jpg","keywords":["chestor","conducere","functie","ioan nicolae cabulea","IPJ Alba","ofiter operativ","pensionare","prim-adjunct al sefului","sef al politiei","stirir","Urbea Mea"],"articleSection":["\u015etiri Urbane"],"inLanguage":"ro-RO","potentialAction":[{"@type":"CommentAction","name":"Comment","target":["https:\/\/urbeamea.ro\/albaiulia\/ioan-nicolae-cabulea-seful-inspectoratului-judetean-de-politie-alba-se-pensioneaza\/#respond"]}]},{"@type":"WebPage","@id":"https:\/\/urbeamea.ro\/albaiulia\/ioan-nicolae-cabulea-seful-inspectoratului-judetean-de-politie-alba-se-pensioneaza\/","url":"https:\/\/urbeamea.ro\/albaiulia\/ioan-nicolae-cabulea-seful-inspectoratului-judetean-de-politie-alba-se-pensioneaza\/","name":"Ioan Nicolae C\u0103bulea, \u0219eful Inspectoratului Jude\u021bean de Poli\u0163ie Alba se pensioneaz\u0103 - Revista Urbea Mea - Revista de Alba","isPartOf":{"@id":"https:\/\/urbeamea.ro\/albaiulia\/#website"},"primaryImageOfPage":{"@id":"https:\/\/urbeamea.ro\/albaiulia\/ioan-nicolae-cabulea-seful-inspectoratului-judetean-de-politie-alba-se-pensioneaza\/#primaryimage"},"image":{"@id":"https:\/\/urbeamea.ro\/albaiulia\/ioan-nicolae-cabulea-seful-inspectoratului-judetean-de-politie-alba-se-pensioneaza\/#primaryimage"},"thumbnailUrl":"https:\/\/urbeamea.ro\/albaiulia\/wp-content\/uploads\/2016\/03\/cabulea_1.jpg","datePublished":"2016-03-15T12:00:25+00:00","author":{"@id":"https:\/\/urbeamea.ro\/albaiulia\/#\/schema\/person\/9700d21fae21c4f038b0b56f4506264a"},"description":"\u00cen perioada urm\u0103toare, la MAI vin pension\u0103rile. Dintre aceste persoane fac parte \u015fi\u00a0chestorul principal de poli\u021bie, Ioan Nicolae C\u0103bulea, \u0219eful","breadcrumb":{"@id":"https:\/\/urbeamea.ro\/albaiulia\/ioan-nicolae-cabulea-seful-inspectoratului-judetean-de-politie-alba-se-pensioneaza\/#breadcrumb"},"inLanguage":"ro-RO","potentialAction":[{"@type":"ReadAction","target":["https:\/\/urbeamea.ro\/albaiulia\/ioan-nicolae-cabulea-seful-inspectoratului-judetean-de-politie-alba-se-pensioneaza\/"]}]},{"@type":"ImageObject","inLanguage":"ro-RO","@id":"https:\/\/urbeamea.ro\/albaiulia\/ioan-nicolae-cabulea-seful-inspectoratului-judetean-de-politie-alba-se-pensioneaza\/#primaryimage","url":"https:\/\/urbeamea.ro\/albaiulia\/wp-content\/uploads\/2016\/03\/cabulea_1.jpg","contentUrl":"https:\/\/urbeamea.ro\/albaiulia\/wp-content\/uploads\/2016\/03\/cabulea_1.jpg","width":1200,"height":1014},{"@type":"BreadcrumbList","@id":"https:\/\/urbeamea.ro\/albaiulia\/ioan-nicolae-cabulea-seful-inspectoratului-judetean-de-politie-alba-se-pensioneaza\/#breadcrumb","itemListElement":[{"@type":"ListItem","position":1,"name":"Prima pagin\u0103","item":"https:\/\/urbeamea.ro\/albaiulia\/"},{"@type":"ListItem","position":2,"name":"Ioan Nicolae C\u0103bulea, \u0219eful Inspectoratului Jude\u021bean de Poli\u0163ie Alba se pensioneaz\u0103"}]},{"@type":"WebSite","@id":"https:\/\/urbeamea.ro\/albaiulia\/#website","url":"https:\/\/urbeamea.ro\/albaiulia\/","name":"Revista Urbea Mea, Stiri urbane","description":"Evenimente \u0219i \u0219tiri din Alba Iulia, Sebe\u0219, Aiud, Blaj","potentialAction":[{"@type":"SearchAction","target":{"@type":"EntryPoint","urlTemplate":"https:\/\/urbeamea.ro\/albaiulia\/?s={search_term_string}"},"query-input":{"@type":"PropertyValueSpecification","valueRequired":true,"valueName":"search_term_string"}}],"inLanguage":"ro-RO"},{"@type":"Person","@id":"https:\/\/urbeamea.ro\/albaiulia\/#\/schema\/person\/9700d21fae21c4f038b0b56f4506264a","name":"Cristina Ganga","image":{"@type":"ImageObject","inLanguage":"ro-RO","@id":"https:\/\/secure.gravatar.com\/avatar\/5a67661041f057b4a8ccaf26f5a8e86e2689372006d01faf3dd9eeb10b654bb4?s=96&d=mm&r=g","url":"https:\/\/secure.gravatar.com\/avatar\/5a67661041f057b4a8ccaf26f5a8e86e2689372006d01faf3dd9eeb10b654bb4?s=96&d=mm&r=g","contentUrl":"https:\/\/secure.gravatar.com\/avatar\/5a67661041f057b4a8ccaf26f5a8e86e2689372006d01faf3dd9eeb10b654bb4?s=96&d=mm&r=g","caption":"Cristina Ganga"},"description":"Jurnalist","sameAs":["https:\/\/www.facebook.com\/cristina.nicola.587"],"url":"https:\/\/urbeamea.ro\/albaiulia\/author\/cristina-nicola\/"}]}},"_links":{"self":[{"href":"https:\/\/urbeamea.ro\/albaiulia\/wp-json\/wp\/v2\/posts\/19773","targetHints":{"allow":["GET"]}}],"collection":[{"href":"https:\/\/urbeamea.ro\/albaiulia\/wp-json\/wp\/v2\/posts"}],"about":[{"href":"https:\/\/urbeamea.ro\/albaiulia\/wp-json\/wp\/v2\/types\/post"}],"author":[{"embeddable":true,"href":"https:\/\/urbeamea.ro\/albaiulia\/wp-json\/wp\/v2\/users\/17"}],"replies":[{"embeddable":true,"href":"https:\/\/urbeamea.ro\/albaiulia\/wp-json\/wp\/v2\/comments?post=19773"}],"version-history":[{"count":0,"href":"https:\/\/urbeamea.ro\/albaiulia\/wp-json\/wp\/v2\/posts\/19773\/revisions"}],"wp:featuredmedia":[{"embeddable":true,"href":"https:\/\/urbeamea.ro\/albaiulia\/wp-json\/wp\/v2\/media\/19774"}],"wp:attachment":[{"href":"https:\/\/urbeamea.ro\/albaiulia\/wp-json\/wp\/v2\/media?parent=19773"}],"wp:term":[{"taxonomy":"category","embeddable":true,"href":"https:\/\/urbeamea.ro\/albaiulia\/wp-json\/wp\/v2\/categories?post=19773"},{"taxonomy":"post_tag","embeddable":true,"href":"https:\/\/urbeamea.ro\/albaiulia\/wp-json\/wp\/v2\/tags?post=19773"}],"curies":[{"name":"wp","href":"https:\/\/api.w.org\/{rel}","templated":true}]}}