{"id":1990,"date":"2015-02-28T22:43:50","date_gmt":"2015-02-28T20:43:50","guid":{"rendered":"http:\/\/urbeamea.ro\/albaiulia\/?p=1990"},"modified":"2015-03-01T08:07:10","modified_gmt":"2015-03-01T06:07:10","slug":"transilvania-si-popoarele-migratoare-avarii","status":"publish","type":"post","link":"https:\/\/urbeamea.ro\/albaiulia\/transilvania-si-popoarele-migratoare-avarii\/","title":{"rendered":"Transilvania \u015fi popoarele migratoare: Avarii"},"content":{"rendered":"<p style=\"text-align: justify;\"><img loading=\"lazy\" decoding=\"async\" class=\"alignleft size-medium wp-image-1991\" src=\"http:\/\/urbeamea.ro\/albaiulia\/wp-content\/uploads\/2015\/02\/avarii-227x300.jpg\" alt=\"avarii\" width=\"227\" height=\"300\" srcset=\"https:\/\/urbeamea.ro\/albaiulia\/wp-content\/uploads\/2015\/02\/avarii-227x300.jpg 227w, https:\/\/urbeamea.ro\/albaiulia\/wp-content\/uploads\/2015\/02\/avarii-114x150.jpg 114w, https:\/\/urbeamea.ro\/albaiulia\/wp-content\/uploads\/2015\/02\/avarii.jpg 350w\" sizes=\"auto, (max-width: 227px) 100vw, 227px\" \/>Dupa opinia mea, unul dintre cele mai interesante popoare care au st\u0103p\u00e2nit vremelnic teritoriul Transilvaniei \u0219i care au creat un mare imperiu \u00een Europa, a fost cel al avarilor. \u00cen apogeul lui, Imperiul Avar cuprindea zona Europei Centrale \u0219i de Est deci cuprindea \u0219i zona noastr\u0103, dar p\u00e2n\u0103 la urm\u0103 tocmai \u00eentinderea mare a fost \u0219i cheia destr\u0103m\u0103rii lui.<\/p>\n<p style=\"text-align: justify;\">Originile avarilor sunt contestate, exist\u00e2nd mai multe teorii. Unii cercet\u0103tori spun ca ar fi o popula\u021bie de neam mongolic, al\u021bii spun c\u0103 ar fi o popula\u021bie din zona Afganistanului sau de neam turcic, cert este ca ei au venit de undeva din zona Asiei, trec\u00e2nd mun\u021bii Urali \u0219i au venit \u00een Europa \u00een jurul anului 557, \u00a0intr\u00e2nd \u00een conflict cu bulgarii \u0219i cu imperiul Bizantin.<\/p>\n<p>Fiind alia\u021bi cu longobarzii, ace\u0219tia au zdrobit popula\u021bia regatului Gepid care cuprindea zona Transilvaniei. \u00cen anul 573 \u00eentinderea teritorial\u0103 era deja foarte mare ceea ce a f\u0103cut ca \u00een anul 626 avarii s\u0103 participe \u00eempreun\u0103 cu persii la asediul Constantinopolului, lucru care a atras aten\u021bia francilor.<\/p>\n<p>Puterea imperiului avar a \u00eenceput sa sl\u0103beasc\u0103 fiind m\u0103cinat de r\u0103scoalele slavilor. \u00cen jurul anului 800, \u00eemp\u0103ratul franc Carol cel Mare i-a \u00eenfr\u00e2nt pe avari care pentru a avea un r\u0103gaz la frontiera vestic\u0103, \u015fi-au cre\u0219tinat \u00eemp\u0103ratul lor lu\u00e2nd numele de Avram.<\/p>\n<p>\u00cen anul 803 avarii au fost ataca\u0163i de c\u0103tre bulgari \u0219i \u00een urma \u00eenfr\u00e2ngerii au fost nevoi\u021bi s\u0103 se retrag\u0103 \u00een zona Croa\u021biei de ast\u0103zi de unde provine \u0219i ultima atestare datat\u0103 din jurul anului 903. \u00cen urma lor, pe teritoriul Transilvaniei s-a instaurat regatul slav.<\/p>\n<p style=\"text-align: justify;\">Unul dintre cele mai interesante tezaure l\u0103sate \u00een urm\u0103 de c\u0103tre Avari este cel descoperit la Sannicolau Mare \u0219i care cuprinde aproape 10 kg de aur, dar mai mult ca orice, avarii au fost cei care au revolu\u021bionat tehnicile \u0219i strategiile de lupt\u0103.<\/p>\n<p style=\"text-align: justify;\">Avarii aveau o armat\u0103 cu o mobilitate foarte mare. Ei au fost cei care au inventat sc\u0103ri\u021ba metalic\u0103 pentru a urca pe cal, erau exper\u021bi \u00een lupta cu arcul, ceea ce permitea anihilarea inamicului de la distan\u0163\u0103 \u0219i aveau armura u\u0219oar\u0103 cea ce le d\u0103 o mobilitate \u0219i mai bun\u0103 \u00een lupt\u0103. Strategia de lupt\u0103 impunea ca dup\u0103 cucerirea unui teritoriu \u0219i uciderea unei p\u0103r\u021bi a popula\u021biei, lupt\u0103torii inamici s\u0103 fie \u00eengloba\u021bi \u00een armata proprie \u00een unit\u0103\u021bi mai mici, u\u0219or de controlat \u0219i de anihilat \u00een caz de r\u0103zvr\u0103tire. \u00a0Acestora li se permitea sa-\u0219i p\u0103streze stilul de lupt\u0103 \u0219i de multe ori treceau \u00een prima linie. Aceast\u0103 strategie le-a permis sa aib\u0103 tehnici de lupt\u0103 multiple \u0219i s\u0103 cucereasc\u0103 noi teritorii cu pierderi minime \u00een r\u00e2ndul osta\u0219ilor proprii.<\/p>\n<p style=\"text-align: justify;\">Tezaurul descoperit la Sannicolau Mare se afl\u0103 la Muzeul din Viena.<\/p>\n<p style=\"text-align: left;\">Dan Chindris &#8211; Ghid autorizat<\/p>\n","protected":false},"excerpt":{"rendered":"<p>Dupa opinia mea, unul dintre cele mai interesante popoare care au st\u0103p\u00e2nit vremelnic teritoriul Transilvaniei \u0219i care au creat un mare imperiu \u00een Europa, a fost cel al avarilor. \u00cen apogeul lui, Imperiul Avar cuprindea zona Europei Centrale \u0219i de Est deci cuprindea \u0219i zona noastr\u0103, dar p\u00e2n\u0103 la urm\u0103 tocmai \u00eentinderea mare a fost &hellip;<\/p>\n","protected":false},"author":8,"featured_media":0,"comment_status":"open","ping_status":"open","sticky":false,"template":"","format":"standard","meta":{"inline_featured_image":false,"footnotes":""},"categories":[1],"tags":[],"class_list":["post-1990","post","type-post","status-publish","format-standard","hentry","category-stiri-urbane"],"yoast_head":"<!-- This site is optimized with the Yoast SEO plugin v28.3 - https:\/\/yoast.com\/product\/yoast-seo-wordpress\/ -->\n<title>Transilvania \u015fi popoarele migratoare: Avarii - Revista Urbea Mea - Revista de Alba<\/title>\n<meta name=\"description\" content=\"Dupa opinia mea, unul dintre cele mai interesante popoare care au st\u0103p\u00e2nit vremelnic teritoriul Transilvaniei \u0219i care au creat un mare imperiu \u00een Europa,\" \/>\n<meta name=\"robots\" content=\"index, follow, max-snippet:-1, max-image-preview:large, max-video-preview:-1\" \/>\n<link rel=\"canonical\" href=\"https:\/\/urbeamea.ro\/albaiulia\/transilvania-si-popoarele-migratoare-avarii\/\" \/>\n<meta name=\"twitter:card\" content=\"summary_large_image\" \/>\n<meta name=\"twitter:title\" content=\"Transilvania \u015fi popoarele migratoare: Avarii - Revista Urbea Mea - Revista de Alba\" \/>\n<meta name=\"twitter:description\" content=\"Dupa opinia mea, unul dintre cele mai interesante popoare care au st\u0103p\u00e2nit vremelnic teritoriul Transilvaniei \u0219i care au creat un mare imperiu \u00een Europa,\" \/>\n<meta name=\"twitter:image\" content=\"https:\/\/urbeamea.ro\/albaiulia\/wp-content\/uploads\/2015\/02\/avarii.jpg\" \/>\n<meta name=\"twitter:creator\" content=\"@urbeameaweb\" \/>\n<meta name=\"twitter:site\" content=\"@urbeameaweb\" \/>\n<script type=\"application\/ld+json\" class=\"yoast-schema-graph\">{\"@context\":\"https:\\\/\\\/schema.org\",\"@graph\":[{\"@type\":\"Article\",\"@id\":\"https:\\\/\\\/urbeamea.ro\\\/albaiulia\\\/transilvania-si-popoarele-migratoare-avarii\\\/#article\",\"isPartOf\":{\"@id\":\"https:\\\/\\\/urbeamea.ro\\\/albaiulia\\\/transilvania-si-popoarele-migratoare-avarii\\\/\"},\"author\":{\"name\":\"Dan Chindri\u015f\",\"@id\":\"https:\\\/\\\/urbeamea.ro\\\/albaiulia\\\/#\\\/schema\\\/person\\\/f4d8e23baebc69e5486977d82ae820fa\"},\"headline\":\"Transilvania \u015fi popoarele migratoare: Avarii\",\"datePublished\":\"2015-02-28T20:43:50+00:00\",\"dateModified\":\"2015-03-01T06:07:10+00:00\",\"mainEntityOfPage\":{\"@id\":\"https:\\\/\\\/urbeamea.ro\\\/albaiulia\\\/transilvania-si-popoarele-migratoare-avarii\\\/\"},\"wordCount\":496,\"commentCount\":0,\"image\":{\"@id\":\"https:\\\/\\\/urbeamea.ro\\\/albaiulia\\\/transilvania-si-popoarele-migratoare-avarii\\\/#primaryimage\"},\"thumbnailUrl\":\"http:\\\/\\\/urbeamea.ro\\\/albaiulia\\\/wp-content\\\/uploads\\\/2015\\\/02\\\/avarii-227x300.jpg\",\"articleSection\":[\"\u015etiri Urbane\"],\"inLanguage\":\"ro-RO\",\"potentialAction\":[{\"@type\":\"CommentAction\",\"name\":\"Comment\",\"target\":[\"https:\\\/\\\/urbeamea.ro\\\/albaiulia\\\/transilvania-si-popoarele-migratoare-avarii\\\/#respond\"]}]},{\"@type\":\"WebPage\",\"@id\":\"https:\\\/\\\/urbeamea.ro\\\/albaiulia\\\/transilvania-si-popoarele-migratoare-avarii\\\/\",\"url\":\"https:\\\/\\\/urbeamea.ro\\\/albaiulia\\\/transilvania-si-popoarele-migratoare-avarii\\\/\",\"name\":\"Transilvania \u015fi popoarele migratoare: Avarii - Revista Urbea Mea - Revista de Alba\",\"isPartOf\":{\"@id\":\"https:\\\/\\\/urbeamea.ro\\\/albaiulia\\\/#website\"},\"primaryImageOfPage\":{\"@id\":\"https:\\\/\\\/urbeamea.ro\\\/albaiulia\\\/transilvania-si-popoarele-migratoare-avarii\\\/#primaryimage\"},\"image\":{\"@id\":\"https:\\\/\\\/urbeamea.ro\\\/albaiulia\\\/transilvania-si-popoarele-migratoare-avarii\\\/#primaryimage\"},\"thumbnailUrl\":\"http:\\\/\\\/urbeamea.ro\\\/albaiulia\\\/wp-content\\\/uploads\\\/2015\\\/02\\\/avarii-227x300.jpg\",\"datePublished\":\"2015-02-28T20:43:50+00:00\",\"dateModified\":\"2015-03-01T06:07:10+00:00\",\"author\":{\"@id\":\"https:\\\/\\\/urbeamea.ro\\\/albaiulia\\\/#\\\/schema\\\/person\\\/f4d8e23baebc69e5486977d82ae820fa\"},\"description\":\"Dupa opinia mea, unul dintre cele mai interesante popoare care au st\u0103p\u00e2nit vremelnic teritoriul Transilvaniei \u0219i care au creat un mare imperiu \u00een Europa,\",\"breadcrumb\":{\"@id\":\"https:\\\/\\\/urbeamea.ro\\\/albaiulia\\\/transilvania-si-popoarele-migratoare-avarii\\\/#breadcrumb\"},\"inLanguage\":\"ro-RO\",\"potentialAction\":[{\"@type\":\"ReadAction\",\"target\":[\"https:\\\/\\\/urbeamea.ro\\\/albaiulia\\\/transilvania-si-popoarele-migratoare-avarii\\\/\"]}]},{\"@type\":\"ImageObject\",\"inLanguage\":\"ro-RO\",\"@id\":\"https:\\\/\\\/urbeamea.ro\\\/albaiulia\\\/transilvania-si-popoarele-migratoare-avarii\\\/#primaryimage\",\"url\":\"https:\\\/\\\/urbeamea.ro\\\/albaiulia\\\/wp-content\\\/uploads\\\/2015\\\/02\\\/avarii.jpg\",\"contentUrl\":\"https:\\\/\\\/urbeamea.ro\\\/albaiulia\\\/wp-content\\\/uploads\\\/2015\\\/02\\\/avarii.jpg\",\"width\":350,\"height\":462},{\"@type\":\"BreadcrumbList\",\"@id\":\"https:\\\/\\\/urbeamea.ro\\\/albaiulia\\\/transilvania-si-popoarele-migratoare-avarii\\\/#breadcrumb\",\"itemListElement\":[{\"@type\":\"ListItem\",\"position\":1,\"name\":\"Prima pagin\u0103\",\"item\":\"https:\\\/\\\/urbeamea.ro\\\/albaiulia\\\/\"},{\"@type\":\"ListItem\",\"position\":2,\"name\":\"Transilvania \u015fi popoarele migratoare: Avarii\"}]},{\"@type\":\"WebSite\",\"@id\":\"https:\\\/\\\/urbeamea.ro\\\/albaiulia\\\/#website\",\"url\":\"https:\\\/\\\/urbeamea.ro\\\/albaiulia\\\/\",\"name\":\"Revista Urbea Mea, Stiri urbane\",\"description\":\"Evenimente \u0219i \u0219tiri din Alba Iulia, Sebe\u0219, Aiud, Blaj\",\"potentialAction\":[{\"@type\":\"SearchAction\",\"target\":{\"@type\":\"EntryPoint\",\"urlTemplate\":\"https:\\\/\\\/urbeamea.ro\\\/albaiulia\\\/?s={search_term_string}\"},\"query-input\":{\"@type\":\"PropertyValueSpecification\",\"valueRequired\":true,\"valueName\":\"search_term_string\"}}],\"inLanguage\":\"ro-RO\"},{\"@type\":\"Person\",\"@id\":\"https:\\\/\\\/urbeamea.ro\\\/albaiulia\\\/#\\\/schema\\\/person\\\/f4d8e23baebc69e5486977d82ae820fa\",\"name\":\"Dan Chindri\u015f\",\"image\":{\"@type\":\"ImageObject\",\"inLanguage\":\"ro-RO\",\"@id\":\"https:\\\/\\\/secure.gravatar.com\\\/avatar\\\/e09eb6031d94a883f5ede973b7930506d28c473cd6f7ad5670dad0827f320861?s=96&d=mm&r=g\",\"url\":\"https:\\\/\\\/secure.gravatar.com\\\/avatar\\\/e09eb6031d94a883f5ede973b7930506d28c473cd6f7ad5670dad0827f320861?s=96&d=mm&r=g\",\"contentUrl\":\"https:\\\/\\\/secure.gravatar.com\\\/avatar\\\/e09eb6031d94a883f5ede973b7930506d28c473cd6f7ad5670dad0827f320861?s=96&d=mm&r=g\",\"caption\":\"Dan Chindri\u015f\"},\"description\":\"GHID \u00een Cetatea Alba Carolina Alba Iulia pe baz\u0103 de programare la adresa de email contact@guidealba.com sau nr. de telefon +40 731 162191\",\"sameAs\":[\"http:\\\/\\\/www.guidealba.com\"],\"url\":\"https:\\\/\\\/urbeamea.ro\\\/albaiulia\\\/author\\\/dan-chindris\\\/\"}]}<\/script>\n<!-- \/ Yoast SEO plugin. -->","yoast_head_json":{"title":"Transilvania \u015fi popoarele migratoare: Avarii - Revista Urbea Mea - Revista de Alba","description":"Dupa opinia mea, unul dintre cele mai interesante popoare care au st\u0103p\u00e2nit vremelnic teritoriul Transilvaniei \u0219i care au creat un mare imperiu \u00een Europa,","robots":{"index":"index","follow":"follow","max-snippet":"max-snippet:-1","max-image-preview":"max-image-preview:large","max-video-preview":"max-video-preview:-1"},"canonical":"https:\/\/urbeamea.ro\/albaiulia\/transilvania-si-popoarele-migratoare-avarii\/","twitter_card":"summary_large_image","twitter_title":"Transilvania \u015fi popoarele migratoare: Avarii - Revista Urbea Mea - Revista de Alba","twitter_description":"Dupa opinia mea, unul dintre cele mai interesante popoare care au st\u0103p\u00e2nit vremelnic teritoriul Transilvaniei \u0219i care au creat un mare imperiu \u00een Europa,","twitter_image":"https:\/\/urbeamea.ro\/albaiulia\/wp-content\/uploads\/2015\/02\/avarii.jpg","twitter_creator":"@urbeameaweb","twitter_site":"@urbeameaweb","schema":{"@context":"https:\/\/schema.org","@graph":[{"@type":"Article","@id":"https:\/\/urbeamea.ro\/albaiulia\/transilvania-si-popoarele-migratoare-avarii\/#article","isPartOf":{"@id":"https:\/\/urbeamea.ro\/albaiulia\/transilvania-si-popoarele-migratoare-avarii\/"},"author":{"name":"Dan Chindri\u015f","@id":"https:\/\/urbeamea.ro\/albaiulia\/#\/schema\/person\/f4d8e23baebc69e5486977d82ae820fa"},"headline":"Transilvania \u015fi popoarele migratoare: Avarii","datePublished":"2015-02-28T20:43:50+00:00","dateModified":"2015-03-01T06:07:10+00:00","mainEntityOfPage":{"@id":"https:\/\/urbeamea.ro\/albaiulia\/transilvania-si-popoarele-migratoare-avarii\/"},"wordCount":496,"commentCount":0,"image":{"@id":"https:\/\/urbeamea.ro\/albaiulia\/transilvania-si-popoarele-migratoare-avarii\/#primaryimage"},"thumbnailUrl":"http:\/\/urbeamea.ro\/albaiulia\/wp-content\/uploads\/2015\/02\/avarii-227x300.jpg","articleSection":["\u015etiri Urbane"],"inLanguage":"ro-RO","potentialAction":[{"@type":"CommentAction","name":"Comment","target":["https:\/\/urbeamea.ro\/albaiulia\/transilvania-si-popoarele-migratoare-avarii\/#respond"]}]},{"@type":"WebPage","@id":"https:\/\/urbeamea.ro\/albaiulia\/transilvania-si-popoarele-migratoare-avarii\/","url":"https:\/\/urbeamea.ro\/albaiulia\/transilvania-si-popoarele-migratoare-avarii\/","name":"Transilvania \u015fi popoarele migratoare: Avarii - Revista Urbea Mea - Revista de Alba","isPartOf":{"@id":"https:\/\/urbeamea.ro\/albaiulia\/#website"},"primaryImageOfPage":{"@id":"https:\/\/urbeamea.ro\/albaiulia\/transilvania-si-popoarele-migratoare-avarii\/#primaryimage"},"image":{"@id":"https:\/\/urbeamea.ro\/albaiulia\/transilvania-si-popoarele-migratoare-avarii\/#primaryimage"},"thumbnailUrl":"http:\/\/urbeamea.ro\/albaiulia\/wp-content\/uploads\/2015\/02\/avarii-227x300.jpg","datePublished":"2015-02-28T20:43:50+00:00","dateModified":"2015-03-01T06:07:10+00:00","author":{"@id":"https:\/\/urbeamea.ro\/albaiulia\/#\/schema\/person\/f4d8e23baebc69e5486977d82ae820fa"},"description":"Dupa opinia mea, unul dintre cele mai interesante popoare care au st\u0103p\u00e2nit vremelnic teritoriul Transilvaniei \u0219i care au creat un mare imperiu \u00een Europa,","breadcrumb":{"@id":"https:\/\/urbeamea.ro\/albaiulia\/transilvania-si-popoarele-migratoare-avarii\/#breadcrumb"},"inLanguage":"ro-RO","potentialAction":[{"@type":"ReadAction","target":["https:\/\/urbeamea.ro\/albaiulia\/transilvania-si-popoarele-migratoare-avarii\/"]}]},{"@type":"ImageObject","inLanguage":"ro-RO","@id":"https:\/\/urbeamea.ro\/albaiulia\/transilvania-si-popoarele-migratoare-avarii\/#primaryimage","url":"https:\/\/urbeamea.ro\/albaiulia\/wp-content\/uploads\/2015\/02\/avarii.jpg","contentUrl":"https:\/\/urbeamea.ro\/albaiulia\/wp-content\/uploads\/2015\/02\/avarii.jpg","width":350,"height":462},{"@type":"BreadcrumbList","@id":"https:\/\/urbeamea.ro\/albaiulia\/transilvania-si-popoarele-migratoare-avarii\/#breadcrumb","itemListElement":[{"@type":"ListItem","position":1,"name":"Prima pagin\u0103","item":"https:\/\/urbeamea.ro\/albaiulia\/"},{"@type":"ListItem","position":2,"name":"Transilvania \u015fi popoarele migratoare: Avarii"}]},{"@type":"WebSite","@id":"https:\/\/urbeamea.ro\/albaiulia\/#website","url":"https:\/\/urbeamea.ro\/albaiulia\/","name":"Revista Urbea Mea, Stiri urbane","description":"Evenimente \u0219i \u0219tiri din Alba Iulia, Sebe\u0219, Aiud, Blaj","potentialAction":[{"@type":"SearchAction","target":{"@type":"EntryPoint","urlTemplate":"https:\/\/urbeamea.ro\/albaiulia\/?s={search_term_string}"},"query-input":{"@type":"PropertyValueSpecification","valueRequired":true,"valueName":"search_term_string"}}],"inLanguage":"ro-RO"},{"@type":"Person","@id":"https:\/\/urbeamea.ro\/albaiulia\/#\/schema\/person\/f4d8e23baebc69e5486977d82ae820fa","name":"Dan Chindri\u015f","image":{"@type":"ImageObject","inLanguage":"ro-RO","@id":"https:\/\/secure.gravatar.com\/avatar\/e09eb6031d94a883f5ede973b7930506d28c473cd6f7ad5670dad0827f320861?s=96&d=mm&r=g","url":"https:\/\/secure.gravatar.com\/avatar\/e09eb6031d94a883f5ede973b7930506d28c473cd6f7ad5670dad0827f320861?s=96&d=mm&r=g","contentUrl":"https:\/\/secure.gravatar.com\/avatar\/e09eb6031d94a883f5ede973b7930506d28c473cd6f7ad5670dad0827f320861?s=96&d=mm&r=g","caption":"Dan Chindri\u015f"},"description":"GHID \u00een Cetatea Alba Carolina Alba Iulia pe baz\u0103 de programare la adresa de email contact@guidealba.com sau nr. de telefon +40 731 162191","sameAs":["http:\/\/www.guidealba.com"],"url":"https:\/\/urbeamea.ro\/albaiulia\/author\/dan-chindris\/"}]}},"_links":{"self":[{"href":"https:\/\/urbeamea.ro\/albaiulia\/wp-json\/wp\/v2\/posts\/1990","targetHints":{"allow":["GET"]}}],"collection":[{"href":"https:\/\/urbeamea.ro\/albaiulia\/wp-json\/wp\/v2\/posts"}],"about":[{"href":"https:\/\/urbeamea.ro\/albaiulia\/wp-json\/wp\/v2\/types\/post"}],"author":[{"embeddable":true,"href":"https:\/\/urbeamea.ro\/albaiulia\/wp-json\/wp\/v2\/users\/8"}],"replies":[{"embeddable":true,"href":"https:\/\/urbeamea.ro\/albaiulia\/wp-json\/wp\/v2\/comments?post=1990"}],"version-history":[{"count":0,"href":"https:\/\/urbeamea.ro\/albaiulia\/wp-json\/wp\/v2\/posts\/1990\/revisions"}],"wp:attachment":[{"href":"https:\/\/urbeamea.ro\/albaiulia\/wp-json\/wp\/v2\/media?parent=1990"}],"wp:term":[{"taxonomy":"category","embeddable":true,"href":"https:\/\/urbeamea.ro\/albaiulia\/wp-json\/wp\/v2\/categories?post=1990"},{"taxonomy":"post_tag","embeddable":true,"href":"https:\/\/urbeamea.ro\/albaiulia\/wp-json\/wp\/v2\/tags?post=1990"}],"curies":[{"name":"wp","href":"https:\/\/api.w.org\/{rel}","templated":true}]}}