{"id":19939,"date":"2016-03-17T13:10:28","date_gmt":"2016-03-17T11:10:28","guid":{"rendered":"http:\/\/urbeamea.ro\/albaiulia\/?p=19939"},"modified":"2016-03-17T13:10:28","modified_gmt":"2016-03-17T11:10:28","slug":"modificari-in-structura-spitalului-judetean-alba-privind-deschiderea-unui-compartiment-pentru-boli-cronice-la-zlatna-aprobat-in-consiliul-local","status":"publish","type":"post","link":"https:\/\/urbeamea.ro\/albaiulia\/modificari-in-structura-spitalului-judetean-alba-privind-deschiderea-unui-compartiment-pentru-boli-cronice-la-zlatna-aprobat-in-consiliul-local\/","title":{"rendered":"Modific\u0103ri \u00een structura Spitalului Jude\u0163ean Alba privind deschiderea unui compartiment pentru boli cronice la Zlatna aprobat \u00een Consiliul Local"},"content":{"rendered":"<p><strong><img loading=\"lazy\" decoding=\"async\" class=\"size-medium wp-image-19940 alignleft\" src=\"http:\/\/urbeamea.ro\/albaiulia\/wp-content\/uploads\/2016\/03\/DSC_0007-5-300x200.jpg\" alt=\"consiliul judetean\" width=\"300\" height=\"200\" \/>La Zlatna, \u00ee<\/strong><strong>ncepe procedura pentru deschiderea compartimentului extern al Spitalului Jude\u0163ean de Urgen\u0163\u0103 Alba, pentru boli cronice. \u00cen spial vor fi\u00a012 paturi, care vor fi redistribuite \u00een structura acestuia, la sec\u0163ii unde indicele de adresabilitate este mai sc\u0103zut.\u00a0<\/strong><\/p>\n<p>Consiliul Jude\u0163ean Alba au avut\u00a0de aprobat \u00een \u015fedin\u0163a estraordinar\u0103 de joi \u00eencuviin\u021barea cererii adresate Ministerului S\u0103n\u0103t\u0103\u021bii pentru ob\u021binerea\u00a0avizului de modificare a structurii organizatorice a Spitalului Jude\u0163ean de Urgen\u021b\u0103 Alba Iulia. \u00cen proiect se propune reducerea num\u0103rului de paturi la unele sec\u021bii, \u00eenfiin\u021barea \u00een cadrul structurii organizatorice a unui compartiment independent de Cronici \u00een ora\u0219ul Zlatna (\u00een loca\u021bia fostului Spital Or\u0103\u0219enesc Zlatna) \u0219i transformarea Compartimentului de Prevenire \u0219i Combatere a Infec\u021biilor Nosocomiale \u00een Serviciul de Prevenire \u0219i Combatere a Infec\u021biilor Nosocomiale.<\/p>\n<p>Spitalul de Boli Cronice din Zlatna are o capacitate de 40 de paturi \u0219i a fost \u00eenchis la data de 1 aprilie 2011, prin hot\u0103r\u00e2re de guvern, al\u0103turi de spitalele din Ocna Mure\u015f \u015fi Baia de Arie\u015f, pe fondul reducerilor de cheltuieli bugetare. Ulterior, acesta a fost transformat \u00een c\u0103min pentru persoane v\u00e2rstnice. Anul urm\u0103tor, autorit\u0103\u0163ile locale anun\u0163au c\u0103 va fi transformat \u00een sec\u0163ie extern\u0103 a spitalului jude\u0163ean, cu 25 de paturi. \u00cen 2016, acesta se afl\u0103 \u00eenc\u0103 la faza de proiect.<\/p>\n","protected":false},"excerpt":{"rendered":"<p>La Zlatna, \u00eencepe procedura pentru deschiderea compartimentului extern al Spitalului Jude\u0163ean de Urgen\u0163\u0103 Alba, pentru boli cronice. \u00cen spial vor fi\u00a012 paturi, care vor fi redistribuite \u00een structura acestuia, la sec\u0163ii unde indicele de adresabilitate este mai sc\u0103zut.\u00a0 Consiliul Jude\u0163ean Alba au avut\u00a0de aprobat \u00een \u015fedin\u0163a estraordinar\u0103 de joi \u00eencuviin\u021barea cererii adresate Ministerului S\u0103n\u0103t\u0103\u021bii pentru &hellip;<\/p>\n","protected":false},"author":17,"featured_media":19940,"comment_status":"open","ping_status":"open","sticky":false,"template":"","format":"standard","meta":{"inline_featured_image":false,"footnotes":""},"categories":[2035],"tags":[307,3826,950,3825,1334,308,76,1274],"class_list":["post-19939","post","type-post","status-publish","format-standard","has-post-thumbnail","hentry","category-administratie","tag-alba","tag-boli-cronice","tag-consiliul-judetean","tag-paturi","tag-spitalul-judetean-alba","tag-stiri","tag-urbea-mea","tag-zlatna"],"yoast_head":"<!-- This site is optimized with the Yoast SEO plugin v27.4 - https:\/\/yoast.com\/product\/yoast-seo-wordpress\/ -->\n<title>Modific\u0103ri \u00een structura Spitalului Jude\u0163ean Alba privind deschiderea unui compartiment pentru boli cronice la Zlatna aprobat \u00een Consiliul Local - Revista Urbea Mea - Revista de Alba<\/title>\n<meta name=\"description\" content=\"La Zlatna, \u00eencepe procedura pentru deschiderea compartimentului extern al Spitalului Jude\u0163ean de Urgen\u0163\u0103 Alba, pentru boli cronice. \u00cen spial vor fi\u00a012\" \/>\n<meta name=\"robots\" content=\"index, follow, max-snippet:-1, max-image-preview:large, max-video-preview:-1\" \/>\n<link rel=\"canonical\" href=\"https:\/\/urbeamea.ro\/albaiulia\/modificari-in-structura-spitalului-judetean-alba-privind-deschiderea-unui-compartiment-pentru-boli-cronice-la-zlatna-aprobat-in-consiliul-local\/\" \/>\n<meta name=\"twitter:card\" content=\"summary_large_image\" \/>\n<meta name=\"twitter:title\" content=\"Modific\u0103ri \u00een structura Spitalului Jude\u0163ean Alba privind deschiderea unui compartiment pentru boli cronice la Zlatna aprobat \u00een Consiliul Local - Revista Urbea Mea - Revista de Alba\" \/>\n<meta name=\"twitter:description\" content=\"La Zlatna, \u00eencepe procedura pentru deschiderea compartimentului extern al Spitalului Jude\u0163ean de Urgen\u0163\u0103 Alba, pentru boli cronice. \u00cen spial vor fi\u00a012\" \/>\n<meta name=\"twitter:image\" content=\"https:\/\/urbeamea.ro\/albaiulia\/wp-content\/uploads\/2016\/03\/DSC_0007-5.jpg\" \/>\n<meta name=\"twitter:creator\" content=\"@urbeameaweb\" \/>\n<meta name=\"twitter:site\" content=\"@urbeameaweb\" \/>\n<script type=\"application\/ld+json\" class=\"yoast-schema-graph\">{\"@context\":\"https:\\\/\\\/schema.org\",\"@graph\":[{\"@type\":\"Article\",\"@id\":\"https:\\\/\\\/urbeamea.ro\\\/albaiulia\\\/modificari-in-structura-spitalului-judetean-alba-privind-deschiderea-unui-compartiment-pentru-boli-cronice-la-zlatna-aprobat-in-consiliul-local\\\/#article\",\"isPartOf\":{\"@id\":\"https:\\\/\\\/urbeamea.ro\\\/albaiulia\\\/modificari-in-structura-spitalului-judetean-alba-privind-deschiderea-unui-compartiment-pentru-boli-cronice-la-zlatna-aprobat-in-consiliul-local\\\/\"},\"author\":{\"name\":\"Cristina Ganga\",\"@id\":\"https:\\\/\\\/urbeamea.ro\\\/albaiulia\\\/#\\\/schema\\\/person\\\/9700d21fae21c4f038b0b56f4506264a\"},\"headline\":\"Modific\u0103ri \u00een structura Spitalului Jude\u0163ean Alba privind deschiderea unui compartiment pentru boli cronice la Zlatna aprobat \u00een Consiliul Local\",\"datePublished\":\"2016-03-17T11:10:28+00:00\",\"mainEntityOfPage\":{\"@id\":\"https:\\\/\\\/urbeamea.ro\\\/albaiulia\\\/modificari-in-structura-spitalului-judetean-alba-privind-deschiderea-unui-compartiment-pentru-boli-cronice-la-zlatna-aprobat-in-consiliul-local\\\/\"},\"wordCount\":247,\"commentCount\":0,\"image\":{\"@id\":\"https:\\\/\\\/urbeamea.ro\\\/albaiulia\\\/modificari-in-structura-spitalului-judetean-alba-privind-deschiderea-unui-compartiment-pentru-boli-cronice-la-zlatna-aprobat-in-consiliul-local\\\/#primaryimage\"},\"thumbnailUrl\":\"https:\\\/\\\/urbeamea.ro\\\/albaiulia\\\/wp-content\\\/uploads\\\/2016\\\/03\\\/DSC_0007-5.jpg\",\"keywords\":[\"alba\",\"boli cronice\",\"consiliul judetean\",\"paturi\",\"spitalul judetean alba\",\"stiri\",\"Urbea Mea\",\"zlatna\"],\"articleSection\":[\"Administra\u021bie\"],\"inLanguage\":\"ro-RO\",\"potentialAction\":[{\"@type\":\"CommentAction\",\"name\":\"Comment\",\"target\":[\"https:\\\/\\\/urbeamea.ro\\\/albaiulia\\\/modificari-in-structura-spitalului-judetean-alba-privind-deschiderea-unui-compartiment-pentru-boli-cronice-la-zlatna-aprobat-in-consiliul-local\\\/#respond\"]}]},{\"@type\":\"WebPage\",\"@id\":\"https:\\\/\\\/urbeamea.ro\\\/albaiulia\\\/modificari-in-structura-spitalului-judetean-alba-privind-deschiderea-unui-compartiment-pentru-boli-cronice-la-zlatna-aprobat-in-consiliul-local\\\/\",\"url\":\"https:\\\/\\\/urbeamea.ro\\\/albaiulia\\\/modificari-in-structura-spitalului-judetean-alba-privind-deschiderea-unui-compartiment-pentru-boli-cronice-la-zlatna-aprobat-in-consiliul-local\\\/\",\"name\":\"Modific\u0103ri \u00een structura Spitalului Jude\u0163ean Alba privind deschiderea unui compartiment pentru boli cronice la Zlatna aprobat \u00een Consiliul Local - Revista Urbea Mea - Revista de Alba\",\"isPartOf\":{\"@id\":\"https:\\\/\\\/urbeamea.ro\\\/albaiulia\\\/#website\"},\"primaryImageOfPage\":{\"@id\":\"https:\\\/\\\/urbeamea.ro\\\/albaiulia\\\/modificari-in-structura-spitalului-judetean-alba-privind-deschiderea-unui-compartiment-pentru-boli-cronice-la-zlatna-aprobat-in-consiliul-local\\\/#primaryimage\"},\"image\":{\"@id\":\"https:\\\/\\\/urbeamea.ro\\\/albaiulia\\\/modificari-in-structura-spitalului-judetean-alba-privind-deschiderea-unui-compartiment-pentru-boli-cronice-la-zlatna-aprobat-in-consiliul-local\\\/#primaryimage\"},\"thumbnailUrl\":\"https:\\\/\\\/urbeamea.ro\\\/albaiulia\\\/wp-content\\\/uploads\\\/2016\\\/03\\\/DSC_0007-5.jpg\",\"datePublished\":\"2016-03-17T11:10:28+00:00\",\"author\":{\"@id\":\"https:\\\/\\\/urbeamea.ro\\\/albaiulia\\\/#\\\/schema\\\/person\\\/9700d21fae21c4f038b0b56f4506264a\"},\"description\":\"La Zlatna, \u00eencepe procedura pentru deschiderea compartimentului extern al Spitalului Jude\u0163ean de Urgen\u0163\u0103 Alba, pentru boli cronice. \u00cen spial vor fi\u00a012\",\"breadcrumb\":{\"@id\":\"https:\\\/\\\/urbeamea.ro\\\/albaiulia\\\/modificari-in-structura-spitalului-judetean-alba-privind-deschiderea-unui-compartiment-pentru-boli-cronice-la-zlatna-aprobat-in-consiliul-local\\\/#breadcrumb\"},\"inLanguage\":\"ro-RO\",\"potentialAction\":[{\"@type\":\"ReadAction\",\"target\":[\"https:\\\/\\\/urbeamea.ro\\\/albaiulia\\\/modificari-in-structura-spitalului-judetean-alba-privind-deschiderea-unui-compartiment-pentru-boli-cronice-la-zlatna-aprobat-in-consiliul-local\\\/\"]}]},{\"@type\":\"ImageObject\",\"inLanguage\":\"ro-RO\",\"@id\":\"https:\\\/\\\/urbeamea.ro\\\/albaiulia\\\/modificari-in-structura-spitalului-judetean-alba-privind-deschiderea-unui-compartiment-pentru-boli-cronice-la-zlatna-aprobat-in-consiliul-local\\\/#primaryimage\",\"url\":\"https:\\\/\\\/urbeamea.ro\\\/albaiulia\\\/wp-content\\\/uploads\\\/2016\\\/03\\\/DSC_0007-5.jpg\",\"contentUrl\":\"https:\\\/\\\/urbeamea.ro\\\/albaiulia\\\/wp-content\\\/uploads\\\/2016\\\/03\\\/DSC_0007-5.jpg\",\"width\":1280,\"height\":853},{\"@type\":\"BreadcrumbList\",\"@id\":\"https:\\\/\\\/urbeamea.ro\\\/albaiulia\\\/modificari-in-structura-spitalului-judetean-alba-privind-deschiderea-unui-compartiment-pentru-boli-cronice-la-zlatna-aprobat-in-consiliul-local\\\/#breadcrumb\",\"itemListElement\":[{\"@type\":\"ListItem\",\"position\":1,\"name\":\"Prima pagin\u0103\",\"item\":\"https:\\\/\\\/urbeamea.ro\\\/albaiulia\\\/\"},{\"@type\":\"ListItem\",\"position\":2,\"name\":\"Modific\u0103ri \u00een structura Spitalului Jude\u0163ean Alba privind deschiderea unui compartiment pentru boli cronice la Zlatna aprobat \u00een Consiliul Local\"}]},{\"@type\":\"WebSite\",\"@id\":\"https:\\\/\\\/urbeamea.ro\\\/albaiulia\\\/#website\",\"url\":\"https:\\\/\\\/urbeamea.ro\\\/albaiulia\\\/\",\"name\":\"Revista Urbea Mea, Stiri urbane\",\"description\":\"Evenimente \u0219i \u0219tiri din Alba Iulia, Sebe\u0219, Aiud, Blaj\",\"potentialAction\":[{\"@type\":\"SearchAction\",\"target\":{\"@type\":\"EntryPoint\",\"urlTemplate\":\"https:\\\/\\\/urbeamea.ro\\\/albaiulia\\\/?s={search_term_string}\"},\"query-input\":{\"@type\":\"PropertyValueSpecification\",\"valueRequired\":true,\"valueName\":\"search_term_string\"}}],\"inLanguage\":\"ro-RO\"},{\"@type\":\"Person\",\"@id\":\"https:\\\/\\\/urbeamea.ro\\\/albaiulia\\\/#\\\/schema\\\/person\\\/9700d21fae21c4f038b0b56f4506264a\",\"name\":\"Cristina Ganga\",\"image\":{\"@type\":\"ImageObject\",\"inLanguage\":\"ro-RO\",\"@id\":\"https:\\\/\\\/secure.gravatar.com\\\/avatar\\\/5a67661041f057b4a8ccaf26f5a8e86e2689372006d01faf3dd9eeb10b654bb4?s=96&d=mm&r=g\",\"url\":\"https:\\\/\\\/secure.gravatar.com\\\/avatar\\\/5a67661041f057b4a8ccaf26f5a8e86e2689372006d01faf3dd9eeb10b654bb4?s=96&d=mm&r=g\",\"contentUrl\":\"https:\\\/\\\/secure.gravatar.com\\\/avatar\\\/5a67661041f057b4a8ccaf26f5a8e86e2689372006d01faf3dd9eeb10b654bb4?s=96&d=mm&r=g\",\"caption\":\"Cristina Ganga\"},\"description\":\"Jurnalist\",\"sameAs\":[\"https:\\\/\\\/www.facebook.com\\\/cristina.nicola.587\"],\"url\":\"https:\\\/\\\/urbeamea.ro\\\/albaiulia\\\/author\\\/cristina-nicola\\\/\"}]}<\/script>\n<!-- \/ Yoast SEO plugin. -->","yoast_head_json":{"title":"Modific\u0103ri \u00een structura Spitalului Jude\u0163ean Alba privind deschiderea unui compartiment pentru boli cronice la Zlatna aprobat \u00een Consiliul Local - Revista Urbea Mea - Revista de Alba","description":"La Zlatna, \u00eencepe procedura pentru deschiderea compartimentului extern al Spitalului Jude\u0163ean de Urgen\u0163\u0103 Alba, pentru boli cronice. \u00cen spial vor fi\u00a012","robots":{"index":"index","follow":"follow","max-snippet":"max-snippet:-1","max-image-preview":"max-image-preview:large","max-video-preview":"max-video-preview:-1"},"canonical":"https:\/\/urbeamea.ro\/albaiulia\/modificari-in-structura-spitalului-judetean-alba-privind-deschiderea-unui-compartiment-pentru-boli-cronice-la-zlatna-aprobat-in-consiliul-local\/","twitter_card":"summary_large_image","twitter_title":"Modific\u0103ri \u00een structura Spitalului Jude\u0163ean Alba privind deschiderea unui compartiment pentru boli cronice la Zlatna aprobat \u00een Consiliul Local - Revista Urbea Mea - Revista de Alba","twitter_description":"La Zlatna, \u00eencepe procedura pentru deschiderea compartimentului extern al Spitalului Jude\u0163ean de Urgen\u0163\u0103 Alba, pentru boli cronice. \u00cen spial vor fi\u00a012","twitter_image":"https:\/\/urbeamea.ro\/albaiulia\/wp-content\/uploads\/2016\/03\/DSC_0007-5.jpg","twitter_creator":"@urbeameaweb","twitter_site":"@urbeameaweb","schema":{"@context":"https:\/\/schema.org","@graph":[{"@type":"Article","@id":"https:\/\/urbeamea.ro\/albaiulia\/modificari-in-structura-spitalului-judetean-alba-privind-deschiderea-unui-compartiment-pentru-boli-cronice-la-zlatna-aprobat-in-consiliul-local\/#article","isPartOf":{"@id":"https:\/\/urbeamea.ro\/albaiulia\/modificari-in-structura-spitalului-judetean-alba-privind-deschiderea-unui-compartiment-pentru-boli-cronice-la-zlatna-aprobat-in-consiliul-local\/"},"author":{"name":"Cristina Ganga","@id":"https:\/\/urbeamea.ro\/albaiulia\/#\/schema\/person\/9700d21fae21c4f038b0b56f4506264a"},"headline":"Modific\u0103ri \u00een structura Spitalului Jude\u0163ean Alba privind deschiderea unui compartiment pentru boli cronice la Zlatna aprobat \u00een Consiliul Local","datePublished":"2016-03-17T11:10:28+00:00","mainEntityOfPage":{"@id":"https:\/\/urbeamea.ro\/albaiulia\/modificari-in-structura-spitalului-judetean-alba-privind-deschiderea-unui-compartiment-pentru-boli-cronice-la-zlatna-aprobat-in-consiliul-local\/"},"wordCount":247,"commentCount":0,"image":{"@id":"https:\/\/urbeamea.ro\/albaiulia\/modificari-in-structura-spitalului-judetean-alba-privind-deschiderea-unui-compartiment-pentru-boli-cronice-la-zlatna-aprobat-in-consiliul-local\/#primaryimage"},"thumbnailUrl":"https:\/\/urbeamea.ro\/albaiulia\/wp-content\/uploads\/2016\/03\/DSC_0007-5.jpg","keywords":["alba","boli cronice","consiliul judetean","paturi","spitalul judetean alba","stiri","Urbea Mea","zlatna"],"articleSection":["Administra\u021bie"],"inLanguage":"ro-RO","potentialAction":[{"@type":"CommentAction","name":"Comment","target":["https:\/\/urbeamea.ro\/albaiulia\/modificari-in-structura-spitalului-judetean-alba-privind-deschiderea-unui-compartiment-pentru-boli-cronice-la-zlatna-aprobat-in-consiliul-local\/#respond"]}]},{"@type":"WebPage","@id":"https:\/\/urbeamea.ro\/albaiulia\/modificari-in-structura-spitalului-judetean-alba-privind-deschiderea-unui-compartiment-pentru-boli-cronice-la-zlatna-aprobat-in-consiliul-local\/","url":"https:\/\/urbeamea.ro\/albaiulia\/modificari-in-structura-spitalului-judetean-alba-privind-deschiderea-unui-compartiment-pentru-boli-cronice-la-zlatna-aprobat-in-consiliul-local\/","name":"Modific\u0103ri \u00een structura Spitalului Jude\u0163ean Alba privind deschiderea unui compartiment pentru boli cronice la Zlatna aprobat \u00een Consiliul Local - Revista Urbea Mea - Revista de Alba","isPartOf":{"@id":"https:\/\/urbeamea.ro\/albaiulia\/#website"},"primaryImageOfPage":{"@id":"https:\/\/urbeamea.ro\/albaiulia\/modificari-in-structura-spitalului-judetean-alba-privind-deschiderea-unui-compartiment-pentru-boli-cronice-la-zlatna-aprobat-in-consiliul-local\/#primaryimage"},"image":{"@id":"https:\/\/urbeamea.ro\/albaiulia\/modificari-in-structura-spitalului-judetean-alba-privind-deschiderea-unui-compartiment-pentru-boli-cronice-la-zlatna-aprobat-in-consiliul-local\/#primaryimage"},"thumbnailUrl":"https:\/\/urbeamea.ro\/albaiulia\/wp-content\/uploads\/2016\/03\/DSC_0007-5.jpg","datePublished":"2016-03-17T11:10:28+00:00","author":{"@id":"https:\/\/urbeamea.ro\/albaiulia\/#\/schema\/person\/9700d21fae21c4f038b0b56f4506264a"},"description":"La Zlatna, \u00eencepe procedura pentru deschiderea compartimentului extern al Spitalului Jude\u0163ean de Urgen\u0163\u0103 Alba, pentru boli cronice. \u00cen spial vor fi\u00a012","breadcrumb":{"@id":"https:\/\/urbeamea.ro\/albaiulia\/modificari-in-structura-spitalului-judetean-alba-privind-deschiderea-unui-compartiment-pentru-boli-cronice-la-zlatna-aprobat-in-consiliul-local\/#breadcrumb"},"inLanguage":"ro-RO","potentialAction":[{"@type":"ReadAction","target":["https:\/\/urbeamea.ro\/albaiulia\/modificari-in-structura-spitalului-judetean-alba-privind-deschiderea-unui-compartiment-pentru-boli-cronice-la-zlatna-aprobat-in-consiliul-local\/"]}]},{"@type":"ImageObject","inLanguage":"ro-RO","@id":"https:\/\/urbeamea.ro\/albaiulia\/modificari-in-structura-spitalului-judetean-alba-privind-deschiderea-unui-compartiment-pentru-boli-cronice-la-zlatna-aprobat-in-consiliul-local\/#primaryimage","url":"https:\/\/urbeamea.ro\/albaiulia\/wp-content\/uploads\/2016\/03\/DSC_0007-5.jpg","contentUrl":"https:\/\/urbeamea.ro\/albaiulia\/wp-content\/uploads\/2016\/03\/DSC_0007-5.jpg","width":1280,"height":853},{"@type":"BreadcrumbList","@id":"https:\/\/urbeamea.ro\/albaiulia\/modificari-in-structura-spitalului-judetean-alba-privind-deschiderea-unui-compartiment-pentru-boli-cronice-la-zlatna-aprobat-in-consiliul-local\/#breadcrumb","itemListElement":[{"@type":"ListItem","position":1,"name":"Prima pagin\u0103","item":"https:\/\/urbeamea.ro\/albaiulia\/"},{"@type":"ListItem","position":2,"name":"Modific\u0103ri \u00een structura Spitalului Jude\u0163ean Alba privind deschiderea unui compartiment pentru boli cronice la Zlatna aprobat \u00een Consiliul Local"}]},{"@type":"WebSite","@id":"https:\/\/urbeamea.ro\/albaiulia\/#website","url":"https:\/\/urbeamea.ro\/albaiulia\/","name":"Revista Urbea Mea, Stiri urbane","description":"Evenimente \u0219i \u0219tiri din Alba Iulia, Sebe\u0219, Aiud, Blaj","potentialAction":[{"@type":"SearchAction","target":{"@type":"EntryPoint","urlTemplate":"https:\/\/urbeamea.ro\/albaiulia\/?s={search_term_string}"},"query-input":{"@type":"PropertyValueSpecification","valueRequired":true,"valueName":"search_term_string"}}],"inLanguage":"ro-RO"},{"@type":"Person","@id":"https:\/\/urbeamea.ro\/albaiulia\/#\/schema\/person\/9700d21fae21c4f038b0b56f4506264a","name":"Cristina Ganga","image":{"@type":"ImageObject","inLanguage":"ro-RO","@id":"https:\/\/secure.gravatar.com\/avatar\/5a67661041f057b4a8ccaf26f5a8e86e2689372006d01faf3dd9eeb10b654bb4?s=96&d=mm&r=g","url":"https:\/\/secure.gravatar.com\/avatar\/5a67661041f057b4a8ccaf26f5a8e86e2689372006d01faf3dd9eeb10b654bb4?s=96&d=mm&r=g","contentUrl":"https:\/\/secure.gravatar.com\/avatar\/5a67661041f057b4a8ccaf26f5a8e86e2689372006d01faf3dd9eeb10b654bb4?s=96&d=mm&r=g","caption":"Cristina Ganga"},"description":"Jurnalist","sameAs":["https:\/\/www.facebook.com\/cristina.nicola.587"],"url":"https:\/\/urbeamea.ro\/albaiulia\/author\/cristina-nicola\/"}]}},"_links":{"self":[{"href":"https:\/\/urbeamea.ro\/albaiulia\/wp-json\/wp\/v2\/posts\/19939","targetHints":{"allow":["GET"]}}],"collection":[{"href":"https:\/\/urbeamea.ro\/albaiulia\/wp-json\/wp\/v2\/posts"}],"about":[{"href":"https:\/\/urbeamea.ro\/albaiulia\/wp-json\/wp\/v2\/types\/post"}],"author":[{"embeddable":true,"href":"https:\/\/urbeamea.ro\/albaiulia\/wp-json\/wp\/v2\/users\/17"}],"replies":[{"embeddable":true,"href":"https:\/\/urbeamea.ro\/albaiulia\/wp-json\/wp\/v2\/comments?post=19939"}],"version-history":[{"count":0,"href":"https:\/\/urbeamea.ro\/albaiulia\/wp-json\/wp\/v2\/posts\/19939\/revisions"}],"wp:featuredmedia":[{"embeddable":true,"href":"https:\/\/urbeamea.ro\/albaiulia\/wp-json\/wp\/v2\/media\/19940"}],"wp:attachment":[{"href":"https:\/\/urbeamea.ro\/albaiulia\/wp-json\/wp\/v2\/media?parent=19939"}],"wp:term":[{"taxonomy":"category","embeddable":true,"href":"https:\/\/urbeamea.ro\/albaiulia\/wp-json\/wp\/v2\/categories?post=19939"},{"taxonomy":"post_tag","embeddable":true,"href":"https:\/\/urbeamea.ro\/albaiulia\/wp-json\/wp\/v2\/tags?post=19939"}],"curies":[{"name":"wp","href":"https:\/\/api.w.org\/{rel}","templated":true}]}}