{"id":20025,"date":"2016-03-18T12:24:32","date_gmt":"2016-03-18T10:24:32","guid":{"rendered":"http:\/\/urbeamea.ro\/albaiulia\/?p=20025"},"modified":"2016-03-18T12:24:32","modified_gmt":"2016-03-18T10:24:32","slug":"in-weekend-sarbatoarea-mierii-la-blaj-editia-a-ix-a-programul-manifestarii","status":"publish","type":"post","link":"https:\/\/urbeamea.ro\/albaiulia\/in-weekend-sarbatoarea-mierii-la-blaj-editia-a-ix-a-programul-manifestarii\/","title":{"rendered":"\u00cen weekend: \u201dS\u0103rb\u0103toarea mierii\u201d la Blaj, edi\u021bia a IX-a. Programul manifest\u0103rii"},"content":{"rendered":"<p><strong><img loading=\"lazy\" decoding=\"async\" class=\"size-medium wp-image-20026 alignleft\" src=\"http:\/\/urbeamea.ro\/albaiulia\/wp-content\/uploads\/2016\/03\/sarbatoarea-mierii-300x111.jpg\" alt=\"sarbatoarea mierii\" width=\"300\" height=\"111\" \/>Pasiona\u021bii de apicultur\u0103 \u0219i nu numai sunt a\u0219tepta\u021bi la cel mai mare t\u00e2rg apicol din Rom\u00e2nia, ajuns la cea de-a IX-a edi\u021bie. Este vorba despre \u201dS\u0103rb\u0103toarea mierii\u201d care va avea loc \u00een acest weekend la Blaj.<\/strong><\/p>\n<p>Pentru edi\u021bia de anul acesta, organizatorii s-au g\u00e2ndit la promovarea portului popular tradi\u0163ional. Astfel, to\u0163i apicultorii care s\u00e2mb\u0103t\u0103, 19 martie, \u00een intervalul orar 10.00-12.00 vor fi \u00eembr\u0103ca\u0163i \u00een costum popular reprezentativ pentru regiunea istoric\u0103 din care provin, vor primi c\u00e2te un bon valoric pentru utilaje \u015fi unelte agricole.<\/p>\n<p>Toate doamnele \u015fi domni\u015foarele care merg la\u00a0t\u00e2rg \u00eembr\u0103cate \u00een costum popular vor primi din partea organizatorilor c\u00e2te un \u015for\u0163 de buc\u0103t\u0103rie.\u00a0Nici cei mici nu au fost uitati, \u0219i \u00een diminea\u0163a zilei de duminic\u0103, 20 martie, copiii \u00een port tradi\u0163ional vor fi recompensa\u0163i cu c\u0103r\u0163i de colorat, creioane, baloane colorate \u015fi miere.<\/p>\n<p>Apicultorii cei mai dibaci vor fi provoca\u0163i s\u0103 \u00ee\u0219i demonstreze iscusin\u0163a \u00een cadrul concursului \u00a0\u201cApicultorul meseria\u015f\u201d, iar cel care asambleaz\u0103 un stup \u00een cel mai scurt timp poate pleca cu el acas\u0103.<\/p>\n<p>\u00cen urma\u00a0succesului de anul trecut, din program nu va lipsi componenta show-ului culinar, unde bbuc\u0103tarii vor oferi gospodinelor \u015fansa de a lua noti\u0163e cu privire la modul de preparare a re\u0163etelor care au \u00een compozi\u0163ie miere sau a produselor tradi\u0163ionale locale.<\/p>\n<p>\u00ab\u00a0S\u0103rb\u0103torea Mierii\u00a0\u00bb 2016 va avea loc \u00een Pia\u0163a 1848, din dorin\u0163a administra\u0163iei publice locale de a re\u00eenvia o mai veche tradi\u0163ie local\u0103 de a organiza evenimentele comunit\u0103\u0163ii \u00een aceast\u0103 zon\u0103 istoric\u0103.<\/p>\n<p>Pentru buna organizare a acestui eveniment, la care se estimeaz\u0103 o participare de aproximativ 6.000 de persoane \u00een cele dou\u0103 zile, Prim\u0103ria municipiului Blaj ,Poli\u0163ia municipiului Blaj \u015fi Jandarmeria Rom\u00e2n\u0103, au hot\u0103r\u00e2t restric\u0163ionarea traficului rutier \u00een Pia\u0163a 1848, str. Astra, str. Timotei Cipariu , str. Pentru Pavel Aron \u015fi str. Mitropolit Vancea, \u00eencep\u00e2nd de vineri, 18 martie 2014 \u2013 ora 16.00, p\u00e2n\u0103 duminic\u0103, 20 martie, ora 16.00.<\/p>\n<p><strong>Programul manifest\u0103rii cuprinde urm\u0103toarele momente<\/strong>:<\/p>\n<p>Sambata, 19 Martie 2016<\/p>\n<p><strong>10<sup>00\u00a0<\/sup>Deschiderea Oficiala a targului<\/strong><\/p>\n<p>Scena \u00een aer liber, Pia\u021ba 1848 Blaj<\/p>\n<p><strong>10<sup>00\u00a0<\/sup>\u2013 12<sup>00\u00a0\u00a0<\/sup>Inscriere concurs \u201eTraditia in apicultura\u201d<\/strong><\/p>\n<p>Promovam apicultura romaneasca prin portul popular. Intre orele 10-12 la standul Apis toti apicultorii imbracati in costum popular se pot inscrie pentru premii in valoare de 50 de lei.<\/p>\n<p>Standul Apis<\/p>\n<p><strong>\u00a010<sup>30\u00a0<\/sup>Conferinte pentru apicultori<\/strong><\/p>\n<p>Programul National Apicol 2014-2016 Prezentare Legea 145\/2014 pentru stabilirea unor masuri de reglementare a pietei produselor din sectorul agricol. Strategia Veterina privind controlul oficial in domeniul apiculturii.<\/p>\n<p>Sala de conferin\u021be a prim\u0103riei Municipiului Blaj<\/p>\n<p><strong>\u00a012<sup>00\u00a0<\/sup>Concursul \u201eApicultorul Meserias\u201d<\/strong><\/p>\n<p>Cel mai rapid apicultor la montarea unui stup.<\/p>\n<p>Standul Apis<\/p>\n<p><strong>\u00a013<sup>00\u00a0<\/sup>Spectacol pe tema mierii<\/strong><\/p>\n<p>Dansul Apicultorului, sustinut de majoretele de la Scoala Toma Cocisiu Blaj si un grup de majorete adusi speciali pentru Sarbatoarea Mierii de firma Lyson din Polonia.<\/p>\n<p>Scena \u00een aer liber, Pia\u021ba 1848 Blaj<\/p>\n<p><strong>\u00a014<sup>00\u00a0<\/sup>Tombola albinutelor<\/strong><\/p>\n<p>Tombol\u0103 cu premii \u00een produse apicole oferite de Apidava pentru vizitatorii afla\u021bi la t\u00e2rg.<\/p>\n<p>Scena \u00een aer liber<\/p>\n<p><strong>\u00a0 18<sup>30\u00a0<\/sup>Concert Live pentru tineret<\/strong><\/p>\n<p>Arpi &amp; Zip Band, Lidia Buble. In deschidere Ravy si formatia R-Born din Blaj.<\/p>\n<p>Scena \u00een aer liber<\/p>\n<p><strong>Duminica, 20 Martie 2016<\/strong><\/p>\n<p><strong>10<sup>00\u00a0<\/sup>T\u00e2rg cu v\u00e2nzare<\/strong><\/p>\n<p>Produse apicole, apiterapeutice, ecologice \u0219i traditionale. Echipamente si utilaje apicole.<\/p>\n<p>Piata 1848<\/p>\n<p><strong>12<sup>00\u00a0<\/sup>Spectacol pentru copii<\/strong><\/p>\n<p>Scena \u00een aer liber.<\/p>\n","protected":false},"excerpt":{"rendered":"<p>Pasiona\u021bii de apicultur\u0103 \u0219i nu numai sunt a\u0219tepta\u021bi la cel mai mare t\u00e2rg apicol din Rom\u00e2nia, ajuns la cea de-a IX-a edi\u021bie. Este vorba despre \u201dS\u0103rb\u0103toarea mierii\u201d care va avea loc \u00een acest weekend la Blaj. Pentru edi\u021bia de anul acesta, organizatorii s-au g\u00e2ndit la promovarea portului popular tradi\u0163ional. Astfel, to\u0163i apicultorii care s\u00e2mb\u0103t\u0103, 19 &hellip;<\/p>\n","protected":false},"author":17,"featured_media":20026,"comment_status":"open","ping_status":"open","sticky":false,"template":"","format":"standard","meta":{"inline_featured_image":false,"footnotes":""},"categories":[4],"tags":[3879,3878,3882,170,3880,614,3881,3883,1283,3877,361,308,563,76],"class_list":["post-20025","post","type-post","status-publish","format-standard","has-post-thumbnail","hentry","category-eveniment","tag-apicultorul-meserias","tag-apicultura","tag-arpi-zip-band","tag-blaj","tag-bucatari","tag-concert","tag-gospodine","tag-lidia-buble","tag-port-popular","tag-sarbatoarea-mierii","tag-scena","tag-stiri","tag-targ","tag-urbea-mea"],"yoast_head":"<!-- This site is optimized with the Yoast SEO plugin v28.3 - https:\/\/yoast.com\/product\/yoast-seo-wordpress\/ -->\n<title>\u00cen weekend: \u201dS\u0103rb\u0103toarea mierii\u201d la Blaj, edi\u021bia a IX-a. Programul manifest\u0103rii - Revista Urbea Mea - Revista de Alba<\/title>\n<meta name=\"description\" content=\"Pasiona\u021bii de apicultur\u0103 \u0219i nu numai sunt a\u0219tepta\u021bi la cel mai mare t\u00e2rg apicol din Rom\u00e2nia, ajuns la cea de-a IX-a edi\u021bie. Este vorba despre \u201dS\u0103rb\u0103toarea\" \/>\n<meta name=\"robots\" content=\"index, follow, max-snippet:-1, max-image-preview:large, max-video-preview:-1\" \/>\n<link rel=\"canonical\" href=\"https:\/\/urbeamea.ro\/albaiulia\/in-weekend-sarbatoarea-mierii-la-blaj-editia-a-ix-a-programul-manifestarii\/\" \/>\n<meta name=\"twitter:card\" content=\"summary_large_image\" \/>\n<meta name=\"twitter:title\" content=\"\u00cen weekend: \u201dS\u0103rb\u0103toarea mierii\u201d la Blaj, edi\u021bia a IX-a. Programul manifest\u0103rii - Revista Urbea Mea - Revista de Alba\" \/>\n<meta name=\"twitter:description\" content=\"Pasiona\u021bii de apicultur\u0103 \u0219i nu numai sunt a\u0219tepta\u021bi la cel mai mare t\u00e2rg apicol din Rom\u00e2nia, ajuns la cea de-a IX-a edi\u021bie. Este vorba despre \u201dS\u0103rb\u0103toarea\" \/>\n<meta name=\"twitter:image\" content=\"https:\/\/urbeamea.ro\/albaiulia\/wp-content\/uploads\/2016\/03\/sarbatoarea-mierii.jpg\" \/>\n<meta name=\"twitter:creator\" content=\"@urbeameaweb\" \/>\n<meta name=\"twitter:site\" content=\"@urbeameaweb\" \/>\n<script type=\"application\/ld+json\" class=\"yoast-schema-graph\">{\"@context\":\"https:\\\/\\\/schema.org\",\"@graph\":[{\"@type\":\"Article\",\"@id\":\"https:\\\/\\\/urbeamea.ro\\\/albaiulia\\\/in-weekend-sarbatoarea-mierii-la-blaj-editia-a-ix-a-programul-manifestarii\\\/#article\",\"isPartOf\":{\"@id\":\"https:\\\/\\\/urbeamea.ro\\\/albaiulia\\\/in-weekend-sarbatoarea-mierii-la-blaj-editia-a-ix-a-programul-manifestarii\\\/\"},\"author\":{\"name\":\"Cristina Ganga\",\"@id\":\"https:\\\/\\\/urbeamea.ro\\\/albaiulia\\\/#\\\/schema\\\/person\\\/9700d21fae21c4f038b0b56f4506264a\"},\"headline\":\"\u00cen weekend: \u201dS\u0103rb\u0103toarea mierii\u201d la Blaj, edi\u021bia a IX-a. Programul manifest\u0103rii\",\"datePublished\":\"2016-03-18T10:24:32+00:00\",\"mainEntityOfPage\":{\"@id\":\"https:\\\/\\\/urbeamea.ro\\\/albaiulia\\\/in-weekend-sarbatoarea-mierii-la-blaj-editia-a-ix-a-programul-manifestarii\\\/\"},\"wordCount\":575,\"commentCount\":0,\"image\":{\"@id\":\"https:\\\/\\\/urbeamea.ro\\\/albaiulia\\\/in-weekend-sarbatoarea-mierii-la-blaj-editia-a-ix-a-programul-manifestarii\\\/#primaryimage\"},\"thumbnailUrl\":\"https:\\\/\\\/urbeamea.ro\\\/albaiulia\\\/wp-content\\\/uploads\\\/2016\\\/03\\\/sarbatoarea-mierii.jpg\",\"keywords\":[\"apicultorul meserias\",\"apicultura\",\"Arpi &amp; Zip Band\",\"blaj\",\"bucatari\",\"concert\",\"gospodine\",\"Lidia Buble\",\"port popular\",\"sarbatoarea mierii\",\"scena\",\"stiri\",\"targ\",\"Urbea Mea\"],\"articleSection\":[\"Evenimente\"],\"inLanguage\":\"ro-RO\",\"potentialAction\":[{\"@type\":\"CommentAction\",\"name\":\"Comment\",\"target\":[\"https:\\\/\\\/urbeamea.ro\\\/albaiulia\\\/in-weekend-sarbatoarea-mierii-la-blaj-editia-a-ix-a-programul-manifestarii\\\/#respond\"]}]},{\"@type\":\"WebPage\",\"@id\":\"https:\\\/\\\/urbeamea.ro\\\/albaiulia\\\/in-weekend-sarbatoarea-mierii-la-blaj-editia-a-ix-a-programul-manifestarii\\\/\",\"url\":\"https:\\\/\\\/urbeamea.ro\\\/albaiulia\\\/in-weekend-sarbatoarea-mierii-la-blaj-editia-a-ix-a-programul-manifestarii\\\/\",\"name\":\"\u00cen weekend: \u201dS\u0103rb\u0103toarea mierii\u201d la Blaj, edi\u021bia a IX-a. Programul manifest\u0103rii - Revista Urbea Mea - Revista de Alba\",\"isPartOf\":{\"@id\":\"https:\\\/\\\/urbeamea.ro\\\/albaiulia\\\/#website\"},\"primaryImageOfPage\":{\"@id\":\"https:\\\/\\\/urbeamea.ro\\\/albaiulia\\\/in-weekend-sarbatoarea-mierii-la-blaj-editia-a-ix-a-programul-manifestarii\\\/#primaryimage\"},\"image\":{\"@id\":\"https:\\\/\\\/urbeamea.ro\\\/albaiulia\\\/in-weekend-sarbatoarea-mierii-la-blaj-editia-a-ix-a-programul-manifestarii\\\/#primaryimage\"},\"thumbnailUrl\":\"https:\\\/\\\/urbeamea.ro\\\/albaiulia\\\/wp-content\\\/uploads\\\/2016\\\/03\\\/sarbatoarea-mierii.jpg\",\"datePublished\":\"2016-03-18T10:24:32+00:00\",\"author\":{\"@id\":\"https:\\\/\\\/urbeamea.ro\\\/albaiulia\\\/#\\\/schema\\\/person\\\/9700d21fae21c4f038b0b56f4506264a\"},\"description\":\"Pasiona\u021bii de apicultur\u0103 \u0219i nu numai sunt a\u0219tepta\u021bi la cel mai mare t\u00e2rg apicol din Rom\u00e2nia, ajuns la cea de-a IX-a edi\u021bie. Este vorba despre \u201dS\u0103rb\u0103toarea\",\"breadcrumb\":{\"@id\":\"https:\\\/\\\/urbeamea.ro\\\/albaiulia\\\/in-weekend-sarbatoarea-mierii-la-blaj-editia-a-ix-a-programul-manifestarii\\\/#breadcrumb\"},\"inLanguage\":\"ro-RO\",\"potentialAction\":[{\"@type\":\"ReadAction\",\"target\":[\"https:\\\/\\\/urbeamea.ro\\\/albaiulia\\\/in-weekend-sarbatoarea-mierii-la-blaj-editia-a-ix-a-programul-manifestarii\\\/\"]}]},{\"@type\":\"ImageObject\",\"inLanguage\":\"ro-RO\",\"@id\":\"https:\\\/\\\/urbeamea.ro\\\/albaiulia\\\/in-weekend-sarbatoarea-mierii-la-blaj-editia-a-ix-a-programul-manifestarii\\\/#primaryimage\",\"url\":\"https:\\\/\\\/urbeamea.ro\\\/albaiulia\\\/wp-content\\\/uploads\\\/2016\\\/03\\\/sarbatoarea-mierii.jpg\",\"contentUrl\":\"https:\\\/\\\/urbeamea.ro\\\/albaiulia\\\/wp-content\\\/uploads\\\/2016\\\/03\\\/sarbatoarea-mierii.jpg\",\"width\":960,\"height\":354},{\"@type\":\"BreadcrumbList\",\"@id\":\"https:\\\/\\\/urbeamea.ro\\\/albaiulia\\\/in-weekend-sarbatoarea-mierii-la-blaj-editia-a-ix-a-programul-manifestarii\\\/#breadcrumb\",\"itemListElement\":[{\"@type\":\"ListItem\",\"position\":1,\"name\":\"Prima pagin\u0103\",\"item\":\"https:\\\/\\\/urbeamea.ro\\\/albaiulia\\\/\"},{\"@type\":\"ListItem\",\"position\":2,\"name\":\"\u00cen weekend: \u201dS\u0103rb\u0103toarea mierii\u201d la Blaj, edi\u021bia a IX-a. Programul manifest\u0103rii\"}]},{\"@type\":\"WebSite\",\"@id\":\"https:\\\/\\\/urbeamea.ro\\\/albaiulia\\\/#website\",\"url\":\"https:\\\/\\\/urbeamea.ro\\\/albaiulia\\\/\",\"name\":\"Revista Urbea Mea, Stiri urbane\",\"description\":\"Evenimente \u0219i \u0219tiri din Alba Iulia, Sebe\u0219, Aiud, Blaj\",\"potentialAction\":[{\"@type\":\"SearchAction\",\"target\":{\"@type\":\"EntryPoint\",\"urlTemplate\":\"https:\\\/\\\/urbeamea.ro\\\/albaiulia\\\/?s={search_term_string}\"},\"query-input\":{\"@type\":\"PropertyValueSpecification\",\"valueRequired\":true,\"valueName\":\"search_term_string\"}}],\"inLanguage\":\"ro-RO\"},{\"@type\":\"Person\",\"@id\":\"https:\\\/\\\/urbeamea.ro\\\/albaiulia\\\/#\\\/schema\\\/person\\\/9700d21fae21c4f038b0b56f4506264a\",\"name\":\"Cristina Ganga\",\"image\":{\"@type\":\"ImageObject\",\"inLanguage\":\"ro-RO\",\"@id\":\"https:\\\/\\\/secure.gravatar.com\\\/avatar\\\/5a67661041f057b4a8ccaf26f5a8e86e2689372006d01faf3dd9eeb10b654bb4?s=96&d=mm&r=g\",\"url\":\"https:\\\/\\\/secure.gravatar.com\\\/avatar\\\/5a67661041f057b4a8ccaf26f5a8e86e2689372006d01faf3dd9eeb10b654bb4?s=96&d=mm&r=g\",\"contentUrl\":\"https:\\\/\\\/secure.gravatar.com\\\/avatar\\\/5a67661041f057b4a8ccaf26f5a8e86e2689372006d01faf3dd9eeb10b654bb4?s=96&d=mm&r=g\",\"caption\":\"Cristina Ganga\"},\"description\":\"Jurnalist\",\"sameAs\":[\"https:\\\/\\\/www.facebook.com\\\/cristina.nicola.587\"],\"url\":\"https:\\\/\\\/urbeamea.ro\\\/albaiulia\\\/author\\\/cristina-nicola\\\/\"}]}<\/script>\n<!-- \/ Yoast SEO plugin. -->","yoast_head_json":{"title":"\u00cen weekend: \u201dS\u0103rb\u0103toarea mierii\u201d la Blaj, edi\u021bia a IX-a. Programul manifest\u0103rii - Revista Urbea Mea - Revista de Alba","description":"Pasiona\u021bii de apicultur\u0103 \u0219i nu numai sunt a\u0219tepta\u021bi la cel mai mare t\u00e2rg apicol din Rom\u00e2nia, ajuns la cea de-a IX-a edi\u021bie. Este vorba despre \u201dS\u0103rb\u0103toarea","robots":{"index":"index","follow":"follow","max-snippet":"max-snippet:-1","max-image-preview":"max-image-preview:large","max-video-preview":"max-video-preview:-1"},"canonical":"https:\/\/urbeamea.ro\/albaiulia\/in-weekend-sarbatoarea-mierii-la-blaj-editia-a-ix-a-programul-manifestarii\/","twitter_card":"summary_large_image","twitter_title":"\u00cen weekend: \u201dS\u0103rb\u0103toarea mierii\u201d la Blaj, edi\u021bia a IX-a. Programul manifest\u0103rii - Revista Urbea Mea - Revista de Alba","twitter_description":"Pasiona\u021bii de apicultur\u0103 \u0219i nu numai sunt a\u0219tepta\u021bi la cel mai mare t\u00e2rg apicol din Rom\u00e2nia, ajuns la cea de-a IX-a edi\u021bie. Este vorba despre \u201dS\u0103rb\u0103toarea","twitter_image":"https:\/\/urbeamea.ro\/albaiulia\/wp-content\/uploads\/2016\/03\/sarbatoarea-mierii.jpg","twitter_creator":"@urbeameaweb","twitter_site":"@urbeameaweb","schema":{"@context":"https:\/\/schema.org","@graph":[{"@type":"Article","@id":"https:\/\/urbeamea.ro\/albaiulia\/in-weekend-sarbatoarea-mierii-la-blaj-editia-a-ix-a-programul-manifestarii\/#article","isPartOf":{"@id":"https:\/\/urbeamea.ro\/albaiulia\/in-weekend-sarbatoarea-mierii-la-blaj-editia-a-ix-a-programul-manifestarii\/"},"author":{"name":"Cristina Ganga","@id":"https:\/\/urbeamea.ro\/albaiulia\/#\/schema\/person\/9700d21fae21c4f038b0b56f4506264a"},"headline":"\u00cen weekend: \u201dS\u0103rb\u0103toarea mierii\u201d la Blaj, edi\u021bia a IX-a. Programul manifest\u0103rii","datePublished":"2016-03-18T10:24:32+00:00","mainEntityOfPage":{"@id":"https:\/\/urbeamea.ro\/albaiulia\/in-weekend-sarbatoarea-mierii-la-blaj-editia-a-ix-a-programul-manifestarii\/"},"wordCount":575,"commentCount":0,"image":{"@id":"https:\/\/urbeamea.ro\/albaiulia\/in-weekend-sarbatoarea-mierii-la-blaj-editia-a-ix-a-programul-manifestarii\/#primaryimage"},"thumbnailUrl":"https:\/\/urbeamea.ro\/albaiulia\/wp-content\/uploads\/2016\/03\/sarbatoarea-mierii.jpg","keywords":["apicultorul meserias","apicultura","Arpi &amp; Zip Band","blaj","bucatari","concert","gospodine","Lidia Buble","port popular","sarbatoarea mierii","scena","stiri","targ","Urbea Mea"],"articleSection":["Evenimente"],"inLanguage":"ro-RO","potentialAction":[{"@type":"CommentAction","name":"Comment","target":["https:\/\/urbeamea.ro\/albaiulia\/in-weekend-sarbatoarea-mierii-la-blaj-editia-a-ix-a-programul-manifestarii\/#respond"]}]},{"@type":"WebPage","@id":"https:\/\/urbeamea.ro\/albaiulia\/in-weekend-sarbatoarea-mierii-la-blaj-editia-a-ix-a-programul-manifestarii\/","url":"https:\/\/urbeamea.ro\/albaiulia\/in-weekend-sarbatoarea-mierii-la-blaj-editia-a-ix-a-programul-manifestarii\/","name":"\u00cen weekend: \u201dS\u0103rb\u0103toarea mierii\u201d la Blaj, edi\u021bia a IX-a. Programul manifest\u0103rii - Revista Urbea Mea - Revista de Alba","isPartOf":{"@id":"https:\/\/urbeamea.ro\/albaiulia\/#website"},"primaryImageOfPage":{"@id":"https:\/\/urbeamea.ro\/albaiulia\/in-weekend-sarbatoarea-mierii-la-blaj-editia-a-ix-a-programul-manifestarii\/#primaryimage"},"image":{"@id":"https:\/\/urbeamea.ro\/albaiulia\/in-weekend-sarbatoarea-mierii-la-blaj-editia-a-ix-a-programul-manifestarii\/#primaryimage"},"thumbnailUrl":"https:\/\/urbeamea.ro\/albaiulia\/wp-content\/uploads\/2016\/03\/sarbatoarea-mierii.jpg","datePublished":"2016-03-18T10:24:32+00:00","author":{"@id":"https:\/\/urbeamea.ro\/albaiulia\/#\/schema\/person\/9700d21fae21c4f038b0b56f4506264a"},"description":"Pasiona\u021bii de apicultur\u0103 \u0219i nu numai sunt a\u0219tepta\u021bi la cel mai mare t\u00e2rg apicol din Rom\u00e2nia, ajuns la cea de-a IX-a edi\u021bie. Este vorba despre \u201dS\u0103rb\u0103toarea","breadcrumb":{"@id":"https:\/\/urbeamea.ro\/albaiulia\/in-weekend-sarbatoarea-mierii-la-blaj-editia-a-ix-a-programul-manifestarii\/#breadcrumb"},"inLanguage":"ro-RO","potentialAction":[{"@type":"ReadAction","target":["https:\/\/urbeamea.ro\/albaiulia\/in-weekend-sarbatoarea-mierii-la-blaj-editia-a-ix-a-programul-manifestarii\/"]}]},{"@type":"ImageObject","inLanguage":"ro-RO","@id":"https:\/\/urbeamea.ro\/albaiulia\/in-weekend-sarbatoarea-mierii-la-blaj-editia-a-ix-a-programul-manifestarii\/#primaryimage","url":"https:\/\/urbeamea.ro\/albaiulia\/wp-content\/uploads\/2016\/03\/sarbatoarea-mierii.jpg","contentUrl":"https:\/\/urbeamea.ro\/albaiulia\/wp-content\/uploads\/2016\/03\/sarbatoarea-mierii.jpg","width":960,"height":354},{"@type":"BreadcrumbList","@id":"https:\/\/urbeamea.ro\/albaiulia\/in-weekend-sarbatoarea-mierii-la-blaj-editia-a-ix-a-programul-manifestarii\/#breadcrumb","itemListElement":[{"@type":"ListItem","position":1,"name":"Prima pagin\u0103","item":"https:\/\/urbeamea.ro\/albaiulia\/"},{"@type":"ListItem","position":2,"name":"\u00cen weekend: \u201dS\u0103rb\u0103toarea mierii\u201d la Blaj, edi\u021bia a IX-a. Programul manifest\u0103rii"}]},{"@type":"WebSite","@id":"https:\/\/urbeamea.ro\/albaiulia\/#website","url":"https:\/\/urbeamea.ro\/albaiulia\/","name":"Revista Urbea Mea, Stiri urbane","description":"Evenimente \u0219i \u0219tiri din Alba Iulia, Sebe\u0219, Aiud, Blaj","potentialAction":[{"@type":"SearchAction","target":{"@type":"EntryPoint","urlTemplate":"https:\/\/urbeamea.ro\/albaiulia\/?s={search_term_string}"},"query-input":{"@type":"PropertyValueSpecification","valueRequired":true,"valueName":"search_term_string"}}],"inLanguage":"ro-RO"},{"@type":"Person","@id":"https:\/\/urbeamea.ro\/albaiulia\/#\/schema\/person\/9700d21fae21c4f038b0b56f4506264a","name":"Cristina Ganga","image":{"@type":"ImageObject","inLanguage":"ro-RO","@id":"https:\/\/secure.gravatar.com\/avatar\/5a67661041f057b4a8ccaf26f5a8e86e2689372006d01faf3dd9eeb10b654bb4?s=96&d=mm&r=g","url":"https:\/\/secure.gravatar.com\/avatar\/5a67661041f057b4a8ccaf26f5a8e86e2689372006d01faf3dd9eeb10b654bb4?s=96&d=mm&r=g","contentUrl":"https:\/\/secure.gravatar.com\/avatar\/5a67661041f057b4a8ccaf26f5a8e86e2689372006d01faf3dd9eeb10b654bb4?s=96&d=mm&r=g","caption":"Cristina Ganga"},"description":"Jurnalist","sameAs":["https:\/\/www.facebook.com\/cristina.nicola.587"],"url":"https:\/\/urbeamea.ro\/albaiulia\/author\/cristina-nicola\/"}]}},"_links":{"self":[{"href":"https:\/\/urbeamea.ro\/albaiulia\/wp-json\/wp\/v2\/posts\/20025","targetHints":{"allow":["GET"]}}],"collection":[{"href":"https:\/\/urbeamea.ro\/albaiulia\/wp-json\/wp\/v2\/posts"}],"about":[{"href":"https:\/\/urbeamea.ro\/albaiulia\/wp-json\/wp\/v2\/types\/post"}],"author":[{"embeddable":true,"href":"https:\/\/urbeamea.ro\/albaiulia\/wp-json\/wp\/v2\/users\/17"}],"replies":[{"embeddable":true,"href":"https:\/\/urbeamea.ro\/albaiulia\/wp-json\/wp\/v2\/comments?post=20025"}],"version-history":[{"count":0,"href":"https:\/\/urbeamea.ro\/albaiulia\/wp-json\/wp\/v2\/posts\/20025\/revisions"}],"wp:featuredmedia":[{"embeddable":true,"href":"https:\/\/urbeamea.ro\/albaiulia\/wp-json\/wp\/v2\/media\/20026"}],"wp:attachment":[{"href":"https:\/\/urbeamea.ro\/albaiulia\/wp-json\/wp\/v2\/media?parent=20025"}],"wp:term":[{"taxonomy":"category","embeddable":true,"href":"https:\/\/urbeamea.ro\/albaiulia\/wp-json\/wp\/v2\/categories?post=20025"},{"taxonomy":"post_tag","embeddable":true,"href":"https:\/\/urbeamea.ro\/albaiulia\/wp-json\/wp\/v2\/tags?post=20025"}],"curies":[{"name":"wp","href":"https:\/\/api.w.org\/{rel}","templated":true}]}}