{"id":20225,"date":"2016-03-21T08:50:03","date_gmt":"2016-03-21T06:50:03","guid":{"rendered":"http:\/\/urbeamea.ro\/albaiulia\/?p=20225"},"modified":"2016-03-21T08:50:03","modified_gmt":"2016-03-21T06:50:03","slug":"astazi-ziua-mondiala-a-sindromului-down-1-la-800-de-nou-nascuti-pot-avea-acest-sindrom","status":"publish","type":"post","link":"https:\/\/urbeamea.ro\/albaiulia\/astazi-ziua-mondiala-a-sindromului-down-1-la-800-de-nou-nascuti-pot-avea-acest-sindrom\/","title":{"rendered":"AST\u0102ZI: Ziua Mondial\u0103 a Sindromului Down. 1 la 800 de nou-n\u0103scu\u021bi pot avea acest sindrom"},"content":{"rendered":"<p><strong><img loading=\"lazy\" decoding=\"async\" class=\"size-medium wp-image-20226 alignleft\" src=\"http:\/\/urbeamea.ro\/albaiulia\/wp-content\/uploads\/2016\/03\/sindromul-dawn-300x169.jpg\" alt=\"sindromul dawn\" width=\"300\" height=\"169\" \/>Anual, ziua mondial\u0103 a sindromului Down se marcheaz\u0103 la 21 martie. Este o zi de con\u0219tientizare, la nivel global, a problemelor cu care se confrunt\u0103 cei care sufer\u0103 de acest sindrom, o afec\u021biune congenital\u0103 cauzat\u0103 de existen\u021ba unui cromozom suplimentar &#8211; 21.<\/strong><\/p>\n<p class=\"western\" align=\"JUSTIFY\">Din anul 2008, Ziua Mondial\u0103 a Sindromului Down este recunoscut\u0103 \u015fi de Organiza\u0163ia Mondial\u0103 a S\u0103n\u0103t\u0103\u0163ii (OMS), iar din noiembrie 2011, Organiza\u0163ia Na\u0163iunilor Unite (ONU) a adoptat rezolu\u0163ia ce stabile\u015fte data de 21 martie \u2013 Ziua Mondial\u0103 a Sindromului Down.<\/p>\n<p class=\"western\" align=\"JUSTIFY\">\u00cen Rom\u00e2nia, aceast\u0103 zi a fost s\u0103rb\u0103torot\u0103 \u00eencep\u00e2nd din 2006, in cadrul organiza\u0163iilor ce au in componen\u0163\u0103 persoane cu sindrom Down.<\/p>\n<p class=\"western\" align=\"JUSTIFY\">Ca parte a societ\u0103\u021bii noastre, at\u00e2t copiii c\u00e2t \u0219i adul\u021bii cu sindrom Down, trebuie s\u0103 fie pe picior de egalitate cu ceilal\u021bi membrii ai ei, s\u0103 se bucure de acelea\u0219i drepturi, s\u0103 beneficieze de acelea\u0219i \u201eoportunit\u0103\u0163i\u201d \u015fi \u201ealegeri\u201d.<\/p>\n<p class=\"western\" align=\"JUSTIFY\">Persoanele cu sindrom Down, copii \u015fi adul\u0163i, se confrunt\u0103 cu multe provoc\u0103ri care pot include:<\/p>\n<ul>\n<li class=\"western\">s\u0103 fie abandonate, supuse abuzului \u015fi separate de comunit\u0103\u0163ile lor;<\/li>\n<li class=\"western\">s\u0103 fie discriminate \u015fi tratate inegal \u00een sistemele de educa\u0163ie;<\/li>\n<li class=\"western\">s\u0103 fie discriminate \u015fi tratate defectuos de sistemele de s\u0103n\u0103tate;<\/li>\n<li class=\"western\">s\u0103 fie limitate de oportunit\u0103\u0163ile de a munci \u0219i tr\u0103i independent, \u015fi de a fi complet incluse \u00een comunitate;<\/li>\n<li class=\"western\">s\u0103 fie lipsite de dreptul de a se c\u0103s\u0103tori, de a avea rela\u021bii sau familii;<\/li>\n<li class=\"western\">s\u0103 aibe oportunit\u0103\u0163i limitate de a vota sau de a fi ale\u0219i, de a participa \u00een diversele campanii publice;<\/li>\n<\/ul>\n<p class=\"western\" align=\"JUSTIFY\">Acestea \u00eempiedic\u0103 persoanele cu sindrom Down s\u0103 se bucure de drepturile fundamentale ale omului.<\/p>\n<p>Organiza\u021bia Na\u021biunilor Unite subliniaz\u0103 importan\u021ba educa\u021biei, \u00een cazul persoanelor diagnosticate cu sindrom Down, c\u00e2t \u0219i a unei \u00eengrijiri medicale corespunz\u0103toare, f\u0103r\u0103 a omite \u00eens\u0103 necesitatea unui sprijin din partea comunit\u0103\u021bii, prin integrarea lor social\u0103, toate acestea contribuind la ob\u021binerea unei calit\u0103\u021bi optime de via\u021b\u0103.<\/p>\n<p>\u00cen 2006, Organiza\u021bia Interna\u021bional\u0103 a Persoanelor cu Sindromul Down (Down Syndrome International \u2014 DSI) a decis marcarea oficial\u0103 a zilei dedicate Sindromului Langdon \u2014 Down (World Down Syndrome Day \/ Journ\u00e9e Mondiale de la Trisomie 21) la data de 21 martie. Marcarea acestei zile a fost oficial recunoscut\u0103 de Organiza\u021bia Na\u021biunilor Unite \u00een 2012 (Rezolu\u021bia 66\/149), ocazie cu care a avut loc conferin\u021ba cu tema &#8222;Construindu-ne viitorul&#8221;, la sediul ONU din New York, SUA. Aceast\u0103 zi a fost recomandat\u0103 pentru a fi marcat\u0103 \u00een toate \u021b\u0103rile membre ONU.<\/p>\n<p>Potrivit ONU, inciden\u021ba sindromului Down este de 1 la 800 de nou-n\u0103scu\u021bi vii la nivel mondial. Acesta provoac\u0103 dizabilitate intelectual\u0103 \u0219i fizic\u0103, precum \u0219i problemele medicale asociate. &#8221;Sindrom&#8221; reprezint\u0103 o suit\u0103 de semne \u0219i caracteristici, iar &#8221;Down&#8221; provine de la numele medicului englez John Langdon Haydon Down, primul care a descris sindromul \u00een 1866, cu aproximativ 100 de ani \u00eenainte ca acest cromozom suplimentar (21) s\u0103 fie descoperit.<\/p>\n<p class=\"western\" align=\"JUSTIFY\">\n<p class=\"western\" align=\"JUSTIFY\">sursa: Agerpres.ro<\/p>\n","protected":false},"excerpt":{"rendered":"<p>Anual, ziua mondial\u0103 a sindromului Down se marcheaz\u0103 la 21 martie. Este o zi de con\u0219tientizare, la nivel global, a problemelor cu care se confrunt\u0103 cei care sufer\u0103 de acest sindrom, o afec\u021biune congenital\u0103 cauzat\u0103 de existen\u021ba unui cromozom suplimentar &#8211; 21. Din anul 2008, Ziua Mondial\u0103 a Sindromului Down este recunoscut\u0103 \u015fi de Organiza\u0163ia &hellip;<\/p>\n","protected":false},"author":17,"featured_media":20226,"comment_status":"open","ping_status":"open","sticky":false,"template":"","format":"standard","meta":{"inline_featured_image":false,"footnotes":""},"categories":[255],"tags":[3918,307,742,1045,2520,3917,3919,3922,3916,3921,308,76,3920],"class_list":["post-20225","post","type-post","status-publish","format-standard","has-post-thumbnail","hentry","category-sanatate","tag-adulti","tag-alba","tag-copii","tag-drepturi","tag-familii","tag-onu","tag-provcari","tag-relatii","tag-sindromul-dawn","tag-sisteme-de-educatie","tag-stiri","tag-urbea-mea","tag-ziua-mondiala"],"yoast_head":"<!-- This site is optimized with the Yoast SEO plugin v28.3 - https:\/\/yoast.com\/product\/yoast-seo-wordpress\/ -->\n<title>AST\u0102ZI: Ziua Mondial\u0103 a Sindromului Down. 1 la 800 de nou-n\u0103scu\u021bi pot avea acest sindrom - Revista Urbea Mea - Revista de Alba<\/title>\n<meta name=\"description\" content=\"Anual, ziua mondial\u0103 a sindromului Down se marcheaz\u0103 la 21 martie. Este o zi de con\u0219tientizare, la nivel global, a problemelor cu care se confrunt\u0103 cei\" \/>\n<meta name=\"robots\" content=\"index, follow, max-snippet:-1, max-image-preview:large, max-video-preview:-1\" \/>\n<link rel=\"canonical\" href=\"https:\/\/urbeamea.ro\/albaiulia\/astazi-ziua-mondiala-a-sindromului-down-1-la-800-de-nou-nascuti-pot-avea-acest-sindrom\/\" \/>\n<meta name=\"twitter:card\" content=\"summary_large_image\" \/>\n<meta name=\"twitter:title\" content=\"AST\u0102ZI: Ziua Mondial\u0103 a Sindromului Down. 1 la 800 de nou-n\u0103scu\u021bi pot avea acest sindrom - Revista Urbea Mea - Revista de Alba\" \/>\n<meta name=\"twitter:description\" content=\"Anual, ziua mondial\u0103 a sindromului Down se marcheaz\u0103 la 21 martie. Este o zi de con\u0219tientizare, la nivel global, a problemelor cu care se confrunt\u0103 cei\" \/>\n<meta name=\"twitter:image\" content=\"https:\/\/urbeamea.ro\/albaiulia\/wp-content\/uploads\/2016\/03\/sindromul-dawn.jpg\" \/>\n<meta name=\"twitter:creator\" content=\"@urbeameaweb\" \/>\n<meta name=\"twitter:site\" content=\"@urbeameaweb\" \/>\n<script type=\"application\/ld+json\" class=\"yoast-schema-graph\">{\"@context\":\"https:\\\/\\\/schema.org\",\"@graph\":[{\"@type\":\"Article\",\"@id\":\"https:\\\/\\\/urbeamea.ro\\\/albaiulia\\\/astazi-ziua-mondiala-a-sindromului-down-1-la-800-de-nou-nascuti-pot-avea-acest-sindrom\\\/#article\",\"isPartOf\":{\"@id\":\"https:\\\/\\\/urbeamea.ro\\\/albaiulia\\\/astazi-ziua-mondiala-a-sindromului-down-1-la-800-de-nou-nascuti-pot-avea-acest-sindrom\\\/\"},\"author\":{\"name\":\"Cristina Ganga\",\"@id\":\"https:\\\/\\\/urbeamea.ro\\\/albaiulia\\\/#\\\/schema\\\/person\\\/9700d21fae21c4f038b0b56f4506264a\"},\"headline\":\"AST\u0102ZI: Ziua Mondial\u0103 a Sindromului Down. 1 la 800 de nou-n\u0103scu\u021bi pot avea acest sindrom\",\"datePublished\":\"2016-03-21T06:50:03+00:00\",\"mainEntityOfPage\":{\"@id\":\"https:\\\/\\\/urbeamea.ro\\\/albaiulia\\\/astazi-ziua-mondiala-a-sindromului-down-1-la-800-de-nou-nascuti-pot-avea-acest-sindrom\\\/\"},\"wordCount\":509,\"commentCount\":0,\"image\":{\"@id\":\"https:\\\/\\\/urbeamea.ro\\\/albaiulia\\\/astazi-ziua-mondiala-a-sindromului-down-1-la-800-de-nou-nascuti-pot-avea-acest-sindrom\\\/#primaryimage\"},\"thumbnailUrl\":\"https:\\\/\\\/urbeamea.ro\\\/albaiulia\\\/wp-content\\\/uploads\\\/2016\\\/03\\\/sindromul-dawn.jpg\",\"keywords\":[\"adulti\",\"alba\",\"copii\",\"drepturi\",\"familii\",\"ONU\",\"provcari\",\"relatii\",\"sindromul dawn\",\"sisteme de educatie\",\"stiri\",\"Urbea Mea\",\"ziua mondiala\"],\"articleSection\":[\"S\u0103n\u0103tate\"],\"inLanguage\":\"ro-RO\",\"potentialAction\":[{\"@type\":\"CommentAction\",\"name\":\"Comment\",\"target\":[\"https:\\\/\\\/urbeamea.ro\\\/albaiulia\\\/astazi-ziua-mondiala-a-sindromului-down-1-la-800-de-nou-nascuti-pot-avea-acest-sindrom\\\/#respond\"]}]},{\"@type\":\"WebPage\",\"@id\":\"https:\\\/\\\/urbeamea.ro\\\/albaiulia\\\/astazi-ziua-mondiala-a-sindromului-down-1-la-800-de-nou-nascuti-pot-avea-acest-sindrom\\\/\",\"url\":\"https:\\\/\\\/urbeamea.ro\\\/albaiulia\\\/astazi-ziua-mondiala-a-sindromului-down-1-la-800-de-nou-nascuti-pot-avea-acest-sindrom\\\/\",\"name\":\"AST\u0102ZI: Ziua Mondial\u0103 a Sindromului Down. 1 la 800 de nou-n\u0103scu\u021bi pot avea acest sindrom - Revista Urbea Mea - Revista de Alba\",\"isPartOf\":{\"@id\":\"https:\\\/\\\/urbeamea.ro\\\/albaiulia\\\/#website\"},\"primaryImageOfPage\":{\"@id\":\"https:\\\/\\\/urbeamea.ro\\\/albaiulia\\\/astazi-ziua-mondiala-a-sindromului-down-1-la-800-de-nou-nascuti-pot-avea-acest-sindrom\\\/#primaryimage\"},\"image\":{\"@id\":\"https:\\\/\\\/urbeamea.ro\\\/albaiulia\\\/astazi-ziua-mondiala-a-sindromului-down-1-la-800-de-nou-nascuti-pot-avea-acest-sindrom\\\/#primaryimage\"},\"thumbnailUrl\":\"https:\\\/\\\/urbeamea.ro\\\/albaiulia\\\/wp-content\\\/uploads\\\/2016\\\/03\\\/sindromul-dawn.jpg\",\"datePublished\":\"2016-03-21T06:50:03+00:00\",\"author\":{\"@id\":\"https:\\\/\\\/urbeamea.ro\\\/albaiulia\\\/#\\\/schema\\\/person\\\/9700d21fae21c4f038b0b56f4506264a\"},\"description\":\"Anual, ziua mondial\u0103 a sindromului Down se marcheaz\u0103 la 21 martie. Este o zi de con\u0219tientizare, la nivel global, a problemelor cu care se confrunt\u0103 cei\",\"breadcrumb\":{\"@id\":\"https:\\\/\\\/urbeamea.ro\\\/albaiulia\\\/astazi-ziua-mondiala-a-sindromului-down-1-la-800-de-nou-nascuti-pot-avea-acest-sindrom\\\/#breadcrumb\"},\"inLanguage\":\"ro-RO\",\"potentialAction\":[{\"@type\":\"ReadAction\",\"target\":[\"https:\\\/\\\/urbeamea.ro\\\/albaiulia\\\/astazi-ziua-mondiala-a-sindromului-down-1-la-800-de-nou-nascuti-pot-avea-acest-sindrom\\\/\"]}]},{\"@type\":\"ImageObject\",\"inLanguage\":\"ro-RO\",\"@id\":\"https:\\\/\\\/urbeamea.ro\\\/albaiulia\\\/astazi-ziua-mondiala-a-sindromului-down-1-la-800-de-nou-nascuti-pot-avea-acest-sindrom\\\/#primaryimage\",\"url\":\"https:\\\/\\\/urbeamea.ro\\\/albaiulia\\\/wp-content\\\/uploads\\\/2016\\\/03\\\/sindromul-dawn.jpg\",\"contentUrl\":\"https:\\\/\\\/urbeamea.ro\\\/albaiulia\\\/wp-content\\\/uploads\\\/2016\\\/03\\\/sindromul-dawn.jpg\",\"width\":1280,\"height\":720},{\"@type\":\"BreadcrumbList\",\"@id\":\"https:\\\/\\\/urbeamea.ro\\\/albaiulia\\\/astazi-ziua-mondiala-a-sindromului-down-1-la-800-de-nou-nascuti-pot-avea-acest-sindrom\\\/#breadcrumb\",\"itemListElement\":[{\"@type\":\"ListItem\",\"position\":1,\"name\":\"Prima pagin\u0103\",\"item\":\"https:\\\/\\\/urbeamea.ro\\\/albaiulia\\\/\"},{\"@type\":\"ListItem\",\"position\":2,\"name\":\"AST\u0102ZI: Ziua Mondial\u0103 a Sindromului Down. 1 la 800 de nou-n\u0103scu\u021bi pot avea acest sindrom\"}]},{\"@type\":\"WebSite\",\"@id\":\"https:\\\/\\\/urbeamea.ro\\\/albaiulia\\\/#website\",\"url\":\"https:\\\/\\\/urbeamea.ro\\\/albaiulia\\\/\",\"name\":\"Revista Urbea Mea, Stiri urbane\",\"description\":\"Evenimente \u0219i \u0219tiri din Alba Iulia, Sebe\u0219, Aiud, Blaj\",\"potentialAction\":[{\"@type\":\"SearchAction\",\"target\":{\"@type\":\"EntryPoint\",\"urlTemplate\":\"https:\\\/\\\/urbeamea.ro\\\/albaiulia\\\/?s={search_term_string}\"},\"query-input\":{\"@type\":\"PropertyValueSpecification\",\"valueRequired\":true,\"valueName\":\"search_term_string\"}}],\"inLanguage\":\"ro-RO\"},{\"@type\":\"Person\",\"@id\":\"https:\\\/\\\/urbeamea.ro\\\/albaiulia\\\/#\\\/schema\\\/person\\\/9700d21fae21c4f038b0b56f4506264a\",\"name\":\"Cristina Ganga\",\"image\":{\"@type\":\"ImageObject\",\"inLanguage\":\"ro-RO\",\"@id\":\"https:\\\/\\\/secure.gravatar.com\\\/avatar\\\/5a67661041f057b4a8ccaf26f5a8e86e2689372006d01faf3dd9eeb10b654bb4?s=96&d=mm&r=g\",\"url\":\"https:\\\/\\\/secure.gravatar.com\\\/avatar\\\/5a67661041f057b4a8ccaf26f5a8e86e2689372006d01faf3dd9eeb10b654bb4?s=96&d=mm&r=g\",\"contentUrl\":\"https:\\\/\\\/secure.gravatar.com\\\/avatar\\\/5a67661041f057b4a8ccaf26f5a8e86e2689372006d01faf3dd9eeb10b654bb4?s=96&d=mm&r=g\",\"caption\":\"Cristina Ganga\"},\"description\":\"Jurnalist\",\"sameAs\":[\"https:\\\/\\\/www.facebook.com\\\/cristina.nicola.587\"],\"url\":\"https:\\\/\\\/urbeamea.ro\\\/albaiulia\\\/author\\\/cristina-nicola\\\/\"}]}<\/script>\n<!-- \/ Yoast SEO plugin. -->","yoast_head_json":{"title":"AST\u0102ZI: Ziua Mondial\u0103 a Sindromului Down. 1 la 800 de nou-n\u0103scu\u021bi pot avea acest sindrom - Revista Urbea Mea - Revista de Alba","description":"Anual, ziua mondial\u0103 a sindromului Down se marcheaz\u0103 la 21 martie. Este o zi de con\u0219tientizare, la nivel global, a problemelor cu care se confrunt\u0103 cei","robots":{"index":"index","follow":"follow","max-snippet":"max-snippet:-1","max-image-preview":"max-image-preview:large","max-video-preview":"max-video-preview:-1"},"canonical":"https:\/\/urbeamea.ro\/albaiulia\/astazi-ziua-mondiala-a-sindromului-down-1-la-800-de-nou-nascuti-pot-avea-acest-sindrom\/","twitter_card":"summary_large_image","twitter_title":"AST\u0102ZI: Ziua Mondial\u0103 a Sindromului Down. 1 la 800 de nou-n\u0103scu\u021bi pot avea acest sindrom - Revista Urbea Mea - Revista de Alba","twitter_description":"Anual, ziua mondial\u0103 a sindromului Down se marcheaz\u0103 la 21 martie. Este o zi de con\u0219tientizare, la nivel global, a problemelor cu care se confrunt\u0103 cei","twitter_image":"https:\/\/urbeamea.ro\/albaiulia\/wp-content\/uploads\/2016\/03\/sindromul-dawn.jpg","twitter_creator":"@urbeameaweb","twitter_site":"@urbeameaweb","schema":{"@context":"https:\/\/schema.org","@graph":[{"@type":"Article","@id":"https:\/\/urbeamea.ro\/albaiulia\/astazi-ziua-mondiala-a-sindromului-down-1-la-800-de-nou-nascuti-pot-avea-acest-sindrom\/#article","isPartOf":{"@id":"https:\/\/urbeamea.ro\/albaiulia\/astazi-ziua-mondiala-a-sindromului-down-1-la-800-de-nou-nascuti-pot-avea-acest-sindrom\/"},"author":{"name":"Cristina Ganga","@id":"https:\/\/urbeamea.ro\/albaiulia\/#\/schema\/person\/9700d21fae21c4f038b0b56f4506264a"},"headline":"AST\u0102ZI: Ziua Mondial\u0103 a Sindromului Down. 1 la 800 de nou-n\u0103scu\u021bi pot avea acest sindrom","datePublished":"2016-03-21T06:50:03+00:00","mainEntityOfPage":{"@id":"https:\/\/urbeamea.ro\/albaiulia\/astazi-ziua-mondiala-a-sindromului-down-1-la-800-de-nou-nascuti-pot-avea-acest-sindrom\/"},"wordCount":509,"commentCount":0,"image":{"@id":"https:\/\/urbeamea.ro\/albaiulia\/astazi-ziua-mondiala-a-sindromului-down-1-la-800-de-nou-nascuti-pot-avea-acest-sindrom\/#primaryimage"},"thumbnailUrl":"https:\/\/urbeamea.ro\/albaiulia\/wp-content\/uploads\/2016\/03\/sindromul-dawn.jpg","keywords":["adulti","alba","copii","drepturi","familii","ONU","provcari","relatii","sindromul dawn","sisteme de educatie","stiri","Urbea Mea","ziua mondiala"],"articleSection":["S\u0103n\u0103tate"],"inLanguage":"ro-RO","potentialAction":[{"@type":"CommentAction","name":"Comment","target":["https:\/\/urbeamea.ro\/albaiulia\/astazi-ziua-mondiala-a-sindromului-down-1-la-800-de-nou-nascuti-pot-avea-acest-sindrom\/#respond"]}]},{"@type":"WebPage","@id":"https:\/\/urbeamea.ro\/albaiulia\/astazi-ziua-mondiala-a-sindromului-down-1-la-800-de-nou-nascuti-pot-avea-acest-sindrom\/","url":"https:\/\/urbeamea.ro\/albaiulia\/astazi-ziua-mondiala-a-sindromului-down-1-la-800-de-nou-nascuti-pot-avea-acest-sindrom\/","name":"AST\u0102ZI: Ziua Mondial\u0103 a Sindromului Down. 1 la 800 de nou-n\u0103scu\u021bi pot avea acest sindrom - Revista Urbea Mea - Revista de Alba","isPartOf":{"@id":"https:\/\/urbeamea.ro\/albaiulia\/#website"},"primaryImageOfPage":{"@id":"https:\/\/urbeamea.ro\/albaiulia\/astazi-ziua-mondiala-a-sindromului-down-1-la-800-de-nou-nascuti-pot-avea-acest-sindrom\/#primaryimage"},"image":{"@id":"https:\/\/urbeamea.ro\/albaiulia\/astazi-ziua-mondiala-a-sindromului-down-1-la-800-de-nou-nascuti-pot-avea-acest-sindrom\/#primaryimage"},"thumbnailUrl":"https:\/\/urbeamea.ro\/albaiulia\/wp-content\/uploads\/2016\/03\/sindromul-dawn.jpg","datePublished":"2016-03-21T06:50:03+00:00","author":{"@id":"https:\/\/urbeamea.ro\/albaiulia\/#\/schema\/person\/9700d21fae21c4f038b0b56f4506264a"},"description":"Anual, ziua mondial\u0103 a sindromului Down se marcheaz\u0103 la 21 martie. Este o zi de con\u0219tientizare, la nivel global, a problemelor cu care se confrunt\u0103 cei","breadcrumb":{"@id":"https:\/\/urbeamea.ro\/albaiulia\/astazi-ziua-mondiala-a-sindromului-down-1-la-800-de-nou-nascuti-pot-avea-acest-sindrom\/#breadcrumb"},"inLanguage":"ro-RO","potentialAction":[{"@type":"ReadAction","target":["https:\/\/urbeamea.ro\/albaiulia\/astazi-ziua-mondiala-a-sindromului-down-1-la-800-de-nou-nascuti-pot-avea-acest-sindrom\/"]}]},{"@type":"ImageObject","inLanguage":"ro-RO","@id":"https:\/\/urbeamea.ro\/albaiulia\/astazi-ziua-mondiala-a-sindromului-down-1-la-800-de-nou-nascuti-pot-avea-acest-sindrom\/#primaryimage","url":"https:\/\/urbeamea.ro\/albaiulia\/wp-content\/uploads\/2016\/03\/sindromul-dawn.jpg","contentUrl":"https:\/\/urbeamea.ro\/albaiulia\/wp-content\/uploads\/2016\/03\/sindromul-dawn.jpg","width":1280,"height":720},{"@type":"BreadcrumbList","@id":"https:\/\/urbeamea.ro\/albaiulia\/astazi-ziua-mondiala-a-sindromului-down-1-la-800-de-nou-nascuti-pot-avea-acest-sindrom\/#breadcrumb","itemListElement":[{"@type":"ListItem","position":1,"name":"Prima pagin\u0103","item":"https:\/\/urbeamea.ro\/albaiulia\/"},{"@type":"ListItem","position":2,"name":"AST\u0102ZI: Ziua Mondial\u0103 a Sindromului Down. 1 la 800 de nou-n\u0103scu\u021bi pot avea acest sindrom"}]},{"@type":"WebSite","@id":"https:\/\/urbeamea.ro\/albaiulia\/#website","url":"https:\/\/urbeamea.ro\/albaiulia\/","name":"Revista Urbea Mea, Stiri urbane","description":"Evenimente \u0219i \u0219tiri din Alba Iulia, Sebe\u0219, Aiud, Blaj","potentialAction":[{"@type":"SearchAction","target":{"@type":"EntryPoint","urlTemplate":"https:\/\/urbeamea.ro\/albaiulia\/?s={search_term_string}"},"query-input":{"@type":"PropertyValueSpecification","valueRequired":true,"valueName":"search_term_string"}}],"inLanguage":"ro-RO"},{"@type":"Person","@id":"https:\/\/urbeamea.ro\/albaiulia\/#\/schema\/person\/9700d21fae21c4f038b0b56f4506264a","name":"Cristina Ganga","image":{"@type":"ImageObject","inLanguage":"ro-RO","@id":"https:\/\/secure.gravatar.com\/avatar\/5a67661041f057b4a8ccaf26f5a8e86e2689372006d01faf3dd9eeb10b654bb4?s=96&d=mm&r=g","url":"https:\/\/secure.gravatar.com\/avatar\/5a67661041f057b4a8ccaf26f5a8e86e2689372006d01faf3dd9eeb10b654bb4?s=96&d=mm&r=g","contentUrl":"https:\/\/secure.gravatar.com\/avatar\/5a67661041f057b4a8ccaf26f5a8e86e2689372006d01faf3dd9eeb10b654bb4?s=96&d=mm&r=g","caption":"Cristina Ganga"},"description":"Jurnalist","sameAs":["https:\/\/www.facebook.com\/cristina.nicola.587"],"url":"https:\/\/urbeamea.ro\/albaiulia\/author\/cristina-nicola\/"}]}},"_links":{"self":[{"href":"https:\/\/urbeamea.ro\/albaiulia\/wp-json\/wp\/v2\/posts\/20225","targetHints":{"allow":["GET"]}}],"collection":[{"href":"https:\/\/urbeamea.ro\/albaiulia\/wp-json\/wp\/v2\/posts"}],"about":[{"href":"https:\/\/urbeamea.ro\/albaiulia\/wp-json\/wp\/v2\/types\/post"}],"author":[{"embeddable":true,"href":"https:\/\/urbeamea.ro\/albaiulia\/wp-json\/wp\/v2\/users\/17"}],"replies":[{"embeddable":true,"href":"https:\/\/urbeamea.ro\/albaiulia\/wp-json\/wp\/v2\/comments?post=20225"}],"version-history":[{"count":0,"href":"https:\/\/urbeamea.ro\/albaiulia\/wp-json\/wp\/v2\/posts\/20225\/revisions"}],"wp:featuredmedia":[{"embeddable":true,"href":"https:\/\/urbeamea.ro\/albaiulia\/wp-json\/wp\/v2\/media\/20226"}],"wp:attachment":[{"href":"https:\/\/urbeamea.ro\/albaiulia\/wp-json\/wp\/v2\/media?parent=20225"}],"wp:term":[{"taxonomy":"category","embeddable":true,"href":"https:\/\/urbeamea.ro\/albaiulia\/wp-json\/wp\/v2\/categories?post=20225"},{"taxonomy":"post_tag","embeddable":true,"href":"https:\/\/urbeamea.ro\/albaiulia\/wp-json\/wp\/v2\/tags?post=20225"}],"curies":[{"name":"wp","href":"https:\/\/api.w.org\/{rel}","templated":true}]}}