{"id":20228,"date":"2016-03-21T09:09:19","date_gmt":"2016-03-21T07:09:19","guid":{"rendered":"http:\/\/urbeamea.ro\/albaiulia\/?p=20228"},"modified":"2016-03-21T09:09:19","modified_gmt":"2016-03-21T07:09:19","slug":"marti-discutii-interactive-cu-publicul-lansari-si-expozitii-de-carte-la-universitatea-1-decembrie-1918-din-alba-iulia","status":"publish","type":"post","link":"https:\/\/urbeamea.ro\/albaiulia\/marti-discutii-interactive-cu-publicul-lansari-si-expozitii-de-carte-la-universitatea-1-decembrie-1918-din-alba-iulia\/","title":{"rendered":"MAR\u021aI: Discu\u021bii interactive cu publicul, lans\u0103ri \u0219i expozi\u021bii de carte, la Universitatea \u201d1 Decembrie 1918\u201d din Alba Iulia"},"content":{"rendered":"<p><strong><img loading=\"lazy\" decoding=\"async\" class=\"size-medium wp-image-20229 alignleft\" src=\"http:\/\/urbeamea.ro\/albaiulia\/wp-content\/uploads\/2016\/03\/AfisRomaniaCiteste_Universitatea-Alba-212x300.jpg\" alt=\"AfisRomaniaCiteste_Universitatea Alba\" width=\"212\" height=\"300\" \/>Iubitorii de art\u0103 contemporan\u0103 sunt a\u0219tepta\u021bi mar\u021bi, 22 martie,\u00a0 \u00een Aula mic\u0103 a universit\u0103\u021bii (corpul C, etaj I) la o \u00eent\u00e2lnire cu doi poe\u021bi\u00a0reprezentativi ai poeziei rom\u00e2ne\u0219ti contemporane, \u0219i anume Aura Christi \u0219i Aurel Pantea. Acest eveniment face parte din campania Rom\u00e2nia Cite\u0219te.ro \u0219i va \u00eencepe la ora 14:00.<\/strong><\/p>\n<p><strong><em>Rom\u00e2niaCite\u0219te.ro<\/em><\/strong>\u00a0este o Campanie na\u021bional\u0103 de sus\u021binere a artei contemporane prin lecturi publice, discu\u021bii interactive cu publicul, lans\u0103ri \u0219i expozi\u021bii de carte. Aceast\u0103 campanie, ini\u021biat\u0103 de <em>Contemporanul<\/em> la aniversarea a 135 de ani de existen\u021b\u0103, vine \u0219i la Alba Iulia.<\/p>\n<p>Consiliul Jude\u021bean Alba \u0219i Biblioteca Jude\u021bean\u0103 \u201dLucian Blaga\u201d Alba, \u00een parteneriat cu Universitatea \u201d1 decembrie 1918\u201d din Alba Iulia, \u00eei a\u0219teapt\u0103 pe to\u021bi cei interesa\u021bi s\u0103 se al\u0103tur\u0103 acestei campanii <em>.<\/em> Amfitrioana acestui eveniment va fi doamna Mioara Pop, director al Bibliotecii Jude\u021bene \u201dLucian Blaga\u201e Alba.<\/p>\n","protected":false},"excerpt":{"rendered":"<p>Iubitorii de art\u0103 contemporan\u0103 sunt a\u0219tepta\u021bi mar\u021bi, 22 martie,\u00a0 \u00een Aula mic\u0103 a universit\u0103\u021bii (corpul C, etaj I) la o \u00eent\u00e2lnire cu doi poe\u021bi\u00a0reprezentativi ai poeziei rom\u00e2ne\u0219ti contemporane, \u0219i anume Aura Christi \u0219i Aurel Pantea. Acest eveniment face parte din campania Rom\u00e2nia Cite\u0219te.ro \u0219i va \u00eencepe la ora 14:00. Rom\u00e2niaCite\u0219te.ro\u00a0este o Campanie na\u021bional\u0103 de sus\u021binere &hellip;<\/p>\n","protected":false},"author":17,"featured_media":20229,"comment_status":"open","ping_status":"open","sticky":false,"template":"","format":"standard","meta":{"inline_featured_image":false,"footnotes":""},"categories":[2038],"tags":[31,3925,1188,3927,3924,723,3928,3929,3926,3923,308,387,76],"class_list":["post-20228","post","type-post","status-publish","format-standard","has-post-thumbnail","hentry","category-cultura","tag-alba-iulia","tag-arta-contemporana","tag-aura-christi","tag-aurel-pantea","tag-campanie-nationala","tag-discutii","tag-expozitii-de-carte","tag-lansari","tag-poeti","tag-romaniaciteste-ro","tag-stiri","tag-universitatea-1-decembrie-1918","tag-urbea-mea"],"yoast_head":"<!-- This site is optimized with the Yoast SEO plugin v28.3 - https:\/\/yoast.com\/product\/yoast-seo-wordpress\/ -->\n<title>MAR\u021aI: Discu\u021bii interactive cu publicul, lans\u0103ri \u0219i expozi\u021bii de carte, la Universitatea \u201d1 Decembrie 1918\u201d din Alba Iulia - Revista Urbea Mea - Revista de Alba<\/title>\n<meta name=\"description\" content=\"Iubitorii de art\u0103 contemporan\u0103 sunt a\u0219tepta\u021bi mar\u021bi, 22 martie,\u00a0 \u00een Aula mic\u0103 a universit\u0103\u021bii (corpul C, etaj I) la o \u00eent\u00e2lnire cu doi\" \/>\n<meta name=\"robots\" content=\"index, follow, max-snippet:-1, max-image-preview:large, max-video-preview:-1\" \/>\n<link rel=\"canonical\" href=\"https:\/\/urbeamea.ro\/albaiulia\/marti-discutii-interactive-cu-publicul-lansari-si-expozitii-de-carte-la-universitatea-1-decembrie-1918-din-alba-iulia\/\" \/>\n<meta name=\"twitter:card\" content=\"summary_large_image\" \/>\n<meta name=\"twitter:title\" content=\"MAR\u021aI: Discu\u021bii interactive cu publicul, lans\u0103ri \u0219i expozi\u021bii de carte, la Universitatea \u201d1 Decembrie 1918\u201d din Alba Iulia - Revista Urbea Mea - Revista de Alba\" \/>\n<meta name=\"twitter:description\" content=\"Iubitorii de art\u0103 contemporan\u0103 sunt a\u0219tepta\u021bi mar\u021bi, 22 martie,\u00a0 \u00een Aula mic\u0103 a universit\u0103\u021bii (corpul C, etaj I) la o \u00eent\u00e2lnire cu doi\" \/>\n<meta name=\"twitter:image\" content=\"https:\/\/urbeamea.ro\/albaiulia\/wp-content\/uploads\/2016\/03\/AfisRomaniaCiteste_Universitatea-Alba.jpg\" \/>\n<meta name=\"twitter:creator\" content=\"@urbeameaweb\" \/>\n<meta name=\"twitter:site\" content=\"@urbeameaweb\" \/>\n<script type=\"application\/ld+json\" class=\"yoast-schema-graph\">{\"@context\":\"https:\\\/\\\/schema.org\",\"@graph\":[{\"@type\":\"Article\",\"@id\":\"https:\\\/\\\/urbeamea.ro\\\/albaiulia\\\/marti-discutii-interactive-cu-publicul-lansari-si-expozitii-de-carte-la-universitatea-1-decembrie-1918-din-alba-iulia\\\/#article\",\"isPartOf\":{\"@id\":\"https:\\\/\\\/urbeamea.ro\\\/albaiulia\\\/marti-discutii-interactive-cu-publicul-lansari-si-expozitii-de-carte-la-universitatea-1-decembrie-1918-din-alba-iulia\\\/\"},\"author\":{\"name\":\"Cristina Ganga\",\"@id\":\"https:\\\/\\\/urbeamea.ro\\\/albaiulia\\\/#\\\/schema\\\/person\\\/9700d21fae21c4f038b0b56f4506264a\"},\"headline\":\"MAR\u021aI: Discu\u021bii interactive cu publicul, lans\u0103ri \u0219i expozi\u021bii de carte, la Universitatea \u201d1 Decembrie 1918\u201d din Alba Iulia\",\"datePublished\":\"2016-03-21T07:09:19+00:00\",\"mainEntityOfPage\":{\"@id\":\"https:\\\/\\\/urbeamea.ro\\\/albaiulia\\\/marti-discutii-interactive-cu-publicul-lansari-si-expozitii-de-carte-la-universitatea-1-decembrie-1918-din-alba-iulia\\\/\"},\"wordCount\":177,\"commentCount\":0,\"image\":{\"@id\":\"https:\\\/\\\/urbeamea.ro\\\/albaiulia\\\/marti-discutii-interactive-cu-publicul-lansari-si-expozitii-de-carte-la-universitatea-1-decembrie-1918-din-alba-iulia\\\/#primaryimage\"},\"thumbnailUrl\":\"https:\\\/\\\/urbeamea.ro\\\/albaiulia\\\/wp-content\\\/uploads\\\/2016\\\/03\\\/AfisRomaniaCiteste_Universitatea-Alba.jpg\",\"keywords\":[\"Alba Iulia\",\"arta contemporana\",\"aura christi\",\"Aurel Pantea\",\"campanie nationala\",\"discutii\",\"expozitii de carte\",\"lansari\",\"poeti\",\"romaniaciteste.ro\",\"stiri\",\"universitatea 1 Decembrie 1918\",\"Urbea Mea\"],\"articleSection\":[\"Cultur\u0103\"],\"inLanguage\":\"ro-RO\",\"potentialAction\":[{\"@type\":\"CommentAction\",\"name\":\"Comment\",\"target\":[\"https:\\\/\\\/urbeamea.ro\\\/albaiulia\\\/marti-discutii-interactive-cu-publicul-lansari-si-expozitii-de-carte-la-universitatea-1-decembrie-1918-din-alba-iulia\\\/#respond\"]}]},{\"@type\":\"WebPage\",\"@id\":\"https:\\\/\\\/urbeamea.ro\\\/albaiulia\\\/marti-discutii-interactive-cu-publicul-lansari-si-expozitii-de-carte-la-universitatea-1-decembrie-1918-din-alba-iulia\\\/\",\"url\":\"https:\\\/\\\/urbeamea.ro\\\/albaiulia\\\/marti-discutii-interactive-cu-publicul-lansari-si-expozitii-de-carte-la-universitatea-1-decembrie-1918-din-alba-iulia\\\/\",\"name\":\"MAR\u021aI: Discu\u021bii interactive cu publicul, lans\u0103ri \u0219i expozi\u021bii de carte, la Universitatea \u201d1 Decembrie 1918\u201d din Alba Iulia - Revista Urbea Mea - Revista de Alba\",\"isPartOf\":{\"@id\":\"https:\\\/\\\/urbeamea.ro\\\/albaiulia\\\/#website\"},\"primaryImageOfPage\":{\"@id\":\"https:\\\/\\\/urbeamea.ro\\\/albaiulia\\\/marti-discutii-interactive-cu-publicul-lansari-si-expozitii-de-carte-la-universitatea-1-decembrie-1918-din-alba-iulia\\\/#primaryimage\"},\"image\":{\"@id\":\"https:\\\/\\\/urbeamea.ro\\\/albaiulia\\\/marti-discutii-interactive-cu-publicul-lansari-si-expozitii-de-carte-la-universitatea-1-decembrie-1918-din-alba-iulia\\\/#primaryimage\"},\"thumbnailUrl\":\"https:\\\/\\\/urbeamea.ro\\\/albaiulia\\\/wp-content\\\/uploads\\\/2016\\\/03\\\/AfisRomaniaCiteste_Universitatea-Alba.jpg\",\"datePublished\":\"2016-03-21T07:09:19+00:00\",\"author\":{\"@id\":\"https:\\\/\\\/urbeamea.ro\\\/albaiulia\\\/#\\\/schema\\\/person\\\/9700d21fae21c4f038b0b56f4506264a\"},\"description\":\"Iubitorii de art\u0103 contemporan\u0103 sunt a\u0219tepta\u021bi mar\u021bi, 22 martie,\u00a0 \u00een Aula mic\u0103 a universit\u0103\u021bii (corpul C, etaj I) la o \u00eent\u00e2lnire cu doi\",\"breadcrumb\":{\"@id\":\"https:\\\/\\\/urbeamea.ro\\\/albaiulia\\\/marti-discutii-interactive-cu-publicul-lansari-si-expozitii-de-carte-la-universitatea-1-decembrie-1918-din-alba-iulia\\\/#breadcrumb\"},\"inLanguage\":\"ro-RO\",\"potentialAction\":[{\"@type\":\"ReadAction\",\"target\":[\"https:\\\/\\\/urbeamea.ro\\\/albaiulia\\\/marti-discutii-interactive-cu-publicul-lansari-si-expozitii-de-carte-la-universitatea-1-decembrie-1918-din-alba-iulia\\\/\"]}]},{\"@type\":\"ImageObject\",\"inLanguage\":\"ro-RO\",\"@id\":\"https:\\\/\\\/urbeamea.ro\\\/albaiulia\\\/marti-discutii-interactive-cu-publicul-lansari-si-expozitii-de-carte-la-universitatea-1-decembrie-1918-din-alba-iulia\\\/#primaryimage\",\"url\":\"https:\\\/\\\/urbeamea.ro\\\/albaiulia\\\/wp-content\\\/uploads\\\/2016\\\/03\\\/AfisRomaniaCiteste_Universitatea-Alba.jpg\",\"contentUrl\":\"https:\\\/\\\/urbeamea.ro\\\/albaiulia\\\/wp-content\\\/uploads\\\/2016\\\/03\\\/AfisRomaniaCiteste_Universitatea-Alba.jpg\",\"width\":905,\"height\":1280},{\"@type\":\"BreadcrumbList\",\"@id\":\"https:\\\/\\\/urbeamea.ro\\\/albaiulia\\\/marti-discutii-interactive-cu-publicul-lansari-si-expozitii-de-carte-la-universitatea-1-decembrie-1918-din-alba-iulia\\\/#breadcrumb\",\"itemListElement\":[{\"@type\":\"ListItem\",\"position\":1,\"name\":\"Prima pagin\u0103\",\"item\":\"https:\\\/\\\/urbeamea.ro\\\/albaiulia\\\/\"},{\"@type\":\"ListItem\",\"position\":2,\"name\":\"MAR\u021aI: Discu\u021bii interactive cu publicul, lans\u0103ri \u0219i expozi\u021bii de carte, la Universitatea \u201d1 Decembrie 1918\u201d din Alba Iulia\"}]},{\"@type\":\"WebSite\",\"@id\":\"https:\\\/\\\/urbeamea.ro\\\/albaiulia\\\/#website\",\"url\":\"https:\\\/\\\/urbeamea.ro\\\/albaiulia\\\/\",\"name\":\"Revista Urbea Mea, Stiri urbane\",\"description\":\"Evenimente \u0219i \u0219tiri din Alba Iulia, Sebe\u0219, Aiud, Blaj\",\"potentialAction\":[{\"@type\":\"SearchAction\",\"target\":{\"@type\":\"EntryPoint\",\"urlTemplate\":\"https:\\\/\\\/urbeamea.ro\\\/albaiulia\\\/?s={search_term_string}\"},\"query-input\":{\"@type\":\"PropertyValueSpecification\",\"valueRequired\":true,\"valueName\":\"search_term_string\"}}],\"inLanguage\":\"ro-RO\"},{\"@type\":\"Person\",\"@id\":\"https:\\\/\\\/urbeamea.ro\\\/albaiulia\\\/#\\\/schema\\\/person\\\/9700d21fae21c4f038b0b56f4506264a\",\"name\":\"Cristina Ganga\",\"image\":{\"@type\":\"ImageObject\",\"inLanguage\":\"ro-RO\",\"@id\":\"https:\\\/\\\/secure.gravatar.com\\\/avatar\\\/5a67661041f057b4a8ccaf26f5a8e86e2689372006d01faf3dd9eeb10b654bb4?s=96&d=mm&r=g\",\"url\":\"https:\\\/\\\/secure.gravatar.com\\\/avatar\\\/5a67661041f057b4a8ccaf26f5a8e86e2689372006d01faf3dd9eeb10b654bb4?s=96&d=mm&r=g\",\"contentUrl\":\"https:\\\/\\\/secure.gravatar.com\\\/avatar\\\/5a67661041f057b4a8ccaf26f5a8e86e2689372006d01faf3dd9eeb10b654bb4?s=96&d=mm&r=g\",\"caption\":\"Cristina Ganga\"},\"description\":\"Jurnalist\",\"sameAs\":[\"https:\\\/\\\/www.facebook.com\\\/cristina.nicola.587\"],\"url\":\"https:\\\/\\\/urbeamea.ro\\\/albaiulia\\\/author\\\/cristina-nicola\\\/\"}]}<\/script>\n<!-- \/ Yoast SEO plugin. -->","yoast_head_json":{"title":"MAR\u021aI: Discu\u021bii interactive cu publicul, lans\u0103ri \u0219i expozi\u021bii de carte, la Universitatea \u201d1 Decembrie 1918\u201d din Alba Iulia - Revista Urbea Mea - Revista de Alba","description":"Iubitorii de art\u0103 contemporan\u0103 sunt a\u0219tepta\u021bi mar\u021bi, 22 martie,\u00a0 \u00een Aula mic\u0103 a universit\u0103\u021bii (corpul C, etaj I) la o \u00eent\u00e2lnire cu doi","robots":{"index":"index","follow":"follow","max-snippet":"max-snippet:-1","max-image-preview":"max-image-preview:large","max-video-preview":"max-video-preview:-1"},"canonical":"https:\/\/urbeamea.ro\/albaiulia\/marti-discutii-interactive-cu-publicul-lansari-si-expozitii-de-carte-la-universitatea-1-decembrie-1918-din-alba-iulia\/","twitter_card":"summary_large_image","twitter_title":"MAR\u021aI: Discu\u021bii interactive cu publicul, lans\u0103ri \u0219i expozi\u021bii de carte, la Universitatea \u201d1 Decembrie 1918\u201d din Alba Iulia - Revista Urbea Mea - Revista de Alba","twitter_description":"Iubitorii de art\u0103 contemporan\u0103 sunt a\u0219tepta\u021bi mar\u021bi, 22 martie,\u00a0 \u00een Aula mic\u0103 a universit\u0103\u021bii (corpul C, etaj I) la o \u00eent\u00e2lnire cu doi","twitter_image":"https:\/\/urbeamea.ro\/albaiulia\/wp-content\/uploads\/2016\/03\/AfisRomaniaCiteste_Universitatea-Alba.jpg","twitter_creator":"@urbeameaweb","twitter_site":"@urbeameaweb","schema":{"@context":"https:\/\/schema.org","@graph":[{"@type":"Article","@id":"https:\/\/urbeamea.ro\/albaiulia\/marti-discutii-interactive-cu-publicul-lansari-si-expozitii-de-carte-la-universitatea-1-decembrie-1918-din-alba-iulia\/#article","isPartOf":{"@id":"https:\/\/urbeamea.ro\/albaiulia\/marti-discutii-interactive-cu-publicul-lansari-si-expozitii-de-carte-la-universitatea-1-decembrie-1918-din-alba-iulia\/"},"author":{"name":"Cristina Ganga","@id":"https:\/\/urbeamea.ro\/albaiulia\/#\/schema\/person\/9700d21fae21c4f038b0b56f4506264a"},"headline":"MAR\u021aI: Discu\u021bii interactive cu publicul, lans\u0103ri \u0219i expozi\u021bii de carte, la Universitatea \u201d1 Decembrie 1918\u201d din Alba Iulia","datePublished":"2016-03-21T07:09:19+00:00","mainEntityOfPage":{"@id":"https:\/\/urbeamea.ro\/albaiulia\/marti-discutii-interactive-cu-publicul-lansari-si-expozitii-de-carte-la-universitatea-1-decembrie-1918-din-alba-iulia\/"},"wordCount":177,"commentCount":0,"image":{"@id":"https:\/\/urbeamea.ro\/albaiulia\/marti-discutii-interactive-cu-publicul-lansari-si-expozitii-de-carte-la-universitatea-1-decembrie-1918-din-alba-iulia\/#primaryimage"},"thumbnailUrl":"https:\/\/urbeamea.ro\/albaiulia\/wp-content\/uploads\/2016\/03\/AfisRomaniaCiteste_Universitatea-Alba.jpg","keywords":["Alba Iulia","arta contemporana","aura christi","Aurel Pantea","campanie nationala","discutii","expozitii de carte","lansari","poeti","romaniaciteste.ro","stiri","universitatea 1 Decembrie 1918","Urbea Mea"],"articleSection":["Cultur\u0103"],"inLanguage":"ro-RO","potentialAction":[{"@type":"CommentAction","name":"Comment","target":["https:\/\/urbeamea.ro\/albaiulia\/marti-discutii-interactive-cu-publicul-lansari-si-expozitii-de-carte-la-universitatea-1-decembrie-1918-din-alba-iulia\/#respond"]}]},{"@type":"WebPage","@id":"https:\/\/urbeamea.ro\/albaiulia\/marti-discutii-interactive-cu-publicul-lansari-si-expozitii-de-carte-la-universitatea-1-decembrie-1918-din-alba-iulia\/","url":"https:\/\/urbeamea.ro\/albaiulia\/marti-discutii-interactive-cu-publicul-lansari-si-expozitii-de-carte-la-universitatea-1-decembrie-1918-din-alba-iulia\/","name":"MAR\u021aI: Discu\u021bii interactive cu publicul, lans\u0103ri \u0219i expozi\u021bii de carte, la Universitatea \u201d1 Decembrie 1918\u201d din Alba Iulia - Revista Urbea Mea - Revista de Alba","isPartOf":{"@id":"https:\/\/urbeamea.ro\/albaiulia\/#website"},"primaryImageOfPage":{"@id":"https:\/\/urbeamea.ro\/albaiulia\/marti-discutii-interactive-cu-publicul-lansari-si-expozitii-de-carte-la-universitatea-1-decembrie-1918-din-alba-iulia\/#primaryimage"},"image":{"@id":"https:\/\/urbeamea.ro\/albaiulia\/marti-discutii-interactive-cu-publicul-lansari-si-expozitii-de-carte-la-universitatea-1-decembrie-1918-din-alba-iulia\/#primaryimage"},"thumbnailUrl":"https:\/\/urbeamea.ro\/albaiulia\/wp-content\/uploads\/2016\/03\/AfisRomaniaCiteste_Universitatea-Alba.jpg","datePublished":"2016-03-21T07:09:19+00:00","author":{"@id":"https:\/\/urbeamea.ro\/albaiulia\/#\/schema\/person\/9700d21fae21c4f038b0b56f4506264a"},"description":"Iubitorii de art\u0103 contemporan\u0103 sunt a\u0219tepta\u021bi mar\u021bi, 22 martie,\u00a0 \u00een Aula mic\u0103 a universit\u0103\u021bii (corpul C, etaj I) la o \u00eent\u00e2lnire cu doi","breadcrumb":{"@id":"https:\/\/urbeamea.ro\/albaiulia\/marti-discutii-interactive-cu-publicul-lansari-si-expozitii-de-carte-la-universitatea-1-decembrie-1918-din-alba-iulia\/#breadcrumb"},"inLanguage":"ro-RO","potentialAction":[{"@type":"ReadAction","target":["https:\/\/urbeamea.ro\/albaiulia\/marti-discutii-interactive-cu-publicul-lansari-si-expozitii-de-carte-la-universitatea-1-decembrie-1918-din-alba-iulia\/"]}]},{"@type":"ImageObject","inLanguage":"ro-RO","@id":"https:\/\/urbeamea.ro\/albaiulia\/marti-discutii-interactive-cu-publicul-lansari-si-expozitii-de-carte-la-universitatea-1-decembrie-1918-din-alba-iulia\/#primaryimage","url":"https:\/\/urbeamea.ro\/albaiulia\/wp-content\/uploads\/2016\/03\/AfisRomaniaCiteste_Universitatea-Alba.jpg","contentUrl":"https:\/\/urbeamea.ro\/albaiulia\/wp-content\/uploads\/2016\/03\/AfisRomaniaCiteste_Universitatea-Alba.jpg","width":905,"height":1280},{"@type":"BreadcrumbList","@id":"https:\/\/urbeamea.ro\/albaiulia\/marti-discutii-interactive-cu-publicul-lansari-si-expozitii-de-carte-la-universitatea-1-decembrie-1918-din-alba-iulia\/#breadcrumb","itemListElement":[{"@type":"ListItem","position":1,"name":"Prima pagin\u0103","item":"https:\/\/urbeamea.ro\/albaiulia\/"},{"@type":"ListItem","position":2,"name":"MAR\u021aI: Discu\u021bii interactive cu publicul, lans\u0103ri \u0219i expozi\u021bii de carte, la Universitatea \u201d1 Decembrie 1918\u201d din Alba Iulia"}]},{"@type":"WebSite","@id":"https:\/\/urbeamea.ro\/albaiulia\/#website","url":"https:\/\/urbeamea.ro\/albaiulia\/","name":"Revista Urbea Mea, Stiri urbane","description":"Evenimente \u0219i \u0219tiri din Alba Iulia, Sebe\u0219, Aiud, Blaj","potentialAction":[{"@type":"SearchAction","target":{"@type":"EntryPoint","urlTemplate":"https:\/\/urbeamea.ro\/albaiulia\/?s={search_term_string}"},"query-input":{"@type":"PropertyValueSpecification","valueRequired":true,"valueName":"search_term_string"}}],"inLanguage":"ro-RO"},{"@type":"Person","@id":"https:\/\/urbeamea.ro\/albaiulia\/#\/schema\/person\/9700d21fae21c4f038b0b56f4506264a","name":"Cristina Ganga","image":{"@type":"ImageObject","inLanguage":"ro-RO","@id":"https:\/\/secure.gravatar.com\/avatar\/5a67661041f057b4a8ccaf26f5a8e86e2689372006d01faf3dd9eeb10b654bb4?s=96&d=mm&r=g","url":"https:\/\/secure.gravatar.com\/avatar\/5a67661041f057b4a8ccaf26f5a8e86e2689372006d01faf3dd9eeb10b654bb4?s=96&d=mm&r=g","contentUrl":"https:\/\/secure.gravatar.com\/avatar\/5a67661041f057b4a8ccaf26f5a8e86e2689372006d01faf3dd9eeb10b654bb4?s=96&d=mm&r=g","caption":"Cristina Ganga"},"description":"Jurnalist","sameAs":["https:\/\/www.facebook.com\/cristina.nicola.587"],"url":"https:\/\/urbeamea.ro\/albaiulia\/author\/cristina-nicola\/"}]}},"_links":{"self":[{"href":"https:\/\/urbeamea.ro\/albaiulia\/wp-json\/wp\/v2\/posts\/20228","targetHints":{"allow":["GET"]}}],"collection":[{"href":"https:\/\/urbeamea.ro\/albaiulia\/wp-json\/wp\/v2\/posts"}],"about":[{"href":"https:\/\/urbeamea.ro\/albaiulia\/wp-json\/wp\/v2\/types\/post"}],"author":[{"embeddable":true,"href":"https:\/\/urbeamea.ro\/albaiulia\/wp-json\/wp\/v2\/users\/17"}],"replies":[{"embeddable":true,"href":"https:\/\/urbeamea.ro\/albaiulia\/wp-json\/wp\/v2\/comments?post=20228"}],"version-history":[{"count":0,"href":"https:\/\/urbeamea.ro\/albaiulia\/wp-json\/wp\/v2\/posts\/20228\/revisions"}],"wp:featuredmedia":[{"embeddable":true,"href":"https:\/\/urbeamea.ro\/albaiulia\/wp-json\/wp\/v2\/media\/20229"}],"wp:attachment":[{"href":"https:\/\/urbeamea.ro\/albaiulia\/wp-json\/wp\/v2\/media?parent=20228"}],"wp:term":[{"taxonomy":"category","embeddable":true,"href":"https:\/\/urbeamea.ro\/albaiulia\/wp-json\/wp\/v2\/categories?post=20228"},{"taxonomy":"post_tag","embeddable":true,"href":"https:\/\/urbeamea.ro\/albaiulia\/wp-json\/wp\/v2\/tags?post=20228"}],"curies":[{"name":"wp","href":"https:\/\/api.w.org\/{rel}","templated":true}]}}