{"id":20243,"date":"2016-03-21T12:22:59","date_gmt":"2016-03-21T10:22:59","guid":{"rendered":"http:\/\/urbeamea.ro\/albaiulia\/?p=20243"},"modified":"2016-03-21T12:22:59","modified_gmt":"2016-03-21T10:22:59","slug":"dosare-penale-pentru-doi-barbati-din-cugir-si-aiud-pentru-infractiuni-rutiere","status":"publish","type":"post","link":"https:\/\/urbeamea.ro\/albaiulia\/dosare-penale-pentru-doi-barbati-din-cugir-si-aiud-pentru-infractiuni-rutiere\/","title":{"rendered":"Dosare penale pentru doi b\u0103rba\u021bi din Cugir \u0219i Aiud pentru infrac\u021biuni rutiere"},"content":{"rendered":"<p class=\"archiveTitle\"><strong><img loading=\"lazy\" decoding=\"async\" class=\"size-medium wp-image-20158 alignleft\" src=\"http:\/\/urbeamea.ro\/albaiulia\/wp-content\/uploads\/2016\/03\/politie-controale-300x188.jpg\" alt=\"politie controale\" width=\"300\" height=\"188\" \/>Doi b\u0103rba\u021bi, unul din Cugir \u0219i cel\u0103lalt din Aiud, sunt cerceta\u021bi de poli\u021bi\u0219ti dup\u0103 ce au fost prin\u0219i conduc\u00e2nd f\u0103r\u0103 permis sau un autoturism ne\u00eenmatriculat.<\/strong><\/p>\n<p lang=\"ro-RO\" align=\"JUSTIFY\">Potrivit IPJ Alba, la data de 19 martie, \u00een jurul orei 9.50, poli\u021bi\u0219tii din Cugir l-au depistat pe C.I., de 48 de ani, din Cugir, \u00een timp ce conducea un autoturism, pe strada Principal\u0103 din localitatea Vinerea, f\u0103r\u0103 a poseda permis de conducere pentru nicio categorie de autovehicule.<\/p>\n<p lang=\"ro-RO\" align=\"JUSTIFY\">Fa\u021b\u0103 de C.I., cercet\u0103rile sunt continuate sub aspectul comiterii infrac\u021biunii de conducere f\u0103r\u0103 permis.<\/p>\n<p align=\"JUSTIFY\"><span lang=\"ro-RO\">La data de 18 martie, \u00een jurul orei 12.30, pe strada Clujului din Teiu\u0219, poli\u021bi\u0219tii rutieri au oprit, pentru control, un autoturism condus de C.O., de 29 de ani, din Aiud.<\/span><\/p>\n<p lang=\"ro-RO\" align=\"JUSTIFY\">\u00cen urma verific\u0103rilor efectuate, poli\u021bi\u0219tii au constatat c\u0103 autoturismul era radiat din circula\u021bie din luna martie 2014, motiv pentru care, fa\u021b\u0103 de conduc\u0103torul auto, au \u00eentocmit dosar penal \u00een care este cercetat sub aspectul comiterii infrac\u021biunii de conducerea unui autovehicul ne\u00eenmatriculat.<\/p>\n","protected":false},"excerpt":{"rendered":"<p>Doi b\u0103rba\u021bi, unul din Cugir \u0219i cel\u0103lalt din Aiud, sunt cerceta\u021bi de poli\u021bi\u0219ti dup\u0103 ce au fost prin\u0219i conduc\u00e2nd f\u0103r\u0103 permis sau un autoturism ne\u00eenmatriculat. Potrivit IPJ Alba, la data de 19 martie, \u00een jurul orei 9.50, poli\u021bi\u0219tii din Cugir l-au depistat pe C.I., de 48 de ani, din Cugir, \u00een timp ce conducea un &hellip;<\/p>\n","protected":false},"author":17,"featured_media":20158,"comment_status":"open","ping_status":"open","sticky":false,"template":"","format":"standard","meta":{"inline_featured_image":false,"footnotes":""},"categories":[2034],"tags":[385,3938,1424,2670,401,458,308,76],"class_list":["post-20243","post","type-post","status-publish","format-standard","has-post-thumbnail","hentry","category-social","tag-aiud","tag-autoturism-neinmatriculat","tag-cugir","tag-dosare-penale","tag-permis-de-conducere","tag-politisti","tag-stiri","tag-urbea-mea"],"yoast_head":"<!-- This site is optimized with the Yoast SEO plugin v27.4 - https:\/\/yoast.com\/product\/yoast-seo-wordpress\/ -->\n<title>Dosare penale pentru doi b\u0103rba\u021bi din Cugir \u0219i Aiud pentru infrac\u021biuni rutiere - Revista Urbea Mea - Revista de Alba<\/title>\n<meta name=\"description\" content=\"Doi b\u0103rba\u021bi, unul din Cugir \u0219i cel\u0103lalt din Aiud, sunt cerceta\u021bi de poli\u021bi\u0219ti dup\u0103 ce au fost prin\u0219i conduc\u00e2nd f\u0103r\u0103 permis sau un autoturism\" \/>\n<meta name=\"robots\" content=\"index, follow, max-snippet:-1, max-image-preview:large, max-video-preview:-1\" \/>\n<link rel=\"canonical\" href=\"https:\/\/urbeamea.ro\/albaiulia\/dosare-penale-pentru-doi-barbati-din-cugir-si-aiud-pentru-infractiuni-rutiere\/\" \/>\n<meta name=\"twitter:card\" content=\"summary_large_image\" \/>\n<meta name=\"twitter:title\" content=\"Dosare penale pentru doi b\u0103rba\u021bi din Cugir \u0219i Aiud pentru infrac\u021biuni rutiere - Revista Urbea Mea - Revista de Alba\" \/>\n<meta name=\"twitter:description\" content=\"Doi b\u0103rba\u021bi, unul din Cugir \u0219i cel\u0103lalt din Aiud, sunt cerceta\u021bi de poli\u021bi\u0219ti dup\u0103 ce au fost prin\u0219i conduc\u00e2nd f\u0103r\u0103 permis sau un autoturism\" \/>\n<meta name=\"twitter:image\" content=\"https:\/\/urbeamea.ro\/albaiulia\/wp-content\/uploads\/2016\/03\/politie-controale.jpg\" \/>\n<meta name=\"twitter:creator\" content=\"@urbeameaweb\" \/>\n<meta name=\"twitter:site\" content=\"@urbeameaweb\" \/>\n<script type=\"application\/ld+json\" class=\"yoast-schema-graph\">{\"@context\":\"https:\\\/\\\/schema.org\",\"@graph\":[{\"@type\":\"Article\",\"@id\":\"https:\\\/\\\/urbeamea.ro\\\/albaiulia\\\/dosare-penale-pentru-doi-barbati-din-cugir-si-aiud-pentru-infractiuni-rutiere\\\/#article\",\"isPartOf\":{\"@id\":\"https:\\\/\\\/urbeamea.ro\\\/albaiulia\\\/dosare-penale-pentru-doi-barbati-din-cugir-si-aiud-pentru-infractiuni-rutiere\\\/\"},\"author\":{\"name\":\"Cristina Ganga\",\"@id\":\"https:\\\/\\\/urbeamea.ro\\\/albaiulia\\\/#\\\/schema\\\/person\\\/9700d21fae21c4f038b0b56f4506264a\"},\"headline\":\"Dosare penale pentru doi b\u0103rba\u021bi din Cugir \u0219i Aiud pentru infrac\u021biuni rutiere\",\"datePublished\":\"2016-03-21T10:22:59+00:00\",\"mainEntityOfPage\":{\"@id\":\"https:\\\/\\\/urbeamea.ro\\\/albaiulia\\\/dosare-penale-pentru-doi-barbati-din-cugir-si-aiud-pentru-infractiuni-rutiere\\\/\"},\"wordCount\":195,\"commentCount\":0,\"image\":{\"@id\":\"https:\\\/\\\/urbeamea.ro\\\/albaiulia\\\/dosare-penale-pentru-doi-barbati-din-cugir-si-aiud-pentru-infractiuni-rutiere\\\/#primaryimage\"},\"thumbnailUrl\":\"https:\\\/\\\/urbeamea.ro\\\/albaiulia\\\/wp-content\\\/uploads\\\/2016\\\/03\\\/politie-controale.jpg\",\"keywords\":[\"aiud\",\"autoturism neinmatriculat\",\"cugir\",\"dosare penale\",\"permis de conducere\",\"politisti\",\"stiri\",\"Urbea Mea\"],\"articleSection\":[\"Social\"],\"inLanguage\":\"ro-RO\",\"potentialAction\":[{\"@type\":\"CommentAction\",\"name\":\"Comment\",\"target\":[\"https:\\\/\\\/urbeamea.ro\\\/albaiulia\\\/dosare-penale-pentru-doi-barbati-din-cugir-si-aiud-pentru-infractiuni-rutiere\\\/#respond\"]}]},{\"@type\":\"WebPage\",\"@id\":\"https:\\\/\\\/urbeamea.ro\\\/albaiulia\\\/dosare-penale-pentru-doi-barbati-din-cugir-si-aiud-pentru-infractiuni-rutiere\\\/\",\"url\":\"https:\\\/\\\/urbeamea.ro\\\/albaiulia\\\/dosare-penale-pentru-doi-barbati-din-cugir-si-aiud-pentru-infractiuni-rutiere\\\/\",\"name\":\"Dosare penale pentru doi b\u0103rba\u021bi din Cugir \u0219i Aiud pentru infrac\u021biuni rutiere - Revista Urbea Mea - Revista de Alba\",\"isPartOf\":{\"@id\":\"https:\\\/\\\/urbeamea.ro\\\/albaiulia\\\/#website\"},\"primaryImageOfPage\":{\"@id\":\"https:\\\/\\\/urbeamea.ro\\\/albaiulia\\\/dosare-penale-pentru-doi-barbati-din-cugir-si-aiud-pentru-infractiuni-rutiere\\\/#primaryimage\"},\"image\":{\"@id\":\"https:\\\/\\\/urbeamea.ro\\\/albaiulia\\\/dosare-penale-pentru-doi-barbati-din-cugir-si-aiud-pentru-infractiuni-rutiere\\\/#primaryimage\"},\"thumbnailUrl\":\"https:\\\/\\\/urbeamea.ro\\\/albaiulia\\\/wp-content\\\/uploads\\\/2016\\\/03\\\/politie-controale.jpg\",\"datePublished\":\"2016-03-21T10:22:59+00:00\",\"author\":{\"@id\":\"https:\\\/\\\/urbeamea.ro\\\/albaiulia\\\/#\\\/schema\\\/person\\\/9700d21fae21c4f038b0b56f4506264a\"},\"description\":\"Doi b\u0103rba\u021bi, unul din Cugir \u0219i cel\u0103lalt din Aiud, sunt cerceta\u021bi de poli\u021bi\u0219ti dup\u0103 ce au fost prin\u0219i conduc\u00e2nd f\u0103r\u0103 permis sau un autoturism\",\"breadcrumb\":{\"@id\":\"https:\\\/\\\/urbeamea.ro\\\/albaiulia\\\/dosare-penale-pentru-doi-barbati-din-cugir-si-aiud-pentru-infractiuni-rutiere\\\/#breadcrumb\"},\"inLanguage\":\"ro-RO\",\"potentialAction\":[{\"@type\":\"ReadAction\",\"target\":[\"https:\\\/\\\/urbeamea.ro\\\/albaiulia\\\/dosare-penale-pentru-doi-barbati-din-cugir-si-aiud-pentru-infractiuni-rutiere\\\/\"]}]},{\"@type\":\"ImageObject\",\"inLanguage\":\"ro-RO\",\"@id\":\"https:\\\/\\\/urbeamea.ro\\\/albaiulia\\\/dosare-penale-pentru-doi-barbati-din-cugir-si-aiud-pentru-infractiuni-rutiere\\\/#primaryimage\",\"url\":\"https:\\\/\\\/urbeamea.ro\\\/albaiulia\\\/wp-content\\\/uploads\\\/2016\\\/03\\\/politie-controale.jpg\",\"contentUrl\":\"https:\\\/\\\/urbeamea.ro\\\/albaiulia\\\/wp-content\\\/uploads\\\/2016\\\/03\\\/politie-controale.jpg\",\"width\":646,\"height\":404},{\"@type\":\"BreadcrumbList\",\"@id\":\"https:\\\/\\\/urbeamea.ro\\\/albaiulia\\\/dosare-penale-pentru-doi-barbati-din-cugir-si-aiud-pentru-infractiuni-rutiere\\\/#breadcrumb\",\"itemListElement\":[{\"@type\":\"ListItem\",\"position\":1,\"name\":\"Prima pagin\u0103\",\"item\":\"https:\\\/\\\/urbeamea.ro\\\/albaiulia\\\/\"},{\"@type\":\"ListItem\",\"position\":2,\"name\":\"Dosare penale pentru doi b\u0103rba\u021bi din Cugir \u0219i Aiud pentru infrac\u021biuni rutiere\"}]},{\"@type\":\"WebSite\",\"@id\":\"https:\\\/\\\/urbeamea.ro\\\/albaiulia\\\/#website\",\"url\":\"https:\\\/\\\/urbeamea.ro\\\/albaiulia\\\/\",\"name\":\"Revista Urbea Mea, Stiri urbane\",\"description\":\"Evenimente \u0219i \u0219tiri din Alba Iulia, Sebe\u0219, Aiud, Blaj\",\"potentialAction\":[{\"@type\":\"SearchAction\",\"target\":{\"@type\":\"EntryPoint\",\"urlTemplate\":\"https:\\\/\\\/urbeamea.ro\\\/albaiulia\\\/?s={search_term_string}\"},\"query-input\":{\"@type\":\"PropertyValueSpecification\",\"valueRequired\":true,\"valueName\":\"search_term_string\"}}],\"inLanguage\":\"ro-RO\"},{\"@type\":\"Person\",\"@id\":\"https:\\\/\\\/urbeamea.ro\\\/albaiulia\\\/#\\\/schema\\\/person\\\/9700d21fae21c4f038b0b56f4506264a\",\"name\":\"Cristina Ganga\",\"image\":{\"@type\":\"ImageObject\",\"inLanguage\":\"ro-RO\",\"@id\":\"https:\\\/\\\/secure.gravatar.com\\\/avatar\\\/5a67661041f057b4a8ccaf26f5a8e86e2689372006d01faf3dd9eeb10b654bb4?s=96&d=mm&r=g\",\"url\":\"https:\\\/\\\/secure.gravatar.com\\\/avatar\\\/5a67661041f057b4a8ccaf26f5a8e86e2689372006d01faf3dd9eeb10b654bb4?s=96&d=mm&r=g\",\"contentUrl\":\"https:\\\/\\\/secure.gravatar.com\\\/avatar\\\/5a67661041f057b4a8ccaf26f5a8e86e2689372006d01faf3dd9eeb10b654bb4?s=96&d=mm&r=g\",\"caption\":\"Cristina Ganga\"},\"description\":\"Jurnalist\",\"sameAs\":[\"https:\\\/\\\/www.facebook.com\\\/cristina.nicola.587\"],\"url\":\"https:\\\/\\\/urbeamea.ro\\\/albaiulia\\\/author\\\/cristina-nicola\\\/\"}]}<\/script>\n<!-- \/ Yoast SEO plugin. -->","yoast_head_json":{"title":"Dosare penale pentru doi b\u0103rba\u021bi din Cugir \u0219i Aiud pentru infrac\u021biuni rutiere - Revista Urbea Mea - Revista de Alba","description":"Doi b\u0103rba\u021bi, unul din Cugir \u0219i cel\u0103lalt din Aiud, sunt cerceta\u021bi de poli\u021bi\u0219ti dup\u0103 ce au fost prin\u0219i conduc\u00e2nd f\u0103r\u0103 permis sau un autoturism","robots":{"index":"index","follow":"follow","max-snippet":"max-snippet:-1","max-image-preview":"max-image-preview:large","max-video-preview":"max-video-preview:-1"},"canonical":"https:\/\/urbeamea.ro\/albaiulia\/dosare-penale-pentru-doi-barbati-din-cugir-si-aiud-pentru-infractiuni-rutiere\/","twitter_card":"summary_large_image","twitter_title":"Dosare penale pentru doi b\u0103rba\u021bi din Cugir \u0219i Aiud pentru infrac\u021biuni rutiere - Revista Urbea Mea - Revista de Alba","twitter_description":"Doi b\u0103rba\u021bi, unul din Cugir \u0219i cel\u0103lalt din Aiud, sunt cerceta\u021bi de poli\u021bi\u0219ti dup\u0103 ce au fost prin\u0219i conduc\u00e2nd f\u0103r\u0103 permis sau un autoturism","twitter_image":"https:\/\/urbeamea.ro\/albaiulia\/wp-content\/uploads\/2016\/03\/politie-controale.jpg","twitter_creator":"@urbeameaweb","twitter_site":"@urbeameaweb","schema":{"@context":"https:\/\/schema.org","@graph":[{"@type":"Article","@id":"https:\/\/urbeamea.ro\/albaiulia\/dosare-penale-pentru-doi-barbati-din-cugir-si-aiud-pentru-infractiuni-rutiere\/#article","isPartOf":{"@id":"https:\/\/urbeamea.ro\/albaiulia\/dosare-penale-pentru-doi-barbati-din-cugir-si-aiud-pentru-infractiuni-rutiere\/"},"author":{"name":"Cristina Ganga","@id":"https:\/\/urbeamea.ro\/albaiulia\/#\/schema\/person\/9700d21fae21c4f038b0b56f4506264a"},"headline":"Dosare penale pentru doi b\u0103rba\u021bi din Cugir \u0219i Aiud pentru infrac\u021biuni rutiere","datePublished":"2016-03-21T10:22:59+00:00","mainEntityOfPage":{"@id":"https:\/\/urbeamea.ro\/albaiulia\/dosare-penale-pentru-doi-barbati-din-cugir-si-aiud-pentru-infractiuni-rutiere\/"},"wordCount":195,"commentCount":0,"image":{"@id":"https:\/\/urbeamea.ro\/albaiulia\/dosare-penale-pentru-doi-barbati-din-cugir-si-aiud-pentru-infractiuni-rutiere\/#primaryimage"},"thumbnailUrl":"https:\/\/urbeamea.ro\/albaiulia\/wp-content\/uploads\/2016\/03\/politie-controale.jpg","keywords":["aiud","autoturism neinmatriculat","cugir","dosare penale","permis de conducere","politisti","stiri","Urbea Mea"],"articleSection":["Social"],"inLanguage":"ro-RO","potentialAction":[{"@type":"CommentAction","name":"Comment","target":["https:\/\/urbeamea.ro\/albaiulia\/dosare-penale-pentru-doi-barbati-din-cugir-si-aiud-pentru-infractiuni-rutiere\/#respond"]}]},{"@type":"WebPage","@id":"https:\/\/urbeamea.ro\/albaiulia\/dosare-penale-pentru-doi-barbati-din-cugir-si-aiud-pentru-infractiuni-rutiere\/","url":"https:\/\/urbeamea.ro\/albaiulia\/dosare-penale-pentru-doi-barbati-din-cugir-si-aiud-pentru-infractiuni-rutiere\/","name":"Dosare penale pentru doi b\u0103rba\u021bi din Cugir \u0219i Aiud pentru infrac\u021biuni rutiere - Revista Urbea Mea - Revista de Alba","isPartOf":{"@id":"https:\/\/urbeamea.ro\/albaiulia\/#website"},"primaryImageOfPage":{"@id":"https:\/\/urbeamea.ro\/albaiulia\/dosare-penale-pentru-doi-barbati-din-cugir-si-aiud-pentru-infractiuni-rutiere\/#primaryimage"},"image":{"@id":"https:\/\/urbeamea.ro\/albaiulia\/dosare-penale-pentru-doi-barbati-din-cugir-si-aiud-pentru-infractiuni-rutiere\/#primaryimage"},"thumbnailUrl":"https:\/\/urbeamea.ro\/albaiulia\/wp-content\/uploads\/2016\/03\/politie-controale.jpg","datePublished":"2016-03-21T10:22:59+00:00","author":{"@id":"https:\/\/urbeamea.ro\/albaiulia\/#\/schema\/person\/9700d21fae21c4f038b0b56f4506264a"},"description":"Doi b\u0103rba\u021bi, unul din Cugir \u0219i cel\u0103lalt din Aiud, sunt cerceta\u021bi de poli\u021bi\u0219ti dup\u0103 ce au fost prin\u0219i conduc\u00e2nd f\u0103r\u0103 permis sau un autoturism","breadcrumb":{"@id":"https:\/\/urbeamea.ro\/albaiulia\/dosare-penale-pentru-doi-barbati-din-cugir-si-aiud-pentru-infractiuni-rutiere\/#breadcrumb"},"inLanguage":"ro-RO","potentialAction":[{"@type":"ReadAction","target":["https:\/\/urbeamea.ro\/albaiulia\/dosare-penale-pentru-doi-barbati-din-cugir-si-aiud-pentru-infractiuni-rutiere\/"]}]},{"@type":"ImageObject","inLanguage":"ro-RO","@id":"https:\/\/urbeamea.ro\/albaiulia\/dosare-penale-pentru-doi-barbati-din-cugir-si-aiud-pentru-infractiuni-rutiere\/#primaryimage","url":"https:\/\/urbeamea.ro\/albaiulia\/wp-content\/uploads\/2016\/03\/politie-controale.jpg","contentUrl":"https:\/\/urbeamea.ro\/albaiulia\/wp-content\/uploads\/2016\/03\/politie-controale.jpg","width":646,"height":404},{"@type":"BreadcrumbList","@id":"https:\/\/urbeamea.ro\/albaiulia\/dosare-penale-pentru-doi-barbati-din-cugir-si-aiud-pentru-infractiuni-rutiere\/#breadcrumb","itemListElement":[{"@type":"ListItem","position":1,"name":"Prima pagin\u0103","item":"https:\/\/urbeamea.ro\/albaiulia\/"},{"@type":"ListItem","position":2,"name":"Dosare penale pentru doi b\u0103rba\u021bi din Cugir \u0219i Aiud pentru infrac\u021biuni rutiere"}]},{"@type":"WebSite","@id":"https:\/\/urbeamea.ro\/albaiulia\/#website","url":"https:\/\/urbeamea.ro\/albaiulia\/","name":"Revista Urbea Mea, Stiri urbane","description":"Evenimente \u0219i \u0219tiri din Alba Iulia, Sebe\u0219, Aiud, Blaj","potentialAction":[{"@type":"SearchAction","target":{"@type":"EntryPoint","urlTemplate":"https:\/\/urbeamea.ro\/albaiulia\/?s={search_term_string}"},"query-input":{"@type":"PropertyValueSpecification","valueRequired":true,"valueName":"search_term_string"}}],"inLanguage":"ro-RO"},{"@type":"Person","@id":"https:\/\/urbeamea.ro\/albaiulia\/#\/schema\/person\/9700d21fae21c4f038b0b56f4506264a","name":"Cristina Ganga","image":{"@type":"ImageObject","inLanguage":"ro-RO","@id":"https:\/\/secure.gravatar.com\/avatar\/5a67661041f057b4a8ccaf26f5a8e86e2689372006d01faf3dd9eeb10b654bb4?s=96&d=mm&r=g","url":"https:\/\/secure.gravatar.com\/avatar\/5a67661041f057b4a8ccaf26f5a8e86e2689372006d01faf3dd9eeb10b654bb4?s=96&d=mm&r=g","contentUrl":"https:\/\/secure.gravatar.com\/avatar\/5a67661041f057b4a8ccaf26f5a8e86e2689372006d01faf3dd9eeb10b654bb4?s=96&d=mm&r=g","caption":"Cristina Ganga"},"description":"Jurnalist","sameAs":["https:\/\/www.facebook.com\/cristina.nicola.587"],"url":"https:\/\/urbeamea.ro\/albaiulia\/author\/cristina-nicola\/"}]}},"_links":{"self":[{"href":"https:\/\/urbeamea.ro\/albaiulia\/wp-json\/wp\/v2\/posts\/20243","targetHints":{"allow":["GET"]}}],"collection":[{"href":"https:\/\/urbeamea.ro\/albaiulia\/wp-json\/wp\/v2\/posts"}],"about":[{"href":"https:\/\/urbeamea.ro\/albaiulia\/wp-json\/wp\/v2\/types\/post"}],"author":[{"embeddable":true,"href":"https:\/\/urbeamea.ro\/albaiulia\/wp-json\/wp\/v2\/users\/17"}],"replies":[{"embeddable":true,"href":"https:\/\/urbeamea.ro\/albaiulia\/wp-json\/wp\/v2\/comments?post=20243"}],"version-history":[{"count":0,"href":"https:\/\/urbeamea.ro\/albaiulia\/wp-json\/wp\/v2\/posts\/20243\/revisions"}],"wp:featuredmedia":[{"embeddable":true,"href":"https:\/\/urbeamea.ro\/albaiulia\/wp-json\/wp\/v2\/media\/20158"}],"wp:attachment":[{"href":"https:\/\/urbeamea.ro\/albaiulia\/wp-json\/wp\/v2\/media?parent=20243"}],"wp:term":[{"taxonomy":"category","embeddable":true,"href":"https:\/\/urbeamea.ro\/albaiulia\/wp-json\/wp\/v2\/categories?post=20243"},{"taxonomy":"post_tag","embeddable":true,"href":"https:\/\/urbeamea.ro\/albaiulia\/wp-json\/wp\/v2\/tags?post=20243"}],"curies":[{"name":"wp","href":"https:\/\/api.w.org\/{rel}","templated":true}]}}