{"id":20245,"date":"2016-03-21T12:38:50","date_gmt":"2016-03-21T10:38:50","guid":{"rendered":"http:\/\/urbeamea.ro\/albaiulia\/?p=20245"},"modified":"2016-03-21T12:38:50","modified_gmt":"2016-03-21T10:38:50","slug":"foto-openul-international-al-romaniei-andrei-istratescu-invingator-in-proba-de-blitz","status":"publish","type":"post","link":"https:\/\/urbeamea.ro\/albaiulia\/foto-openul-international-al-romaniei-andrei-istratescu-invingator-in-proba-de-blitz\/","title":{"rendered":"FOTO: Openul Interna\u021bional al Rom\u00e2niei. Andrei Istratescu, \u00eenving\u0103tor \u00een proba de blitz"},"content":{"rendered":"<p><strong><img loading=\"lazy\" decoding=\"async\" class=\"size-medium wp-image-20248 alignleft\" src=\"http:\/\/urbeamea.ro\/albaiulia\/wp-content\/uploads\/2016\/03\/Daria-Ioana-Anca-la-pian-in-deschiderea-rundei-6-300x169.jpg\" alt=\"Daria Ioana Anca la pian in deschiderea rundei 6\" width=\"300\" height=\"169\" \/>Duminic\u0103 diminea\u021ba, Hotelul Transilvania din Alba Iulia a fost gazda probei de blitz a Openului Interna\u021bional al Rom\u00e2niei. Chiar dac\u0103 o parte dintre juc\u0103tori a decis s\u0103 nu participe la aceast\u0103 prob\u0103, prefer\u00e2nd s\u0103 se odihneasc\u0103, dup\u0103 ce s\u00e2mb\u0103t\u0103 au avut programate dou\u0103 runde, sau s\u0103 se preg\u0103teasc\u0103 pentru runda de dup\u0103-amiaz\u0103, valoarea turneului a fost una foarte ridicat\u0103 \u00een special datorit\u0103 prezen\u021bei a 5 mari mae\u0219tri interna\u021bionali de calibru la start: Andrei Istratescu, Konstantin Tarlev, Vladislav Nevednichy, Szabo Gergely \u0219i Marius Manolache.<\/strong><\/p>\n<p>A fost un turneu extrem de disputat, cu multe surprize, a\u0219a cum se \u00eent\u00e2mpl\u0103 de regul\u0103 \u00een proba de blitz, \u00een care se joac\u0103 \u00eentr-un ritm foarte alert, juc\u0103torii av\u00e2nd la dispozi\u021bie doar 3 minute pentru a efectua toate mut\u0103rile din partid\u0103, la care se adaug\u0103 c\u00e2te 2 secunde bonifica\u021bie dup\u0103 fiecare mutare efectuat\u0103.<\/p>\n<p><img loading=\"lazy\" decoding=\"async\" class=\"size-medium wp-image-20247 alignright\" src=\"http:\/\/urbeamea.ro\/albaiulia\/wp-content\/uploads\/2016\/03\/Blitz-04-300x169.jpg\" alt=\"Blitz 04\" width=\"300\" height=\"169\" srcset=\"https:\/\/urbeamea.ro\/albaiulia\/wp-content\/uploads\/2016\/03\/Blitz-04-300x169.jpg 300w, https:\/\/urbeamea.ro\/albaiulia\/wp-content\/uploads\/2016\/03\/Blitz-04-150x84.jpg 150w, https:\/\/urbeamea.ro\/albaiulia\/wp-content\/uploads\/2016\/03\/Blitz-04-768x432.jpg 768w, https:\/\/urbeamea.ro\/albaiulia\/wp-content\/uploads\/2016\/03\/Blitz-04-1024x576.jpg 1024w, https:\/\/urbeamea.ro\/albaiulia\/wp-content\/uploads\/2016\/03\/Blitz-04.jpg 1280w\" sizes=\"auto, (max-width: 300px) 100vw, 300px\" \/>De\u0219i a pierdut nea\u0219teptat \u00een primele runde \u00eempotriva campionului na\u021bional de juniori sub 14 ani George Stoleriu, Andrei Istratescu (Fran\u021ba) \u0219i-a revenit \u0219i s-a impus la final cu 6,5 puncte acumulate \u00een 8 partide, la egalitate de puncte cu Konstantin Tarlev (Ucraina), dar av\u00e2nd avantajul victoriei ob\u021binute asupra acestuia \u00een confruntarea direct\u0103. Pe locul 3 s-a clasat Szabo Gergely (Rom\u00e2nia) cu 5,5 puncte, acela\u0219i num\u0103r de puncte dar coeficien\u021bi Bucholtz inferiori av\u00e2ndu-l \u0219i urm\u0103torii clasa\u021bi Vladislav Nevednichy, Adrian Secheres \u0219i Vladimir Danilov, ultimul nimeni altul dec\u00e2t secretarul general al Federa\u021biei Rom\u00e2ne de \u0218ah, care a schimbat pentru c\u00e2teva ore rolul de organizator cu cel de participant \u00een turneul de blitz.<\/p>\n<p><img loading=\"lazy\" decoding=\"async\" class=\"size-medium wp-image-20246 alignleft\" src=\"http:\/\/urbeamea.ro\/albaiulia\/wp-content\/uploads\/2016\/03\/Blitz-03-300x169.jpg\" alt=\"Blitz 03\" width=\"300\" height=\"169\" srcset=\"https:\/\/urbeamea.ro\/albaiulia\/wp-content\/uploads\/2016\/03\/Blitz-03-300x169.jpg 300w, https:\/\/urbeamea.ro\/albaiulia\/wp-content\/uploads\/2016\/03\/Blitz-03-150x84.jpg 150w, https:\/\/urbeamea.ro\/albaiulia\/wp-content\/uploads\/2016\/03\/Blitz-03-768x432.jpg 768w, https:\/\/urbeamea.ro\/albaiulia\/wp-content\/uploads\/2016\/03\/Blitz-03-1024x576.jpg 1024w, https:\/\/urbeamea.ro\/albaiulia\/wp-content\/uploads\/2016\/03\/Blitz-03.jpg 1280w\" sizes=\"auto, (max-width: 300px) 100vw, 300px\" \/>O evolu\u021bie foarte bun\u0103 a avut \u0219i juniorul Mihnea Costachi, care de\u0219i a avut un traseu foarte dificil, a acumulat 5 victorii, pierz\u00e2nd \u00eens\u0103 3 partide \u00eempotriva primilor 3 clasa\u021bi. La festivitatea de premiere care va avea loc miercuri de la orele 14:00, simultan cu cea din turneul principal, Mihnea va primi premiul special pentru cel mai bine clasat jucator local. Alte premii speciale au fost ob\u021binute de Rudolf Tirziman (Irlanda) \u2013 juniori 20 de ani, George Stoleriu \u2013 juniori 18 ani, George Ileana \u2013 juniori 16 ani, Mihnea Ognean \u2013 juniori 12 ani, Flavius Sida \u2013 copii 10 ani, Razvan Buzuriu \u2013 copii 8 ani, Flavia Sida \u2013 copii 6 ani, Emilia Coman \u2013 feminin,\u00a0 Dan Samoil \u2013 veterani &gt; 60 ani, Victor Moga \u2013 veternati &gt;50 ani si Dan Ambru \u2013 juc\u0103tori cu rating &lt;2000.<\/p>\n<p>Turneul a fost arbitrat de Alin Campeanu (Rom\u00e2nia) \u0219i Gabriel Mirza (Irlanda).<\/p>\n<div id='gallery-1' class='gallery galleryid-20245 gallery-columns-3 gallery-size-thumbnail'><figure class='gallery-item'>\n\t\t\t<div class='gallery-icon landscape'>\n\t\t\t\t<a href='https:\/\/urbeamea.ro\/albaiulia\/wp-content\/uploads\/2016\/03\/Blitz-03.jpg'><img decoding=\"async\" width=\"150\" height=\"84\" src=\"data:image\/png;base64,iVBORw0KGgoAAAANSUhEUgAAAYYAAADcAQMAAABOLJSDAAAAA1BMVEUAAACnej3aAAAAAXRSTlMAQObYZgAAACJJREFUaIHtwTEBAAAAwqD1T20ND6AAAAAAAAAAAAAA4N8AKvgAAUFIrrEAAAAASUVORK5CYII=\" class=\"attachment-thumbnail size-thumbnail lazy-img\" alt=\"\" srcset=\"https:\/\/urbeamea.ro\/albaiulia\/wp-content\/uploads\/2016\/03\/Blitz-03-150x84.jpg 150w, https:\/\/urbeamea.ro\/albaiulia\/wp-content\/uploads\/2016\/03\/Blitz-03-300x169.jpg 300w, https:\/\/urbeamea.ro\/albaiulia\/wp-content\/uploads\/2016\/03\/Blitz-03-768x432.jpg 768w, https:\/\/urbeamea.ro\/albaiulia\/wp-content\/uploads\/2016\/03\/Blitz-03-1024x576.jpg 1024w, https:\/\/urbeamea.ro\/albaiulia\/wp-content\/uploads\/2016\/03\/Blitz-03-819x452.jpg 819w, https:\/\/urbeamea.ro\/albaiulia\/wp-content\/uploads\/2016\/03\/Blitz-03.jpg 1280w\" sizes=\"auto, (max-width: 150px) 100vw, 150px\" data-src=\"https:\/\/urbeamea.ro\/albaiulia\/wp-content\/uploads\/2016\/03\/Blitz-03-150x84.jpg\" loading=\"lazy\" \/><\/a>\n\t\t\t<\/div><\/figure><figure class='gallery-item'>\n\t\t\t<div class='gallery-icon landscape'>\n\t\t\t\t<a href='https:\/\/urbeamea.ro\/albaiulia\/wp-content\/uploads\/2016\/03\/Blitz-04.jpg'><img decoding=\"async\" width=\"150\" height=\"84\" src=\"data:image\/png;base64,iVBORw0KGgoAAAANSUhEUgAAAYYAAADcAQMAAABOLJSDAAAAA1BMVEUAAACnej3aAAAAAXRSTlMAQObYZgAAACJJREFUaIHtwTEBAAAAwqD1T20ND6AAAAAAAAAAAAAA4N8AKvgAAUFIrrEAAAAASUVORK5CYII=\" class=\"attachment-thumbnail size-thumbnail lazy-img\" alt=\"\" srcset=\"https:\/\/urbeamea.ro\/albaiulia\/wp-content\/uploads\/2016\/03\/Blitz-04-150x84.jpg 150w, https:\/\/urbeamea.ro\/albaiulia\/wp-content\/uploads\/2016\/03\/Blitz-04-300x169.jpg 300w, https:\/\/urbeamea.ro\/albaiulia\/wp-content\/uploads\/2016\/03\/Blitz-04-768x432.jpg 768w, https:\/\/urbeamea.ro\/albaiulia\/wp-content\/uploads\/2016\/03\/Blitz-04-1024x576.jpg 1024w, https:\/\/urbeamea.ro\/albaiulia\/wp-content\/uploads\/2016\/03\/Blitz-04-819x452.jpg 819w, https:\/\/urbeamea.ro\/albaiulia\/wp-content\/uploads\/2016\/03\/Blitz-04.jpg 1280w\" sizes=\"auto, (max-width: 150px) 100vw, 150px\" data-src=\"https:\/\/urbeamea.ro\/albaiulia\/wp-content\/uploads\/2016\/03\/Blitz-04-150x84.jpg\" loading=\"lazy\" \/><\/a>\n\t\t\t<\/div><\/figure><figure class='gallery-item'>\n\t\t\t<div class='gallery-icon landscape'>\n\t\t\t\t<a href='https:\/\/urbeamea.ro\/albaiulia\/wp-content\/uploads\/2016\/03\/Daria-Ioana-Anca-la-pian-in-deschiderea-rundei-6.jpg'><img decoding=\"async\" width=\"150\" height=\"84\" src=\"data:image\/png;base64,iVBORw0KGgoAAAANSUhEUgAAAYYAAADcAQMAAABOLJSDAAAAA1BMVEUAAACnej3aAAAAAXRSTlMAQObYZgAAACJJREFUaIHtwTEBAAAAwqD1T20ND6AAAAAAAAAAAAAA4N8AKvgAAUFIrrEAAAAASUVORK5CYII=\" class=\"attachment-thumbnail size-thumbnail lazy-img\" alt=\"\" srcset=\"https:\/\/urbeamea.ro\/albaiulia\/wp-content\/uploads\/2016\/03\/Daria-Ioana-Anca-la-pian-in-deschiderea-rundei-6-150x84.jpg 150w, https:\/\/urbeamea.ro\/albaiulia\/wp-content\/uploads\/2016\/03\/Daria-Ioana-Anca-la-pian-in-deschiderea-rundei-6-640x360.jpg 640w, https:\/\/urbeamea.ro\/albaiulia\/wp-content\/uploads\/2016\/03\/Daria-Ioana-Anca-la-pian-in-deschiderea-rundei-6-768x432.jpg 768w, https:\/\/urbeamea.ro\/albaiulia\/wp-content\/uploads\/2016\/03\/Daria-Ioana-Anca-la-pian-in-deschiderea-rundei-6-819x452.jpg 819w, https:\/\/urbeamea.ro\/albaiulia\/wp-content\/uploads\/2016\/03\/Daria-Ioana-Anca-la-pian-in-deschiderea-rundei-6.jpg 960w\" sizes=\"auto, (max-width: 150px) 100vw, 150px\" data-src=\"https:\/\/urbeamea.ro\/albaiulia\/wp-content\/uploads\/2016\/03\/Daria-Ioana-Anca-la-pian-in-deschiderea-rundei-6-150x84.jpg\" loading=\"lazy\" \/><\/a>\n\t\t\t<\/div><\/figure>\n\t\t<\/div>\n\n","protected":false},"excerpt":{"rendered":"<p>Duminic\u0103 diminea\u021ba, Hotelul Transilvania din Alba Iulia a fost gazda probei de blitz a Openului Interna\u021bional al Rom\u00e2niei. Chiar dac\u0103 o parte dintre juc\u0103tori a decis s\u0103 nu participe la aceast\u0103 prob\u0103, prefer\u00e2nd s\u0103 se odihneasc\u0103, dup\u0103 ce s\u00e2mb\u0103t\u0103 au avut programate dou\u0103 runde, sau s\u0103 se preg\u0103teasc\u0103 pentru runda de dup\u0103-amiaz\u0103, valoarea turneului a &hellip;<\/p>\n","protected":false},"author":17,"featured_media":20248,"comment_status":"open","ping_status":"open","sticky":false,"template":"","format":"standard","meta":{"inline_featured_image":false,"footnotes":""},"categories":[79],"tags":[31,3156,735,3939,1416,3913,2570,3349,309,427,308,3940,76,2568],"class_list":["post-20245","post","type-post","status-publish","format-standard","has-post-thumbnail","hentry","category-sah","tag-alba-iulia","tag-andrei-istratescu","tag-clasament","tag-clasati","tag-hotel-transilvania","tag-konstantin-tarlev","tag-marius-manolache","tag-openul-international-al-romaniei","tag-premii","tag-sah","tag-stiri","tag-szabo-gergely","tag-urbea-mea","tag-vladislav-nevednichy"],"yoast_head":"<!-- This site is optimized with the Yoast SEO plugin v27.4 - https:\/\/yoast.com\/product\/yoast-seo-wordpress\/ -->\n<title>FOTO: Openul Interna\u021bional al Rom\u00e2niei. Andrei Istratescu, \u00eenving\u0103tor \u00een proba de blitz - Revista Urbea Mea - Revista de Alba<\/title>\n<meta name=\"description\" content=\"Duminic\u0103 diminea\u021ba, Hotelul Transilvania din Alba Iulia a fost gazda probei de blitz a Openului Interna\u021bional al Rom\u00e2niei. Chiar dac\u0103 o parte dintre\" \/>\n<meta name=\"robots\" content=\"index, follow, max-snippet:-1, max-image-preview:large, max-video-preview:-1\" \/>\n<link rel=\"canonical\" href=\"https:\/\/urbeamea.ro\/albaiulia\/foto-openul-international-al-romaniei-andrei-istratescu-invingator-in-proba-de-blitz\/\" \/>\n<meta name=\"twitter:card\" content=\"summary_large_image\" \/>\n<meta name=\"twitter:title\" content=\"FOTO: Openul Interna\u021bional al Rom\u00e2niei. Andrei Istratescu, \u00eenving\u0103tor \u00een proba de blitz - Revista Urbea Mea - Revista de Alba\" \/>\n<meta name=\"twitter:description\" content=\"Duminic\u0103 diminea\u021ba, Hotelul Transilvania din Alba Iulia a fost gazda probei de blitz a Openului Interna\u021bional al Rom\u00e2niei. Chiar dac\u0103 o parte dintre\" \/>\n<meta name=\"twitter:image\" content=\"https:\/\/urbeamea.ro\/albaiulia\/wp-content\/uploads\/2016\/03\/Daria-Ioana-Anca-la-pian-in-deschiderea-rundei-6.jpg\" \/>\n<meta name=\"twitter:creator\" content=\"@urbeameaweb\" \/>\n<meta name=\"twitter:site\" content=\"@urbeameaweb\" \/>\n<script type=\"application\/ld+json\" class=\"yoast-schema-graph\">{\"@context\":\"https:\\\/\\\/schema.org\",\"@graph\":[{\"@type\":\"Article\",\"@id\":\"https:\\\/\\\/urbeamea.ro\\\/albaiulia\\\/foto-openul-international-al-romaniei-andrei-istratescu-invingator-in-proba-de-blitz\\\/#article\",\"isPartOf\":{\"@id\":\"https:\\\/\\\/urbeamea.ro\\\/albaiulia\\\/foto-openul-international-al-romaniei-andrei-istratescu-invingator-in-proba-de-blitz\\\/\"},\"author\":{\"name\":\"Cristina Ganga\",\"@id\":\"https:\\\/\\\/urbeamea.ro\\\/albaiulia\\\/#\\\/schema\\\/person\\\/9700d21fae21c4f038b0b56f4506264a\"},\"headline\":\"FOTO: Openul Interna\u021bional al Rom\u00e2niei. Andrei Istratescu, \u00eenving\u0103tor \u00een proba de blitz\",\"datePublished\":\"2016-03-21T10:38:50+00:00\",\"mainEntityOfPage\":{\"@id\":\"https:\\\/\\\/urbeamea.ro\\\/albaiulia\\\/foto-openul-international-al-romaniei-andrei-istratescu-invingator-in-proba-de-blitz\\\/\"},\"wordCount\":428,\"commentCount\":0,\"image\":{\"@id\":\"https:\\\/\\\/urbeamea.ro\\\/albaiulia\\\/foto-openul-international-al-romaniei-andrei-istratescu-invingator-in-proba-de-blitz\\\/#primaryimage\"},\"thumbnailUrl\":\"https:\\\/\\\/urbeamea.ro\\\/albaiulia\\\/wp-content\\\/uploads\\\/2016\\\/03\\\/Daria-Ioana-Anca-la-pian-in-deschiderea-rundei-6.jpg\",\"keywords\":[\"Alba Iulia\",\"Andrei Istratescu\",\"clasament\",\"clasati\",\"hotel transilvania\",\"Konstantin Tarlev\",\"Marius Manolache\",\"openul international al romaniei\",\"premii\",\"sah\",\"stiri\",\"Szabo Gergely\",\"Urbea Mea\",\"Vladislav Nevednichy\"],\"articleSection\":[\"Sah\"],\"inLanguage\":\"ro-RO\",\"potentialAction\":[{\"@type\":\"CommentAction\",\"name\":\"Comment\",\"target\":[\"https:\\\/\\\/urbeamea.ro\\\/albaiulia\\\/foto-openul-international-al-romaniei-andrei-istratescu-invingator-in-proba-de-blitz\\\/#respond\"]}]},{\"@type\":\"WebPage\",\"@id\":\"https:\\\/\\\/urbeamea.ro\\\/albaiulia\\\/foto-openul-international-al-romaniei-andrei-istratescu-invingator-in-proba-de-blitz\\\/\",\"url\":\"https:\\\/\\\/urbeamea.ro\\\/albaiulia\\\/foto-openul-international-al-romaniei-andrei-istratescu-invingator-in-proba-de-blitz\\\/\",\"name\":\"FOTO: Openul Interna\u021bional al Rom\u00e2niei. Andrei Istratescu, \u00eenving\u0103tor \u00een proba de blitz - Revista Urbea Mea - Revista de Alba\",\"isPartOf\":{\"@id\":\"https:\\\/\\\/urbeamea.ro\\\/albaiulia\\\/#website\"},\"primaryImageOfPage\":{\"@id\":\"https:\\\/\\\/urbeamea.ro\\\/albaiulia\\\/foto-openul-international-al-romaniei-andrei-istratescu-invingator-in-proba-de-blitz\\\/#primaryimage\"},\"image\":{\"@id\":\"https:\\\/\\\/urbeamea.ro\\\/albaiulia\\\/foto-openul-international-al-romaniei-andrei-istratescu-invingator-in-proba-de-blitz\\\/#primaryimage\"},\"thumbnailUrl\":\"https:\\\/\\\/urbeamea.ro\\\/albaiulia\\\/wp-content\\\/uploads\\\/2016\\\/03\\\/Daria-Ioana-Anca-la-pian-in-deschiderea-rundei-6.jpg\",\"datePublished\":\"2016-03-21T10:38:50+00:00\",\"author\":{\"@id\":\"https:\\\/\\\/urbeamea.ro\\\/albaiulia\\\/#\\\/schema\\\/person\\\/9700d21fae21c4f038b0b56f4506264a\"},\"description\":\"Duminic\u0103 diminea\u021ba, Hotelul Transilvania din Alba Iulia a fost gazda probei de blitz a Openului Interna\u021bional al Rom\u00e2niei. Chiar dac\u0103 o parte dintre\",\"breadcrumb\":{\"@id\":\"https:\\\/\\\/urbeamea.ro\\\/albaiulia\\\/foto-openul-international-al-romaniei-andrei-istratescu-invingator-in-proba-de-blitz\\\/#breadcrumb\"},\"inLanguage\":\"ro-RO\",\"potentialAction\":[{\"@type\":\"ReadAction\",\"target\":[\"https:\\\/\\\/urbeamea.ro\\\/albaiulia\\\/foto-openul-international-al-romaniei-andrei-istratescu-invingator-in-proba-de-blitz\\\/\"]}]},{\"@type\":\"ImageObject\",\"inLanguage\":\"ro-RO\",\"@id\":\"https:\\\/\\\/urbeamea.ro\\\/albaiulia\\\/foto-openul-international-al-romaniei-andrei-istratescu-invingator-in-proba-de-blitz\\\/#primaryimage\",\"url\":\"https:\\\/\\\/urbeamea.ro\\\/albaiulia\\\/wp-content\\\/uploads\\\/2016\\\/03\\\/Daria-Ioana-Anca-la-pian-in-deschiderea-rundei-6.jpg\",\"contentUrl\":\"https:\\\/\\\/urbeamea.ro\\\/albaiulia\\\/wp-content\\\/uploads\\\/2016\\\/03\\\/Daria-Ioana-Anca-la-pian-in-deschiderea-rundei-6.jpg\",\"width\":960,\"height\":540},{\"@type\":\"BreadcrumbList\",\"@id\":\"https:\\\/\\\/urbeamea.ro\\\/albaiulia\\\/foto-openul-international-al-romaniei-andrei-istratescu-invingator-in-proba-de-blitz\\\/#breadcrumb\",\"itemListElement\":[{\"@type\":\"ListItem\",\"position\":1,\"name\":\"Prima pagin\u0103\",\"item\":\"https:\\\/\\\/urbeamea.ro\\\/albaiulia\\\/\"},{\"@type\":\"ListItem\",\"position\":2,\"name\":\"FOTO: Openul Interna\u021bional al Rom\u00e2niei. Andrei Istratescu, \u00eenving\u0103tor \u00een proba de blitz\"}]},{\"@type\":\"WebSite\",\"@id\":\"https:\\\/\\\/urbeamea.ro\\\/albaiulia\\\/#website\",\"url\":\"https:\\\/\\\/urbeamea.ro\\\/albaiulia\\\/\",\"name\":\"Revista Urbea Mea, Stiri urbane\",\"description\":\"Evenimente \u0219i \u0219tiri din Alba Iulia, Sebe\u0219, Aiud, Blaj\",\"potentialAction\":[{\"@type\":\"SearchAction\",\"target\":{\"@type\":\"EntryPoint\",\"urlTemplate\":\"https:\\\/\\\/urbeamea.ro\\\/albaiulia\\\/?s={search_term_string}\"},\"query-input\":{\"@type\":\"PropertyValueSpecification\",\"valueRequired\":true,\"valueName\":\"search_term_string\"}}],\"inLanguage\":\"ro-RO\"},{\"@type\":\"Person\",\"@id\":\"https:\\\/\\\/urbeamea.ro\\\/albaiulia\\\/#\\\/schema\\\/person\\\/9700d21fae21c4f038b0b56f4506264a\",\"name\":\"Cristina Ganga\",\"image\":{\"@type\":\"ImageObject\",\"inLanguage\":\"ro-RO\",\"@id\":\"https:\\\/\\\/secure.gravatar.com\\\/avatar\\\/5a67661041f057b4a8ccaf26f5a8e86e2689372006d01faf3dd9eeb10b654bb4?s=96&d=mm&r=g\",\"url\":\"https:\\\/\\\/secure.gravatar.com\\\/avatar\\\/5a67661041f057b4a8ccaf26f5a8e86e2689372006d01faf3dd9eeb10b654bb4?s=96&d=mm&r=g\",\"contentUrl\":\"https:\\\/\\\/secure.gravatar.com\\\/avatar\\\/5a67661041f057b4a8ccaf26f5a8e86e2689372006d01faf3dd9eeb10b654bb4?s=96&d=mm&r=g\",\"caption\":\"Cristina Ganga\"},\"description\":\"Jurnalist\",\"sameAs\":[\"https:\\\/\\\/www.facebook.com\\\/cristina.nicola.587\"],\"url\":\"https:\\\/\\\/urbeamea.ro\\\/albaiulia\\\/author\\\/cristina-nicola\\\/\"}]}<\/script>\n<!-- \/ Yoast SEO plugin. -->","yoast_head_json":{"title":"FOTO: Openul Interna\u021bional al Rom\u00e2niei. Andrei Istratescu, \u00eenving\u0103tor \u00een proba de blitz - Revista Urbea Mea - Revista de Alba","description":"Duminic\u0103 diminea\u021ba, Hotelul Transilvania din Alba Iulia a fost gazda probei de blitz a Openului Interna\u021bional al Rom\u00e2niei. Chiar dac\u0103 o parte dintre","robots":{"index":"index","follow":"follow","max-snippet":"max-snippet:-1","max-image-preview":"max-image-preview:large","max-video-preview":"max-video-preview:-1"},"canonical":"https:\/\/urbeamea.ro\/albaiulia\/foto-openul-international-al-romaniei-andrei-istratescu-invingator-in-proba-de-blitz\/","twitter_card":"summary_large_image","twitter_title":"FOTO: Openul Interna\u021bional al Rom\u00e2niei. Andrei Istratescu, \u00eenving\u0103tor \u00een proba de blitz - Revista Urbea Mea - Revista de Alba","twitter_description":"Duminic\u0103 diminea\u021ba, Hotelul Transilvania din Alba Iulia a fost gazda probei de blitz a Openului Interna\u021bional al Rom\u00e2niei. Chiar dac\u0103 o parte dintre","twitter_image":"https:\/\/urbeamea.ro\/albaiulia\/wp-content\/uploads\/2016\/03\/Daria-Ioana-Anca-la-pian-in-deschiderea-rundei-6.jpg","twitter_creator":"@urbeameaweb","twitter_site":"@urbeameaweb","schema":{"@context":"https:\/\/schema.org","@graph":[{"@type":"Article","@id":"https:\/\/urbeamea.ro\/albaiulia\/foto-openul-international-al-romaniei-andrei-istratescu-invingator-in-proba-de-blitz\/#article","isPartOf":{"@id":"https:\/\/urbeamea.ro\/albaiulia\/foto-openul-international-al-romaniei-andrei-istratescu-invingator-in-proba-de-blitz\/"},"author":{"name":"Cristina Ganga","@id":"https:\/\/urbeamea.ro\/albaiulia\/#\/schema\/person\/9700d21fae21c4f038b0b56f4506264a"},"headline":"FOTO: Openul Interna\u021bional al Rom\u00e2niei. Andrei Istratescu, \u00eenving\u0103tor \u00een proba de blitz","datePublished":"2016-03-21T10:38:50+00:00","mainEntityOfPage":{"@id":"https:\/\/urbeamea.ro\/albaiulia\/foto-openul-international-al-romaniei-andrei-istratescu-invingator-in-proba-de-blitz\/"},"wordCount":428,"commentCount":0,"image":{"@id":"https:\/\/urbeamea.ro\/albaiulia\/foto-openul-international-al-romaniei-andrei-istratescu-invingator-in-proba-de-blitz\/#primaryimage"},"thumbnailUrl":"https:\/\/urbeamea.ro\/albaiulia\/wp-content\/uploads\/2016\/03\/Daria-Ioana-Anca-la-pian-in-deschiderea-rundei-6.jpg","keywords":["Alba Iulia","Andrei Istratescu","clasament","clasati","hotel transilvania","Konstantin Tarlev","Marius Manolache","openul international al romaniei","premii","sah","stiri","Szabo Gergely","Urbea Mea","Vladislav Nevednichy"],"articleSection":["Sah"],"inLanguage":"ro-RO","potentialAction":[{"@type":"CommentAction","name":"Comment","target":["https:\/\/urbeamea.ro\/albaiulia\/foto-openul-international-al-romaniei-andrei-istratescu-invingator-in-proba-de-blitz\/#respond"]}]},{"@type":"WebPage","@id":"https:\/\/urbeamea.ro\/albaiulia\/foto-openul-international-al-romaniei-andrei-istratescu-invingator-in-proba-de-blitz\/","url":"https:\/\/urbeamea.ro\/albaiulia\/foto-openul-international-al-romaniei-andrei-istratescu-invingator-in-proba-de-blitz\/","name":"FOTO: Openul Interna\u021bional al Rom\u00e2niei. Andrei Istratescu, \u00eenving\u0103tor \u00een proba de blitz - Revista Urbea Mea - Revista de Alba","isPartOf":{"@id":"https:\/\/urbeamea.ro\/albaiulia\/#website"},"primaryImageOfPage":{"@id":"https:\/\/urbeamea.ro\/albaiulia\/foto-openul-international-al-romaniei-andrei-istratescu-invingator-in-proba-de-blitz\/#primaryimage"},"image":{"@id":"https:\/\/urbeamea.ro\/albaiulia\/foto-openul-international-al-romaniei-andrei-istratescu-invingator-in-proba-de-blitz\/#primaryimage"},"thumbnailUrl":"https:\/\/urbeamea.ro\/albaiulia\/wp-content\/uploads\/2016\/03\/Daria-Ioana-Anca-la-pian-in-deschiderea-rundei-6.jpg","datePublished":"2016-03-21T10:38:50+00:00","author":{"@id":"https:\/\/urbeamea.ro\/albaiulia\/#\/schema\/person\/9700d21fae21c4f038b0b56f4506264a"},"description":"Duminic\u0103 diminea\u021ba, Hotelul Transilvania din Alba Iulia a fost gazda probei de blitz a Openului Interna\u021bional al Rom\u00e2niei. Chiar dac\u0103 o parte dintre","breadcrumb":{"@id":"https:\/\/urbeamea.ro\/albaiulia\/foto-openul-international-al-romaniei-andrei-istratescu-invingator-in-proba-de-blitz\/#breadcrumb"},"inLanguage":"ro-RO","potentialAction":[{"@type":"ReadAction","target":["https:\/\/urbeamea.ro\/albaiulia\/foto-openul-international-al-romaniei-andrei-istratescu-invingator-in-proba-de-blitz\/"]}]},{"@type":"ImageObject","inLanguage":"ro-RO","@id":"https:\/\/urbeamea.ro\/albaiulia\/foto-openul-international-al-romaniei-andrei-istratescu-invingator-in-proba-de-blitz\/#primaryimage","url":"https:\/\/urbeamea.ro\/albaiulia\/wp-content\/uploads\/2016\/03\/Daria-Ioana-Anca-la-pian-in-deschiderea-rundei-6.jpg","contentUrl":"https:\/\/urbeamea.ro\/albaiulia\/wp-content\/uploads\/2016\/03\/Daria-Ioana-Anca-la-pian-in-deschiderea-rundei-6.jpg","width":960,"height":540},{"@type":"BreadcrumbList","@id":"https:\/\/urbeamea.ro\/albaiulia\/foto-openul-international-al-romaniei-andrei-istratescu-invingator-in-proba-de-blitz\/#breadcrumb","itemListElement":[{"@type":"ListItem","position":1,"name":"Prima pagin\u0103","item":"https:\/\/urbeamea.ro\/albaiulia\/"},{"@type":"ListItem","position":2,"name":"FOTO: Openul Interna\u021bional al Rom\u00e2niei. Andrei Istratescu, \u00eenving\u0103tor \u00een proba de blitz"}]},{"@type":"WebSite","@id":"https:\/\/urbeamea.ro\/albaiulia\/#website","url":"https:\/\/urbeamea.ro\/albaiulia\/","name":"Revista Urbea Mea, Stiri urbane","description":"Evenimente \u0219i \u0219tiri din Alba Iulia, Sebe\u0219, Aiud, Blaj","potentialAction":[{"@type":"SearchAction","target":{"@type":"EntryPoint","urlTemplate":"https:\/\/urbeamea.ro\/albaiulia\/?s={search_term_string}"},"query-input":{"@type":"PropertyValueSpecification","valueRequired":true,"valueName":"search_term_string"}}],"inLanguage":"ro-RO"},{"@type":"Person","@id":"https:\/\/urbeamea.ro\/albaiulia\/#\/schema\/person\/9700d21fae21c4f038b0b56f4506264a","name":"Cristina Ganga","image":{"@type":"ImageObject","inLanguage":"ro-RO","@id":"https:\/\/secure.gravatar.com\/avatar\/5a67661041f057b4a8ccaf26f5a8e86e2689372006d01faf3dd9eeb10b654bb4?s=96&d=mm&r=g","url":"https:\/\/secure.gravatar.com\/avatar\/5a67661041f057b4a8ccaf26f5a8e86e2689372006d01faf3dd9eeb10b654bb4?s=96&d=mm&r=g","contentUrl":"https:\/\/secure.gravatar.com\/avatar\/5a67661041f057b4a8ccaf26f5a8e86e2689372006d01faf3dd9eeb10b654bb4?s=96&d=mm&r=g","caption":"Cristina Ganga"},"description":"Jurnalist","sameAs":["https:\/\/www.facebook.com\/cristina.nicola.587"],"url":"https:\/\/urbeamea.ro\/albaiulia\/author\/cristina-nicola\/"}]}},"_links":{"self":[{"href":"https:\/\/urbeamea.ro\/albaiulia\/wp-json\/wp\/v2\/posts\/20245","targetHints":{"allow":["GET"]}}],"collection":[{"href":"https:\/\/urbeamea.ro\/albaiulia\/wp-json\/wp\/v2\/posts"}],"about":[{"href":"https:\/\/urbeamea.ro\/albaiulia\/wp-json\/wp\/v2\/types\/post"}],"author":[{"embeddable":true,"href":"https:\/\/urbeamea.ro\/albaiulia\/wp-json\/wp\/v2\/users\/17"}],"replies":[{"embeddable":true,"href":"https:\/\/urbeamea.ro\/albaiulia\/wp-json\/wp\/v2\/comments?post=20245"}],"version-history":[{"count":0,"href":"https:\/\/urbeamea.ro\/albaiulia\/wp-json\/wp\/v2\/posts\/20245\/revisions"}],"wp:featuredmedia":[{"embeddable":true,"href":"https:\/\/urbeamea.ro\/albaiulia\/wp-json\/wp\/v2\/media\/20248"}],"wp:attachment":[{"href":"https:\/\/urbeamea.ro\/albaiulia\/wp-json\/wp\/v2\/media?parent=20245"}],"wp:term":[{"taxonomy":"category","embeddable":true,"href":"https:\/\/urbeamea.ro\/albaiulia\/wp-json\/wp\/v2\/categories?post=20245"},{"taxonomy":"post_tag","embeddable":true,"href":"https:\/\/urbeamea.ro\/albaiulia\/wp-json\/wp\/v2\/tags?post=20245"}],"curies":[{"name":"wp","href":"https:\/\/api.w.org\/{rel}","templated":true}]}}