{"id":20360,"date":"2016-03-23T06:00:22","date_gmt":"2016-03-23T04:00:22","guid":{"rendered":"http:\/\/urbeamea.ro\/albaiulia\/?p=20360"},"modified":"2016-03-23T06:00:22","modified_gmt":"2016-03-23T04:00:22","slug":"foto-video-concert-la-alba-iulia-in-catedrala-romano-catolica-sustinut-de-grupul-accoustic","status":"publish","type":"post","link":"https:\/\/urbeamea.ro\/albaiulia\/foto-video-concert-la-alba-iulia-in-catedrala-romano-catolica-sustinut-de-grupul-accoustic\/","title":{"rendered":"FOTO-VIDEO: Concert la Alba Iulia \u00een Catedrala Romano-Catolic\u0103 sus\u021binut de grupul Accoustic"},"content":{"rendered":"<p><strong><img loading=\"lazy\" decoding=\"async\" class=\"size-medium wp-image-20382 alignleft\" src=\"http:\/\/urbeamea.ro\/albaiulia\/wp-content\/uploads\/2016\/03\/DSC_0023-6-300x200.jpg\" alt=\"corul accoustic\" width=\"300\" height=\"200\" \/>Catedrala Romano-Catolic\u0103 Sf\u00e2ntul Mihail din Alba Iulia a fost, mar\u021bi seara, gazda unui eveniment special. Este vorba despre concertul coral sus\u0163inut de grupul \u201dAccoustic\u201d. Cu aceast\u0103 ocazie, zeci de albaiulieni \u0219i turi\u0219ti\u00a0au fost martori unui concert extraordinar.<\/strong><\/p>\n<p>Recitalul, care a \u00eenceput la ora 18.00, a avut drept scop \u00eentregirea seriei de evenimente preg\u0103tite de administra\u021bia local\u0103 \u00een preajma S\u0103rb\u0103torilor Pascale din acest an. Concertul a fost apreciat de persoane de toate v\u00e2rstele, b\u0103rba\u021bi \u0219i, deopotriv\u0103, femei. Nici copiii nu au lipsit \u015fi s-au ar\u0103tat foarte \u00eenc\u00e2nta\u0163i de sunetele pe care le scotea orga.<\/p>\n<p>Corul de camer\u0103 \u201cAccoustic\u201d a fost \u00eenfiin\u021bat \u00een prim\u0103vara anului 2003 la ini\u021biativa unui grup entuziast de muzicieni, condu\u0219i de dirijorul Daniel Jinga. Repertoriul corului cuprinde at\u00e2t piese renascentiste, muzic\u0103 sacr\u0103, muzica popoarelor, c\u00e2t \u0219i muzica contemporan\u0103, pop-jazz \u0219i a-cappella.<\/p>\n<p><img loading=\"lazy\" decoding=\"async\" class=\"size-medium wp-image-20376 alignleft\" src=\"http:\/\/urbeamea.ro\/albaiulia\/wp-content\/uploads\/2016\/03\/DSC_0017-7-300x200.jpg\" alt=\"DSC_0017\" width=\"300\" height=\"200\" \/>A realizat imprim\u0103ri de muzic\u0103 sacr\u0103 \u0219i muzic\u0103 contemporan\u0103, edit\u00e2nd dou\u0103 discuri al\u0103turi de casele Electrecord \u0219i Radiodifuziunea Rom\u00e2n\u0103. Corul Accoustic a sus\u021binut nenum\u0103rate concerte pe cele mai importante scene din \u021bar\u0103 \u0219i str\u0103in\u0103tate, \u00eencep\u00e2nd cu Ateneul Roman, Sala Radio, Teatrul din Berna sau Martinskirche Basel.<\/p>\n<p>Datorit\u0103 acurate\u021bii intona\u021bionale, a culorii vocale \u0219i a interpret\u0103rii deosebite, corul Accoustic a ob\u021binut o serie de premii na\u021bionale \u0219i interna\u021bionale, bucur\u00e2ndu-se de aprecirile unor critici muzicali \u0219i a unor publica\u021bii de specialitate din Rom\u00e2nia, Elve\u021bia, Germania, Grecia, Bulgaria, Italia, Fran\u021ba, Olanda, Israel, Ungaria, Polonia, \u021b\u0103ri unde Accoustic-ul a c\u00e2ntat \u00een festivaluri \u0219i concursuri sau \u00een concerte de stagiune.<\/p>\n<p>Exigen\u021bele repertoriale pe care \u0219i le-a asumat prin participarea la diferitele concursuri interna\u021bionale au f\u0103cut ca Accoustic-ul s\u0103 adune acest impresionant repertoriu de muzic\u0103 sacr\u0103 occidental\u0103 pe care \u00eel ofer\u0103 ast\u0103zi publicului, transmit organizatorii.<br \/>\n<iframe loading=\"lazy\" src=\"https:\/\/www.youtube.com\/embed\/tMjfhuOIU5Y\" width=\"420\" height=\"315\" frameborder=\"0\" allowfullscreen=\"allowfullscreen\"><\/iframe><\/p>\n<div id='gallery-1' class='gallery galleryid-20360 gallery-columns-3 gallery-size-thumbnail'><figure class='gallery-item'>\n\t\t\t<div class='gallery-icon landscape'>\n\t\t\t\t<a href='https:\/\/urbeamea.ro\/albaiulia\/wp-content\/uploads\/2016\/03\/DSC_0001-9.jpg'><img decoding=\"async\" width=\"150\" height=\"100\" src=\"data:image\/png;base64,iVBORw0KGgoAAAANSUhEUgAAAYYAAADcAQMAAABOLJSDAAAAA1BMVEUAAACnej3aAAAAAXRSTlMAQObYZgAAACJJREFUaIHtwTEBAAAAwqD1T20ND6AAAAAAAAAAAAAA4N8AKvgAAUFIrrEAAAAASUVORK5CYII=\" class=\"attachment-thumbnail size-thumbnail lazy-img\" alt=\"\" srcset=\"https:\/\/urbeamea.ro\/albaiulia\/wp-content\/uploads\/2016\/03\/DSC_0001-9-150x100.jpg 150w, https:\/\/urbeamea.ro\/albaiulia\/wp-content\/uploads\/2016\/03\/DSC_0001-9-640x427.jpg 640w, https:\/\/urbeamea.ro\/albaiulia\/wp-content\/uploads\/2016\/03\/DSC_0001-9-768x512.jpg 768w, https:\/\/urbeamea.ro\/albaiulia\/wp-content\/uploads\/2016\/03\/DSC_0001-9.jpg 1280w\" sizes=\"auto, (max-width: 150px) 100vw, 150px\" data-src=\"https:\/\/urbeamea.ro\/albaiulia\/wp-content\/uploads\/2016\/03\/DSC_0001-9-150x100.jpg\" loading=\"lazy\" \/><\/a>\n\t\t\t<\/div><\/figure><figure class='gallery-item'>\n\t\t\t<div class='gallery-icon landscape'>\n\t\t\t\t<a href='https:\/\/urbeamea.ro\/albaiulia\/wp-content\/uploads\/2016\/03\/DSC_0002-9.jpg'><img decoding=\"async\" width=\"150\" height=\"100\" src=\"data:image\/png;base64,iVBORw0KGgoAAAANSUhEUgAAAYYAAADcAQMAAABOLJSDAAAAA1BMVEUAAACnej3aAAAAAXRSTlMAQObYZgAAACJJREFUaIHtwTEBAAAAwqD1T20ND6AAAAAAAAAAAAAA4N8AKvgAAUFIrrEAAAAASUVORK5CYII=\" class=\"attachment-thumbnail size-thumbnail lazy-img\" alt=\"\" srcset=\"https:\/\/urbeamea.ro\/albaiulia\/wp-content\/uploads\/2016\/03\/DSC_0002-9-150x100.jpg 150w, https:\/\/urbeamea.ro\/albaiulia\/wp-content\/uploads\/2016\/03\/DSC_0002-9-300x200.jpg 300w, https:\/\/urbeamea.ro\/albaiulia\/wp-content\/uploads\/2016\/03\/DSC_0002-9-768x512.jpg 768w, https:\/\/urbeamea.ro\/albaiulia\/wp-content\/uploads\/2016\/03\/DSC_0002-9-1024x682.jpg 1024w, https:\/\/urbeamea.ro\/albaiulia\/wp-content\/uploads\/2016\/03\/DSC_0002-9.jpg 1280w\" sizes=\"auto, (max-width: 150px) 100vw, 150px\" data-src=\"https:\/\/urbeamea.ro\/albaiulia\/wp-content\/uploads\/2016\/03\/DSC_0002-9-150x100.jpg\" loading=\"lazy\" \/><\/a>\n\t\t\t<\/div><\/figure><figure class='gallery-item'>\n\t\t\t<div class='gallery-icon landscape'>\n\t\t\t\t<a href='https:\/\/urbeamea.ro\/albaiulia\/wp-content\/uploads\/2016\/03\/DSC_0003-9.jpg'><img decoding=\"async\" width=\"150\" height=\"100\" src=\"data:image\/png;base64,iVBORw0KGgoAAAANSUhEUgAAAYYAAADcAQMAAABOLJSDAAAAA1BMVEUAAACnej3aAAAAAXRSTlMAQObYZgAAACJJREFUaIHtwTEBAAAAwqD1T20ND6AAAAAAAAAAAAAA4N8AKvgAAUFIrrEAAAAASUVORK5CYII=\" class=\"attachment-thumbnail size-thumbnail lazy-img\" alt=\"\" srcset=\"https:\/\/urbeamea.ro\/albaiulia\/wp-content\/uploads\/2016\/03\/DSC_0003-9-150x100.jpg 150w, https:\/\/urbeamea.ro\/albaiulia\/wp-content\/uploads\/2016\/03\/DSC_0003-9-300x200.jpg 300w, https:\/\/urbeamea.ro\/albaiulia\/wp-content\/uploads\/2016\/03\/DSC_0003-9-768x512.jpg 768w, https:\/\/urbeamea.ro\/albaiulia\/wp-content\/uploads\/2016\/03\/DSC_0003-9-1024x682.jpg 1024w, https:\/\/urbeamea.ro\/albaiulia\/wp-content\/uploads\/2016\/03\/DSC_0003-9.jpg 1280w\" sizes=\"auto, (max-width: 150px) 100vw, 150px\" data-src=\"https:\/\/urbeamea.ro\/albaiulia\/wp-content\/uploads\/2016\/03\/DSC_0003-9-150x100.jpg\" loading=\"lazy\" \/><\/a>\n\t\t\t<\/div><\/figure><figure class='gallery-item'>\n\t\t\t<div class='gallery-icon landscape'>\n\t\t\t\t<a href='https:\/\/urbeamea.ro\/albaiulia\/wp-content\/uploads\/2016\/03\/DSC_0004-9.jpg'><img decoding=\"async\" width=\"150\" height=\"100\" src=\"data:image\/png;base64,iVBORw0KGgoAAAANSUhEUgAAAYYAAADcAQMAAABOLJSDAAAAA1BMVEUAAACnej3aAAAAAXRSTlMAQObYZgAAACJJREFUaIHtwTEBAAAAwqD1T20ND6AAAAAAAAAAAAAA4N8AKvgAAUFIrrEAAAAASUVORK5CYII=\" class=\"attachment-thumbnail size-thumbnail lazy-img\" alt=\"\" srcset=\"https:\/\/urbeamea.ro\/albaiulia\/wp-content\/uploads\/2016\/03\/DSC_0004-9-150x100.jpg 150w, https:\/\/urbeamea.ro\/albaiulia\/wp-content\/uploads\/2016\/03\/DSC_0004-9-300x200.jpg 300w, https:\/\/urbeamea.ro\/albaiulia\/wp-content\/uploads\/2016\/03\/DSC_0004-9-768x512.jpg 768w, https:\/\/urbeamea.ro\/albaiulia\/wp-content\/uploads\/2016\/03\/DSC_0004-9-1024x682.jpg 1024w, https:\/\/urbeamea.ro\/albaiulia\/wp-content\/uploads\/2016\/03\/DSC_0004-9.jpg 1280w\" sizes=\"auto, (max-width: 150px) 100vw, 150px\" data-src=\"https:\/\/urbeamea.ro\/albaiulia\/wp-content\/uploads\/2016\/03\/DSC_0004-9-150x100.jpg\" loading=\"lazy\" \/><\/a>\n\t\t\t<\/div><\/figure><figure class='gallery-item'>\n\t\t\t<div class='gallery-icon landscape'>\n\t\t\t\t<a href='https:\/\/urbeamea.ro\/albaiulia\/wp-content\/uploads\/2016\/03\/DSC_0005-7.jpg'><img decoding=\"async\" width=\"150\" height=\"100\" src=\"data:image\/png;base64,iVBORw0KGgoAAAANSUhEUgAAAYYAAADcAQMAAABOLJSDAAAAA1BMVEUAAACnej3aAAAAAXRSTlMAQObYZgAAACJJREFUaIHtwTEBAAAAwqD1T20ND6AAAAAAAAAAAAAA4N8AKvgAAUFIrrEAAAAASUVORK5CYII=\" class=\"attachment-thumbnail size-thumbnail lazy-img\" alt=\"\" srcset=\"https:\/\/urbeamea.ro\/albaiulia\/wp-content\/uploads\/2016\/03\/DSC_0005-7-150x100.jpg 150w, https:\/\/urbeamea.ro\/albaiulia\/wp-content\/uploads\/2016\/03\/DSC_0005-7-300x200.jpg 300w, https:\/\/urbeamea.ro\/albaiulia\/wp-content\/uploads\/2016\/03\/DSC_0005-7-768x512.jpg 768w, https:\/\/urbeamea.ro\/albaiulia\/wp-content\/uploads\/2016\/03\/DSC_0005-7-1024x682.jpg 1024w, https:\/\/urbeamea.ro\/albaiulia\/wp-content\/uploads\/2016\/03\/DSC_0005-7.jpg 1280w\" sizes=\"auto, (max-width: 150px) 100vw, 150px\" data-src=\"https:\/\/urbeamea.ro\/albaiulia\/wp-content\/uploads\/2016\/03\/DSC_0005-7-150x100.jpg\" loading=\"lazy\" \/><\/a>\n\t\t\t<\/div><\/figure><figure class='gallery-item'>\n\t\t\t<div class='gallery-icon landscape'>\n\t\t\t\t<a href='https:\/\/urbeamea.ro\/albaiulia\/wp-content\/uploads\/2016\/03\/DSC_0006-8.jpg'><img decoding=\"async\" width=\"150\" height=\"100\" src=\"data:image\/png;base64,iVBORw0KGgoAAAANSUhEUgAAAYYAAADcAQMAAABOLJSDAAAAA1BMVEUAAACnej3aAAAAAXRSTlMAQObYZgAAACJJREFUaIHtwTEBAAAAwqD1T20ND6AAAAAAAAAAAAAA4N8AKvgAAUFIrrEAAAAASUVORK5CYII=\" class=\"attachment-thumbnail size-thumbnail lazy-img\" alt=\"\" srcset=\"https:\/\/urbeamea.ro\/albaiulia\/wp-content\/uploads\/2016\/03\/DSC_0006-8-150x100.jpg 150w, https:\/\/urbeamea.ro\/albaiulia\/wp-content\/uploads\/2016\/03\/DSC_0006-8-300x200.jpg 300w, https:\/\/urbeamea.ro\/albaiulia\/wp-content\/uploads\/2016\/03\/DSC_0006-8-768x512.jpg 768w, https:\/\/urbeamea.ro\/albaiulia\/wp-content\/uploads\/2016\/03\/DSC_0006-8-1024x682.jpg 1024w, https:\/\/urbeamea.ro\/albaiulia\/wp-content\/uploads\/2016\/03\/DSC_0006-8.jpg 1280w\" sizes=\"auto, (max-width: 150px) 100vw, 150px\" data-src=\"https:\/\/urbeamea.ro\/albaiulia\/wp-content\/uploads\/2016\/03\/DSC_0006-8-150x100.jpg\" loading=\"lazy\" \/><\/a>\n\t\t\t<\/div><\/figure><figure class='gallery-item'>\n\t\t\t<div class='gallery-icon landscape'>\n\t\t\t\t<a href='https:\/\/urbeamea.ro\/albaiulia\/wp-content\/uploads\/2016\/03\/DSC_0007-8.jpg'><img decoding=\"async\" width=\"150\" height=\"100\" src=\"data:image\/png;base64,iVBORw0KGgoAAAANSUhEUgAAAYYAAADcAQMAAABOLJSDAAAAA1BMVEUAAACnej3aAAAAAXRSTlMAQObYZgAAACJJREFUaIHtwTEBAAAAwqD1T20ND6AAAAAAAAAAAAAA4N8AKvgAAUFIrrEAAAAASUVORK5CYII=\" class=\"attachment-thumbnail size-thumbnail lazy-img\" alt=\"\" srcset=\"https:\/\/urbeamea.ro\/albaiulia\/wp-content\/uploads\/2016\/03\/DSC_0007-8-150x100.jpg 150w, https:\/\/urbeamea.ro\/albaiulia\/wp-content\/uploads\/2016\/03\/DSC_0007-8-300x200.jpg 300w, https:\/\/urbeamea.ro\/albaiulia\/wp-content\/uploads\/2016\/03\/DSC_0007-8-768x512.jpg 768w, https:\/\/urbeamea.ro\/albaiulia\/wp-content\/uploads\/2016\/03\/DSC_0007-8-1024x682.jpg 1024w, https:\/\/urbeamea.ro\/albaiulia\/wp-content\/uploads\/2016\/03\/DSC_0007-8.jpg 1280w\" sizes=\"auto, (max-width: 150px) 100vw, 150px\" data-src=\"https:\/\/urbeamea.ro\/albaiulia\/wp-content\/uploads\/2016\/03\/DSC_0007-8-150x100.jpg\" loading=\"lazy\" \/><\/a>\n\t\t\t<\/div><\/figure><figure class='gallery-item'>\n\t\t\t<div class='gallery-icon landscape'>\n\t\t\t\t<a href='https:\/\/urbeamea.ro\/albaiulia\/wp-content\/uploads\/2016\/03\/DSC_0008-7.jpg'><img decoding=\"async\" width=\"150\" height=\"100\" src=\"data:image\/png;base64,iVBORw0KGgoAAAANSUhEUgAAAYYAAADcAQMAAABOLJSDAAAAA1BMVEUAAACnej3aAAAAAXRSTlMAQObYZgAAACJJREFUaIHtwTEBAAAAwqD1T20ND6AAAAAAAAAAAAAA4N8AKvgAAUFIrrEAAAAASUVORK5CYII=\" class=\"attachment-thumbnail size-thumbnail lazy-img\" alt=\"\" srcset=\"https:\/\/urbeamea.ro\/albaiulia\/wp-content\/uploads\/2016\/03\/DSC_0008-7-150x100.jpg 150w, https:\/\/urbeamea.ro\/albaiulia\/wp-content\/uploads\/2016\/03\/DSC_0008-7-300x200.jpg 300w, https:\/\/urbeamea.ro\/albaiulia\/wp-content\/uploads\/2016\/03\/DSC_0008-7-768x512.jpg 768w, https:\/\/urbeamea.ro\/albaiulia\/wp-content\/uploads\/2016\/03\/DSC_0008-7-1024x682.jpg 1024w, https:\/\/urbeamea.ro\/albaiulia\/wp-content\/uploads\/2016\/03\/DSC_0008-7.jpg 1280w\" sizes=\"auto, (max-width: 150px) 100vw, 150px\" data-src=\"https:\/\/urbeamea.ro\/albaiulia\/wp-content\/uploads\/2016\/03\/DSC_0008-7-150x100.jpg\" loading=\"lazy\" \/><\/a>\n\t\t\t<\/div><\/figure><figure class='gallery-item'>\n\t\t\t<div class='gallery-icon landscape'>\n\t\t\t\t<a href='https:\/\/urbeamea.ro\/albaiulia\/wp-content\/uploads\/2016\/03\/DSC_0009-8.jpg'><img decoding=\"async\" width=\"150\" height=\"100\" src=\"data:image\/png;base64,iVBORw0KGgoAAAANSUhEUgAAAYYAAADcAQMAAABOLJSDAAAAA1BMVEUAAACnej3aAAAAAXRSTlMAQObYZgAAACJJREFUaIHtwTEBAAAAwqD1T20ND6AAAAAAAAAAAAAA4N8AKvgAAUFIrrEAAAAASUVORK5CYII=\" class=\"attachment-thumbnail size-thumbnail lazy-img\" alt=\"\" srcset=\"https:\/\/urbeamea.ro\/albaiulia\/wp-content\/uploads\/2016\/03\/DSC_0009-8-150x100.jpg 150w, https:\/\/urbeamea.ro\/albaiulia\/wp-content\/uploads\/2016\/03\/DSC_0009-8-300x200.jpg 300w, https:\/\/urbeamea.ro\/albaiulia\/wp-content\/uploads\/2016\/03\/DSC_0009-8-768x512.jpg 768w, https:\/\/urbeamea.ro\/albaiulia\/wp-content\/uploads\/2016\/03\/DSC_0009-8-1024x682.jpg 1024w, https:\/\/urbeamea.ro\/albaiulia\/wp-content\/uploads\/2016\/03\/DSC_0009-8.jpg 1280w\" sizes=\"auto, (max-width: 150px) 100vw, 150px\" data-src=\"https:\/\/urbeamea.ro\/albaiulia\/wp-content\/uploads\/2016\/03\/DSC_0009-8-150x100.jpg\" loading=\"lazy\" \/><\/a>\n\t\t\t<\/div><\/figure><figure class='gallery-item'>\n\t\t\t<div class='gallery-icon landscape'>\n\t\t\t\t<a href='https:\/\/urbeamea.ro\/albaiulia\/wp-content\/uploads\/2016\/03\/DSC_0010-7.jpg'><img decoding=\"async\" width=\"150\" height=\"100\" src=\"data:image\/png;base64,iVBORw0KGgoAAAANSUhEUgAAAYYAAADcAQMAAABOLJSDAAAAA1BMVEUAAACnej3aAAAAAXRSTlMAQObYZgAAACJJREFUaIHtwTEBAAAAwqD1T20ND6AAAAAAAAAAAAAA4N8AKvgAAUFIrrEAAAAASUVORK5CYII=\" class=\"attachment-thumbnail size-thumbnail lazy-img\" alt=\"\" srcset=\"https:\/\/urbeamea.ro\/albaiulia\/wp-content\/uploads\/2016\/03\/DSC_0010-7-150x100.jpg 150w, https:\/\/urbeamea.ro\/albaiulia\/wp-content\/uploads\/2016\/03\/DSC_0010-7-300x200.jpg 300w, https:\/\/urbeamea.ro\/albaiulia\/wp-content\/uploads\/2016\/03\/DSC_0010-7-768x512.jpg 768w, https:\/\/urbeamea.ro\/albaiulia\/wp-content\/uploads\/2016\/03\/DSC_0010-7-1024x682.jpg 1024w, https:\/\/urbeamea.ro\/albaiulia\/wp-content\/uploads\/2016\/03\/DSC_0010-7.jpg 1280w\" sizes=\"auto, (max-width: 150px) 100vw, 150px\" data-src=\"https:\/\/urbeamea.ro\/albaiulia\/wp-content\/uploads\/2016\/03\/DSC_0010-7-150x100.jpg\" loading=\"lazy\" \/><\/a>\n\t\t\t<\/div><\/figure><figure class='gallery-item'>\n\t\t\t<div class='gallery-icon landscape'>\n\t\t\t\t<a href='https:\/\/urbeamea.ro\/albaiulia\/wp-content\/uploads\/2016\/03\/DSC_0011-8.jpg'><img decoding=\"async\" width=\"150\" height=\"100\" src=\"data:image\/png;base64,iVBORw0KGgoAAAANSUhEUgAAAYYAAADcAQMAAABOLJSDAAAAA1BMVEUAAACnej3aAAAAAXRSTlMAQObYZgAAACJJREFUaIHtwTEBAAAAwqD1T20ND6AAAAAAAAAAAAAA4N8AKvgAAUFIrrEAAAAASUVORK5CYII=\" class=\"attachment-thumbnail size-thumbnail lazy-img\" alt=\"\" srcset=\"https:\/\/urbeamea.ro\/albaiulia\/wp-content\/uploads\/2016\/03\/DSC_0011-8-150x100.jpg 150w, https:\/\/urbeamea.ro\/albaiulia\/wp-content\/uploads\/2016\/03\/DSC_0011-8-300x200.jpg 300w, https:\/\/urbeamea.ro\/albaiulia\/wp-content\/uploads\/2016\/03\/DSC_0011-8-768x512.jpg 768w, https:\/\/urbeamea.ro\/albaiulia\/wp-content\/uploads\/2016\/03\/DSC_0011-8-1024x682.jpg 1024w, https:\/\/urbeamea.ro\/albaiulia\/wp-content\/uploads\/2016\/03\/DSC_0011-8.jpg 1280w\" sizes=\"auto, (max-width: 150px) 100vw, 150px\" data-src=\"https:\/\/urbeamea.ro\/albaiulia\/wp-content\/uploads\/2016\/03\/DSC_0011-8-150x100.jpg\" loading=\"lazy\" \/><\/a>\n\t\t\t<\/div><\/figure><figure class='gallery-item'>\n\t\t\t<div class='gallery-icon landscape'>\n\t\t\t\t<a href='https:\/\/urbeamea.ro\/albaiulia\/wp-content\/uploads\/2016\/03\/DSC_0012-7.jpg'><img decoding=\"async\" width=\"150\" height=\"100\" src=\"data:image\/png;base64,iVBORw0KGgoAAAANSUhEUgAAAYYAAADcAQMAAABOLJSDAAAAA1BMVEUAAACnej3aAAAAAXRSTlMAQObYZgAAACJJREFUaIHtwTEBAAAAwqD1T20ND6AAAAAAAAAAAAAA4N8AKvgAAUFIrrEAAAAASUVORK5CYII=\" class=\"attachment-thumbnail size-thumbnail lazy-img\" alt=\"\" srcset=\"https:\/\/urbeamea.ro\/albaiulia\/wp-content\/uploads\/2016\/03\/DSC_0012-7-150x100.jpg 150w, https:\/\/urbeamea.ro\/albaiulia\/wp-content\/uploads\/2016\/03\/DSC_0012-7-300x200.jpg 300w, https:\/\/urbeamea.ro\/albaiulia\/wp-content\/uploads\/2016\/03\/DSC_0012-7-768x512.jpg 768w, https:\/\/urbeamea.ro\/albaiulia\/wp-content\/uploads\/2016\/03\/DSC_0012-7-1024x682.jpg 1024w, https:\/\/urbeamea.ro\/albaiulia\/wp-content\/uploads\/2016\/03\/DSC_0012-7.jpg 1280w\" sizes=\"auto, (max-width: 150px) 100vw, 150px\" data-src=\"https:\/\/urbeamea.ro\/albaiulia\/wp-content\/uploads\/2016\/03\/DSC_0012-7-150x100.jpg\" loading=\"lazy\" \/><\/a>\n\t\t\t<\/div><\/figure><figure class='gallery-item'>\n\t\t\t<div class='gallery-icon landscape'>\n\t\t\t\t<a href='https:\/\/urbeamea.ro\/albaiulia\/wp-content\/uploads\/2016\/03\/DSC_0013-7.jpg'><img decoding=\"async\" width=\"150\" height=\"100\" src=\"data:image\/png;base64,iVBORw0KGgoAAAANSUhEUgAAAYYAAADcAQMAAABOLJSDAAAAA1BMVEUAAACnej3aAAAAAXRSTlMAQObYZgAAACJJREFUaIHtwTEBAAAAwqD1T20ND6AAAAAAAAAAAAAA4N8AKvgAAUFIrrEAAAAASUVORK5CYII=\" class=\"attachment-thumbnail size-thumbnail lazy-img\" alt=\"\" srcset=\"https:\/\/urbeamea.ro\/albaiulia\/wp-content\/uploads\/2016\/03\/DSC_0013-7-150x100.jpg 150w, https:\/\/urbeamea.ro\/albaiulia\/wp-content\/uploads\/2016\/03\/DSC_0013-7-300x200.jpg 300w, https:\/\/urbeamea.ro\/albaiulia\/wp-content\/uploads\/2016\/03\/DSC_0013-7-768x512.jpg 768w, https:\/\/urbeamea.ro\/albaiulia\/wp-content\/uploads\/2016\/03\/DSC_0013-7-1024x682.jpg 1024w, https:\/\/urbeamea.ro\/albaiulia\/wp-content\/uploads\/2016\/03\/DSC_0013-7.jpg 1280w\" sizes=\"auto, (max-width: 150px) 100vw, 150px\" data-src=\"https:\/\/urbeamea.ro\/albaiulia\/wp-content\/uploads\/2016\/03\/DSC_0013-7-150x100.jpg\" loading=\"lazy\" \/><\/a>\n\t\t\t<\/div><\/figure><figure class='gallery-item'>\n\t\t\t<div class='gallery-icon landscape'>\n\t\t\t\t<a href='https:\/\/urbeamea.ro\/albaiulia\/wp-content\/uploads\/2016\/03\/DSC_0014-6.jpg'><img decoding=\"async\" width=\"150\" height=\"100\" src=\"data:image\/png;base64,iVBORw0KGgoAAAANSUhEUgAAAYYAAADcAQMAAABOLJSDAAAAA1BMVEUAAACnej3aAAAAAXRSTlMAQObYZgAAACJJREFUaIHtwTEBAAAAwqD1T20ND6AAAAAAAAAAAAAA4N8AKvgAAUFIrrEAAAAASUVORK5CYII=\" class=\"attachment-thumbnail size-thumbnail lazy-img\" alt=\"\" srcset=\"https:\/\/urbeamea.ro\/albaiulia\/wp-content\/uploads\/2016\/03\/DSC_0014-6-150x100.jpg 150w, https:\/\/urbeamea.ro\/albaiulia\/wp-content\/uploads\/2016\/03\/DSC_0014-6-300x200.jpg 300w, https:\/\/urbeamea.ro\/albaiulia\/wp-content\/uploads\/2016\/03\/DSC_0014-6-768x512.jpg 768w, https:\/\/urbeamea.ro\/albaiulia\/wp-content\/uploads\/2016\/03\/DSC_0014-6-1024x682.jpg 1024w, https:\/\/urbeamea.ro\/albaiulia\/wp-content\/uploads\/2016\/03\/DSC_0014-6.jpg 1280w\" sizes=\"auto, (max-width: 150px) 100vw, 150px\" data-src=\"https:\/\/urbeamea.ro\/albaiulia\/wp-content\/uploads\/2016\/03\/DSC_0014-6-150x100.jpg\" loading=\"lazy\" \/><\/a>\n\t\t\t<\/div><\/figure><figure class='gallery-item'>\n\t\t\t<div class='gallery-icon landscape'>\n\t\t\t\t<a href='https:\/\/urbeamea.ro\/albaiulia\/wp-content\/uploads\/2016\/03\/DSC_0015-6.jpg'><img decoding=\"async\" width=\"150\" height=\"100\" src=\"data:image\/png;base64,iVBORw0KGgoAAAANSUhEUgAAAYYAAADcAQMAAABOLJSDAAAAA1BMVEUAAACnej3aAAAAAXRSTlMAQObYZgAAACJJREFUaIHtwTEBAAAAwqD1T20ND6AAAAAAAAAAAAAA4N8AKvgAAUFIrrEAAAAASUVORK5CYII=\" class=\"attachment-thumbnail size-thumbnail lazy-img\" alt=\"\" srcset=\"https:\/\/urbeamea.ro\/albaiulia\/wp-content\/uploads\/2016\/03\/DSC_0015-6-150x100.jpg 150w, https:\/\/urbeamea.ro\/albaiulia\/wp-content\/uploads\/2016\/03\/DSC_0015-6-300x200.jpg 300w, https:\/\/urbeamea.ro\/albaiulia\/wp-content\/uploads\/2016\/03\/DSC_0015-6-768x512.jpg 768w, https:\/\/urbeamea.ro\/albaiulia\/wp-content\/uploads\/2016\/03\/DSC_0015-6-1024x682.jpg 1024w, https:\/\/urbeamea.ro\/albaiulia\/wp-content\/uploads\/2016\/03\/DSC_0015-6.jpg 1280w\" sizes=\"auto, (max-width: 150px) 100vw, 150px\" data-src=\"https:\/\/urbeamea.ro\/albaiulia\/wp-content\/uploads\/2016\/03\/DSC_0015-6-150x100.jpg\" loading=\"lazy\" \/><\/a>\n\t\t\t<\/div><\/figure><figure class='gallery-item'>\n\t\t\t<div class='gallery-icon landscape'>\n\t\t\t\t<a href='https:\/\/urbeamea.ro\/albaiulia\/wp-content\/uploads\/2016\/03\/DSC_0017-7.jpg'><img decoding=\"async\" width=\"150\" height=\"100\" src=\"data:image\/png;base64,iVBORw0KGgoAAAANSUhEUgAAAYYAAADcAQMAAABOLJSDAAAAA1BMVEUAAACnej3aAAAAAXRSTlMAQObYZgAAACJJREFUaIHtwTEBAAAAwqD1T20ND6AAAAAAAAAAAAAA4N8AKvgAAUFIrrEAAAAASUVORK5CYII=\" class=\"attachment-thumbnail size-thumbnail lazy-img\" alt=\"\" srcset=\"https:\/\/urbeamea.ro\/albaiulia\/wp-content\/uploads\/2016\/03\/DSC_0017-7-150x100.jpg 150w, https:\/\/urbeamea.ro\/albaiulia\/wp-content\/uploads\/2016\/03\/DSC_0017-7-640x427.jpg 640w, https:\/\/urbeamea.ro\/albaiulia\/wp-content\/uploads\/2016\/03\/DSC_0017-7-768x512.jpg 768w, https:\/\/urbeamea.ro\/albaiulia\/wp-content\/uploads\/2016\/03\/DSC_0017-7-1024x682.jpg 1024w, https:\/\/urbeamea.ro\/albaiulia\/wp-content\/uploads\/2016\/03\/DSC_0017-7.jpg 1280w\" sizes=\"auto, (max-width: 150px) 100vw, 150px\" data-src=\"https:\/\/urbeamea.ro\/albaiulia\/wp-content\/uploads\/2016\/03\/DSC_0017-7-150x100.jpg\" loading=\"lazy\" \/><\/a>\n\t\t\t<\/div><\/figure><figure class='gallery-item'>\n\t\t\t<div class='gallery-icon landscape'>\n\t\t\t\t<a href='https:\/\/urbeamea.ro\/albaiulia\/wp-content\/uploads\/2016\/03\/DSC_0018-8.jpg'><img decoding=\"async\" width=\"150\" height=\"100\" src=\"data:image\/png;base64,iVBORw0KGgoAAAANSUhEUgAAAYYAAADcAQMAAABOLJSDAAAAA1BMVEUAAACnej3aAAAAAXRSTlMAQObYZgAAACJJREFUaIHtwTEBAAAAwqD1T20ND6AAAAAAAAAAAAAA4N8AKvgAAUFIrrEAAAAASUVORK5CYII=\" class=\"attachment-thumbnail size-thumbnail lazy-img\" alt=\"\" srcset=\"https:\/\/urbeamea.ro\/albaiulia\/wp-content\/uploads\/2016\/03\/DSC_0018-8-150x100.jpg 150w, https:\/\/urbeamea.ro\/albaiulia\/wp-content\/uploads\/2016\/03\/DSC_0018-8-300x200.jpg 300w, https:\/\/urbeamea.ro\/albaiulia\/wp-content\/uploads\/2016\/03\/DSC_0018-8-768x512.jpg 768w, https:\/\/urbeamea.ro\/albaiulia\/wp-content\/uploads\/2016\/03\/DSC_0018-8-1024x682.jpg 1024w, https:\/\/urbeamea.ro\/albaiulia\/wp-content\/uploads\/2016\/03\/DSC_0018-8.jpg 1280w\" sizes=\"auto, (max-width: 150px) 100vw, 150px\" data-src=\"https:\/\/urbeamea.ro\/albaiulia\/wp-content\/uploads\/2016\/03\/DSC_0018-8-150x100.jpg\" loading=\"lazy\" \/><\/a>\n\t\t\t<\/div><\/figure><figure class='gallery-item'>\n\t\t\t<div class='gallery-icon landscape'>\n\t\t\t\t<a href='https:\/\/urbeamea.ro\/albaiulia\/wp-content\/uploads\/2016\/03\/DSC_0019-7.jpg'><img decoding=\"async\" width=\"150\" height=\"100\" src=\"data:image\/png;base64,iVBORw0KGgoAAAANSUhEUgAAAYYAAADcAQMAAABOLJSDAAAAA1BMVEUAAACnej3aAAAAAXRSTlMAQObYZgAAACJJREFUaIHtwTEBAAAAwqD1T20ND6AAAAAAAAAAAAAA4N8AKvgAAUFIrrEAAAAASUVORK5CYII=\" class=\"attachment-thumbnail size-thumbnail lazy-img\" alt=\"\" srcset=\"https:\/\/urbeamea.ro\/albaiulia\/wp-content\/uploads\/2016\/03\/DSC_0019-7-150x100.jpg 150w, https:\/\/urbeamea.ro\/albaiulia\/wp-content\/uploads\/2016\/03\/DSC_0019-7-300x200.jpg 300w, https:\/\/urbeamea.ro\/albaiulia\/wp-content\/uploads\/2016\/03\/DSC_0019-7-768x512.jpg 768w, https:\/\/urbeamea.ro\/albaiulia\/wp-content\/uploads\/2016\/03\/DSC_0019-7-1024x682.jpg 1024w, https:\/\/urbeamea.ro\/albaiulia\/wp-content\/uploads\/2016\/03\/DSC_0019-7.jpg 1280w\" sizes=\"auto, (max-width: 150px) 100vw, 150px\" data-src=\"https:\/\/urbeamea.ro\/albaiulia\/wp-content\/uploads\/2016\/03\/DSC_0019-7-150x100.jpg\" loading=\"lazy\" \/><\/a>\n\t\t\t<\/div><\/figure><figure class='gallery-item'>\n\t\t\t<div class='gallery-icon landscape'>\n\t\t\t\t<a href='https:\/\/urbeamea.ro\/albaiulia\/wp-content\/uploads\/2016\/03\/DSC_0020-8.jpg'><img decoding=\"async\" width=\"150\" height=\"100\" src=\"data:image\/png;base64,iVBORw0KGgoAAAANSUhEUgAAAYYAAADcAQMAAABOLJSDAAAAA1BMVEUAAACnej3aAAAAAXRSTlMAQObYZgAAACJJREFUaIHtwTEBAAAAwqD1T20ND6AAAAAAAAAAAAAA4N8AKvgAAUFIrrEAAAAASUVORK5CYII=\" class=\"attachment-thumbnail size-thumbnail lazy-img\" alt=\"\" srcset=\"https:\/\/urbeamea.ro\/albaiulia\/wp-content\/uploads\/2016\/03\/DSC_0020-8-150x100.jpg 150w, https:\/\/urbeamea.ro\/albaiulia\/wp-content\/uploads\/2016\/03\/DSC_0020-8-300x200.jpg 300w, https:\/\/urbeamea.ro\/albaiulia\/wp-content\/uploads\/2016\/03\/DSC_0020-8-768x512.jpg 768w, https:\/\/urbeamea.ro\/albaiulia\/wp-content\/uploads\/2016\/03\/DSC_0020-8-1024x682.jpg 1024w, https:\/\/urbeamea.ro\/albaiulia\/wp-content\/uploads\/2016\/03\/DSC_0020-8.jpg 1280w\" sizes=\"auto, (max-width: 150px) 100vw, 150px\" data-src=\"https:\/\/urbeamea.ro\/albaiulia\/wp-content\/uploads\/2016\/03\/DSC_0020-8-150x100.jpg\" loading=\"lazy\" \/><\/a>\n\t\t\t<\/div><\/figure><figure class='gallery-item'>\n\t\t\t<div class='gallery-icon landscape'>\n\t\t\t\t<a href='https:\/\/urbeamea.ro\/albaiulia\/wp-content\/uploads\/2016\/03\/DSC_0021-8.jpg'><img decoding=\"async\" width=\"150\" height=\"100\" src=\"data:image\/png;base64,iVBORw0KGgoAAAANSUhEUgAAAYYAAADcAQMAAABOLJSDAAAAA1BMVEUAAACnej3aAAAAAXRSTlMAQObYZgAAACJJREFUaIHtwTEBAAAAwqD1T20ND6AAAAAAAAAAAAAA4N8AKvgAAUFIrrEAAAAASUVORK5CYII=\" class=\"attachment-thumbnail size-thumbnail lazy-img\" alt=\"\" srcset=\"https:\/\/urbeamea.ro\/albaiulia\/wp-content\/uploads\/2016\/03\/DSC_0021-8-150x100.jpg 150w, https:\/\/urbeamea.ro\/albaiulia\/wp-content\/uploads\/2016\/03\/DSC_0021-8-300x200.jpg 300w, https:\/\/urbeamea.ro\/albaiulia\/wp-content\/uploads\/2016\/03\/DSC_0021-8-768x512.jpg 768w, https:\/\/urbeamea.ro\/albaiulia\/wp-content\/uploads\/2016\/03\/DSC_0021-8-1024x682.jpg 1024w, https:\/\/urbeamea.ro\/albaiulia\/wp-content\/uploads\/2016\/03\/DSC_0021-8.jpg 1280w\" sizes=\"auto, (max-width: 150px) 100vw, 150px\" data-src=\"https:\/\/urbeamea.ro\/albaiulia\/wp-content\/uploads\/2016\/03\/DSC_0021-8-150x100.jpg\" loading=\"lazy\" \/><\/a>\n\t\t\t<\/div><\/figure><figure class='gallery-item'>\n\t\t\t<div class='gallery-icon landscape'>\n\t\t\t\t<a href='https:\/\/urbeamea.ro\/albaiulia\/wp-content\/uploads\/2016\/03\/DSC_0022-8.jpg'><img decoding=\"async\" width=\"150\" height=\"100\" src=\"data:image\/png;base64,iVBORw0KGgoAAAANSUhEUgAAAYYAAADcAQMAAABOLJSDAAAAA1BMVEUAAACnej3aAAAAAXRSTlMAQObYZgAAACJJREFUaIHtwTEBAAAAwqD1T20ND6AAAAAAAAAAAAAA4N8AKvgAAUFIrrEAAAAASUVORK5CYII=\" class=\"attachment-thumbnail size-thumbnail lazy-img\" alt=\"\" srcset=\"https:\/\/urbeamea.ro\/albaiulia\/wp-content\/uploads\/2016\/03\/DSC_0022-8-150x100.jpg 150w, https:\/\/urbeamea.ro\/albaiulia\/wp-content\/uploads\/2016\/03\/DSC_0022-8-300x200.jpg 300w, https:\/\/urbeamea.ro\/albaiulia\/wp-content\/uploads\/2016\/03\/DSC_0022-8-768x512.jpg 768w, https:\/\/urbeamea.ro\/albaiulia\/wp-content\/uploads\/2016\/03\/DSC_0022-8-1024x682.jpg 1024w, https:\/\/urbeamea.ro\/albaiulia\/wp-content\/uploads\/2016\/03\/DSC_0022-8.jpg 1280w\" sizes=\"auto, (max-width: 150px) 100vw, 150px\" data-src=\"https:\/\/urbeamea.ro\/albaiulia\/wp-content\/uploads\/2016\/03\/DSC_0022-8-150x100.jpg\" loading=\"lazy\" \/><\/a>\n\t\t\t<\/div><\/figure><figure class='gallery-item'>\n\t\t\t<div class='gallery-icon landscape'>\n\t\t\t\t<a href='https:\/\/urbeamea.ro\/albaiulia\/wp-content\/uploads\/2016\/03\/DSC_0023-6.jpg'><img decoding=\"async\" width=\"150\" height=\"100\" src=\"data:image\/png;base64,iVBORw0KGgoAAAANSUhEUgAAAYYAAADcAQMAAABOLJSDAAAAA1BMVEUAAACnej3aAAAAAXRSTlMAQObYZgAAACJJREFUaIHtwTEBAAAAwqD1T20ND6AAAAAAAAAAAAAA4N8AKvgAAUFIrrEAAAAASUVORK5CYII=\" class=\"attachment-thumbnail size-thumbnail lazy-img\" alt=\"\" srcset=\"https:\/\/urbeamea.ro\/albaiulia\/wp-content\/uploads\/2016\/03\/DSC_0023-6-150x100.jpg 150w, https:\/\/urbeamea.ro\/albaiulia\/wp-content\/uploads\/2016\/03\/DSC_0023-6-640x427.jpg 640w, https:\/\/urbeamea.ro\/albaiulia\/wp-content\/uploads\/2016\/03\/DSC_0023-6-768x512.jpg 768w, https:\/\/urbeamea.ro\/albaiulia\/wp-content\/uploads\/2016\/03\/DSC_0023-6.jpg 1280w, https:\/\/urbeamea.ro\/albaiulia\/wp-content\/uploads\/2016\/03\/DSC_0023-6-1200x800.jpg 1200w\" sizes=\"auto, (max-width: 150px) 100vw, 150px\" data-src=\"https:\/\/urbeamea.ro\/albaiulia\/wp-content\/uploads\/2016\/03\/DSC_0023-6-150x100.jpg\" loading=\"lazy\" \/><\/a>\n\t\t\t<\/div><\/figure><figure class='gallery-item'>\n\t\t\t<div class='gallery-icon landscape'>\n\t\t\t\t<a href='https:\/\/urbeamea.ro\/albaiulia\/wp-content\/uploads\/2016\/03\/DSC_0024-7.jpg'><img decoding=\"async\" width=\"150\" height=\"100\" src=\"data:image\/png;base64,iVBORw0KGgoAAAANSUhEUgAAAYYAAADcAQMAAABOLJSDAAAAA1BMVEUAAACnej3aAAAAAXRSTlMAQObYZgAAACJJREFUaIHtwTEBAAAAwqD1T20ND6AAAAAAAAAAAAAA4N8AKvgAAUFIrrEAAAAASUVORK5CYII=\" class=\"attachment-thumbnail size-thumbnail lazy-img\" alt=\"\" srcset=\"https:\/\/urbeamea.ro\/albaiulia\/wp-content\/uploads\/2016\/03\/DSC_0024-7-150x100.jpg 150w, https:\/\/urbeamea.ro\/albaiulia\/wp-content\/uploads\/2016\/03\/DSC_0024-7-300x200.jpg 300w, https:\/\/urbeamea.ro\/albaiulia\/wp-content\/uploads\/2016\/03\/DSC_0024-7-768x512.jpg 768w, https:\/\/urbeamea.ro\/albaiulia\/wp-content\/uploads\/2016\/03\/DSC_0024-7-1024x682.jpg 1024w, https:\/\/urbeamea.ro\/albaiulia\/wp-content\/uploads\/2016\/03\/DSC_0024-7.jpg 1280w\" sizes=\"auto, (max-width: 150px) 100vw, 150px\" data-src=\"https:\/\/urbeamea.ro\/albaiulia\/wp-content\/uploads\/2016\/03\/DSC_0024-7-150x100.jpg\" loading=\"lazy\" \/><\/a>\n\t\t\t<\/div><\/figure><figure class='gallery-item'>\n\t\t\t<div class='gallery-icon landscape'>\n\t\t\t\t<a href='https:\/\/urbeamea.ro\/albaiulia\/wp-content\/uploads\/2016\/03\/DSC_0025-6.jpg'><img decoding=\"async\" width=\"150\" height=\"100\" src=\"data:image\/png;base64,iVBORw0KGgoAAAANSUhEUgAAAYYAAADcAQMAAABOLJSDAAAAA1BMVEUAAACnej3aAAAAAXRSTlMAQObYZgAAACJJREFUaIHtwTEBAAAAwqD1T20ND6AAAAAAAAAAAAAA4N8AKvgAAUFIrrEAAAAASUVORK5CYII=\" class=\"attachment-thumbnail size-thumbnail lazy-img\" alt=\"\" srcset=\"https:\/\/urbeamea.ro\/albaiulia\/wp-content\/uploads\/2016\/03\/DSC_0025-6-150x100.jpg 150w, https:\/\/urbeamea.ro\/albaiulia\/wp-content\/uploads\/2016\/03\/DSC_0025-6-300x200.jpg 300w, https:\/\/urbeamea.ro\/albaiulia\/wp-content\/uploads\/2016\/03\/DSC_0025-6-768x512.jpg 768w, https:\/\/urbeamea.ro\/albaiulia\/wp-content\/uploads\/2016\/03\/DSC_0025-6-1024x682.jpg 1024w, https:\/\/urbeamea.ro\/albaiulia\/wp-content\/uploads\/2016\/03\/DSC_0025-6.jpg 1280w\" sizes=\"auto, (max-width: 150px) 100vw, 150px\" data-src=\"https:\/\/urbeamea.ro\/albaiulia\/wp-content\/uploads\/2016\/03\/DSC_0025-6-150x100.jpg\" loading=\"lazy\" \/><\/a>\n\t\t\t<\/div><\/figure><figure class='gallery-item'>\n\t\t\t<div class='gallery-icon landscape'>\n\t\t\t\t<a href='https:\/\/urbeamea.ro\/albaiulia\/wp-content\/uploads\/2016\/03\/DSC_0026-6.jpg'><img decoding=\"async\" width=\"150\" height=\"100\" src=\"data:image\/png;base64,iVBORw0KGgoAAAANSUhEUgAAAYYAAADcAQMAAABOLJSDAAAAA1BMVEUAAACnej3aAAAAAXRSTlMAQObYZgAAACJJREFUaIHtwTEBAAAAwqD1T20ND6AAAAAAAAAAAAAA4N8AKvgAAUFIrrEAAAAASUVORK5CYII=\" class=\"attachment-thumbnail size-thumbnail lazy-img\" alt=\"\" srcset=\"https:\/\/urbeamea.ro\/albaiulia\/wp-content\/uploads\/2016\/03\/DSC_0026-6-150x100.jpg 150w, https:\/\/urbeamea.ro\/albaiulia\/wp-content\/uploads\/2016\/03\/DSC_0026-6-300x200.jpg 300w, https:\/\/urbeamea.ro\/albaiulia\/wp-content\/uploads\/2016\/03\/DSC_0026-6-768x512.jpg 768w, https:\/\/urbeamea.ro\/albaiulia\/wp-content\/uploads\/2016\/03\/DSC_0026-6-1024x682.jpg 1024w, https:\/\/urbeamea.ro\/albaiulia\/wp-content\/uploads\/2016\/03\/DSC_0026-6.jpg 1280w\" sizes=\"auto, (max-width: 150px) 100vw, 150px\" data-src=\"https:\/\/urbeamea.ro\/albaiulia\/wp-content\/uploads\/2016\/03\/DSC_0026-6-150x100.jpg\" loading=\"lazy\" \/><\/a>\n\t\t\t<\/div><\/figure>\n\t\t<\/div>\n\n","protected":false},"excerpt":{"rendered":"<p>Catedrala Romano-Catolic\u0103 Sf\u00e2ntul Mihail din Alba Iulia a fost, mar\u021bi seara, gazda unui eveniment special. Este vorba despre concertul coral sus\u0163inut de grupul \u201dAccoustic\u201d. Cu aceast\u0103 ocazie, zeci de albaiulieni \u0219i turi\u0219ti\u00a0au fost martori unui concert extraordinar. Recitalul, care a \u00eenceput la ora 18.00, a avut drept scop \u00eentregirea seriei de evenimente preg\u0103tite de administra\u021bia &hellip;<\/p>\n","protected":false},"author":17,"featured_media":20382,"comment_status":"open","ping_status":"open","sticky":false,"template":"","format":"standard","meta":{"inline_featured_image":false,"footnotes":""},"categories":[4],"tags":[31,38,1278,614,3827,4008,1495,4007,308,277,76],"class_list":["post-20360","post","type-post","status-publish","format-standard","has-post-thumbnail","hentry","category-eveniment","tag-alba-iulia","tag-albaiulieni","tag-catedrala-romano-catolica","tag-concert","tag-corul-accoustic","tag-daniel-jinga","tag-dirijor","tag-muzica-contemporana","tag-stiri","tag-turisti","tag-urbea-mea"],"yoast_head":"<!-- This site is optimized with the Yoast SEO plugin v28.3 - https:\/\/yoast.com\/product\/yoast-seo-wordpress\/ -->\n<title>FOTO-VIDEO: Concert la Alba Iulia \u00een Catedrala Romano-Catolic\u0103 sus\u021binut de grupul Accoustic - Revista Urbea Mea - Revista de Alba<\/title>\n<meta name=\"description\" content=\"Catedrala Romano-Catolic\u0103 Sf\u00e2ntul Mihail din Alba Iulia a fost, mar\u021bi seara, gazda unui eveniment special. Este vorba despre concertul coral sus\u0163inut de\" \/>\n<meta name=\"robots\" content=\"index, follow, max-snippet:-1, max-image-preview:large, max-video-preview:-1\" \/>\n<link rel=\"canonical\" href=\"https:\/\/urbeamea.ro\/albaiulia\/foto-video-concert-la-alba-iulia-in-catedrala-romano-catolica-sustinut-de-grupul-accoustic\/\" \/>\n<meta name=\"twitter:card\" content=\"summary_large_image\" \/>\n<meta name=\"twitter:title\" content=\"FOTO-VIDEO: Concert la Alba Iulia \u00een Catedrala Romano-Catolic\u0103 sus\u021binut de grupul Accoustic - Revista Urbea Mea - Revista de Alba\" \/>\n<meta name=\"twitter:description\" content=\"Catedrala Romano-Catolic\u0103 Sf\u00e2ntul Mihail din Alba Iulia a fost, mar\u021bi seara, gazda unui eveniment special. Este vorba despre concertul coral sus\u0163inut de\" \/>\n<meta name=\"twitter:image\" content=\"https:\/\/urbeamea.ro\/albaiulia\/wp-content\/uploads\/2016\/03\/DSC_0023-6.jpg\" \/>\n<meta name=\"twitter:creator\" content=\"@urbeameaweb\" \/>\n<meta name=\"twitter:site\" content=\"@urbeameaweb\" \/>\n<script type=\"application\/ld+json\" class=\"yoast-schema-graph\">{\"@context\":\"https:\\\/\\\/schema.org\",\"@graph\":[{\"@type\":\"Article\",\"@id\":\"https:\\\/\\\/urbeamea.ro\\\/albaiulia\\\/foto-video-concert-la-alba-iulia-in-catedrala-romano-catolica-sustinut-de-grupul-accoustic\\\/#article\",\"isPartOf\":{\"@id\":\"https:\\\/\\\/urbeamea.ro\\\/albaiulia\\\/foto-video-concert-la-alba-iulia-in-catedrala-romano-catolica-sustinut-de-grupul-accoustic\\\/\"},\"author\":{\"name\":\"Cristina Ganga\",\"@id\":\"https:\\\/\\\/urbeamea.ro\\\/albaiulia\\\/#\\\/schema\\\/person\\\/9700d21fae21c4f038b0b56f4506264a\"},\"headline\":\"FOTO-VIDEO: Concert la Alba Iulia \u00een Catedrala Romano-Catolic\u0103 sus\u021binut de grupul Accoustic\",\"datePublished\":\"2016-03-23T04:00:22+00:00\",\"mainEntityOfPage\":{\"@id\":\"https:\\\/\\\/urbeamea.ro\\\/albaiulia\\\/foto-video-concert-la-alba-iulia-in-catedrala-romano-catolica-sustinut-de-grupul-accoustic\\\/\"},\"wordCount\":333,\"commentCount\":0,\"image\":{\"@id\":\"https:\\\/\\\/urbeamea.ro\\\/albaiulia\\\/foto-video-concert-la-alba-iulia-in-catedrala-romano-catolica-sustinut-de-grupul-accoustic\\\/#primaryimage\"},\"thumbnailUrl\":\"https:\\\/\\\/urbeamea.ro\\\/albaiulia\\\/wp-content\\\/uploads\\\/2016\\\/03\\\/DSC_0023-6.jpg\",\"keywords\":[\"Alba Iulia\",\"albaiulieni\",\"catedrala romano-catolica\",\"concert\",\"corul accoustic\",\"daniel jinga\",\"dirijor\",\"muzica contemporana\",\"stiri\",\"turisti\",\"Urbea Mea\"],\"articleSection\":[\"Evenimente\"],\"inLanguage\":\"ro-RO\",\"potentialAction\":[{\"@type\":\"CommentAction\",\"name\":\"Comment\",\"target\":[\"https:\\\/\\\/urbeamea.ro\\\/albaiulia\\\/foto-video-concert-la-alba-iulia-in-catedrala-romano-catolica-sustinut-de-grupul-accoustic\\\/#respond\"]}]},{\"@type\":\"WebPage\",\"@id\":\"https:\\\/\\\/urbeamea.ro\\\/albaiulia\\\/foto-video-concert-la-alba-iulia-in-catedrala-romano-catolica-sustinut-de-grupul-accoustic\\\/\",\"url\":\"https:\\\/\\\/urbeamea.ro\\\/albaiulia\\\/foto-video-concert-la-alba-iulia-in-catedrala-romano-catolica-sustinut-de-grupul-accoustic\\\/\",\"name\":\"FOTO-VIDEO: Concert la Alba Iulia \u00een Catedrala Romano-Catolic\u0103 sus\u021binut de grupul Accoustic - Revista Urbea Mea - Revista de Alba\",\"isPartOf\":{\"@id\":\"https:\\\/\\\/urbeamea.ro\\\/albaiulia\\\/#website\"},\"primaryImageOfPage\":{\"@id\":\"https:\\\/\\\/urbeamea.ro\\\/albaiulia\\\/foto-video-concert-la-alba-iulia-in-catedrala-romano-catolica-sustinut-de-grupul-accoustic\\\/#primaryimage\"},\"image\":{\"@id\":\"https:\\\/\\\/urbeamea.ro\\\/albaiulia\\\/foto-video-concert-la-alba-iulia-in-catedrala-romano-catolica-sustinut-de-grupul-accoustic\\\/#primaryimage\"},\"thumbnailUrl\":\"https:\\\/\\\/urbeamea.ro\\\/albaiulia\\\/wp-content\\\/uploads\\\/2016\\\/03\\\/DSC_0023-6.jpg\",\"datePublished\":\"2016-03-23T04:00:22+00:00\",\"author\":{\"@id\":\"https:\\\/\\\/urbeamea.ro\\\/albaiulia\\\/#\\\/schema\\\/person\\\/9700d21fae21c4f038b0b56f4506264a\"},\"description\":\"Catedrala Romano-Catolic\u0103 Sf\u00e2ntul Mihail din Alba Iulia a fost, mar\u021bi seara, gazda unui eveniment special. Este vorba despre concertul coral sus\u0163inut de\",\"breadcrumb\":{\"@id\":\"https:\\\/\\\/urbeamea.ro\\\/albaiulia\\\/foto-video-concert-la-alba-iulia-in-catedrala-romano-catolica-sustinut-de-grupul-accoustic\\\/#breadcrumb\"},\"inLanguage\":\"ro-RO\",\"potentialAction\":[{\"@type\":\"ReadAction\",\"target\":[\"https:\\\/\\\/urbeamea.ro\\\/albaiulia\\\/foto-video-concert-la-alba-iulia-in-catedrala-romano-catolica-sustinut-de-grupul-accoustic\\\/\"]}]},{\"@type\":\"ImageObject\",\"inLanguage\":\"ro-RO\",\"@id\":\"https:\\\/\\\/urbeamea.ro\\\/albaiulia\\\/foto-video-concert-la-alba-iulia-in-catedrala-romano-catolica-sustinut-de-grupul-accoustic\\\/#primaryimage\",\"url\":\"https:\\\/\\\/urbeamea.ro\\\/albaiulia\\\/wp-content\\\/uploads\\\/2016\\\/03\\\/DSC_0023-6.jpg\",\"contentUrl\":\"https:\\\/\\\/urbeamea.ro\\\/albaiulia\\\/wp-content\\\/uploads\\\/2016\\\/03\\\/DSC_0023-6.jpg\",\"width\":1280,\"height\":853},{\"@type\":\"BreadcrumbList\",\"@id\":\"https:\\\/\\\/urbeamea.ro\\\/albaiulia\\\/foto-video-concert-la-alba-iulia-in-catedrala-romano-catolica-sustinut-de-grupul-accoustic\\\/#breadcrumb\",\"itemListElement\":[{\"@type\":\"ListItem\",\"position\":1,\"name\":\"Prima pagin\u0103\",\"item\":\"https:\\\/\\\/urbeamea.ro\\\/albaiulia\\\/\"},{\"@type\":\"ListItem\",\"position\":2,\"name\":\"FOTO-VIDEO: Concert la Alba Iulia \u00een Catedrala Romano-Catolic\u0103 sus\u021binut de grupul Accoustic\"}]},{\"@type\":\"WebSite\",\"@id\":\"https:\\\/\\\/urbeamea.ro\\\/albaiulia\\\/#website\",\"url\":\"https:\\\/\\\/urbeamea.ro\\\/albaiulia\\\/\",\"name\":\"Revista Urbea Mea, Stiri urbane\",\"description\":\"Evenimente \u0219i \u0219tiri din Alba Iulia, Sebe\u0219, Aiud, Blaj\",\"potentialAction\":[{\"@type\":\"SearchAction\",\"target\":{\"@type\":\"EntryPoint\",\"urlTemplate\":\"https:\\\/\\\/urbeamea.ro\\\/albaiulia\\\/?s={search_term_string}\"},\"query-input\":{\"@type\":\"PropertyValueSpecification\",\"valueRequired\":true,\"valueName\":\"search_term_string\"}}],\"inLanguage\":\"ro-RO\"},{\"@type\":\"Person\",\"@id\":\"https:\\\/\\\/urbeamea.ro\\\/albaiulia\\\/#\\\/schema\\\/person\\\/9700d21fae21c4f038b0b56f4506264a\",\"name\":\"Cristina Ganga\",\"image\":{\"@type\":\"ImageObject\",\"inLanguage\":\"ro-RO\",\"@id\":\"https:\\\/\\\/secure.gravatar.com\\\/avatar\\\/5a67661041f057b4a8ccaf26f5a8e86e2689372006d01faf3dd9eeb10b654bb4?s=96&d=mm&r=g\",\"url\":\"https:\\\/\\\/secure.gravatar.com\\\/avatar\\\/5a67661041f057b4a8ccaf26f5a8e86e2689372006d01faf3dd9eeb10b654bb4?s=96&d=mm&r=g\",\"contentUrl\":\"https:\\\/\\\/secure.gravatar.com\\\/avatar\\\/5a67661041f057b4a8ccaf26f5a8e86e2689372006d01faf3dd9eeb10b654bb4?s=96&d=mm&r=g\",\"caption\":\"Cristina Ganga\"},\"description\":\"Jurnalist\",\"sameAs\":[\"https:\\\/\\\/www.facebook.com\\\/cristina.nicola.587\"],\"url\":\"https:\\\/\\\/urbeamea.ro\\\/albaiulia\\\/author\\\/cristina-nicola\\\/\"}]}<\/script>\n<!-- \/ Yoast SEO plugin. -->","yoast_head_json":{"title":"FOTO-VIDEO: Concert la Alba Iulia \u00een Catedrala Romano-Catolic\u0103 sus\u021binut de grupul Accoustic - Revista Urbea Mea - Revista de Alba","description":"Catedrala Romano-Catolic\u0103 Sf\u00e2ntul Mihail din Alba Iulia a fost, mar\u021bi seara, gazda unui eveniment special. Este vorba despre concertul coral sus\u0163inut de","robots":{"index":"index","follow":"follow","max-snippet":"max-snippet:-1","max-image-preview":"max-image-preview:large","max-video-preview":"max-video-preview:-1"},"canonical":"https:\/\/urbeamea.ro\/albaiulia\/foto-video-concert-la-alba-iulia-in-catedrala-romano-catolica-sustinut-de-grupul-accoustic\/","twitter_card":"summary_large_image","twitter_title":"FOTO-VIDEO: Concert la Alba Iulia \u00een Catedrala Romano-Catolic\u0103 sus\u021binut de grupul Accoustic - Revista Urbea Mea - Revista de Alba","twitter_description":"Catedrala Romano-Catolic\u0103 Sf\u00e2ntul Mihail din Alba Iulia a fost, mar\u021bi seara, gazda unui eveniment special. Este vorba despre concertul coral sus\u0163inut de","twitter_image":"https:\/\/urbeamea.ro\/albaiulia\/wp-content\/uploads\/2016\/03\/DSC_0023-6.jpg","twitter_creator":"@urbeameaweb","twitter_site":"@urbeameaweb","schema":{"@context":"https:\/\/schema.org","@graph":[{"@type":"Article","@id":"https:\/\/urbeamea.ro\/albaiulia\/foto-video-concert-la-alba-iulia-in-catedrala-romano-catolica-sustinut-de-grupul-accoustic\/#article","isPartOf":{"@id":"https:\/\/urbeamea.ro\/albaiulia\/foto-video-concert-la-alba-iulia-in-catedrala-romano-catolica-sustinut-de-grupul-accoustic\/"},"author":{"name":"Cristina Ganga","@id":"https:\/\/urbeamea.ro\/albaiulia\/#\/schema\/person\/9700d21fae21c4f038b0b56f4506264a"},"headline":"FOTO-VIDEO: Concert la Alba Iulia \u00een Catedrala Romano-Catolic\u0103 sus\u021binut de grupul Accoustic","datePublished":"2016-03-23T04:00:22+00:00","mainEntityOfPage":{"@id":"https:\/\/urbeamea.ro\/albaiulia\/foto-video-concert-la-alba-iulia-in-catedrala-romano-catolica-sustinut-de-grupul-accoustic\/"},"wordCount":333,"commentCount":0,"image":{"@id":"https:\/\/urbeamea.ro\/albaiulia\/foto-video-concert-la-alba-iulia-in-catedrala-romano-catolica-sustinut-de-grupul-accoustic\/#primaryimage"},"thumbnailUrl":"https:\/\/urbeamea.ro\/albaiulia\/wp-content\/uploads\/2016\/03\/DSC_0023-6.jpg","keywords":["Alba Iulia","albaiulieni","catedrala romano-catolica","concert","corul accoustic","daniel jinga","dirijor","muzica contemporana","stiri","turisti","Urbea Mea"],"articleSection":["Evenimente"],"inLanguage":"ro-RO","potentialAction":[{"@type":"CommentAction","name":"Comment","target":["https:\/\/urbeamea.ro\/albaiulia\/foto-video-concert-la-alba-iulia-in-catedrala-romano-catolica-sustinut-de-grupul-accoustic\/#respond"]}]},{"@type":"WebPage","@id":"https:\/\/urbeamea.ro\/albaiulia\/foto-video-concert-la-alba-iulia-in-catedrala-romano-catolica-sustinut-de-grupul-accoustic\/","url":"https:\/\/urbeamea.ro\/albaiulia\/foto-video-concert-la-alba-iulia-in-catedrala-romano-catolica-sustinut-de-grupul-accoustic\/","name":"FOTO-VIDEO: Concert la Alba Iulia \u00een Catedrala Romano-Catolic\u0103 sus\u021binut de grupul Accoustic - Revista Urbea Mea - Revista de Alba","isPartOf":{"@id":"https:\/\/urbeamea.ro\/albaiulia\/#website"},"primaryImageOfPage":{"@id":"https:\/\/urbeamea.ro\/albaiulia\/foto-video-concert-la-alba-iulia-in-catedrala-romano-catolica-sustinut-de-grupul-accoustic\/#primaryimage"},"image":{"@id":"https:\/\/urbeamea.ro\/albaiulia\/foto-video-concert-la-alba-iulia-in-catedrala-romano-catolica-sustinut-de-grupul-accoustic\/#primaryimage"},"thumbnailUrl":"https:\/\/urbeamea.ro\/albaiulia\/wp-content\/uploads\/2016\/03\/DSC_0023-6.jpg","datePublished":"2016-03-23T04:00:22+00:00","author":{"@id":"https:\/\/urbeamea.ro\/albaiulia\/#\/schema\/person\/9700d21fae21c4f038b0b56f4506264a"},"description":"Catedrala Romano-Catolic\u0103 Sf\u00e2ntul Mihail din Alba Iulia a fost, mar\u021bi seara, gazda unui eveniment special. Este vorba despre concertul coral sus\u0163inut de","breadcrumb":{"@id":"https:\/\/urbeamea.ro\/albaiulia\/foto-video-concert-la-alba-iulia-in-catedrala-romano-catolica-sustinut-de-grupul-accoustic\/#breadcrumb"},"inLanguage":"ro-RO","potentialAction":[{"@type":"ReadAction","target":["https:\/\/urbeamea.ro\/albaiulia\/foto-video-concert-la-alba-iulia-in-catedrala-romano-catolica-sustinut-de-grupul-accoustic\/"]}]},{"@type":"ImageObject","inLanguage":"ro-RO","@id":"https:\/\/urbeamea.ro\/albaiulia\/foto-video-concert-la-alba-iulia-in-catedrala-romano-catolica-sustinut-de-grupul-accoustic\/#primaryimage","url":"https:\/\/urbeamea.ro\/albaiulia\/wp-content\/uploads\/2016\/03\/DSC_0023-6.jpg","contentUrl":"https:\/\/urbeamea.ro\/albaiulia\/wp-content\/uploads\/2016\/03\/DSC_0023-6.jpg","width":1280,"height":853},{"@type":"BreadcrumbList","@id":"https:\/\/urbeamea.ro\/albaiulia\/foto-video-concert-la-alba-iulia-in-catedrala-romano-catolica-sustinut-de-grupul-accoustic\/#breadcrumb","itemListElement":[{"@type":"ListItem","position":1,"name":"Prima pagin\u0103","item":"https:\/\/urbeamea.ro\/albaiulia\/"},{"@type":"ListItem","position":2,"name":"FOTO-VIDEO: Concert la Alba Iulia \u00een Catedrala Romano-Catolic\u0103 sus\u021binut de grupul Accoustic"}]},{"@type":"WebSite","@id":"https:\/\/urbeamea.ro\/albaiulia\/#website","url":"https:\/\/urbeamea.ro\/albaiulia\/","name":"Revista Urbea Mea, Stiri urbane","description":"Evenimente \u0219i \u0219tiri din Alba Iulia, Sebe\u0219, Aiud, Blaj","potentialAction":[{"@type":"SearchAction","target":{"@type":"EntryPoint","urlTemplate":"https:\/\/urbeamea.ro\/albaiulia\/?s={search_term_string}"},"query-input":{"@type":"PropertyValueSpecification","valueRequired":true,"valueName":"search_term_string"}}],"inLanguage":"ro-RO"},{"@type":"Person","@id":"https:\/\/urbeamea.ro\/albaiulia\/#\/schema\/person\/9700d21fae21c4f038b0b56f4506264a","name":"Cristina Ganga","image":{"@type":"ImageObject","inLanguage":"ro-RO","@id":"https:\/\/secure.gravatar.com\/avatar\/5a67661041f057b4a8ccaf26f5a8e86e2689372006d01faf3dd9eeb10b654bb4?s=96&d=mm&r=g","url":"https:\/\/secure.gravatar.com\/avatar\/5a67661041f057b4a8ccaf26f5a8e86e2689372006d01faf3dd9eeb10b654bb4?s=96&d=mm&r=g","contentUrl":"https:\/\/secure.gravatar.com\/avatar\/5a67661041f057b4a8ccaf26f5a8e86e2689372006d01faf3dd9eeb10b654bb4?s=96&d=mm&r=g","caption":"Cristina Ganga"},"description":"Jurnalist","sameAs":["https:\/\/www.facebook.com\/cristina.nicola.587"],"url":"https:\/\/urbeamea.ro\/albaiulia\/author\/cristina-nicola\/"}]}},"_links":{"self":[{"href":"https:\/\/urbeamea.ro\/albaiulia\/wp-json\/wp\/v2\/posts\/20360","targetHints":{"allow":["GET"]}}],"collection":[{"href":"https:\/\/urbeamea.ro\/albaiulia\/wp-json\/wp\/v2\/posts"}],"about":[{"href":"https:\/\/urbeamea.ro\/albaiulia\/wp-json\/wp\/v2\/types\/post"}],"author":[{"embeddable":true,"href":"https:\/\/urbeamea.ro\/albaiulia\/wp-json\/wp\/v2\/users\/17"}],"replies":[{"embeddable":true,"href":"https:\/\/urbeamea.ro\/albaiulia\/wp-json\/wp\/v2\/comments?post=20360"}],"version-history":[{"count":0,"href":"https:\/\/urbeamea.ro\/albaiulia\/wp-json\/wp\/v2\/posts\/20360\/revisions"}],"wp:featuredmedia":[{"embeddable":true,"href":"https:\/\/urbeamea.ro\/albaiulia\/wp-json\/wp\/v2\/media\/20382"}],"wp:attachment":[{"href":"https:\/\/urbeamea.ro\/albaiulia\/wp-json\/wp\/v2\/media?parent=20360"}],"wp:term":[{"taxonomy":"category","embeddable":true,"href":"https:\/\/urbeamea.ro\/albaiulia\/wp-json\/wp\/v2\/categories?post=20360"},{"taxonomy":"post_tag","embeddable":true,"href":"https:\/\/urbeamea.ro\/albaiulia\/wp-json\/wp\/v2\/tags?post=20360"}],"curies":[{"name":"wp","href":"https:\/\/api.w.org\/{rel}","templated":true}]}}