{"id":20429,"date":"2016-03-24T14:24:43","date_gmt":"2016-03-24T12:24:43","guid":{"rendered":"http:\/\/urbeamea.ro\/albaiulia\/?p=20429"},"modified":"2016-03-24T14:24:43","modified_gmt":"2016-03-24T12:24:43","slug":"isu-alba-anunta-ca-nu-cer-procese-verbale-de-verificare-a-sobelor-si-cosurilor-de-fum","status":"publish","type":"post","link":"https:\/\/urbeamea.ro\/albaiulia\/isu-alba-anunta-ca-nu-cer-procese-verbale-de-verificare-a-sobelor-si-cosurilor-de-fum\/","title":{"rendered":"ISU Alba anun\u021b\u0103 c\u0103 nu cer procese verbale de verificare a sobelor \u015fi co\u015furilor de fum"},"content":{"rendered":"<p><strong><img loading=\"lazy\" decoding=\"async\" class=\"size-medium wp-image-20430 alignleft\" src=\"http:\/\/urbeamea.ro\/albaiulia\/wp-content\/uploads\/2016\/03\/cos-de-fum-300x254.jpg\" alt=\"cos de fum\" width=\"300\" height=\"254\" srcset=\"https:\/\/urbeamea.ro\/albaiulia\/wp-content\/uploads\/2016\/03\/cos-de-fum-300x254.jpg 300w, https:\/\/urbeamea.ro\/albaiulia\/wp-content\/uploads\/2016\/03\/cos-de-fum-150x127.jpg 150w, https:\/\/urbeamea.ro\/albaiulia\/wp-content\/uploads\/2016\/03\/cos-de-fum.jpg 600w\" sizes=\"auto, (max-width: 300px) 100vw, 300px\" \/>Reprezentan\u0163ii Inspectoratului pentru Situa\u021bii de Urgen\u021b\u0103 \u201eUnirea\u201d al judetului Alba avertizeaz\u0103\u00a0cet\u0103\u0163enii c\u0103 institu\u0163ia nu solicit\u0103 procese verbale de verificare a sobelor \u0219i co\u0219urilor de fum de la sobar\/co\u0219ar autorizat \u015fi c\u0103 nu fac controale la locuin\u0163e, doar \u00een cazurile \u00een care sunt sesiza\u0163i. \u00cens\u0103 la nivel na\u0163ional au fost identificate persoane care se folosesc documente cu antet MAI\/IGSU \u00een fals \u015fi \u00een aceste situa\u0163ii trebuie anun\u0163at\u0103 Poli\u0163ia sau ISU.<\/strong><\/p>\n<p>\u201eLa nivel na\u0163ional au fost identificate persoane care, utiliz\u00e2nd documente \u00een fals, cu antetul Ministerului Afacerilor Interne\/ Inspectoratul General pentru Situa\u021bii de Urgen\u021b\u0103, au solicitat proces \u2013 verbal de verificare a sobelor \u0219i co\u0219urilor de fum de la sobar\/ co\u0219ar autorizat, ocazie cu care se invoc\u0103 o legisla\u021bie inexistent\u0103 (O.U.G. nr. 41 din 07.02.2016), f\u0103c\u00e2ndu-se \u0219i preciz\u0103ri privind unele sanc\u021biuni.<\/p>\n<p>Preciz\u0103m faptul c\u0103 institu\u021bia noastr\u0103 nu solicit\u0103 un astfel de proces verbal, pe timpul execut\u0103rii controalelor preventive. Cadrele Inspectoratului pentru Situa\u021bii de Urgen\u021b\u0103 \u201eUnirea\u201d al judetului Alba nu efectueaz\u0103 controale \u0219i verific\u0103ri la locuin\u021bele particulare ale cet\u0103\u021benilor, cu excep\u021bia situa\u021biilor c\u00e2nd exist\u0103 \u00een curs de solu\u021bionare o peti\u021bie sau o sesizare. \u00cen aceste cazuri, pompierii poart\u0103 \u021binuta militar\u0103 \u0219i trebuie s\u0103 de\u021bin\u0103 asupra lor \u0219i s\u0103 prezinte legitima\u021bia de control\u201d, transmite ISU Alba.<\/p>\n<p>Obliga\u021biile legale privind cur\u0103\u021barea co\u0219urilor de fum sunt prev\u0103zute de art. 85, alin. 3 din Ordinul Ministerului Administra\u021biei \u0219i Internelor nr. 163\/2007 \u2013 pentru aprobarea Normelor generale de ap\u0103rare \u00eempotriva incendiilor, astfel: \u201cVerificarea, repararea, izolarea termic\u0103 \u015fi cur\u0103\u0163area periodic\u0103 a co\u015furilor de evacuare a fumului sunt obligatorii\u201d.<\/p>\n<p>Cet\u0103\u021benii care au interac\u021bionat cu persoane care au pretins prestarea de servicii \u00een numele ISU Alba\/IGSU sau care au primit astfel de documente sunt ruga\u021bi s\u0103 sesizeze imediat \u00een scris poli\u021bia sau ISU.<\/p>\n","protected":false},"excerpt":{"rendered":"<p>Reprezentan\u0163ii Inspectoratului pentru Situa\u021bii de Urgen\u021b\u0103 \u201eUnirea\u201d al judetului Alba avertizeaz\u0103\u00a0cet\u0103\u0163enii c\u0103 institu\u0163ia nu solicit\u0103 procese verbale de verificare a sobelor \u0219i co\u0219urilor de fum de la sobar\/co\u0219ar autorizat \u015fi c\u0103 nu fac controale la locuin\u0163e, doar \u00een cazurile \u00een care sunt sesiza\u0163i. \u00cens\u0103 la nivel na\u0163ional au fost identificate persoane care se folosesc documente &hellip;<\/p>\n","protected":false},"author":17,"featured_media":20430,"comment_status":"open","ping_status":"open","sticky":false,"template":"","format":"standard","meta":{"inline_featured_image":false,"footnotes":""},"categories":[2034],"tags":[31,4030,1626,2560,4033,439,4032,4031,308,76],"class_list":["post-20429","post","type-post","status-publish","format-standard","has-post-thumbnail","hentry","category-social","tag-alba-iulia","tag-cosuri-de-fum","tag-incendii","tag-isu-alba","tag-legitimatie-de-control","tag-politie","tag-procese-verbale","tag-sobe","tag-stiri","tag-urbea-mea"],"yoast_head":"<!-- This site is optimized with the Yoast SEO plugin v28.3 - https:\/\/yoast.com\/product\/yoast-seo-wordpress\/ -->\n<title>ISU Alba anun\u021b\u0103 c\u0103 nu cer procese verbale de verificare a sobelor \u015fi co\u015furilor de fum - Revista Urbea Mea - Revista de Alba<\/title>\n<meta name=\"description\" content=\"Reprezentan\u0163ii Inspectoratului pentru Situa\u021bii de Urgen\u021b\u0103 \u201eUnirea\u201d al judetului Alba avertizeaz\u0103\u00a0cet\u0103\u0163enii c\u0103 institu\u0163ia nu solicit\u0103 procese verbale de\" \/>\n<meta name=\"robots\" content=\"index, follow, max-snippet:-1, max-image-preview:large, max-video-preview:-1\" \/>\n<link rel=\"canonical\" href=\"https:\/\/urbeamea.ro\/albaiulia\/isu-alba-anunta-ca-nu-cer-procese-verbale-de-verificare-a-sobelor-si-cosurilor-de-fum\/\" \/>\n<meta name=\"twitter:card\" content=\"summary_large_image\" \/>\n<meta name=\"twitter:title\" content=\"ISU Alba anun\u021b\u0103 c\u0103 nu cer procese verbale de verificare a sobelor \u015fi co\u015furilor de fum - Revista Urbea Mea - Revista de Alba\" \/>\n<meta name=\"twitter:description\" content=\"Reprezentan\u0163ii Inspectoratului pentru Situa\u021bii de Urgen\u021b\u0103 \u201eUnirea\u201d al judetului Alba avertizeaz\u0103\u00a0cet\u0103\u0163enii c\u0103 institu\u0163ia nu solicit\u0103 procese verbale de\" \/>\n<meta name=\"twitter:image\" content=\"https:\/\/urbeamea.ro\/albaiulia\/wp-content\/uploads\/2016\/03\/cos-de-fum.jpg\" \/>\n<meta name=\"twitter:creator\" content=\"@urbeameaweb\" \/>\n<meta name=\"twitter:site\" content=\"@urbeameaweb\" \/>\n<script type=\"application\/ld+json\" class=\"yoast-schema-graph\">{\"@context\":\"https:\\\/\\\/schema.org\",\"@graph\":[{\"@type\":\"Article\",\"@id\":\"https:\\\/\\\/urbeamea.ro\\\/albaiulia\\\/isu-alba-anunta-ca-nu-cer-procese-verbale-de-verificare-a-sobelor-si-cosurilor-de-fum\\\/#article\",\"isPartOf\":{\"@id\":\"https:\\\/\\\/urbeamea.ro\\\/albaiulia\\\/isu-alba-anunta-ca-nu-cer-procese-verbale-de-verificare-a-sobelor-si-cosurilor-de-fum\\\/\"},\"author\":{\"name\":\"Cristina Ganga\",\"@id\":\"https:\\\/\\\/urbeamea.ro\\\/albaiulia\\\/#\\\/schema\\\/person\\\/9700d21fae21c4f038b0b56f4506264a\"},\"headline\":\"ISU Alba anun\u021b\u0103 c\u0103 nu cer procese verbale de verificare a sobelor \u015fi co\u015furilor de fum\",\"datePublished\":\"2016-03-24T12:24:43+00:00\",\"mainEntityOfPage\":{\"@id\":\"https:\\\/\\\/urbeamea.ro\\\/albaiulia\\\/isu-alba-anunta-ca-nu-cer-procese-verbale-de-verificare-a-sobelor-si-cosurilor-de-fum\\\/\"},\"wordCount\":346,\"commentCount\":0,\"image\":{\"@id\":\"https:\\\/\\\/urbeamea.ro\\\/albaiulia\\\/isu-alba-anunta-ca-nu-cer-procese-verbale-de-verificare-a-sobelor-si-cosurilor-de-fum\\\/#primaryimage\"},\"thumbnailUrl\":\"https:\\\/\\\/urbeamea.ro\\\/albaiulia\\\/wp-content\\\/uploads\\\/2016\\\/03\\\/cos-de-fum.jpg\",\"keywords\":[\"Alba Iulia\",\"cosuri de fum\",\"incendii\",\"ISU Alba\",\"legitimatie de control\",\"politie\",\"procese verbale\",\"sobe\",\"stiri\",\"Urbea Mea\"],\"articleSection\":[\"Social\"],\"inLanguage\":\"ro-RO\",\"potentialAction\":[{\"@type\":\"CommentAction\",\"name\":\"Comment\",\"target\":[\"https:\\\/\\\/urbeamea.ro\\\/albaiulia\\\/isu-alba-anunta-ca-nu-cer-procese-verbale-de-verificare-a-sobelor-si-cosurilor-de-fum\\\/#respond\"]}]},{\"@type\":\"WebPage\",\"@id\":\"https:\\\/\\\/urbeamea.ro\\\/albaiulia\\\/isu-alba-anunta-ca-nu-cer-procese-verbale-de-verificare-a-sobelor-si-cosurilor-de-fum\\\/\",\"url\":\"https:\\\/\\\/urbeamea.ro\\\/albaiulia\\\/isu-alba-anunta-ca-nu-cer-procese-verbale-de-verificare-a-sobelor-si-cosurilor-de-fum\\\/\",\"name\":\"ISU Alba anun\u021b\u0103 c\u0103 nu cer procese verbale de verificare a sobelor \u015fi co\u015furilor de fum - Revista Urbea Mea - Revista de Alba\",\"isPartOf\":{\"@id\":\"https:\\\/\\\/urbeamea.ro\\\/albaiulia\\\/#website\"},\"primaryImageOfPage\":{\"@id\":\"https:\\\/\\\/urbeamea.ro\\\/albaiulia\\\/isu-alba-anunta-ca-nu-cer-procese-verbale-de-verificare-a-sobelor-si-cosurilor-de-fum\\\/#primaryimage\"},\"image\":{\"@id\":\"https:\\\/\\\/urbeamea.ro\\\/albaiulia\\\/isu-alba-anunta-ca-nu-cer-procese-verbale-de-verificare-a-sobelor-si-cosurilor-de-fum\\\/#primaryimage\"},\"thumbnailUrl\":\"https:\\\/\\\/urbeamea.ro\\\/albaiulia\\\/wp-content\\\/uploads\\\/2016\\\/03\\\/cos-de-fum.jpg\",\"datePublished\":\"2016-03-24T12:24:43+00:00\",\"author\":{\"@id\":\"https:\\\/\\\/urbeamea.ro\\\/albaiulia\\\/#\\\/schema\\\/person\\\/9700d21fae21c4f038b0b56f4506264a\"},\"description\":\"Reprezentan\u0163ii Inspectoratului pentru Situa\u021bii de Urgen\u021b\u0103 \u201eUnirea\u201d al judetului Alba avertizeaz\u0103\u00a0cet\u0103\u0163enii c\u0103 institu\u0163ia nu solicit\u0103 procese verbale de\",\"breadcrumb\":{\"@id\":\"https:\\\/\\\/urbeamea.ro\\\/albaiulia\\\/isu-alba-anunta-ca-nu-cer-procese-verbale-de-verificare-a-sobelor-si-cosurilor-de-fum\\\/#breadcrumb\"},\"inLanguage\":\"ro-RO\",\"potentialAction\":[{\"@type\":\"ReadAction\",\"target\":[\"https:\\\/\\\/urbeamea.ro\\\/albaiulia\\\/isu-alba-anunta-ca-nu-cer-procese-verbale-de-verificare-a-sobelor-si-cosurilor-de-fum\\\/\"]}]},{\"@type\":\"ImageObject\",\"inLanguage\":\"ro-RO\",\"@id\":\"https:\\\/\\\/urbeamea.ro\\\/albaiulia\\\/isu-alba-anunta-ca-nu-cer-procese-verbale-de-verificare-a-sobelor-si-cosurilor-de-fum\\\/#primaryimage\",\"url\":\"https:\\\/\\\/urbeamea.ro\\\/albaiulia\\\/wp-content\\\/uploads\\\/2016\\\/03\\\/cos-de-fum.jpg\",\"contentUrl\":\"https:\\\/\\\/urbeamea.ro\\\/albaiulia\\\/wp-content\\\/uploads\\\/2016\\\/03\\\/cos-de-fum.jpg\",\"width\":600,\"height\":508},{\"@type\":\"BreadcrumbList\",\"@id\":\"https:\\\/\\\/urbeamea.ro\\\/albaiulia\\\/isu-alba-anunta-ca-nu-cer-procese-verbale-de-verificare-a-sobelor-si-cosurilor-de-fum\\\/#breadcrumb\",\"itemListElement\":[{\"@type\":\"ListItem\",\"position\":1,\"name\":\"Prima pagin\u0103\",\"item\":\"https:\\\/\\\/urbeamea.ro\\\/albaiulia\\\/\"},{\"@type\":\"ListItem\",\"position\":2,\"name\":\"ISU Alba anun\u021b\u0103 c\u0103 nu cer procese verbale de verificare a sobelor \u015fi co\u015furilor de fum\"}]},{\"@type\":\"WebSite\",\"@id\":\"https:\\\/\\\/urbeamea.ro\\\/albaiulia\\\/#website\",\"url\":\"https:\\\/\\\/urbeamea.ro\\\/albaiulia\\\/\",\"name\":\"Revista Urbea Mea, Stiri urbane\",\"description\":\"Evenimente \u0219i \u0219tiri din Alba Iulia, Sebe\u0219, Aiud, Blaj\",\"potentialAction\":[{\"@type\":\"SearchAction\",\"target\":{\"@type\":\"EntryPoint\",\"urlTemplate\":\"https:\\\/\\\/urbeamea.ro\\\/albaiulia\\\/?s={search_term_string}\"},\"query-input\":{\"@type\":\"PropertyValueSpecification\",\"valueRequired\":true,\"valueName\":\"search_term_string\"}}],\"inLanguage\":\"ro-RO\"},{\"@type\":\"Person\",\"@id\":\"https:\\\/\\\/urbeamea.ro\\\/albaiulia\\\/#\\\/schema\\\/person\\\/9700d21fae21c4f038b0b56f4506264a\",\"name\":\"Cristina Ganga\",\"image\":{\"@type\":\"ImageObject\",\"inLanguage\":\"ro-RO\",\"@id\":\"https:\\\/\\\/secure.gravatar.com\\\/avatar\\\/5a67661041f057b4a8ccaf26f5a8e86e2689372006d01faf3dd9eeb10b654bb4?s=96&d=mm&r=g\",\"url\":\"https:\\\/\\\/secure.gravatar.com\\\/avatar\\\/5a67661041f057b4a8ccaf26f5a8e86e2689372006d01faf3dd9eeb10b654bb4?s=96&d=mm&r=g\",\"contentUrl\":\"https:\\\/\\\/secure.gravatar.com\\\/avatar\\\/5a67661041f057b4a8ccaf26f5a8e86e2689372006d01faf3dd9eeb10b654bb4?s=96&d=mm&r=g\",\"caption\":\"Cristina Ganga\"},\"description\":\"Jurnalist\",\"sameAs\":[\"https:\\\/\\\/www.facebook.com\\\/cristina.nicola.587\"],\"url\":\"https:\\\/\\\/urbeamea.ro\\\/albaiulia\\\/author\\\/cristina-nicola\\\/\"}]}<\/script>\n<!-- \/ Yoast SEO plugin. -->","yoast_head_json":{"title":"ISU Alba anun\u021b\u0103 c\u0103 nu cer procese verbale de verificare a sobelor \u015fi co\u015furilor de fum - Revista Urbea Mea - Revista de Alba","description":"Reprezentan\u0163ii Inspectoratului pentru Situa\u021bii de Urgen\u021b\u0103 \u201eUnirea\u201d al judetului Alba avertizeaz\u0103\u00a0cet\u0103\u0163enii c\u0103 institu\u0163ia nu solicit\u0103 procese verbale de","robots":{"index":"index","follow":"follow","max-snippet":"max-snippet:-1","max-image-preview":"max-image-preview:large","max-video-preview":"max-video-preview:-1"},"canonical":"https:\/\/urbeamea.ro\/albaiulia\/isu-alba-anunta-ca-nu-cer-procese-verbale-de-verificare-a-sobelor-si-cosurilor-de-fum\/","twitter_card":"summary_large_image","twitter_title":"ISU Alba anun\u021b\u0103 c\u0103 nu cer procese verbale de verificare a sobelor \u015fi co\u015furilor de fum - Revista Urbea Mea - Revista de Alba","twitter_description":"Reprezentan\u0163ii Inspectoratului pentru Situa\u021bii de Urgen\u021b\u0103 \u201eUnirea\u201d al judetului Alba avertizeaz\u0103\u00a0cet\u0103\u0163enii c\u0103 institu\u0163ia nu solicit\u0103 procese verbale de","twitter_image":"https:\/\/urbeamea.ro\/albaiulia\/wp-content\/uploads\/2016\/03\/cos-de-fum.jpg","twitter_creator":"@urbeameaweb","twitter_site":"@urbeameaweb","schema":{"@context":"https:\/\/schema.org","@graph":[{"@type":"Article","@id":"https:\/\/urbeamea.ro\/albaiulia\/isu-alba-anunta-ca-nu-cer-procese-verbale-de-verificare-a-sobelor-si-cosurilor-de-fum\/#article","isPartOf":{"@id":"https:\/\/urbeamea.ro\/albaiulia\/isu-alba-anunta-ca-nu-cer-procese-verbale-de-verificare-a-sobelor-si-cosurilor-de-fum\/"},"author":{"name":"Cristina Ganga","@id":"https:\/\/urbeamea.ro\/albaiulia\/#\/schema\/person\/9700d21fae21c4f038b0b56f4506264a"},"headline":"ISU Alba anun\u021b\u0103 c\u0103 nu cer procese verbale de verificare a sobelor \u015fi co\u015furilor de fum","datePublished":"2016-03-24T12:24:43+00:00","mainEntityOfPage":{"@id":"https:\/\/urbeamea.ro\/albaiulia\/isu-alba-anunta-ca-nu-cer-procese-verbale-de-verificare-a-sobelor-si-cosurilor-de-fum\/"},"wordCount":346,"commentCount":0,"image":{"@id":"https:\/\/urbeamea.ro\/albaiulia\/isu-alba-anunta-ca-nu-cer-procese-verbale-de-verificare-a-sobelor-si-cosurilor-de-fum\/#primaryimage"},"thumbnailUrl":"https:\/\/urbeamea.ro\/albaiulia\/wp-content\/uploads\/2016\/03\/cos-de-fum.jpg","keywords":["Alba Iulia","cosuri de fum","incendii","ISU Alba","legitimatie de control","politie","procese verbale","sobe","stiri","Urbea Mea"],"articleSection":["Social"],"inLanguage":"ro-RO","potentialAction":[{"@type":"CommentAction","name":"Comment","target":["https:\/\/urbeamea.ro\/albaiulia\/isu-alba-anunta-ca-nu-cer-procese-verbale-de-verificare-a-sobelor-si-cosurilor-de-fum\/#respond"]}]},{"@type":"WebPage","@id":"https:\/\/urbeamea.ro\/albaiulia\/isu-alba-anunta-ca-nu-cer-procese-verbale-de-verificare-a-sobelor-si-cosurilor-de-fum\/","url":"https:\/\/urbeamea.ro\/albaiulia\/isu-alba-anunta-ca-nu-cer-procese-verbale-de-verificare-a-sobelor-si-cosurilor-de-fum\/","name":"ISU Alba anun\u021b\u0103 c\u0103 nu cer procese verbale de verificare a sobelor \u015fi co\u015furilor de fum - Revista Urbea Mea - Revista de Alba","isPartOf":{"@id":"https:\/\/urbeamea.ro\/albaiulia\/#website"},"primaryImageOfPage":{"@id":"https:\/\/urbeamea.ro\/albaiulia\/isu-alba-anunta-ca-nu-cer-procese-verbale-de-verificare-a-sobelor-si-cosurilor-de-fum\/#primaryimage"},"image":{"@id":"https:\/\/urbeamea.ro\/albaiulia\/isu-alba-anunta-ca-nu-cer-procese-verbale-de-verificare-a-sobelor-si-cosurilor-de-fum\/#primaryimage"},"thumbnailUrl":"https:\/\/urbeamea.ro\/albaiulia\/wp-content\/uploads\/2016\/03\/cos-de-fum.jpg","datePublished":"2016-03-24T12:24:43+00:00","author":{"@id":"https:\/\/urbeamea.ro\/albaiulia\/#\/schema\/person\/9700d21fae21c4f038b0b56f4506264a"},"description":"Reprezentan\u0163ii Inspectoratului pentru Situa\u021bii de Urgen\u021b\u0103 \u201eUnirea\u201d al judetului Alba avertizeaz\u0103\u00a0cet\u0103\u0163enii c\u0103 institu\u0163ia nu solicit\u0103 procese verbale de","breadcrumb":{"@id":"https:\/\/urbeamea.ro\/albaiulia\/isu-alba-anunta-ca-nu-cer-procese-verbale-de-verificare-a-sobelor-si-cosurilor-de-fum\/#breadcrumb"},"inLanguage":"ro-RO","potentialAction":[{"@type":"ReadAction","target":["https:\/\/urbeamea.ro\/albaiulia\/isu-alba-anunta-ca-nu-cer-procese-verbale-de-verificare-a-sobelor-si-cosurilor-de-fum\/"]}]},{"@type":"ImageObject","inLanguage":"ro-RO","@id":"https:\/\/urbeamea.ro\/albaiulia\/isu-alba-anunta-ca-nu-cer-procese-verbale-de-verificare-a-sobelor-si-cosurilor-de-fum\/#primaryimage","url":"https:\/\/urbeamea.ro\/albaiulia\/wp-content\/uploads\/2016\/03\/cos-de-fum.jpg","contentUrl":"https:\/\/urbeamea.ro\/albaiulia\/wp-content\/uploads\/2016\/03\/cos-de-fum.jpg","width":600,"height":508},{"@type":"BreadcrumbList","@id":"https:\/\/urbeamea.ro\/albaiulia\/isu-alba-anunta-ca-nu-cer-procese-verbale-de-verificare-a-sobelor-si-cosurilor-de-fum\/#breadcrumb","itemListElement":[{"@type":"ListItem","position":1,"name":"Prima pagin\u0103","item":"https:\/\/urbeamea.ro\/albaiulia\/"},{"@type":"ListItem","position":2,"name":"ISU Alba anun\u021b\u0103 c\u0103 nu cer procese verbale de verificare a sobelor \u015fi co\u015furilor de fum"}]},{"@type":"WebSite","@id":"https:\/\/urbeamea.ro\/albaiulia\/#website","url":"https:\/\/urbeamea.ro\/albaiulia\/","name":"Revista Urbea Mea, Stiri urbane","description":"Evenimente \u0219i \u0219tiri din Alba Iulia, Sebe\u0219, Aiud, Blaj","potentialAction":[{"@type":"SearchAction","target":{"@type":"EntryPoint","urlTemplate":"https:\/\/urbeamea.ro\/albaiulia\/?s={search_term_string}"},"query-input":{"@type":"PropertyValueSpecification","valueRequired":true,"valueName":"search_term_string"}}],"inLanguage":"ro-RO"},{"@type":"Person","@id":"https:\/\/urbeamea.ro\/albaiulia\/#\/schema\/person\/9700d21fae21c4f038b0b56f4506264a","name":"Cristina Ganga","image":{"@type":"ImageObject","inLanguage":"ro-RO","@id":"https:\/\/secure.gravatar.com\/avatar\/5a67661041f057b4a8ccaf26f5a8e86e2689372006d01faf3dd9eeb10b654bb4?s=96&d=mm&r=g","url":"https:\/\/secure.gravatar.com\/avatar\/5a67661041f057b4a8ccaf26f5a8e86e2689372006d01faf3dd9eeb10b654bb4?s=96&d=mm&r=g","contentUrl":"https:\/\/secure.gravatar.com\/avatar\/5a67661041f057b4a8ccaf26f5a8e86e2689372006d01faf3dd9eeb10b654bb4?s=96&d=mm&r=g","caption":"Cristina Ganga"},"description":"Jurnalist","sameAs":["https:\/\/www.facebook.com\/cristina.nicola.587"],"url":"https:\/\/urbeamea.ro\/albaiulia\/author\/cristina-nicola\/"}]}},"_links":{"self":[{"href":"https:\/\/urbeamea.ro\/albaiulia\/wp-json\/wp\/v2\/posts\/20429","targetHints":{"allow":["GET"]}}],"collection":[{"href":"https:\/\/urbeamea.ro\/albaiulia\/wp-json\/wp\/v2\/posts"}],"about":[{"href":"https:\/\/urbeamea.ro\/albaiulia\/wp-json\/wp\/v2\/types\/post"}],"author":[{"embeddable":true,"href":"https:\/\/urbeamea.ro\/albaiulia\/wp-json\/wp\/v2\/users\/17"}],"replies":[{"embeddable":true,"href":"https:\/\/urbeamea.ro\/albaiulia\/wp-json\/wp\/v2\/comments?post=20429"}],"version-history":[{"count":0,"href":"https:\/\/urbeamea.ro\/albaiulia\/wp-json\/wp\/v2\/posts\/20429\/revisions"}],"wp:featuredmedia":[{"embeddable":true,"href":"https:\/\/urbeamea.ro\/albaiulia\/wp-json\/wp\/v2\/media\/20430"}],"wp:attachment":[{"href":"https:\/\/urbeamea.ro\/albaiulia\/wp-json\/wp\/v2\/media?parent=20429"}],"wp:term":[{"taxonomy":"category","embeddable":true,"href":"https:\/\/urbeamea.ro\/albaiulia\/wp-json\/wp\/v2\/categories?post=20429"},{"taxonomy":"post_tag","embeddable":true,"href":"https:\/\/urbeamea.ro\/albaiulia\/wp-json\/wp\/v2\/tags?post=20429"}],"curies":[{"name":"wp","href":"https:\/\/api.w.org\/{rel}","templated":true}]}}