{"id":20654,"date":"2016-03-25T14:31:03","date_gmt":"2016-03-25T12:31:03","guid":{"rendered":"http:\/\/urbeamea.ro\/albaiulia\/?p=20654"},"modified":"2016-03-25T14:31:03","modified_gmt":"2016-03-25T12:31:03","slug":"de-luni-incepe-curatenia-de-primavara-in-municipiul-alba-iulia","status":"publish","type":"post","link":"https:\/\/urbeamea.ro\/albaiulia\/de-luni-incepe-curatenia-de-primavara-in-municipiul-alba-iulia\/","title":{"rendered":"De luni \u00eencepe cur\u0103\u021benia de prim\u0103var\u0103 \u00een municipiul Alba Iulia"},"content":{"rendered":"<p><strong><img loading=\"lazy\" decoding=\"async\" class=\"size-medium wp-image-20656 alignleft\" src=\"http:\/\/urbeamea.ro\/albaiulia\/wp-content\/uploads\/2016\/03\/curatenie-primavara-300x200.jpg\" alt=\"curatenie-primavara\" width=\"300\" height=\"200\" \/>P\u0103str\u00e2nd acela\u0219i mecanism de desf\u0103\u0219urare ca \u00een anii trecu\u021bi, Prim\u0103ria Alba Iulia anun\u021b\u0103 \u00eenceperea celei mai ample campanii de cur\u0103\u021benie de peste an. Locuitorii \u00a0au posibilitatea de a se debarasa de toate tipurile de de\u0219euri. <\/strong><\/p>\n<p><strong>Abona\u021bii casnici \u0219i reprezentan\u021bii asocia\u021biilor de proprietari trebuie s\u0103 \u0219tie c\u0103 \u00een perioada 28 martie- 9 aprilie se ac\u021bioneaz\u0103 \u00een Cetate, Tolstoi \u0219i localit\u0103\u021bile apar\u021bin\u0103toare P\u00e2cli\u0219a \u0219i Mice\u0219ti. \u00centre 11-22 aprilie ac\u021biunile de cur\u0103\u021benie vizeaz\u0103 zona central\u0103 a municipiului, concomitent cu Oarda de Jos \u0219i Oarda de Sus. Ultima etapa, 23-30 aprilie, va acoperi cartierele Ampoi 1,2,3, B\u0103rab\u0103n\u021b \u0219i zona industrial\u0103.<\/strong><\/p>\n<p>Dincolo de m\u0103surile clasice (m\u0103turare, sp\u0103lare, cur\u0103\u021bare rigole etc.), locuitorii se pot debarasa de tot ce le prisose\u0219te f\u0103r\u0103 a le fi \u00eenc\u0103rcata factura. Practic, este o invita\u021bie pentru to\u021bi de a se al\u0103tura unui efort comun prin igienizarea spa\u021biilor comune din zonele de locuit, a cur\u021bilor \u0219i a aleilor pietonale.<\/p>\n<p>\u201eAbsolut orice tip de gunoi se ridic\u0103. Important e s\u0103 se fac\u0103 anun\u021bul acolo unde trebuie, la dispeceratul Polaris. N-ar fi r\u0103u s\u0103 existe puncte de concentrare a de\u0219eurilor pentru a fi mai u\u0219or de ridicat. Oricum am privi lucrurile, la Alba Iulia st\u0103m bine cu demnitatea administrativ\u0103. Anotimpul asta frumos cere \u0219i un \u201crestart\u201d la capitolul cur\u0103\u021benie de orice fel. Avem cele mai performante utilaje, disponibilitate, deci r\u0103m\u00e2ne s\u0103 r\u0103spundem solicit\u0103rilor locuitorilor\u201d a declarat primarul Mircea Hava.<\/p>\n<p>Echipele \u0219i utilitarele de transport vor fi ghidate c\u0103tre punctele indicate de administratori sau locuitori. Este de dorit c\u0103 depozitarea temporar\u0103 a de\u0219eurilor s\u0103 se fac\u0103 de c\u0103tre locuitori \u00een zone accesibile pentru ma\u0219inile Polaris. Tot \u00een aceast\u0103 perioad\u0103 sunt tolerate \u201cderapajele contractuale\u201d, abona\u021bii casnici av\u00e2nd la dispozi\u021bie o perioada de trei s\u0103pt\u0103m\u00e2ni pentru a se debarasa la eurocontainere de orice le prisose\u0219te, mai pu\u021bin echipamente electrice, pentru acestea fiind organizat\u0103 o campanie de colectare \u00een \u0219ase puncte din ora\u0219 (din 21 martie).<\/p>\n<p>Facem precizarea c\u0103 pentru toaletarea arborilor, albaiulieni se pot adresa Serviciului Administrare Activit\u0103\u021bilor Domeniului Public \u2013 tel 0372 586453.<\/p>\n","protected":false},"excerpt":{"rendered":"<p>P\u0103str\u00e2nd acela\u0219i mecanism de desf\u0103\u0219urare ca \u00een anii trecu\u021bi, Prim\u0103ria Alba Iulia anun\u021b\u0103 \u00eenceperea celei mai ample campanii de cur\u0103\u021benie de peste an. Locuitorii \u00a0au posibilitatea de a se debarasa de toate tipurile de de\u0219euri. Abona\u021bii casnici \u0219i reprezentan\u021bii asocia\u021biilor de proprietari trebuie s\u0103 \u0219tie c\u0103 \u00een perioada 28 martie- 9 aprilie se ac\u021bioneaz\u0103 \u00een &hellip;<\/p>\n","protected":false},"author":17,"featured_media":20656,"comment_status":"open","ping_status":"open","sticky":false,"template":"","format":"standard","meta":{"inline_featured_image":false,"footnotes":""},"categories":[2035],"tags":[31,4058,3712,4059,39,4055,919,490,3931,489,2091,308,4056,4057,76],"class_list":["post-20654","post","type-post","status-publish","format-standard","has-post-thumbnail","hentry","category-administratie","tag-alba-iulia","tag-ampoi","tag-barabant","tag-cartiere","tag-cetate","tag-curatenie-de-primavara","tag-micesti","tag-mircea-hava","tag-paclisa","tag-primar","tag-primarie","tag-stiri","tag-toaletarea-arborilor","tag-tolstoi","tag-urbea-mea"],"yoast_head":"<!-- This site is optimized with the Yoast SEO plugin v27.4 - https:\/\/yoast.com\/product\/yoast-seo-wordpress\/ -->\n<title>De luni \u00eencepe cur\u0103\u021benia de prim\u0103var\u0103 \u00een municipiul Alba Iulia - Revista Urbea Mea - Revista de Alba<\/title>\n<meta name=\"description\" content=\"P\u0103str\u00e2nd acela\u0219i mecanism de desf\u0103\u0219urare ca \u00een anii trecu\u021bi, Prim\u0103ria Alba Iulia anun\u021b\u0103 \u00eenceperea celei mai ample campanii de cur\u0103\u021benie de peste an.\" \/>\n<meta name=\"robots\" content=\"index, follow, max-snippet:-1, max-image-preview:large, max-video-preview:-1\" \/>\n<link rel=\"canonical\" href=\"https:\/\/urbeamea.ro\/albaiulia\/de-luni-incepe-curatenia-de-primavara-in-municipiul-alba-iulia\/\" \/>\n<meta name=\"twitter:card\" content=\"summary_large_image\" \/>\n<meta name=\"twitter:title\" content=\"De luni \u00eencepe cur\u0103\u021benia de prim\u0103var\u0103 \u00een municipiul Alba Iulia - Revista Urbea Mea - Revista de Alba\" \/>\n<meta name=\"twitter:description\" content=\"P\u0103str\u00e2nd acela\u0219i mecanism de desf\u0103\u0219urare ca \u00een anii trecu\u021bi, Prim\u0103ria Alba Iulia anun\u021b\u0103 \u00eenceperea celei mai ample campanii de cur\u0103\u021benie de peste an.\" \/>\n<meta name=\"twitter:image\" content=\"https:\/\/urbeamea.ro\/albaiulia\/wp-content\/uploads\/2016\/03\/curatenie-primavara.jpg\" \/>\n<meta name=\"twitter:creator\" content=\"@urbeameaweb\" \/>\n<meta name=\"twitter:site\" content=\"@urbeameaweb\" \/>\n<script type=\"application\/ld+json\" class=\"yoast-schema-graph\">{\"@context\":\"https:\\\/\\\/schema.org\",\"@graph\":[{\"@type\":\"Article\",\"@id\":\"https:\\\/\\\/urbeamea.ro\\\/albaiulia\\\/de-luni-incepe-curatenia-de-primavara-in-municipiul-alba-iulia\\\/#article\",\"isPartOf\":{\"@id\":\"https:\\\/\\\/urbeamea.ro\\\/albaiulia\\\/de-luni-incepe-curatenia-de-primavara-in-municipiul-alba-iulia\\\/\"},\"author\":{\"name\":\"Cristina Ganga\",\"@id\":\"https:\\\/\\\/urbeamea.ro\\\/albaiulia\\\/#\\\/schema\\\/person\\\/9700d21fae21c4f038b0b56f4506264a\"},\"headline\":\"De luni \u00eencepe cur\u0103\u021benia de prim\u0103var\u0103 \u00een municipiul Alba Iulia\",\"datePublished\":\"2016-03-25T12:31:03+00:00\",\"mainEntityOfPage\":{\"@id\":\"https:\\\/\\\/urbeamea.ro\\\/albaiulia\\\/de-luni-incepe-curatenia-de-primavara-in-municipiul-alba-iulia\\\/\"},\"wordCount\":389,\"commentCount\":0,\"image\":{\"@id\":\"https:\\\/\\\/urbeamea.ro\\\/albaiulia\\\/de-luni-incepe-curatenia-de-primavara-in-municipiul-alba-iulia\\\/#primaryimage\"},\"thumbnailUrl\":\"https:\\\/\\\/urbeamea.ro\\\/albaiulia\\\/wp-content\\\/uploads\\\/2016\\\/03\\\/curatenie-primavara.jpg\",\"keywords\":[\"Alba Iulia\",\"ampoi\",\"barabant\",\"cartiere\",\"cetate\",\"curatenie de primavara\",\"micesti\",\"mircea hava\",\"paclisa\",\"primar\",\"primarie\",\"stiri\",\"toaletarea arborilor\",\"tolstoi\",\"Urbea Mea\"],\"articleSection\":[\"Administra\u021bie\"],\"inLanguage\":\"ro-RO\",\"potentialAction\":[{\"@type\":\"CommentAction\",\"name\":\"Comment\",\"target\":[\"https:\\\/\\\/urbeamea.ro\\\/albaiulia\\\/de-luni-incepe-curatenia-de-primavara-in-municipiul-alba-iulia\\\/#respond\"]}]},{\"@type\":\"WebPage\",\"@id\":\"https:\\\/\\\/urbeamea.ro\\\/albaiulia\\\/de-luni-incepe-curatenia-de-primavara-in-municipiul-alba-iulia\\\/\",\"url\":\"https:\\\/\\\/urbeamea.ro\\\/albaiulia\\\/de-luni-incepe-curatenia-de-primavara-in-municipiul-alba-iulia\\\/\",\"name\":\"De luni \u00eencepe cur\u0103\u021benia de prim\u0103var\u0103 \u00een municipiul Alba Iulia - Revista Urbea Mea - Revista de Alba\",\"isPartOf\":{\"@id\":\"https:\\\/\\\/urbeamea.ro\\\/albaiulia\\\/#website\"},\"primaryImageOfPage\":{\"@id\":\"https:\\\/\\\/urbeamea.ro\\\/albaiulia\\\/de-luni-incepe-curatenia-de-primavara-in-municipiul-alba-iulia\\\/#primaryimage\"},\"image\":{\"@id\":\"https:\\\/\\\/urbeamea.ro\\\/albaiulia\\\/de-luni-incepe-curatenia-de-primavara-in-municipiul-alba-iulia\\\/#primaryimage\"},\"thumbnailUrl\":\"https:\\\/\\\/urbeamea.ro\\\/albaiulia\\\/wp-content\\\/uploads\\\/2016\\\/03\\\/curatenie-primavara.jpg\",\"datePublished\":\"2016-03-25T12:31:03+00:00\",\"author\":{\"@id\":\"https:\\\/\\\/urbeamea.ro\\\/albaiulia\\\/#\\\/schema\\\/person\\\/9700d21fae21c4f038b0b56f4506264a\"},\"description\":\"P\u0103str\u00e2nd acela\u0219i mecanism de desf\u0103\u0219urare ca \u00een anii trecu\u021bi, Prim\u0103ria Alba Iulia anun\u021b\u0103 \u00eenceperea celei mai ample campanii de cur\u0103\u021benie de peste an.\",\"breadcrumb\":{\"@id\":\"https:\\\/\\\/urbeamea.ro\\\/albaiulia\\\/de-luni-incepe-curatenia-de-primavara-in-municipiul-alba-iulia\\\/#breadcrumb\"},\"inLanguage\":\"ro-RO\",\"potentialAction\":[{\"@type\":\"ReadAction\",\"target\":[\"https:\\\/\\\/urbeamea.ro\\\/albaiulia\\\/de-luni-incepe-curatenia-de-primavara-in-municipiul-alba-iulia\\\/\"]}]},{\"@type\":\"ImageObject\",\"inLanguage\":\"ro-RO\",\"@id\":\"https:\\\/\\\/urbeamea.ro\\\/albaiulia\\\/de-luni-incepe-curatenia-de-primavara-in-municipiul-alba-iulia\\\/#primaryimage\",\"url\":\"https:\\\/\\\/urbeamea.ro\\\/albaiulia\\\/wp-content\\\/uploads\\\/2016\\\/03\\\/curatenie-primavara.jpg\",\"contentUrl\":\"https:\\\/\\\/urbeamea.ro\\\/albaiulia\\\/wp-content\\\/uploads\\\/2016\\\/03\\\/curatenie-primavara.jpg\",\"width\":720,\"height\":479},{\"@type\":\"BreadcrumbList\",\"@id\":\"https:\\\/\\\/urbeamea.ro\\\/albaiulia\\\/de-luni-incepe-curatenia-de-primavara-in-municipiul-alba-iulia\\\/#breadcrumb\",\"itemListElement\":[{\"@type\":\"ListItem\",\"position\":1,\"name\":\"Prima pagin\u0103\",\"item\":\"https:\\\/\\\/urbeamea.ro\\\/albaiulia\\\/\"},{\"@type\":\"ListItem\",\"position\":2,\"name\":\"De luni \u00eencepe cur\u0103\u021benia de prim\u0103var\u0103 \u00een municipiul Alba Iulia\"}]},{\"@type\":\"WebSite\",\"@id\":\"https:\\\/\\\/urbeamea.ro\\\/albaiulia\\\/#website\",\"url\":\"https:\\\/\\\/urbeamea.ro\\\/albaiulia\\\/\",\"name\":\"Revista Urbea Mea, Stiri urbane\",\"description\":\"Evenimente \u0219i \u0219tiri din Alba Iulia, Sebe\u0219, Aiud, Blaj\",\"potentialAction\":[{\"@type\":\"SearchAction\",\"target\":{\"@type\":\"EntryPoint\",\"urlTemplate\":\"https:\\\/\\\/urbeamea.ro\\\/albaiulia\\\/?s={search_term_string}\"},\"query-input\":{\"@type\":\"PropertyValueSpecification\",\"valueRequired\":true,\"valueName\":\"search_term_string\"}}],\"inLanguage\":\"ro-RO\"},{\"@type\":\"Person\",\"@id\":\"https:\\\/\\\/urbeamea.ro\\\/albaiulia\\\/#\\\/schema\\\/person\\\/9700d21fae21c4f038b0b56f4506264a\",\"name\":\"Cristina Ganga\",\"image\":{\"@type\":\"ImageObject\",\"inLanguage\":\"ro-RO\",\"@id\":\"https:\\\/\\\/secure.gravatar.com\\\/avatar\\\/5a67661041f057b4a8ccaf26f5a8e86e2689372006d01faf3dd9eeb10b654bb4?s=96&d=mm&r=g\",\"url\":\"https:\\\/\\\/secure.gravatar.com\\\/avatar\\\/5a67661041f057b4a8ccaf26f5a8e86e2689372006d01faf3dd9eeb10b654bb4?s=96&d=mm&r=g\",\"contentUrl\":\"https:\\\/\\\/secure.gravatar.com\\\/avatar\\\/5a67661041f057b4a8ccaf26f5a8e86e2689372006d01faf3dd9eeb10b654bb4?s=96&d=mm&r=g\",\"caption\":\"Cristina Ganga\"},\"description\":\"Jurnalist\",\"sameAs\":[\"https:\\\/\\\/www.facebook.com\\\/cristina.nicola.587\"],\"url\":\"https:\\\/\\\/urbeamea.ro\\\/albaiulia\\\/author\\\/cristina-nicola\\\/\"}]}<\/script>\n<!-- \/ Yoast SEO plugin. -->","yoast_head_json":{"title":"De luni \u00eencepe cur\u0103\u021benia de prim\u0103var\u0103 \u00een municipiul Alba Iulia - Revista Urbea Mea - Revista de Alba","description":"P\u0103str\u00e2nd acela\u0219i mecanism de desf\u0103\u0219urare ca \u00een anii trecu\u021bi, Prim\u0103ria Alba Iulia anun\u021b\u0103 \u00eenceperea celei mai ample campanii de cur\u0103\u021benie de peste an.","robots":{"index":"index","follow":"follow","max-snippet":"max-snippet:-1","max-image-preview":"max-image-preview:large","max-video-preview":"max-video-preview:-1"},"canonical":"https:\/\/urbeamea.ro\/albaiulia\/de-luni-incepe-curatenia-de-primavara-in-municipiul-alba-iulia\/","twitter_card":"summary_large_image","twitter_title":"De luni \u00eencepe cur\u0103\u021benia de prim\u0103var\u0103 \u00een municipiul Alba Iulia - Revista Urbea Mea - Revista de Alba","twitter_description":"P\u0103str\u00e2nd acela\u0219i mecanism de desf\u0103\u0219urare ca \u00een anii trecu\u021bi, Prim\u0103ria Alba Iulia anun\u021b\u0103 \u00eenceperea celei mai ample campanii de cur\u0103\u021benie de peste an.","twitter_image":"https:\/\/urbeamea.ro\/albaiulia\/wp-content\/uploads\/2016\/03\/curatenie-primavara.jpg","twitter_creator":"@urbeameaweb","twitter_site":"@urbeameaweb","schema":{"@context":"https:\/\/schema.org","@graph":[{"@type":"Article","@id":"https:\/\/urbeamea.ro\/albaiulia\/de-luni-incepe-curatenia-de-primavara-in-municipiul-alba-iulia\/#article","isPartOf":{"@id":"https:\/\/urbeamea.ro\/albaiulia\/de-luni-incepe-curatenia-de-primavara-in-municipiul-alba-iulia\/"},"author":{"name":"Cristina Ganga","@id":"https:\/\/urbeamea.ro\/albaiulia\/#\/schema\/person\/9700d21fae21c4f038b0b56f4506264a"},"headline":"De luni \u00eencepe cur\u0103\u021benia de prim\u0103var\u0103 \u00een municipiul Alba Iulia","datePublished":"2016-03-25T12:31:03+00:00","mainEntityOfPage":{"@id":"https:\/\/urbeamea.ro\/albaiulia\/de-luni-incepe-curatenia-de-primavara-in-municipiul-alba-iulia\/"},"wordCount":389,"commentCount":0,"image":{"@id":"https:\/\/urbeamea.ro\/albaiulia\/de-luni-incepe-curatenia-de-primavara-in-municipiul-alba-iulia\/#primaryimage"},"thumbnailUrl":"https:\/\/urbeamea.ro\/albaiulia\/wp-content\/uploads\/2016\/03\/curatenie-primavara.jpg","keywords":["Alba Iulia","ampoi","barabant","cartiere","cetate","curatenie de primavara","micesti","mircea hava","paclisa","primar","primarie","stiri","toaletarea arborilor","tolstoi","Urbea Mea"],"articleSection":["Administra\u021bie"],"inLanguage":"ro-RO","potentialAction":[{"@type":"CommentAction","name":"Comment","target":["https:\/\/urbeamea.ro\/albaiulia\/de-luni-incepe-curatenia-de-primavara-in-municipiul-alba-iulia\/#respond"]}]},{"@type":"WebPage","@id":"https:\/\/urbeamea.ro\/albaiulia\/de-luni-incepe-curatenia-de-primavara-in-municipiul-alba-iulia\/","url":"https:\/\/urbeamea.ro\/albaiulia\/de-luni-incepe-curatenia-de-primavara-in-municipiul-alba-iulia\/","name":"De luni \u00eencepe cur\u0103\u021benia de prim\u0103var\u0103 \u00een municipiul Alba Iulia - Revista Urbea Mea - Revista de Alba","isPartOf":{"@id":"https:\/\/urbeamea.ro\/albaiulia\/#website"},"primaryImageOfPage":{"@id":"https:\/\/urbeamea.ro\/albaiulia\/de-luni-incepe-curatenia-de-primavara-in-municipiul-alba-iulia\/#primaryimage"},"image":{"@id":"https:\/\/urbeamea.ro\/albaiulia\/de-luni-incepe-curatenia-de-primavara-in-municipiul-alba-iulia\/#primaryimage"},"thumbnailUrl":"https:\/\/urbeamea.ro\/albaiulia\/wp-content\/uploads\/2016\/03\/curatenie-primavara.jpg","datePublished":"2016-03-25T12:31:03+00:00","author":{"@id":"https:\/\/urbeamea.ro\/albaiulia\/#\/schema\/person\/9700d21fae21c4f038b0b56f4506264a"},"description":"P\u0103str\u00e2nd acela\u0219i mecanism de desf\u0103\u0219urare ca \u00een anii trecu\u021bi, Prim\u0103ria Alba Iulia anun\u021b\u0103 \u00eenceperea celei mai ample campanii de cur\u0103\u021benie de peste an.","breadcrumb":{"@id":"https:\/\/urbeamea.ro\/albaiulia\/de-luni-incepe-curatenia-de-primavara-in-municipiul-alba-iulia\/#breadcrumb"},"inLanguage":"ro-RO","potentialAction":[{"@type":"ReadAction","target":["https:\/\/urbeamea.ro\/albaiulia\/de-luni-incepe-curatenia-de-primavara-in-municipiul-alba-iulia\/"]}]},{"@type":"ImageObject","inLanguage":"ro-RO","@id":"https:\/\/urbeamea.ro\/albaiulia\/de-luni-incepe-curatenia-de-primavara-in-municipiul-alba-iulia\/#primaryimage","url":"https:\/\/urbeamea.ro\/albaiulia\/wp-content\/uploads\/2016\/03\/curatenie-primavara.jpg","contentUrl":"https:\/\/urbeamea.ro\/albaiulia\/wp-content\/uploads\/2016\/03\/curatenie-primavara.jpg","width":720,"height":479},{"@type":"BreadcrumbList","@id":"https:\/\/urbeamea.ro\/albaiulia\/de-luni-incepe-curatenia-de-primavara-in-municipiul-alba-iulia\/#breadcrumb","itemListElement":[{"@type":"ListItem","position":1,"name":"Prima pagin\u0103","item":"https:\/\/urbeamea.ro\/albaiulia\/"},{"@type":"ListItem","position":2,"name":"De luni \u00eencepe cur\u0103\u021benia de prim\u0103var\u0103 \u00een municipiul Alba Iulia"}]},{"@type":"WebSite","@id":"https:\/\/urbeamea.ro\/albaiulia\/#website","url":"https:\/\/urbeamea.ro\/albaiulia\/","name":"Revista Urbea Mea, Stiri urbane","description":"Evenimente \u0219i \u0219tiri din Alba Iulia, Sebe\u0219, Aiud, Blaj","potentialAction":[{"@type":"SearchAction","target":{"@type":"EntryPoint","urlTemplate":"https:\/\/urbeamea.ro\/albaiulia\/?s={search_term_string}"},"query-input":{"@type":"PropertyValueSpecification","valueRequired":true,"valueName":"search_term_string"}}],"inLanguage":"ro-RO"},{"@type":"Person","@id":"https:\/\/urbeamea.ro\/albaiulia\/#\/schema\/person\/9700d21fae21c4f038b0b56f4506264a","name":"Cristina Ganga","image":{"@type":"ImageObject","inLanguage":"ro-RO","@id":"https:\/\/secure.gravatar.com\/avatar\/5a67661041f057b4a8ccaf26f5a8e86e2689372006d01faf3dd9eeb10b654bb4?s=96&d=mm&r=g","url":"https:\/\/secure.gravatar.com\/avatar\/5a67661041f057b4a8ccaf26f5a8e86e2689372006d01faf3dd9eeb10b654bb4?s=96&d=mm&r=g","contentUrl":"https:\/\/secure.gravatar.com\/avatar\/5a67661041f057b4a8ccaf26f5a8e86e2689372006d01faf3dd9eeb10b654bb4?s=96&d=mm&r=g","caption":"Cristina Ganga"},"description":"Jurnalist","sameAs":["https:\/\/www.facebook.com\/cristina.nicola.587"],"url":"https:\/\/urbeamea.ro\/albaiulia\/author\/cristina-nicola\/"}]}},"_links":{"self":[{"href":"https:\/\/urbeamea.ro\/albaiulia\/wp-json\/wp\/v2\/posts\/20654","targetHints":{"allow":["GET"]}}],"collection":[{"href":"https:\/\/urbeamea.ro\/albaiulia\/wp-json\/wp\/v2\/posts"}],"about":[{"href":"https:\/\/urbeamea.ro\/albaiulia\/wp-json\/wp\/v2\/types\/post"}],"author":[{"embeddable":true,"href":"https:\/\/urbeamea.ro\/albaiulia\/wp-json\/wp\/v2\/users\/17"}],"replies":[{"embeddable":true,"href":"https:\/\/urbeamea.ro\/albaiulia\/wp-json\/wp\/v2\/comments?post=20654"}],"version-history":[{"count":0,"href":"https:\/\/urbeamea.ro\/albaiulia\/wp-json\/wp\/v2\/posts\/20654\/revisions"}],"wp:featuredmedia":[{"embeddable":true,"href":"https:\/\/urbeamea.ro\/albaiulia\/wp-json\/wp\/v2\/media\/20656"}],"wp:attachment":[{"href":"https:\/\/urbeamea.ro\/albaiulia\/wp-json\/wp\/v2\/media?parent=20654"}],"wp:term":[{"taxonomy":"category","embeddable":true,"href":"https:\/\/urbeamea.ro\/albaiulia\/wp-json\/wp\/v2\/categories?post=20654"},{"taxonomy":"post_tag","embeddable":true,"href":"https:\/\/urbeamea.ro\/albaiulia\/wp-json\/wp\/v2\/tags?post=20654"}],"curies":[{"name":"wp","href":"https:\/\/api.w.org\/{rel}","templated":true}]}}