{"id":20883,"date":"2016-03-29T15:33:09","date_gmt":"2016-03-29T12:33:09","guid":{"rendered":"http:\/\/urbeamea.ro\/albaiulia\/?p=20883"},"modified":"2016-03-29T15:33:09","modified_gmt":"2016-03-29T12:33:09","slug":"imm-urile-din-romania-adoptate-de-ue-finantari-de-100-milioane-euro","status":"publish","type":"post","link":"https:\/\/urbeamea.ro\/albaiulia\/imm-urile-din-romania-adoptate-de-ue-finantari-de-100-milioane-euro\/","title":{"rendered":"IMM-urile din Rom\u00e2nia, adoptate de UE: Finan\u0163\u0103ri de 100 milioane euro"},"content":{"rendered":"<p><strong><img loading=\"lazy\" decoding=\"async\" class=\"size-medium wp-image-20884 alignleft\" src=\"http:\/\/urbeamea.ro\/albaiulia\/wp-content\/uploads\/2016\/03\/comisia-europeana-300x225.jpg\" alt=\"comisia-europeana\" width=\"300\" height=\"225\" \/>Comisia European\u0103 a adoptat mar\u0163i, 29 martie, Programul Opera\u021bional \u201dIni\u021biativa pentru IMM-uri\u201d 2014-2020, \u00een valoare de 100 de milioane de euro, pentru \u00eentreprinderile mici \u0219i mijlocii din Rom\u00e2nia. Valoarea investi\u021biei oferite prin Fondul European de Dezvoltare Regional\u0103 (FEDR), sub form\u0103 de garan\u021bii, este de a\u0219teptat s\u0103 creasc\u0103 de patru ori, p\u00e2n\u0103 la 400 de milioane de euro sau mai mult, datorit\u0103 efectului de p\u00e2rghie al investi\u021biilor private \u00een credite pentru IMM-uri.<\/strong><\/p>\n<p>Programul Rom\u00e2niei este al patrulea de acest gen pentru perioada 2014-2020, iar obiectivul \u201cIni\u0163iativei pentru IMM-uri\u201d este de a \u00eencuraja statele membre s\u0103 utilizeze ini\u021biativa comun\u0103 elaborat\u0103 de Comisie \u0219i Grupul B\u0103ncii Europene de Investi\u021bii (BEI) pentru a stimula accesul la finan\u021bare al \u00eentreprinderilor mici europene care se confrunt\u0103 cu constr\u00e2ngeri financiare, se arat\u0103 \u00eentr-un comunicat al Ministerului Dezvolt\u0103rii Regionale.<\/p>\n<p>\u201e\u00centr-o \u021bar\u0103 \u00een care IMM-urile reprezint\u0103 mai mult de 99% din num\u0103rul total de \u00eentreprinderi \u0219i care se confrunt\u0103 cu nevoi serioase de finan\u021bare extern\u0103, acest program sprijin\u0103 \u00eentreprinz\u0103torii tocmai pentru a avea acces la produsele de creditare \u00een condi\u021bii mai bune. De asemenea, aceast\u0103 ini\u021biativ\u0103 le va permite IMM-urilor s\u0103 fie mai inovatoare \u0219i competitive \u0219i s\u0103 se extind\u0103 pe pie\u021bele regionale, na\u021bionale \u0219i interna\u021bionale\u201d, sus\u0163ine comisarul european pentru politic\u0103 regional\u0103, Corina Cre\u0163u.<\/p>\n<p>Viceprim-ministrul \u0219i ministrul rom\u00e2n al Dezvolt\u0103rii Regionale \u0219i Administra\u021biei Publice, Vasile D\u00eencu, a ad\u0103ugat c\u0103 \u201cIni\u021biativa pentru IMM-uri reprezint\u0103 un instrument destinat s\u0103 stimuleze competitivitatea. Acest sprijin le va permite IMM-urilor s\u0103 reziste pe pia\u021b\u0103, s\u0103 dep\u0103\u0219easc\u0103 cu succes primele etape ale activit\u0103\u0163ii lor \u015fi le va ajuta apoi s\u0103 se dezvolte, pentru a putea concura pe pia\u0163a global\u0103. Totodat\u0103, prin partajarea riscurilor, Ini\u0163iativa pentru IMM-uri creeaz\u0103 un cadru din care au de c\u00e2\u015ftigat at\u00e2t \u00eentreprinz\u0103torii \u2013 \u00a0prin cereri de \u00eemprumuturi financiare -, c\u00e2t \u0219i intermediarii financiari \u2013 prin oferte de credite -, fiind creat astfel un mediu sigur pentru derularea afacerilor\u201d.<\/p>\n<p>O evaluare din 2013 a \u201cIni\u021biativei pentru IMM-uri\u201d a UE scoate \u00een eviden\u0163\u0103 rezultatele unui studio care men\u021bioneaz\u0103 dificult\u0103\u021bile \u00een ob\u021binerea de finan\u021bare extern\u0103 \u0219i estimarea valorii creditelor de care firmele ar avea nevoie, dar care nu pot fi ob\u021binute de la sistemul bancar. Acesta arat\u0103 c\u0103, pentru o mare parte a IMM-urilor din Rom\u00e2nia, accesul la finan\u021bare reprezint\u0103 cea mai mare preocupare a antreprenorilor, se arat\u0103 \u00een comunicat.<\/p>\n<p>O alt\u0103 evaluare recent\u0103 realizat\u0103 pentru Rom\u00e2nia estimeaz\u0103 deficitul de finan\u021bare extern\u0103 pentru IMM-uri la aproximativ 3,4 miliarde de euro p\u00e2n\u0103 \u00een 2020, acoperind nevoia de diferite tipuri de instrumente financiare (garan\u021bii, \u00eemprumuturi cu risc \u00eemp\u0103r\u021bit, micro-creditare, investi\u021bii de capital), potrivit sursei citate.<\/p>\n<p>Cele 100 de milioane de euro prev\u0103zute pentru programul \u201cIni\u021biativa pentru IMM-uri\u201d au fost realocate din Programul Opera\u021bional Regional 2014-2020, unde au fost ini\u021bial planificate pentru garan\u021bii. P\u0103str\u00e2nd acest obiectiv ini\u021bial, programul \u201cIni\u021biativa pentru IMM-uri\u201d va pune \u00een aplicare schema \u00eentr-un mod mai eficient, datorit\u0103 implic\u0103rii grupului BEI \u0219i a fondurilor programului \u201eOrizont 2020\u201d.<\/p>\n<p>\u00cen data de 6 august 2014, a fost \u00eencheiat Acordul de parteneriat \u00eentre Comisia European\u0103 \u015fi Rom\u00e2nia, care stabile\u0219te strategia pentru utilizarea optim\u0103 a Fondurilor structurale \u0219i de investi\u021bii europene pentru perioada 2014-2020 (IP-14-907). Rom\u00e2nia va primi 23 de miliarde de euro din totalul fondurilor politicii de coeziune din perioada 2014-2020<\/p>\n<p>Fondul European de Dezvoltare Regional\u0103 (FEDR) are ca scop consolidarea coeziunii economice \u0219i sociale \u00een Uniunea European\u0103, prin reducerea dezechilibrelor dintre regiunile sale. FEDR va investi mai mult de 197 de miliarde de euro \u00een regiunile din Europa pe parcursul perioadei 2014-2020.<\/p>\n","protected":false},"excerpt":{"rendered":"<p>Comisia European\u0103 a adoptat mar\u0163i, 29 martie, Programul Opera\u021bional \u201dIni\u021biativa pentru IMM-uri\u201d 2014-2020, \u00een valoare de 100 de milioane de euro, pentru \u00eentreprinderile mici \u0219i mijlocii din Rom\u00e2nia. Valoarea investi\u021biei oferite prin Fondul European de Dezvoltare Regional\u0103 (FEDR), sub form\u0103 de garan\u021bii, este de a\u0219teptat s\u0103 creasc\u0103 de patru ori, p\u00e2n\u0103 la 400 de milioane &hellip;<\/p>\n","protected":false},"author":17,"featured_media":20884,"comment_status":"open","ping_status":"open","sticky":false,"template":"","format":"standard","meta":{"inline_featured_image":false,"footnotes":""},"categories":[2034],"tags":[307,1469,4113,4111,868,4112,4114,4115,308,76],"class_list":["post-20883","post","type-post","status-publish","format-standard","has-post-thumbnail","hentry","category-social","tag-alba","tag-comisia-europeana","tag-finantari","tag-imm-uri","tag-intreprinderi","tag-investitie","tag-milioane-de-euro","tag-state-membre","tag-stiri","tag-urbea-mea"],"yoast_head":"<!-- This site is optimized with the Yoast SEO plugin v28.3 - https:\/\/yoast.com\/product\/yoast-seo-wordpress\/ -->\n<title>IMM-urile din Rom\u00e2nia, adoptate de UE: Finan\u0163\u0103ri de 100 milioane euro - Revista Urbea Mea - Revista de Alba<\/title>\n<meta name=\"description\" content=\"Comisia European\u0103 a adoptat mar\u0163i, 29 martie, Programul Opera\u021bional \u201dIni\u021biativa pentru IMM-uri\u201d 2014-2020, \u00een valoare de 100 de milioane de euro, pentru\" \/>\n<meta name=\"robots\" content=\"index, follow, max-snippet:-1, max-image-preview:large, max-video-preview:-1\" \/>\n<link rel=\"canonical\" href=\"https:\/\/urbeamea.ro\/albaiulia\/imm-urile-din-romania-adoptate-de-ue-finantari-de-100-milioane-euro\/\" \/>\n<meta name=\"twitter:card\" content=\"summary_large_image\" \/>\n<meta name=\"twitter:title\" content=\"IMM-urile din Rom\u00e2nia, adoptate de UE: Finan\u0163\u0103ri de 100 milioane euro - Revista Urbea Mea - Revista de Alba\" \/>\n<meta name=\"twitter:description\" content=\"Comisia European\u0103 a adoptat mar\u0163i, 29 martie, Programul Opera\u021bional \u201dIni\u021biativa pentru IMM-uri\u201d 2014-2020, \u00een valoare de 100 de milioane de euro, pentru\" \/>\n<meta name=\"twitter:image\" content=\"https:\/\/urbeamea.ro\/albaiulia\/wp-content\/uploads\/2016\/03\/comisia-europeana.jpg\" \/>\n<meta name=\"twitter:creator\" content=\"@urbeameaweb\" \/>\n<meta name=\"twitter:site\" content=\"@urbeameaweb\" \/>\n<script type=\"application\/ld+json\" class=\"yoast-schema-graph\">{\"@context\":\"https:\\\/\\\/schema.org\",\"@graph\":[{\"@type\":\"Article\",\"@id\":\"https:\\\/\\\/urbeamea.ro\\\/albaiulia\\\/imm-urile-din-romania-adoptate-de-ue-finantari-de-100-milioane-euro\\\/#article\",\"isPartOf\":{\"@id\":\"https:\\\/\\\/urbeamea.ro\\\/albaiulia\\\/imm-urile-din-romania-adoptate-de-ue-finantari-de-100-milioane-euro\\\/\"},\"author\":{\"name\":\"Cristina Ganga\",\"@id\":\"https:\\\/\\\/urbeamea.ro\\\/albaiulia\\\/#\\\/schema\\\/person\\\/9700d21fae21c4f038b0b56f4506264a\"},\"headline\":\"IMM-urile din Rom\u00e2nia, adoptate de UE: Finan\u0163\u0103ri de 100 milioane euro\",\"datePublished\":\"2016-03-29T12:33:09+00:00\",\"mainEntityOfPage\":{\"@id\":\"https:\\\/\\\/urbeamea.ro\\\/albaiulia\\\/imm-urile-din-romania-adoptate-de-ue-finantari-de-100-milioane-euro\\\/\"},\"wordCount\":635,\"commentCount\":0,\"image\":{\"@id\":\"https:\\\/\\\/urbeamea.ro\\\/albaiulia\\\/imm-urile-din-romania-adoptate-de-ue-finantari-de-100-milioane-euro\\\/#primaryimage\"},\"thumbnailUrl\":\"https:\\\/\\\/urbeamea.ro\\\/albaiulia\\\/wp-content\\\/uploads\\\/2016\\\/03\\\/comisia-europeana.jpg\",\"keywords\":[\"alba\",\"comisia europeana\",\"finantari\",\"IMM-uri\",\"intreprinderi\",\"investitie\",\"milioane de euro\",\"state membre\",\"stiri\",\"Urbea Mea\"],\"articleSection\":[\"Social\"],\"inLanguage\":\"ro-RO\",\"potentialAction\":[{\"@type\":\"CommentAction\",\"name\":\"Comment\",\"target\":[\"https:\\\/\\\/urbeamea.ro\\\/albaiulia\\\/imm-urile-din-romania-adoptate-de-ue-finantari-de-100-milioane-euro\\\/#respond\"]}]},{\"@type\":\"WebPage\",\"@id\":\"https:\\\/\\\/urbeamea.ro\\\/albaiulia\\\/imm-urile-din-romania-adoptate-de-ue-finantari-de-100-milioane-euro\\\/\",\"url\":\"https:\\\/\\\/urbeamea.ro\\\/albaiulia\\\/imm-urile-din-romania-adoptate-de-ue-finantari-de-100-milioane-euro\\\/\",\"name\":\"IMM-urile din Rom\u00e2nia, adoptate de UE: Finan\u0163\u0103ri de 100 milioane euro - Revista Urbea Mea - Revista de Alba\",\"isPartOf\":{\"@id\":\"https:\\\/\\\/urbeamea.ro\\\/albaiulia\\\/#website\"},\"primaryImageOfPage\":{\"@id\":\"https:\\\/\\\/urbeamea.ro\\\/albaiulia\\\/imm-urile-din-romania-adoptate-de-ue-finantari-de-100-milioane-euro\\\/#primaryimage\"},\"image\":{\"@id\":\"https:\\\/\\\/urbeamea.ro\\\/albaiulia\\\/imm-urile-din-romania-adoptate-de-ue-finantari-de-100-milioane-euro\\\/#primaryimage\"},\"thumbnailUrl\":\"https:\\\/\\\/urbeamea.ro\\\/albaiulia\\\/wp-content\\\/uploads\\\/2016\\\/03\\\/comisia-europeana.jpg\",\"datePublished\":\"2016-03-29T12:33:09+00:00\",\"author\":{\"@id\":\"https:\\\/\\\/urbeamea.ro\\\/albaiulia\\\/#\\\/schema\\\/person\\\/9700d21fae21c4f038b0b56f4506264a\"},\"description\":\"Comisia European\u0103 a adoptat mar\u0163i, 29 martie, Programul Opera\u021bional \u201dIni\u021biativa pentru IMM-uri\u201d 2014-2020, \u00een valoare de 100 de milioane de euro, pentru\",\"breadcrumb\":{\"@id\":\"https:\\\/\\\/urbeamea.ro\\\/albaiulia\\\/imm-urile-din-romania-adoptate-de-ue-finantari-de-100-milioane-euro\\\/#breadcrumb\"},\"inLanguage\":\"ro-RO\",\"potentialAction\":[{\"@type\":\"ReadAction\",\"target\":[\"https:\\\/\\\/urbeamea.ro\\\/albaiulia\\\/imm-urile-din-romania-adoptate-de-ue-finantari-de-100-milioane-euro\\\/\"]}]},{\"@type\":\"ImageObject\",\"inLanguage\":\"ro-RO\",\"@id\":\"https:\\\/\\\/urbeamea.ro\\\/albaiulia\\\/imm-urile-din-romania-adoptate-de-ue-finantari-de-100-milioane-euro\\\/#primaryimage\",\"url\":\"https:\\\/\\\/urbeamea.ro\\\/albaiulia\\\/wp-content\\\/uploads\\\/2016\\\/03\\\/comisia-europeana.jpg\",\"contentUrl\":\"https:\\\/\\\/urbeamea.ro\\\/albaiulia\\\/wp-content\\\/uploads\\\/2016\\\/03\\\/comisia-europeana.jpg\",\"width\":1024,\"height\":768},{\"@type\":\"BreadcrumbList\",\"@id\":\"https:\\\/\\\/urbeamea.ro\\\/albaiulia\\\/imm-urile-din-romania-adoptate-de-ue-finantari-de-100-milioane-euro\\\/#breadcrumb\",\"itemListElement\":[{\"@type\":\"ListItem\",\"position\":1,\"name\":\"Prima pagin\u0103\",\"item\":\"https:\\\/\\\/urbeamea.ro\\\/albaiulia\\\/\"},{\"@type\":\"ListItem\",\"position\":2,\"name\":\"IMM-urile din Rom\u00e2nia, adoptate de UE: Finan\u0163\u0103ri de 100 milioane euro\"}]},{\"@type\":\"WebSite\",\"@id\":\"https:\\\/\\\/urbeamea.ro\\\/albaiulia\\\/#website\",\"url\":\"https:\\\/\\\/urbeamea.ro\\\/albaiulia\\\/\",\"name\":\"Revista Urbea Mea, Stiri urbane\",\"description\":\"Evenimente \u0219i \u0219tiri din Alba Iulia, Sebe\u0219, Aiud, Blaj\",\"potentialAction\":[{\"@type\":\"SearchAction\",\"target\":{\"@type\":\"EntryPoint\",\"urlTemplate\":\"https:\\\/\\\/urbeamea.ro\\\/albaiulia\\\/?s={search_term_string}\"},\"query-input\":{\"@type\":\"PropertyValueSpecification\",\"valueRequired\":true,\"valueName\":\"search_term_string\"}}],\"inLanguage\":\"ro-RO\"},{\"@type\":\"Person\",\"@id\":\"https:\\\/\\\/urbeamea.ro\\\/albaiulia\\\/#\\\/schema\\\/person\\\/9700d21fae21c4f038b0b56f4506264a\",\"name\":\"Cristina Ganga\",\"image\":{\"@type\":\"ImageObject\",\"inLanguage\":\"ro-RO\",\"@id\":\"https:\\\/\\\/secure.gravatar.com\\\/avatar\\\/5a67661041f057b4a8ccaf26f5a8e86e2689372006d01faf3dd9eeb10b654bb4?s=96&d=mm&r=g\",\"url\":\"https:\\\/\\\/secure.gravatar.com\\\/avatar\\\/5a67661041f057b4a8ccaf26f5a8e86e2689372006d01faf3dd9eeb10b654bb4?s=96&d=mm&r=g\",\"contentUrl\":\"https:\\\/\\\/secure.gravatar.com\\\/avatar\\\/5a67661041f057b4a8ccaf26f5a8e86e2689372006d01faf3dd9eeb10b654bb4?s=96&d=mm&r=g\",\"caption\":\"Cristina Ganga\"},\"description\":\"Jurnalist\",\"sameAs\":[\"https:\\\/\\\/www.facebook.com\\\/cristina.nicola.587\"],\"url\":\"https:\\\/\\\/urbeamea.ro\\\/albaiulia\\\/author\\\/cristina-nicola\\\/\"}]}<\/script>\n<!-- \/ Yoast SEO plugin. -->","yoast_head_json":{"title":"IMM-urile din Rom\u00e2nia, adoptate de UE: Finan\u0163\u0103ri de 100 milioane euro - Revista Urbea Mea - Revista de Alba","description":"Comisia European\u0103 a adoptat mar\u0163i, 29 martie, Programul Opera\u021bional \u201dIni\u021biativa pentru IMM-uri\u201d 2014-2020, \u00een valoare de 100 de milioane de euro, pentru","robots":{"index":"index","follow":"follow","max-snippet":"max-snippet:-1","max-image-preview":"max-image-preview:large","max-video-preview":"max-video-preview:-1"},"canonical":"https:\/\/urbeamea.ro\/albaiulia\/imm-urile-din-romania-adoptate-de-ue-finantari-de-100-milioane-euro\/","twitter_card":"summary_large_image","twitter_title":"IMM-urile din Rom\u00e2nia, adoptate de UE: Finan\u0163\u0103ri de 100 milioane euro - Revista Urbea Mea - Revista de Alba","twitter_description":"Comisia European\u0103 a adoptat mar\u0163i, 29 martie, Programul Opera\u021bional \u201dIni\u021biativa pentru IMM-uri\u201d 2014-2020, \u00een valoare de 100 de milioane de euro, pentru","twitter_image":"https:\/\/urbeamea.ro\/albaiulia\/wp-content\/uploads\/2016\/03\/comisia-europeana.jpg","twitter_creator":"@urbeameaweb","twitter_site":"@urbeameaweb","schema":{"@context":"https:\/\/schema.org","@graph":[{"@type":"Article","@id":"https:\/\/urbeamea.ro\/albaiulia\/imm-urile-din-romania-adoptate-de-ue-finantari-de-100-milioane-euro\/#article","isPartOf":{"@id":"https:\/\/urbeamea.ro\/albaiulia\/imm-urile-din-romania-adoptate-de-ue-finantari-de-100-milioane-euro\/"},"author":{"name":"Cristina Ganga","@id":"https:\/\/urbeamea.ro\/albaiulia\/#\/schema\/person\/9700d21fae21c4f038b0b56f4506264a"},"headline":"IMM-urile din Rom\u00e2nia, adoptate de UE: Finan\u0163\u0103ri de 100 milioane euro","datePublished":"2016-03-29T12:33:09+00:00","mainEntityOfPage":{"@id":"https:\/\/urbeamea.ro\/albaiulia\/imm-urile-din-romania-adoptate-de-ue-finantari-de-100-milioane-euro\/"},"wordCount":635,"commentCount":0,"image":{"@id":"https:\/\/urbeamea.ro\/albaiulia\/imm-urile-din-romania-adoptate-de-ue-finantari-de-100-milioane-euro\/#primaryimage"},"thumbnailUrl":"https:\/\/urbeamea.ro\/albaiulia\/wp-content\/uploads\/2016\/03\/comisia-europeana.jpg","keywords":["alba","comisia europeana","finantari","IMM-uri","intreprinderi","investitie","milioane de euro","state membre","stiri","Urbea Mea"],"articleSection":["Social"],"inLanguage":"ro-RO","potentialAction":[{"@type":"CommentAction","name":"Comment","target":["https:\/\/urbeamea.ro\/albaiulia\/imm-urile-din-romania-adoptate-de-ue-finantari-de-100-milioane-euro\/#respond"]}]},{"@type":"WebPage","@id":"https:\/\/urbeamea.ro\/albaiulia\/imm-urile-din-romania-adoptate-de-ue-finantari-de-100-milioane-euro\/","url":"https:\/\/urbeamea.ro\/albaiulia\/imm-urile-din-romania-adoptate-de-ue-finantari-de-100-milioane-euro\/","name":"IMM-urile din Rom\u00e2nia, adoptate de UE: Finan\u0163\u0103ri de 100 milioane euro - Revista Urbea Mea - Revista de Alba","isPartOf":{"@id":"https:\/\/urbeamea.ro\/albaiulia\/#website"},"primaryImageOfPage":{"@id":"https:\/\/urbeamea.ro\/albaiulia\/imm-urile-din-romania-adoptate-de-ue-finantari-de-100-milioane-euro\/#primaryimage"},"image":{"@id":"https:\/\/urbeamea.ro\/albaiulia\/imm-urile-din-romania-adoptate-de-ue-finantari-de-100-milioane-euro\/#primaryimage"},"thumbnailUrl":"https:\/\/urbeamea.ro\/albaiulia\/wp-content\/uploads\/2016\/03\/comisia-europeana.jpg","datePublished":"2016-03-29T12:33:09+00:00","author":{"@id":"https:\/\/urbeamea.ro\/albaiulia\/#\/schema\/person\/9700d21fae21c4f038b0b56f4506264a"},"description":"Comisia European\u0103 a adoptat mar\u0163i, 29 martie, Programul Opera\u021bional \u201dIni\u021biativa pentru IMM-uri\u201d 2014-2020, \u00een valoare de 100 de milioane de euro, pentru","breadcrumb":{"@id":"https:\/\/urbeamea.ro\/albaiulia\/imm-urile-din-romania-adoptate-de-ue-finantari-de-100-milioane-euro\/#breadcrumb"},"inLanguage":"ro-RO","potentialAction":[{"@type":"ReadAction","target":["https:\/\/urbeamea.ro\/albaiulia\/imm-urile-din-romania-adoptate-de-ue-finantari-de-100-milioane-euro\/"]}]},{"@type":"ImageObject","inLanguage":"ro-RO","@id":"https:\/\/urbeamea.ro\/albaiulia\/imm-urile-din-romania-adoptate-de-ue-finantari-de-100-milioane-euro\/#primaryimage","url":"https:\/\/urbeamea.ro\/albaiulia\/wp-content\/uploads\/2016\/03\/comisia-europeana.jpg","contentUrl":"https:\/\/urbeamea.ro\/albaiulia\/wp-content\/uploads\/2016\/03\/comisia-europeana.jpg","width":1024,"height":768},{"@type":"BreadcrumbList","@id":"https:\/\/urbeamea.ro\/albaiulia\/imm-urile-din-romania-adoptate-de-ue-finantari-de-100-milioane-euro\/#breadcrumb","itemListElement":[{"@type":"ListItem","position":1,"name":"Prima pagin\u0103","item":"https:\/\/urbeamea.ro\/albaiulia\/"},{"@type":"ListItem","position":2,"name":"IMM-urile din Rom\u00e2nia, adoptate de UE: Finan\u0163\u0103ri de 100 milioane euro"}]},{"@type":"WebSite","@id":"https:\/\/urbeamea.ro\/albaiulia\/#website","url":"https:\/\/urbeamea.ro\/albaiulia\/","name":"Revista Urbea Mea, Stiri urbane","description":"Evenimente \u0219i \u0219tiri din Alba Iulia, Sebe\u0219, Aiud, Blaj","potentialAction":[{"@type":"SearchAction","target":{"@type":"EntryPoint","urlTemplate":"https:\/\/urbeamea.ro\/albaiulia\/?s={search_term_string}"},"query-input":{"@type":"PropertyValueSpecification","valueRequired":true,"valueName":"search_term_string"}}],"inLanguage":"ro-RO"},{"@type":"Person","@id":"https:\/\/urbeamea.ro\/albaiulia\/#\/schema\/person\/9700d21fae21c4f038b0b56f4506264a","name":"Cristina Ganga","image":{"@type":"ImageObject","inLanguage":"ro-RO","@id":"https:\/\/secure.gravatar.com\/avatar\/5a67661041f057b4a8ccaf26f5a8e86e2689372006d01faf3dd9eeb10b654bb4?s=96&d=mm&r=g","url":"https:\/\/secure.gravatar.com\/avatar\/5a67661041f057b4a8ccaf26f5a8e86e2689372006d01faf3dd9eeb10b654bb4?s=96&d=mm&r=g","contentUrl":"https:\/\/secure.gravatar.com\/avatar\/5a67661041f057b4a8ccaf26f5a8e86e2689372006d01faf3dd9eeb10b654bb4?s=96&d=mm&r=g","caption":"Cristina Ganga"},"description":"Jurnalist","sameAs":["https:\/\/www.facebook.com\/cristina.nicola.587"],"url":"https:\/\/urbeamea.ro\/albaiulia\/author\/cristina-nicola\/"}]}},"_links":{"self":[{"href":"https:\/\/urbeamea.ro\/albaiulia\/wp-json\/wp\/v2\/posts\/20883","targetHints":{"allow":["GET"]}}],"collection":[{"href":"https:\/\/urbeamea.ro\/albaiulia\/wp-json\/wp\/v2\/posts"}],"about":[{"href":"https:\/\/urbeamea.ro\/albaiulia\/wp-json\/wp\/v2\/types\/post"}],"author":[{"embeddable":true,"href":"https:\/\/urbeamea.ro\/albaiulia\/wp-json\/wp\/v2\/users\/17"}],"replies":[{"embeddable":true,"href":"https:\/\/urbeamea.ro\/albaiulia\/wp-json\/wp\/v2\/comments?post=20883"}],"version-history":[{"count":0,"href":"https:\/\/urbeamea.ro\/albaiulia\/wp-json\/wp\/v2\/posts\/20883\/revisions"}],"wp:featuredmedia":[{"embeddable":true,"href":"https:\/\/urbeamea.ro\/albaiulia\/wp-json\/wp\/v2\/media\/20884"}],"wp:attachment":[{"href":"https:\/\/urbeamea.ro\/albaiulia\/wp-json\/wp\/v2\/media?parent=20883"}],"wp:term":[{"taxonomy":"category","embeddable":true,"href":"https:\/\/urbeamea.ro\/albaiulia\/wp-json\/wp\/v2\/categories?post=20883"},{"taxonomy":"post_tag","embeddable":true,"href":"https:\/\/urbeamea.ro\/albaiulia\/wp-json\/wp\/v2\/tags?post=20883"}],"curies":[{"name":"wp","href":"https:\/\/api.w.org\/{rel}","templated":true}]}}