{"id":20976,"date":"2016-04-01T14:09:16","date_gmt":"2016-04-01T11:09:16","guid":{"rendered":"http:\/\/urbeamea.ro\/albaiulia\/?p=20976"},"modified":"2016-04-01T14:09:16","modified_gmt":"2016-04-01T11:09:16","slug":"actiune-a-ipj-alba-peste-200-de-soferi-amendati-pentru-infractiuni-rutiere","status":"publish","type":"post","link":"https:\/\/urbeamea.ro\/albaiulia\/actiune-a-ipj-alba-peste-200-de-soferi-amendati-pentru-infractiuni-rutiere\/","title":{"rendered":"Ac\u021biune a IPJ Alba: Peste 200 de \u0219oferi amenda\u021bi pentru infrac\u021biuni rutiere"},"content":{"rendered":"<p><strong><img loading=\"lazy\" decoding=\"async\" class=\"size-medium wp-image-19634 alignleft\" src=\"http:\/\/urbeamea.ro\/albaiulia\/wp-content\/uploads\/2016\/03\/politie_trafic-300x200.jpg\" alt=\"politie_trafic\" width=\"300\" height=\"200\" \/>Miercuri \u0219i joi, poli\u0163i\u015ftii din Alba Iulia au ac\u0163ionat \u00een municipiu \u015fi \u00een localit\u0103\u0163ile limitrofe acestuia, pentru cre\u015fterea gradului de siguran\u0163\u0103 rutier\u0103 \u015fi pentru asigurarea traficului fluent. Peste 200 de \u015foferi au fost amenda\u021bi, pentru \u00eenc\u0103lc\u0103ri ale normelor privind circula\u0163ia pe drumurile publice.\u00a0Valoarea total\u0103 a amenzilor aplicate a fost de 34.575 lei.<\/strong><\/p>\n<p>\u00cen perioada 30-31 martie, poli\u0163i\u015ftii Biroului Rutier Alba Iulia, sprijini\u0163i de poli\u0163i\u015ftii Sec\u0163iei 1 Poli\u0163ie Rural\u0103 Galda de Jos au organizat, pe raza municipiului Alba Iulia \u015fi a comunelor arondate Sec\u0163iei 1 Poli\u0163ie Rural\u0103 Galda de Jos, ac\u0163iuni ce au avut drept scop prevenirea accidentelor rutiere \u015fi depistarea \u015fi sanc\u0163ionarea conduc\u0103torilor auto care nu respect\u0103 regulile privind circula\u0163ia pe drumurile publice.<\/p>\n<p>\u00cen cele dou\u0103 zile de ac\u0163iune au fost aplicate 211 sanc\u0163iuni contraven\u0163ionale, cele mai multe (54) pentru dep\u0103\u015firea limitei legale de vitez\u0103.<\/p>\n<p>Un conduc\u0103tor auto a fost depistat \u00een timp ce conducea un autoturism, cu o vitez\u0103 ce dep\u0103\u015fea cu 50 de km\/h limita maxim\u0103 admis\u0103, iar fa\u0163\u0103 de acesta, complementar sanc\u0163iunii contraven\u0163ionale aplicate, a fost luat\u0103 m\u0103sura suspend\u0103rii permisului de conducere pentru o perioad\u0103 de 90 de zile.<\/p>\n<p>Unui alt conduc\u0103tor auto i-a fost suspendat permisul de conducere, pentru c\u0103 nu a acordat prioritate de trecere unui pieton.<\/p>\n<p>Totodat\u0103, \u00een municipiul Alba Iulia, au fost depista\u0163i \u015fi sanc\u0163iona\u0163i contraven\u021bional, 34 de conduc\u0103tori auto care nu au respectat regulile privind oprirea \u015fi sta\u0163ionarea.<\/p>\n","protected":false},"excerpt":{"rendered":"<p>Miercuri \u0219i joi, poli\u0163i\u015ftii din Alba Iulia au ac\u0163ionat \u00een municipiu \u015fi \u00een localit\u0103\u0163ile limitrofe acestuia, pentru cre\u015fterea gradului de siguran\u0163\u0103 rutier\u0103 \u015fi pentru asigurarea traficului fluent. Peste 200 de \u015foferi au fost amenda\u021bi, pentru \u00eenc\u0103lc\u0103ri ale normelor privind circula\u0163ia pe drumurile publice.\u00a0Valoarea total\u0103 a amenzilor aplicate a fost de 34.575 lei. \u00cen perioada 30-31 &hellip;<\/p>\n","protected":false},"author":17,"featured_media":19634,"comment_status":"open","ping_status":"open","sticky":false,"template":"","format":"standard","meta":{"inline_featured_image":false,"footnotes":""},"categories":[2034],"tags":[666,307,2292,1116,2540,439,1115,308,4202,76],"class_list":["post-20976","post","type-post","status-publish","format-standard","has-post-thumbnail","hentry","category-social","tag-actiune","tag-alba","tag-amenzi","tag-drumuri-publice","tag-permise-de-conducere","tag-politie","tag-soferi","tag-stiri","tag-trafic-fluent","tag-urbea-mea"],"yoast_head":"<!-- This site is optimized with the Yoast SEO plugin v28.3 - https:\/\/yoast.com\/product\/yoast-seo-wordpress\/ -->\n<title>Ac\u021biune a IPJ Alba: Peste 200 de \u0219oferi amenda\u021bi pentru infrac\u021biuni rutiere - Revista Urbea Mea - Revista de Alba<\/title>\n<meta name=\"description\" content=\"Miercuri \u0219i joi, poli\u0163i\u015ftii din Alba Iulia au ac\u0163ionat \u00een municipiu \u015fi \u00een localit\u0103\u0163ile limitrofe acestuia, pentru cre\u015fterea gradului de siguran\u0163\u0103 rutier\u0103\" \/>\n<meta name=\"robots\" content=\"index, follow, max-snippet:-1, max-image-preview:large, max-video-preview:-1\" \/>\n<link rel=\"canonical\" href=\"https:\/\/urbeamea.ro\/albaiulia\/actiune-a-ipj-alba-peste-200-de-soferi-amendati-pentru-infractiuni-rutiere\/\" \/>\n<meta name=\"twitter:card\" content=\"summary_large_image\" \/>\n<meta name=\"twitter:title\" content=\"Ac\u021biune a IPJ Alba: Peste 200 de \u0219oferi amenda\u021bi pentru infrac\u021biuni rutiere - Revista Urbea Mea - Revista de Alba\" \/>\n<meta name=\"twitter:description\" content=\"Miercuri \u0219i joi, poli\u0163i\u015ftii din Alba Iulia au ac\u0163ionat \u00een municipiu \u015fi \u00een localit\u0103\u0163ile limitrofe acestuia, pentru cre\u015fterea gradului de siguran\u0163\u0103 rutier\u0103\" \/>\n<meta name=\"twitter:image\" content=\"https:\/\/urbeamea.ro\/albaiulia\/wp-content\/uploads\/2016\/03\/politie_trafic.jpg\" \/>\n<meta name=\"twitter:creator\" content=\"@urbeameaweb\" \/>\n<meta name=\"twitter:site\" content=\"@urbeameaweb\" \/>\n<script type=\"application\/ld+json\" class=\"yoast-schema-graph\">{\"@context\":\"https:\\\/\\\/schema.org\",\"@graph\":[{\"@type\":\"Article\",\"@id\":\"https:\\\/\\\/urbeamea.ro\\\/albaiulia\\\/actiune-a-ipj-alba-peste-200-de-soferi-amendati-pentru-infractiuni-rutiere\\\/#article\",\"isPartOf\":{\"@id\":\"https:\\\/\\\/urbeamea.ro\\\/albaiulia\\\/actiune-a-ipj-alba-peste-200-de-soferi-amendati-pentru-infractiuni-rutiere\\\/\"},\"author\":{\"name\":\"Cristina Ganga\",\"@id\":\"https:\\\/\\\/urbeamea.ro\\\/albaiulia\\\/#\\\/schema\\\/person\\\/9700d21fae21c4f038b0b56f4506264a\"},\"headline\":\"Ac\u021biune a IPJ Alba: Peste 200 de \u0219oferi amenda\u021bi pentru infrac\u021biuni rutiere\",\"datePublished\":\"2016-04-01T11:09:16+00:00\",\"mainEntityOfPage\":{\"@id\":\"https:\\\/\\\/urbeamea.ro\\\/albaiulia\\\/actiune-a-ipj-alba-peste-200-de-soferi-amendati-pentru-infractiuni-rutiere\\\/\"},\"wordCount\":272,\"commentCount\":0,\"image\":{\"@id\":\"https:\\\/\\\/urbeamea.ro\\\/albaiulia\\\/actiune-a-ipj-alba-peste-200-de-soferi-amendati-pentru-infractiuni-rutiere\\\/#primaryimage\"},\"thumbnailUrl\":\"https:\\\/\\\/urbeamea.ro\\\/albaiulia\\\/wp-content\\\/uploads\\\/2016\\\/03\\\/politie_trafic.jpg\",\"keywords\":[\"actiune\",\"alba\",\"amenzi\",\"drumuri publice\",\"permise de conducere\",\"politie\",\"soferi\",\"stiri\",\"trafic fluent\",\"Urbea Mea\"],\"articleSection\":[\"Social\"],\"inLanguage\":\"ro-RO\",\"potentialAction\":[{\"@type\":\"CommentAction\",\"name\":\"Comment\",\"target\":[\"https:\\\/\\\/urbeamea.ro\\\/albaiulia\\\/actiune-a-ipj-alba-peste-200-de-soferi-amendati-pentru-infractiuni-rutiere\\\/#respond\"]}]},{\"@type\":\"WebPage\",\"@id\":\"https:\\\/\\\/urbeamea.ro\\\/albaiulia\\\/actiune-a-ipj-alba-peste-200-de-soferi-amendati-pentru-infractiuni-rutiere\\\/\",\"url\":\"https:\\\/\\\/urbeamea.ro\\\/albaiulia\\\/actiune-a-ipj-alba-peste-200-de-soferi-amendati-pentru-infractiuni-rutiere\\\/\",\"name\":\"Ac\u021biune a IPJ Alba: Peste 200 de \u0219oferi amenda\u021bi pentru infrac\u021biuni rutiere - Revista Urbea Mea - Revista de Alba\",\"isPartOf\":{\"@id\":\"https:\\\/\\\/urbeamea.ro\\\/albaiulia\\\/#website\"},\"primaryImageOfPage\":{\"@id\":\"https:\\\/\\\/urbeamea.ro\\\/albaiulia\\\/actiune-a-ipj-alba-peste-200-de-soferi-amendati-pentru-infractiuni-rutiere\\\/#primaryimage\"},\"image\":{\"@id\":\"https:\\\/\\\/urbeamea.ro\\\/albaiulia\\\/actiune-a-ipj-alba-peste-200-de-soferi-amendati-pentru-infractiuni-rutiere\\\/#primaryimage\"},\"thumbnailUrl\":\"https:\\\/\\\/urbeamea.ro\\\/albaiulia\\\/wp-content\\\/uploads\\\/2016\\\/03\\\/politie_trafic.jpg\",\"datePublished\":\"2016-04-01T11:09:16+00:00\",\"author\":{\"@id\":\"https:\\\/\\\/urbeamea.ro\\\/albaiulia\\\/#\\\/schema\\\/person\\\/9700d21fae21c4f038b0b56f4506264a\"},\"description\":\"Miercuri \u0219i joi, poli\u0163i\u015ftii din Alba Iulia au ac\u0163ionat \u00een municipiu \u015fi \u00een localit\u0103\u0163ile limitrofe acestuia, pentru cre\u015fterea gradului de siguran\u0163\u0103 rutier\u0103\",\"breadcrumb\":{\"@id\":\"https:\\\/\\\/urbeamea.ro\\\/albaiulia\\\/actiune-a-ipj-alba-peste-200-de-soferi-amendati-pentru-infractiuni-rutiere\\\/#breadcrumb\"},\"inLanguage\":\"ro-RO\",\"potentialAction\":[{\"@type\":\"ReadAction\",\"target\":[\"https:\\\/\\\/urbeamea.ro\\\/albaiulia\\\/actiune-a-ipj-alba-peste-200-de-soferi-amendati-pentru-infractiuni-rutiere\\\/\"]}]},{\"@type\":\"ImageObject\",\"inLanguage\":\"ro-RO\",\"@id\":\"https:\\\/\\\/urbeamea.ro\\\/albaiulia\\\/actiune-a-ipj-alba-peste-200-de-soferi-amendati-pentru-infractiuni-rutiere\\\/#primaryimage\",\"url\":\"https:\\\/\\\/urbeamea.ro\\\/albaiulia\\\/wp-content\\\/uploads\\\/2016\\\/03\\\/politie_trafic.jpg\",\"contentUrl\":\"https:\\\/\\\/urbeamea.ro\\\/albaiulia\\\/wp-content\\\/uploads\\\/2016\\\/03\\\/politie_trafic.jpg\",\"width\":1024,\"height\":682},{\"@type\":\"BreadcrumbList\",\"@id\":\"https:\\\/\\\/urbeamea.ro\\\/albaiulia\\\/actiune-a-ipj-alba-peste-200-de-soferi-amendati-pentru-infractiuni-rutiere\\\/#breadcrumb\",\"itemListElement\":[{\"@type\":\"ListItem\",\"position\":1,\"name\":\"Prima pagin\u0103\",\"item\":\"https:\\\/\\\/urbeamea.ro\\\/albaiulia\\\/\"},{\"@type\":\"ListItem\",\"position\":2,\"name\":\"Ac\u021biune a IPJ Alba: Peste 200 de \u0219oferi amenda\u021bi pentru infrac\u021biuni rutiere\"}]},{\"@type\":\"WebSite\",\"@id\":\"https:\\\/\\\/urbeamea.ro\\\/albaiulia\\\/#website\",\"url\":\"https:\\\/\\\/urbeamea.ro\\\/albaiulia\\\/\",\"name\":\"Revista Urbea Mea, Stiri urbane\",\"description\":\"Evenimente \u0219i \u0219tiri din Alba Iulia, Sebe\u0219, Aiud, Blaj\",\"potentialAction\":[{\"@type\":\"SearchAction\",\"target\":{\"@type\":\"EntryPoint\",\"urlTemplate\":\"https:\\\/\\\/urbeamea.ro\\\/albaiulia\\\/?s={search_term_string}\"},\"query-input\":{\"@type\":\"PropertyValueSpecification\",\"valueRequired\":true,\"valueName\":\"search_term_string\"}}],\"inLanguage\":\"ro-RO\"},{\"@type\":\"Person\",\"@id\":\"https:\\\/\\\/urbeamea.ro\\\/albaiulia\\\/#\\\/schema\\\/person\\\/9700d21fae21c4f038b0b56f4506264a\",\"name\":\"Cristina Ganga\",\"image\":{\"@type\":\"ImageObject\",\"inLanguage\":\"ro-RO\",\"@id\":\"https:\\\/\\\/secure.gravatar.com\\\/avatar\\\/5a67661041f057b4a8ccaf26f5a8e86e2689372006d01faf3dd9eeb10b654bb4?s=96&d=mm&r=g\",\"url\":\"https:\\\/\\\/secure.gravatar.com\\\/avatar\\\/5a67661041f057b4a8ccaf26f5a8e86e2689372006d01faf3dd9eeb10b654bb4?s=96&d=mm&r=g\",\"contentUrl\":\"https:\\\/\\\/secure.gravatar.com\\\/avatar\\\/5a67661041f057b4a8ccaf26f5a8e86e2689372006d01faf3dd9eeb10b654bb4?s=96&d=mm&r=g\",\"caption\":\"Cristina Ganga\"},\"description\":\"Jurnalist\",\"sameAs\":[\"https:\\\/\\\/www.facebook.com\\\/cristina.nicola.587\"],\"url\":\"https:\\\/\\\/urbeamea.ro\\\/albaiulia\\\/author\\\/cristina-nicola\\\/\"}]}<\/script>\n<!-- \/ Yoast SEO plugin. -->","yoast_head_json":{"title":"Ac\u021biune a IPJ Alba: Peste 200 de \u0219oferi amenda\u021bi pentru infrac\u021biuni rutiere - Revista Urbea Mea - Revista de Alba","description":"Miercuri \u0219i joi, poli\u0163i\u015ftii din Alba Iulia au ac\u0163ionat \u00een municipiu \u015fi \u00een localit\u0103\u0163ile limitrofe acestuia, pentru cre\u015fterea gradului de siguran\u0163\u0103 rutier\u0103","robots":{"index":"index","follow":"follow","max-snippet":"max-snippet:-1","max-image-preview":"max-image-preview:large","max-video-preview":"max-video-preview:-1"},"canonical":"https:\/\/urbeamea.ro\/albaiulia\/actiune-a-ipj-alba-peste-200-de-soferi-amendati-pentru-infractiuni-rutiere\/","twitter_card":"summary_large_image","twitter_title":"Ac\u021biune a IPJ Alba: Peste 200 de \u0219oferi amenda\u021bi pentru infrac\u021biuni rutiere - Revista Urbea Mea - Revista de Alba","twitter_description":"Miercuri \u0219i joi, poli\u0163i\u015ftii din Alba Iulia au ac\u0163ionat \u00een municipiu \u015fi \u00een localit\u0103\u0163ile limitrofe acestuia, pentru cre\u015fterea gradului de siguran\u0163\u0103 rutier\u0103","twitter_image":"https:\/\/urbeamea.ro\/albaiulia\/wp-content\/uploads\/2016\/03\/politie_trafic.jpg","twitter_creator":"@urbeameaweb","twitter_site":"@urbeameaweb","schema":{"@context":"https:\/\/schema.org","@graph":[{"@type":"Article","@id":"https:\/\/urbeamea.ro\/albaiulia\/actiune-a-ipj-alba-peste-200-de-soferi-amendati-pentru-infractiuni-rutiere\/#article","isPartOf":{"@id":"https:\/\/urbeamea.ro\/albaiulia\/actiune-a-ipj-alba-peste-200-de-soferi-amendati-pentru-infractiuni-rutiere\/"},"author":{"name":"Cristina Ganga","@id":"https:\/\/urbeamea.ro\/albaiulia\/#\/schema\/person\/9700d21fae21c4f038b0b56f4506264a"},"headline":"Ac\u021biune a IPJ Alba: Peste 200 de \u0219oferi amenda\u021bi pentru infrac\u021biuni rutiere","datePublished":"2016-04-01T11:09:16+00:00","mainEntityOfPage":{"@id":"https:\/\/urbeamea.ro\/albaiulia\/actiune-a-ipj-alba-peste-200-de-soferi-amendati-pentru-infractiuni-rutiere\/"},"wordCount":272,"commentCount":0,"image":{"@id":"https:\/\/urbeamea.ro\/albaiulia\/actiune-a-ipj-alba-peste-200-de-soferi-amendati-pentru-infractiuni-rutiere\/#primaryimage"},"thumbnailUrl":"https:\/\/urbeamea.ro\/albaiulia\/wp-content\/uploads\/2016\/03\/politie_trafic.jpg","keywords":["actiune","alba","amenzi","drumuri publice","permise de conducere","politie","soferi","stiri","trafic fluent","Urbea Mea"],"articleSection":["Social"],"inLanguage":"ro-RO","potentialAction":[{"@type":"CommentAction","name":"Comment","target":["https:\/\/urbeamea.ro\/albaiulia\/actiune-a-ipj-alba-peste-200-de-soferi-amendati-pentru-infractiuni-rutiere\/#respond"]}]},{"@type":"WebPage","@id":"https:\/\/urbeamea.ro\/albaiulia\/actiune-a-ipj-alba-peste-200-de-soferi-amendati-pentru-infractiuni-rutiere\/","url":"https:\/\/urbeamea.ro\/albaiulia\/actiune-a-ipj-alba-peste-200-de-soferi-amendati-pentru-infractiuni-rutiere\/","name":"Ac\u021biune a IPJ Alba: Peste 200 de \u0219oferi amenda\u021bi pentru infrac\u021biuni rutiere - Revista Urbea Mea - Revista de Alba","isPartOf":{"@id":"https:\/\/urbeamea.ro\/albaiulia\/#website"},"primaryImageOfPage":{"@id":"https:\/\/urbeamea.ro\/albaiulia\/actiune-a-ipj-alba-peste-200-de-soferi-amendati-pentru-infractiuni-rutiere\/#primaryimage"},"image":{"@id":"https:\/\/urbeamea.ro\/albaiulia\/actiune-a-ipj-alba-peste-200-de-soferi-amendati-pentru-infractiuni-rutiere\/#primaryimage"},"thumbnailUrl":"https:\/\/urbeamea.ro\/albaiulia\/wp-content\/uploads\/2016\/03\/politie_trafic.jpg","datePublished":"2016-04-01T11:09:16+00:00","author":{"@id":"https:\/\/urbeamea.ro\/albaiulia\/#\/schema\/person\/9700d21fae21c4f038b0b56f4506264a"},"description":"Miercuri \u0219i joi, poli\u0163i\u015ftii din Alba Iulia au ac\u0163ionat \u00een municipiu \u015fi \u00een localit\u0103\u0163ile limitrofe acestuia, pentru cre\u015fterea gradului de siguran\u0163\u0103 rutier\u0103","breadcrumb":{"@id":"https:\/\/urbeamea.ro\/albaiulia\/actiune-a-ipj-alba-peste-200-de-soferi-amendati-pentru-infractiuni-rutiere\/#breadcrumb"},"inLanguage":"ro-RO","potentialAction":[{"@type":"ReadAction","target":["https:\/\/urbeamea.ro\/albaiulia\/actiune-a-ipj-alba-peste-200-de-soferi-amendati-pentru-infractiuni-rutiere\/"]}]},{"@type":"ImageObject","inLanguage":"ro-RO","@id":"https:\/\/urbeamea.ro\/albaiulia\/actiune-a-ipj-alba-peste-200-de-soferi-amendati-pentru-infractiuni-rutiere\/#primaryimage","url":"https:\/\/urbeamea.ro\/albaiulia\/wp-content\/uploads\/2016\/03\/politie_trafic.jpg","contentUrl":"https:\/\/urbeamea.ro\/albaiulia\/wp-content\/uploads\/2016\/03\/politie_trafic.jpg","width":1024,"height":682},{"@type":"BreadcrumbList","@id":"https:\/\/urbeamea.ro\/albaiulia\/actiune-a-ipj-alba-peste-200-de-soferi-amendati-pentru-infractiuni-rutiere\/#breadcrumb","itemListElement":[{"@type":"ListItem","position":1,"name":"Prima pagin\u0103","item":"https:\/\/urbeamea.ro\/albaiulia\/"},{"@type":"ListItem","position":2,"name":"Ac\u021biune a IPJ Alba: Peste 200 de \u0219oferi amenda\u021bi pentru infrac\u021biuni rutiere"}]},{"@type":"WebSite","@id":"https:\/\/urbeamea.ro\/albaiulia\/#website","url":"https:\/\/urbeamea.ro\/albaiulia\/","name":"Revista Urbea Mea, Stiri urbane","description":"Evenimente \u0219i \u0219tiri din Alba Iulia, Sebe\u0219, Aiud, Blaj","potentialAction":[{"@type":"SearchAction","target":{"@type":"EntryPoint","urlTemplate":"https:\/\/urbeamea.ro\/albaiulia\/?s={search_term_string}"},"query-input":{"@type":"PropertyValueSpecification","valueRequired":true,"valueName":"search_term_string"}}],"inLanguage":"ro-RO"},{"@type":"Person","@id":"https:\/\/urbeamea.ro\/albaiulia\/#\/schema\/person\/9700d21fae21c4f038b0b56f4506264a","name":"Cristina Ganga","image":{"@type":"ImageObject","inLanguage":"ro-RO","@id":"https:\/\/secure.gravatar.com\/avatar\/5a67661041f057b4a8ccaf26f5a8e86e2689372006d01faf3dd9eeb10b654bb4?s=96&d=mm&r=g","url":"https:\/\/secure.gravatar.com\/avatar\/5a67661041f057b4a8ccaf26f5a8e86e2689372006d01faf3dd9eeb10b654bb4?s=96&d=mm&r=g","contentUrl":"https:\/\/secure.gravatar.com\/avatar\/5a67661041f057b4a8ccaf26f5a8e86e2689372006d01faf3dd9eeb10b654bb4?s=96&d=mm&r=g","caption":"Cristina Ganga"},"description":"Jurnalist","sameAs":["https:\/\/www.facebook.com\/cristina.nicola.587"],"url":"https:\/\/urbeamea.ro\/albaiulia\/author\/cristina-nicola\/"}]}},"_links":{"self":[{"href":"https:\/\/urbeamea.ro\/albaiulia\/wp-json\/wp\/v2\/posts\/20976","targetHints":{"allow":["GET"]}}],"collection":[{"href":"https:\/\/urbeamea.ro\/albaiulia\/wp-json\/wp\/v2\/posts"}],"about":[{"href":"https:\/\/urbeamea.ro\/albaiulia\/wp-json\/wp\/v2\/types\/post"}],"author":[{"embeddable":true,"href":"https:\/\/urbeamea.ro\/albaiulia\/wp-json\/wp\/v2\/users\/17"}],"replies":[{"embeddable":true,"href":"https:\/\/urbeamea.ro\/albaiulia\/wp-json\/wp\/v2\/comments?post=20976"}],"version-history":[{"count":0,"href":"https:\/\/urbeamea.ro\/albaiulia\/wp-json\/wp\/v2\/posts\/20976\/revisions"}],"wp:featuredmedia":[{"embeddable":true,"href":"https:\/\/urbeamea.ro\/albaiulia\/wp-json\/wp\/v2\/media\/19634"}],"wp:attachment":[{"href":"https:\/\/urbeamea.ro\/albaiulia\/wp-json\/wp\/v2\/media?parent=20976"}],"wp:term":[{"taxonomy":"category","embeddable":true,"href":"https:\/\/urbeamea.ro\/albaiulia\/wp-json\/wp\/v2\/categories?post=20976"},{"taxonomy":"post_tag","embeddable":true,"href":"https:\/\/urbeamea.ro\/albaiulia\/wp-json\/wp\/v2\/tags?post=20976"}],"curies":[{"name":"wp","href":"https:\/\/api.w.org\/{rel}","templated":true}]}}