{"id":21034,"date":"2016-04-02T10:44:44","date_gmt":"2016-04-02T07:44:44","guid":{"rendered":"http:\/\/urbeamea.ro\/albaiulia\/?p=21034"},"modified":"2016-04-02T10:44:44","modified_gmt":"2016-04-02T07:44:44","slug":"foto-accident-rutier-in-sensul-giratoriu-din-centrul-orasului-alba-iulia","status":"publish","type":"post","link":"https:\/\/urbeamea.ro\/albaiulia\/foto-accident-rutier-in-sensul-giratoriu-din-centrul-orasului-alba-iulia\/","title":{"rendered":"FOTO: Accident rutier \u00een sensul giratoriu din centrul ora\u0219ului Alba Iulia"},"content":{"rendered":"<p><strong><img loading=\"lazy\" decoding=\"async\" class=\"size-medium wp-image-21038 alignleft\" src=\"http:\/\/urbeamea.ro\/albaiulia\/wp-content\/uploads\/2016\/04\/12952926_10206774658784752_1104268096_o-1-1-300x169.jpg\" alt=\"12952926_10206774658784752_1104268096_o (1)\" width=\"300\" height=\"169\" \/>Un accident rutier \u00een zona sensului giratoriu din centrul ora\u015fului Alba Iulia s-a produs vineri seara, \u00een jurul orei 21:00, dou\u0103 ma\u015fini fiind avariate. Din primele informa\u0163ii, este posibil s\u0103 fie vorba despre o neacordare de prioritate.<\/strong><\/p>\n<p>\u00cen accident au fost implicate un autoturism Audi break \u015fi un Seat Leon.<\/p>\n<p>Zona sensului giratoriu cu semafoare de la intersec\u0163ia str\u0103zilor Ardealului \u2013 Tudor Vladimirescu \u2013 Mo\u0163ilor \u2013 Avram Iancu este deja cunoscut\u0103 printre \u015foferi care fiind una \u00een care astfel de accidente se produc destul de des.<\/p>\n<div id='gallery-1' class='gallery galleryid-21034 gallery-columns-3 gallery-size-thumbnail'><figure class='gallery-item'>\n\t\t\t<div class='gallery-icon landscape'>\n\t\t\t\t<a href='https:\/\/urbeamea.ro\/albaiulia\/wp-content\/uploads\/2016\/04\/12948540_10206774659624773_1516261865_o.jpg'><img decoding=\"async\" width=\"150\" height=\"84\" src=\"data:image\/png;base64,iVBORw0KGgoAAAANSUhEUgAAAYYAAADcAQMAAABOLJSDAAAAA1BMVEUAAACnej3aAAAAAXRSTlMAQObYZgAAACJJREFUaIHtwTEBAAAAwqD1T20ND6AAAAAAAAAAAAAA4N8AKvgAAUFIrrEAAAAASUVORK5CYII=\" class=\"attachment-thumbnail size-thumbnail lazy-img\" alt=\"\" srcset=\"https:\/\/urbeamea.ro\/albaiulia\/wp-content\/uploads\/2016\/04\/12948540_10206774659624773_1516261865_o-150x84.jpg 150w, https:\/\/urbeamea.ro\/albaiulia\/wp-content\/uploads\/2016\/04\/12948540_10206774659624773_1516261865_o-300x169.jpg 300w, https:\/\/urbeamea.ro\/albaiulia\/wp-content\/uploads\/2016\/04\/12948540_10206774659624773_1516261865_o-768x432.jpg 768w, https:\/\/urbeamea.ro\/albaiulia\/wp-content\/uploads\/2016\/04\/12948540_10206774659624773_1516261865_o-1024x576.jpg 1024w, https:\/\/urbeamea.ro\/albaiulia\/wp-content\/uploads\/2016\/04\/12948540_10206774659624773_1516261865_o-819x452.jpg 819w, https:\/\/urbeamea.ro\/albaiulia\/wp-content\/uploads\/2016\/04\/12948540_10206774659624773_1516261865_o.jpg 1280w\" sizes=\"auto, (max-width: 150px) 100vw, 150px\" data-src=\"https:\/\/urbeamea.ro\/albaiulia\/wp-content\/uploads\/2016\/04\/12948540_10206774659624773_1516261865_o-150x84.jpg\" loading=\"lazy\" \/><\/a>\n\t\t\t<\/div><\/figure><figure class='gallery-item'>\n\t\t\t<div class='gallery-icon landscape'>\n\t\t\t\t<a href='https:\/\/urbeamea.ro\/albaiulia\/wp-content\/uploads\/2016\/04\/12952926_10206774658784752_1104268096_o-1.jpg'><img decoding=\"async\" width=\"150\" height=\"84\" src=\"data:image\/png;base64,iVBORw0KGgoAAAANSUhEUgAAAYYAAADcAQMAAABOLJSDAAAAA1BMVEUAAACnej3aAAAAAXRSTlMAQObYZgAAACJJREFUaIHtwTEBAAAAwqD1T20ND6AAAAAAAAAAAAAA4N8AKvgAAUFIrrEAAAAASUVORK5CYII=\" class=\"attachment-thumbnail size-thumbnail lazy-img\" alt=\"\" srcset=\"https:\/\/urbeamea.ro\/albaiulia\/wp-content\/uploads\/2016\/04\/12952926_10206774658784752_1104268096_o-1-150x84.jpg 150w, https:\/\/urbeamea.ro\/albaiulia\/wp-content\/uploads\/2016\/04\/12952926_10206774658784752_1104268096_o-1-300x169.jpg 300w, https:\/\/urbeamea.ro\/albaiulia\/wp-content\/uploads\/2016\/04\/12952926_10206774658784752_1104268096_o-1-768x432.jpg 768w, https:\/\/urbeamea.ro\/albaiulia\/wp-content\/uploads\/2016\/04\/12952926_10206774658784752_1104268096_o-1-1024x576.jpg 1024w, https:\/\/urbeamea.ro\/albaiulia\/wp-content\/uploads\/2016\/04\/12952926_10206774658784752_1104268096_o-1-819x452.jpg 819w, https:\/\/urbeamea.ro\/albaiulia\/wp-content\/uploads\/2016\/04\/12952926_10206774658784752_1104268096_o-1.jpg 1280w\" sizes=\"auto, (max-width: 150px) 100vw, 150px\" data-src=\"https:\/\/urbeamea.ro\/albaiulia\/wp-content\/uploads\/2016\/04\/12952926_10206774658784752_1104268096_o-1-150x84.jpg\" loading=\"lazy\" \/><\/a>\n\t\t\t<\/div><\/figure><figure class='gallery-item'>\n\t\t\t<div class='gallery-icon landscape'>\n\t\t\t\t<a href='https:\/\/urbeamea.ro\/albaiulia\/wp-content\/uploads\/2016\/04\/12952926_10206774658784752_1104268096_o.jpg'><img decoding=\"async\" width=\"150\" height=\"84\" src=\"data:image\/png;base64,iVBORw0KGgoAAAANSUhEUgAAAYYAAADcAQMAAABOLJSDAAAAA1BMVEUAAACnej3aAAAAAXRSTlMAQObYZgAAACJJREFUaIHtwTEBAAAAwqD1T20ND6AAAAAAAAAAAAAA4N8AKvgAAUFIrrEAAAAASUVORK5CYII=\" class=\"attachment-thumbnail size-thumbnail lazy-img\" alt=\"\" srcset=\"https:\/\/urbeamea.ro\/albaiulia\/wp-content\/uploads\/2016\/04\/12952926_10206774658784752_1104268096_o-150x84.jpg 150w, https:\/\/urbeamea.ro\/albaiulia\/wp-content\/uploads\/2016\/04\/12952926_10206774658784752_1104268096_o-300x169.jpg 300w, https:\/\/urbeamea.ro\/albaiulia\/wp-content\/uploads\/2016\/04\/12952926_10206774658784752_1104268096_o-768x432.jpg 768w, https:\/\/urbeamea.ro\/albaiulia\/wp-content\/uploads\/2016\/04\/12952926_10206774658784752_1104268096_o-1024x576.jpg 1024w, https:\/\/urbeamea.ro\/albaiulia\/wp-content\/uploads\/2016\/04\/12952926_10206774658784752_1104268096_o-819x452.jpg 819w, https:\/\/urbeamea.ro\/albaiulia\/wp-content\/uploads\/2016\/04\/12952926_10206774658784752_1104268096_o.jpg 1280w\" sizes=\"auto, (max-width: 150px) 100vw, 150px\" data-src=\"https:\/\/urbeamea.ro\/albaiulia\/wp-content\/uploads\/2016\/04\/12952926_10206774658784752_1104268096_o-150x84.jpg\" loading=\"lazy\" \/><\/a>\n\t\t\t<\/div><\/figure>\n\t\t<\/div>\n\n","protected":false},"excerpt":{"rendered":"<p>Un accident rutier \u00een zona sensului giratoriu din centrul ora\u015fului Alba Iulia s-a produs vineri seara, \u00een jurul orei 21:00, dou\u0103 ma\u015fini fiind avariate. Din primele informa\u0163ii, este posibil s\u0103 fie vorba despre o neacordare de prioritate. \u00cen accident au fost implicate un autoturism Audi break \u015fi un Seat Leon. Zona sensului giratoriu cu semafoare &hellip;<\/p>\n","protected":false},"author":17,"featured_media":21038,"comment_status":"open","ping_status":"open","sticky":false,"template":"","format":"standard","meta":{"inline_featured_image":false,"footnotes":""},"categories":[2034],"tags":[2443,4211,955,2818,4210,308,76],"class_list":["post-21034","post","type-post","status-publish","format-standard","has-post-thumbnail","hentry","category-social","tag-accident-rutier","tag-avariate","tag-masini","tag-neacordare-de-prioritate","tag-sens-giratoriu","tag-stiri","tag-urbea-mea"],"yoast_head":"<!-- This site is optimized with the Yoast SEO plugin v28.3 - https:\/\/yoast.com\/product\/yoast-seo-wordpress\/ -->\n<title>FOTO: Accident rutier \u00een sensul giratoriu din centrul ora\u0219ului Alba Iulia - Revista Urbea Mea - Revista de Alba<\/title>\n<meta name=\"description\" content=\"Un accident rutier \u00een zona sensului giratoriu din centrul ora\u015fului Alba Iulia s-a produs vineri seara, \u00een jurul orei 21:00, dou\u0103 ma\u015fini fiind avariate.\" \/>\n<meta name=\"robots\" content=\"index, follow, max-snippet:-1, max-image-preview:large, max-video-preview:-1\" \/>\n<link rel=\"canonical\" href=\"https:\/\/urbeamea.ro\/albaiulia\/foto-accident-rutier-in-sensul-giratoriu-din-centrul-orasului-alba-iulia\/\" \/>\n<meta name=\"twitter:card\" content=\"summary_large_image\" \/>\n<meta name=\"twitter:title\" content=\"FOTO: Accident rutier \u00een sensul giratoriu din centrul ora\u0219ului Alba Iulia - Revista Urbea Mea - Revista de Alba\" \/>\n<meta name=\"twitter:description\" content=\"Un accident rutier \u00een zona sensului giratoriu din centrul ora\u015fului Alba Iulia s-a produs vineri seara, \u00een jurul orei 21:00, dou\u0103 ma\u015fini fiind avariate.\" \/>\n<meta name=\"twitter:image\" content=\"https:\/\/urbeamea.ro\/albaiulia\/wp-content\/uploads\/2016\/04\/12952926_10206774658784752_1104268096_o-1-1.jpg\" \/>\n<meta name=\"twitter:creator\" content=\"@urbeameaweb\" \/>\n<meta name=\"twitter:site\" content=\"@urbeameaweb\" \/>\n<script type=\"application\/ld+json\" class=\"yoast-schema-graph\">{\"@context\":\"https:\\\/\\\/schema.org\",\"@graph\":[{\"@type\":\"Article\",\"@id\":\"https:\\\/\\\/urbeamea.ro\\\/albaiulia\\\/foto-accident-rutier-in-sensul-giratoriu-din-centrul-orasului-alba-iulia\\\/#article\",\"isPartOf\":{\"@id\":\"https:\\\/\\\/urbeamea.ro\\\/albaiulia\\\/foto-accident-rutier-in-sensul-giratoriu-din-centrul-orasului-alba-iulia\\\/\"},\"author\":{\"name\":\"Cristina Ganga\",\"@id\":\"https:\\\/\\\/urbeamea.ro\\\/albaiulia\\\/#\\\/schema\\\/person\\\/9700d21fae21c4f038b0b56f4506264a\"},\"headline\":\"FOTO: Accident rutier \u00een sensul giratoriu din centrul ora\u0219ului Alba Iulia\",\"datePublished\":\"2016-04-02T07:44:44+00:00\",\"mainEntityOfPage\":{\"@id\":\"https:\\\/\\\/urbeamea.ro\\\/albaiulia\\\/foto-accident-rutier-in-sensul-giratoriu-din-centrul-orasului-alba-iulia\\\/\"},\"wordCount\":104,\"commentCount\":0,\"image\":{\"@id\":\"https:\\\/\\\/urbeamea.ro\\\/albaiulia\\\/foto-accident-rutier-in-sensul-giratoriu-din-centrul-orasului-alba-iulia\\\/#primaryimage\"},\"thumbnailUrl\":\"https:\\\/\\\/urbeamea.ro\\\/albaiulia\\\/wp-content\\\/uploads\\\/2016\\\/04\\\/12952926_10206774658784752_1104268096_o-1-1.jpg\",\"keywords\":[\"accident rutier\",\"avariate\",\"masini\",\"neacordare de prioritate\",\"sens giratoriu\",\"stiri\",\"Urbea Mea\"],\"articleSection\":[\"Social\"],\"inLanguage\":\"ro-RO\",\"potentialAction\":[{\"@type\":\"CommentAction\",\"name\":\"Comment\",\"target\":[\"https:\\\/\\\/urbeamea.ro\\\/albaiulia\\\/foto-accident-rutier-in-sensul-giratoriu-din-centrul-orasului-alba-iulia\\\/#respond\"]}]},{\"@type\":\"WebPage\",\"@id\":\"https:\\\/\\\/urbeamea.ro\\\/albaiulia\\\/foto-accident-rutier-in-sensul-giratoriu-din-centrul-orasului-alba-iulia\\\/\",\"url\":\"https:\\\/\\\/urbeamea.ro\\\/albaiulia\\\/foto-accident-rutier-in-sensul-giratoriu-din-centrul-orasului-alba-iulia\\\/\",\"name\":\"FOTO: Accident rutier \u00een sensul giratoriu din centrul ora\u0219ului Alba Iulia - Revista Urbea Mea - Revista de Alba\",\"isPartOf\":{\"@id\":\"https:\\\/\\\/urbeamea.ro\\\/albaiulia\\\/#website\"},\"primaryImageOfPage\":{\"@id\":\"https:\\\/\\\/urbeamea.ro\\\/albaiulia\\\/foto-accident-rutier-in-sensul-giratoriu-din-centrul-orasului-alba-iulia\\\/#primaryimage\"},\"image\":{\"@id\":\"https:\\\/\\\/urbeamea.ro\\\/albaiulia\\\/foto-accident-rutier-in-sensul-giratoriu-din-centrul-orasului-alba-iulia\\\/#primaryimage\"},\"thumbnailUrl\":\"https:\\\/\\\/urbeamea.ro\\\/albaiulia\\\/wp-content\\\/uploads\\\/2016\\\/04\\\/12952926_10206774658784752_1104268096_o-1-1.jpg\",\"datePublished\":\"2016-04-02T07:44:44+00:00\",\"author\":{\"@id\":\"https:\\\/\\\/urbeamea.ro\\\/albaiulia\\\/#\\\/schema\\\/person\\\/9700d21fae21c4f038b0b56f4506264a\"},\"description\":\"Un accident rutier \u00een zona sensului giratoriu din centrul ora\u015fului Alba Iulia s-a produs vineri seara, \u00een jurul orei 21:00, dou\u0103 ma\u015fini fiind avariate.\",\"breadcrumb\":{\"@id\":\"https:\\\/\\\/urbeamea.ro\\\/albaiulia\\\/foto-accident-rutier-in-sensul-giratoriu-din-centrul-orasului-alba-iulia\\\/#breadcrumb\"},\"inLanguage\":\"ro-RO\",\"potentialAction\":[{\"@type\":\"ReadAction\",\"target\":[\"https:\\\/\\\/urbeamea.ro\\\/albaiulia\\\/foto-accident-rutier-in-sensul-giratoriu-din-centrul-orasului-alba-iulia\\\/\"]}]},{\"@type\":\"ImageObject\",\"inLanguage\":\"ro-RO\",\"@id\":\"https:\\\/\\\/urbeamea.ro\\\/albaiulia\\\/foto-accident-rutier-in-sensul-giratoriu-din-centrul-orasului-alba-iulia\\\/#primaryimage\",\"url\":\"https:\\\/\\\/urbeamea.ro\\\/albaiulia\\\/wp-content\\\/uploads\\\/2016\\\/04\\\/12952926_10206774658784752_1104268096_o-1-1.jpg\",\"contentUrl\":\"https:\\\/\\\/urbeamea.ro\\\/albaiulia\\\/wp-content\\\/uploads\\\/2016\\\/04\\\/12952926_10206774658784752_1104268096_o-1-1.jpg\",\"width\":1280,\"height\":720},{\"@type\":\"BreadcrumbList\",\"@id\":\"https:\\\/\\\/urbeamea.ro\\\/albaiulia\\\/foto-accident-rutier-in-sensul-giratoriu-din-centrul-orasului-alba-iulia\\\/#breadcrumb\",\"itemListElement\":[{\"@type\":\"ListItem\",\"position\":1,\"name\":\"Prima pagin\u0103\",\"item\":\"https:\\\/\\\/urbeamea.ro\\\/albaiulia\\\/\"},{\"@type\":\"ListItem\",\"position\":2,\"name\":\"FOTO: Accident rutier \u00een sensul giratoriu din centrul ora\u0219ului Alba Iulia\"}]},{\"@type\":\"WebSite\",\"@id\":\"https:\\\/\\\/urbeamea.ro\\\/albaiulia\\\/#website\",\"url\":\"https:\\\/\\\/urbeamea.ro\\\/albaiulia\\\/\",\"name\":\"Revista Urbea Mea, Stiri urbane\",\"description\":\"Evenimente \u0219i \u0219tiri din Alba Iulia, Sebe\u0219, Aiud, Blaj\",\"potentialAction\":[{\"@type\":\"SearchAction\",\"target\":{\"@type\":\"EntryPoint\",\"urlTemplate\":\"https:\\\/\\\/urbeamea.ro\\\/albaiulia\\\/?s={search_term_string}\"},\"query-input\":{\"@type\":\"PropertyValueSpecification\",\"valueRequired\":true,\"valueName\":\"search_term_string\"}}],\"inLanguage\":\"ro-RO\"},{\"@type\":\"Person\",\"@id\":\"https:\\\/\\\/urbeamea.ro\\\/albaiulia\\\/#\\\/schema\\\/person\\\/9700d21fae21c4f038b0b56f4506264a\",\"name\":\"Cristina Ganga\",\"image\":{\"@type\":\"ImageObject\",\"inLanguage\":\"ro-RO\",\"@id\":\"https:\\\/\\\/secure.gravatar.com\\\/avatar\\\/5a67661041f057b4a8ccaf26f5a8e86e2689372006d01faf3dd9eeb10b654bb4?s=96&d=mm&r=g\",\"url\":\"https:\\\/\\\/secure.gravatar.com\\\/avatar\\\/5a67661041f057b4a8ccaf26f5a8e86e2689372006d01faf3dd9eeb10b654bb4?s=96&d=mm&r=g\",\"contentUrl\":\"https:\\\/\\\/secure.gravatar.com\\\/avatar\\\/5a67661041f057b4a8ccaf26f5a8e86e2689372006d01faf3dd9eeb10b654bb4?s=96&d=mm&r=g\",\"caption\":\"Cristina Ganga\"},\"description\":\"Jurnalist\",\"sameAs\":[\"https:\\\/\\\/www.facebook.com\\\/cristina.nicola.587\"],\"url\":\"https:\\\/\\\/urbeamea.ro\\\/albaiulia\\\/author\\\/cristina-nicola\\\/\"}]}<\/script>\n<!-- \/ Yoast SEO plugin. -->","yoast_head_json":{"title":"FOTO: Accident rutier \u00een sensul giratoriu din centrul ora\u0219ului Alba Iulia - Revista Urbea Mea - Revista de Alba","description":"Un accident rutier \u00een zona sensului giratoriu din centrul ora\u015fului Alba Iulia s-a produs vineri seara, \u00een jurul orei 21:00, dou\u0103 ma\u015fini fiind avariate.","robots":{"index":"index","follow":"follow","max-snippet":"max-snippet:-1","max-image-preview":"max-image-preview:large","max-video-preview":"max-video-preview:-1"},"canonical":"https:\/\/urbeamea.ro\/albaiulia\/foto-accident-rutier-in-sensul-giratoriu-din-centrul-orasului-alba-iulia\/","twitter_card":"summary_large_image","twitter_title":"FOTO: Accident rutier \u00een sensul giratoriu din centrul ora\u0219ului Alba Iulia - Revista Urbea Mea - Revista de Alba","twitter_description":"Un accident rutier \u00een zona sensului giratoriu din centrul ora\u015fului Alba Iulia s-a produs vineri seara, \u00een jurul orei 21:00, dou\u0103 ma\u015fini fiind avariate.","twitter_image":"https:\/\/urbeamea.ro\/albaiulia\/wp-content\/uploads\/2016\/04\/12952926_10206774658784752_1104268096_o-1-1.jpg","twitter_creator":"@urbeameaweb","twitter_site":"@urbeameaweb","schema":{"@context":"https:\/\/schema.org","@graph":[{"@type":"Article","@id":"https:\/\/urbeamea.ro\/albaiulia\/foto-accident-rutier-in-sensul-giratoriu-din-centrul-orasului-alba-iulia\/#article","isPartOf":{"@id":"https:\/\/urbeamea.ro\/albaiulia\/foto-accident-rutier-in-sensul-giratoriu-din-centrul-orasului-alba-iulia\/"},"author":{"name":"Cristina Ganga","@id":"https:\/\/urbeamea.ro\/albaiulia\/#\/schema\/person\/9700d21fae21c4f038b0b56f4506264a"},"headline":"FOTO: Accident rutier \u00een sensul giratoriu din centrul ora\u0219ului Alba Iulia","datePublished":"2016-04-02T07:44:44+00:00","mainEntityOfPage":{"@id":"https:\/\/urbeamea.ro\/albaiulia\/foto-accident-rutier-in-sensul-giratoriu-din-centrul-orasului-alba-iulia\/"},"wordCount":104,"commentCount":0,"image":{"@id":"https:\/\/urbeamea.ro\/albaiulia\/foto-accident-rutier-in-sensul-giratoriu-din-centrul-orasului-alba-iulia\/#primaryimage"},"thumbnailUrl":"https:\/\/urbeamea.ro\/albaiulia\/wp-content\/uploads\/2016\/04\/12952926_10206774658784752_1104268096_o-1-1.jpg","keywords":["accident rutier","avariate","masini","neacordare de prioritate","sens giratoriu","stiri","Urbea Mea"],"articleSection":["Social"],"inLanguage":"ro-RO","potentialAction":[{"@type":"CommentAction","name":"Comment","target":["https:\/\/urbeamea.ro\/albaiulia\/foto-accident-rutier-in-sensul-giratoriu-din-centrul-orasului-alba-iulia\/#respond"]}]},{"@type":"WebPage","@id":"https:\/\/urbeamea.ro\/albaiulia\/foto-accident-rutier-in-sensul-giratoriu-din-centrul-orasului-alba-iulia\/","url":"https:\/\/urbeamea.ro\/albaiulia\/foto-accident-rutier-in-sensul-giratoriu-din-centrul-orasului-alba-iulia\/","name":"FOTO: Accident rutier \u00een sensul giratoriu din centrul ora\u0219ului Alba Iulia - Revista Urbea Mea - Revista de Alba","isPartOf":{"@id":"https:\/\/urbeamea.ro\/albaiulia\/#website"},"primaryImageOfPage":{"@id":"https:\/\/urbeamea.ro\/albaiulia\/foto-accident-rutier-in-sensul-giratoriu-din-centrul-orasului-alba-iulia\/#primaryimage"},"image":{"@id":"https:\/\/urbeamea.ro\/albaiulia\/foto-accident-rutier-in-sensul-giratoriu-din-centrul-orasului-alba-iulia\/#primaryimage"},"thumbnailUrl":"https:\/\/urbeamea.ro\/albaiulia\/wp-content\/uploads\/2016\/04\/12952926_10206774658784752_1104268096_o-1-1.jpg","datePublished":"2016-04-02T07:44:44+00:00","author":{"@id":"https:\/\/urbeamea.ro\/albaiulia\/#\/schema\/person\/9700d21fae21c4f038b0b56f4506264a"},"description":"Un accident rutier \u00een zona sensului giratoriu din centrul ora\u015fului Alba Iulia s-a produs vineri seara, \u00een jurul orei 21:00, dou\u0103 ma\u015fini fiind avariate.","breadcrumb":{"@id":"https:\/\/urbeamea.ro\/albaiulia\/foto-accident-rutier-in-sensul-giratoriu-din-centrul-orasului-alba-iulia\/#breadcrumb"},"inLanguage":"ro-RO","potentialAction":[{"@type":"ReadAction","target":["https:\/\/urbeamea.ro\/albaiulia\/foto-accident-rutier-in-sensul-giratoriu-din-centrul-orasului-alba-iulia\/"]}]},{"@type":"ImageObject","inLanguage":"ro-RO","@id":"https:\/\/urbeamea.ro\/albaiulia\/foto-accident-rutier-in-sensul-giratoriu-din-centrul-orasului-alba-iulia\/#primaryimage","url":"https:\/\/urbeamea.ro\/albaiulia\/wp-content\/uploads\/2016\/04\/12952926_10206774658784752_1104268096_o-1-1.jpg","contentUrl":"https:\/\/urbeamea.ro\/albaiulia\/wp-content\/uploads\/2016\/04\/12952926_10206774658784752_1104268096_o-1-1.jpg","width":1280,"height":720},{"@type":"BreadcrumbList","@id":"https:\/\/urbeamea.ro\/albaiulia\/foto-accident-rutier-in-sensul-giratoriu-din-centrul-orasului-alba-iulia\/#breadcrumb","itemListElement":[{"@type":"ListItem","position":1,"name":"Prima pagin\u0103","item":"https:\/\/urbeamea.ro\/albaiulia\/"},{"@type":"ListItem","position":2,"name":"FOTO: Accident rutier \u00een sensul giratoriu din centrul ora\u0219ului Alba Iulia"}]},{"@type":"WebSite","@id":"https:\/\/urbeamea.ro\/albaiulia\/#website","url":"https:\/\/urbeamea.ro\/albaiulia\/","name":"Revista Urbea Mea, Stiri urbane","description":"Evenimente \u0219i \u0219tiri din Alba Iulia, Sebe\u0219, Aiud, Blaj","potentialAction":[{"@type":"SearchAction","target":{"@type":"EntryPoint","urlTemplate":"https:\/\/urbeamea.ro\/albaiulia\/?s={search_term_string}"},"query-input":{"@type":"PropertyValueSpecification","valueRequired":true,"valueName":"search_term_string"}}],"inLanguage":"ro-RO"},{"@type":"Person","@id":"https:\/\/urbeamea.ro\/albaiulia\/#\/schema\/person\/9700d21fae21c4f038b0b56f4506264a","name":"Cristina Ganga","image":{"@type":"ImageObject","inLanguage":"ro-RO","@id":"https:\/\/secure.gravatar.com\/avatar\/5a67661041f057b4a8ccaf26f5a8e86e2689372006d01faf3dd9eeb10b654bb4?s=96&d=mm&r=g","url":"https:\/\/secure.gravatar.com\/avatar\/5a67661041f057b4a8ccaf26f5a8e86e2689372006d01faf3dd9eeb10b654bb4?s=96&d=mm&r=g","contentUrl":"https:\/\/secure.gravatar.com\/avatar\/5a67661041f057b4a8ccaf26f5a8e86e2689372006d01faf3dd9eeb10b654bb4?s=96&d=mm&r=g","caption":"Cristina Ganga"},"description":"Jurnalist","sameAs":["https:\/\/www.facebook.com\/cristina.nicola.587"],"url":"https:\/\/urbeamea.ro\/albaiulia\/author\/cristina-nicola\/"}]}},"_links":{"self":[{"href":"https:\/\/urbeamea.ro\/albaiulia\/wp-json\/wp\/v2\/posts\/21034","targetHints":{"allow":["GET"]}}],"collection":[{"href":"https:\/\/urbeamea.ro\/albaiulia\/wp-json\/wp\/v2\/posts"}],"about":[{"href":"https:\/\/urbeamea.ro\/albaiulia\/wp-json\/wp\/v2\/types\/post"}],"author":[{"embeddable":true,"href":"https:\/\/urbeamea.ro\/albaiulia\/wp-json\/wp\/v2\/users\/17"}],"replies":[{"embeddable":true,"href":"https:\/\/urbeamea.ro\/albaiulia\/wp-json\/wp\/v2\/comments?post=21034"}],"version-history":[{"count":0,"href":"https:\/\/urbeamea.ro\/albaiulia\/wp-json\/wp\/v2\/posts\/21034\/revisions"}],"wp:featuredmedia":[{"embeddable":true,"href":"https:\/\/urbeamea.ro\/albaiulia\/wp-json\/wp\/v2\/media\/21038"}],"wp:attachment":[{"href":"https:\/\/urbeamea.ro\/albaiulia\/wp-json\/wp\/v2\/media?parent=21034"}],"wp:term":[{"taxonomy":"category","embeddable":true,"href":"https:\/\/urbeamea.ro\/albaiulia\/wp-json\/wp\/v2\/categories?post=21034"},{"taxonomy":"post_tag","embeddable":true,"href":"https:\/\/urbeamea.ro\/albaiulia\/wp-json\/wp\/v2\/tags?post=21034"}],"curies":[{"name":"wp","href":"https:\/\/api.w.org\/{rel}","templated":true}]}}