{"id":21108,"date":"2016-04-04T10:48:37","date_gmt":"2016-04-04T07:48:37","guid":{"rendered":"http:\/\/urbeamea.ro\/albaiulia\/?p=21108"},"modified":"2016-04-04T10:48:37","modified_gmt":"2016-04-04T07:48:37","slug":"barbat-din-cugir-amendat-de-jandarmi-pentru-ca-s-a-certat-cu-familia","status":"publish","type":"post","link":"https:\/\/urbeamea.ro\/albaiulia\/barbat-din-cugir-amendat-de-jandarmi-pentru-ca-s-a-certat-cu-familia\/","title":{"rendered":"B\u0103rbat din Cugir, amendat de jandarmi pentru c\u0103 s-a certat cu familia"},"content":{"rendered":"<p class=\"western\" align=\"JUSTIFY\"><strong><img loading=\"lazy\" decoding=\"async\" class=\"size-medium wp-image-4566 alignleft\" src=\"http:\/\/urbeamea.ro\/albaiulia\/wp-content\/uploads\/2015\/05\/jandarmi-300x193.jpg\" alt=\"jandarmi\" width=\"300\" height=\"193\" \/>Un b\u0103rbat \u00een v\u00e2rst\u0103 de 50 de ani din Cugir a fost sanc\u0163ionat de jandarmi, \u00een noaptea de duminic\u0103 spre luni, pentru c\u0103 s-a certat cu familia \u015fi a vrut s\u0103 o evacueze afar\u0103 din cas\u0103. B\u0103rbatul se afla \u00een avansat\u0103 stare de ebrietate \u015fi a fost condus la spital unde a r\u0103mas internat.<\/strong><\/p>\n<p class=\"western\" align=\"JUSTIFY\">\u00cen urma unui apel la 112, duminic\u0103, 3 aprilie, \u00een jurul orei 00.30, un echipaj de jandarmerie s-a deplasat de urgen\u0163\u0103 pe strada George Co\u015fbuc din ora\u015ful Cugir deoarece un b\u0103rbat a semnalat faptul c\u0103 fiul s\u0103u fugise de acas\u0103. B\u0103iatul, \u00een v\u00e2rst\u0103 de 16 ani, a fost g\u0103sit de jandarmi \u00een preajma blocului unde locuie\u015fte \u015fi le-a spus acestora c\u0103 a plecat din apartament deoarece tat\u0103l s\u0103u consumase alcool \u015fi era foarte violent. Cele relatate de minor s-au confirmat foarte repede deoarece, chiar \u015fi din fa\u0163a blocului, tat\u0103l acestuia putea fi auzit cum \u00eenjura \u015fi amenin\u0163a cu b\u0103taia ceilal\u0163i membri de familie.<\/p>\n<p class=\"western\" align=\"JUSTIFY\">Din relat\u0103rile vecinilor, vizibil deranja\u0163i de acest comportament, a reie\u015fit c\u0103 b\u0103rbatul nu este la prima fapt\u0103 de acest fel \u015fi, ori de c\u00e2te ori se \u00eembat\u0103, so\u0163ia \u015fi cei cinci copii minori au de suferit. Mai mult, de un tratament asem\u0103n\u0103tor au parte \u015fi cei care \u00eei solicit\u0103 s\u0103 \u00eenceteze, deoarece multe din episoadele violente, cum este \u015fi cel de fa\u0163\u0103, se desf\u0103\u015foar\u0103 pe timpul nop\u0163ii.<\/p>\n<p class=\"western\" align=\"JUSTIFY\">Identificat ca fiind F.S. (50 de ani), a fost condus la Spitalul Ora\u015fului Cugir deoarece starea de be\u0163ie \u00een care se afla putea constitui un risc la adresa s\u0103n\u0103t\u0103\u0163ii sale. A fost internat, nu \u00eenainte \u00eens\u0103 ca jandarmii s\u0103-l sanc\u0163ioneze contraven\u0163ional cu amend\u0103 \u00een valoare de 300 lei.<\/p>\n","protected":false},"excerpt":{"rendered":"<p>Un b\u0103rbat \u00een v\u00e2rst\u0103 de 50 de ani din Cugir a fost sanc\u0163ionat de jandarmi, \u00een noaptea de duminic\u0103 spre luni, pentru c\u0103 s-a certat cu familia \u015fi a vrut s\u0103 o evacueze afar\u0103 din cas\u0103. B\u0103rbatul se afla \u00een avansat\u0103 stare de ebrietate \u015fi a fost condus la spital unde a r\u0103mas internat. \u00cen &hellip;<\/p>\n","protected":false},"author":17,"featured_media":4566,"comment_status":"open","ping_status":"open","sticky":false,"template":"","format":"standard","meta":{"inline_featured_image":false,"footnotes":""},"categories":[2034],"tags":[307,4226,1424,4225,3328,1200,4228,4227,308,76],"class_list":["post-21108","post","type-post","status-publish","format-standard","has-post-thumbnail","hentry","category-social","tag-alba","tag-copii-minori","tag-cugir","tag-evacueze","tag-familie","tag-jandarmi","tag-sanctionat","tag-stare-de-ebrietate","tag-stiri","tag-urbea-mea"],"yoast_head":"<!-- This site is optimized with the Yoast SEO plugin v28.3 - https:\/\/yoast.com\/product\/yoast-seo-wordpress\/ -->\n<title>B\u0103rbat din Cugir, amendat de jandarmi pentru c\u0103 s-a certat cu familia - Revista Urbea Mea - Revista de Alba<\/title>\n<meta name=\"description\" content=\"Un b\u0103rbat \u00een v\u00e2rst\u0103 de 50 de ani din Cugir a fost sanc\u0163ionat de jandarmi, \u00een noaptea de duminic\u0103 spre luni, pentru c\u0103 s-a certat cu familia \u015fi a vrut s\u0103 o\" \/>\n<meta name=\"robots\" content=\"index, follow, max-snippet:-1, max-image-preview:large, max-video-preview:-1\" \/>\n<link rel=\"canonical\" href=\"https:\/\/urbeamea.ro\/albaiulia\/barbat-din-cugir-amendat-de-jandarmi-pentru-ca-s-a-certat-cu-familia\/\" \/>\n<meta name=\"twitter:card\" content=\"summary_large_image\" \/>\n<meta name=\"twitter:title\" content=\"B\u0103rbat din Cugir, amendat de jandarmi pentru c\u0103 s-a certat cu familia - Revista Urbea Mea - Revista de Alba\" \/>\n<meta name=\"twitter:description\" content=\"Un b\u0103rbat \u00een v\u00e2rst\u0103 de 50 de ani din Cugir a fost sanc\u0163ionat de jandarmi, \u00een noaptea de duminic\u0103 spre luni, pentru c\u0103 s-a certat cu familia \u015fi a vrut s\u0103 o\" \/>\n<meta name=\"twitter:image\" content=\"https:\/\/urbeamea.ro\/albaiulia\/wp-content\/uploads\/2015\/05\/jandarmi.jpg\" \/>\n<meta name=\"twitter:creator\" content=\"@urbeameaweb\" \/>\n<meta name=\"twitter:site\" content=\"@urbeameaweb\" \/>\n<script type=\"application\/ld+json\" class=\"yoast-schema-graph\">{\"@context\":\"https:\\\/\\\/schema.org\",\"@graph\":[{\"@type\":\"Article\",\"@id\":\"https:\\\/\\\/urbeamea.ro\\\/albaiulia\\\/barbat-din-cugir-amendat-de-jandarmi-pentru-ca-s-a-certat-cu-familia\\\/#article\",\"isPartOf\":{\"@id\":\"https:\\\/\\\/urbeamea.ro\\\/albaiulia\\\/barbat-din-cugir-amendat-de-jandarmi-pentru-ca-s-a-certat-cu-familia\\\/\"},\"author\":{\"name\":\"Cristina Ganga\",\"@id\":\"https:\\\/\\\/urbeamea.ro\\\/albaiulia\\\/#\\\/schema\\\/person\\\/9700d21fae21c4f038b0b56f4506264a\"},\"headline\":\"B\u0103rbat din Cugir, amendat de jandarmi pentru c\u0103 s-a certat cu familia\",\"datePublished\":\"2016-04-04T07:48:37+00:00\",\"mainEntityOfPage\":{\"@id\":\"https:\\\/\\\/urbeamea.ro\\\/albaiulia\\\/barbat-din-cugir-amendat-de-jandarmi-pentru-ca-s-a-certat-cu-familia\\\/\"},\"wordCount\":317,\"commentCount\":0,\"image\":{\"@id\":\"https:\\\/\\\/urbeamea.ro\\\/albaiulia\\\/barbat-din-cugir-amendat-de-jandarmi-pentru-ca-s-a-certat-cu-familia\\\/#primaryimage\"},\"thumbnailUrl\":\"https:\\\/\\\/urbeamea.ro\\\/albaiulia\\\/wp-content\\\/uploads\\\/2015\\\/05\\\/jandarmi.jpg\",\"keywords\":[\"alba\",\"copii minori\",\"cugir\",\"evacueze\",\"familie\",\"jandarmi\",\"sanctionat\",\"stare de ebrietate\",\"stiri\",\"Urbea Mea\"],\"articleSection\":[\"Social\"],\"inLanguage\":\"ro-RO\",\"potentialAction\":[{\"@type\":\"CommentAction\",\"name\":\"Comment\",\"target\":[\"https:\\\/\\\/urbeamea.ro\\\/albaiulia\\\/barbat-din-cugir-amendat-de-jandarmi-pentru-ca-s-a-certat-cu-familia\\\/#respond\"]}]},{\"@type\":\"WebPage\",\"@id\":\"https:\\\/\\\/urbeamea.ro\\\/albaiulia\\\/barbat-din-cugir-amendat-de-jandarmi-pentru-ca-s-a-certat-cu-familia\\\/\",\"url\":\"https:\\\/\\\/urbeamea.ro\\\/albaiulia\\\/barbat-din-cugir-amendat-de-jandarmi-pentru-ca-s-a-certat-cu-familia\\\/\",\"name\":\"B\u0103rbat din Cugir, amendat de jandarmi pentru c\u0103 s-a certat cu familia - Revista Urbea Mea - Revista de Alba\",\"isPartOf\":{\"@id\":\"https:\\\/\\\/urbeamea.ro\\\/albaiulia\\\/#website\"},\"primaryImageOfPage\":{\"@id\":\"https:\\\/\\\/urbeamea.ro\\\/albaiulia\\\/barbat-din-cugir-amendat-de-jandarmi-pentru-ca-s-a-certat-cu-familia\\\/#primaryimage\"},\"image\":{\"@id\":\"https:\\\/\\\/urbeamea.ro\\\/albaiulia\\\/barbat-din-cugir-amendat-de-jandarmi-pentru-ca-s-a-certat-cu-familia\\\/#primaryimage\"},\"thumbnailUrl\":\"https:\\\/\\\/urbeamea.ro\\\/albaiulia\\\/wp-content\\\/uploads\\\/2015\\\/05\\\/jandarmi.jpg\",\"datePublished\":\"2016-04-04T07:48:37+00:00\",\"author\":{\"@id\":\"https:\\\/\\\/urbeamea.ro\\\/albaiulia\\\/#\\\/schema\\\/person\\\/9700d21fae21c4f038b0b56f4506264a\"},\"description\":\"Un b\u0103rbat \u00een v\u00e2rst\u0103 de 50 de ani din Cugir a fost sanc\u0163ionat de jandarmi, \u00een noaptea de duminic\u0103 spre luni, pentru c\u0103 s-a certat cu familia \u015fi a vrut s\u0103 o\",\"breadcrumb\":{\"@id\":\"https:\\\/\\\/urbeamea.ro\\\/albaiulia\\\/barbat-din-cugir-amendat-de-jandarmi-pentru-ca-s-a-certat-cu-familia\\\/#breadcrumb\"},\"inLanguage\":\"ro-RO\",\"potentialAction\":[{\"@type\":\"ReadAction\",\"target\":[\"https:\\\/\\\/urbeamea.ro\\\/albaiulia\\\/barbat-din-cugir-amendat-de-jandarmi-pentru-ca-s-a-certat-cu-familia\\\/\"]}]},{\"@type\":\"ImageObject\",\"inLanguage\":\"ro-RO\",\"@id\":\"https:\\\/\\\/urbeamea.ro\\\/albaiulia\\\/barbat-din-cugir-amendat-de-jandarmi-pentru-ca-s-a-certat-cu-familia\\\/#primaryimage\",\"url\":\"https:\\\/\\\/urbeamea.ro\\\/albaiulia\\\/wp-content\\\/uploads\\\/2015\\\/05\\\/jandarmi.jpg\",\"contentUrl\":\"https:\\\/\\\/urbeamea.ro\\\/albaiulia\\\/wp-content\\\/uploads\\\/2015\\\/05\\\/jandarmi.jpg\",\"width\":700,\"height\":451},{\"@type\":\"BreadcrumbList\",\"@id\":\"https:\\\/\\\/urbeamea.ro\\\/albaiulia\\\/barbat-din-cugir-amendat-de-jandarmi-pentru-ca-s-a-certat-cu-familia\\\/#breadcrumb\",\"itemListElement\":[{\"@type\":\"ListItem\",\"position\":1,\"name\":\"Prima pagin\u0103\",\"item\":\"https:\\\/\\\/urbeamea.ro\\\/albaiulia\\\/\"},{\"@type\":\"ListItem\",\"position\":2,\"name\":\"B\u0103rbat din Cugir, amendat de jandarmi pentru c\u0103 s-a certat cu familia\"}]},{\"@type\":\"WebSite\",\"@id\":\"https:\\\/\\\/urbeamea.ro\\\/albaiulia\\\/#website\",\"url\":\"https:\\\/\\\/urbeamea.ro\\\/albaiulia\\\/\",\"name\":\"Revista Urbea Mea, Stiri urbane\",\"description\":\"Evenimente \u0219i \u0219tiri din Alba Iulia, Sebe\u0219, Aiud, Blaj\",\"potentialAction\":[{\"@type\":\"SearchAction\",\"target\":{\"@type\":\"EntryPoint\",\"urlTemplate\":\"https:\\\/\\\/urbeamea.ro\\\/albaiulia\\\/?s={search_term_string}\"},\"query-input\":{\"@type\":\"PropertyValueSpecification\",\"valueRequired\":true,\"valueName\":\"search_term_string\"}}],\"inLanguage\":\"ro-RO\"},{\"@type\":\"Person\",\"@id\":\"https:\\\/\\\/urbeamea.ro\\\/albaiulia\\\/#\\\/schema\\\/person\\\/9700d21fae21c4f038b0b56f4506264a\",\"name\":\"Cristina Ganga\",\"image\":{\"@type\":\"ImageObject\",\"inLanguage\":\"ro-RO\",\"@id\":\"https:\\\/\\\/secure.gravatar.com\\\/avatar\\\/5a67661041f057b4a8ccaf26f5a8e86e2689372006d01faf3dd9eeb10b654bb4?s=96&d=mm&r=g\",\"url\":\"https:\\\/\\\/secure.gravatar.com\\\/avatar\\\/5a67661041f057b4a8ccaf26f5a8e86e2689372006d01faf3dd9eeb10b654bb4?s=96&d=mm&r=g\",\"contentUrl\":\"https:\\\/\\\/secure.gravatar.com\\\/avatar\\\/5a67661041f057b4a8ccaf26f5a8e86e2689372006d01faf3dd9eeb10b654bb4?s=96&d=mm&r=g\",\"caption\":\"Cristina Ganga\"},\"description\":\"Jurnalist\",\"sameAs\":[\"https:\\\/\\\/www.facebook.com\\\/cristina.nicola.587\"],\"url\":\"https:\\\/\\\/urbeamea.ro\\\/albaiulia\\\/author\\\/cristina-nicola\\\/\"}]}<\/script>\n<!-- \/ Yoast SEO plugin. -->","yoast_head_json":{"title":"B\u0103rbat din Cugir, amendat de jandarmi pentru c\u0103 s-a certat cu familia - Revista Urbea Mea - Revista de Alba","description":"Un b\u0103rbat \u00een v\u00e2rst\u0103 de 50 de ani din Cugir a fost sanc\u0163ionat de jandarmi, \u00een noaptea de duminic\u0103 spre luni, pentru c\u0103 s-a certat cu familia \u015fi a vrut s\u0103 o","robots":{"index":"index","follow":"follow","max-snippet":"max-snippet:-1","max-image-preview":"max-image-preview:large","max-video-preview":"max-video-preview:-1"},"canonical":"https:\/\/urbeamea.ro\/albaiulia\/barbat-din-cugir-amendat-de-jandarmi-pentru-ca-s-a-certat-cu-familia\/","twitter_card":"summary_large_image","twitter_title":"B\u0103rbat din Cugir, amendat de jandarmi pentru c\u0103 s-a certat cu familia - Revista Urbea Mea - Revista de Alba","twitter_description":"Un b\u0103rbat \u00een v\u00e2rst\u0103 de 50 de ani din Cugir a fost sanc\u0163ionat de jandarmi, \u00een noaptea de duminic\u0103 spre luni, pentru c\u0103 s-a certat cu familia \u015fi a vrut s\u0103 o","twitter_image":"https:\/\/urbeamea.ro\/albaiulia\/wp-content\/uploads\/2015\/05\/jandarmi.jpg","twitter_creator":"@urbeameaweb","twitter_site":"@urbeameaweb","schema":{"@context":"https:\/\/schema.org","@graph":[{"@type":"Article","@id":"https:\/\/urbeamea.ro\/albaiulia\/barbat-din-cugir-amendat-de-jandarmi-pentru-ca-s-a-certat-cu-familia\/#article","isPartOf":{"@id":"https:\/\/urbeamea.ro\/albaiulia\/barbat-din-cugir-amendat-de-jandarmi-pentru-ca-s-a-certat-cu-familia\/"},"author":{"name":"Cristina Ganga","@id":"https:\/\/urbeamea.ro\/albaiulia\/#\/schema\/person\/9700d21fae21c4f038b0b56f4506264a"},"headline":"B\u0103rbat din Cugir, amendat de jandarmi pentru c\u0103 s-a certat cu familia","datePublished":"2016-04-04T07:48:37+00:00","mainEntityOfPage":{"@id":"https:\/\/urbeamea.ro\/albaiulia\/barbat-din-cugir-amendat-de-jandarmi-pentru-ca-s-a-certat-cu-familia\/"},"wordCount":317,"commentCount":0,"image":{"@id":"https:\/\/urbeamea.ro\/albaiulia\/barbat-din-cugir-amendat-de-jandarmi-pentru-ca-s-a-certat-cu-familia\/#primaryimage"},"thumbnailUrl":"https:\/\/urbeamea.ro\/albaiulia\/wp-content\/uploads\/2015\/05\/jandarmi.jpg","keywords":["alba","copii minori","cugir","evacueze","familie","jandarmi","sanctionat","stare de ebrietate","stiri","Urbea Mea"],"articleSection":["Social"],"inLanguage":"ro-RO","potentialAction":[{"@type":"CommentAction","name":"Comment","target":["https:\/\/urbeamea.ro\/albaiulia\/barbat-din-cugir-amendat-de-jandarmi-pentru-ca-s-a-certat-cu-familia\/#respond"]}]},{"@type":"WebPage","@id":"https:\/\/urbeamea.ro\/albaiulia\/barbat-din-cugir-amendat-de-jandarmi-pentru-ca-s-a-certat-cu-familia\/","url":"https:\/\/urbeamea.ro\/albaiulia\/barbat-din-cugir-amendat-de-jandarmi-pentru-ca-s-a-certat-cu-familia\/","name":"B\u0103rbat din Cugir, amendat de jandarmi pentru c\u0103 s-a certat cu familia - Revista Urbea Mea - Revista de Alba","isPartOf":{"@id":"https:\/\/urbeamea.ro\/albaiulia\/#website"},"primaryImageOfPage":{"@id":"https:\/\/urbeamea.ro\/albaiulia\/barbat-din-cugir-amendat-de-jandarmi-pentru-ca-s-a-certat-cu-familia\/#primaryimage"},"image":{"@id":"https:\/\/urbeamea.ro\/albaiulia\/barbat-din-cugir-amendat-de-jandarmi-pentru-ca-s-a-certat-cu-familia\/#primaryimage"},"thumbnailUrl":"https:\/\/urbeamea.ro\/albaiulia\/wp-content\/uploads\/2015\/05\/jandarmi.jpg","datePublished":"2016-04-04T07:48:37+00:00","author":{"@id":"https:\/\/urbeamea.ro\/albaiulia\/#\/schema\/person\/9700d21fae21c4f038b0b56f4506264a"},"description":"Un b\u0103rbat \u00een v\u00e2rst\u0103 de 50 de ani din Cugir a fost sanc\u0163ionat de jandarmi, \u00een noaptea de duminic\u0103 spre luni, pentru c\u0103 s-a certat cu familia \u015fi a vrut s\u0103 o","breadcrumb":{"@id":"https:\/\/urbeamea.ro\/albaiulia\/barbat-din-cugir-amendat-de-jandarmi-pentru-ca-s-a-certat-cu-familia\/#breadcrumb"},"inLanguage":"ro-RO","potentialAction":[{"@type":"ReadAction","target":["https:\/\/urbeamea.ro\/albaiulia\/barbat-din-cugir-amendat-de-jandarmi-pentru-ca-s-a-certat-cu-familia\/"]}]},{"@type":"ImageObject","inLanguage":"ro-RO","@id":"https:\/\/urbeamea.ro\/albaiulia\/barbat-din-cugir-amendat-de-jandarmi-pentru-ca-s-a-certat-cu-familia\/#primaryimage","url":"https:\/\/urbeamea.ro\/albaiulia\/wp-content\/uploads\/2015\/05\/jandarmi.jpg","contentUrl":"https:\/\/urbeamea.ro\/albaiulia\/wp-content\/uploads\/2015\/05\/jandarmi.jpg","width":700,"height":451},{"@type":"BreadcrumbList","@id":"https:\/\/urbeamea.ro\/albaiulia\/barbat-din-cugir-amendat-de-jandarmi-pentru-ca-s-a-certat-cu-familia\/#breadcrumb","itemListElement":[{"@type":"ListItem","position":1,"name":"Prima pagin\u0103","item":"https:\/\/urbeamea.ro\/albaiulia\/"},{"@type":"ListItem","position":2,"name":"B\u0103rbat din Cugir, amendat de jandarmi pentru c\u0103 s-a certat cu familia"}]},{"@type":"WebSite","@id":"https:\/\/urbeamea.ro\/albaiulia\/#website","url":"https:\/\/urbeamea.ro\/albaiulia\/","name":"Revista Urbea Mea, Stiri urbane","description":"Evenimente \u0219i \u0219tiri din Alba Iulia, Sebe\u0219, Aiud, Blaj","potentialAction":[{"@type":"SearchAction","target":{"@type":"EntryPoint","urlTemplate":"https:\/\/urbeamea.ro\/albaiulia\/?s={search_term_string}"},"query-input":{"@type":"PropertyValueSpecification","valueRequired":true,"valueName":"search_term_string"}}],"inLanguage":"ro-RO"},{"@type":"Person","@id":"https:\/\/urbeamea.ro\/albaiulia\/#\/schema\/person\/9700d21fae21c4f038b0b56f4506264a","name":"Cristina Ganga","image":{"@type":"ImageObject","inLanguage":"ro-RO","@id":"https:\/\/secure.gravatar.com\/avatar\/5a67661041f057b4a8ccaf26f5a8e86e2689372006d01faf3dd9eeb10b654bb4?s=96&d=mm&r=g","url":"https:\/\/secure.gravatar.com\/avatar\/5a67661041f057b4a8ccaf26f5a8e86e2689372006d01faf3dd9eeb10b654bb4?s=96&d=mm&r=g","contentUrl":"https:\/\/secure.gravatar.com\/avatar\/5a67661041f057b4a8ccaf26f5a8e86e2689372006d01faf3dd9eeb10b654bb4?s=96&d=mm&r=g","caption":"Cristina Ganga"},"description":"Jurnalist","sameAs":["https:\/\/www.facebook.com\/cristina.nicola.587"],"url":"https:\/\/urbeamea.ro\/albaiulia\/author\/cristina-nicola\/"}]}},"_links":{"self":[{"href":"https:\/\/urbeamea.ro\/albaiulia\/wp-json\/wp\/v2\/posts\/21108","targetHints":{"allow":["GET"]}}],"collection":[{"href":"https:\/\/urbeamea.ro\/albaiulia\/wp-json\/wp\/v2\/posts"}],"about":[{"href":"https:\/\/urbeamea.ro\/albaiulia\/wp-json\/wp\/v2\/types\/post"}],"author":[{"embeddable":true,"href":"https:\/\/urbeamea.ro\/albaiulia\/wp-json\/wp\/v2\/users\/17"}],"replies":[{"embeddable":true,"href":"https:\/\/urbeamea.ro\/albaiulia\/wp-json\/wp\/v2\/comments?post=21108"}],"version-history":[{"count":0,"href":"https:\/\/urbeamea.ro\/albaiulia\/wp-json\/wp\/v2\/posts\/21108\/revisions"}],"wp:featuredmedia":[{"embeddable":true,"href":"https:\/\/urbeamea.ro\/albaiulia\/wp-json\/wp\/v2\/media\/4566"}],"wp:attachment":[{"href":"https:\/\/urbeamea.ro\/albaiulia\/wp-json\/wp\/v2\/media?parent=21108"}],"wp:term":[{"taxonomy":"category","embeddable":true,"href":"https:\/\/urbeamea.ro\/albaiulia\/wp-json\/wp\/v2\/categories?post=21108"},{"taxonomy":"post_tag","embeddable":true,"href":"https:\/\/urbeamea.ro\/albaiulia\/wp-json\/wp\/v2\/tags?post=21108"}],"curies":[{"name":"wp","href":"https:\/\/api.w.org\/{rel}","templated":true}]}}