{"id":21282,"date":"2016-04-07T13:40:29","date_gmt":"2016-04-07T10:40:29","guid":{"rendered":"http:\/\/urbeamea.ro\/albaiulia\/?p=21282"},"modified":"2016-04-07T13:40:29","modified_gmt":"2016-04-07T10:40:29","slug":"tanar-in-varsta-de-19-ani-din-comuna-lupsa-cercetat-pentru-furt","status":"publish","type":"post","link":"https:\/\/urbeamea.ro\/albaiulia\/tanar-in-varsta-de-19-ani-din-comuna-lupsa-cercetat-pentru-furt\/","title":{"rendered":"T\u00e2n\u0103r \u00een v\u00e2rst\u0103 de 19 ani din comuna Lup\u0219a, cercetat pentru furt"},"content":{"rendered":"<p><strong><img loading=\"lazy\" decoding=\"async\" class=\"size-medium wp-image-17608 alignleft\" src=\"http:\/\/urbeamea.ro\/albaiulia\/wp-content\/uploads\/2016\/02\/furt-300x175.jpg\" alt=\"furt\" width=\"300\" height=\"175\" \/>Un t\u00e2n\u0103r de 19 ani din comuna Lup\u0219a este cercetat de poli\u021bi\u0219ti pentru furt dup\u0103 ce, \u00een luna martie, a sustras mai multe bunuri dintr-o magazie aflat\u0103 \u00een spatele locuin\u021bei unui cet\u0103\u021bean din Valea Lup\u0219ii. Prejudiciul este de peste 2.000 de lei.<\/strong><\/p>\n<p>Potrivit IPJ Alba, la data de 6 aprilie, poli\u0163i\u015ftii Postului de Poli\u0163ie Lup\u015fa l-au identificat le I.N., de 19 ani, din comuna Lup\u015fa, ca persoan\u0103 b\u0103nuit\u0103 de comiterea unui furt ce a fost reclamat poli\u0163iei la data de 9 martie.<\/p>\n<p><span lang=\"ro-RO\">Din cercet\u0103rile efectuate de poli\u0163i\u015fti a rezultat c\u0103, \u00een noaptea de 6\/7 martie, t\u00e2n\u0103rul a sustras, dintr-o magazie neasigurat\u0103, aflat\u0103 \u00een spatele locuin\u0163ei unui cet\u0103\u0163ean din localitatea Valea Lup\u015fii, un motofier\u0103str\u0103u mecanic \u015fi un cablu electric, cu lungimea de 20 de metri, bunuri \u00een valoare de 2.100 de lei.<\/span><\/p>\n<p><span lang=\"ro-RO\">Poli\u0163i\u015ftii continu\u0103 cercet\u0103rile, fa\u0163\u0103 de I.N., sub aspectul comiterii infrac\u021biunii de furt, precum \u015fi \u00een vederea stabilirii \u00eentregii sale activit\u0103\u0163i infrac\u021bionale \u015fi recuperarea prejudiciului.<\/span><\/p>\n","protected":false},"excerpt":{"rendered":"<p>Un t\u00e2n\u0103r de 19 ani din comuna Lup\u0219a este cercetat de poli\u021bi\u0219ti pentru furt dup\u0103 ce, \u00een luna martie, a sustras mai multe bunuri dintr-o magazie aflat\u0103 \u00een spatele locuin\u021bei unui cet\u0103\u021bean din Valea Lup\u0219ii. Prejudiciul este de peste 2.000 de lei. Potrivit IPJ Alba, la data de 6 aprilie, poli\u0163i\u015ftii Postului de Poli\u0163ie Lup\u015fa &hellip;<\/p>\n","protected":false},"author":17,"featured_media":17608,"comment_status":"open","ping_status":"open","sticky":false,"template":"","format":"standard","meta":{"inline_featured_image":false,"footnotes":""},"categories":[2034],"tags":[307,2466,2465,3315,3010,458,2986,308,2533,76,4326],"class_list":["post-21282","post","type-post","status-publish","format-standard","has-post-thumbnail","hentry","category-social","tag-alba","tag-bunuri","tag-furt","tag-lupsa","tag-magazie","tag-politisti","tag-prejudiciu","tag-stiri","tag-tanar","tag-urbea-mea","tag-valea-lupsii"],"yoast_head":"<!-- This site is optimized with the Yoast SEO plugin v28.3 - https:\/\/yoast.com\/product\/yoast-seo-wordpress\/ -->\n<title>T\u00e2n\u0103r \u00een v\u00e2rst\u0103 de 19 ani din comuna Lup\u0219a, cercetat pentru furt - Revista Urbea Mea - Revista de Alba<\/title>\n<meta name=\"description\" content=\"Un t\u00e2n\u0103r de 19 ani din comuna Lup\u0219a este cercetat de poli\u021bi\u0219ti pentru furt dup\u0103 ce, \u00een luna martie, a sustras mai multe bunuri dintr-o magazie aflat\u0103 \u00een\" \/>\n<meta name=\"robots\" content=\"index, follow, max-snippet:-1, max-image-preview:large, max-video-preview:-1\" \/>\n<link rel=\"canonical\" href=\"https:\/\/urbeamea.ro\/albaiulia\/tanar-in-varsta-de-19-ani-din-comuna-lupsa-cercetat-pentru-furt\/\" \/>\n<meta name=\"twitter:card\" content=\"summary_large_image\" \/>\n<meta name=\"twitter:title\" content=\"T\u00e2n\u0103r \u00een v\u00e2rst\u0103 de 19 ani din comuna Lup\u0219a, cercetat pentru furt - Revista Urbea Mea - Revista de Alba\" \/>\n<meta name=\"twitter:description\" content=\"Un t\u00e2n\u0103r de 19 ani din comuna Lup\u0219a este cercetat de poli\u021bi\u0219ti pentru furt dup\u0103 ce, \u00een luna martie, a sustras mai multe bunuri dintr-o magazie aflat\u0103 \u00een\" \/>\n<meta name=\"twitter:image\" content=\"https:\/\/urbeamea.ro\/albaiulia\/wp-content\/uploads\/2016\/02\/furt.jpg\" \/>\n<meta name=\"twitter:creator\" content=\"@urbeameaweb\" \/>\n<meta name=\"twitter:site\" content=\"@urbeameaweb\" \/>\n<script type=\"application\/ld+json\" class=\"yoast-schema-graph\">{\"@context\":\"https:\\\/\\\/schema.org\",\"@graph\":[{\"@type\":\"Article\",\"@id\":\"https:\\\/\\\/urbeamea.ro\\\/albaiulia\\\/tanar-in-varsta-de-19-ani-din-comuna-lupsa-cercetat-pentru-furt\\\/#article\",\"isPartOf\":{\"@id\":\"https:\\\/\\\/urbeamea.ro\\\/albaiulia\\\/tanar-in-varsta-de-19-ani-din-comuna-lupsa-cercetat-pentru-furt\\\/\"},\"author\":{\"name\":\"Cristina Ganga\",\"@id\":\"https:\\\/\\\/urbeamea.ro\\\/albaiulia\\\/#\\\/schema\\\/person\\\/9700d21fae21c4f038b0b56f4506264a\"},\"headline\":\"T\u00e2n\u0103r \u00een v\u00e2rst\u0103 de 19 ani din comuna Lup\u0219a, cercetat pentru furt\",\"datePublished\":\"2016-04-07T10:40:29+00:00\",\"mainEntityOfPage\":{\"@id\":\"https:\\\/\\\/urbeamea.ro\\\/albaiulia\\\/tanar-in-varsta-de-19-ani-din-comuna-lupsa-cercetat-pentru-furt\\\/\"},\"wordCount\":195,\"commentCount\":0,\"image\":{\"@id\":\"https:\\\/\\\/urbeamea.ro\\\/albaiulia\\\/tanar-in-varsta-de-19-ani-din-comuna-lupsa-cercetat-pentru-furt\\\/#primaryimage\"},\"thumbnailUrl\":\"https:\\\/\\\/urbeamea.ro\\\/albaiulia\\\/wp-content\\\/uploads\\\/2016\\\/02\\\/furt.jpg\",\"keywords\":[\"alba\",\"bunuri\",\"furt\",\"lupsa\",\"magazie\",\"politisti\",\"prejudiciu\",\"stiri\",\"tanar\",\"Urbea Mea\",\"valea lupsii\"],\"articleSection\":[\"Social\"],\"inLanguage\":\"ro-RO\",\"potentialAction\":[{\"@type\":\"CommentAction\",\"name\":\"Comment\",\"target\":[\"https:\\\/\\\/urbeamea.ro\\\/albaiulia\\\/tanar-in-varsta-de-19-ani-din-comuna-lupsa-cercetat-pentru-furt\\\/#respond\"]}]},{\"@type\":\"WebPage\",\"@id\":\"https:\\\/\\\/urbeamea.ro\\\/albaiulia\\\/tanar-in-varsta-de-19-ani-din-comuna-lupsa-cercetat-pentru-furt\\\/\",\"url\":\"https:\\\/\\\/urbeamea.ro\\\/albaiulia\\\/tanar-in-varsta-de-19-ani-din-comuna-lupsa-cercetat-pentru-furt\\\/\",\"name\":\"T\u00e2n\u0103r \u00een v\u00e2rst\u0103 de 19 ani din comuna Lup\u0219a, cercetat pentru furt - Revista Urbea Mea - Revista de Alba\",\"isPartOf\":{\"@id\":\"https:\\\/\\\/urbeamea.ro\\\/albaiulia\\\/#website\"},\"primaryImageOfPage\":{\"@id\":\"https:\\\/\\\/urbeamea.ro\\\/albaiulia\\\/tanar-in-varsta-de-19-ani-din-comuna-lupsa-cercetat-pentru-furt\\\/#primaryimage\"},\"image\":{\"@id\":\"https:\\\/\\\/urbeamea.ro\\\/albaiulia\\\/tanar-in-varsta-de-19-ani-din-comuna-lupsa-cercetat-pentru-furt\\\/#primaryimage\"},\"thumbnailUrl\":\"https:\\\/\\\/urbeamea.ro\\\/albaiulia\\\/wp-content\\\/uploads\\\/2016\\\/02\\\/furt.jpg\",\"datePublished\":\"2016-04-07T10:40:29+00:00\",\"author\":{\"@id\":\"https:\\\/\\\/urbeamea.ro\\\/albaiulia\\\/#\\\/schema\\\/person\\\/9700d21fae21c4f038b0b56f4506264a\"},\"description\":\"Un t\u00e2n\u0103r de 19 ani din comuna Lup\u0219a este cercetat de poli\u021bi\u0219ti pentru furt dup\u0103 ce, \u00een luna martie, a sustras mai multe bunuri dintr-o magazie aflat\u0103 \u00een\",\"breadcrumb\":{\"@id\":\"https:\\\/\\\/urbeamea.ro\\\/albaiulia\\\/tanar-in-varsta-de-19-ani-din-comuna-lupsa-cercetat-pentru-furt\\\/#breadcrumb\"},\"inLanguage\":\"ro-RO\",\"potentialAction\":[{\"@type\":\"ReadAction\",\"target\":[\"https:\\\/\\\/urbeamea.ro\\\/albaiulia\\\/tanar-in-varsta-de-19-ani-din-comuna-lupsa-cercetat-pentru-furt\\\/\"]}]},{\"@type\":\"ImageObject\",\"inLanguage\":\"ro-RO\",\"@id\":\"https:\\\/\\\/urbeamea.ro\\\/albaiulia\\\/tanar-in-varsta-de-19-ani-din-comuna-lupsa-cercetat-pentru-furt\\\/#primaryimage\",\"url\":\"https:\\\/\\\/urbeamea.ro\\\/albaiulia\\\/wp-content\\\/uploads\\\/2016\\\/02\\\/furt.jpg\",\"contentUrl\":\"https:\\\/\\\/urbeamea.ro\\\/albaiulia\\\/wp-content\\\/uploads\\\/2016\\\/02\\\/furt.jpg\",\"width\":1280,\"height\":746},{\"@type\":\"BreadcrumbList\",\"@id\":\"https:\\\/\\\/urbeamea.ro\\\/albaiulia\\\/tanar-in-varsta-de-19-ani-din-comuna-lupsa-cercetat-pentru-furt\\\/#breadcrumb\",\"itemListElement\":[{\"@type\":\"ListItem\",\"position\":1,\"name\":\"Prima pagin\u0103\",\"item\":\"https:\\\/\\\/urbeamea.ro\\\/albaiulia\\\/\"},{\"@type\":\"ListItem\",\"position\":2,\"name\":\"T\u00e2n\u0103r \u00een v\u00e2rst\u0103 de 19 ani din comuna Lup\u0219a, cercetat pentru furt\"}]},{\"@type\":\"WebSite\",\"@id\":\"https:\\\/\\\/urbeamea.ro\\\/albaiulia\\\/#website\",\"url\":\"https:\\\/\\\/urbeamea.ro\\\/albaiulia\\\/\",\"name\":\"Revista Urbea Mea, Stiri urbane\",\"description\":\"Evenimente \u0219i \u0219tiri din Alba Iulia, Sebe\u0219, Aiud, Blaj\",\"potentialAction\":[{\"@type\":\"SearchAction\",\"target\":{\"@type\":\"EntryPoint\",\"urlTemplate\":\"https:\\\/\\\/urbeamea.ro\\\/albaiulia\\\/?s={search_term_string}\"},\"query-input\":{\"@type\":\"PropertyValueSpecification\",\"valueRequired\":true,\"valueName\":\"search_term_string\"}}],\"inLanguage\":\"ro-RO\"},{\"@type\":\"Person\",\"@id\":\"https:\\\/\\\/urbeamea.ro\\\/albaiulia\\\/#\\\/schema\\\/person\\\/9700d21fae21c4f038b0b56f4506264a\",\"name\":\"Cristina Ganga\",\"image\":{\"@type\":\"ImageObject\",\"inLanguage\":\"ro-RO\",\"@id\":\"https:\\\/\\\/secure.gravatar.com\\\/avatar\\\/5a67661041f057b4a8ccaf26f5a8e86e2689372006d01faf3dd9eeb10b654bb4?s=96&d=mm&r=g\",\"url\":\"https:\\\/\\\/secure.gravatar.com\\\/avatar\\\/5a67661041f057b4a8ccaf26f5a8e86e2689372006d01faf3dd9eeb10b654bb4?s=96&d=mm&r=g\",\"contentUrl\":\"https:\\\/\\\/secure.gravatar.com\\\/avatar\\\/5a67661041f057b4a8ccaf26f5a8e86e2689372006d01faf3dd9eeb10b654bb4?s=96&d=mm&r=g\",\"caption\":\"Cristina Ganga\"},\"description\":\"Jurnalist\",\"sameAs\":[\"https:\\\/\\\/www.facebook.com\\\/cristina.nicola.587\"],\"url\":\"https:\\\/\\\/urbeamea.ro\\\/albaiulia\\\/author\\\/cristina-nicola\\\/\"}]}<\/script>\n<!-- \/ Yoast SEO plugin. -->","yoast_head_json":{"title":"T\u00e2n\u0103r \u00een v\u00e2rst\u0103 de 19 ani din comuna Lup\u0219a, cercetat pentru furt - Revista Urbea Mea - Revista de Alba","description":"Un t\u00e2n\u0103r de 19 ani din comuna Lup\u0219a este cercetat de poli\u021bi\u0219ti pentru furt dup\u0103 ce, \u00een luna martie, a sustras mai multe bunuri dintr-o magazie aflat\u0103 \u00een","robots":{"index":"index","follow":"follow","max-snippet":"max-snippet:-1","max-image-preview":"max-image-preview:large","max-video-preview":"max-video-preview:-1"},"canonical":"https:\/\/urbeamea.ro\/albaiulia\/tanar-in-varsta-de-19-ani-din-comuna-lupsa-cercetat-pentru-furt\/","twitter_card":"summary_large_image","twitter_title":"T\u00e2n\u0103r \u00een v\u00e2rst\u0103 de 19 ani din comuna Lup\u0219a, cercetat pentru furt - Revista Urbea Mea - Revista de Alba","twitter_description":"Un t\u00e2n\u0103r de 19 ani din comuna Lup\u0219a este cercetat de poli\u021bi\u0219ti pentru furt dup\u0103 ce, \u00een luna martie, a sustras mai multe bunuri dintr-o magazie aflat\u0103 \u00een","twitter_image":"https:\/\/urbeamea.ro\/albaiulia\/wp-content\/uploads\/2016\/02\/furt.jpg","twitter_creator":"@urbeameaweb","twitter_site":"@urbeameaweb","schema":{"@context":"https:\/\/schema.org","@graph":[{"@type":"Article","@id":"https:\/\/urbeamea.ro\/albaiulia\/tanar-in-varsta-de-19-ani-din-comuna-lupsa-cercetat-pentru-furt\/#article","isPartOf":{"@id":"https:\/\/urbeamea.ro\/albaiulia\/tanar-in-varsta-de-19-ani-din-comuna-lupsa-cercetat-pentru-furt\/"},"author":{"name":"Cristina Ganga","@id":"https:\/\/urbeamea.ro\/albaiulia\/#\/schema\/person\/9700d21fae21c4f038b0b56f4506264a"},"headline":"T\u00e2n\u0103r \u00een v\u00e2rst\u0103 de 19 ani din comuna Lup\u0219a, cercetat pentru furt","datePublished":"2016-04-07T10:40:29+00:00","mainEntityOfPage":{"@id":"https:\/\/urbeamea.ro\/albaiulia\/tanar-in-varsta-de-19-ani-din-comuna-lupsa-cercetat-pentru-furt\/"},"wordCount":195,"commentCount":0,"image":{"@id":"https:\/\/urbeamea.ro\/albaiulia\/tanar-in-varsta-de-19-ani-din-comuna-lupsa-cercetat-pentru-furt\/#primaryimage"},"thumbnailUrl":"https:\/\/urbeamea.ro\/albaiulia\/wp-content\/uploads\/2016\/02\/furt.jpg","keywords":["alba","bunuri","furt","lupsa","magazie","politisti","prejudiciu","stiri","tanar","Urbea Mea","valea lupsii"],"articleSection":["Social"],"inLanguage":"ro-RO","potentialAction":[{"@type":"CommentAction","name":"Comment","target":["https:\/\/urbeamea.ro\/albaiulia\/tanar-in-varsta-de-19-ani-din-comuna-lupsa-cercetat-pentru-furt\/#respond"]}]},{"@type":"WebPage","@id":"https:\/\/urbeamea.ro\/albaiulia\/tanar-in-varsta-de-19-ani-din-comuna-lupsa-cercetat-pentru-furt\/","url":"https:\/\/urbeamea.ro\/albaiulia\/tanar-in-varsta-de-19-ani-din-comuna-lupsa-cercetat-pentru-furt\/","name":"T\u00e2n\u0103r \u00een v\u00e2rst\u0103 de 19 ani din comuna Lup\u0219a, cercetat pentru furt - Revista Urbea Mea - Revista de Alba","isPartOf":{"@id":"https:\/\/urbeamea.ro\/albaiulia\/#website"},"primaryImageOfPage":{"@id":"https:\/\/urbeamea.ro\/albaiulia\/tanar-in-varsta-de-19-ani-din-comuna-lupsa-cercetat-pentru-furt\/#primaryimage"},"image":{"@id":"https:\/\/urbeamea.ro\/albaiulia\/tanar-in-varsta-de-19-ani-din-comuna-lupsa-cercetat-pentru-furt\/#primaryimage"},"thumbnailUrl":"https:\/\/urbeamea.ro\/albaiulia\/wp-content\/uploads\/2016\/02\/furt.jpg","datePublished":"2016-04-07T10:40:29+00:00","author":{"@id":"https:\/\/urbeamea.ro\/albaiulia\/#\/schema\/person\/9700d21fae21c4f038b0b56f4506264a"},"description":"Un t\u00e2n\u0103r de 19 ani din comuna Lup\u0219a este cercetat de poli\u021bi\u0219ti pentru furt dup\u0103 ce, \u00een luna martie, a sustras mai multe bunuri dintr-o magazie aflat\u0103 \u00een","breadcrumb":{"@id":"https:\/\/urbeamea.ro\/albaiulia\/tanar-in-varsta-de-19-ani-din-comuna-lupsa-cercetat-pentru-furt\/#breadcrumb"},"inLanguage":"ro-RO","potentialAction":[{"@type":"ReadAction","target":["https:\/\/urbeamea.ro\/albaiulia\/tanar-in-varsta-de-19-ani-din-comuna-lupsa-cercetat-pentru-furt\/"]}]},{"@type":"ImageObject","inLanguage":"ro-RO","@id":"https:\/\/urbeamea.ro\/albaiulia\/tanar-in-varsta-de-19-ani-din-comuna-lupsa-cercetat-pentru-furt\/#primaryimage","url":"https:\/\/urbeamea.ro\/albaiulia\/wp-content\/uploads\/2016\/02\/furt.jpg","contentUrl":"https:\/\/urbeamea.ro\/albaiulia\/wp-content\/uploads\/2016\/02\/furt.jpg","width":1280,"height":746},{"@type":"BreadcrumbList","@id":"https:\/\/urbeamea.ro\/albaiulia\/tanar-in-varsta-de-19-ani-din-comuna-lupsa-cercetat-pentru-furt\/#breadcrumb","itemListElement":[{"@type":"ListItem","position":1,"name":"Prima pagin\u0103","item":"https:\/\/urbeamea.ro\/albaiulia\/"},{"@type":"ListItem","position":2,"name":"T\u00e2n\u0103r \u00een v\u00e2rst\u0103 de 19 ani din comuna Lup\u0219a, cercetat pentru furt"}]},{"@type":"WebSite","@id":"https:\/\/urbeamea.ro\/albaiulia\/#website","url":"https:\/\/urbeamea.ro\/albaiulia\/","name":"Revista Urbea Mea, Stiri urbane","description":"Evenimente \u0219i \u0219tiri din Alba Iulia, Sebe\u0219, Aiud, Blaj","potentialAction":[{"@type":"SearchAction","target":{"@type":"EntryPoint","urlTemplate":"https:\/\/urbeamea.ro\/albaiulia\/?s={search_term_string}"},"query-input":{"@type":"PropertyValueSpecification","valueRequired":true,"valueName":"search_term_string"}}],"inLanguage":"ro-RO"},{"@type":"Person","@id":"https:\/\/urbeamea.ro\/albaiulia\/#\/schema\/person\/9700d21fae21c4f038b0b56f4506264a","name":"Cristina Ganga","image":{"@type":"ImageObject","inLanguage":"ro-RO","@id":"https:\/\/secure.gravatar.com\/avatar\/5a67661041f057b4a8ccaf26f5a8e86e2689372006d01faf3dd9eeb10b654bb4?s=96&d=mm&r=g","url":"https:\/\/secure.gravatar.com\/avatar\/5a67661041f057b4a8ccaf26f5a8e86e2689372006d01faf3dd9eeb10b654bb4?s=96&d=mm&r=g","contentUrl":"https:\/\/secure.gravatar.com\/avatar\/5a67661041f057b4a8ccaf26f5a8e86e2689372006d01faf3dd9eeb10b654bb4?s=96&d=mm&r=g","caption":"Cristina Ganga"},"description":"Jurnalist","sameAs":["https:\/\/www.facebook.com\/cristina.nicola.587"],"url":"https:\/\/urbeamea.ro\/albaiulia\/author\/cristina-nicola\/"}]}},"_links":{"self":[{"href":"https:\/\/urbeamea.ro\/albaiulia\/wp-json\/wp\/v2\/posts\/21282","targetHints":{"allow":["GET"]}}],"collection":[{"href":"https:\/\/urbeamea.ro\/albaiulia\/wp-json\/wp\/v2\/posts"}],"about":[{"href":"https:\/\/urbeamea.ro\/albaiulia\/wp-json\/wp\/v2\/types\/post"}],"author":[{"embeddable":true,"href":"https:\/\/urbeamea.ro\/albaiulia\/wp-json\/wp\/v2\/users\/17"}],"replies":[{"embeddable":true,"href":"https:\/\/urbeamea.ro\/albaiulia\/wp-json\/wp\/v2\/comments?post=21282"}],"version-history":[{"count":0,"href":"https:\/\/urbeamea.ro\/albaiulia\/wp-json\/wp\/v2\/posts\/21282\/revisions"}],"wp:featuredmedia":[{"embeddable":true,"href":"https:\/\/urbeamea.ro\/albaiulia\/wp-json\/wp\/v2\/media\/17608"}],"wp:attachment":[{"href":"https:\/\/urbeamea.ro\/albaiulia\/wp-json\/wp\/v2\/media?parent=21282"}],"wp:term":[{"taxonomy":"category","embeddable":true,"href":"https:\/\/urbeamea.ro\/albaiulia\/wp-json\/wp\/v2\/categories?post=21282"},{"taxonomy":"post_tag","embeddable":true,"href":"https:\/\/urbeamea.ro\/albaiulia\/wp-json\/wp\/v2\/tags?post=21282"}],"curies":[{"name":"wp","href":"https:\/\/api.w.org\/{rel}","templated":true}]}}