{"id":21300,"date":"2016-04-07T23:15:52","date_gmt":"2016-04-07T20:15:52","guid":{"rendered":"http:\/\/urbeamea.ro\/albaiulia\/?p=21300"},"modified":"2016-04-08T12:18:42","modified_gmt":"2016-04-08T09:18:42","slug":"accident-la-teleac-un-tanar-si-o-minora-au-fost-acrosati-de-o-masina","status":"publish","type":"post","link":"https:\/\/urbeamea.ro\/albaiulia\/accident-la-teleac-un-tanar-si-o-minora-au-fost-acrosati-de-o-masina\/","title":{"rendered":"Accident la Teleac: Un t\u00e2n\u0103r \u0219i o minor\u0103 au fost acro\u0219a\u021bi de o ma\u0219in\u0103"},"content":{"rendered":"<p><strong><img loading=\"lazy\" decoding=\"async\" class=\"size-medium wp-image-18034 alignleft\" src=\"http:\/\/urbeamea.ro\/albaiulia\/wp-content\/uploads\/2016\/02\/politie-300x188.jpg\" alt=\"politie\" width=\"300\" height=\"188\" srcset=\"https:\/\/urbeamea.ro\/albaiulia\/wp-content\/uploads\/2016\/02\/politie-300x188.jpg 300w, https:\/\/urbeamea.ro\/albaiulia\/wp-content\/uploads\/2016\/02\/politie-150x94.jpg 150w, https:\/\/urbeamea.ro\/albaiulia\/wp-content\/uploads\/2016\/02\/politie-350x220.jpg 350w, https:\/\/urbeamea.ro\/albaiulia\/wp-content\/uploads\/2016\/02\/politie.jpg 480w\" sizes=\"auto, (max-width: 300px) 100vw, 300px\" \/>Un accident rutier s-a produs\u00a0joi seara, \u00een jurul orei 20.00, pe strada Principal\u0103 din localitatea Teleac. Un t\u00e2n\u0103r de 20 de ani \u0219i o minor\u0103 de 12 ani au fost r\u0103ni\u021bi u\u0219or dup\u0103 ce au fost acro\u0219a\u021bi de un autoturism.<\/strong><\/p>\n<p>Traficul rutier a fost restric\u021bionat.<strong><br \/>\n<\/strong><\/p>\n<p>Potrivit primelor informa\u021bii, accidentul s-ar fi petrecut \u00een momentul \u00een care \u0219oferul unui autoturism ar fi intrat \u00een dep\u0103\u0219irea unui microbuz. Autoturismul a lovit un t\u00e2n\u0103r de 20 de ani, iar \u00een \u00eencercarea \u0219oferului de evita impactul, ma\u0219ina ar fi acro\u0219at \u0219i o feti\u021b\u0103 de 12 ani.<\/p>\n<p>Cei doi au fost transporta\u021bi la Spitalul Jude\u021bean de Urgen\u021b\u0103 Alba pentru investiga\u021bii \u0219i \u00eengrijiri medicale.<\/p>\n<p><strong>UPDATE:<\/strong> Potrivit IPJ Alba, la data de 7 aprilie, ora 19.50, Z.F.A. \u00een v\u00e2rst\u0103 de 20 de ani din localitatea Vingard, comuna \u0218pring, \u00een calitate de pieton, aflat \u00een localitatea Teleac, a traversat drumul jude\u021bean prin loc nemarcat \u0219i f\u0103r\u0103 s\u0103 se asigure, moment \u00een care a fost surprins \u0219i accidentat de un autoturism marca Peugeot, \u00eenmatriculat \u00een jude\u021bul Alba, condus de T.A.C. din Ciugud.<\/p>\n<p>\u0218oferul autoturismului, \u00een \u00eencercarea de a evita impactul, a virat st\u00e2nga, lovind cu oglinda st\u00e2ng\u0103 a ma\u0219inii pe C.A. \u00een v\u00e2rst\u0103 de 12 ani din Teleac.<\/p>\n<p><strong>UPDATE1: \u00a0<\/strong>La data de 07.04.2016, \u00een jurul orelor 19.50, pe raza localit\u0103\u0163ii Teleac, Z.F.A., de 19 ani, din comuna \u015epring, jude\u0163ul Alba, \u00een timp ce traversa drumul, prin loc nepermis, a fost acro\u015fat de un autoturism condus de un b\u0103rbat din comuna Ciugud.<\/p>\n<p>\u00cen \u00eencercarea de a evita accidentul, \u015foferul autoturismului a efectuat o manevr\u0103 spre st\u00e2nga, \u00eemprejurare \u00een care a acro\u0219at-o, cu oglinda autoturismului, pe o minor\u0103 de 12 ani, care circula pe marginea p\u0103r\u0163ii carosabile.<\/p>\n<p>\u00cen urma accidentului, cei doi pietoni au suferit leziuni corporale u\u015foare.<\/p>\n<p>\u015eoferul autoturismului a fost testat cu aparatul etilotest, rezultatul fiind negativ.<\/p>\n<p>Cercet\u0103rile sunt continuate.<\/p>\n","protected":false},"excerpt":{"rendered":"<p>Un accident rutier s-a produs\u00a0joi seara, \u00een jurul orei 20.00, pe strada Principal\u0103 din localitatea Teleac. Un t\u00e2n\u0103r de 20 de ani \u0219i o minor\u0103 de 12 ani au fost r\u0103ni\u021bi u\u0219or dup\u0103 ce au fost acro\u0219a\u021bi de un autoturism. Traficul rutier a fost restric\u021bionat. Potrivit primelor informa\u021bii, accidentul s-ar fi petrecut \u00een momentul \u00een &hellip;<\/p>\n","protected":false},"author":17,"featured_media":18034,"comment_status":"open","ping_status":"open","sticky":false,"template":"","format":"standard","meta":{"inline_featured_image":false,"footnotes":""},"categories":[2034],"tags":[2443,3086,307,2416,2445,4271,1334,308,2835,76],"class_list":["post-21300","post","type-post","status-publish","format-standard","has-post-thumbnail","hentry","category-social","tag-accident-rutier","tag-acrosat","tag-alba","tag-autoturism","tag-ingrijiri-medicale","tag-investigatii","tag-spitalul-judetean-alba","tag-stiri","tag-teleac","tag-urbea-mea"],"yoast_head":"<!-- This site is optimized with the Yoast SEO plugin v27.4 - https:\/\/yoast.com\/product\/yoast-seo-wordpress\/ -->\n<title>Accident la Teleac: Un t\u00e2n\u0103r \u0219i o minor\u0103 au fost acro\u0219a\u021bi de o ma\u0219in\u0103 - Revista Urbea Mea - Revista de Alba<\/title>\n<meta name=\"description\" content=\"Un accident rutier s-a produs\u00a0joi seara, \u00een jurul orei 20.00, pe strada Principal\u0103 din localitatea Teleac. Un t\u00e2n\u0103r de 20 de ani \u0219i o minor\u0103 de 12 ani au\" \/>\n<meta name=\"robots\" content=\"index, follow, max-snippet:-1, max-image-preview:large, max-video-preview:-1\" \/>\n<link rel=\"canonical\" href=\"https:\/\/urbeamea.ro\/albaiulia\/accident-la-teleac-un-tanar-si-o-minora-au-fost-acrosati-de-o-masina\/\" \/>\n<meta name=\"twitter:card\" content=\"summary_large_image\" \/>\n<meta name=\"twitter:title\" content=\"Accident la Teleac: Un t\u00e2n\u0103r \u0219i o minor\u0103 au fost acro\u0219a\u021bi de o ma\u0219in\u0103 - Revista Urbea Mea - Revista de Alba\" \/>\n<meta name=\"twitter:description\" content=\"Un accident rutier s-a produs\u00a0joi seara, \u00een jurul orei 20.00, pe strada Principal\u0103 din localitatea Teleac. Un t\u00e2n\u0103r de 20 de ani \u0219i o minor\u0103 de 12 ani au\" \/>\n<meta name=\"twitter:image\" content=\"https:\/\/urbeamea.ro\/albaiulia\/wp-content\/uploads\/2016\/02\/politie.jpg\" \/>\n<meta name=\"twitter:creator\" content=\"@urbeameaweb\" \/>\n<meta name=\"twitter:site\" content=\"@urbeameaweb\" \/>\n<script type=\"application\/ld+json\" class=\"yoast-schema-graph\">{\"@context\":\"https:\\\/\\\/schema.org\",\"@graph\":[{\"@type\":\"Article\",\"@id\":\"https:\\\/\\\/urbeamea.ro\\\/albaiulia\\\/accident-la-teleac-un-tanar-si-o-minora-au-fost-acrosati-de-o-masina\\\/#article\",\"isPartOf\":{\"@id\":\"https:\\\/\\\/urbeamea.ro\\\/albaiulia\\\/accident-la-teleac-un-tanar-si-o-minora-au-fost-acrosati-de-o-masina\\\/\"},\"author\":{\"name\":\"Cristina Ganga\",\"@id\":\"https:\\\/\\\/urbeamea.ro\\\/albaiulia\\\/#\\\/schema\\\/person\\\/9700d21fae21c4f038b0b56f4506264a\"},\"headline\":\"Accident la Teleac: Un t\u00e2n\u0103r \u0219i o minor\u0103 au fost acro\u0219a\u021bi de o ma\u0219in\u0103\",\"datePublished\":\"2016-04-07T20:15:52+00:00\",\"dateModified\":\"2016-04-08T09:18:42+00:00\",\"mainEntityOfPage\":{\"@id\":\"https:\\\/\\\/urbeamea.ro\\\/albaiulia\\\/accident-la-teleac-un-tanar-si-o-minora-au-fost-acrosati-de-o-masina\\\/\"},\"wordCount\":350,\"commentCount\":0,\"image\":{\"@id\":\"https:\\\/\\\/urbeamea.ro\\\/albaiulia\\\/accident-la-teleac-un-tanar-si-o-minora-au-fost-acrosati-de-o-masina\\\/#primaryimage\"},\"thumbnailUrl\":\"https:\\\/\\\/urbeamea.ro\\\/albaiulia\\\/wp-content\\\/uploads\\\/2016\\\/02\\\/politie.jpg\",\"keywords\":[\"accident rutier\",\"acrosat\",\"alba\",\"autoturism\",\"ingrijiri medicale\",\"investigatii\",\"spitalul judetean alba\",\"stiri\",\"teleac\",\"Urbea Mea\"],\"articleSection\":[\"Social\"],\"inLanguage\":\"ro-RO\",\"potentialAction\":[{\"@type\":\"CommentAction\",\"name\":\"Comment\",\"target\":[\"https:\\\/\\\/urbeamea.ro\\\/albaiulia\\\/accident-la-teleac-un-tanar-si-o-minora-au-fost-acrosati-de-o-masina\\\/#respond\"]}]},{\"@type\":\"WebPage\",\"@id\":\"https:\\\/\\\/urbeamea.ro\\\/albaiulia\\\/accident-la-teleac-un-tanar-si-o-minora-au-fost-acrosati-de-o-masina\\\/\",\"url\":\"https:\\\/\\\/urbeamea.ro\\\/albaiulia\\\/accident-la-teleac-un-tanar-si-o-minora-au-fost-acrosati-de-o-masina\\\/\",\"name\":\"Accident la Teleac: Un t\u00e2n\u0103r \u0219i o minor\u0103 au fost acro\u0219a\u021bi de o ma\u0219in\u0103 - Revista Urbea Mea - Revista de Alba\",\"isPartOf\":{\"@id\":\"https:\\\/\\\/urbeamea.ro\\\/albaiulia\\\/#website\"},\"primaryImageOfPage\":{\"@id\":\"https:\\\/\\\/urbeamea.ro\\\/albaiulia\\\/accident-la-teleac-un-tanar-si-o-minora-au-fost-acrosati-de-o-masina\\\/#primaryimage\"},\"image\":{\"@id\":\"https:\\\/\\\/urbeamea.ro\\\/albaiulia\\\/accident-la-teleac-un-tanar-si-o-minora-au-fost-acrosati-de-o-masina\\\/#primaryimage\"},\"thumbnailUrl\":\"https:\\\/\\\/urbeamea.ro\\\/albaiulia\\\/wp-content\\\/uploads\\\/2016\\\/02\\\/politie.jpg\",\"datePublished\":\"2016-04-07T20:15:52+00:00\",\"dateModified\":\"2016-04-08T09:18:42+00:00\",\"author\":{\"@id\":\"https:\\\/\\\/urbeamea.ro\\\/albaiulia\\\/#\\\/schema\\\/person\\\/9700d21fae21c4f038b0b56f4506264a\"},\"description\":\"Un accident rutier s-a produs\u00a0joi seara, \u00een jurul orei 20.00, pe strada Principal\u0103 din localitatea Teleac. Un t\u00e2n\u0103r de 20 de ani \u0219i o minor\u0103 de 12 ani au\",\"breadcrumb\":{\"@id\":\"https:\\\/\\\/urbeamea.ro\\\/albaiulia\\\/accident-la-teleac-un-tanar-si-o-minora-au-fost-acrosati-de-o-masina\\\/#breadcrumb\"},\"inLanguage\":\"ro-RO\",\"potentialAction\":[{\"@type\":\"ReadAction\",\"target\":[\"https:\\\/\\\/urbeamea.ro\\\/albaiulia\\\/accident-la-teleac-un-tanar-si-o-minora-au-fost-acrosati-de-o-masina\\\/\"]}]},{\"@type\":\"ImageObject\",\"inLanguage\":\"ro-RO\",\"@id\":\"https:\\\/\\\/urbeamea.ro\\\/albaiulia\\\/accident-la-teleac-un-tanar-si-o-minora-au-fost-acrosati-de-o-masina\\\/#primaryimage\",\"url\":\"https:\\\/\\\/urbeamea.ro\\\/albaiulia\\\/wp-content\\\/uploads\\\/2016\\\/02\\\/politie.jpg\",\"contentUrl\":\"https:\\\/\\\/urbeamea.ro\\\/albaiulia\\\/wp-content\\\/uploads\\\/2016\\\/02\\\/politie.jpg\",\"width\":480,\"height\":300},{\"@type\":\"BreadcrumbList\",\"@id\":\"https:\\\/\\\/urbeamea.ro\\\/albaiulia\\\/accident-la-teleac-un-tanar-si-o-minora-au-fost-acrosati-de-o-masina\\\/#breadcrumb\",\"itemListElement\":[{\"@type\":\"ListItem\",\"position\":1,\"name\":\"Prima pagin\u0103\",\"item\":\"https:\\\/\\\/urbeamea.ro\\\/albaiulia\\\/\"},{\"@type\":\"ListItem\",\"position\":2,\"name\":\"Accident la Teleac: Un t\u00e2n\u0103r \u0219i o minor\u0103 au fost acro\u0219a\u021bi de o ma\u0219in\u0103\"}]},{\"@type\":\"WebSite\",\"@id\":\"https:\\\/\\\/urbeamea.ro\\\/albaiulia\\\/#website\",\"url\":\"https:\\\/\\\/urbeamea.ro\\\/albaiulia\\\/\",\"name\":\"Revista Urbea Mea, Stiri urbane\",\"description\":\"Evenimente \u0219i \u0219tiri din Alba Iulia, Sebe\u0219, Aiud, Blaj\",\"potentialAction\":[{\"@type\":\"SearchAction\",\"target\":{\"@type\":\"EntryPoint\",\"urlTemplate\":\"https:\\\/\\\/urbeamea.ro\\\/albaiulia\\\/?s={search_term_string}\"},\"query-input\":{\"@type\":\"PropertyValueSpecification\",\"valueRequired\":true,\"valueName\":\"search_term_string\"}}],\"inLanguage\":\"ro-RO\"},{\"@type\":\"Person\",\"@id\":\"https:\\\/\\\/urbeamea.ro\\\/albaiulia\\\/#\\\/schema\\\/person\\\/9700d21fae21c4f038b0b56f4506264a\",\"name\":\"Cristina Ganga\",\"image\":{\"@type\":\"ImageObject\",\"inLanguage\":\"ro-RO\",\"@id\":\"https:\\\/\\\/secure.gravatar.com\\\/avatar\\\/5a67661041f057b4a8ccaf26f5a8e86e2689372006d01faf3dd9eeb10b654bb4?s=96&d=mm&r=g\",\"url\":\"https:\\\/\\\/secure.gravatar.com\\\/avatar\\\/5a67661041f057b4a8ccaf26f5a8e86e2689372006d01faf3dd9eeb10b654bb4?s=96&d=mm&r=g\",\"contentUrl\":\"https:\\\/\\\/secure.gravatar.com\\\/avatar\\\/5a67661041f057b4a8ccaf26f5a8e86e2689372006d01faf3dd9eeb10b654bb4?s=96&d=mm&r=g\",\"caption\":\"Cristina Ganga\"},\"description\":\"Jurnalist\",\"sameAs\":[\"https:\\\/\\\/www.facebook.com\\\/cristina.nicola.587\"],\"url\":\"https:\\\/\\\/urbeamea.ro\\\/albaiulia\\\/author\\\/cristina-nicola\\\/\"}]}<\/script>\n<!-- \/ Yoast SEO plugin. -->","yoast_head_json":{"title":"Accident la Teleac: Un t\u00e2n\u0103r \u0219i o minor\u0103 au fost acro\u0219a\u021bi de o ma\u0219in\u0103 - Revista Urbea Mea - Revista de Alba","description":"Un accident rutier s-a produs\u00a0joi seara, \u00een jurul orei 20.00, pe strada Principal\u0103 din localitatea Teleac. Un t\u00e2n\u0103r de 20 de ani \u0219i o minor\u0103 de 12 ani au","robots":{"index":"index","follow":"follow","max-snippet":"max-snippet:-1","max-image-preview":"max-image-preview:large","max-video-preview":"max-video-preview:-1"},"canonical":"https:\/\/urbeamea.ro\/albaiulia\/accident-la-teleac-un-tanar-si-o-minora-au-fost-acrosati-de-o-masina\/","twitter_card":"summary_large_image","twitter_title":"Accident la Teleac: Un t\u00e2n\u0103r \u0219i o minor\u0103 au fost acro\u0219a\u021bi de o ma\u0219in\u0103 - Revista Urbea Mea - Revista de Alba","twitter_description":"Un accident rutier s-a produs\u00a0joi seara, \u00een jurul orei 20.00, pe strada Principal\u0103 din localitatea Teleac. Un t\u00e2n\u0103r de 20 de ani \u0219i o minor\u0103 de 12 ani au","twitter_image":"https:\/\/urbeamea.ro\/albaiulia\/wp-content\/uploads\/2016\/02\/politie.jpg","twitter_creator":"@urbeameaweb","twitter_site":"@urbeameaweb","schema":{"@context":"https:\/\/schema.org","@graph":[{"@type":"Article","@id":"https:\/\/urbeamea.ro\/albaiulia\/accident-la-teleac-un-tanar-si-o-minora-au-fost-acrosati-de-o-masina\/#article","isPartOf":{"@id":"https:\/\/urbeamea.ro\/albaiulia\/accident-la-teleac-un-tanar-si-o-minora-au-fost-acrosati-de-o-masina\/"},"author":{"name":"Cristina Ganga","@id":"https:\/\/urbeamea.ro\/albaiulia\/#\/schema\/person\/9700d21fae21c4f038b0b56f4506264a"},"headline":"Accident la Teleac: Un t\u00e2n\u0103r \u0219i o minor\u0103 au fost acro\u0219a\u021bi de o ma\u0219in\u0103","datePublished":"2016-04-07T20:15:52+00:00","dateModified":"2016-04-08T09:18:42+00:00","mainEntityOfPage":{"@id":"https:\/\/urbeamea.ro\/albaiulia\/accident-la-teleac-un-tanar-si-o-minora-au-fost-acrosati-de-o-masina\/"},"wordCount":350,"commentCount":0,"image":{"@id":"https:\/\/urbeamea.ro\/albaiulia\/accident-la-teleac-un-tanar-si-o-minora-au-fost-acrosati-de-o-masina\/#primaryimage"},"thumbnailUrl":"https:\/\/urbeamea.ro\/albaiulia\/wp-content\/uploads\/2016\/02\/politie.jpg","keywords":["accident rutier","acrosat","alba","autoturism","ingrijiri medicale","investigatii","spitalul judetean alba","stiri","teleac","Urbea Mea"],"articleSection":["Social"],"inLanguage":"ro-RO","potentialAction":[{"@type":"CommentAction","name":"Comment","target":["https:\/\/urbeamea.ro\/albaiulia\/accident-la-teleac-un-tanar-si-o-minora-au-fost-acrosati-de-o-masina\/#respond"]}]},{"@type":"WebPage","@id":"https:\/\/urbeamea.ro\/albaiulia\/accident-la-teleac-un-tanar-si-o-minora-au-fost-acrosati-de-o-masina\/","url":"https:\/\/urbeamea.ro\/albaiulia\/accident-la-teleac-un-tanar-si-o-minora-au-fost-acrosati-de-o-masina\/","name":"Accident la Teleac: Un t\u00e2n\u0103r \u0219i o minor\u0103 au fost acro\u0219a\u021bi de o ma\u0219in\u0103 - Revista Urbea Mea - Revista de Alba","isPartOf":{"@id":"https:\/\/urbeamea.ro\/albaiulia\/#website"},"primaryImageOfPage":{"@id":"https:\/\/urbeamea.ro\/albaiulia\/accident-la-teleac-un-tanar-si-o-minora-au-fost-acrosati-de-o-masina\/#primaryimage"},"image":{"@id":"https:\/\/urbeamea.ro\/albaiulia\/accident-la-teleac-un-tanar-si-o-minora-au-fost-acrosati-de-o-masina\/#primaryimage"},"thumbnailUrl":"https:\/\/urbeamea.ro\/albaiulia\/wp-content\/uploads\/2016\/02\/politie.jpg","datePublished":"2016-04-07T20:15:52+00:00","dateModified":"2016-04-08T09:18:42+00:00","author":{"@id":"https:\/\/urbeamea.ro\/albaiulia\/#\/schema\/person\/9700d21fae21c4f038b0b56f4506264a"},"description":"Un accident rutier s-a produs\u00a0joi seara, \u00een jurul orei 20.00, pe strada Principal\u0103 din localitatea Teleac. Un t\u00e2n\u0103r de 20 de ani \u0219i o minor\u0103 de 12 ani au","breadcrumb":{"@id":"https:\/\/urbeamea.ro\/albaiulia\/accident-la-teleac-un-tanar-si-o-minora-au-fost-acrosati-de-o-masina\/#breadcrumb"},"inLanguage":"ro-RO","potentialAction":[{"@type":"ReadAction","target":["https:\/\/urbeamea.ro\/albaiulia\/accident-la-teleac-un-tanar-si-o-minora-au-fost-acrosati-de-o-masina\/"]}]},{"@type":"ImageObject","inLanguage":"ro-RO","@id":"https:\/\/urbeamea.ro\/albaiulia\/accident-la-teleac-un-tanar-si-o-minora-au-fost-acrosati-de-o-masina\/#primaryimage","url":"https:\/\/urbeamea.ro\/albaiulia\/wp-content\/uploads\/2016\/02\/politie.jpg","contentUrl":"https:\/\/urbeamea.ro\/albaiulia\/wp-content\/uploads\/2016\/02\/politie.jpg","width":480,"height":300},{"@type":"BreadcrumbList","@id":"https:\/\/urbeamea.ro\/albaiulia\/accident-la-teleac-un-tanar-si-o-minora-au-fost-acrosati-de-o-masina\/#breadcrumb","itemListElement":[{"@type":"ListItem","position":1,"name":"Prima pagin\u0103","item":"https:\/\/urbeamea.ro\/albaiulia\/"},{"@type":"ListItem","position":2,"name":"Accident la Teleac: Un t\u00e2n\u0103r \u0219i o minor\u0103 au fost acro\u0219a\u021bi de o ma\u0219in\u0103"}]},{"@type":"WebSite","@id":"https:\/\/urbeamea.ro\/albaiulia\/#website","url":"https:\/\/urbeamea.ro\/albaiulia\/","name":"Revista Urbea Mea, Stiri urbane","description":"Evenimente \u0219i \u0219tiri din Alba Iulia, Sebe\u0219, Aiud, Blaj","potentialAction":[{"@type":"SearchAction","target":{"@type":"EntryPoint","urlTemplate":"https:\/\/urbeamea.ro\/albaiulia\/?s={search_term_string}"},"query-input":{"@type":"PropertyValueSpecification","valueRequired":true,"valueName":"search_term_string"}}],"inLanguage":"ro-RO"},{"@type":"Person","@id":"https:\/\/urbeamea.ro\/albaiulia\/#\/schema\/person\/9700d21fae21c4f038b0b56f4506264a","name":"Cristina Ganga","image":{"@type":"ImageObject","inLanguage":"ro-RO","@id":"https:\/\/secure.gravatar.com\/avatar\/5a67661041f057b4a8ccaf26f5a8e86e2689372006d01faf3dd9eeb10b654bb4?s=96&d=mm&r=g","url":"https:\/\/secure.gravatar.com\/avatar\/5a67661041f057b4a8ccaf26f5a8e86e2689372006d01faf3dd9eeb10b654bb4?s=96&d=mm&r=g","contentUrl":"https:\/\/secure.gravatar.com\/avatar\/5a67661041f057b4a8ccaf26f5a8e86e2689372006d01faf3dd9eeb10b654bb4?s=96&d=mm&r=g","caption":"Cristina Ganga"},"description":"Jurnalist","sameAs":["https:\/\/www.facebook.com\/cristina.nicola.587"],"url":"https:\/\/urbeamea.ro\/albaiulia\/author\/cristina-nicola\/"}]}},"_links":{"self":[{"href":"https:\/\/urbeamea.ro\/albaiulia\/wp-json\/wp\/v2\/posts\/21300","targetHints":{"allow":["GET"]}}],"collection":[{"href":"https:\/\/urbeamea.ro\/albaiulia\/wp-json\/wp\/v2\/posts"}],"about":[{"href":"https:\/\/urbeamea.ro\/albaiulia\/wp-json\/wp\/v2\/types\/post"}],"author":[{"embeddable":true,"href":"https:\/\/urbeamea.ro\/albaiulia\/wp-json\/wp\/v2\/users\/17"}],"replies":[{"embeddable":true,"href":"https:\/\/urbeamea.ro\/albaiulia\/wp-json\/wp\/v2\/comments?post=21300"}],"version-history":[{"count":0,"href":"https:\/\/urbeamea.ro\/albaiulia\/wp-json\/wp\/v2\/posts\/21300\/revisions"}],"wp:featuredmedia":[{"embeddable":true,"href":"https:\/\/urbeamea.ro\/albaiulia\/wp-json\/wp\/v2\/media\/18034"}],"wp:attachment":[{"href":"https:\/\/urbeamea.ro\/albaiulia\/wp-json\/wp\/v2\/media?parent=21300"}],"wp:term":[{"taxonomy":"category","embeddable":true,"href":"https:\/\/urbeamea.ro\/albaiulia\/wp-json\/wp\/v2\/categories?post=21300"},{"taxonomy":"post_tag","embeddable":true,"href":"https:\/\/urbeamea.ro\/albaiulia\/wp-json\/wp\/v2\/tags?post=21300"}],"curies":[{"name":"wp","href":"https:\/\/api.w.org\/{rel}","templated":true}]}}