{"id":21822,"date":"2016-04-11T18:17:11","date_gmt":"2016-04-11T15:17:11","guid":{"rendered":"http:\/\/urbeamea.ro\/albaiulia\/?p=21822"},"modified":"2016-04-11T18:17:11","modified_gmt":"2016-04-11T15:17:11","slug":"ipj-alba-anunta-prelungirea-termenului-pentru-depunerea-fiselor-medicale-la-concursul-de-ocupare-a-functiilor-de-ajutor-sef-de-post","status":"publish","type":"post","link":"https:\/\/urbeamea.ro\/albaiulia\/ipj-alba-anunta-prelungirea-termenului-pentru-depunerea-fiselor-medicale-la-concursul-de-ocupare-a-functiilor-de-ajutor-sef-de-post\/","title":{"rendered":"IPJ Alba anun\u021b\u0103 prelungirea termenului pentru depunerea fi\u015felor medicale la concursul de ocupare a func\u0163iilor de ajutor \u015fef de post"},"content":{"rendered":"<p><strong><img loading=\"lazy\" decoding=\"async\" class=\"size-medium wp-image-7025 alignleft\" src=\"http:\/\/urbeamea.ro\/albaiulia\/wp-content\/uploads\/2015\/08\/30masiniIPJAlba-300x225.jpg\" alt=\"30masiniIPJAlba\" width=\"300\" height=\"225\" srcset=\"https:\/\/urbeamea.ro\/albaiulia\/wp-content\/uploads\/2015\/08\/30masiniIPJAlba-300x225.jpg 300w, https:\/\/urbeamea.ro\/albaiulia\/wp-content\/uploads\/2015\/08\/30masiniIPJAlba-150x113.jpg 150w, https:\/\/urbeamea.ro\/albaiulia\/wp-content\/uploads\/2015\/08\/30masiniIPJAlba.jpg 600w\" sizes=\"auto, (max-width: 300px) 100vw, 300px\" \/>Inspectoratul de Poli\u0163ie Jude\u0163ean Alba anun\u021b\u0103\u00a0participan\u0163ii la concursul organizat pentru ocuparea celor 50 de func\u021bii de ajutor \u015fef de post din surs\u0103 extern\u0103 \u015fi celui pentru re\u00eencadrarea unui fost poli\u0163ist c\u0103 a fost prelungit termenul pentru depunerea fi\u015felor medicale.<\/strong><\/p>\n<p>Av\u00e2nd \u00een vedere num\u0103rul candida\u021bilor \u00eenscri\u0219i la concursul de ocupare a 50 de posturi de agent de poli\u021bie, prin \u00eencadrare direct\u0103, din surs\u0103 extern\u0103, pentru asigurarwa bunei desf\u0103\u0219ur\u0103ri a procedurii de concurs, precum \u0219i a cadrului administrativ necesar complet\u0103rii dosarelor de recrutare cu fi\u0219a medical\u0103-tip de \u00eencadrare \u00een Ministerul Afacerilor Interne, data-limit\u0103 de completare a dosarelor de recrutare, de c\u0103tre candida\u021bii \u00eenscri\u0219i la concurs, se prelunge\u0219te p\u00e2n\u0103 la 22 aprilie 2016 inclusiv, numai cu privire la depunerea fi\u0219ei medicale-tip.<\/p>\n<p>Completarea dosarelor de recrutare cu celelalte documente, except\u00e2nd fi\u0219a-medical\u0103 tip, prev\u0103zute de anun\u021bul de scoatere la concurs a posturilor, trebuie finalizat\u0103 de c\u0103tre candida\u021bi p\u00e2n\u0103 la data de 15 aprilie 2016 inclusiv.<\/p>\n<p>La Inspectoratul de Poli\u0163ie Jude\u0163ean Alba s-au prezentat 718 candida\u0163i care s-au \u00eenscris la concursul organizat, \u00een vederea ocup\u0103rii, din surs\u0103 extern\u0103, a unui num\u0103r de 51 de func\u0163ii de ajutor \u015fef de post, la posturile de poli\u0163ie comunale din jude\u0163ul Alba (50 \u2013 \u00eencadrare din surs\u0103 extern\u0103 \u015fi unul pentru re\u00eencadrare unui fost poli\u0163ist).<\/p>\n","protected":false},"excerpt":{"rendered":"<p>Inspectoratul de Poli\u0163ie Jude\u0163ean Alba anun\u021b\u0103\u00a0participan\u0163ii la concursul organizat pentru ocuparea celor 50 de func\u021bii de ajutor \u015fef de post din surs\u0103 extern\u0103 \u015fi celui pentru re\u00eencadrarea unui fost poli\u0163ist c\u0103 a fost prelungit termenul pentru depunerea fi\u015felor medicale. Av\u00e2nd \u00een vedere num\u0103rul candida\u021bilor \u00eenscri\u0219i la concursul de ocupare a 50 de posturi de agent &hellip;<\/p>\n","protected":false},"author":17,"featured_media":7025,"comment_status":"open","ping_status":"open","sticky":false,"template":"","format":"standard","meta":{"inline_featured_image":false,"footnotes":""},"categories":[2034],"tags":[4339,492,4351,4409,457,2930,4410,308,76],"class_list":["post-21822","post","type-post","status-publish","format-standard","has-post-thumbnail","hentry","category-social","tag-ajutor-sef-de-post","tag-concurs","tag-dosare-de-recrutare","tag-fise-medicale","tag-ipj-alba","tag-politist","tag-prelungire","tag-stiri","tag-urbea-mea"],"yoast_head":"<!-- This site is optimized with the Yoast SEO plugin v28.3 - https:\/\/yoast.com\/product\/yoast-seo-wordpress\/ -->\n<title>IPJ Alba anun\u021b\u0103 prelungirea termenului pentru depunerea fi\u015felor medicale la concursul de ocupare a func\u0163iilor de ajutor \u015fef de post - Revista Urbea Mea - Revista de Alba<\/title>\n<meta name=\"description\" content=\"Inspectoratul de Poli\u0163ie Jude\u0163ean Alba anun\u021b\u0103\u00a0participan\u0163ii la concursul organizat pentru ocuparea celor 50 de func\u021bii de ajutor \u015fef de post din surs\u0103\" \/>\n<meta name=\"robots\" content=\"index, follow, max-snippet:-1, max-image-preview:large, max-video-preview:-1\" \/>\n<link rel=\"canonical\" href=\"https:\/\/urbeamea.ro\/albaiulia\/ipj-alba-anunta-prelungirea-termenului-pentru-depunerea-fiselor-medicale-la-concursul-de-ocupare-a-functiilor-de-ajutor-sef-de-post\/\" \/>\n<meta name=\"twitter:card\" content=\"summary_large_image\" \/>\n<meta name=\"twitter:title\" content=\"IPJ Alba anun\u021b\u0103 prelungirea termenului pentru depunerea fi\u015felor medicale la concursul de ocupare a func\u0163iilor de ajutor \u015fef de post - Revista Urbea Mea - Revista de Alba\" \/>\n<meta name=\"twitter:description\" content=\"Inspectoratul de Poli\u0163ie Jude\u0163ean Alba anun\u021b\u0103\u00a0participan\u0163ii la concursul organizat pentru ocuparea celor 50 de func\u021bii de ajutor \u015fef de post din surs\u0103\" \/>\n<meta name=\"twitter:image\" content=\"https:\/\/urbeamea.ro\/albaiulia\/wp-content\/uploads\/2015\/08\/30masiniIPJAlba.jpg\" \/>\n<meta name=\"twitter:creator\" content=\"@urbeameaweb\" \/>\n<meta name=\"twitter:site\" content=\"@urbeameaweb\" \/>\n<script type=\"application\/ld+json\" class=\"yoast-schema-graph\">{\"@context\":\"https:\\\/\\\/schema.org\",\"@graph\":[{\"@type\":\"Article\",\"@id\":\"https:\\\/\\\/urbeamea.ro\\\/albaiulia\\\/ipj-alba-anunta-prelungirea-termenului-pentru-depunerea-fiselor-medicale-la-concursul-de-ocupare-a-functiilor-de-ajutor-sef-de-post\\\/#article\",\"isPartOf\":{\"@id\":\"https:\\\/\\\/urbeamea.ro\\\/albaiulia\\\/ipj-alba-anunta-prelungirea-termenului-pentru-depunerea-fiselor-medicale-la-concursul-de-ocupare-a-functiilor-de-ajutor-sef-de-post\\\/\"},\"author\":{\"name\":\"Cristina Ganga\",\"@id\":\"https:\\\/\\\/urbeamea.ro\\\/albaiulia\\\/#\\\/schema\\\/person\\\/9700d21fae21c4f038b0b56f4506264a\"},\"headline\":\"IPJ Alba anun\u021b\u0103 prelungirea termenului pentru depunerea fi\u015felor medicale la concursul de ocupare a func\u0163iilor de ajutor \u015fef de post\",\"datePublished\":\"2016-04-11T15:17:11+00:00\",\"mainEntityOfPage\":{\"@id\":\"https:\\\/\\\/urbeamea.ro\\\/albaiulia\\\/ipj-alba-anunta-prelungirea-termenului-pentru-depunerea-fiselor-medicale-la-concursul-de-ocupare-a-functiilor-de-ajutor-sef-de-post\\\/\"},\"wordCount\":258,\"commentCount\":0,\"image\":{\"@id\":\"https:\\\/\\\/urbeamea.ro\\\/albaiulia\\\/ipj-alba-anunta-prelungirea-termenului-pentru-depunerea-fiselor-medicale-la-concursul-de-ocupare-a-functiilor-de-ajutor-sef-de-post\\\/#primaryimage\"},\"thumbnailUrl\":\"https:\\\/\\\/urbeamea.ro\\\/albaiulia\\\/wp-content\\\/uploads\\\/2015\\\/08\\\/30masiniIPJAlba.jpg\",\"keywords\":[\"ajutor sef de post\",\"concurs\",\"dosare de recrutare\",\"fise medicale\",\"IPJ Alba\",\"politist\",\"prelungire\",\"stiri\",\"Urbea Mea\"],\"articleSection\":[\"Social\"],\"inLanguage\":\"ro-RO\",\"potentialAction\":[{\"@type\":\"CommentAction\",\"name\":\"Comment\",\"target\":[\"https:\\\/\\\/urbeamea.ro\\\/albaiulia\\\/ipj-alba-anunta-prelungirea-termenului-pentru-depunerea-fiselor-medicale-la-concursul-de-ocupare-a-functiilor-de-ajutor-sef-de-post\\\/#respond\"]}]},{\"@type\":\"WebPage\",\"@id\":\"https:\\\/\\\/urbeamea.ro\\\/albaiulia\\\/ipj-alba-anunta-prelungirea-termenului-pentru-depunerea-fiselor-medicale-la-concursul-de-ocupare-a-functiilor-de-ajutor-sef-de-post\\\/\",\"url\":\"https:\\\/\\\/urbeamea.ro\\\/albaiulia\\\/ipj-alba-anunta-prelungirea-termenului-pentru-depunerea-fiselor-medicale-la-concursul-de-ocupare-a-functiilor-de-ajutor-sef-de-post\\\/\",\"name\":\"IPJ Alba anun\u021b\u0103 prelungirea termenului pentru depunerea fi\u015felor medicale la concursul de ocupare a func\u0163iilor de ajutor \u015fef de post - Revista Urbea Mea - Revista de Alba\",\"isPartOf\":{\"@id\":\"https:\\\/\\\/urbeamea.ro\\\/albaiulia\\\/#website\"},\"primaryImageOfPage\":{\"@id\":\"https:\\\/\\\/urbeamea.ro\\\/albaiulia\\\/ipj-alba-anunta-prelungirea-termenului-pentru-depunerea-fiselor-medicale-la-concursul-de-ocupare-a-functiilor-de-ajutor-sef-de-post\\\/#primaryimage\"},\"image\":{\"@id\":\"https:\\\/\\\/urbeamea.ro\\\/albaiulia\\\/ipj-alba-anunta-prelungirea-termenului-pentru-depunerea-fiselor-medicale-la-concursul-de-ocupare-a-functiilor-de-ajutor-sef-de-post\\\/#primaryimage\"},\"thumbnailUrl\":\"https:\\\/\\\/urbeamea.ro\\\/albaiulia\\\/wp-content\\\/uploads\\\/2015\\\/08\\\/30masiniIPJAlba.jpg\",\"datePublished\":\"2016-04-11T15:17:11+00:00\",\"author\":{\"@id\":\"https:\\\/\\\/urbeamea.ro\\\/albaiulia\\\/#\\\/schema\\\/person\\\/9700d21fae21c4f038b0b56f4506264a\"},\"description\":\"Inspectoratul de Poli\u0163ie Jude\u0163ean Alba anun\u021b\u0103\u00a0participan\u0163ii la concursul organizat pentru ocuparea celor 50 de func\u021bii de ajutor \u015fef de post din surs\u0103\",\"breadcrumb\":{\"@id\":\"https:\\\/\\\/urbeamea.ro\\\/albaiulia\\\/ipj-alba-anunta-prelungirea-termenului-pentru-depunerea-fiselor-medicale-la-concursul-de-ocupare-a-functiilor-de-ajutor-sef-de-post\\\/#breadcrumb\"},\"inLanguage\":\"ro-RO\",\"potentialAction\":[{\"@type\":\"ReadAction\",\"target\":[\"https:\\\/\\\/urbeamea.ro\\\/albaiulia\\\/ipj-alba-anunta-prelungirea-termenului-pentru-depunerea-fiselor-medicale-la-concursul-de-ocupare-a-functiilor-de-ajutor-sef-de-post\\\/\"]}]},{\"@type\":\"ImageObject\",\"inLanguage\":\"ro-RO\",\"@id\":\"https:\\\/\\\/urbeamea.ro\\\/albaiulia\\\/ipj-alba-anunta-prelungirea-termenului-pentru-depunerea-fiselor-medicale-la-concursul-de-ocupare-a-functiilor-de-ajutor-sef-de-post\\\/#primaryimage\",\"url\":\"https:\\\/\\\/urbeamea.ro\\\/albaiulia\\\/wp-content\\\/uploads\\\/2015\\\/08\\\/30masiniIPJAlba.jpg\",\"contentUrl\":\"https:\\\/\\\/urbeamea.ro\\\/albaiulia\\\/wp-content\\\/uploads\\\/2015\\\/08\\\/30masiniIPJAlba.jpg\",\"width\":600,\"height\":450},{\"@type\":\"BreadcrumbList\",\"@id\":\"https:\\\/\\\/urbeamea.ro\\\/albaiulia\\\/ipj-alba-anunta-prelungirea-termenului-pentru-depunerea-fiselor-medicale-la-concursul-de-ocupare-a-functiilor-de-ajutor-sef-de-post\\\/#breadcrumb\",\"itemListElement\":[{\"@type\":\"ListItem\",\"position\":1,\"name\":\"Prima pagin\u0103\",\"item\":\"https:\\\/\\\/urbeamea.ro\\\/albaiulia\\\/\"},{\"@type\":\"ListItem\",\"position\":2,\"name\":\"IPJ Alba anun\u021b\u0103 prelungirea termenului pentru depunerea fi\u015felor medicale la concursul de ocupare a func\u0163iilor de ajutor \u015fef de post\"}]},{\"@type\":\"WebSite\",\"@id\":\"https:\\\/\\\/urbeamea.ro\\\/albaiulia\\\/#website\",\"url\":\"https:\\\/\\\/urbeamea.ro\\\/albaiulia\\\/\",\"name\":\"Revista Urbea Mea, Stiri urbane\",\"description\":\"Evenimente \u0219i \u0219tiri din Alba Iulia, Sebe\u0219, Aiud, Blaj\",\"potentialAction\":[{\"@type\":\"SearchAction\",\"target\":{\"@type\":\"EntryPoint\",\"urlTemplate\":\"https:\\\/\\\/urbeamea.ro\\\/albaiulia\\\/?s={search_term_string}\"},\"query-input\":{\"@type\":\"PropertyValueSpecification\",\"valueRequired\":true,\"valueName\":\"search_term_string\"}}],\"inLanguage\":\"ro-RO\"},{\"@type\":\"Person\",\"@id\":\"https:\\\/\\\/urbeamea.ro\\\/albaiulia\\\/#\\\/schema\\\/person\\\/9700d21fae21c4f038b0b56f4506264a\",\"name\":\"Cristina Ganga\",\"image\":{\"@type\":\"ImageObject\",\"inLanguage\":\"ro-RO\",\"@id\":\"https:\\\/\\\/secure.gravatar.com\\\/avatar\\\/5a67661041f057b4a8ccaf26f5a8e86e2689372006d01faf3dd9eeb10b654bb4?s=96&d=mm&r=g\",\"url\":\"https:\\\/\\\/secure.gravatar.com\\\/avatar\\\/5a67661041f057b4a8ccaf26f5a8e86e2689372006d01faf3dd9eeb10b654bb4?s=96&d=mm&r=g\",\"contentUrl\":\"https:\\\/\\\/secure.gravatar.com\\\/avatar\\\/5a67661041f057b4a8ccaf26f5a8e86e2689372006d01faf3dd9eeb10b654bb4?s=96&d=mm&r=g\",\"caption\":\"Cristina Ganga\"},\"description\":\"Jurnalist\",\"sameAs\":[\"https:\\\/\\\/www.facebook.com\\\/cristina.nicola.587\"],\"url\":\"https:\\\/\\\/urbeamea.ro\\\/albaiulia\\\/author\\\/cristina-nicola\\\/\"}]}<\/script>\n<!-- \/ Yoast SEO plugin. -->","yoast_head_json":{"title":"IPJ Alba anun\u021b\u0103 prelungirea termenului pentru depunerea fi\u015felor medicale la concursul de ocupare a func\u0163iilor de ajutor \u015fef de post - Revista Urbea Mea - Revista de Alba","description":"Inspectoratul de Poli\u0163ie Jude\u0163ean Alba anun\u021b\u0103\u00a0participan\u0163ii la concursul organizat pentru ocuparea celor 50 de func\u021bii de ajutor \u015fef de post din surs\u0103","robots":{"index":"index","follow":"follow","max-snippet":"max-snippet:-1","max-image-preview":"max-image-preview:large","max-video-preview":"max-video-preview:-1"},"canonical":"https:\/\/urbeamea.ro\/albaiulia\/ipj-alba-anunta-prelungirea-termenului-pentru-depunerea-fiselor-medicale-la-concursul-de-ocupare-a-functiilor-de-ajutor-sef-de-post\/","twitter_card":"summary_large_image","twitter_title":"IPJ Alba anun\u021b\u0103 prelungirea termenului pentru depunerea fi\u015felor medicale la concursul de ocupare a func\u0163iilor de ajutor \u015fef de post - Revista Urbea Mea - Revista de Alba","twitter_description":"Inspectoratul de Poli\u0163ie Jude\u0163ean Alba anun\u021b\u0103\u00a0participan\u0163ii la concursul organizat pentru ocuparea celor 50 de func\u021bii de ajutor \u015fef de post din surs\u0103","twitter_image":"https:\/\/urbeamea.ro\/albaiulia\/wp-content\/uploads\/2015\/08\/30masiniIPJAlba.jpg","twitter_creator":"@urbeameaweb","twitter_site":"@urbeameaweb","schema":{"@context":"https:\/\/schema.org","@graph":[{"@type":"Article","@id":"https:\/\/urbeamea.ro\/albaiulia\/ipj-alba-anunta-prelungirea-termenului-pentru-depunerea-fiselor-medicale-la-concursul-de-ocupare-a-functiilor-de-ajutor-sef-de-post\/#article","isPartOf":{"@id":"https:\/\/urbeamea.ro\/albaiulia\/ipj-alba-anunta-prelungirea-termenului-pentru-depunerea-fiselor-medicale-la-concursul-de-ocupare-a-functiilor-de-ajutor-sef-de-post\/"},"author":{"name":"Cristina Ganga","@id":"https:\/\/urbeamea.ro\/albaiulia\/#\/schema\/person\/9700d21fae21c4f038b0b56f4506264a"},"headline":"IPJ Alba anun\u021b\u0103 prelungirea termenului pentru depunerea fi\u015felor medicale la concursul de ocupare a func\u0163iilor de ajutor \u015fef de post","datePublished":"2016-04-11T15:17:11+00:00","mainEntityOfPage":{"@id":"https:\/\/urbeamea.ro\/albaiulia\/ipj-alba-anunta-prelungirea-termenului-pentru-depunerea-fiselor-medicale-la-concursul-de-ocupare-a-functiilor-de-ajutor-sef-de-post\/"},"wordCount":258,"commentCount":0,"image":{"@id":"https:\/\/urbeamea.ro\/albaiulia\/ipj-alba-anunta-prelungirea-termenului-pentru-depunerea-fiselor-medicale-la-concursul-de-ocupare-a-functiilor-de-ajutor-sef-de-post\/#primaryimage"},"thumbnailUrl":"https:\/\/urbeamea.ro\/albaiulia\/wp-content\/uploads\/2015\/08\/30masiniIPJAlba.jpg","keywords":["ajutor sef de post","concurs","dosare de recrutare","fise medicale","IPJ Alba","politist","prelungire","stiri","Urbea Mea"],"articleSection":["Social"],"inLanguage":"ro-RO","potentialAction":[{"@type":"CommentAction","name":"Comment","target":["https:\/\/urbeamea.ro\/albaiulia\/ipj-alba-anunta-prelungirea-termenului-pentru-depunerea-fiselor-medicale-la-concursul-de-ocupare-a-functiilor-de-ajutor-sef-de-post\/#respond"]}]},{"@type":"WebPage","@id":"https:\/\/urbeamea.ro\/albaiulia\/ipj-alba-anunta-prelungirea-termenului-pentru-depunerea-fiselor-medicale-la-concursul-de-ocupare-a-functiilor-de-ajutor-sef-de-post\/","url":"https:\/\/urbeamea.ro\/albaiulia\/ipj-alba-anunta-prelungirea-termenului-pentru-depunerea-fiselor-medicale-la-concursul-de-ocupare-a-functiilor-de-ajutor-sef-de-post\/","name":"IPJ Alba anun\u021b\u0103 prelungirea termenului pentru depunerea fi\u015felor medicale la concursul de ocupare a func\u0163iilor de ajutor \u015fef de post - Revista Urbea Mea - Revista de Alba","isPartOf":{"@id":"https:\/\/urbeamea.ro\/albaiulia\/#website"},"primaryImageOfPage":{"@id":"https:\/\/urbeamea.ro\/albaiulia\/ipj-alba-anunta-prelungirea-termenului-pentru-depunerea-fiselor-medicale-la-concursul-de-ocupare-a-functiilor-de-ajutor-sef-de-post\/#primaryimage"},"image":{"@id":"https:\/\/urbeamea.ro\/albaiulia\/ipj-alba-anunta-prelungirea-termenului-pentru-depunerea-fiselor-medicale-la-concursul-de-ocupare-a-functiilor-de-ajutor-sef-de-post\/#primaryimage"},"thumbnailUrl":"https:\/\/urbeamea.ro\/albaiulia\/wp-content\/uploads\/2015\/08\/30masiniIPJAlba.jpg","datePublished":"2016-04-11T15:17:11+00:00","author":{"@id":"https:\/\/urbeamea.ro\/albaiulia\/#\/schema\/person\/9700d21fae21c4f038b0b56f4506264a"},"description":"Inspectoratul de Poli\u0163ie Jude\u0163ean Alba anun\u021b\u0103\u00a0participan\u0163ii la concursul organizat pentru ocuparea celor 50 de func\u021bii de ajutor \u015fef de post din surs\u0103","breadcrumb":{"@id":"https:\/\/urbeamea.ro\/albaiulia\/ipj-alba-anunta-prelungirea-termenului-pentru-depunerea-fiselor-medicale-la-concursul-de-ocupare-a-functiilor-de-ajutor-sef-de-post\/#breadcrumb"},"inLanguage":"ro-RO","potentialAction":[{"@type":"ReadAction","target":["https:\/\/urbeamea.ro\/albaiulia\/ipj-alba-anunta-prelungirea-termenului-pentru-depunerea-fiselor-medicale-la-concursul-de-ocupare-a-functiilor-de-ajutor-sef-de-post\/"]}]},{"@type":"ImageObject","inLanguage":"ro-RO","@id":"https:\/\/urbeamea.ro\/albaiulia\/ipj-alba-anunta-prelungirea-termenului-pentru-depunerea-fiselor-medicale-la-concursul-de-ocupare-a-functiilor-de-ajutor-sef-de-post\/#primaryimage","url":"https:\/\/urbeamea.ro\/albaiulia\/wp-content\/uploads\/2015\/08\/30masiniIPJAlba.jpg","contentUrl":"https:\/\/urbeamea.ro\/albaiulia\/wp-content\/uploads\/2015\/08\/30masiniIPJAlba.jpg","width":600,"height":450},{"@type":"BreadcrumbList","@id":"https:\/\/urbeamea.ro\/albaiulia\/ipj-alba-anunta-prelungirea-termenului-pentru-depunerea-fiselor-medicale-la-concursul-de-ocupare-a-functiilor-de-ajutor-sef-de-post\/#breadcrumb","itemListElement":[{"@type":"ListItem","position":1,"name":"Prima pagin\u0103","item":"https:\/\/urbeamea.ro\/albaiulia\/"},{"@type":"ListItem","position":2,"name":"IPJ Alba anun\u021b\u0103 prelungirea termenului pentru depunerea fi\u015felor medicale la concursul de ocupare a func\u0163iilor de ajutor \u015fef de post"}]},{"@type":"WebSite","@id":"https:\/\/urbeamea.ro\/albaiulia\/#website","url":"https:\/\/urbeamea.ro\/albaiulia\/","name":"Revista Urbea Mea, Stiri urbane","description":"Evenimente \u0219i \u0219tiri din Alba Iulia, Sebe\u0219, Aiud, Blaj","potentialAction":[{"@type":"SearchAction","target":{"@type":"EntryPoint","urlTemplate":"https:\/\/urbeamea.ro\/albaiulia\/?s={search_term_string}"},"query-input":{"@type":"PropertyValueSpecification","valueRequired":true,"valueName":"search_term_string"}}],"inLanguage":"ro-RO"},{"@type":"Person","@id":"https:\/\/urbeamea.ro\/albaiulia\/#\/schema\/person\/9700d21fae21c4f038b0b56f4506264a","name":"Cristina Ganga","image":{"@type":"ImageObject","inLanguage":"ro-RO","@id":"https:\/\/secure.gravatar.com\/avatar\/5a67661041f057b4a8ccaf26f5a8e86e2689372006d01faf3dd9eeb10b654bb4?s=96&d=mm&r=g","url":"https:\/\/secure.gravatar.com\/avatar\/5a67661041f057b4a8ccaf26f5a8e86e2689372006d01faf3dd9eeb10b654bb4?s=96&d=mm&r=g","contentUrl":"https:\/\/secure.gravatar.com\/avatar\/5a67661041f057b4a8ccaf26f5a8e86e2689372006d01faf3dd9eeb10b654bb4?s=96&d=mm&r=g","caption":"Cristina Ganga"},"description":"Jurnalist","sameAs":["https:\/\/www.facebook.com\/cristina.nicola.587"],"url":"https:\/\/urbeamea.ro\/albaiulia\/author\/cristina-nicola\/"}]}},"_links":{"self":[{"href":"https:\/\/urbeamea.ro\/albaiulia\/wp-json\/wp\/v2\/posts\/21822","targetHints":{"allow":["GET"]}}],"collection":[{"href":"https:\/\/urbeamea.ro\/albaiulia\/wp-json\/wp\/v2\/posts"}],"about":[{"href":"https:\/\/urbeamea.ro\/albaiulia\/wp-json\/wp\/v2\/types\/post"}],"author":[{"embeddable":true,"href":"https:\/\/urbeamea.ro\/albaiulia\/wp-json\/wp\/v2\/users\/17"}],"replies":[{"embeddable":true,"href":"https:\/\/urbeamea.ro\/albaiulia\/wp-json\/wp\/v2\/comments?post=21822"}],"version-history":[{"count":0,"href":"https:\/\/urbeamea.ro\/albaiulia\/wp-json\/wp\/v2\/posts\/21822\/revisions"}],"wp:featuredmedia":[{"embeddable":true,"href":"https:\/\/urbeamea.ro\/albaiulia\/wp-json\/wp\/v2\/media\/7025"}],"wp:attachment":[{"href":"https:\/\/urbeamea.ro\/albaiulia\/wp-json\/wp\/v2\/media?parent=21822"}],"wp:term":[{"taxonomy":"category","embeddable":true,"href":"https:\/\/urbeamea.ro\/albaiulia\/wp-json\/wp\/v2\/categories?post=21822"},{"taxonomy":"post_tag","embeddable":true,"href":"https:\/\/urbeamea.ro\/albaiulia\/wp-json\/wp\/v2\/tags?post=21822"}],"curies":[{"name":"wp","href":"https:\/\/api.w.org\/{rel}","templated":true}]}}