{"id":21881,"date":"2016-04-13T12:09:21","date_gmt":"2016-04-13T09:09:21","guid":{"rendered":"http:\/\/urbeamea.ro\/albaiulia\/?p=21881"},"modified":"2016-04-13T12:09:21","modified_gmt":"2016-04-13T09:09:21","slug":"tragedie-la-uioara-de-sus-barbat-de-72-de-ani-gasit-fara-suflare-intr-un-apartament","status":"publish","type":"post","link":"https:\/\/urbeamea.ro\/albaiulia\/tragedie-la-uioara-de-sus-barbat-de-72-de-ani-gasit-fara-suflare-intr-un-apartament\/","title":{"rendered":"Tragedie la Uioara de Sus: B\u0103rbat de 72 de ani, g\u0103sit f\u0103r\u0103 suflare \u00eentr-un apartament"},"content":{"rendered":"<p><strong><img loading=\"lazy\" decoding=\"async\" class=\"size-medium wp-image-19248 alignleft\" src=\"http:\/\/urbeamea.ro\/albaiulia\/wp-content\/uploads\/2016\/03\/decedat-300x205.jpg\" alt=\"decedat\" width=\"300\" height=\"205\" srcset=\"https:\/\/urbeamea.ro\/albaiulia\/wp-content\/uploads\/2016\/03\/decedat-300x205.jpg 300w, https:\/\/urbeamea.ro\/albaiulia\/wp-content\/uploads\/2016\/03\/decedat-150x102.jpg 150w, https:\/\/urbeamea.ro\/albaiulia\/wp-content\/uploads\/2016\/03\/decedat.jpg 440w\" sizes=\"auto, (max-width: 300px) 100vw, 300px\" \/>Un b\u0103rbat \u00een v\u00e2rst\u0103 de 72 de ani a fost g\u0103sit mort, \u00eentr-un apartament din Ocna Mure\u015f. Acesta era cunoscut ca av\u00e2nd probleme de s\u0103n\u0103tate, nu mai r\u0103spundea la telefon, astfel \u00eenc\u00e2t, pentru a putea intra \u00een locuin\u0163\u0103, au intervenit pompierii din Aiud.<\/strong><\/p>\n<p>Pompierii din Aiud au intervenit miercuri, \u00een jurul amiezii, pentru deblocarea accesului \u00eentr-un apartament din Ocna Mure\u015f. \u00cen interior au g\u0103sit un b\u0103rbat aflat \u00een stare de incon\u015ftien\u0163\u0103, medicii \u00eencerc\u00e2nd prin manevre de resuscitare s\u0103-i salveze via\u0163a. Ulterior, a fost constatat decesul acestuia.<\/p>\n<p>Interven\u0163ia s-a desf\u0103\u015furat \u00een zona Uioara de Sus, \u00een Ocna Mure\u015f. De la ISU \u2013 Deta\u015famentul Aiud, au intervenit patru subofi\u0163eri cu o autospecial\u0103, pentru deblocarea accesului \u00een apartament.<\/p>\n<p>Apelul la for\u0163ele de interven\u0163ie a fost dat dup\u0103 ce b\u0103rbatul, cunoscut cu probleme de s\u0103n\u0103tate, nu mai r\u0103spundea la telefon.<\/p>\n","protected":false},"excerpt":{"rendered":"<p>Un b\u0103rbat \u00een v\u00e2rst\u0103 de 72 de ani a fost g\u0103sit mort, \u00eentr-un apartament din Ocna Mure\u015f. Acesta era cunoscut ca av\u00e2nd probleme de s\u0103n\u0103tate, nu mai r\u0103spundea la telefon, astfel \u00eenc\u00e2t, pentru a putea intra \u00een locuin\u0163\u0103, au intervenit pompierii din Aiud. Pompierii din Aiud au intervenit miercuri, \u00een jurul amiezii, pentru deblocarea accesului &hellip;<\/p>\n","protected":false},"author":17,"featured_media":19248,"comment_status":"open","ping_status":"open","sticky":false,"template":"","format":"standard","meta":{"inline_featured_image":false,"footnotes":""},"categories":[2034],"tags":[2971,2408,4461,2973,2415,2456,2468,312,4460,308,76],"class_list":["post-21881","post","type-post","status-publish","format-standard","has-post-thumbnail","hentry","category-social","tag-barbat","tag-decedat","tag-detasamentul-aiud","tag-interventie","tag-locuinta","tag-medici","tag-ocna-mures","tag-pompieri","tag-probleme-de-sanatate","tag-stiri","tag-urbea-mea"],"yoast_head":"<!-- This site is optimized with the Yoast SEO plugin v27.4 - https:\/\/yoast.com\/product\/yoast-seo-wordpress\/ -->\n<title>Tragedie la Uioara de Sus: B\u0103rbat de 72 de ani, g\u0103sit f\u0103r\u0103 suflare \u00eentr-un apartament - Revista Urbea Mea - Revista de Alba<\/title>\n<meta name=\"description\" content=\"Un b\u0103rbat \u00een v\u00e2rst\u0103 de 72 de ani a fost g\u0103sit mort, \u00eentr-un apartament din Ocna Mure\u015f. Acesta era cunoscut ca av\u00e2nd probleme de s\u0103n\u0103tate, nu mai r\u0103spundea\" \/>\n<meta name=\"robots\" content=\"index, follow, max-snippet:-1, max-image-preview:large, max-video-preview:-1\" \/>\n<link rel=\"canonical\" href=\"https:\/\/urbeamea.ro\/albaiulia\/tragedie-la-uioara-de-sus-barbat-de-72-de-ani-gasit-fara-suflare-intr-un-apartament\/\" \/>\n<meta name=\"twitter:card\" content=\"summary_large_image\" \/>\n<meta name=\"twitter:title\" content=\"Tragedie la Uioara de Sus: B\u0103rbat de 72 de ani, g\u0103sit f\u0103r\u0103 suflare \u00eentr-un apartament - Revista Urbea Mea - Revista de Alba\" \/>\n<meta name=\"twitter:description\" content=\"Un b\u0103rbat \u00een v\u00e2rst\u0103 de 72 de ani a fost g\u0103sit mort, \u00eentr-un apartament din Ocna Mure\u015f. Acesta era cunoscut ca av\u00e2nd probleme de s\u0103n\u0103tate, nu mai r\u0103spundea\" \/>\n<meta name=\"twitter:image\" content=\"https:\/\/urbeamea.ro\/albaiulia\/wp-content\/uploads\/2016\/03\/decedat.jpg\" \/>\n<meta name=\"twitter:creator\" content=\"@urbeameaweb\" \/>\n<meta name=\"twitter:site\" content=\"@urbeameaweb\" \/>\n<script type=\"application\/ld+json\" class=\"yoast-schema-graph\">{\"@context\":\"https:\\\/\\\/schema.org\",\"@graph\":[{\"@type\":\"Article\",\"@id\":\"https:\\\/\\\/urbeamea.ro\\\/albaiulia\\\/tragedie-la-uioara-de-sus-barbat-de-72-de-ani-gasit-fara-suflare-intr-un-apartament\\\/#article\",\"isPartOf\":{\"@id\":\"https:\\\/\\\/urbeamea.ro\\\/albaiulia\\\/tragedie-la-uioara-de-sus-barbat-de-72-de-ani-gasit-fara-suflare-intr-un-apartament\\\/\"},\"author\":{\"name\":\"Cristina Ganga\",\"@id\":\"https:\\\/\\\/urbeamea.ro\\\/albaiulia\\\/#\\\/schema\\\/person\\\/9700d21fae21c4f038b0b56f4506264a\"},\"headline\":\"Tragedie la Uioara de Sus: B\u0103rbat de 72 de ani, g\u0103sit f\u0103r\u0103 suflare \u00eentr-un apartament\",\"datePublished\":\"2016-04-13T09:09:21+00:00\",\"mainEntityOfPage\":{\"@id\":\"https:\\\/\\\/urbeamea.ro\\\/albaiulia\\\/tragedie-la-uioara-de-sus-barbat-de-72-de-ani-gasit-fara-suflare-intr-un-apartament\\\/\"},\"wordCount\":175,\"commentCount\":0,\"image\":{\"@id\":\"https:\\\/\\\/urbeamea.ro\\\/albaiulia\\\/tragedie-la-uioara-de-sus-barbat-de-72-de-ani-gasit-fara-suflare-intr-un-apartament\\\/#primaryimage\"},\"thumbnailUrl\":\"https:\\\/\\\/urbeamea.ro\\\/albaiulia\\\/wp-content\\\/uploads\\\/2016\\\/03\\\/decedat.jpg\",\"keywords\":[\"barbat\",\"decedat\",\"detasamentul aiud\",\"interventie\",\"locuinta\",\"medici\",\"ocna mures\",\"pompieri\",\"probleme de sanatate\",\"stiri\",\"Urbea Mea\"],\"articleSection\":[\"Social\"],\"inLanguage\":\"ro-RO\",\"potentialAction\":[{\"@type\":\"CommentAction\",\"name\":\"Comment\",\"target\":[\"https:\\\/\\\/urbeamea.ro\\\/albaiulia\\\/tragedie-la-uioara-de-sus-barbat-de-72-de-ani-gasit-fara-suflare-intr-un-apartament\\\/#respond\"]}]},{\"@type\":\"WebPage\",\"@id\":\"https:\\\/\\\/urbeamea.ro\\\/albaiulia\\\/tragedie-la-uioara-de-sus-barbat-de-72-de-ani-gasit-fara-suflare-intr-un-apartament\\\/\",\"url\":\"https:\\\/\\\/urbeamea.ro\\\/albaiulia\\\/tragedie-la-uioara-de-sus-barbat-de-72-de-ani-gasit-fara-suflare-intr-un-apartament\\\/\",\"name\":\"Tragedie la Uioara de Sus: B\u0103rbat de 72 de ani, g\u0103sit f\u0103r\u0103 suflare \u00eentr-un apartament - Revista Urbea Mea - Revista de Alba\",\"isPartOf\":{\"@id\":\"https:\\\/\\\/urbeamea.ro\\\/albaiulia\\\/#website\"},\"primaryImageOfPage\":{\"@id\":\"https:\\\/\\\/urbeamea.ro\\\/albaiulia\\\/tragedie-la-uioara-de-sus-barbat-de-72-de-ani-gasit-fara-suflare-intr-un-apartament\\\/#primaryimage\"},\"image\":{\"@id\":\"https:\\\/\\\/urbeamea.ro\\\/albaiulia\\\/tragedie-la-uioara-de-sus-barbat-de-72-de-ani-gasit-fara-suflare-intr-un-apartament\\\/#primaryimage\"},\"thumbnailUrl\":\"https:\\\/\\\/urbeamea.ro\\\/albaiulia\\\/wp-content\\\/uploads\\\/2016\\\/03\\\/decedat.jpg\",\"datePublished\":\"2016-04-13T09:09:21+00:00\",\"author\":{\"@id\":\"https:\\\/\\\/urbeamea.ro\\\/albaiulia\\\/#\\\/schema\\\/person\\\/9700d21fae21c4f038b0b56f4506264a\"},\"description\":\"Un b\u0103rbat \u00een v\u00e2rst\u0103 de 72 de ani a fost g\u0103sit mort, \u00eentr-un apartament din Ocna Mure\u015f. Acesta era cunoscut ca av\u00e2nd probleme de s\u0103n\u0103tate, nu mai r\u0103spundea\",\"breadcrumb\":{\"@id\":\"https:\\\/\\\/urbeamea.ro\\\/albaiulia\\\/tragedie-la-uioara-de-sus-barbat-de-72-de-ani-gasit-fara-suflare-intr-un-apartament\\\/#breadcrumb\"},\"inLanguage\":\"ro-RO\",\"potentialAction\":[{\"@type\":\"ReadAction\",\"target\":[\"https:\\\/\\\/urbeamea.ro\\\/albaiulia\\\/tragedie-la-uioara-de-sus-barbat-de-72-de-ani-gasit-fara-suflare-intr-un-apartament\\\/\"]}]},{\"@type\":\"ImageObject\",\"inLanguage\":\"ro-RO\",\"@id\":\"https:\\\/\\\/urbeamea.ro\\\/albaiulia\\\/tragedie-la-uioara-de-sus-barbat-de-72-de-ani-gasit-fara-suflare-intr-un-apartament\\\/#primaryimage\",\"url\":\"https:\\\/\\\/urbeamea.ro\\\/albaiulia\\\/wp-content\\\/uploads\\\/2016\\\/03\\\/decedat.jpg\",\"contentUrl\":\"https:\\\/\\\/urbeamea.ro\\\/albaiulia\\\/wp-content\\\/uploads\\\/2016\\\/03\\\/decedat.jpg\",\"width\":440,\"height\":300},{\"@type\":\"BreadcrumbList\",\"@id\":\"https:\\\/\\\/urbeamea.ro\\\/albaiulia\\\/tragedie-la-uioara-de-sus-barbat-de-72-de-ani-gasit-fara-suflare-intr-un-apartament\\\/#breadcrumb\",\"itemListElement\":[{\"@type\":\"ListItem\",\"position\":1,\"name\":\"Prima pagin\u0103\",\"item\":\"https:\\\/\\\/urbeamea.ro\\\/albaiulia\\\/\"},{\"@type\":\"ListItem\",\"position\":2,\"name\":\"Tragedie la Uioara de Sus: B\u0103rbat de 72 de ani, g\u0103sit f\u0103r\u0103 suflare \u00eentr-un apartament\"}]},{\"@type\":\"WebSite\",\"@id\":\"https:\\\/\\\/urbeamea.ro\\\/albaiulia\\\/#website\",\"url\":\"https:\\\/\\\/urbeamea.ro\\\/albaiulia\\\/\",\"name\":\"Revista Urbea Mea, Stiri urbane\",\"description\":\"Evenimente \u0219i \u0219tiri din Alba Iulia, Sebe\u0219, Aiud, Blaj\",\"potentialAction\":[{\"@type\":\"SearchAction\",\"target\":{\"@type\":\"EntryPoint\",\"urlTemplate\":\"https:\\\/\\\/urbeamea.ro\\\/albaiulia\\\/?s={search_term_string}\"},\"query-input\":{\"@type\":\"PropertyValueSpecification\",\"valueRequired\":true,\"valueName\":\"search_term_string\"}}],\"inLanguage\":\"ro-RO\"},{\"@type\":\"Person\",\"@id\":\"https:\\\/\\\/urbeamea.ro\\\/albaiulia\\\/#\\\/schema\\\/person\\\/9700d21fae21c4f038b0b56f4506264a\",\"name\":\"Cristina Ganga\",\"image\":{\"@type\":\"ImageObject\",\"inLanguage\":\"ro-RO\",\"@id\":\"https:\\\/\\\/secure.gravatar.com\\\/avatar\\\/5a67661041f057b4a8ccaf26f5a8e86e2689372006d01faf3dd9eeb10b654bb4?s=96&d=mm&r=g\",\"url\":\"https:\\\/\\\/secure.gravatar.com\\\/avatar\\\/5a67661041f057b4a8ccaf26f5a8e86e2689372006d01faf3dd9eeb10b654bb4?s=96&d=mm&r=g\",\"contentUrl\":\"https:\\\/\\\/secure.gravatar.com\\\/avatar\\\/5a67661041f057b4a8ccaf26f5a8e86e2689372006d01faf3dd9eeb10b654bb4?s=96&d=mm&r=g\",\"caption\":\"Cristina Ganga\"},\"description\":\"Jurnalist\",\"sameAs\":[\"https:\\\/\\\/www.facebook.com\\\/cristina.nicola.587\"],\"url\":\"https:\\\/\\\/urbeamea.ro\\\/albaiulia\\\/author\\\/cristina-nicola\\\/\"}]}<\/script>\n<!-- \/ Yoast SEO plugin. -->","yoast_head_json":{"title":"Tragedie la Uioara de Sus: B\u0103rbat de 72 de ani, g\u0103sit f\u0103r\u0103 suflare \u00eentr-un apartament - Revista Urbea Mea - Revista de Alba","description":"Un b\u0103rbat \u00een v\u00e2rst\u0103 de 72 de ani a fost g\u0103sit mort, \u00eentr-un apartament din Ocna Mure\u015f. Acesta era cunoscut ca av\u00e2nd probleme de s\u0103n\u0103tate, nu mai r\u0103spundea","robots":{"index":"index","follow":"follow","max-snippet":"max-snippet:-1","max-image-preview":"max-image-preview:large","max-video-preview":"max-video-preview:-1"},"canonical":"https:\/\/urbeamea.ro\/albaiulia\/tragedie-la-uioara-de-sus-barbat-de-72-de-ani-gasit-fara-suflare-intr-un-apartament\/","twitter_card":"summary_large_image","twitter_title":"Tragedie la Uioara de Sus: B\u0103rbat de 72 de ani, g\u0103sit f\u0103r\u0103 suflare \u00eentr-un apartament - Revista Urbea Mea - Revista de Alba","twitter_description":"Un b\u0103rbat \u00een v\u00e2rst\u0103 de 72 de ani a fost g\u0103sit mort, \u00eentr-un apartament din Ocna Mure\u015f. Acesta era cunoscut ca av\u00e2nd probleme de s\u0103n\u0103tate, nu mai r\u0103spundea","twitter_image":"https:\/\/urbeamea.ro\/albaiulia\/wp-content\/uploads\/2016\/03\/decedat.jpg","twitter_creator":"@urbeameaweb","twitter_site":"@urbeameaweb","schema":{"@context":"https:\/\/schema.org","@graph":[{"@type":"Article","@id":"https:\/\/urbeamea.ro\/albaiulia\/tragedie-la-uioara-de-sus-barbat-de-72-de-ani-gasit-fara-suflare-intr-un-apartament\/#article","isPartOf":{"@id":"https:\/\/urbeamea.ro\/albaiulia\/tragedie-la-uioara-de-sus-barbat-de-72-de-ani-gasit-fara-suflare-intr-un-apartament\/"},"author":{"name":"Cristina Ganga","@id":"https:\/\/urbeamea.ro\/albaiulia\/#\/schema\/person\/9700d21fae21c4f038b0b56f4506264a"},"headline":"Tragedie la Uioara de Sus: B\u0103rbat de 72 de ani, g\u0103sit f\u0103r\u0103 suflare \u00eentr-un apartament","datePublished":"2016-04-13T09:09:21+00:00","mainEntityOfPage":{"@id":"https:\/\/urbeamea.ro\/albaiulia\/tragedie-la-uioara-de-sus-barbat-de-72-de-ani-gasit-fara-suflare-intr-un-apartament\/"},"wordCount":175,"commentCount":0,"image":{"@id":"https:\/\/urbeamea.ro\/albaiulia\/tragedie-la-uioara-de-sus-barbat-de-72-de-ani-gasit-fara-suflare-intr-un-apartament\/#primaryimage"},"thumbnailUrl":"https:\/\/urbeamea.ro\/albaiulia\/wp-content\/uploads\/2016\/03\/decedat.jpg","keywords":["barbat","decedat","detasamentul aiud","interventie","locuinta","medici","ocna mures","pompieri","probleme de sanatate","stiri","Urbea Mea"],"articleSection":["Social"],"inLanguage":"ro-RO","potentialAction":[{"@type":"CommentAction","name":"Comment","target":["https:\/\/urbeamea.ro\/albaiulia\/tragedie-la-uioara-de-sus-barbat-de-72-de-ani-gasit-fara-suflare-intr-un-apartament\/#respond"]}]},{"@type":"WebPage","@id":"https:\/\/urbeamea.ro\/albaiulia\/tragedie-la-uioara-de-sus-barbat-de-72-de-ani-gasit-fara-suflare-intr-un-apartament\/","url":"https:\/\/urbeamea.ro\/albaiulia\/tragedie-la-uioara-de-sus-barbat-de-72-de-ani-gasit-fara-suflare-intr-un-apartament\/","name":"Tragedie la Uioara de Sus: B\u0103rbat de 72 de ani, g\u0103sit f\u0103r\u0103 suflare \u00eentr-un apartament - Revista Urbea Mea - Revista de Alba","isPartOf":{"@id":"https:\/\/urbeamea.ro\/albaiulia\/#website"},"primaryImageOfPage":{"@id":"https:\/\/urbeamea.ro\/albaiulia\/tragedie-la-uioara-de-sus-barbat-de-72-de-ani-gasit-fara-suflare-intr-un-apartament\/#primaryimage"},"image":{"@id":"https:\/\/urbeamea.ro\/albaiulia\/tragedie-la-uioara-de-sus-barbat-de-72-de-ani-gasit-fara-suflare-intr-un-apartament\/#primaryimage"},"thumbnailUrl":"https:\/\/urbeamea.ro\/albaiulia\/wp-content\/uploads\/2016\/03\/decedat.jpg","datePublished":"2016-04-13T09:09:21+00:00","author":{"@id":"https:\/\/urbeamea.ro\/albaiulia\/#\/schema\/person\/9700d21fae21c4f038b0b56f4506264a"},"description":"Un b\u0103rbat \u00een v\u00e2rst\u0103 de 72 de ani a fost g\u0103sit mort, \u00eentr-un apartament din Ocna Mure\u015f. Acesta era cunoscut ca av\u00e2nd probleme de s\u0103n\u0103tate, nu mai r\u0103spundea","breadcrumb":{"@id":"https:\/\/urbeamea.ro\/albaiulia\/tragedie-la-uioara-de-sus-barbat-de-72-de-ani-gasit-fara-suflare-intr-un-apartament\/#breadcrumb"},"inLanguage":"ro-RO","potentialAction":[{"@type":"ReadAction","target":["https:\/\/urbeamea.ro\/albaiulia\/tragedie-la-uioara-de-sus-barbat-de-72-de-ani-gasit-fara-suflare-intr-un-apartament\/"]}]},{"@type":"ImageObject","inLanguage":"ro-RO","@id":"https:\/\/urbeamea.ro\/albaiulia\/tragedie-la-uioara-de-sus-barbat-de-72-de-ani-gasit-fara-suflare-intr-un-apartament\/#primaryimage","url":"https:\/\/urbeamea.ro\/albaiulia\/wp-content\/uploads\/2016\/03\/decedat.jpg","contentUrl":"https:\/\/urbeamea.ro\/albaiulia\/wp-content\/uploads\/2016\/03\/decedat.jpg","width":440,"height":300},{"@type":"BreadcrumbList","@id":"https:\/\/urbeamea.ro\/albaiulia\/tragedie-la-uioara-de-sus-barbat-de-72-de-ani-gasit-fara-suflare-intr-un-apartament\/#breadcrumb","itemListElement":[{"@type":"ListItem","position":1,"name":"Prima pagin\u0103","item":"https:\/\/urbeamea.ro\/albaiulia\/"},{"@type":"ListItem","position":2,"name":"Tragedie la Uioara de Sus: B\u0103rbat de 72 de ani, g\u0103sit f\u0103r\u0103 suflare \u00eentr-un apartament"}]},{"@type":"WebSite","@id":"https:\/\/urbeamea.ro\/albaiulia\/#website","url":"https:\/\/urbeamea.ro\/albaiulia\/","name":"Revista Urbea Mea, Stiri urbane","description":"Evenimente \u0219i \u0219tiri din Alba Iulia, Sebe\u0219, Aiud, Blaj","potentialAction":[{"@type":"SearchAction","target":{"@type":"EntryPoint","urlTemplate":"https:\/\/urbeamea.ro\/albaiulia\/?s={search_term_string}"},"query-input":{"@type":"PropertyValueSpecification","valueRequired":true,"valueName":"search_term_string"}}],"inLanguage":"ro-RO"},{"@type":"Person","@id":"https:\/\/urbeamea.ro\/albaiulia\/#\/schema\/person\/9700d21fae21c4f038b0b56f4506264a","name":"Cristina Ganga","image":{"@type":"ImageObject","inLanguage":"ro-RO","@id":"https:\/\/secure.gravatar.com\/avatar\/5a67661041f057b4a8ccaf26f5a8e86e2689372006d01faf3dd9eeb10b654bb4?s=96&d=mm&r=g","url":"https:\/\/secure.gravatar.com\/avatar\/5a67661041f057b4a8ccaf26f5a8e86e2689372006d01faf3dd9eeb10b654bb4?s=96&d=mm&r=g","contentUrl":"https:\/\/secure.gravatar.com\/avatar\/5a67661041f057b4a8ccaf26f5a8e86e2689372006d01faf3dd9eeb10b654bb4?s=96&d=mm&r=g","caption":"Cristina Ganga"},"description":"Jurnalist","sameAs":["https:\/\/www.facebook.com\/cristina.nicola.587"],"url":"https:\/\/urbeamea.ro\/albaiulia\/author\/cristina-nicola\/"}]}},"_links":{"self":[{"href":"https:\/\/urbeamea.ro\/albaiulia\/wp-json\/wp\/v2\/posts\/21881","targetHints":{"allow":["GET"]}}],"collection":[{"href":"https:\/\/urbeamea.ro\/albaiulia\/wp-json\/wp\/v2\/posts"}],"about":[{"href":"https:\/\/urbeamea.ro\/albaiulia\/wp-json\/wp\/v2\/types\/post"}],"author":[{"embeddable":true,"href":"https:\/\/urbeamea.ro\/albaiulia\/wp-json\/wp\/v2\/users\/17"}],"replies":[{"embeddable":true,"href":"https:\/\/urbeamea.ro\/albaiulia\/wp-json\/wp\/v2\/comments?post=21881"}],"version-history":[{"count":0,"href":"https:\/\/urbeamea.ro\/albaiulia\/wp-json\/wp\/v2\/posts\/21881\/revisions"}],"wp:featuredmedia":[{"embeddable":true,"href":"https:\/\/urbeamea.ro\/albaiulia\/wp-json\/wp\/v2\/media\/19248"}],"wp:attachment":[{"href":"https:\/\/urbeamea.ro\/albaiulia\/wp-json\/wp\/v2\/media?parent=21881"}],"wp:term":[{"taxonomy":"category","embeddable":true,"href":"https:\/\/urbeamea.ro\/albaiulia\/wp-json\/wp\/v2\/categories?post=21881"},{"taxonomy":"post_tag","embeddable":true,"href":"https:\/\/urbeamea.ro\/albaiulia\/wp-json\/wp\/v2\/tags?post=21881"}],"curies":[{"name":"wp","href":"https:\/\/api.w.org\/{rel}","templated":true}]}}