{"id":21956,"date":"2016-04-14T21:05:46","date_gmt":"2016-04-14T18:05:46","guid":{"rendered":"http:\/\/urbeamea.ro\/albaiulia\/?p=21956"},"modified":"2016-04-14T21:05:46","modified_gmt":"2016-04-14T18:05:46","slug":"15-19-aprilie-60-de-specialisti-din-tara-si-strainatate-vin-la-alba-iulia-la-conferinta-internationala-adalbert-cserni-si-contemporanii-sai","status":"publish","type":"post","link":"https:\/\/urbeamea.ro\/albaiulia\/15-19-aprilie-60-de-specialisti-din-tara-si-strainatate-vin-la-alba-iulia-la-conferinta-internationala-adalbert-cserni-si-contemporanii-sai\/","title":{"rendered":"15 &#8211;  19 aprilie: 60 de speciali\u0219ti din \u021bar\u0103 \u0219i str\u0103in\u0103tate vin la Alba Iulia, la Conferin\u021ba Interna\u021bional\u0103 \u201eAdalbert Cserni \u0219i contemporanii s\u0103i\u201d"},"content":{"rendered":"<p><strong><img loading=\"lazy\" decoding=\"async\" class=\"size-medium wp-image-21957 alignleft\" src=\"http:\/\/urbeamea.ro\/albaiulia\/wp-content\/uploads\/2016\/04\/afis-212x300.jpg\" alt=\"afis\" width=\"212\" height=\"300\" \/>\u00cen perioada 15 -19 aprilie la Alba Iulia va avea loc\u00a0Conferin\u021ba Interna\u021bional\u0103 \u201eAdalbert Cserni and His Contemporaries (Adalbert Cserni \u0219i contemporanii s\u0103i)\u201d. Lucr\u0103rile conferin\u021bei aduc circa 60 de speciali\u0219ti din \u021bar\u0103 \u0219i str\u0103in\u0103tate, reprezentan\u021bi ai unor prestigioase institu\u021bii universitare \u0219i muzeale din Anglia, Austria, Fran\u021ba, Rusia \u0219i Ungaria.<\/strong><\/p>\n<p>Deschiderea oficial\u0103 va avea loc vineri, 15 aprilie 2016, ora 10.00 la Rectoratul Universit\u0103\u021bii \u201e1 Decembrie 1918\u201d din Alba Iulia, Palatul Apor.<\/p>\n<p>Evenimentul este organizat de Consiliul Jude\u021bean Alba, Prim\u0103ria Municipiului Alba Iulia, Universitatea \u201e1 Decembrie 1918\u201d Alba Iulia \u0219i Muzeul Na\u021bional al Unirii Alba Iulia.<\/p>\n<p>Adalbert Cserni este unul dintre cei mai cunoscu\u0163i oameni de \u015ftiin\u0163\u0103 care a tr\u0103it \u00een Alba Iulia. Profesor, naturalist, arheolog, istoric, numismat, geolog sunt doar c\u00e2teva dintre pasiunile acestuia. A tr\u0103it \u00een perioada 1842-1916 \u015fi este primul director al Muzeului Unirii.<\/p>\n<p>Activitatea didactic\u0103 a lui Adalbert Cserni la Liceul catolic din Alba Iulia a fost dublat\u0103 de pasiunea pentru astronomie, geologie, studiul faunei \u015fi florei, arheologie, numismatic\u0103, dar \u015fi pentru literatur\u0103, fotografie. Motive suficiente, pentru care a fost primul custode \u015fi, apoi, director al Muzeului din Alba Iulia. Spirit european prin excelen\u0163\u0103, a fost considerat unul dintre cei mai reprezentativi speciali\u015fti ai locului \u015fi vremii, \u00een special, \u00een arheologie \u015fi istorie veche.<\/p>\n","protected":false},"excerpt":{"rendered":"<p>\u00cen perioada 15 -19 aprilie la Alba Iulia va avea loc\u00a0Conferin\u021ba Interna\u021bional\u0103 \u201eAdalbert Cserni and His Contemporaries (Adalbert Cserni \u0219i contemporanii s\u0103i)\u201d. Lucr\u0103rile conferin\u021bei aduc circa 60 de speciali\u0219ti din \u021bar\u0103 \u0219i str\u0103in\u0103tate, reprezentan\u021bi ai unor prestigioase institu\u021bii universitare \u0219i muzeale din Anglia, Austria, Fran\u021ba, Rusia \u0219i Ungaria. Deschiderea oficial\u0103 va avea loc vineri, 15 &hellip;<\/p>\n","protected":false},"author":17,"featured_media":21957,"comment_status":"open","ping_status":"open","sticky":false,"template":"","format":"standard","meta":{"inline_featured_image":false,"footnotes":""},"categories":[2038],"tags":[4495,31,4496,4497,2705,4498,605,2649,308,3115,387,76],"class_list":["post-21956","post","type-post","status-publish","format-standard","has-post-thumbnail","hentry","category-cultura","tag-adalbert-cserni-and-his-contemporaries","tag-alba-iulia","tag-anglia","tag-austria","tag-franta","tag-institutii-universitare","tag-lucrari","tag-rusia","tag-stiri","tag-ungaria","tag-universitatea-1-decembrie-1918","tag-urbea-mea"],"yoast_head":"<!-- This site is optimized with the Yoast SEO plugin v28.3 - https:\/\/yoast.com\/product\/yoast-seo-wordpress\/ -->\n<title>15 - 19 aprilie: 60 de speciali\u0219ti din \u021bar\u0103 \u0219i str\u0103in\u0103tate vin la Alba Iulia, la Conferin\u021ba Interna\u021bional\u0103 \u201eAdalbert Cserni \u0219i contemporanii s\u0103i\u201d - Revista Urbea Mea - Revista de Alba<\/title>\n<meta name=\"description\" content=\"\u00cen perioada 15 -19 aprilie la Alba Iulia va avea loc\u00a0Conferin\u021ba Interna\u021bional\u0103 \u201eAdalbert Cserni and His Contemporaries (Adalbert Cserni \u0219i contemporanii\" \/>\n<meta name=\"robots\" content=\"index, follow, max-snippet:-1, max-image-preview:large, max-video-preview:-1\" \/>\n<link rel=\"canonical\" href=\"https:\/\/urbeamea.ro\/albaiulia\/15-19-aprilie-60-de-specialisti-din-tara-si-strainatate-vin-la-alba-iulia-la-conferinta-internationala-adalbert-cserni-si-contemporanii-sai\/\" \/>\n<meta name=\"twitter:card\" content=\"summary_large_image\" \/>\n<meta name=\"twitter:title\" content=\"15 - 19 aprilie: 60 de speciali\u0219ti din \u021bar\u0103 \u0219i str\u0103in\u0103tate vin la Alba Iulia, la Conferin\u021ba Interna\u021bional\u0103 \u201eAdalbert Cserni \u0219i contemporanii s\u0103i\u201d - Revista Urbea Mea - Revista de Alba\" \/>\n<meta name=\"twitter:description\" content=\"\u00cen perioada 15 -19 aprilie la Alba Iulia va avea loc\u00a0Conferin\u021ba Interna\u021bional\u0103 \u201eAdalbert Cserni and His Contemporaries (Adalbert Cserni \u0219i contemporanii\" \/>\n<meta name=\"twitter:image\" content=\"https:\/\/urbeamea.ro\/albaiulia\/wp-content\/uploads\/2016\/04\/afis.jpg\" \/>\n<meta name=\"twitter:creator\" content=\"@urbeameaweb\" \/>\n<meta name=\"twitter:site\" content=\"@urbeameaweb\" \/>\n<script type=\"application\/ld+json\" class=\"yoast-schema-graph\">{\"@context\":\"https:\\\/\\\/schema.org\",\"@graph\":[{\"@type\":\"Article\",\"@id\":\"https:\\\/\\\/urbeamea.ro\\\/albaiulia\\\/15-19-aprilie-60-de-specialisti-din-tara-si-strainatate-vin-la-alba-iulia-la-conferinta-internationala-adalbert-cserni-si-contemporanii-sai\\\/#article\",\"isPartOf\":{\"@id\":\"https:\\\/\\\/urbeamea.ro\\\/albaiulia\\\/15-19-aprilie-60-de-specialisti-din-tara-si-strainatate-vin-la-alba-iulia-la-conferinta-internationala-adalbert-cserni-si-contemporanii-sai\\\/\"},\"author\":{\"name\":\"Cristina Ganga\",\"@id\":\"https:\\\/\\\/urbeamea.ro\\\/albaiulia\\\/#\\\/schema\\\/person\\\/9700d21fae21c4f038b0b56f4506264a\"},\"headline\":\"15 &#8211; 19 aprilie: 60 de speciali\u0219ti din \u021bar\u0103 \u0219i str\u0103in\u0103tate vin la Alba Iulia, la Conferin\u021ba Interna\u021bional\u0103 \u201eAdalbert Cserni \u0219i contemporanii s\u0103i\u201d\",\"datePublished\":\"2016-04-14T18:05:46+00:00\",\"mainEntityOfPage\":{\"@id\":\"https:\\\/\\\/urbeamea.ro\\\/albaiulia\\\/15-19-aprilie-60-de-specialisti-din-tara-si-strainatate-vin-la-alba-iulia-la-conferinta-internationala-adalbert-cserni-si-contemporanii-sai\\\/\"},\"wordCount\":244,\"commentCount\":0,\"image\":{\"@id\":\"https:\\\/\\\/urbeamea.ro\\\/albaiulia\\\/15-19-aprilie-60-de-specialisti-din-tara-si-strainatate-vin-la-alba-iulia-la-conferinta-internationala-adalbert-cserni-si-contemporanii-sai\\\/#primaryimage\"},\"thumbnailUrl\":\"https:\\\/\\\/urbeamea.ro\\\/albaiulia\\\/wp-content\\\/uploads\\\/2016\\\/04\\\/afis.jpg\",\"keywords\":[\"Adalbert Cserni and His Contemporaries\",\"Alba Iulia\",\"anglia\",\"austria\",\"franta\",\"institutii universitare\",\"lucrari\",\"rusia\",\"stiri\",\"Ungaria\",\"universitatea 1 Decembrie 1918\",\"Urbea Mea\"],\"articleSection\":[\"Cultur\u0103\"],\"inLanguage\":\"ro-RO\",\"potentialAction\":[{\"@type\":\"CommentAction\",\"name\":\"Comment\",\"target\":[\"https:\\\/\\\/urbeamea.ro\\\/albaiulia\\\/15-19-aprilie-60-de-specialisti-din-tara-si-strainatate-vin-la-alba-iulia-la-conferinta-internationala-adalbert-cserni-si-contemporanii-sai\\\/#respond\"]}]},{\"@type\":\"WebPage\",\"@id\":\"https:\\\/\\\/urbeamea.ro\\\/albaiulia\\\/15-19-aprilie-60-de-specialisti-din-tara-si-strainatate-vin-la-alba-iulia-la-conferinta-internationala-adalbert-cserni-si-contemporanii-sai\\\/\",\"url\":\"https:\\\/\\\/urbeamea.ro\\\/albaiulia\\\/15-19-aprilie-60-de-specialisti-din-tara-si-strainatate-vin-la-alba-iulia-la-conferinta-internationala-adalbert-cserni-si-contemporanii-sai\\\/\",\"name\":\"15 - 19 aprilie: 60 de speciali\u0219ti din \u021bar\u0103 \u0219i str\u0103in\u0103tate vin la Alba Iulia, la Conferin\u021ba Interna\u021bional\u0103 \u201eAdalbert Cserni \u0219i contemporanii s\u0103i\u201d - Revista Urbea Mea - Revista de Alba\",\"isPartOf\":{\"@id\":\"https:\\\/\\\/urbeamea.ro\\\/albaiulia\\\/#website\"},\"primaryImageOfPage\":{\"@id\":\"https:\\\/\\\/urbeamea.ro\\\/albaiulia\\\/15-19-aprilie-60-de-specialisti-din-tara-si-strainatate-vin-la-alba-iulia-la-conferinta-internationala-adalbert-cserni-si-contemporanii-sai\\\/#primaryimage\"},\"image\":{\"@id\":\"https:\\\/\\\/urbeamea.ro\\\/albaiulia\\\/15-19-aprilie-60-de-specialisti-din-tara-si-strainatate-vin-la-alba-iulia-la-conferinta-internationala-adalbert-cserni-si-contemporanii-sai\\\/#primaryimage\"},\"thumbnailUrl\":\"https:\\\/\\\/urbeamea.ro\\\/albaiulia\\\/wp-content\\\/uploads\\\/2016\\\/04\\\/afis.jpg\",\"datePublished\":\"2016-04-14T18:05:46+00:00\",\"author\":{\"@id\":\"https:\\\/\\\/urbeamea.ro\\\/albaiulia\\\/#\\\/schema\\\/person\\\/9700d21fae21c4f038b0b56f4506264a\"},\"description\":\"\u00cen perioada 15 -19 aprilie la Alba Iulia va avea loc\u00a0Conferin\u021ba Interna\u021bional\u0103 \u201eAdalbert Cserni and His Contemporaries (Adalbert Cserni \u0219i contemporanii\",\"breadcrumb\":{\"@id\":\"https:\\\/\\\/urbeamea.ro\\\/albaiulia\\\/15-19-aprilie-60-de-specialisti-din-tara-si-strainatate-vin-la-alba-iulia-la-conferinta-internationala-adalbert-cserni-si-contemporanii-sai\\\/#breadcrumb\"},\"inLanguage\":\"ro-RO\",\"potentialAction\":[{\"@type\":\"ReadAction\",\"target\":[\"https:\\\/\\\/urbeamea.ro\\\/albaiulia\\\/15-19-aprilie-60-de-specialisti-din-tara-si-strainatate-vin-la-alba-iulia-la-conferinta-internationala-adalbert-cserni-si-contemporanii-sai\\\/\"]}]},{\"@type\":\"ImageObject\",\"inLanguage\":\"ro-RO\",\"@id\":\"https:\\\/\\\/urbeamea.ro\\\/albaiulia\\\/15-19-aprilie-60-de-specialisti-din-tara-si-strainatate-vin-la-alba-iulia-la-conferinta-internationala-adalbert-cserni-si-contemporanii-sai\\\/#primaryimage\",\"url\":\"https:\\\/\\\/urbeamea.ro\\\/albaiulia\\\/wp-content\\\/uploads\\\/2016\\\/04\\\/afis.jpg\",\"contentUrl\":\"https:\\\/\\\/urbeamea.ro\\\/albaiulia\\\/wp-content\\\/uploads\\\/2016\\\/04\\\/afis.jpg\",\"width\":905,\"height\":1280},{\"@type\":\"BreadcrumbList\",\"@id\":\"https:\\\/\\\/urbeamea.ro\\\/albaiulia\\\/15-19-aprilie-60-de-specialisti-din-tara-si-strainatate-vin-la-alba-iulia-la-conferinta-internationala-adalbert-cserni-si-contemporanii-sai\\\/#breadcrumb\",\"itemListElement\":[{\"@type\":\"ListItem\",\"position\":1,\"name\":\"Prima pagin\u0103\",\"item\":\"https:\\\/\\\/urbeamea.ro\\\/albaiulia\\\/\"},{\"@type\":\"ListItem\",\"position\":2,\"name\":\"15 &#8211; 19 aprilie: 60 de speciali\u0219ti din \u021bar\u0103 \u0219i str\u0103in\u0103tate vin la Alba Iulia, la Conferin\u021ba Interna\u021bional\u0103 \u201eAdalbert Cserni \u0219i contemporanii s\u0103i\u201d\"}]},{\"@type\":\"WebSite\",\"@id\":\"https:\\\/\\\/urbeamea.ro\\\/albaiulia\\\/#website\",\"url\":\"https:\\\/\\\/urbeamea.ro\\\/albaiulia\\\/\",\"name\":\"Revista Urbea Mea, Stiri urbane\",\"description\":\"Evenimente \u0219i \u0219tiri din Alba Iulia, Sebe\u0219, Aiud, Blaj\",\"potentialAction\":[{\"@type\":\"SearchAction\",\"target\":{\"@type\":\"EntryPoint\",\"urlTemplate\":\"https:\\\/\\\/urbeamea.ro\\\/albaiulia\\\/?s={search_term_string}\"},\"query-input\":{\"@type\":\"PropertyValueSpecification\",\"valueRequired\":true,\"valueName\":\"search_term_string\"}}],\"inLanguage\":\"ro-RO\"},{\"@type\":\"Person\",\"@id\":\"https:\\\/\\\/urbeamea.ro\\\/albaiulia\\\/#\\\/schema\\\/person\\\/9700d21fae21c4f038b0b56f4506264a\",\"name\":\"Cristina Ganga\",\"image\":{\"@type\":\"ImageObject\",\"inLanguage\":\"ro-RO\",\"@id\":\"https:\\\/\\\/secure.gravatar.com\\\/avatar\\\/5a67661041f057b4a8ccaf26f5a8e86e2689372006d01faf3dd9eeb10b654bb4?s=96&d=mm&r=g\",\"url\":\"https:\\\/\\\/secure.gravatar.com\\\/avatar\\\/5a67661041f057b4a8ccaf26f5a8e86e2689372006d01faf3dd9eeb10b654bb4?s=96&d=mm&r=g\",\"contentUrl\":\"https:\\\/\\\/secure.gravatar.com\\\/avatar\\\/5a67661041f057b4a8ccaf26f5a8e86e2689372006d01faf3dd9eeb10b654bb4?s=96&d=mm&r=g\",\"caption\":\"Cristina Ganga\"},\"description\":\"Jurnalist\",\"sameAs\":[\"https:\\\/\\\/www.facebook.com\\\/cristina.nicola.587\"],\"url\":\"https:\\\/\\\/urbeamea.ro\\\/albaiulia\\\/author\\\/cristina-nicola\\\/\"}]}<\/script>\n<!-- \/ Yoast SEO plugin. -->","yoast_head_json":{"title":"15 - 19 aprilie: 60 de speciali\u0219ti din \u021bar\u0103 \u0219i str\u0103in\u0103tate vin la Alba Iulia, la Conferin\u021ba Interna\u021bional\u0103 \u201eAdalbert Cserni \u0219i contemporanii s\u0103i\u201d - Revista Urbea Mea - Revista de Alba","description":"\u00cen perioada 15 -19 aprilie la Alba Iulia va avea loc\u00a0Conferin\u021ba Interna\u021bional\u0103 \u201eAdalbert Cserni and His Contemporaries (Adalbert Cserni \u0219i contemporanii","robots":{"index":"index","follow":"follow","max-snippet":"max-snippet:-1","max-image-preview":"max-image-preview:large","max-video-preview":"max-video-preview:-1"},"canonical":"https:\/\/urbeamea.ro\/albaiulia\/15-19-aprilie-60-de-specialisti-din-tara-si-strainatate-vin-la-alba-iulia-la-conferinta-internationala-adalbert-cserni-si-contemporanii-sai\/","twitter_card":"summary_large_image","twitter_title":"15 - 19 aprilie: 60 de speciali\u0219ti din \u021bar\u0103 \u0219i str\u0103in\u0103tate vin la Alba Iulia, la Conferin\u021ba Interna\u021bional\u0103 \u201eAdalbert Cserni \u0219i contemporanii s\u0103i\u201d - Revista Urbea Mea - Revista de Alba","twitter_description":"\u00cen perioada 15 -19 aprilie la Alba Iulia va avea loc\u00a0Conferin\u021ba Interna\u021bional\u0103 \u201eAdalbert Cserni and His Contemporaries (Adalbert Cserni \u0219i contemporanii","twitter_image":"https:\/\/urbeamea.ro\/albaiulia\/wp-content\/uploads\/2016\/04\/afis.jpg","twitter_creator":"@urbeameaweb","twitter_site":"@urbeameaweb","schema":{"@context":"https:\/\/schema.org","@graph":[{"@type":"Article","@id":"https:\/\/urbeamea.ro\/albaiulia\/15-19-aprilie-60-de-specialisti-din-tara-si-strainatate-vin-la-alba-iulia-la-conferinta-internationala-adalbert-cserni-si-contemporanii-sai\/#article","isPartOf":{"@id":"https:\/\/urbeamea.ro\/albaiulia\/15-19-aprilie-60-de-specialisti-din-tara-si-strainatate-vin-la-alba-iulia-la-conferinta-internationala-adalbert-cserni-si-contemporanii-sai\/"},"author":{"name":"Cristina Ganga","@id":"https:\/\/urbeamea.ro\/albaiulia\/#\/schema\/person\/9700d21fae21c4f038b0b56f4506264a"},"headline":"15 &#8211; 19 aprilie: 60 de speciali\u0219ti din \u021bar\u0103 \u0219i str\u0103in\u0103tate vin la Alba Iulia, la Conferin\u021ba Interna\u021bional\u0103 \u201eAdalbert Cserni \u0219i contemporanii s\u0103i\u201d","datePublished":"2016-04-14T18:05:46+00:00","mainEntityOfPage":{"@id":"https:\/\/urbeamea.ro\/albaiulia\/15-19-aprilie-60-de-specialisti-din-tara-si-strainatate-vin-la-alba-iulia-la-conferinta-internationala-adalbert-cserni-si-contemporanii-sai\/"},"wordCount":244,"commentCount":0,"image":{"@id":"https:\/\/urbeamea.ro\/albaiulia\/15-19-aprilie-60-de-specialisti-din-tara-si-strainatate-vin-la-alba-iulia-la-conferinta-internationala-adalbert-cserni-si-contemporanii-sai\/#primaryimage"},"thumbnailUrl":"https:\/\/urbeamea.ro\/albaiulia\/wp-content\/uploads\/2016\/04\/afis.jpg","keywords":["Adalbert Cserni and His Contemporaries","Alba Iulia","anglia","austria","franta","institutii universitare","lucrari","rusia","stiri","Ungaria","universitatea 1 Decembrie 1918","Urbea Mea"],"articleSection":["Cultur\u0103"],"inLanguage":"ro-RO","potentialAction":[{"@type":"CommentAction","name":"Comment","target":["https:\/\/urbeamea.ro\/albaiulia\/15-19-aprilie-60-de-specialisti-din-tara-si-strainatate-vin-la-alba-iulia-la-conferinta-internationala-adalbert-cserni-si-contemporanii-sai\/#respond"]}]},{"@type":"WebPage","@id":"https:\/\/urbeamea.ro\/albaiulia\/15-19-aprilie-60-de-specialisti-din-tara-si-strainatate-vin-la-alba-iulia-la-conferinta-internationala-adalbert-cserni-si-contemporanii-sai\/","url":"https:\/\/urbeamea.ro\/albaiulia\/15-19-aprilie-60-de-specialisti-din-tara-si-strainatate-vin-la-alba-iulia-la-conferinta-internationala-adalbert-cserni-si-contemporanii-sai\/","name":"15 - 19 aprilie: 60 de speciali\u0219ti din \u021bar\u0103 \u0219i str\u0103in\u0103tate vin la Alba Iulia, la Conferin\u021ba Interna\u021bional\u0103 \u201eAdalbert Cserni \u0219i contemporanii s\u0103i\u201d - Revista Urbea Mea - Revista de Alba","isPartOf":{"@id":"https:\/\/urbeamea.ro\/albaiulia\/#website"},"primaryImageOfPage":{"@id":"https:\/\/urbeamea.ro\/albaiulia\/15-19-aprilie-60-de-specialisti-din-tara-si-strainatate-vin-la-alba-iulia-la-conferinta-internationala-adalbert-cserni-si-contemporanii-sai\/#primaryimage"},"image":{"@id":"https:\/\/urbeamea.ro\/albaiulia\/15-19-aprilie-60-de-specialisti-din-tara-si-strainatate-vin-la-alba-iulia-la-conferinta-internationala-adalbert-cserni-si-contemporanii-sai\/#primaryimage"},"thumbnailUrl":"https:\/\/urbeamea.ro\/albaiulia\/wp-content\/uploads\/2016\/04\/afis.jpg","datePublished":"2016-04-14T18:05:46+00:00","author":{"@id":"https:\/\/urbeamea.ro\/albaiulia\/#\/schema\/person\/9700d21fae21c4f038b0b56f4506264a"},"description":"\u00cen perioada 15 -19 aprilie la Alba Iulia va avea loc\u00a0Conferin\u021ba Interna\u021bional\u0103 \u201eAdalbert Cserni and His Contemporaries (Adalbert Cserni \u0219i contemporanii","breadcrumb":{"@id":"https:\/\/urbeamea.ro\/albaiulia\/15-19-aprilie-60-de-specialisti-din-tara-si-strainatate-vin-la-alba-iulia-la-conferinta-internationala-adalbert-cserni-si-contemporanii-sai\/#breadcrumb"},"inLanguage":"ro-RO","potentialAction":[{"@type":"ReadAction","target":["https:\/\/urbeamea.ro\/albaiulia\/15-19-aprilie-60-de-specialisti-din-tara-si-strainatate-vin-la-alba-iulia-la-conferinta-internationala-adalbert-cserni-si-contemporanii-sai\/"]}]},{"@type":"ImageObject","inLanguage":"ro-RO","@id":"https:\/\/urbeamea.ro\/albaiulia\/15-19-aprilie-60-de-specialisti-din-tara-si-strainatate-vin-la-alba-iulia-la-conferinta-internationala-adalbert-cserni-si-contemporanii-sai\/#primaryimage","url":"https:\/\/urbeamea.ro\/albaiulia\/wp-content\/uploads\/2016\/04\/afis.jpg","contentUrl":"https:\/\/urbeamea.ro\/albaiulia\/wp-content\/uploads\/2016\/04\/afis.jpg","width":905,"height":1280},{"@type":"BreadcrumbList","@id":"https:\/\/urbeamea.ro\/albaiulia\/15-19-aprilie-60-de-specialisti-din-tara-si-strainatate-vin-la-alba-iulia-la-conferinta-internationala-adalbert-cserni-si-contemporanii-sai\/#breadcrumb","itemListElement":[{"@type":"ListItem","position":1,"name":"Prima pagin\u0103","item":"https:\/\/urbeamea.ro\/albaiulia\/"},{"@type":"ListItem","position":2,"name":"15 &#8211; 19 aprilie: 60 de speciali\u0219ti din \u021bar\u0103 \u0219i str\u0103in\u0103tate vin la Alba Iulia, la Conferin\u021ba Interna\u021bional\u0103 \u201eAdalbert Cserni \u0219i contemporanii s\u0103i\u201d"}]},{"@type":"WebSite","@id":"https:\/\/urbeamea.ro\/albaiulia\/#website","url":"https:\/\/urbeamea.ro\/albaiulia\/","name":"Revista Urbea Mea, Stiri urbane","description":"Evenimente \u0219i \u0219tiri din Alba Iulia, Sebe\u0219, Aiud, Blaj","potentialAction":[{"@type":"SearchAction","target":{"@type":"EntryPoint","urlTemplate":"https:\/\/urbeamea.ro\/albaiulia\/?s={search_term_string}"},"query-input":{"@type":"PropertyValueSpecification","valueRequired":true,"valueName":"search_term_string"}}],"inLanguage":"ro-RO"},{"@type":"Person","@id":"https:\/\/urbeamea.ro\/albaiulia\/#\/schema\/person\/9700d21fae21c4f038b0b56f4506264a","name":"Cristina Ganga","image":{"@type":"ImageObject","inLanguage":"ro-RO","@id":"https:\/\/secure.gravatar.com\/avatar\/5a67661041f057b4a8ccaf26f5a8e86e2689372006d01faf3dd9eeb10b654bb4?s=96&d=mm&r=g","url":"https:\/\/secure.gravatar.com\/avatar\/5a67661041f057b4a8ccaf26f5a8e86e2689372006d01faf3dd9eeb10b654bb4?s=96&d=mm&r=g","contentUrl":"https:\/\/secure.gravatar.com\/avatar\/5a67661041f057b4a8ccaf26f5a8e86e2689372006d01faf3dd9eeb10b654bb4?s=96&d=mm&r=g","caption":"Cristina Ganga"},"description":"Jurnalist","sameAs":["https:\/\/www.facebook.com\/cristina.nicola.587"],"url":"https:\/\/urbeamea.ro\/albaiulia\/author\/cristina-nicola\/"}]}},"_links":{"self":[{"href":"https:\/\/urbeamea.ro\/albaiulia\/wp-json\/wp\/v2\/posts\/21956","targetHints":{"allow":["GET"]}}],"collection":[{"href":"https:\/\/urbeamea.ro\/albaiulia\/wp-json\/wp\/v2\/posts"}],"about":[{"href":"https:\/\/urbeamea.ro\/albaiulia\/wp-json\/wp\/v2\/types\/post"}],"author":[{"embeddable":true,"href":"https:\/\/urbeamea.ro\/albaiulia\/wp-json\/wp\/v2\/users\/17"}],"replies":[{"embeddable":true,"href":"https:\/\/urbeamea.ro\/albaiulia\/wp-json\/wp\/v2\/comments?post=21956"}],"version-history":[{"count":0,"href":"https:\/\/urbeamea.ro\/albaiulia\/wp-json\/wp\/v2\/posts\/21956\/revisions"}],"wp:featuredmedia":[{"embeddable":true,"href":"https:\/\/urbeamea.ro\/albaiulia\/wp-json\/wp\/v2\/media\/21957"}],"wp:attachment":[{"href":"https:\/\/urbeamea.ro\/albaiulia\/wp-json\/wp\/v2\/media?parent=21956"}],"wp:term":[{"taxonomy":"category","embeddable":true,"href":"https:\/\/urbeamea.ro\/albaiulia\/wp-json\/wp\/v2\/categories?post=21956"},{"taxonomy":"post_tag","embeddable":true,"href":"https:\/\/urbeamea.ro\/albaiulia\/wp-json\/wp\/v2\/tags?post=21956"}],"curies":[{"name":"wp","href":"https:\/\/api.w.org\/{rel}","templated":true}]}}