{"id":22105,"date":"2016-04-15T22:59:56","date_gmt":"2016-04-15T19:59:56","guid":{"rendered":"http:\/\/urbeamea.ro\/albaiulia\/?p=22105"},"modified":"2016-04-18T16:21:39","modified_gmt":"2016-04-18T13:21:39","slug":"accident-in-ighel-o-persoana-a-fost-ranita-dupa-o-coliziune-intre-un-moped-si-un-microbuz","status":"publish","type":"post","link":"https:\/\/urbeamea.ro\/albaiulia\/accident-in-ighel-o-persoana-a-fost-ranita-dupa-o-coliziune-intre-un-moped-si-un-microbuz\/","title":{"rendered":"Accident \u00een Ighel: O persoan\u0103 a fost r\u0103nit\u0103 dup\u0103 o coliziune \u00eentre un moped \u0219i un microbuz"},"content":{"rendered":"<p><strong><img loading=\"lazy\" decoding=\"async\" class=\"size-medium wp-image-18034 alignleft\" src=\"http:\/\/urbeamea.ro\/albaiulia\/wp-content\/uploads\/2016\/02\/politie-300x188.jpg\" alt=\"politie\" width=\"300\" height=\"188\" srcset=\"https:\/\/urbeamea.ro\/albaiulia\/wp-content\/uploads\/2016\/02\/politie-300x188.jpg 300w, https:\/\/urbeamea.ro\/albaiulia\/wp-content\/uploads\/2016\/02\/politie-150x94.jpg 150w, https:\/\/urbeamea.ro\/albaiulia\/wp-content\/uploads\/2016\/02\/politie-350x220.jpg 350w, https:\/\/urbeamea.ro\/albaiulia\/wp-content\/uploads\/2016\/02\/politie.jpg 480w\" sizes=\"auto, (max-width: 300px) 100vw, 300px\" \/>O persoan\u0103 a fost r\u0103nit\u0103 \u00een urma unui accident care s-a produs\u00a0vineri seara, \u00een jurul orei 21.40, pe strada Principal\u0103 din localitatea Ighel din jude\u021bul Alba. Potrivit IPJ Alba este vorba despre un moped \u0219i un microbuz. Cel mai probabil persoana r\u0103nit\u0103 este conduc\u0103torul mopedului.<\/strong><\/p>\n<p>Potrivit poli\u021biei, b\u0103rbatul care se afla pe moped a pierdut controlul \u0219i a intrat \u00eentr-un cap de pod dup\u0103 care a fost proiectat direct \u00eentr-un micorbuz.<\/p>\n<p>Acesta era con\u0219tient \u00een momentul \u00een care poli\u021bia a ajuns la fa\u021ba locului.<\/p>\n<p>UPDATE: \u00a0La data de 15.04.2016, \u00een jurul orelor 21.25, B.P.V., de 18 ani, din comuna Ighiu, \u00een timp ce conducea o motociclet\u0103 pe DJ 106, pe raza localit\u0103\u0163ii Ighiel, a pierdut controlul asupra autovehiculului \u015fi a intrat \u00een coliziune cu un microbuz ce era condus regulamentar de un b\u0103rbat de 49 de ani, din comuna Ighiu.<\/p>\n<p>\u00cen urma accidentului, motociclistul a suferit leziuni la cap.<\/p>\n<p>Ambii conduc\u0103tori auto au fost testa\u0163i cu aparatul etilotest, iar pentru B.P.V. a rezultat valoarea de 0,52 mg\/l alcool pur \u00een aerul expirat, motiv pentru care i-au fost recoltate mostre de s\u00e2nge, \u00een vederea stabilirii alcoolemiei.<\/p>\n<p>Totodat\u0103, \u00een urma verific\u0103rilor efectuate, \u00a0poli\u0163i\u015ftii au constatat c\u0103 t\u00e2n\u0103rul motociclist nu posed\u0103 permis de conducere corespunz\u0103tor categorie din care face partea motocicleta ce a condus-o, motocicleta nu era \u00eenmatriculat\u0103 \u00een circula\u0163ie, iar acesta a fost sustras\u0103 de t\u00e2n\u0103r, de pe o strad\u0103, din localitatea Ighiel, loc \u00een care o parcase proprietarul s\u0103u, un t\u00e2n\u0103r de 27 de ani.<\/p>\n<p>Fa\u0163\u0103 de B.P.V., cercet\u0103rile sunt continuate sub aspectul comiterii infrac\u021biunilor de v\u0103t\u0103mare corporal\u0103 din culp\u0103, conducere cu permis necorespunz\u0103tor categoriei, conducerea unui autovehicul ne\u00eenmatriculat, conducere sub influen\u0163a alcoolului \u015fi\u00a0 furt \u00een scop de folosin\u0163\u0103.<\/p>\n","protected":false},"excerpt":{"rendered":"<p>O persoan\u0103 a fost r\u0103nit\u0103 \u00een urma unui accident care s-a produs\u00a0vineri seara, \u00een jurul orei 21.40, pe strada Principal\u0103 din localitatea Ighel din jude\u021bul Alba. Potrivit IPJ Alba este vorba despre un moped \u0219i un microbuz. Cel mai probabil persoana r\u0103nit\u0103 este conduc\u0103torul mopedului. Potrivit poli\u021biei, b\u0103rbatul care se afla pe moped a pierdut &hellip;<\/p>\n","protected":false},"author":17,"featured_media":18034,"comment_status":"open","ping_status":"open","sticky":false,"template":"","format":"standard","meta":{"inline_featured_image":false,"footnotes":""},"categories":[2034],"tags":[83,2929,4558,4559,3934,2669,4475,308,76],"class_list":["post-22105","post","type-post","status-publish","format-standard","has-post-thumbnail","hentry","category-social","tag-accident","tag-cap-de-pod","tag-conducator","tag-ighel","tag-microbuz","tag-moped","tag-ranit","tag-stiri","tag-urbea-mea"],"yoast_head":"<!-- This site is optimized with the Yoast SEO plugin v28.3 - https:\/\/yoast.com\/product\/yoast-seo-wordpress\/ -->\n<title>Accident \u00een Ighel: O persoan\u0103 a fost r\u0103nit\u0103 dup\u0103 o coliziune \u00eentre un moped \u0219i un microbuz - Revista Urbea Mea - Revista de Alba<\/title>\n<meta name=\"description\" content=\"O persoan\u0103 a fost r\u0103nit\u0103 \u00een urma unui accident care s-a produs\u00a0vineri seara, \u00een jurul orei 21.40, pe strada Principal\u0103 din localitatea Ighel din jude\u021bul\" \/>\n<meta name=\"robots\" content=\"index, follow, max-snippet:-1, max-image-preview:large, max-video-preview:-1\" \/>\n<link rel=\"canonical\" href=\"https:\/\/urbeamea.ro\/albaiulia\/accident-in-ighel-o-persoana-a-fost-ranita-dupa-o-coliziune-intre-un-moped-si-un-microbuz\/\" \/>\n<meta name=\"twitter:card\" content=\"summary_large_image\" \/>\n<meta name=\"twitter:title\" content=\"Accident \u00een Ighel: O persoan\u0103 a fost r\u0103nit\u0103 dup\u0103 o coliziune \u00eentre un moped \u0219i un microbuz - Revista Urbea Mea - Revista de Alba\" \/>\n<meta name=\"twitter:description\" content=\"O persoan\u0103 a fost r\u0103nit\u0103 \u00een urma unui accident care s-a produs\u00a0vineri seara, \u00een jurul orei 21.40, pe strada Principal\u0103 din localitatea Ighel din jude\u021bul\" \/>\n<meta name=\"twitter:image\" content=\"https:\/\/urbeamea.ro\/albaiulia\/wp-content\/uploads\/2016\/02\/politie.jpg\" \/>\n<meta name=\"twitter:creator\" content=\"@urbeameaweb\" \/>\n<meta name=\"twitter:site\" content=\"@urbeameaweb\" \/>\n<script type=\"application\/ld+json\" class=\"yoast-schema-graph\">{\"@context\":\"https:\\\/\\\/schema.org\",\"@graph\":[{\"@type\":\"Article\",\"@id\":\"https:\\\/\\\/urbeamea.ro\\\/albaiulia\\\/accident-in-ighel-o-persoana-a-fost-ranita-dupa-o-coliziune-intre-un-moped-si-un-microbuz\\\/#article\",\"isPartOf\":{\"@id\":\"https:\\\/\\\/urbeamea.ro\\\/albaiulia\\\/accident-in-ighel-o-persoana-a-fost-ranita-dupa-o-coliziune-intre-un-moped-si-un-microbuz\\\/\"},\"author\":{\"name\":\"Cristina Ganga\",\"@id\":\"https:\\\/\\\/urbeamea.ro\\\/albaiulia\\\/#\\\/schema\\\/person\\\/9700d21fae21c4f038b0b56f4506264a\"},\"headline\":\"Accident \u00een Ighel: O persoan\u0103 a fost r\u0103nit\u0103 dup\u0103 o coliziune \u00eentre un moped \u0219i un microbuz\",\"datePublished\":\"2016-04-15T19:59:56+00:00\",\"dateModified\":\"2016-04-18T13:21:39+00:00\",\"mainEntityOfPage\":{\"@id\":\"https:\\\/\\\/urbeamea.ro\\\/albaiulia\\\/accident-in-ighel-o-persoana-a-fost-ranita-dupa-o-coliziune-intre-un-moped-si-un-microbuz\\\/\"},\"wordCount\":329,\"commentCount\":0,\"image\":{\"@id\":\"https:\\\/\\\/urbeamea.ro\\\/albaiulia\\\/accident-in-ighel-o-persoana-a-fost-ranita-dupa-o-coliziune-intre-un-moped-si-un-microbuz\\\/#primaryimage\"},\"thumbnailUrl\":\"https:\\\/\\\/urbeamea.ro\\\/albaiulia\\\/wp-content\\\/uploads\\\/2016\\\/02\\\/politie.jpg\",\"keywords\":[\"accident\",\"cap de pod\",\"conducator\",\"ighel\",\"microbuz\",\"moped\",\"ranit\",\"stiri\",\"Urbea Mea\"],\"articleSection\":[\"Social\"],\"inLanguage\":\"ro-RO\",\"potentialAction\":[{\"@type\":\"CommentAction\",\"name\":\"Comment\",\"target\":[\"https:\\\/\\\/urbeamea.ro\\\/albaiulia\\\/accident-in-ighel-o-persoana-a-fost-ranita-dupa-o-coliziune-intre-un-moped-si-un-microbuz\\\/#respond\"]}]},{\"@type\":\"WebPage\",\"@id\":\"https:\\\/\\\/urbeamea.ro\\\/albaiulia\\\/accident-in-ighel-o-persoana-a-fost-ranita-dupa-o-coliziune-intre-un-moped-si-un-microbuz\\\/\",\"url\":\"https:\\\/\\\/urbeamea.ro\\\/albaiulia\\\/accident-in-ighel-o-persoana-a-fost-ranita-dupa-o-coliziune-intre-un-moped-si-un-microbuz\\\/\",\"name\":\"Accident \u00een Ighel: O persoan\u0103 a fost r\u0103nit\u0103 dup\u0103 o coliziune \u00eentre un moped \u0219i un microbuz - Revista Urbea Mea - Revista de Alba\",\"isPartOf\":{\"@id\":\"https:\\\/\\\/urbeamea.ro\\\/albaiulia\\\/#website\"},\"primaryImageOfPage\":{\"@id\":\"https:\\\/\\\/urbeamea.ro\\\/albaiulia\\\/accident-in-ighel-o-persoana-a-fost-ranita-dupa-o-coliziune-intre-un-moped-si-un-microbuz\\\/#primaryimage\"},\"image\":{\"@id\":\"https:\\\/\\\/urbeamea.ro\\\/albaiulia\\\/accident-in-ighel-o-persoana-a-fost-ranita-dupa-o-coliziune-intre-un-moped-si-un-microbuz\\\/#primaryimage\"},\"thumbnailUrl\":\"https:\\\/\\\/urbeamea.ro\\\/albaiulia\\\/wp-content\\\/uploads\\\/2016\\\/02\\\/politie.jpg\",\"datePublished\":\"2016-04-15T19:59:56+00:00\",\"dateModified\":\"2016-04-18T13:21:39+00:00\",\"author\":{\"@id\":\"https:\\\/\\\/urbeamea.ro\\\/albaiulia\\\/#\\\/schema\\\/person\\\/9700d21fae21c4f038b0b56f4506264a\"},\"description\":\"O persoan\u0103 a fost r\u0103nit\u0103 \u00een urma unui accident care s-a produs\u00a0vineri seara, \u00een jurul orei 21.40, pe strada Principal\u0103 din localitatea Ighel din jude\u021bul\",\"breadcrumb\":{\"@id\":\"https:\\\/\\\/urbeamea.ro\\\/albaiulia\\\/accident-in-ighel-o-persoana-a-fost-ranita-dupa-o-coliziune-intre-un-moped-si-un-microbuz\\\/#breadcrumb\"},\"inLanguage\":\"ro-RO\",\"potentialAction\":[{\"@type\":\"ReadAction\",\"target\":[\"https:\\\/\\\/urbeamea.ro\\\/albaiulia\\\/accident-in-ighel-o-persoana-a-fost-ranita-dupa-o-coliziune-intre-un-moped-si-un-microbuz\\\/\"]}]},{\"@type\":\"ImageObject\",\"inLanguage\":\"ro-RO\",\"@id\":\"https:\\\/\\\/urbeamea.ro\\\/albaiulia\\\/accident-in-ighel-o-persoana-a-fost-ranita-dupa-o-coliziune-intre-un-moped-si-un-microbuz\\\/#primaryimage\",\"url\":\"https:\\\/\\\/urbeamea.ro\\\/albaiulia\\\/wp-content\\\/uploads\\\/2016\\\/02\\\/politie.jpg\",\"contentUrl\":\"https:\\\/\\\/urbeamea.ro\\\/albaiulia\\\/wp-content\\\/uploads\\\/2016\\\/02\\\/politie.jpg\",\"width\":480,\"height\":300},{\"@type\":\"BreadcrumbList\",\"@id\":\"https:\\\/\\\/urbeamea.ro\\\/albaiulia\\\/accident-in-ighel-o-persoana-a-fost-ranita-dupa-o-coliziune-intre-un-moped-si-un-microbuz\\\/#breadcrumb\",\"itemListElement\":[{\"@type\":\"ListItem\",\"position\":1,\"name\":\"Prima pagin\u0103\",\"item\":\"https:\\\/\\\/urbeamea.ro\\\/albaiulia\\\/\"},{\"@type\":\"ListItem\",\"position\":2,\"name\":\"Accident \u00een Ighel: O persoan\u0103 a fost r\u0103nit\u0103 dup\u0103 o coliziune \u00eentre un moped \u0219i un microbuz\"}]},{\"@type\":\"WebSite\",\"@id\":\"https:\\\/\\\/urbeamea.ro\\\/albaiulia\\\/#website\",\"url\":\"https:\\\/\\\/urbeamea.ro\\\/albaiulia\\\/\",\"name\":\"Revista Urbea Mea, Stiri urbane\",\"description\":\"Evenimente \u0219i \u0219tiri din Alba Iulia, Sebe\u0219, Aiud, Blaj\",\"potentialAction\":[{\"@type\":\"SearchAction\",\"target\":{\"@type\":\"EntryPoint\",\"urlTemplate\":\"https:\\\/\\\/urbeamea.ro\\\/albaiulia\\\/?s={search_term_string}\"},\"query-input\":{\"@type\":\"PropertyValueSpecification\",\"valueRequired\":true,\"valueName\":\"search_term_string\"}}],\"inLanguage\":\"ro-RO\"},{\"@type\":\"Person\",\"@id\":\"https:\\\/\\\/urbeamea.ro\\\/albaiulia\\\/#\\\/schema\\\/person\\\/9700d21fae21c4f038b0b56f4506264a\",\"name\":\"Cristina Ganga\",\"image\":{\"@type\":\"ImageObject\",\"inLanguage\":\"ro-RO\",\"@id\":\"https:\\\/\\\/secure.gravatar.com\\\/avatar\\\/5a67661041f057b4a8ccaf26f5a8e86e2689372006d01faf3dd9eeb10b654bb4?s=96&d=mm&r=g\",\"url\":\"https:\\\/\\\/secure.gravatar.com\\\/avatar\\\/5a67661041f057b4a8ccaf26f5a8e86e2689372006d01faf3dd9eeb10b654bb4?s=96&d=mm&r=g\",\"contentUrl\":\"https:\\\/\\\/secure.gravatar.com\\\/avatar\\\/5a67661041f057b4a8ccaf26f5a8e86e2689372006d01faf3dd9eeb10b654bb4?s=96&d=mm&r=g\",\"caption\":\"Cristina Ganga\"},\"description\":\"Jurnalist\",\"sameAs\":[\"https:\\\/\\\/www.facebook.com\\\/cristina.nicola.587\"],\"url\":\"https:\\\/\\\/urbeamea.ro\\\/albaiulia\\\/author\\\/cristina-nicola\\\/\"}]}<\/script>\n<!-- \/ Yoast SEO plugin. -->","yoast_head_json":{"title":"Accident \u00een Ighel: O persoan\u0103 a fost r\u0103nit\u0103 dup\u0103 o coliziune \u00eentre un moped \u0219i un microbuz - Revista Urbea Mea - Revista de Alba","description":"O persoan\u0103 a fost r\u0103nit\u0103 \u00een urma unui accident care s-a produs\u00a0vineri seara, \u00een jurul orei 21.40, pe strada Principal\u0103 din localitatea Ighel din jude\u021bul","robots":{"index":"index","follow":"follow","max-snippet":"max-snippet:-1","max-image-preview":"max-image-preview:large","max-video-preview":"max-video-preview:-1"},"canonical":"https:\/\/urbeamea.ro\/albaiulia\/accident-in-ighel-o-persoana-a-fost-ranita-dupa-o-coliziune-intre-un-moped-si-un-microbuz\/","twitter_card":"summary_large_image","twitter_title":"Accident \u00een Ighel: O persoan\u0103 a fost r\u0103nit\u0103 dup\u0103 o coliziune \u00eentre un moped \u0219i un microbuz - Revista Urbea Mea - Revista de Alba","twitter_description":"O persoan\u0103 a fost r\u0103nit\u0103 \u00een urma unui accident care s-a produs\u00a0vineri seara, \u00een jurul orei 21.40, pe strada Principal\u0103 din localitatea Ighel din jude\u021bul","twitter_image":"https:\/\/urbeamea.ro\/albaiulia\/wp-content\/uploads\/2016\/02\/politie.jpg","twitter_creator":"@urbeameaweb","twitter_site":"@urbeameaweb","schema":{"@context":"https:\/\/schema.org","@graph":[{"@type":"Article","@id":"https:\/\/urbeamea.ro\/albaiulia\/accident-in-ighel-o-persoana-a-fost-ranita-dupa-o-coliziune-intre-un-moped-si-un-microbuz\/#article","isPartOf":{"@id":"https:\/\/urbeamea.ro\/albaiulia\/accident-in-ighel-o-persoana-a-fost-ranita-dupa-o-coliziune-intre-un-moped-si-un-microbuz\/"},"author":{"name":"Cristina Ganga","@id":"https:\/\/urbeamea.ro\/albaiulia\/#\/schema\/person\/9700d21fae21c4f038b0b56f4506264a"},"headline":"Accident \u00een Ighel: O persoan\u0103 a fost r\u0103nit\u0103 dup\u0103 o coliziune \u00eentre un moped \u0219i un microbuz","datePublished":"2016-04-15T19:59:56+00:00","dateModified":"2016-04-18T13:21:39+00:00","mainEntityOfPage":{"@id":"https:\/\/urbeamea.ro\/albaiulia\/accident-in-ighel-o-persoana-a-fost-ranita-dupa-o-coliziune-intre-un-moped-si-un-microbuz\/"},"wordCount":329,"commentCount":0,"image":{"@id":"https:\/\/urbeamea.ro\/albaiulia\/accident-in-ighel-o-persoana-a-fost-ranita-dupa-o-coliziune-intre-un-moped-si-un-microbuz\/#primaryimage"},"thumbnailUrl":"https:\/\/urbeamea.ro\/albaiulia\/wp-content\/uploads\/2016\/02\/politie.jpg","keywords":["accident","cap de pod","conducator","ighel","microbuz","moped","ranit","stiri","Urbea Mea"],"articleSection":["Social"],"inLanguage":"ro-RO","potentialAction":[{"@type":"CommentAction","name":"Comment","target":["https:\/\/urbeamea.ro\/albaiulia\/accident-in-ighel-o-persoana-a-fost-ranita-dupa-o-coliziune-intre-un-moped-si-un-microbuz\/#respond"]}]},{"@type":"WebPage","@id":"https:\/\/urbeamea.ro\/albaiulia\/accident-in-ighel-o-persoana-a-fost-ranita-dupa-o-coliziune-intre-un-moped-si-un-microbuz\/","url":"https:\/\/urbeamea.ro\/albaiulia\/accident-in-ighel-o-persoana-a-fost-ranita-dupa-o-coliziune-intre-un-moped-si-un-microbuz\/","name":"Accident \u00een Ighel: O persoan\u0103 a fost r\u0103nit\u0103 dup\u0103 o coliziune \u00eentre un moped \u0219i un microbuz - Revista Urbea Mea - Revista de Alba","isPartOf":{"@id":"https:\/\/urbeamea.ro\/albaiulia\/#website"},"primaryImageOfPage":{"@id":"https:\/\/urbeamea.ro\/albaiulia\/accident-in-ighel-o-persoana-a-fost-ranita-dupa-o-coliziune-intre-un-moped-si-un-microbuz\/#primaryimage"},"image":{"@id":"https:\/\/urbeamea.ro\/albaiulia\/accident-in-ighel-o-persoana-a-fost-ranita-dupa-o-coliziune-intre-un-moped-si-un-microbuz\/#primaryimage"},"thumbnailUrl":"https:\/\/urbeamea.ro\/albaiulia\/wp-content\/uploads\/2016\/02\/politie.jpg","datePublished":"2016-04-15T19:59:56+00:00","dateModified":"2016-04-18T13:21:39+00:00","author":{"@id":"https:\/\/urbeamea.ro\/albaiulia\/#\/schema\/person\/9700d21fae21c4f038b0b56f4506264a"},"description":"O persoan\u0103 a fost r\u0103nit\u0103 \u00een urma unui accident care s-a produs\u00a0vineri seara, \u00een jurul orei 21.40, pe strada Principal\u0103 din localitatea Ighel din jude\u021bul","breadcrumb":{"@id":"https:\/\/urbeamea.ro\/albaiulia\/accident-in-ighel-o-persoana-a-fost-ranita-dupa-o-coliziune-intre-un-moped-si-un-microbuz\/#breadcrumb"},"inLanguage":"ro-RO","potentialAction":[{"@type":"ReadAction","target":["https:\/\/urbeamea.ro\/albaiulia\/accident-in-ighel-o-persoana-a-fost-ranita-dupa-o-coliziune-intre-un-moped-si-un-microbuz\/"]}]},{"@type":"ImageObject","inLanguage":"ro-RO","@id":"https:\/\/urbeamea.ro\/albaiulia\/accident-in-ighel-o-persoana-a-fost-ranita-dupa-o-coliziune-intre-un-moped-si-un-microbuz\/#primaryimage","url":"https:\/\/urbeamea.ro\/albaiulia\/wp-content\/uploads\/2016\/02\/politie.jpg","contentUrl":"https:\/\/urbeamea.ro\/albaiulia\/wp-content\/uploads\/2016\/02\/politie.jpg","width":480,"height":300},{"@type":"BreadcrumbList","@id":"https:\/\/urbeamea.ro\/albaiulia\/accident-in-ighel-o-persoana-a-fost-ranita-dupa-o-coliziune-intre-un-moped-si-un-microbuz\/#breadcrumb","itemListElement":[{"@type":"ListItem","position":1,"name":"Prima pagin\u0103","item":"https:\/\/urbeamea.ro\/albaiulia\/"},{"@type":"ListItem","position":2,"name":"Accident \u00een Ighel: O persoan\u0103 a fost r\u0103nit\u0103 dup\u0103 o coliziune \u00eentre un moped \u0219i un microbuz"}]},{"@type":"WebSite","@id":"https:\/\/urbeamea.ro\/albaiulia\/#website","url":"https:\/\/urbeamea.ro\/albaiulia\/","name":"Revista Urbea Mea, Stiri urbane","description":"Evenimente \u0219i \u0219tiri din Alba Iulia, Sebe\u0219, Aiud, Blaj","potentialAction":[{"@type":"SearchAction","target":{"@type":"EntryPoint","urlTemplate":"https:\/\/urbeamea.ro\/albaiulia\/?s={search_term_string}"},"query-input":{"@type":"PropertyValueSpecification","valueRequired":true,"valueName":"search_term_string"}}],"inLanguage":"ro-RO"},{"@type":"Person","@id":"https:\/\/urbeamea.ro\/albaiulia\/#\/schema\/person\/9700d21fae21c4f038b0b56f4506264a","name":"Cristina Ganga","image":{"@type":"ImageObject","inLanguage":"ro-RO","@id":"https:\/\/secure.gravatar.com\/avatar\/5a67661041f057b4a8ccaf26f5a8e86e2689372006d01faf3dd9eeb10b654bb4?s=96&d=mm&r=g","url":"https:\/\/secure.gravatar.com\/avatar\/5a67661041f057b4a8ccaf26f5a8e86e2689372006d01faf3dd9eeb10b654bb4?s=96&d=mm&r=g","contentUrl":"https:\/\/secure.gravatar.com\/avatar\/5a67661041f057b4a8ccaf26f5a8e86e2689372006d01faf3dd9eeb10b654bb4?s=96&d=mm&r=g","caption":"Cristina Ganga"},"description":"Jurnalist","sameAs":["https:\/\/www.facebook.com\/cristina.nicola.587"],"url":"https:\/\/urbeamea.ro\/albaiulia\/author\/cristina-nicola\/"}]}},"_links":{"self":[{"href":"https:\/\/urbeamea.ro\/albaiulia\/wp-json\/wp\/v2\/posts\/22105","targetHints":{"allow":["GET"]}}],"collection":[{"href":"https:\/\/urbeamea.ro\/albaiulia\/wp-json\/wp\/v2\/posts"}],"about":[{"href":"https:\/\/urbeamea.ro\/albaiulia\/wp-json\/wp\/v2\/types\/post"}],"author":[{"embeddable":true,"href":"https:\/\/urbeamea.ro\/albaiulia\/wp-json\/wp\/v2\/users\/17"}],"replies":[{"embeddable":true,"href":"https:\/\/urbeamea.ro\/albaiulia\/wp-json\/wp\/v2\/comments?post=22105"}],"version-history":[{"count":0,"href":"https:\/\/urbeamea.ro\/albaiulia\/wp-json\/wp\/v2\/posts\/22105\/revisions"}],"wp:featuredmedia":[{"embeddable":true,"href":"https:\/\/urbeamea.ro\/albaiulia\/wp-json\/wp\/v2\/media\/18034"}],"wp:attachment":[{"href":"https:\/\/urbeamea.ro\/albaiulia\/wp-json\/wp\/v2\/media?parent=22105"}],"wp:term":[{"taxonomy":"category","embeddable":true,"href":"https:\/\/urbeamea.ro\/albaiulia\/wp-json\/wp\/v2\/categories?post=22105"},{"taxonomy":"post_tag","embeddable":true,"href":"https:\/\/urbeamea.ro\/albaiulia\/wp-json\/wp\/v2\/tags?post=22105"}],"curies":[{"name":"wp","href":"https:\/\/api.w.org\/{rel}","templated":true}]}}