{"id":22279,"date":"2016-04-18T11:28:13","date_gmt":"2016-04-18T08:28:13","guid":{"rendered":"http:\/\/urbeamea.ro\/albaiulia\/?p=22279"},"modified":"2016-04-18T11:28:13","modified_gmt":"2016-04-18T08:28:13","slug":"itm-alba-firme-din-cugir-si-campeni-amendate-pentru-munca-la-negru","status":"publish","type":"post","link":"https:\/\/urbeamea.ro\/albaiulia\/itm-alba-firme-din-cugir-si-campeni-amendate-pentru-munca-la-negru\/","title":{"rendered":"ITM Alba: Firme din Cugir \u015fi C\u00e2mpeni, amendate pentru munca \u201ela negru\u201d"},"content":{"rendered":"<p><strong><img loading=\"lazy\" decoding=\"async\" class=\"size-medium wp-image-17515 alignleft\" src=\"http:\/\/urbeamea.ro\/albaiulia\/wp-content\/uploads\/2016\/02\/ITM-300x198.jpg\" alt=\"ITM\" width=\"300\" height=\"198\" \/>Dou\u0103 firme din Alba, una de la Cugir \u015fi alta cu punct de lucru \u00een C\u00e2m\u0103eni au fost sanc\u021bionate de inspectorii ITM Alba pentru munc\u0103 \u201ela negru\u201d. \u00cen total, \u00een urma\u00a0controalelor la zeci de firme din jude\u0163, ITM a dat amenzi de aproape 70.000 de lei.<\/strong><\/p>\n<p>\u00cen perioada 11\u201315 aprilie, \u00een domeniul rela\u0163iilor de munc\u0103 au fost controla\u0163i 34 de agen\u0163i economici, cu un num\u0103r total de 550 de salaria\u0163i. Au fost depistate cinci persoane care lucrau \u201cla negru\u201d \u015fi date 11 sanc\u0163iuni, din care 6 amenzi \u00een cuantum de\u00a0 54.800 lei \u015fi 5 avertismente;<\/p>\n<p>Societ\u0103\u0163i sanc\u0163ionate pentru munca \u201cla negru\u201d.<\/p>\n<p><strong>Eurofine<\/strong> SRL Cugir \u2013 comer\u0163\/ constructii \u2013 \u00a04 persoane fara forme legale de angajare \u2013 amenda de 40.000 lei<\/p>\n<p><strong>Augustus<\/strong> SRL Sibiu, Punct de Lucru Cimpeni \u2013 construc\u0163ii\/ instala\u0163ii \u2013 o persoan\u0103 fara forme legale de angajare \u2013 amenda de 10.000 lei.<\/p>\n<p>\u00cen domeniul securit\u0103\u0163ii \u015fi s\u0103n\u0103t\u0103\u0163ii \u00een munc\u0103, au fost controlate 29 unit\u0103\u0163i \u015fi date amenzi de 15.000 lei \u015fi patru avertismente.<\/p>\n","protected":false},"excerpt":{"rendered":"<p>Dou\u0103 firme din Alba, una de la Cugir \u015fi alta cu punct de lucru \u00een C\u00e2m\u0103eni au fost sanc\u021bionate de inspectorii ITM Alba pentru munc\u0103 \u201ela negru\u201d. \u00cen total, \u00een urma\u00a0controalelor la zeci de firme din jude\u0163, ITM a dat amenzi de aproape 70.000 de lei. \u00cen perioada 11\u201315 aprilie, \u00een domeniul rela\u0163iilor de munc\u0103 &hellip;<\/p>\n","protected":false},"author":17,"featured_media":17515,"comment_status":"open","ping_status":"open","sticky":false,"template":"","format":"standard","meta":{"inline_featured_image":false,"footnotes":""},"categories":[2034],"tags":[307,2292,2455,4500,301,1424,2381,4578,2379,2845,308,76],"class_list":["post-22279","post","type-post","status-publish","format-standard","has-post-thumbnail","hentry","category-social","tag-alba","tag-amenzi","tag-campeni","tag-comert","tag-constructii","tag-cugir","tag-inspectori","tag-instalatii","tag-itm","tag-munca-la-negru","tag-stiri","tag-urbea-mea"],"yoast_head":"<!-- This site is optimized with the Yoast SEO plugin v28.3 - https:\/\/yoast.com\/product\/yoast-seo-wordpress\/ -->\n<title>ITM Alba: Firme din Cugir \u015fi C\u00e2mpeni, amendate pentru munca \u201ela negru\u201d - Revista Urbea Mea - Revista de Alba<\/title>\n<meta name=\"description\" content=\"Dou\u0103 firme din Alba, una de la Cugir \u015fi alta cu punct de lucru \u00een C\u00e2m\u0103eni au fost sanc\u021bionate de inspectorii ITM Alba pentru munc\u0103 \u201ela negru\u201d. \u00cen total,\" \/>\n<meta name=\"robots\" content=\"index, follow, max-snippet:-1, max-image-preview:large, max-video-preview:-1\" \/>\n<link rel=\"canonical\" href=\"https:\/\/urbeamea.ro\/albaiulia\/itm-alba-firme-din-cugir-si-campeni-amendate-pentru-munca-la-negru\/\" \/>\n<meta name=\"twitter:card\" content=\"summary_large_image\" \/>\n<meta name=\"twitter:title\" content=\"ITM Alba: Firme din Cugir \u015fi C\u00e2mpeni, amendate pentru munca \u201ela negru\u201d - Revista Urbea Mea - Revista de Alba\" \/>\n<meta name=\"twitter:description\" content=\"Dou\u0103 firme din Alba, una de la Cugir \u015fi alta cu punct de lucru \u00een C\u00e2m\u0103eni au fost sanc\u021bionate de inspectorii ITM Alba pentru munc\u0103 \u201ela negru\u201d. \u00cen total,\" \/>\n<meta name=\"twitter:image\" content=\"https:\/\/urbeamea.ro\/albaiulia\/wp-content\/uploads\/2016\/02\/ITM.jpg\" \/>\n<meta name=\"twitter:creator\" content=\"@urbeameaweb\" \/>\n<meta name=\"twitter:site\" content=\"@urbeameaweb\" \/>\n<script type=\"application\/ld+json\" class=\"yoast-schema-graph\">{\"@context\":\"https:\\\/\\\/schema.org\",\"@graph\":[{\"@type\":\"Article\",\"@id\":\"https:\\\/\\\/urbeamea.ro\\\/albaiulia\\\/itm-alba-firme-din-cugir-si-campeni-amendate-pentru-munca-la-negru\\\/#article\",\"isPartOf\":{\"@id\":\"https:\\\/\\\/urbeamea.ro\\\/albaiulia\\\/itm-alba-firme-din-cugir-si-campeni-amendate-pentru-munca-la-negru\\\/\"},\"author\":{\"name\":\"Cristina Ganga\",\"@id\":\"https:\\\/\\\/urbeamea.ro\\\/albaiulia\\\/#\\\/schema\\\/person\\\/9700d21fae21c4f038b0b56f4506264a\"},\"headline\":\"ITM Alba: Firme din Cugir \u015fi C\u00e2mpeni, amendate pentru munca \u201ela negru\u201d\",\"datePublished\":\"2016-04-18T08:28:13+00:00\",\"mainEntityOfPage\":{\"@id\":\"https:\\\/\\\/urbeamea.ro\\\/albaiulia\\\/itm-alba-firme-din-cugir-si-campeni-amendate-pentru-munca-la-negru\\\/\"},\"wordCount\":177,\"commentCount\":0,\"image\":{\"@id\":\"https:\\\/\\\/urbeamea.ro\\\/albaiulia\\\/itm-alba-firme-din-cugir-si-campeni-amendate-pentru-munca-la-negru\\\/#primaryimage\"},\"thumbnailUrl\":\"https:\\\/\\\/urbeamea.ro\\\/albaiulia\\\/wp-content\\\/uploads\\\/2016\\\/02\\\/ITM.jpg\",\"keywords\":[\"alba\",\"amenzi\",\"campeni\",\"comert\",\"constructii\",\"cugir\",\"inspectori\",\"instalatii\",\"ITM\",\"munca la negru\",\"stiri\",\"Urbea Mea\"],\"articleSection\":[\"Social\"],\"inLanguage\":\"ro-RO\",\"potentialAction\":[{\"@type\":\"CommentAction\",\"name\":\"Comment\",\"target\":[\"https:\\\/\\\/urbeamea.ro\\\/albaiulia\\\/itm-alba-firme-din-cugir-si-campeni-amendate-pentru-munca-la-negru\\\/#respond\"]}]},{\"@type\":\"WebPage\",\"@id\":\"https:\\\/\\\/urbeamea.ro\\\/albaiulia\\\/itm-alba-firme-din-cugir-si-campeni-amendate-pentru-munca-la-negru\\\/\",\"url\":\"https:\\\/\\\/urbeamea.ro\\\/albaiulia\\\/itm-alba-firme-din-cugir-si-campeni-amendate-pentru-munca-la-negru\\\/\",\"name\":\"ITM Alba: Firme din Cugir \u015fi C\u00e2mpeni, amendate pentru munca \u201ela negru\u201d - Revista Urbea Mea - Revista de Alba\",\"isPartOf\":{\"@id\":\"https:\\\/\\\/urbeamea.ro\\\/albaiulia\\\/#website\"},\"primaryImageOfPage\":{\"@id\":\"https:\\\/\\\/urbeamea.ro\\\/albaiulia\\\/itm-alba-firme-din-cugir-si-campeni-amendate-pentru-munca-la-negru\\\/#primaryimage\"},\"image\":{\"@id\":\"https:\\\/\\\/urbeamea.ro\\\/albaiulia\\\/itm-alba-firme-din-cugir-si-campeni-amendate-pentru-munca-la-negru\\\/#primaryimage\"},\"thumbnailUrl\":\"https:\\\/\\\/urbeamea.ro\\\/albaiulia\\\/wp-content\\\/uploads\\\/2016\\\/02\\\/ITM.jpg\",\"datePublished\":\"2016-04-18T08:28:13+00:00\",\"author\":{\"@id\":\"https:\\\/\\\/urbeamea.ro\\\/albaiulia\\\/#\\\/schema\\\/person\\\/9700d21fae21c4f038b0b56f4506264a\"},\"description\":\"Dou\u0103 firme din Alba, una de la Cugir \u015fi alta cu punct de lucru \u00een C\u00e2m\u0103eni au fost sanc\u021bionate de inspectorii ITM Alba pentru munc\u0103 \u201ela negru\u201d. \u00cen total,\",\"breadcrumb\":{\"@id\":\"https:\\\/\\\/urbeamea.ro\\\/albaiulia\\\/itm-alba-firme-din-cugir-si-campeni-amendate-pentru-munca-la-negru\\\/#breadcrumb\"},\"inLanguage\":\"ro-RO\",\"potentialAction\":[{\"@type\":\"ReadAction\",\"target\":[\"https:\\\/\\\/urbeamea.ro\\\/albaiulia\\\/itm-alba-firme-din-cugir-si-campeni-amendate-pentru-munca-la-negru\\\/\"]}]},{\"@type\":\"ImageObject\",\"inLanguage\":\"ro-RO\",\"@id\":\"https:\\\/\\\/urbeamea.ro\\\/albaiulia\\\/itm-alba-firme-din-cugir-si-campeni-amendate-pentru-munca-la-negru\\\/#primaryimage\",\"url\":\"https:\\\/\\\/urbeamea.ro\\\/albaiulia\\\/wp-content\\\/uploads\\\/2016\\\/02\\\/ITM.jpg\",\"contentUrl\":\"https:\\\/\\\/urbeamea.ro\\\/albaiulia\\\/wp-content\\\/uploads\\\/2016\\\/02\\\/ITM.jpg\",\"width\":1280,\"height\":846},{\"@type\":\"BreadcrumbList\",\"@id\":\"https:\\\/\\\/urbeamea.ro\\\/albaiulia\\\/itm-alba-firme-din-cugir-si-campeni-amendate-pentru-munca-la-negru\\\/#breadcrumb\",\"itemListElement\":[{\"@type\":\"ListItem\",\"position\":1,\"name\":\"Prima pagin\u0103\",\"item\":\"https:\\\/\\\/urbeamea.ro\\\/albaiulia\\\/\"},{\"@type\":\"ListItem\",\"position\":2,\"name\":\"ITM Alba: Firme din Cugir \u015fi C\u00e2mpeni, amendate pentru munca \u201ela negru\u201d\"}]},{\"@type\":\"WebSite\",\"@id\":\"https:\\\/\\\/urbeamea.ro\\\/albaiulia\\\/#website\",\"url\":\"https:\\\/\\\/urbeamea.ro\\\/albaiulia\\\/\",\"name\":\"Revista Urbea Mea, Stiri urbane\",\"description\":\"Evenimente \u0219i \u0219tiri din Alba Iulia, Sebe\u0219, Aiud, Blaj\",\"potentialAction\":[{\"@type\":\"SearchAction\",\"target\":{\"@type\":\"EntryPoint\",\"urlTemplate\":\"https:\\\/\\\/urbeamea.ro\\\/albaiulia\\\/?s={search_term_string}\"},\"query-input\":{\"@type\":\"PropertyValueSpecification\",\"valueRequired\":true,\"valueName\":\"search_term_string\"}}],\"inLanguage\":\"ro-RO\"},{\"@type\":\"Person\",\"@id\":\"https:\\\/\\\/urbeamea.ro\\\/albaiulia\\\/#\\\/schema\\\/person\\\/9700d21fae21c4f038b0b56f4506264a\",\"name\":\"Cristina Ganga\",\"image\":{\"@type\":\"ImageObject\",\"inLanguage\":\"ro-RO\",\"@id\":\"https:\\\/\\\/secure.gravatar.com\\\/avatar\\\/5a67661041f057b4a8ccaf26f5a8e86e2689372006d01faf3dd9eeb10b654bb4?s=96&d=mm&r=g\",\"url\":\"https:\\\/\\\/secure.gravatar.com\\\/avatar\\\/5a67661041f057b4a8ccaf26f5a8e86e2689372006d01faf3dd9eeb10b654bb4?s=96&d=mm&r=g\",\"contentUrl\":\"https:\\\/\\\/secure.gravatar.com\\\/avatar\\\/5a67661041f057b4a8ccaf26f5a8e86e2689372006d01faf3dd9eeb10b654bb4?s=96&d=mm&r=g\",\"caption\":\"Cristina Ganga\"},\"description\":\"Jurnalist\",\"sameAs\":[\"https:\\\/\\\/www.facebook.com\\\/cristina.nicola.587\"],\"url\":\"https:\\\/\\\/urbeamea.ro\\\/albaiulia\\\/author\\\/cristina-nicola\\\/\"}]}<\/script>\n<!-- \/ Yoast SEO plugin. -->","yoast_head_json":{"title":"ITM Alba: Firme din Cugir \u015fi C\u00e2mpeni, amendate pentru munca \u201ela negru\u201d - Revista Urbea Mea - Revista de Alba","description":"Dou\u0103 firme din Alba, una de la Cugir \u015fi alta cu punct de lucru \u00een C\u00e2m\u0103eni au fost sanc\u021bionate de inspectorii ITM Alba pentru munc\u0103 \u201ela negru\u201d. \u00cen total,","robots":{"index":"index","follow":"follow","max-snippet":"max-snippet:-1","max-image-preview":"max-image-preview:large","max-video-preview":"max-video-preview:-1"},"canonical":"https:\/\/urbeamea.ro\/albaiulia\/itm-alba-firme-din-cugir-si-campeni-amendate-pentru-munca-la-negru\/","twitter_card":"summary_large_image","twitter_title":"ITM Alba: Firme din Cugir \u015fi C\u00e2mpeni, amendate pentru munca \u201ela negru\u201d - Revista Urbea Mea - Revista de Alba","twitter_description":"Dou\u0103 firme din Alba, una de la Cugir \u015fi alta cu punct de lucru \u00een C\u00e2m\u0103eni au fost sanc\u021bionate de inspectorii ITM Alba pentru munc\u0103 \u201ela negru\u201d. \u00cen total,","twitter_image":"https:\/\/urbeamea.ro\/albaiulia\/wp-content\/uploads\/2016\/02\/ITM.jpg","twitter_creator":"@urbeameaweb","twitter_site":"@urbeameaweb","schema":{"@context":"https:\/\/schema.org","@graph":[{"@type":"Article","@id":"https:\/\/urbeamea.ro\/albaiulia\/itm-alba-firme-din-cugir-si-campeni-amendate-pentru-munca-la-negru\/#article","isPartOf":{"@id":"https:\/\/urbeamea.ro\/albaiulia\/itm-alba-firme-din-cugir-si-campeni-amendate-pentru-munca-la-negru\/"},"author":{"name":"Cristina Ganga","@id":"https:\/\/urbeamea.ro\/albaiulia\/#\/schema\/person\/9700d21fae21c4f038b0b56f4506264a"},"headline":"ITM Alba: Firme din Cugir \u015fi C\u00e2mpeni, amendate pentru munca \u201ela negru\u201d","datePublished":"2016-04-18T08:28:13+00:00","mainEntityOfPage":{"@id":"https:\/\/urbeamea.ro\/albaiulia\/itm-alba-firme-din-cugir-si-campeni-amendate-pentru-munca-la-negru\/"},"wordCount":177,"commentCount":0,"image":{"@id":"https:\/\/urbeamea.ro\/albaiulia\/itm-alba-firme-din-cugir-si-campeni-amendate-pentru-munca-la-negru\/#primaryimage"},"thumbnailUrl":"https:\/\/urbeamea.ro\/albaiulia\/wp-content\/uploads\/2016\/02\/ITM.jpg","keywords":["alba","amenzi","campeni","comert","constructii","cugir","inspectori","instalatii","ITM","munca la negru","stiri","Urbea Mea"],"articleSection":["Social"],"inLanguage":"ro-RO","potentialAction":[{"@type":"CommentAction","name":"Comment","target":["https:\/\/urbeamea.ro\/albaiulia\/itm-alba-firme-din-cugir-si-campeni-amendate-pentru-munca-la-negru\/#respond"]}]},{"@type":"WebPage","@id":"https:\/\/urbeamea.ro\/albaiulia\/itm-alba-firme-din-cugir-si-campeni-amendate-pentru-munca-la-negru\/","url":"https:\/\/urbeamea.ro\/albaiulia\/itm-alba-firme-din-cugir-si-campeni-amendate-pentru-munca-la-negru\/","name":"ITM Alba: Firme din Cugir \u015fi C\u00e2mpeni, amendate pentru munca \u201ela negru\u201d - Revista Urbea Mea - Revista de Alba","isPartOf":{"@id":"https:\/\/urbeamea.ro\/albaiulia\/#website"},"primaryImageOfPage":{"@id":"https:\/\/urbeamea.ro\/albaiulia\/itm-alba-firme-din-cugir-si-campeni-amendate-pentru-munca-la-negru\/#primaryimage"},"image":{"@id":"https:\/\/urbeamea.ro\/albaiulia\/itm-alba-firme-din-cugir-si-campeni-amendate-pentru-munca-la-negru\/#primaryimage"},"thumbnailUrl":"https:\/\/urbeamea.ro\/albaiulia\/wp-content\/uploads\/2016\/02\/ITM.jpg","datePublished":"2016-04-18T08:28:13+00:00","author":{"@id":"https:\/\/urbeamea.ro\/albaiulia\/#\/schema\/person\/9700d21fae21c4f038b0b56f4506264a"},"description":"Dou\u0103 firme din Alba, una de la Cugir \u015fi alta cu punct de lucru \u00een C\u00e2m\u0103eni au fost sanc\u021bionate de inspectorii ITM Alba pentru munc\u0103 \u201ela negru\u201d. \u00cen total,","breadcrumb":{"@id":"https:\/\/urbeamea.ro\/albaiulia\/itm-alba-firme-din-cugir-si-campeni-amendate-pentru-munca-la-negru\/#breadcrumb"},"inLanguage":"ro-RO","potentialAction":[{"@type":"ReadAction","target":["https:\/\/urbeamea.ro\/albaiulia\/itm-alba-firme-din-cugir-si-campeni-amendate-pentru-munca-la-negru\/"]}]},{"@type":"ImageObject","inLanguage":"ro-RO","@id":"https:\/\/urbeamea.ro\/albaiulia\/itm-alba-firme-din-cugir-si-campeni-amendate-pentru-munca-la-negru\/#primaryimage","url":"https:\/\/urbeamea.ro\/albaiulia\/wp-content\/uploads\/2016\/02\/ITM.jpg","contentUrl":"https:\/\/urbeamea.ro\/albaiulia\/wp-content\/uploads\/2016\/02\/ITM.jpg","width":1280,"height":846},{"@type":"BreadcrumbList","@id":"https:\/\/urbeamea.ro\/albaiulia\/itm-alba-firme-din-cugir-si-campeni-amendate-pentru-munca-la-negru\/#breadcrumb","itemListElement":[{"@type":"ListItem","position":1,"name":"Prima pagin\u0103","item":"https:\/\/urbeamea.ro\/albaiulia\/"},{"@type":"ListItem","position":2,"name":"ITM Alba: Firme din Cugir \u015fi C\u00e2mpeni, amendate pentru munca \u201ela negru\u201d"}]},{"@type":"WebSite","@id":"https:\/\/urbeamea.ro\/albaiulia\/#website","url":"https:\/\/urbeamea.ro\/albaiulia\/","name":"Revista Urbea Mea, Stiri urbane","description":"Evenimente \u0219i \u0219tiri din Alba Iulia, Sebe\u0219, Aiud, Blaj","potentialAction":[{"@type":"SearchAction","target":{"@type":"EntryPoint","urlTemplate":"https:\/\/urbeamea.ro\/albaiulia\/?s={search_term_string}"},"query-input":{"@type":"PropertyValueSpecification","valueRequired":true,"valueName":"search_term_string"}}],"inLanguage":"ro-RO"},{"@type":"Person","@id":"https:\/\/urbeamea.ro\/albaiulia\/#\/schema\/person\/9700d21fae21c4f038b0b56f4506264a","name":"Cristina Ganga","image":{"@type":"ImageObject","inLanguage":"ro-RO","@id":"https:\/\/secure.gravatar.com\/avatar\/5a67661041f057b4a8ccaf26f5a8e86e2689372006d01faf3dd9eeb10b654bb4?s=96&d=mm&r=g","url":"https:\/\/secure.gravatar.com\/avatar\/5a67661041f057b4a8ccaf26f5a8e86e2689372006d01faf3dd9eeb10b654bb4?s=96&d=mm&r=g","contentUrl":"https:\/\/secure.gravatar.com\/avatar\/5a67661041f057b4a8ccaf26f5a8e86e2689372006d01faf3dd9eeb10b654bb4?s=96&d=mm&r=g","caption":"Cristina Ganga"},"description":"Jurnalist","sameAs":["https:\/\/www.facebook.com\/cristina.nicola.587"],"url":"https:\/\/urbeamea.ro\/albaiulia\/author\/cristina-nicola\/"}]}},"_links":{"self":[{"href":"https:\/\/urbeamea.ro\/albaiulia\/wp-json\/wp\/v2\/posts\/22279","targetHints":{"allow":["GET"]}}],"collection":[{"href":"https:\/\/urbeamea.ro\/albaiulia\/wp-json\/wp\/v2\/posts"}],"about":[{"href":"https:\/\/urbeamea.ro\/albaiulia\/wp-json\/wp\/v2\/types\/post"}],"author":[{"embeddable":true,"href":"https:\/\/urbeamea.ro\/albaiulia\/wp-json\/wp\/v2\/users\/17"}],"replies":[{"embeddable":true,"href":"https:\/\/urbeamea.ro\/albaiulia\/wp-json\/wp\/v2\/comments?post=22279"}],"version-history":[{"count":0,"href":"https:\/\/urbeamea.ro\/albaiulia\/wp-json\/wp\/v2\/posts\/22279\/revisions"}],"wp:featuredmedia":[{"embeddable":true,"href":"https:\/\/urbeamea.ro\/albaiulia\/wp-json\/wp\/v2\/media\/17515"}],"wp:attachment":[{"href":"https:\/\/urbeamea.ro\/albaiulia\/wp-json\/wp\/v2\/media?parent=22279"}],"wp:term":[{"taxonomy":"category","embeddable":true,"href":"https:\/\/urbeamea.ro\/albaiulia\/wp-json\/wp\/v2\/categories?post=22279"},{"taxonomy":"post_tag","embeddable":true,"href":"https:\/\/urbeamea.ro\/albaiulia\/wp-json\/wp\/v2\/tags?post=22279"}],"curies":[{"name":"wp","href":"https:\/\/api.w.org\/{rel}","templated":true}]}}