{"id":22362,"date":"2016-04-19T15:33:59","date_gmt":"2016-04-19T12:33:59","guid":{"rendered":"http:\/\/urbeamea.ro\/albaiulia\/?p=22362"},"modified":"2016-04-19T15:33:59","modified_gmt":"2016-04-19T12:33:59","slug":"foto-ateliere-de-creatie-pictura-si-grafica-pe-teme-de-primavara-si-recitaluri-muzicale-la-clubul-copiilor-aiud","status":"publish","type":"post","link":"https:\/\/urbeamea.ro\/albaiulia\/foto-ateliere-de-creatie-pictura-si-grafica-pe-teme-de-primavara-si-recitaluri-muzicale-la-clubul-copiilor-aiud\/","title":{"rendered":"FOTO: Ateliere de crea\u021bie, pictur\u0103 \u0219i grafic\u0103 pe teme de prim\u0103var\u0103 \u0219i recitaluri muzicale, la Clubul Copiilor Aiud"},"content":{"rendered":"<p><strong><img loading=\"lazy\" decoding=\"async\" class=\"size-medium wp-image-22371 alignleft\" src=\"http:\/\/urbeamea.ro\/albaiulia\/wp-content\/uploads\/2016\/04\/IMG_1612-2-300x225.jpg\" alt=\"IMG_1612 (2)\" width=\"300\" height=\"225\" \/>Clubul Copiilor Aiud a desf\u0103\u0219urat luni, 18 aprilie, diferite activit\u0103\u021bi \u00een cadrul programului \u201e\u0218coala Altfel\u201d. \u00cen cadrul evenimentului au fost implica\u021bi copiii \u00eenscri\u0219i \u00een cadrul cercurilor, dar \u0219i elevi de la Colegiul Na\u021bional \u201eTitu Maiorescu\u201d \u0219i \u0218coala General\u0103 cu clasele I-VIII \u201eAxente Sever\u201d.<\/strong><\/p>\n<p>Activit\u0103\u021bile s-au desf\u0103\u0219urat pe ateliere, confec\u021bion\u00e2nd co\u0219ulete de Pa\u0219te, mascote de prim\u0103var\u0103, pictur\u0103 \u0219i grafic\u0103 pe teme de prim\u0103var\u0103, precum \u0219i o multitudine de desene pe asfalt. De asemenea, copiii din cadrul cercului de muzic\u0103 au sus\u021binut un recital, interpret\u00e2nd piese de muzic\u0103 rock, jazz \u0219i muzic\u0103 popular\u0103.<\/p>\n<p>Evenimentul de luni a fost \u00eencheiat cu o hor\u0103 \u00een care s-au prins to\u021bi copiii participan\u021bi la cercuri.<\/p>\n<p>\u201eConsider\u0103m c\u0103 a fost un bun prilej de a ne populariza activit\u0103\u021bile desf\u0103\u0219urate \u00een cadrul cercurilor de la Clubul Copiilor, activit\u0103\u021bi gratuite pentru to\u021bi copiii doritori din ora\u0219\u201d, au transmis reprezentan\u021bii Clubului Copiilor Aiud.<\/p>\n<div id='gallery-1' class='gallery galleryid-22362 gallery-columns-3 gallery-size-thumbnail'><figure class='gallery-item'>\n\t\t\t<div class='gallery-icon landscape'>\n\t\t\t\t<a href='https:\/\/urbeamea.ro\/albaiulia\/wp-content\/uploads\/2016\/04\/IMG_1602.jpg'><img decoding=\"async\" width=\"150\" height=\"113\" src=\"data:image\/png;base64,iVBORw0KGgoAAAANSUhEUgAAAYYAAADcAQMAAABOLJSDAAAAA1BMVEUAAACnej3aAAAAAXRSTlMAQObYZgAAACJJREFUaIHtwTEBAAAAwqD1T20ND6AAAAAAAAAAAAAA4N8AKvgAAUFIrrEAAAAASUVORK5CYII=\" class=\"attachment-thumbnail size-thumbnail lazy-img\" alt=\"\" srcset=\"https:\/\/urbeamea.ro\/albaiulia\/wp-content\/uploads\/2016\/04\/IMG_1602-150x113.jpg 150w, https:\/\/urbeamea.ro\/albaiulia\/wp-content\/uploads\/2016\/04\/IMG_1602-300x225.jpg 300w, https:\/\/urbeamea.ro\/albaiulia\/wp-content\/uploads\/2016\/04\/IMG_1602-768x576.jpg 768w, https:\/\/urbeamea.ro\/albaiulia\/wp-content\/uploads\/2016\/04\/IMG_1602.jpg 800w\" sizes=\"auto, (max-width: 150px) 100vw, 150px\" data-src=\"https:\/\/urbeamea.ro\/albaiulia\/wp-content\/uploads\/2016\/04\/IMG_1602-150x113.jpg\" loading=\"lazy\" \/><\/a>\n\t\t\t<\/div><\/figure><figure class='gallery-item'>\n\t\t\t<div class='gallery-icon landscape'>\n\t\t\t\t<a href='https:\/\/urbeamea.ro\/albaiulia\/wp-content\/uploads\/2016\/04\/IMG_1603.jpg'><img decoding=\"async\" width=\"150\" height=\"113\" src=\"data:image\/png;base64,iVBORw0KGgoAAAANSUhEUgAAAYYAAADcAQMAAABOLJSDAAAAA1BMVEUAAACnej3aAAAAAXRSTlMAQObYZgAAACJJREFUaIHtwTEBAAAAwqD1T20ND6AAAAAAAAAAAAAA4N8AKvgAAUFIrrEAAAAASUVORK5CYII=\" class=\"attachment-thumbnail size-thumbnail lazy-img\" alt=\"\" srcset=\"https:\/\/urbeamea.ro\/albaiulia\/wp-content\/uploads\/2016\/04\/IMG_1603-150x113.jpg 150w, https:\/\/urbeamea.ro\/albaiulia\/wp-content\/uploads\/2016\/04\/IMG_1603-300x225.jpg 300w, https:\/\/urbeamea.ro\/albaiulia\/wp-content\/uploads\/2016\/04\/IMG_1603-768x576.jpg 768w, https:\/\/urbeamea.ro\/albaiulia\/wp-content\/uploads\/2016\/04\/IMG_1603.jpg 800w\" sizes=\"auto, (max-width: 150px) 100vw, 150px\" data-src=\"https:\/\/urbeamea.ro\/albaiulia\/wp-content\/uploads\/2016\/04\/IMG_1603-150x113.jpg\" loading=\"lazy\" \/><\/a>\n\t\t\t<\/div><\/figure><figure class='gallery-item'>\n\t\t\t<div class='gallery-icon landscape'>\n\t\t\t\t<a href='https:\/\/urbeamea.ro\/albaiulia\/wp-content\/uploads\/2016\/04\/IMG_1604.jpg'><img decoding=\"async\" width=\"150\" height=\"113\" src=\"data:image\/png;base64,iVBORw0KGgoAAAANSUhEUgAAAYYAAADcAQMAAABOLJSDAAAAA1BMVEUAAACnej3aAAAAAXRSTlMAQObYZgAAACJJREFUaIHtwTEBAAAAwqD1T20ND6AAAAAAAAAAAAAA4N8AKvgAAUFIrrEAAAAASUVORK5CYII=\" class=\"attachment-thumbnail size-thumbnail lazy-img\" alt=\"\" srcset=\"https:\/\/urbeamea.ro\/albaiulia\/wp-content\/uploads\/2016\/04\/IMG_1604-150x113.jpg 150w, https:\/\/urbeamea.ro\/albaiulia\/wp-content\/uploads\/2016\/04\/IMG_1604-300x225.jpg 300w, https:\/\/urbeamea.ro\/albaiulia\/wp-content\/uploads\/2016\/04\/IMG_1604-768x576.jpg 768w, https:\/\/urbeamea.ro\/albaiulia\/wp-content\/uploads\/2016\/04\/IMG_1604.jpg 800w\" sizes=\"auto, (max-width: 150px) 100vw, 150px\" data-src=\"https:\/\/urbeamea.ro\/albaiulia\/wp-content\/uploads\/2016\/04\/IMG_1604-150x113.jpg\" loading=\"lazy\" \/><\/a>\n\t\t\t<\/div><\/figure><figure class='gallery-item'>\n\t\t\t<div class='gallery-icon landscape'>\n\t\t\t\t<a href='https:\/\/urbeamea.ro\/albaiulia\/wp-content\/uploads\/2016\/04\/IMG_1605.jpg'><img decoding=\"async\" width=\"150\" height=\"113\" src=\"data:image\/png;base64,iVBORw0KGgoAAAANSUhEUgAAAYYAAADcAQMAAABOLJSDAAAAA1BMVEUAAACnej3aAAAAAXRSTlMAQObYZgAAACJJREFUaIHtwTEBAAAAwqD1T20ND6AAAAAAAAAAAAAA4N8AKvgAAUFIrrEAAAAASUVORK5CYII=\" class=\"attachment-thumbnail size-thumbnail lazy-img\" alt=\"\" srcset=\"https:\/\/urbeamea.ro\/albaiulia\/wp-content\/uploads\/2016\/04\/IMG_1605-150x113.jpg 150w, https:\/\/urbeamea.ro\/albaiulia\/wp-content\/uploads\/2016\/04\/IMG_1605-300x225.jpg 300w, https:\/\/urbeamea.ro\/albaiulia\/wp-content\/uploads\/2016\/04\/IMG_1605-768x576.jpg 768w, https:\/\/urbeamea.ro\/albaiulia\/wp-content\/uploads\/2016\/04\/IMG_1605.jpg 800w\" sizes=\"auto, (max-width: 150px) 100vw, 150px\" data-src=\"https:\/\/urbeamea.ro\/albaiulia\/wp-content\/uploads\/2016\/04\/IMG_1605-150x113.jpg\" loading=\"lazy\" \/><\/a>\n\t\t\t<\/div><\/figure><figure class='gallery-item'>\n\t\t\t<div class='gallery-icon landscape'>\n\t\t\t\t<a href='https:\/\/urbeamea.ro\/albaiulia\/wp-content\/uploads\/2016\/04\/IMG_1607.jpg'><img decoding=\"async\" width=\"150\" height=\"113\" src=\"data:image\/png;base64,iVBORw0KGgoAAAANSUhEUgAAAYYAAADcAQMAAABOLJSDAAAAA1BMVEUAAACnej3aAAAAAXRSTlMAQObYZgAAACJJREFUaIHtwTEBAAAAwqD1T20ND6AAAAAAAAAAAAAA4N8AKvgAAUFIrrEAAAAASUVORK5CYII=\" class=\"attachment-thumbnail size-thumbnail lazy-img\" alt=\"\" srcset=\"https:\/\/urbeamea.ro\/albaiulia\/wp-content\/uploads\/2016\/04\/IMG_1607-150x113.jpg 150w, https:\/\/urbeamea.ro\/albaiulia\/wp-content\/uploads\/2016\/04\/IMG_1607-300x225.jpg 300w, https:\/\/urbeamea.ro\/albaiulia\/wp-content\/uploads\/2016\/04\/IMG_1607-768x576.jpg 768w, https:\/\/urbeamea.ro\/albaiulia\/wp-content\/uploads\/2016\/04\/IMG_1607.jpg 800w\" sizes=\"auto, (max-width: 150px) 100vw, 150px\" data-src=\"https:\/\/urbeamea.ro\/albaiulia\/wp-content\/uploads\/2016\/04\/IMG_1607-150x113.jpg\" loading=\"lazy\" \/><\/a>\n\t\t\t<\/div><\/figure><figure class='gallery-item'>\n\t\t\t<div class='gallery-icon landscape'>\n\t\t\t\t<a href='https:\/\/urbeamea.ro\/albaiulia\/wp-content\/uploads\/2016\/04\/IMG_1608.jpg'><img decoding=\"async\" width=\"150\" height=\"113\" src=\"data:image\/png;base64,iVBORw0KGgoAAAANSUhEUgAAAYYAAADcAQMAAABOLJSDAAAAA1BMVEUAAACnej3aAAAAAXRSTlMAQObYZgAAACJJREFUaIHtwTEBAAAAwqD1T20ND6AAAAAAAAAAAAAA4N8AKvgAAUFIrrEAAAAASUVORK5CYII=\" class=\"attachment-thumbnail size-thumbnail lazy-img\" alt=\"\" srcset=\"https:\/\/urbeamea.ro\/albaiulia\/wp-content\/uploads\/2016\/04\/IMG_1608-150x113.jpg 150w, https:\/\/urbeamea.ro\/albaiulia\/wp-content\/uploads\/2016\/04\/IMG_1608-300x225.jpg 300w, https:\/\/urbeamea.ro\/albaiulia\/wp-content\/uploads\/2016\/04\/IMG_1608-768x576.jpg 768w, https:\/\/urbeamea.ro\/albaiulia\/wp-content\/uploads\/2016\/04\/IMG_1608.jpg 800w\" sizes=\"auto, (max-width: 150px) 100vw, 150px\" data-src=\"https:\/\/urbeamea.ro\/albaiulia\/wp-content\/uploads\/2016\/04\/IMG_1608-150x113.jpg\" loading=\"lazy\" \/><\/a>\n\t\t\t<\/div><\/figure><figure class='gallery-item'>\n\t\t\t<div class='gallery-icon landscape'>\n\t\t\t\t<a href='https:\/\/urbeamea.ro\/albaiulia\/wp-content\/uploads\/2016\/04\/IMG_1611.jpg'><img decoding=\"async\" width=\"150\" height=\"113\" src=\"data:image\/png;base64,iVBORw0KGgoAAAANSUhEUgAAAYYAAADcAQMAAABOLJSDAAAAA1BMVEUAAACnej3aAAAAAXRSTlMAQObYZgAAACJJREFUaIHtwTEBAAAAwqD1T20ND6AAAAAAAAAAAAAA4N8AKvgAAUFIrrEAAAAASUVORK5CYII=\" class=\"attachment-thumbnail size-thumbnail lazy-img\" alt=\"\" srcset=\"https:\/\/urbeamea.ro\/albaiulia\/wp-content\/uploads\/2016\/04\/IMG_1611-150x113.jpg 150w, https:\/\/urbeamea.ro\/albaiulia\/wp-content\/uploads\/2016\/04\/IMG_1611-300x225.jpg 300w, https:\/\/urbeamea.ro\/albaiulia\/wp-content\/uploads\/2016\/04\/IMG_1611-768x576.jpg 768w, https:\/\/urbeamea.ro\/albaiulia\/wp-content\/uploads\/2016\/04\/IMG_1611.jpg 800w\" sizes=\"auto, (max-width: 150px) 100vw, 150px\" data-src=\"https:\/\/urbeamea.ro\/albaiulia\/wp-content\/uploads\/2016\/04\/IMG_1611-150x113.jpg\" loading=\"lazy\" \/><\/a>\n\t\t\t<\/div><\/figure><figure class='gallery-item'>\n\t\t\t<div class='gallery-icon landscape'>\n\t\t\t\t<a href='https:\/\/urbeamea.ro\/albaiulia\/wp-content\/uploads\/2016\/04\/IMG_1612-1.jpg'><img decoding=\"async\" width=\"150\" height=\"113\" src=\"data:image\/png;base64,iVBORw0KGgoAAAANSUhEUgAAAYYAAADcAQMAAABOLJSDAAAAA1BMVEUAAACnej3aAAAAAXRSTlMAQObYZgAAACJJREFUaIHtwTEBAAAAwqD1T20ND6AAAAAAAAAAAAAA4N8AKvgAAUFIrrEAAAAASUVORK5CYII=\" class=\"attachment-thumbnail size-thumbnail lazy-img\" alt=\"\" srcset=\"https:\/\/urbeamea.ro\/albaiulia\/wp-content\/uploads\/2016\/04\/IMG_1612-1-150x113.jpg 150w, https:\/\/urbeamea.ro\/albaiulia\/wp-content\/uploads\/2016\/04\/IMG_1612-1-300x225.jpg 300w, https:\/\/urbeamea.ro\/albaiulia\/wp-content\/uploads\/2016\/04\/IMG_1612-1-768x576.jpg 768w, https:\/\/urbeamea.ro\/albaiulia\/wp-content\/uploads\/2016\/04\/IMG_1612-1.jpg 800w\" sizes=\"auto, (max-width: 150px) 100vw, 150px\" data-src=\"https:\/\/urbeamea.ro\/albaiulia\/wp-content\/uploads\/2016\/04\/IMG_1612-1-150x113.jpg\" loading=\"lazy\" \/><\/a>\n\t\t\t<\/div><\/figure><figure class='gallery-item'>\n\t\t\t<div class='gallery-icon landscape'>\n\t\t\t\t<a href='https:\/\/urbeamea.ro\/albaiulia\/wp-content\/uploads\/2016\/04\/IMG_1612-2.jpg'><img decoding=\"async\" width=\"150\" height=\"113\" src=\"data:image\/png;base64,iVBORw0KGgoAAAANSUhEUgAAAYYAAADcAQMAAABOLJSDAAAAA1BMVEUAAACnej3aAAAAAXRSTlMAQObYZgAAACJJREFUaIHtwTEBAAAAwqD1T20ND6AAAAAAAAAAAAAA4N8AKvgAAUFIrrEAAAAASUVORK5CYII=\" class=\"attachment-thumbnail size-thumbnail lazy-img\" alt=\"\" srcset=\"https:\/\/urbeamea.ro\/albaiulia\/wp-content\/uploads\/2016\/04\/IMG_1612-2-150x113.jpg 150w, https:\/\/urbeamea.ro\/albaiulia\/wp-content\/uploads\/2016\/04\/IMG_1612-2-640x480.jpg 640w, https:\/\/urbeamea.ro\/albaiulia\/wp-content\/uploads\/2016\/04\/IMG_1612-2-768x576.jpg 768w, https:\/\/urbeamea.ro\/albaiulia\/wp-content\/uploads\/2016\/04\/IMG_1612-2.jpg 800w\" sizes=\"auto, (max-width: 150px) 100vw, 150px\" data-src=\"https:\/\/urbeamea.ro\/albaiulia\/wp-content\/uploads\/2016\/04\/IMG_1612-2-150x113.jpg\" loading=\"lazy\" \/><\/a>\n\t\t\t<\/div><\/figure><figure class='gallery-item'>\n\t\t\t<div class='gallery-icon landscape'>\n\t\t\t\t<a href='https:\/\/urbeamea.ro\/albaiulia\/wp-content\/uploads\/2016\/04\/IMG_1612.jpg'><img decoding=\"async\" width=\"150\" height=\"113\" src=\"data:image\/png;base64,iVBORw0KGgoAAAANSUhEUgAAAYYAAADcAQMAAABOLJSDAAAAA1BMVEUAAACnej3aAAAAAXRSTlMAQObYZgAAACJJREFUaIHtwTEBAAAAwqD1T20ND6AAAAAAAAAAAAAA4N8AKvgAAUFIrrEAAAAASUVORK5CYII=\" class=\"attachment-thumbnail size-thumbnail lazy-img\" alt=\"\" srcset=\"https:\/\/urbeamea.ro\/albaiulia\/wp-content\/uploads\/2016\/04\/IMG_1612-150x113.jpg 150w, https:\/\/urbeamea.ro\/albaiulia\/wp-content\/uploads\/2016\/04\/IMG_1612-300x225.jpg 300w, https:\/\/urbeamea.ro\/albaiulia\/wp-content\/uploads\/2016\/04\/IMG_1612-768x576.jpg 768w, https:\/\/urbeamea.ro\/albaiulia\/wp-content\/uploads\/2016\/04\/IMG_1612.jpg 800w\" sizes=\"auto, (max-width: 150px) 100vw, 150px\" data-src=\"https:\/\/urbeamea.ro\/albaiulia\/wp-content\/uploads\/2016\/04\/IMG_1612-150x113.jpg\" loading=\"lazy\" \/><\/a>\n\t\t\t<\/div><\/figure>\n\t\t<\/div>\n\n","protected":false},"excerpt":{"rendered":"<p>Clubul Copiilor Aiud a desf\u0103\u0219urat luni, 18 aprilie, diferite activit\u0103\u021bi \u00een cadrul programului \u201e\u0218coala Altfel\u201d. \u00cen cadrul evenimentului au fost implica\u021bi copiii \u00eenscri\u0219i \u00een cadrul cercurilor, dar \u0219i elevi de la Colegiul Na\u021bional \u201eTitu Maiorescu\u201d \u0219i \u0218coala General\u0103 cu clasele I-VIII \u201eAxente Sever\u201d. Activit\u0103\u021bile s-au desf\u0103\u0219urat pe ateliere, confec\u021bion\u00e2nd co\u0219ulete de Pa\u0219te, mascote de prim\u0103var\u0103, &hellip;<\/p>\n","protected":false},"author":17,"featured_media":22371,"comment_status":"open","ping_status":"open","sticky":false,"template":"","format":"standard","meta":{"inline_featured_image":false,"footnotes":""},"categories":[2039],"tags":[847,307,953,4622,4623,4625,966,4624,4383,308,76],"class_list":["post-22362","post","type-post","status-publish","format-standard","has-post-thumbnail","hentry","category-educatie","tag-activitati","tag-alba","tag-ateliere","tag-clubul-copiilor-aiud","tag-desene-pe-asfalt","tag-jazz","tag-muzica-populara","tag-muzica-rock","tag-scoala-altfel","tag-stiri","tag-urbea-mea"],"yoast_head":"<!-- This site is optimized with the Yoast SEO plugin v28.3 - https:\/\/yoast.com\/product\/yoast-seo-wordpress\/ -->\n<title>FOTO: Ateliere de crea\u021bie, pictur\u0103 \u0219i grafic\u0103 pe teme de prim\u0103var\u0103 \u0219i recitaluri muzicale, la Clubul Copiilor Aiud - Revista Urbea Mea - Revista de Alba<\/title>\n<meta name=\"description\" content=\"Clubul Copiilor Aiud a desf\u0103\u0219urat luni, 18 aprilie, diferite activit\u0103\u021bi \u00een cadrul programului \u201e\u0218coala Altfel\u201d. \u00cen cadrul evenimentului au fost implica\u021bi\" \/>\n<meta name=\"robots\" content=\"index, follow, max-snippet:-1, max-image-preview:large, max-video-preview:-1\" \/>\n<link rel=\"canonical\" href=\"https:\/\/urbeamea.ro\/albaiulia\/foto-ateliere-de-creatie-pictura-si-grafica-pe-teme-de-primavara-si-recitaluri-muzicale-la-clubul-copiilor-aiud\/\" \/>\n<meta name=\"twitter:card\" content=\"summary_large_image\" \/>\n<meta name=\"twitter:title\" content=\"FOTO: Ateliere de crea\u021bie, pictur\u0103 \u0219i grafic\u0103 pe teme de prim\u0103var\u0103 \u0219i recitaluri muzicale, la Clubul Copiilor Aiud - Revista Urbea Mea - Revista de Alba\" \/>\n<meta name=\"twitter:description\" content=\"Clubul Copiilor Aiud a desf\u0103\u0219urat luni, 18 aprilie, diferite activit\u0103\u021bi \u00een cadrul programului \u201e\u0218coala Altfel\u201d. \u00cen cadrul evenimentului au fost implica\u021bi\" \/>\n<meta name=\"twitter:image\" content=\"https:\/\/urbeamea.ro\/albaiulia\/wp-content\/uploads\/2016\/04\/IMG_1612-2.jpg\" \/>\n<meta name=\"twitter:creator\" content=\"@urbeameaweb\" \/>\n<meta name=\"twitter:site\" content=\"@urbeameaweb\" \/>\n<script type=\"application\/ld+json\" class=\"yoast-schema-graph\">{\"@context\":\"https:\\\/\\\/schema.org\",\"@graph\":[{\"@type\":\"Article\",\"@id\":\"https:\\\/\\\/urbeamea.ro\\\/albaiulia\\\/foto-ateliere-de-creatie-pictura-si-grafica-pe-teme-de-primavara-si-recitaluri-muzicale-la-clubul-copiilor-aiud\\\/#article\",\"isPartOf\":{\"@id\":\"https:\\\/\\\/urbeamea.ro\\\/albaiulia\\\/foto-ateliere-de-creatie-pictura-si-grafica-pe-teme-de-primavara-si-recitaluri-muzicale-la-clubul-copiilor-aiud\\\/\"},\"author\":{\"name\":\"Cristina Ganga\",\"@id\":\"https:\\\/\\\/urbeamea.ro\\\/albaiulia\\\/#\\\/schema\\\/person\\\/9700d21fae21c4f038b0b56f4506264a\"},\"headline\":\"FOTO: Ateliere de crea\u021bie, pictur\u0103 \u0219i grafic\u0103 pe teme de prim\u0103var\u0103 \u0219i recitaluri muzicale, la Clubul Copiilor Aiud\",\"datePublished\":\"2016-04-19T12:33:59+00:00\",\"mainEntityOfPage\":{\"@id\":\"https:\\\/\\\/urbeamea.ro\\\/albaiulia\\\/foto-ateliere-de-creatie-pictura-si-grafica-pe-teme-de-primavara-si-recitaluri-muzicale-la-clubul-copiilor-aiud\\\/\"},\"wordCount\":189,\"commentCount\":0,\"image\":{\"@id\":\"https:\\\/\\\/urbeamea.ro\\\/albaiulia\\\/foto-ateliere-de-creatie-pictura-si-grafica-pe-teme-de-primavara-si-recitaluri-muzicale-la-clubul-copiilor-aiud\\\/#primaryimage\"},\"thumbnailUrl\":\"https:\\\/\\\/urbeamea.ro\\\/albaiulia\\\/wp-content\\\/uploads\\\/2016\\\/04\\\/IMG_1612-2.jpg\",\"keywords\":[\"activitati\",\"alba\",\"ateliere\",\"clubul copiilor aiud\",\"desene pe asfalt\",\"jazz\",\"muzica populara\",\"muzica rock\",\"scoala altfel\",\"stiri\",\"Urbea Mea\"],\"articleSection\":[\"Educa\u021bie\"],\"inLanguage\":\"ro-RO\",\"potentialAction\":[{\"@type\":\"CommentAction\",\"name\":\"Comment\",\"target\":[\"https:\\\/\\\/urbeamea.ro\\\/albaiulia\\\/foto-ateliere-de-creatie-pictura-si-grafica-pe-teme-de-primavara-si-recitaluri-muzicale-la-clubul-copiilor-aiud\\\/#respond\"]}]},{\"@type\":\"WebPage\",\"@id\":\"https:\\\/\\\/urbeamea.ro\\\/albaiulia\\\/foto-ateliere-de-creatie-pictura-si-grafica-pe-teme-de-primavara-si-recitaluri-muzicale-la-clubul-copiilor-aiud\\\/\",\"url\":\"https:\\\/\\\/urbeamea.ro\\\/albaiulia\\\/foto-ateliere-de-creatie-pictura-si-grafica-pe-teme-de-primavara-si-recitaluri-muzicale-la-clubul-copiilor-aiud\\\/\",\"name\":\"FOTO: Ateliere de crea\u021bie, pictur\u0103 \u0219i grafic\u0103 pe teme de prim\u0103var\u0103 \u0219i recitaluri muzicale, la Clubul Copiilor Aiud - Revista Urbea Mea - Revista de Alba\",\"isPartOf\":{\"@id\":\"https:\\\/\\\/urbeamea.ro\\\/albaiulia\\\/#website\"},\"primaryImageOfPage\":{\"@id\":\"https:\\\/\\\/urbeamea.ro\\\/albaiulia\\\/foto-ateliere-de-creatie-pictura-si-grafica-pe-teme-de-primavara-si-recitaluri-muzicale-la-clubul-copiilor-aiud\\\/#primaryimage\"},\"image\":{\"@id\":\"https:\\\/\\\/urbeamea.ro\\\/albaiulia\\\/foto-ateliere-de-creatie-pictura-si-grafica-pe-teme-de-primavara-si-recitaluri-muzicale-la-clubul-copiilor-aiud\\\/#primaryimage\"},\"thumbnailUrl\":\"https:\\\/\\\/urbeamea.ro\\\/albaiulia\\\/wp-content\\\/uploads\\\/2016\\\/04\\\/IMG_1612-2.jpg\",\"datePublished\":\"2016-04-19T12:33:59+00:00\",\"author\":{\"@id\":\"https:\\\/\\\/urbeamea.ro\\\/albaiulia\\\/#\\\/schema\\\/person\\\/9700d21fae21c4f038b0b56f4506264a\"},\"description\":\"Clubul Copiilor Aiud a desf\u0103\u0219urat luni, 18 aprilie, diferite activit\u0103\u021bi \u00een cadrul programului \u201e\u0218coala Altfel\u201d. \u00cen cadrul evenimentului au fost implica\u021bi\",\"breadcrumb\":{\"@id\":\"https:\\\/\\\/urbeamea.ro\\\/albaiulia\\\/foto-ateliere-de-creatie-pictura-si-grafica-pe-teme-de-primavara-si-recitaluri-muzicale-la-clubul-copiilor-aiud\\\/#breadcrumb\"},\"inLanguage\":\"ro-RO\",\"potentialAction\":[{\"@type\":\"ReadAction\",\"target\":[\"https:\\\/\\\/urbeamea.ro\\\/albaiulia\\\/foto-ateliere-de-creatie-pictura-si-grafica-pe-teme-de-primavara-si-recitaluri-muzicale-la-clubul-copiilor-aiud\\\/\"]}]},{\"@type\":\"ImageObject\",\"inLanguage\":\"ro-RO\",\"@id\":\"https:\\\/\\\/urbeamea.ro\\\/albaiulia\\\/foto-ateliere-de-creatie-pictura-si-grafica-pe-teme-de-primavara-si-recitaluri-muzicale-la-clubul-copiilor-aiud\\\/#primaryimage\",\"url\":\"https:\\\/\\\/urbeamea.ro\\\/albaiulia\\\/wp-content\\\/uploads\\\/2016\\\/04\\\/IMG_1612-2.jpg\",\"contentUrl\":\"https:\\\/\\\/urbeamea.ro\\\/albaiulia\\\/wp-content\\\/uploads\\\/2016\\\/04\\\/IMG_1612-2.jpg\",\"width\":800,\"height\":600},{\"@type\":\"BreadcrumbList\",\"@id\":\"https:\\\/\\\/urbeamea.ro\\\/albaiulia\\\/foto-ateliere-de-creatie-pictura-si-grafica-pe-teme-de-primavara-si-recitaluri-muzicale-la-clubul-copiilor-aiud\\\/#breadcrumb\",\"itemListElement\":[{\"@type\":\"ListItem\",\"position\":1,\"name\":\"Prima pagin\u0103\",\"item\":\"https:\\\/\\\/urbeamea.ro\\\/albaiulia\\\/\"},{\"@type\":\"ListItem\",\"position\":2,\"name\":\"FOTO: Ateliere de crea\u021bie, pictur\u0103 \u0219i grafic\u0103 pe teme de prim\u0103var\u0103 \u0219i recitaluri muzicale, la Clubul Copiilor Aiud\"}]},{\"@type\":\"WebSite\",\"@id\":\"https:\\\/\\\/urbeamea.ro\\\/albaiulia\\\/#website\",\"url\":\"https:\\\/\\\/urbeamea.ro\\\/albaiulia\\\/\",\"name\":\"Revista Urbea Mea, Stiri urbane\",\"description\":\"Evenimente \u0219i \u0219tiri din Alba Iulia, Sebe\u0219, Aiud, Blaj\",\"potentialAction\":[{\"@type\":\"SearchAction\",\"target\":{\"@type\":\"EntryPoint\",\"urlTemplate\":\"https:\\\/\\\/urbeamea.ro\\\/albaiulia\\\/?s={search_term_string}\"},\"query-input\":{\"@type\":\"PropertyValueSpecification\",\"valueRequired\":true,\"valueName\":\"search_term_string\"}}],\"inLanguage\":\"ro-RO\"},{\"@type\":\"Person\",\"@id\":\"https:\\\/\\\/urbeamea.ro\\\/albaiulia\\\/#\\\/schema\\\/person\\\/9700d21fae21c4f038b0b56f4506264a\",\"name\":\"Cristina Ganga\",\"image\":{\"@type\":\"ImageObject\",\"inLanguage\":\"ro-RO\",\"@id\":\"https:\\\/\\\/secure.gravatar.com\\\/avatar\\\/5a67661041f057b4a8ccaf26f5a8e86e2689372006d01faf3dd9eeb10b654bb4?s=96&d=mm&r=g\",\"url\":\"https:\\\/\\\/secure.gravatar.com\\\/avatar\\\/5a67661041f057b4a8ccaf26f5a8e86e2689372006d01faf3dd9eeb10b654bb4?s=96&d=mm&r=g\",\"contentUrl\":\"https:\\\/\\\/secure.gravatar.com\\\/avatar\\\/5a67661041f057b4a8ccaf26f5a8e86e2689372006d01faf3dd9eeb10b654bb4?s=96&d=mm&r=g\",\"caption\":\"Cristina Ganga\"},\"description\":\"Jurnalist\",\"sameAs\":[\"https:\\\/\\\/www.facebook.com\\\/cristina.nicola.587\"],\"url\":\"https:\\\/\\\/urbeamea.ro\\\/albaiulia\\\/author\\\/cristina-nicola\\\/\"}]}<\/script>\n<!-- \/ Yoast SEO plugin. -->","yoast_head_json":{"title":"FOTO: Ateliere de crea\u021bie, pictur\u0103 \u0219i grafic\u0103 pe teme de prim\u0103var\u0103 \u0219i recitaluri muzicale, la Clubul Copiilor Aiud - Revista Urbea Mea - Revista de Alba","description":"Clubul Copiilor Aiud a desf\u0103\u0219urat luni, 18 aprilie, diferite activit\u0103\u021bi \u00een cadrul programului \u201e\u0218coala Altfel\u201d. \u00cen cadrul evenimentului au fost implica\u021bi","robots":{"index":"index","follow":"follow","max-snippet":"max-snippet:-1","max-image-preview":"max-image-preview:large","max-video-preview":"max-video-preview:-1"},"canonical":"https:\/\/urbeamea.ro\/albaiulia\/foto-ateliere-de-creatie-pictura-si-grafica-pe-teme-de-primavara-si-recitaluri-muzicale-la-clubul-copiilor-aiud\/","twitter_card":"summary_large_image","twitter_title":"FOTO: Ateliere de crea\u021bie, pictur\u0103 \u0219i grafic\u0103 pe teme de prim\u0103var\u0103 \u0219i recitaluri muzicale, la Clubul Copiilor Aiud - Revista Urbea Mea - Revista de Alba","twitter_description":"Clubul Copiilor Aiud a desf\u0103\u0219urat luni, 18 aprilie, diferite activit\u0103\u021bi \u00een cadrul programului \u201e\u0218coala Altfel\u201d. \u00cen cadrul evenimentului au fost implica\u021bi","twitter_image":"https:\/\/urbeamea.ro\/albaiulia\/wp-content\/uploads\/2016\/04\/IMG_1612-2.jpg","twitter_creator":"@urbeameaweb","twitter_site":"@urbeameaweb","schema":{"@context":"https:\/\/schema.org","@graph":[{"@type":"Article","@id":"https:\/\/urbeamea.ro\/albaiulia\/foto-ateliere-de-creatie-pictura-si-grafica-pe-teme-de-primavara-si-recitaluri-muzicale-la-clubul-copiilor-aiud\/#article","isPartOf":{"@id":"https:\/\/urbeamea.ro\/albaiulia\/foto-ateliere-de-creatie-pictura-si-grafica-pe-teme-de-primavara-si-recitaluri-muzicale-la-clubul-copiilor-aiud\/"},"author":{"name":"Cristina Ganga","@id":"https:\/\/urbeamea.ro\/albaiulia\/#\/schema\/person\/9700d21fae21c4f038b0b56f4506264a"},"headline":"FOTO: Ateliere de crea\u021bie, pictur\u0103 \u0219i grafic\u0103 pe teme de prim\u0103var\u0103 \u0219i recitaluri muzicale, la Clubul Copiilor Aiud","datePublished":"2016-04-19T12:33:59+00:00","mainEntityOfPage":{"@id":"https:\/\/urbeamea.ro\/albaiulia\/foto-ateliere-de-creatie-pictura-si-grafica-pe-teme-de-primavara-si-recitaluri-muzicale-la-clubul-copiilor-aiud\/"},"wordCount":189,"commentCount":0,"image":{"@id":"https:\/\/urbeamea.ro\/albaiulia\/foto-ateliere-de-creatie-pictura-si-grafica-pe-teme-de-primavara-si-recitaluri-muzicale-la-clubul-copiilor-aiud\/#primaryimage"},"thumbnailUrl":"https:\/\/urbeamea.ro\/albaiulia\/wp-content\/uploads\/2016\/04\/IMG_1612-2.jpg","keywords":["activitati","alba","ateliere","clubul copiilor aiud","desene pe asfalt","jazz","muzica populara","muzica rock","scoala altfel","stiri","Urbea Mea"],"articleSection":["Educa\u021bie"],"inLanguage":"ro-RO","potentialAction":[{"@type":"CommentAction","name":"Comment","target":["https:\/\/urbeamea.ro\/albaiulia\/foto-ateliere-de-creatie-pictura-si-grafica-pe-teme-de-primavara-si-recitaluri-muzicale-la-clubul-copiilor-aiud\/#respond"]}]},{"@type":"WebPage","@id":"https:\/\/urbeamea.ro\/albaiulia\/foto-ateliere-de-creatie-pictura-si-grafica-pe-teme-de-primavara-si-recitaluri-muzicale-la-clubul-copiilor-aiud\/","url":"https:\/\/urbeamea.ro\/albaiulia\/foto-ateliere-de-creatie-pictura-si-grafica-pe-teme-de-primavara-si-recitaluri-muzicale-la-clubul-copiilor-aiud\/","name":"FOTO: Ateliere de crea\u021bie, pictur\u0103 \u0219i grafic\u0103 pe teme de prim\u0103var\u0103 \u0219i recitaluri muzicale, la Clubul Copiilor Aiud - Revista Urbea Mea - Revista de Alba","isPartOf":{"@id":"https:\/\/urbeamea.ro\/albaiulia\/#website"},"primaryImageOfPage":{"@id":"https:\/\/urbeamea.ro\/albaiulia\/foto-ateliere-de-creatie-pictura-si-grafica-pe-teme-de-primavara-si-recitaluri-muzicale-la-clubul-copiilor-aiud\/#primaryimage"},"image":{"@id":"https:\/\/urbeamea.ro\/albaiulia\/foto-ateliere-de-creatie-pictura-si-grafica-pe-teme-de-primavara-si-recitaluri-muzicale-la-clubul-copiilor-aiud\/#primaryimage"},"thumbnailUrl":"https:\/\/urbeamea.ro\/albaiulia\/wp-content\/uploads\/2016\/04\/IMG_1612-2.jpg","datePublished":"2016-04-19T12:33:59+00:00","author":{"@id":"https:\/\/urbeamea.ro\/albaiulia\/#\/schema\/person\/9700d21fae21c4f038b0b56f4506264a"},"description":"Clubul Copiilor Aiud a desf\u0103\u0219urat luni, 18 aprilie, diferite activit\u0103\u021bi \u00een cadrul programului \u201e\u0218coala Altfel\u201d. \u00cen cadrul evenimentului au fost implica\u021bi","breadcrumb":{"@id":"https:\/\/urbeamea.ro\/albaiulia\/foto-ateliere-de-creatie-pictura-si-grafica-pe-teme-de-primavara-si-recitaluri-muzicale-la-clubul-copiilor-aiud\/#breadcrumb"},"inLanguage":"ro-RO","potentialAction":[{"@type":"ReadAction","target":["https:\/\/urbeamea.ro\/albaiulia\/foto-ateliere-de-creatie-pictura-si-grafica-pe-teme-de-primavara-si-recitaluri-muzicale-la-clubul-copiilor-aiud\/"]}]},{"@type":"ImageObject","inLanguage":"ro-RO","@id":"https:\/\/urbeamea.ro\/albaiulia\/foto-ateliere-de-creatie-pictura-si-grafica-pe-teme-de-primavara-si-recitaluri-muzicale-la-clubul-copiilor-aiud\/#primaryimage","url":"https:\/\/urbeamea.ro\/albaiulia\/wp-content\/uploads\/2016\/04\/IMG_1612-2.jpg","contentUrl":"https:\/\/urbeamea.ro\/albaiulia\/wp-content\/uploads\/2016\/04\/IMG_1612-2.jpg","width":800,"height":600},{"@type":"BreadcrumbList","@id":"https:\/\/urbeamea.ro\/albaiulia\/foto-ateliere-de-creatie-pictura-si-grafica-pe-teme-de-primavara-si-recitaluri-muzicale-la-clubul-copiilor-aiud\/#breadcrumb","itemListElement":[{"@type":"ListItem","position":1,"name":"Prima pagin\u0103","item":"https:\/\/urbeamea.ro\/albaiulia\/"},{"@type":"ListItem","position":2,"name":"FOTO: Ateliere de crea\u021bie, pictur\u0103 \u0219i grafic\u0103 pe teme de prim\u0103var\u0103 \u0219i recitaluri muzicale, la Clubul Copiilor Aiud"}]},{"@type":"WebSite","@id":"https:\/\/urbeamea.ro\/albaiulia\/#website","url":"https:\/\/urbeamea.ro\/albaiulia\/","name":"Revista Urbea Mea, Stiri urbane","description":"Evenimente \u0219i \u0219tiri din Alba Iulia, Sebe\u0219, Aiud, Blaj","potentialAction":[{"@type":"SearchAction","target":{"@type":"EntryPoint","urlTemplate":"https:\/\/urbeamea.ro\/albaiulia\/?s={search_term_string}"},"query-input":{"@type":"PropertyValueSpecification","valueRequired":true,"valueName":"search_term_string"}}],"inLanguage":"ro-RO"},{"@type":"Person","@id":"https:\/\/urbeamea.ro\/albaiulia\/#\/schema\/person\/9700d21fae21c4f038b0b56f4506264a","name":"Cristina Ganga","image":{"@type":"ImageObject","inLanguage":"ro-RO","@id":"https:\/\/secure.gravatar.com\/avatar\/5a67661041f057b4a8ccaf26f5a8e86e2689372006d01faf3dd9eeb10b654bb4?s=96&d=mm&r=g","url":"https:\/\/secure.gravatar.com\/avatar\/5a67661041f057b4a8ccaf26f5a8e86e2689372006d01faf3dd9eeb10b654bb4?s=96&d=mm&r=g","contentUrl":"https:\/\/secure.gravatar.com\/avatar\/5a67661041f057b4a8ccaf26f5a8e86e2689372006d01faf3dd9eeb10b654bb4?s=96&d=mm&r=g","caption":"Cristina Ganga"},"description":"Jurnalist","sameAs":["https:\/\/www.facebook.com\/cristina.nicola.587"],"url":"https:\/\/urbeamea.ro\/albaiulia\/author\/cristina-nicola\/"}]}},"_links":{"self":[{"href":"https:\/\/urbeamea.ro\/albaiulia\/wp-json\/wp\/v2\/posts\/22362","targetHints":{"allow":["GET"]}}],"collection":[{"href":"https:\/\/urbeamea.ro\/albaiulia\/wp-json\/wp\/v2\/posts"}],"about":[{"href":"https:\/\/urbeamea.ro\/albaiulia\/wp-json\/wp\/v2\/types\/post"}],"author":[{"embeddable":true,"href":"https:\/\/urbeamea.ro\/albaiulia\/wp-json\/wp\/v2\/users\/17"}],"replies":[{"embeddable":true,"href":"https:\/\/urbeamea.ro\/albaiulia\/wp-json\/wp\/v2\/comments?post=22362"}],"version-history":[{"count":0,"href":"https:\/\/urbeamea.ro\/albaiulia\/wp-json\/wp\/v2\/posts\/22362\/revisions"}],"wp:featuredmedia":[{"embeddable":true,"href":"https:\/\/urbeamea.ro\/albaiulia\/wp-json\/wp\/v2\/media\/22371"}],"wp:attachment":[{"href":"https:\/\/urbeamea.ro\/albaiulia\/wp-json\/wp\/v2\/media?parent=22362"}],"wp:term":[{"taxonomy":"category","embeddable":true,"href":"https:\/\/urbeamea.ro\/albaiulia\/wp-json\/wp\/v2\/categories?post=22362"},{"taxonomy":"post_tag","embeddable":true,"href":"https:\/\/urbeamea.ro\/albaiulia\/wp-json\/wp\/v2\/tags?post=22362"}],"curies":[{"name":"wp","href":"https:\/\/api.w.org\/{rel}","templated":true}]}}