{"id":22470,"date":"2016-04-19T23:27:31","date_gmt":"2016-04-19T20:27:31","guid":{"rendered":"http:\/\/urbeamea.ro\/albaiulia\/?p=22470"},"modified":"2016-04-19T23:27:31","modified_gmt":"2016-04-19T20:27:31","slug":"incendiu-la-oarda-de-jos-remorca-unui-tir-a-luat-foc","status":"publish","type":"post","link":"https:\/\/urbeamea.ro\/albaiulia\/incendiu-la-oarda-de-jos-remorca-unui-tir-a-luat-foc\/","title":{"rendered":"Incendiu la Oarda de Jos: Remorca unui TIR a luat foc"},"content":{"rendered":"<p><strong><img loading=\"lazy\" decoding=\"async\" class=\"size-medium wp-image-18788 alignleft\" src=\"http:\/\/urbeamea.ro\/albaiulia\/wp-content\/uploads\/2016\/02\/DSC_0011-8-300x200.jpg\" alt=\"pompieri\" width=\"300\" height=\"200\" \/>Pompierii din Alba Iulia au fost chema\u0163i s\u0103 intervin\u0103, mar\u0163i seara, \u00een jurul orei 21.30, pentru stingerea unui incendiu izbucnit \u00een incinta unei firme din Oarda de Jos.<\/strong><\/p>\n<p>Din primele informa\u021bii, remorca frigorific\u0103 a unui TIR parcat \u00een curtea firmei, aproape de DN1, a fost cuprins\u0103 de fl\u0103c\u0103ri<\/p>\n<p>Potrivit ISU, se intervine cu o autospecial\u0103, neexist\u00e2nd pericol de extindere a fl\u0103c\u0103rilor.\u00a0Incendiul a izbucnit \u00een curtea firmei Elit de la Oarda de Jos, iar TIR-ul f\u0103cea parte din parcul de autovehicule scoase din uz.<\/p>\n","protected":false},"excerpt":{"rendered":"<p>Pompierii din Alba Iulia au fost chema\u0163i s\u0103 intervin\u0103, mar\u0163i seara, \u00een jurul orei 21.30, pentru stingerea unui incendiu izbucnit \u00een incinta unei firme din Oarda de Jos. Din primele informa\u021bii, remorca frigorific\u0103 a unui TIR parcat \u00een curtea firmei, aproape de DN1, a fost cuprins\u0103 de fl\u0103c\u0103ri Potrivit ISU, se intervine cu o autospecial\u0103, &hellip;<\/p>\n","protected":false},"author":17,"featured_media":18788,"comment_status":"open","ping_status":"open","sticky":false,"template":"","format":"standard","meta":{"inline_featured_image":false,"footnotes":""},"categories":[2034],"tags":[307,2501,4645,2732,3069,4646,308,2793,76],"class_list":["post-22470","post","type-post","status-publish","format-standard","has-post-thumbnail","hentry","category-social","tag-alba","tag-autovehicule","tag-elit","tag-incendiu","tag-oarda-de-jos","tag-pompieru","tag-stiri","tag-tir","tag-urbea-mea"],"yoast_head":"<!-- This site is optimized with the Yoast SEO plugin v28.3 - https:\/\/yoast.com\/product\/yoast-seo-wordpress\/ -->\n<title>Incendiu la Oarda de Jos: Remorca unui TIR a luat foc - Revista Urbea Mea - Revista de Alba<\/title>\n<meta name=\"description\" content=\"Pompierii din Alba Iulia au fost chema\u0163i s\u0103 intervin\u0103, mar\u0163i seara, \u00een jurul orei 21.30, pentru stingerea unui incendiu izbucnit \u00een incinta unei firme din\" \/>\n<meta name=\"robots\" content=\"index, follow, max-snippet:-1, max-image-preview:large, max-video-preview:-1\" \/>\n<link rel=\"canonical\" href=\"https:\/\/urbeamea.ro\/albaiulia\/incendiu-la-oarda-de-jos-remorca-unui-tir-a-luat-foc\/\" \/>\n<meta name=\"twitter:card\" content=\"summary_large_image\" \/>\n<meta name=\"twitter:title\" content=\"Incendiu la Oarda de Jos: Remorca unui TIR a luat foc - Revista Urbea Mea - Revista de Alba\" \/>\n<meta name=\"twitter:description\" content=\"Pompierii din Alba Iulia au fost chema\u0163i s\u0103 intervin\u0103, mar\u0163i seara, \u00een jurul orei 21.30, pentru stingerea unui incendiu izbucnit \u00een incinta unei firme din\" \/>\n<meta name=\"twitter:image\" content=\"https:\/\/urbeamea.ro\/albaiulia\/wp-content\/uploads\/2016\/02\/DSC_0011-8.jpg\" \/>\n<meta name=\"twitter:creator\" content=\"@urbeameaweb\" \/>\n<meta name=\"twitter:site\" content=\"@urbeameaweb\" \/>\n<script type=\"application\/ld+json\" class=\"yoast-schema-graph\">{\"@context\":\"https:\\\/\\\/schema.org\",\"@graph\":[{\"@type\":\"Article\",\"@id\":\"https:\\\/\\\/urbeamea.ro\\\/albaiulia\\\/incendiu-la-oarda-de-jos-remorca-unui-tir-a-luat-foc\\\/#article\",\"isPartOf\":{\"@id\":\"https:\\\/\\\/urbeamea.ro\\\/albaiulia\\\/incendiu-la-oarda-de-jos-remorca-unui-tir-a-luat-foc\\\/\"},\"author\":{\"name\":\"Cristina Ganga\",\"@id\":\"https:\\\/\\\/urbeamea.ro\\\/albaiulia\\\/#\\\/schema\\\/person\\\/9700d21fae21c4f038b0b56f4506264a\"},\"headline\":\"Incendiu la Oarda de Jos: Remorca unui TIR a luat foc\",\"datePublished\":\"2016-04-19T20:27:31+00:00\",\"mainEntityOfPage\":{\"@id\":\"https:\\\/\\\/urbeamea.ro\\\/albaiulia\\\/incendiu-la-oarda-de-jos-remorca-unui-tir-a-luat-foc\\\/\"},\"wordCount\":103,\"commentCount\":0,\"image\":{\"@id\":\"https:\\\/\\\/urbeamea.ro\\\/albaiulia\\\/incendiu-la-oarda-de-jos-remorca-unui-tir-a-luat-foc\\\/#primaryimage\"},\"thumbnailUrl\":\"https:\\\/\\\/urbeamea.ro\\\/albaiulia\\\/wp-content\\\/uploads\\\/2016\\\/02\\\/DSC_0011-8.jpg\",\"keywords\":[\"alba\",\"autovehicule\",\"elit\",\"incendiu\",\"oarda de jos\",\"pompieru\",\"stiri\",\"tir\",\"Urbea Mea\"],\"articleSection\":[\"Social\"],\"inLanguage\":\"ro-RO\",\"potentialAction\":[{\"@type\":\"CommentAction\",\"name\":\"Comment\",\"target\":[\"https:\\\/\\\/urbeamea.ro\\\/albaiulia\\\/incendiu-la-oarda-de-jos-remorca-unui-tir-a-luat-foc\\\/#respond\"]}]},{\"@type\":\"WebPage\",\"@id\":\"https:\\\/\\\/urbeamea.ro\\\/albaiulia\\\/incendiu-la-oarda-de-jos-remorca-unui-tir-a-luat-foc\\\/\",\"url\":\"https:\\\/\\\/urbeamea.ro\\\/albaiulia\\\/incendiu-la-oarda-de-jos-remorca-unui-tir-a-luat-foc\\\/\",\"name\":\"Incendiu la Oarda de Jos: Remorca unui TIR a luat foc - Revista Urbea Mea - Revista de Alba\",\"isPartOf\":{\"@id\":\"https:\\\/\\\/urbeamea.ro\\\/albaiulia\\\/#website\"},\"primaryImageOfPage\":{\"@id\":\"https:\\\/\\\/urbeamea.ro\\\/albaiulia\\\/incendiu-la-oarda-de-jos-remorca-unui-tir-a-luat-foc\\\/#primaryimage\"},\"image\":{\"@id\":\"https:\\\/\\\/urbeamea.ro\\\/albaiulia\\\/incendiu-la-oarda-de-jos-remorca-unui-tir-a-luat-foc\\\/#primaryimage\"},\"thumbnailUrl\":\"https:\\\/\\\/urbeamea.ro\\\/albaiulia\\\/wp-content\\\/uploads\\\/2016\\\/02\\\/DSC_0011-8.jpg\",\"datePublished\":\"2016-04-19T20:27:31+00:00\",\"author\":{\"@id\":\"https:\\\/\\\/urbeamea.ro\\\/albaiulia\\\/#\\\/schema\\\/person\\\/9700d21fae21c4f038b0b56f4506264a\"},\"description\":\"Pompierii din Alba Iulia au fost chema\u0163i s\u0103 intervin\u0103, mar\u0163i seara, \u00een jurul orei 21.30, pentru stingerea unui incendiu izbucnit \u00een incinta unei firme din\",\"breadcrumb\":{\"@id\":\"https:\\\/\\\/urbeamea.ro\\\/albaiulia\\\/incendiu-la-oarda-de-jos-remorca-unui-tir-a-luat-foc\\\/#breadcrumb\"},\"inLanguage\":\"ro-RO\",\"potentialAction\":[{\"@type\":\"ReadAction\",\"target\":[\"https:\\\/\\\/urbeamea.ro\\\/albaiulia\\\/incendiu-la-oarda-de-jos-remorca-unui-tir-a-luat-foc\\\/\"]}]},{\"@type\":\"ImageObject\",\"inLanguage\":\"ro-RO\",\"@id\":\"https:\\\/\\\/urbeamea.ro\\\/albaiulia\\\/incendiu-la-oarda-de-jos-remorca-unui-tir-a-luat-foc\\\/#primaryimage\",\"url\":\"https:\\\/\\\/urbeamea.ro\\\/albaiulia\\\/wp-content\\\/uploads\\\/2016\\\/02\\\/DSC_0011-8.jpg\",\"contentUrl\":\"https:\\\/\\\/urbeamea.ro\\\/albaiulia\\\/wp-content\\\/uploads\\\/2016\\\/02\\\/DSC_0011-8.jpg\",\"width\":1280,\"height\":853},{\"@type\":\"BreadcrumbList\",\"@id\":\"https:\\\/\\\/urbeamea.ro\\\/albaiulia\\\/incendiu-la-oarda-de-jos-remorca-unui-tir-a-luat-foc\\\/#breadcrumb\",\"itemListElement\":[{\"@type\":\"ListItem\",\"position\":1,\"name\":\"Prima pagin\u0103\",\"item\":\"https:\\\/\\\/urbeamea.ro\\\/albaiulia\\\/\"},{\"@type\":\"ListItem\",\"position\":2,\"name\":\"Incendiu la Oarda de Jos: Remorca unui TIR a luat foc\"}]},{\"@type\":\"WebSite\",\"@id\":\"https:\\\/\\\/urbeamea.ro\\\/albaiulia\\\/#website\",\"url\":\"https:\\\/\\\/urbeamea.ro\\\/albaiulia\\\/\",\"name\":\"Revista Urbea Mea, Stiri urbane\",\"description\":\"Evenimente \u0219i \u0219tiri din Alba Iulia, Sebe\u0219, Aiud, Blaj\",\"potentialAction\":[{\"@type\":\"SearchAction\",\"target\":{\"@type\":\"EntryPoint\",\"urlTemplate\":\"https:\\\/\\\/urbeamea.ro\\\/albaiulia\\\/?s={search_term_string}\"},\"query-input\":{\"@type\":\"PropertyValueSpecification\",\"valueRequired\":true,\"valueName\":\"search_term_string\"}}],\"inLanguage\":\"ro-RO\"},{\"@type\":\"Person\",\"@id\":\"https:\\\/\\\/urbeamea.ro\\\/albaiulia\\\/#\\\/schema\\\/person\\\/9700d21fae21c4f038b0b56f4506264a\",\"name\":\"Cristina Ganga\",\"image\":{\"@type\":\"ImageObject\",\"inLanguage\":\"ro-RO\",\"@id\":\"https:\\\/\\\/secure.gravatar.com\\\/avatar\\\/5a67661041f057b4a8ccaf26f5a8e86e2689372006d01faf3dd9eeb10b654bb4?s=96&d=mm&r=g\",\"url\":\"https:\\\/\\\/secure.gravatar.com\\\/avatar\\\/5a67661041f057b4a8ccaf26f5a8e86e2689372006d01faf3dd9eeb10b654bb4?s=96&d=mm&r=g\",\"contentUrl\":\"https:\\\/\\\/secure.gravatar.com\\\/avatar\\\/5a67661041f057b4a8ccaf26f5a8e86e2689372006d01faf3dd9eeb10b654bb4?s=96&d=mm&r=g\",\"caption\":\"Cristina Ganga\"},\"description\":\"Jurnalist\",\"sameAs\":[\"https:\\\/\\\/www.facebook.com\\\/cristina.nicola.587\"],\"url\":\"https:\\\/\\\/urbeamea.ro\\\/albaiulia\\\/author\\\/cristina-nicola\\\/\"}]}<\/script>\n<!-- \/ Yoast SEO plugin. -->","yoast_head_json":{"title":"Incendiu la Oarda de Jos: Remorca unui TIR a luat foc - Revista Urbea Mea - Revista de Alba","description":"Pompierii din Alba Iulia au fost chema\u0163i s\u0103 intervin\u0103, mar\u0163i seara, \u00een jurul orei 21.30, pentru stingerea unui incendiu izbucnit \u00een incinta unei firme din","robots":{"index":"index","follow":"follow","max-snippet":"max-snippet:-1","max-image-preview":"max-image-preview:large","max-video-preview":"max-video-preview:-1"},"canonical":"https:\/\/urbeamea.ro\/albaiulia\/incendiu-la-oarda-de-jos-remorca-unui-tir-a-luat-foc\/","twitter_card":"summary_large_image","twitter_title":"Incendiu la Oarda de Jos: Remorca unui TIR a luat foc - Revista Urbea Mea - Revista de Alba","twitter_description":"Pompierii din Alba Iulia au fost chema\u0163i s\u0103 intervin\u0103, mar\u0163i seara, \u00een jurul orei 21.30, pentru stingerea unui incendiu izbucnit \u00een incinta unei firme din","twitter_image":"https:\/\/urbeamea.ro\/albaiulia\/wp-content\/uploads\/2016\/02\/DSC_0011-8.jpg","twitter_creator":"@urbeameaweb","twitter_site":"@urbeameaweb","schema":{"@context":"https:\/\/schema.org","@graph":[{"@type":"Article","@id":"https:\/\/urbeamea.ro\/albaiulia\/incendiu-la-oarda-de-jos-remorca-unui-tir-a-luat-foc\/#article","isPartOf":{"@id":"https:\/\/urbeamea.ro\/albaiulia\/incendiu-la-oarda-de-jos-remorca-unui-tir-a-luat-foc\/"},"author":{"name":"Cristina Ganga","@id":"https:\/\/urbeamea.ro\/albaiulia\/#\/schema\/person\/9700d21fae21c4f038b0b56f4506264a"},"headline":"Incendiu la Oarda de Jos: Remorca unui TIR a luat foc","datePublished":"2016-04-19T20:27:31+00:00","mainEntityOfPage":{"@id":"https:\/\/urbeamea.ro\/albaiulia\/incendiu-la-oarda-de-jos-remorca-unui-tir-a-luat-foc\/"},"wordCount":103,"commentCount":0,"image":{"@id":"https:\/\/urbeamea.ro\/albaiulia\/incendiu-la-oarda-de-jos-remorca-unui-tir-a-luat-foc\/#primaryimage"},"thumbnailUrl":"https:\/\/urbeamea.ro\/albaiulia\/wp-content\/uploads\/2016\/02\/DSC_0011-8.jpg","keywords":["alba","autovehicule","elit","incendiu","oarda de jos","pompieru","stiri","tir","Urbea Mea"],"articleSection":["Social"],"inLanguage":"ro-RO","potentialAction":[{"@type":"CommentAction","name":"Comment","target":["https:\/\/urbeamea.ro\/albaiulia\/incendiu-la-oarda-de-jos-remorca-unui-tir-a-luat-foc\/#respond"]}]},{"@type":"WebPage","@id":"https:\/\/urbeamea.ro\/albaiulia\/incendiu-la-oarda-de-jos-remorca-unui-tir-a-luat-foc\/","url":"https:\/\/urbeamea.ro\/albaiulia\/incendiu-la-oarda-de-jos-remorca-unui-tir-a-luat-foc\/","name":"Incendiu la Oarda de Jos: Remorca unui TIR a luat foc - Revista Urbea Mea - Revista de Alba","isPartOf":{"@id":"https:\/\/urbeamea.ro\/albaiulia\/#website"},"primaryImageOfPage":{"@id":"https:\/\/urbeamea.ro\/albaiulia\/incendiu-la-oarda-de-jos-remorca-unui-tir-a-luat-foc\/#primaryimage"},"image":{"@id":"https:\/\/urbeamea.ro\/albaiulia\/incendiu-la-oarda-de-jos-remorca-unui-tir-a-luat-foc\/#primaryimage"},"thumbnailUrl":"https:\/\/urbeamea.ro\/albaiulia\/wp-content\/uploads\/2016\/02\/DSC_0011-8.jpg","datePublished":"2016-04-19T20:27:31+00:00","author":{"@id":"https:\/\/urbeamea.ro\/albaiulia\/#\/schema\/person\/9700d21fae21c4f038b0b56f4506264a"},"description":"Pompierii din Alba Iulia au fost chema\u0163i s\u0103 intervin\u0103, mar\u0163i seara, \u00een jurul orei 21.30, pentru stingerea unui incendiu izbucnit \u00een incinta unei firme din","breadcrumb":{"@id":"https:\/\/urbeamea.ro\/albaiulia\/incendiu-la-oarda-de-jos-remorca-unui-tir-a-luat-foc\/#breadcrumb"},"inLanguage":"ro-RO","potentialAction":[{"@type":"ReadAction","target":["https:\/\/urbeamea.ro\/albaiulia\/incendiu-la-oarda-de-jos-remorca-unui-tir-a-luat-foc\/"]}]},{"@type":"ImageObject","inLanguage":"ro-RO","@id":"https:\/\/urbeamea.ro\/albaiulia\/incendiu-la-oarda-de-jos-remorca-unui-tir-a-luat-foc\/#primaryimage","url":"https:\/\/urbeamea.ro\/albaiulia\/wp-content\/uploads\/2016\/02\/DSC_0011-8.jpg","contentUrl":"https:\/\/urbeamea.ro\/albaiulia\/wp-content\/uploads\/2016\/02\/DSC_0011-8.jpg","width":1280,"height":853},{"@type":"BreadcrumbList","@id":"https:\/\/urbeamea.ro\/albaiulia\/incendiu-la-oarda-de-jos-remorca-unui-tir-a-luat-foc\/#breadcrumb","itemListElement":[{"@type":"ListItem","position":1,"name":"Prima pagin\u0103","item":"https:\/\/urbeamea.ro\/albaiulia\/"},{"@type":"ListItem","position":2,"name":"Incendiu la Oarda de Jos: Remorca unui TIR a luat foc"}]},{"@type":"WebSite","@id":"https:\/\/urbeamea.ro\/albaiulia\/#website","url":"https:\/\/urbeamea.ro\/albaiulia\/","name":"Revista Urbea Mea, Stiri urbane","description":"Evenimente \u0219i \u0219tiri din Alba Iulia, Sebe\u0219, Aiud, Blaj","potentialAction":[{"@type":"SearchAction","target":{"@type":"EntryPoint","urlTemplate":"https:\/\/urbeamea.ro\/albaiulia\/?s={search_term_string}"},"query-input":{"@type":"PropertyValueSpecification","valueRequired":true,"valueName":"search_term_string"}}],"inLanguage":"ro-RO"},{"@type":"Person","@id":"https:\/\/urbeamea.ro\/albaiulia\/#\/schema\/person\/9700d21fae21c4f038b0b56f4506264a","name":"Cristina Ganga","image":{"@type":"ImageObject","inLanguage":"ro-RO","@id":"https:\/\/secure.gravatar.com\/avatar\/5a67661041f057b4a8ccaf26f5a8e86e2689372006d01faf3dd9eeb10b654bb4?s=96&d=mm&r=g","url":"https:\/\/secure.gravatar.com\/avatar\/5a67661041f057b4a8ccaf26f5a8e86e2689372006d01faf3dd9eeb10b654bb4?s=96&d=mm&r=g","contentUrl":"https:\/\/secure.gravatar.com\/avatar\/5a67661041f057b4a8ccaf26f5a8e86e2689372006d01faf3dd9eeb10b654bb4?s=96&d=mm&r=g","caption":"Cristina Ganga"},"description":"Jurnalist","sameAs":["https:\/\/www.facebook.com\/cristina.nicola.587"],"url":"https:\/\/urbeamea.ro\/albaiulia\/author\/cristina-nicola\/"}]}},"_links":{"self":[{"href":"https:\/\/urbeamea.ro\/albaiulia\/wp-json\/wp\/v2\/posts\/22470","targetHints":{"allow":["GET"]}}],"collection":[{"href":"https:\/\/urbeamea.ro\/albaiulia\/wp-json\/wp\/v2\/posts"}],"about":[{"href":"https:\/\/urbeamea.ro\/albaiulia\/wp-json\/wp\/v2\/types\/post"}],"author":[{"embeddable":true,"href":"https:\/\/urbeamea.ro\/albaiulia\/wp-json\/wp\/v2\/users\/17"}],"replies":[{"embeddable":true,"href":"https:\/\/urbeamea.ro\/albaiulia\/wp-json\/wp\/v2\/comments?post=22470"}],"version-history":[{"count":0,"href":"https:\/\/urbeamea.ro\/albaiulia\/wp-json\/wp\/v2\/posts\/22470\/revisions"}],"wp:featuredmedia":[{"embeddable":true,"href":"https:\/\/urbeamea.ro\/albaiulia\/wp-json\/wp\/v2\/media\/18788"}],"wp:attachment":[{"href":"https:\/\/urbeamea.ro\/albaiulia\/wp-json\/wp\/v2\/media?parent=22470"}],"wp:term":[{"taxonomy":"category","embeddable":true,"href":"https:\/\/urbeamea.ro\/albaiulia\/wp-json\/wp\/v2\/categories?post=22470"},{"taxonomy":"post_tag","embeddable":true,"href":"https:\/\/urbeamea.ro\/albaiulia\/wp-json\/wp\/v2\/tags?post=22470"}],"curies":[{"name":"wp","href":"https:\/\/api.w.org\/{rel}","templated":true}]}}