{"id":22560,"date":"2016-04-20T18:03:05","date_gmt":"2016-04-20T15:03:05","guid":{"rendered":"http:\/\/urbeamea.ro\/albaiulia\/?p=22560"},"modified":"2016-04-20T18:03:55","modified_gmt":"2016-04-20T15:03:55","slug":"accident-in-alba-iulia-in-cartierul-ampoi-trei-masini-lovite-si-o-persoana-ranita","status":"publish","type":"post","link":"https:\/\/urbeamea.ro\/albaiulia\/accident-in-alba-iulia-in-cartierul-ampoi-trei-masini-lovite-si-o-persoana-ranita\/","title":{"rendered":"Accident \u00een Alba Iulia, \u00een cartierul Ampoi: Trei ma\u0219ini lovite \u015fi o persoan\u0103 r\u0103nit\u0103"},"content":{"rendered":"<p><strong><img loading=\"lazy\" decoding=\"async\" class=\"size-medium wp-image-20158 alignleft\" src=\"http:\/\/urbeamea.ro\/albaiulia\/wp-content\/uploads\/2016\/03\/politie-controale-300x188.jpg\" alt=\"politie controale\" width=\"300\" height=\"188\" \/>Alt accident rutier s-a produs miercuri dup\u0103-amiaza la Alba Iulia, \u00een zona cartierului Ampoi, \u00een apropierea\u00a0magazinului \u201eDedeman\u201d. Din primele informa\u021bii, au fost implicate trei autoturisme, printre care \u015fi o ma\u015fin\u0103 de \u015fcoal\u0103 de \u015foferi.<\/strong><\/p>\n<p>Traficul a fost \u00eengreunat pe strada Republicii, \u00een zona accidentului. Au fost lovite trei autoturisme, un Fiat, un Ford Fiesta \u015fi un Volkswagen Golf.<\/p>\n<p>Potrivit unor martorii, accidentul s-a petrecut \u00een momentul \u00een care unul dintre \u015foferi a vrut s\u0103 treac\u0103 de pe banda a doua pe prima, unde circula ma\u015fina de \u015fcoal\u0103 de \u015foferi, \u015fi a urmat ambuteiajul.<\/p>\n<p>O persoan\u0103 a fost r\u0103nit\u0103 u\u015for. La fa\u0163a locului a intervenit echipaj de la Ambulan\u0163\u0103.<\/p>\n<p>Revenim cu am\u0103nunte.<\/p>\n","protected":false},"excerpt":{"rendered":"<p>Alt accident rutier s-a produs miercuri dup\u0103-amiaza la Alba Iulia, \u00een zona cartierului Ampoi, \u00een apropierea\u00a0magazinului \u201eDedeman\u201d. Din primele informa\u021bii, au fost implicate trei autoturisme, printre care \u015fi o ma\u015fin\u0103 de \u015fcoal\u0103 de \u015foferi. Traficul a fost \u00eengreunat pe strada Republicii, \u00een zona accidentului. Au fost lovite trei autoturisme, un Fiat, un Ford Fiesta \u015fi &hellip;<\/p>\n","protected":false},"author":17,"featured_media":20158,"comment_status":"open","ping_status":"open","sticky":false,"template":"","format":"standard","meta":{"inline_featured_image":false,"footnotes":""},"categories":[2034],"tags":[83,31,2553,4662,2585,4659,4660,955,439,308,76,4661],"class_list":["post-22560","post","type-post","status-publish","format-standard","has-post-thumbnail","hentry","category-social","tag-accident","tag-alba-iulia","tag-ambulanta","tag-cartier-ampoi","tag-echipaj","tag-fiat","tag-ford-fiesta","tag-masini","tag-politie","tag-stiri","tag-urbea-mea","tag-volkswagen-golf"],"yoast_head":"<!-- This site is optimized with the Yoast SEO plugin v28.3 - https:\/\/yoast.com\/product\/yoast-seo-wordpress\/ -->\n<title>Accident \u00een Alba Iulia, \u00een cartierul Ampoi: Trei ma\u0219ini lovite \u015fi o persoan\u0103 r\u0103nit\u0103 - Revista Urbea Mea - Revista de Alba<\/title>\n<meta name=\"description\" content=\"Alt accident rutier s-a produs miercuri dup\u0103-amiaza la Alba Iulia, \u00een zona cartierului Ampoi, \u00een apropierea\u00a0magazinului \u201eDedeman\u201d. Din primele informa\u021bii,\" \/>\n<meta name=\"robots\" content=\"index, follow, max-snippet:-1, max-image-preview:large, max-video-preview:-1\" \/>\n<link rel=\"canonical\" href=\"https:\/\/urbeamea.ro\/albaiulia\/accident-in-alba-iulia-in-cartierul-ampoi-trei-masini-lovite-si-o-persoana-ranita\/\" \/>\n<meta name=\"twitter:card\" content=\"summary_large_image\" \/>\n<meta name=\"twitter:title\" content=\"Accident \u00een Alba Iulia, \u00een cartierul Ampoi: Trei ma\u0219ini lovite \u015fi o persoan\u0103 r\u0103nit\u0103 - Revista Urbea Mea - Revista de Alba\" \/>\n<meta name=\"twitter:description\" content=\"Alt accident rutier s-a produs miercuri dup\u0103-amiaza la Alba Iulia, \u00een zona cartierului Ampoi, \u00een apropierea\u00a0magazinului \u201eDedeman\u201d. Din primele informa\u021bii,\" \/>\n<meta name=\"twitter:image\" content=\"https:\/\/urbeamea.ro\/albaiulia\/wp-content\/uploads\/2016\/03\/politie-controale.jpg\" \/>\n<meta name=\"twitter:creator\" content=\"@urbeameaweb\" \/>\n<meta name=\"twitter:site\" content=\"@urbeameaweb\" \/>\n<script type=\"application\/ld+json\" class=\"yoast-schema-graph\">{\"@context\":\"https:\\\/\\\/schema.org\",\"@graph\":[{\"@type\":\"Article\",\"@id\":\"https:\\\/\\\/urbeamea.ro\\\/albaiulia\\\/accident-in-alba-iulia-in-cartierul-ampoi-trei-masini-lovite-si-o-persoana-ranita\\\/#article\",\"isPartOf\":{\"@id\":\"https:\\\/\\\/urbeamea.ro\\\/albaiulia\\\/accident-in-alba-iulia-in-cartierul-ampoi-trei-masini-lovite-si-o-persoana-ranita\\\/\"},\"author\":{\"name\":\"Cristina Ganga\",\"@id\":\"https:\\\/\\\/urbeamea.ro\\\/albaiulia\\\/#\\\/schema\\\/person\\\/9700d21fae21c4f038b0b56f4506264a\"},\"headline\":\"Accident \u00een Alba Iulia, \u00een cartierul Ampoi: Trei ma\u0219ini lovite \u015fi o persoan\u0103 r\u0103nit\u0103\",\"datePublished\":\"2016-04-20T15:03:05+00:00\",\"dateModified\":\"2016-04-20T15:03:55+00:00\",\"mainEntityOfPage\":{\"@id\":\"https:\\\/\\\/urbeamea.ro\\\/albaiulia\\\/accident-in-alba-iulia-in-cartierul-ampoi-trei-masini-lovite-si-o-persoana-ranita\\\/\"},\"wordCount\":136,\"commentCount\":0,\"image\":{\"@id\":\"https:\\\/\\\/urbeamea.ro\\\/albaiulia\\\/accident-in-alba-iulia-in-cartierul-ampoi-trei-masini-lovite-si-o-persoana-ranita\\\/#primaryimage\"},\"thumbnailUrl\":\"https:\\\/\\\/urbeamea.ro\\\/albaiulia\\\/wp-content\\\/uploads\\\/2016\\\/03\\\/politie-controale.jpg\",\"keywords\":[\"accident\",\"Alba Iulia\",\"ambulanta\",\"cartier ampoi\",\"echipaj\",\"fiat\",\"ford fiesta\",\"masini\",\"politie\",\"stiri\",\"Urbea Mea\",\"Volkswagen Golf\"],\"articleSection\":[\"Social\"],\"inLanguage\":\"ro-RO\",\"potentialAction\":[{\"@type\":\"CommentAction\",\"name\":\"Comment\",\"target\":[\"https:\\\/\\\/urbeamea.ro\\\/albaiulia\\\/accident-in-alba-iulia-in-cartierul-ampoi-trei-masini-lovite-si-o-persoana-ranita\\\/#respond\"]}]},{\"@type\":\"WebPage\",\"@id\":\"https:\\\/\\\/urbeamea.ro\\\/albaiulia\\\/accident-in-alba-iulia-in-cartierul-ampoi-trei-masini-lovite-si-o-persoana-ranita\\\/\",\"url\":\"https:\\\/\\\/urbeamea.ro\\\/albaiulia\\\/accident-in-alba-iulia-in-cartierul-ampoi-trei-masini-lovite-si-o-persoana-ranita\\\/\",\"name\":\"Accident \u00een Alba Iulia, \u00een cartierul Ampoi: Trei ma\u0219ini lovite \u015fi o persoan\u0103 r\u0103nit\u0103 - Revista Urbea Mea - Revista de Alba\",\"isPartOf\":{\"@id\":\"https:\\\/\\\/urbeamea.ro\\\/albaiulia\\\/#website\"},\"primaryImageOfPage\":{\"@id\":\"https:\\\/\\\/urbeamea.ro\\\/albaiulia\\\/accident-in-alba-iulia-in-cartierul-ampoi-trei-masini-lovite-si-o-persoana-ranita\\\/#primaryimage\"},\"image\":{\"@id\":\"https:\\\/\\\/urbeamea.ro\\\/albaiulia\\\/accident-in-alba-iulia-in-cartierul-ampoi-trei-masini-lovite-si-o-persoana-ranita\\\/#primaryimage\"},\"thumbnailUrl\":\"https:\\\/\\\/urbeamea.ro\\\/albaiulia\\\/wp-content\\\/uploads\\\/2016\\\/03\\\/politie-controale.jpg\",\"datePublished\":\"2016-04-20T15:03:05+00:00\",\"dateModified\":\"2016-04-20T15:03:55+00:00\",\"author\":{\"@id\":\"https:\\\/\\\/urbeamea.ro\\\/albaiulia\\\/#\\\/schema\\\/person\\\/9700d21fae21c4f038b0b56f4506264a\"},\"description\":\"Alt accident rutier s-a produs miercuri dup\u0103-amiaza la Alba Iulia, \u00een zona cartierului Ampoi, \u00een apropierea\u00a0magazinului \u201eDedeman\u201d. Din primele informa\u021bii,\",\"breadcrumb\":{\"@id\":\"https:\\\/\\\/urbeamea.ro\\\/albaiulia\\\/accident-in-alba-iulia-in-cartierul-ampoi-trei-masini-lovite-si-o-persoana-ranita\\\/#breadcrumb\"},\"inLanguage\":\"ro-RO\",\"potentialAction\":[{\"@type\":\"ReadAction\",\"target\":[\"https:\\\/\\\/urbeamea.ro\\\/albaiulia\\\/accident-in-alba-iulia-in-cartierul-ampoi-trei-masini-lovite-si-o-persoana-ranita\\\/\"]}]},{\"@type\":\"ImageObject\",\"inLanguage\":\"ro-RO\",\"@id\":\"https:\\\/\\\/urbeamea.ro\\\/albaiulia\\\/accident-in-alba-iulia-in-cartierul-ampoi-trei-masini-lovite-si-o-persoana-ranita\\\/#primaryimage\",\"url\":\"https:\\\/\\\/urbeamea.ro\\\/albaiulia\\\/wp-content\\\/uploads\\\/2016\\\/03\\\/politie-controale.jpg\",\"contentUrl\":\"https:\\\/\\\/urbeamea.ro\\\/albaiulia\\\/wp-content\\\/uploads\\\/2016\\\/03\\\/politie-controale.jpg\",\"width\":646,\"height\":404},{\"@type\":\"BreadcrumbList\",\"@id\":\"https:\\\/\\\/urbeamea.ro\\\/albaiulia\\\/accident-in-alba-iulia-in-cartierul-ampoi-trei-masini-lovite-si-o-persoana-ranita\\\/#breadcrumb\",\"itemListElement\":[{\"@type\":\"ListItem\",\"position\":1,\"name\":\"Prima pagin\u0103\",\"item\":\"https:\\\/\\\/urbeamea.ro\\\/albaiulia\\\/\"},{\"@type\":\"ListItem\",\"position\":2,\"name\":\"Accident \u00een Alba Iulia, \u00een cartierul Ampoi: Trei ma\u0219ini lovite \u015fi o persoan\u0103 r\u0103nit\u0103\"}]},{\"@type\":\"WebSite\",\"@id\":\"https:\\\/\\\/urbeamea.ro\\\/albaiulia\\\/#website\",\"url\":\"https:\\\/\\\/urbeamea.ro\\\/albaiulia\\\/\",\"name\":\"Revista Urbea Mea, Stiri urbane\",\"description\":\"Evenimente \u0219i \u0219tiri din Alba Iulia, Sebe\u0219, Aiud, Blaj\",\"potentialAction\":[{\"@type\":\"SearchAction\",\"target\":{\"@type\":\"EntryPoint\",\"urlTemplate\":\"https:\\\/\\\/urbeamea.ro\\\/albaiulia\\\/?s={search_term_string}\"},\"query-input\":{\"@type\":\"PropertyValueSpecification\",\"valueRequired\":true,\"valueName\":\"search_term_string\"}}],\"inLanguage\":\"ro-RO\"},{\"@type\":\"Person\",\"@id\":\"https:\\\/\\\/urbeamea.ro\\\/albaiulia\\\/#\\\/schema\\\/person\\\/9700d21fae21c4f038b0b56f4506264a\",\"name\":\"Cristina Ganga\",\"image\":{\"@type\":\"ImageObject\",\"inLanguage\":\"ro-RO\",\"@id\":\"https:\\\/\\\/secure.gravatar.com\\\/avatar\\\/5a67661041f057b4a8ccaf26f5a8e86e2689372006d01faf3dd9eeb10b654bb4?s=96&d=mm&r=g\",\"url\":\"https:\\\/\\\/secure.gravatar.com\\\/avatar\\\/5a67661041f057b4a8ccaf26f5a8e86e2689372006d01faf3dd9eeb10b654bb4?s=96&d=mm&r=g\",\"contentUrl\":\"https:\\\/\\\/secure.gravatar.com\\\/avatar\\\/5a67661041f057b4a8ccaf26f5a8e86e2689372006d01faf3dd9eeb10b654bb4?s=96&d=mm&r=g\",\"caption\":\"Cristina Ganga\"},\"description\":\"Jurnalist\",\"sameAs\":[\"https:\\\/\\\/www.facebook.com\\\/cristina.nicola.587\"],\"url\":\"https:\\\/\\\/urbeamea.ro\\\/albaiulia\\\/author\\\/cristina-nicola\\\/\"}]}<\/script>\n<!-- \/ Yoast SEO plugin. -->","yoast_head_json":{"title":"Accident \u00een Alba Iulia, \u00een cartierul Ampoi: Trei ma\u0219ini lovite \u015fi o persoan\u0103 r\u0103nit\u0103 - Revista Urbea Mea - Revista de Alba","description":"Alt accident rutier s-a produs miercuri dup\u0103-amiaza la Alba Iulia, \u00een zona cartierului Ampoi, \u00een apropierea\u00a0magazinului \u201eDedeman\u201d. Din primele informa\u021bii,","robots":{"index":"index","follow":"follow","max-snippet":"max-snippet:-1","max-image-preview":"max-image-preview:large","max-video-preview":"max-video-preview:-1"},"canonical":"https:\/\/urbeamea.ro\/albaiulia\/accident-in-alba-iulia-in-cartierul-ampoi-trei-masini-lovite-si-o-persoana-ranita\/","twitter_card":"summary_large_image","twitter_title":"Accident \u00een Alba Iulia, \u00een cartierul Ampoi: Trei ma\u0219ini lovite \u015fi o persoan\u0103 r\u0103nit\u0103 - Revista Urbea Mea - Revista de Alba","twitter_description":"Alt accident rutier s-a produs miercuri dup\u0103-amiaza la Alba Iulia, \u00een zona cartierului Ampoi, \u00een apropierea\u00a0magazinului \u201eDedeman\u201d. Din primele informa\u021bii,","twitter_image":"https:\/\/urbeamea.ro\/albaiulia\/wp-content\/uploads\/2016\/03\/politie-controale.jpg","twitter_creator":"@urbeameaweb","twitter_site":"@urbeameaweb","schema":{"@context":"https:\/\/schema.org","@graph":[{"@type":"Article","@id":"https:\/\/urbeamea.ro\/albaiulia\/accident-in-alba-iulia-in-cartierul-ampoi-trei-masini-lovite-si-o-persoana-ranita\/#article","isPartOf":{"@id":"https:\/\/urbeamea.ro\/albaiulia\/accident-in-alba-iulia-in-cartierul-ampoi-trei-masini-lovite-si-o-persoana-ranita\/"},"author":{"name":"Cristina Ganga","@id":"https:\/\/urbeamea.ro\/albaiulia\/#\/schema\/person\/9700d21fae21c4f038b0b56f4506264a"},"headline":"Accident \u00een Alba Iulia, \u00een cartierul Ampoi: Trei ma\u0219ini lovite \u015fi o persoan\u0103 r\u0103nit\u0103","datePublished":"2016-04-20T15:03:05+00:00","dateModified":"2016-04-20T15:03:55+00:00","mainEntityOfPage":{"@id":"https:\/\/urbeamea.ro\/albaiulia\/accident-in-alba-iulia-in-cartierul-ampoi-trei-masini-lovite-si-o-persoana-ranita\/"},"wordCount":136,"commentCount":0,"image":{"@id":"https:\/\/urbeamea.ro\/albaiulia\/accident-in-alba-iulia-in-cartierul-ampoi-trei-masini-lovite-si-o-persoana-ranita\/#primaryimage"},"thumbnailUrl":"https:\/\/urbeamea.ro\/albaiulia\/wp-content\/uploads\/2016\/03\/politie-controale.jpg","keywords":["accident","Alba Iulia","ambulanta","cartier ampoi","echipaj","fiat","ford fiesta","masini","politie","stiri","Urbea Mea","Volkswagen Golf"],"articleSection":["Social"],"inLanguage":"ro-RO","potentialAction":[{"@type":"CommentAction","name":"Comment","target":["https:\/\/urbeamea.ro\/albaiulia\/accident-in-alba-iulia-in-cartierul-ampoi-trei-masini-lovite-si-o-persoana-ranita\/#respond"]}]},{"@type":"WebPage","@id":"https:\/\/urbeamea.ro\/albaiulia\/accident-in-alba-iulia-in-cartierul-ampoi-trei-masini-lovite-si-o-persoana-ranita\/","url":"https:\/\/urbeamea.ro\/albaiulia\/accident-in-alba-iulia-in-cartierul-ampoi-trei-masini-lovite-si-o-persoana-ranita\/","name":"Accident \u00een Alba Iulia, \u00een cartierul Ampoi: Trei ma\u0219ini lovite \u015fi o persoan\u0103 r\u0103nit\u0103 - Revista Urbea Mea - Revista de Alba","isPartOf":{"@id":"https:\/\/urbeamea.ro\/albaiulia\/#website"},"primaryImageOfPage":{"@id":"https:\/\/urbeamea.ro\/albaiulia\/accident-in-alba-iulia-in-cartierul-ampoi-trei-masini-lovite-si-o-persoana-ranita\/#primaryimage"},"image":{"@id":"https:\/\/urbeamea.ro\/albaiulia\/accident-in-alba-iulia-in-cartierul-ampoi-trei-masini-lovite-si-o-persoana-ranita\/#primaryimage"},"thumbnailUrl":"https:\/\/urbeamea.ro\/albaiulia\/wp-content\/uploads\/2016\/03\/politie-controale.jpg","datePublished":"2016-04-20T15:03:05+00:00","dateModified":"2016-04-20T15:03:55+00:00","author":{"@id":"https:\/\/urbeamea.ro\/albaiulia\/#\/schema\/person\/9700d21fae21c4f038b0b56f4506264a"},"description":"Alt accident rutier s-a produs miercuri dup\u0103-amiaza la Alba Iulia, \u00een zona cartierului Ampoi, \u00een apropierea\u00a0magazinului \u201eDedeman\u201d. Din primele informa\u021bii,","breadcrumb":{"@id":"https:\/\/urbeamea.ro\/albaiulia\/accident-in-alba-iulia-in-cartierul-ampoi-trei-masini-lovite-si-o-persoana-ranita\/#breadcrumb"},"inLanguage":"ro-RO","potentialAction":[{"@type":"ReadAction","target":["https:\/\/urbeamea.ro\/albaiulia\/accident-in-alba-iulia-in-cartierul-ampoi-trei-masini-lovite-si-o-persoana-ranita\/"]}]},{"@type":"ImageObject","inLanguage":"ro-RO","@id":"https:\/\/urbeamea.ro\/albaiulia\/accident-in-alba-iulia-in-cartierul-ampoi-trei-masini-lovite-si-o-persoana-ranita\/#primaryimage","url":"https:\/\/urbeamea.ro\/albaiulia\/wp-content\/uploads\/2016\/03\/politie-controale.jpg","contentUrl":"https:\/\/urbeamea.ro\/albaiulia\/wp-content\/uploads\/2016\/03\/politie-controale.jpg","width":646,"height":404},{"@type":"BreadcrumbList","@id":"https:\/\/urbeamea.ro\/albaiulia\/accident-in-alba-iulia-in-cartierul-ampoi-trei-masini-lovite-si-o-persoana-ranita\/#breadcrumb","itemListElement":[{"@type":"ListItem","position":1,"name":"Prima pagin\u0103","item":"https:\/\/urbeamea.ro\/albaiulia\/"},{"@type":"ListItem","position":2,"name":"Accident \u00een Alba Iulia, \u00een cartierul Ampoi: Trei ma\u0219ini lovite \u015fi o persoan\u0103 r\u0103nit\u0103"}]},{"@type":"WebSite","@id":"https:\/\/urbeamea.ro\/albaiulia\/#website","url":"https:\/\/urbeamea.ro\/albaiulia\/","name":"Revista Urbea Mea, Stiri urbane","description":"Evenimente \u0219i \u0219tiri din Alba Iulia, Sebe\u0219, Aiud, Blaj","potentialAction":[{"@type":"SearchAction","target":{"@type":"EntryPoint","urlTemplate":"https:\/\/urbeamea.ro\/albaiulia\/?s={search_term_string}"},"query-input":{"@type":"PropertyValueSpecification","valueRequired":true,"valueName":"search_term_string"}}],"inLanguage":"ro-RO"},{"@type":"Person","@id":"https:\/\/urbeamea.ro\/albaiulia\/#\/schema\/person\/9700d21fae21c4f038b0b56f4506264a","name":"Cristina Ganga","image":{"@type":"ImageObject","inLanguage":"ro-RO","@id":"https:\/\/secure.gravatar.com\/avatar\/5a67661041f057b4a8ccaf26f5a8e86e2689372006d01faf3dd9eeb10b654bb4?s=96&d=mm&r=g","url":"https:\/\/secure.gravatar.com\/avatar\/5a67661041f057b4a8ccaf26f5a8e86e2689372006d01faf3dd9eeb10b654bb4?s=96&d=mm&r=g","contentUrl":"https:\/\/secure.gravatar.com\/avatar\/5a67661041f057b4a8ccaf26f5a8e86e2689372006d01faf3dd9eeb10b654bb4?s=96&d=mm&r=g","caption":"Cristina Ganga"},"description":"Jurnalist","sameAs":["https:\/\/www.facebook.com\/cristina.nicola.587"],"url":"https:\/\/urbeamea.ro\/albaiulia\/author\/cristina-nicola\/"}]}},"_links":{"self":[{"href":"https:\/\/urbeamea.ro\/albaiulia\/wp-json\/wp\/v2\/posts\/22560","targetHints":{"allow":["GET"]}}],"collection":[{"href":"https:\/\/urbeamea.ro\/albaiulia\/wp-json\/wp\/v2\/posts"}],"about":[{"href":"https:\/\/urbeamea.ro\/albaiulia\/wp-json\/wp\/v2\/types\/post"}],"author":[{"embeddable":true,"href":"https:\/\/urbeamea.ro\/albaiulia\/wp-json\/wp\/v2\/users\/17"}],"replies":[{"embeddable":true,"href":"https:\/\/urbeamea.ro\/albaiulia\/wp-json\/wp\/v2\/comments?post=22560"}],"version-history":[{"count":0,"href":"https:\/\/urbeamea.ro\/albaiulia\/wp-json\/wp\/v2\/posts\/22560\/revisions"}],"wp:featuredmedia":[{"embeddable":true,"href":"https:\/\/urbeamea.ro\/albaiulia\/wp-json\/wp\/v2\/media\/20158"}],"wp:attachment":[{"href":"https:\/\/urbeamea.ro\/albaiulia\/wp-json\/wp\/v2\/media?parent=22560"}],"wp:term":[{"taxonomy":"category","embeddable":true,"href":"https:\/\/urbeamea.ro\/albaiulia\/wp-json\/wp\/v2\/categories?post=22560"},{"taxonomy":"post_tag","embeddable":true,"href":"https:\/\/urbeamea.ro\/albaiulia\/wp-json\/wp\/v2\/tags?post=22560"}],"curies":[{"name":"wp","href":"https:\/\/api.w.org\/{rel}","templated":true}]}}