{"id":22909,"date":"2016-04-23T10:15:31","date_gmt":"2016-04-23T07:15:31","guid":{"rendered":"http:\/\/urbeamea.ro\/albaiulia\/?p=22909"},"modified":"2016-04-23T10:15:31","modified_gmt":"2016-04-23T07:15:31","slug":"foto-studentii-cercului-de-ingineria-mediului-din-cadrul-uab-in-vizita-la-asezamantul-social-din-satul-izvoarele","status":"publish","type":"post","link":"https:\/\/urbeamea.ro\/albaiulia\/foto-studentii-cercului-de-ingineria-mediului-din-cadrul-uab-in-vizita-la-asezamantul-social-din-satul-izvoarele\/","title":{"rendered":"FOTO: Studen\u021bii Cercului de Ingineria Mediului din cadrul UAB, \u00een vizit\u0103 la A\u0219ez\u0103m\u00e2ntul Social din satul Izvoarele"},"content":{"rendered":"<p><span lang=\"ro-RO\"><strong><img loading=\"lazy\" decoding=\"async\" class=\"size-medium wp-image-22911 alignleft\" src=\"http:\/\/urbeamea.ro\/albaiulia\/wp-content\/uploads\/2016\/04\/CIM_cetate-coltesti-300x225.jpg\" alt=\"CIM_cetate-coltesti\" width=\"300\" height=\"225\" \/>Studen\u021bii Cercului de Ingineria Mediului, din cadrul Universit\u0103\u021bii \u201e1 Decembrie 1918\u201d din Alba Iulia s-au re\u00eentors la A\u015fez\u0103m\u00e2ntul Social din satul Izvoarele pentru a oferi \u00een prag de Sfinte S\u0103rb\u0103tori Pascale pachete cu alimente pentru 40 de persoane v\u00e2rstnice \u0219i pentru a da o m\u00e2n\u0103 de ajutor la cur\u0103\u021benia de prim\u0103var\u0103 \u00een sat.<\/strong><br \/>\n<\/span><\/p>\n<p><span lang=\"ro-RO\">Studen\u0163ii au revenit \u00een localitatea Izvoarele, ce se afl\u0103 la o distan\u021b\u0103 de 9 km de Aiud, nu pentru o lec\u021bie de istorie despre cetatea Col\u021be\u0219ti, care insist\u0103 s\u0103 supravie\u021buiasc\u0103, \u00een ciuda conflictelor, dup\u0103 mai mult de \u0219apte secole, ci pentru o lec\u021bie de via\u021b\u0103 oferit\u0103 de localnici \u0219i de p\u0103rintele <\/span><span lang=\"ro-RO\">paroh Filimon Virgil<\/span><span lang=\"ro-RO\">, care de acest\u0103 dat\u0103 a renun\u021bat la sutan\u0103 pentru a munci al\u0103turi de studen\u0163i la c\u0103rat c\u0103r\u0103mizi, cosit, str\u00e2ns iarb\u0103, m\u0103turat, cur\u0103\u0163enie pe malul r\u00e2ului din sat etc.<\/span><\/p>\n<p><span lang=\"ro-RO\"><em>\u201eAceast\u0103 localitate \u0219i-a schimbat doar decorul, de la ultima vizit\u0103 \u00eenainte de Cr\u0103ciun. Acum se preg\u0103te\u0219te de S\u0103rb\u0103toarea \u00cenvierii, iarba verde pare un covor de m\u0103tase \u021besut pe ici-colo cu fir galben de aur, \u00een form\u0103 de p\u0103p\u0103die, r\u00e2ul limpede ca o lacrim\u0103, mai apas\u0103 din c\u00e2nd \u00een c\u00e2nd pe-o clap\u0103 de piatr\u0103, astfel acompaniaz\u0103 p\u0103s\u0103rile care uneori sunt singurele ce mai bat la ferestrele cr\u0103pate de vreme ale oamenilor uita\u021bi de timp. Personajele sunt acelea\u0219i, \u00een casele lor goale de r\u00e2sete de copii, \u00ee\u0219i deruleaz\u0103 secven\u021be din episoadele trecute. Nici o amintire nu pare s\u0103-le descre\u021beasc\u0103 fruntea. Pe mas\u0103 mai este \u00eenc\u0103 p\u00e2ine, dar nu-i at\u00e2t de gustoas\u0103 dac\u0103 n-ai cu cine s-o \u00eempar\u021bi. To\u021bi \u0219i au dezvelit z\u00e2mbetul de umbr\u0103 c\u00e2nd am p\u0103\u0219it \u00een casele lor. Pachetele ce le-am l\u0103sat le vor aminti \u0219i \u00een ziua de Pa\u0219te c\u0103 nu sunt uita\u021bi \u0219i astfel poate Lumina \u00cenvierii le va \u0219terge umbra triste\u021bii \u021besut\u0103 de singur\u0103tate. Ei au nevoie de timpul nostru pentru a-\u0219i \u0219lefui fericirea. Au at\u00e2tea de povestit, de la r\u0103zboiul ce l-au sim\u021bit \u00een copil\u0103rie, c\u00e2nd au fost nevoi\u021bi s\u0103 se ad\u0103posteasc\u0103 \u00een p\u0103dure pentru a se salva , cum spune tanti din col\u021b, care a str\u00e2ns aproape 100 de ani \u00een cutia vie\u021bii, p\u00e2n\u0103 \u00een zilele noastre, c\u00e2nd duc o b\u0103t\u0103lie cu timpul, ce pentru ei parc\u0103 a \u00eenghe\u021bat.<\/em><\/span><\/p>\n<p><em><span lang=\"ro-RO\">A fost o altfel de zi pentru ei, care au primit \u00een dar pachete (alimente \u0219i fructe), ascultare, o m\u00e2n\u0103 de ajutor, aten\u021bie dar \u0219i pentru studen\u0163i, ce au fost r\u0103spl\u0103ti\u021bi cu z\u00e2mbete.<\/span><\/em><\/p>\n<p><span lang=\"ro-RO\"><em>\u0218tim c\u0103 poate peste c\u00e2teva decenii \u0219i noi avem nevoie de al\u021bii, ce nu vor nimic \u00een schimbul timpului \u0219i efortului pentru a ne face cel pu\u021bin pentru c\u00e2teva minute ferici\u021bi\u201d<\/em>, a transmis Elena Marica, student\u0103 \u00een anul IV la Ingineria Mediului.<\/span><\/p>\n<div id='gallery-1' class='gallery galleryid-22909 gallery-columns-3 gallery-size-thumbnail'><figure class='gallery-item'>\n\t\t\t<div class='gallery-icon landscape'>\n\t\t\t\t<a href='https:\/\/urbeamea.ro\/albaiulia\/wp-content\/uploads\/2016\/04\/Atudenti-CIM-la-curatenie2.jpg'><img decoding=\"async\" width=\"150\" height=\"150\" src=\"data:image\/png;base64,iVBORw0KGgoAAAANSUhEUgAAAYYAAADcAQMAAABOLJSDAAAAA1BMVEUAAACnej3aAAAAAXRSTlMAQObYZgAAACJJREFUaIHtwTEBAAAAwqD1T20ND6AAAAAAAAAAAAAA4N8AKvgAAUFIrrEAAAAASUVORK5CYII=\" class=\"attachment-thumbnail size-thumbnail lazy-img\" alt=\"\" srcset=\"https:\/\/urbeamea.ro\/albaiulia\/wp-content\/uploads\/2016\/04\/Atudenti-CIM-la-curatenie2-150x150.jpg 150w, https:\/\/urbeamea.ro\/albaiulia\/wp-content\/uploads\/2016\/04\/Atudenti-CIM-la-curatenie2-640x640.jpg 640w, https:\/\/urbeamea.ro\/albaiulia\/wp-content\/uploads\/2016\/04\/Atudenti-CIM-la-curatenie2-768x768.jpg 768w, https:\/\/urbeamea.ro\/albaiulia\/wp-content\/uploads\/2016\/04\/Atudenti-CIM-la-curatenie2.jpg 800w\" sizes=\"auto, (max-width: 150px) 100vw, 150px\" data-src=\"https:\/\/urbeamea.ro\/albaiulia\/wp-content\/uploads\/2016\/04\/Atudenti-CIM-la-curatenie2-150x150.jpg\" loading=\"lazy\" \/><\/a>\n\t\t\t<\/div><\/figure><figure class='gallery-item'>\n\t\t\t<div class='gallery-icon landscape'>\n\t\t\t\t<a href='https:\/\/urbeamea.ro\/albaiulia\/wp-content\/uploads\/2016\/04\/CIM_cetate-coltesti.jpg'><img decoding=\"async\" width=\"150\" height=\"113\" src=\"data:image\/png;base64,iVBORw0KGgoAAAANSUhEUgAAAYYAAADcAQMAAABOLJSDAAAAA1BMVEUAAACnej3aAAAAAXRSTlMAQObYZgAAACJJREFUaIHtwTEBAAAAwqD1T20ND6AAAAAAAAAAAAAA4N8AKvgAAUFIrrEAAAAASUVORK5CYII=\" class=\"attachment-thumbnail size-thumbnail lazy-img\" alt=\"\" srcset=\"https:\/\/urbeamea.ro\/albaiulia\/wp-content\/uploads\/2016\/04\/CIM_cetate-coltesti-150x113.jpg 150w, https:\/\/urbeamea.ro\/albaiulia\/wp-content\/uploads\/2016\/04\/CIM_cetate-coltesti-640x480.jpg 640w, https:\/\/urbeamea.ro\/albaiulia\/wp-content\/uploads\/2016\/04\/CIM_cetate-coltesti-768x576.jpg 768w, https:\/\/urbeamea.ro\/albaiulia\/wp-content\/uploads\/2016\/04\/CIM_cetate-coltesti.jpg 1280w\" sizes=\"auto, (max-width: 150px) 100vw, 150px\" data-src=\"https:\/\/urbeamea.ro\/albaiulia\/wp-content\/uploads\/2016\/04\/CIM_cetate-coltesti-150x113.jpg\" loading=\"lazy\" \/><\/a>\n\t\t\t<\/div><\/figure><figure class='gallery-item'>\n\t\t\t<div class='gallery-icon landscape'>\n\t\t\t\t<a href='https:\/\/urbeamea.ro\/albaiulia\/wp-content\/uploads\/2016\/04\/Studenti-CIM-curatenie-1.jpg'><img decoding=\"async\" width=\"150\" height=\"150\" src=\"data:image\/png;base64,iVBORw0KGgoAAAANSUhEUgAAAYYAAADcAQMAAABOLJSDAAAAA1BMVEUAAACnej3aAAAAAXRSTlMAQObYZgAAACJJREFUaIHtwTEBAAAAwqD1T20ND6AAAAAAAAAAAAAA4N8AKvgAAUFIrrEAAAAASUVORK5CYII=\" class=\"attachment-thumbnail size-thumbnail lazy-img\" alt=\"\" srcset=\"https:\/\/urbeamea.ro\/albaiulia\/wp-content\/uploads\/2016\/04\/Studenti-CIM-curatenie-1-150x150.jpg 150w, https:\/\/urbeamea.ro\/albaiulia\/wp-content\/uploads\/2016\/04\/Studenti-CIM-curatenie-1-640x640.jpg 640w, https:\/\/urbeamea.ro\/albaiulia\/wp-content\/uploads\/2016\/04\/Studenti-CIM-curatenie-1-768x768.jpg 768w, https:\/\/urbeamea.ro\/albaiulia\/wp-content\/uploads\/2016\/04\/Studenti-CIM-curatenie-1.jpg 800w\" sizes=\"auto, (max-width: 150px) 100vw, 150px\" data-src=\"https:\/\/urbeamea.ro\/albaiulia\/wp-content\/uploads\/2016\/04\/Studenti-CIM-curatenie-1-150x150.jpg\" loading=\"lazy\" \/><\/a>\n\t\t\t<\/div><\/figure><figure class='gallery-item'>\n\t\t\t<div class='gallery-icon landscape'>\n\t\t\t\t<a href='https:\/\/urbeamea.ro\/albaiulia\/wp-content\/uploads\/2016\/04\/Studenti-impartind-mancare.jpg'><img decoding=\"async\" width=\"150\" height=\"150\" src=\"data:image\/png;base64,iVBORw0KGgoAAAANSUhEUgAAAYYAAADcAQMAAABOLJSDAAAAA1BMVEUAAACnej3aAAAAAXRSTlMAQObYZgAAACJJREFUaIHtwTEBAAAAwqD1T20ND6AAAAAAAAAAAAAA4N8AKvgAAUFIrrEAAAAASUVORK5CYII=\" class=\"attachment-thumbnail size-thumbnail lazy-img\" alt=\"\" srcset=\"https:\/\/urbeamea.ro\/albaiulia\/wp-content\/uploads\/2016\/04\/Studenti-impartind-mancare-150x150.jpg 150w, https:\/\/urbeamea.ro\/albaiulia\/wp-content\/uploads\/2016\/04\/Studenti-impartind-mancare-640x640.jpg 640w, https:\/\/urbeamea.ro\/albaiulia\/wp-content\/uploads\/2016\/04\/Studenti-impartind-mancare-768x768.jpg 768w, https:\/\/urbeamea.ro\/albaiulia\/wp-content\/uploads\/2016\/04\/Studenti-impartind-mancare.jpg 800w\" sizes=\"auto, (max-width: 150px) 100vw, 150px\" data-src=\"https:\/\/urbeamea.ro\/albaiulia\/wp-content\/uploads\/2016\/04\/Studenti-impartind-mancare-150x150.jpg\" loading=\"lazy\" \/><\/a>\n\t\t\t<\/div><\/figure>\n\t\t<\/div>\n\n","protected":false},"excerpt":{"rendered":"<p>Studen\u021bii Cercului de Ingineria Mediului, din cadrul Universit\u0103\u021bii \u201e1 Decembrie 1918\u201d din Alba Iulia s-au re\u00eentors la A\u015fez\u0103m\u00e2ntul Social din satul Izvoarele pentru a oferi \u00een prag de Sfinte S\u0103rb\u0103tori Pascale pachete cu alimente pentru 40 de persoane v\u00e2rstnice \u0219i pentru a da o m\u00e2n\u0103 de ajutor la cur\u0103\u021benia de prim\u0103var\u0103 \u00een sat. Studen\u0163ii au &hellip;<\/p>\n","protected":false},"author":17,"featured_media":22911,"comment_status":"open","ping_status":"open","sticky":false,"template":"","format":"standard","meta":{"inline_featured_image":false,"footnotes":""},"categories":[2034],"tags":[307,690,4733,3011,4734,4735,308,376,76],"class_list":["post-22909","post","type-post","status-publish","format-standard","has-post-thumbnail","hentry","category-social","tag-alba","tag-asezamant-social","tag-centru-de-ingineria-mediului","tag-curatenie","tag-izvoarele","tag-pachete-cu-alimente","tag-stiri","tag-studenti","tag-urbea-mea"],"yoast_head":"<!-- This site is optimized with the Yoast SEO plugin v27.4 - https:\/\/yoast.com\/product\/yoast-seo-wordpress\/ -->\n<title>FOTO: Studen\u021bii Cercului de Ingineria Mediului din cadrul UAB, \u00een vizit\u0103 la A\u0219ez\u0103m\u00e2ntul Social din satul Izvoarele - Revista Urbea Mea - Revista de Alba<\/title>\n<meta name=\"description\" content=\"Studen\u021bii Cercului de Ingineria Mediului, din cadrul Universit\u0103\u021bii \u201e1 Decembrie 1918\u201d din Alba Iulia s-au re\u00eentors la A\u015fez\u0103m\u00e2ntul Social din satul\" \/>\n<meta name=\"robots\" content=\"index, follow, max-snippet:-1, max-image-preview:large, max-video-preview:-1\" \/>\n<link rel=\"canonical\" href=\"https:\/\/urbeamea.ro\/albaiulia\/foto-studentii-cercului-de-ingineria-mediului-din-cadrul-uab-in-vizita-la-asezamantul-social-din-satul-izvoarele\/\" \/>\n<meta name=\"twitter:card\" content=\"summary_large_image\" \/>\n<meta name=\"twitter:title\" content=\"FOTO: Studen\u021bii Cercului de Ingineria Mediului din cadrul UAB, \u00een vizit\u0103 la A\u0219ez\u0103m\u00e2ntul Social din satul Izvoarele - Revista Urbea Mea - Revista de Alba\" \/>\n<meta name=\"twitter:description\" content=\"Studen\u021bii Cercului de Ingineria Mediului, din cadrul Universit\u0103\u021bii \u201e1 Decembrie 1918\u201d din Alba Iulia s-au re\u00eentors la A\u015fez\u0103m\u00e2ntul Social din satul\" \/>\n<meta name=\"twitter:image\" content=\"https:\/\/urbeamea.ro\/albaiulia\/wp-content\/uploads\/2016\/04\/CIM_cetate-coltesti.jpg\" \/>\n<meta name=\"twitter:creator\" content=\"@urbeameaweb\" \/>\n<meta name=\"twitter:site\" content=\"@urbeameaweb\" \/>\n<script type=\"application\/ld+json\" class=\"yoast-schema-graph\">{\"@context\":\"https:\\\/\\\/schema.org\",\"@graph\":[{\"@type\":\"Article\",\"@id\":\"https:\\\/\\\/urbeamea.ro\\\/albaiulia\\\/foto-studentii-cercului-de-ingineria-mediului-din-cadrul-uab-in-vizita-la-asezamantul-social-din-satul-izvoarele\\\/#article\",\"isPartOf\":{\"@id\":\"https:\\\/\\\/urbeamea.ro\\\/albaiulia\\\/foto-studentii-cercului-de-ingineria-mediului-din-cadrul-uab-in-vizita-la-asezamantul-social-din-satul-izvoarele\\\/\"},\"author\":{\"name\":\"Cristina Ganga\",\"@id\":\"https:\\\/\\\/urbeamea.ro\\\/albaiulia\\\/#\\\/schema\\\/person\\\/9700d21fae21c4f038b0b56f4506264a\"},\"headline\":\"FOTO: Studen\u021bii Cercului de Ingineria Mediului din cadrul UAB, \u00een vizit\u0103 la A\u0219ez\u0103m\u00e2ntul Social din satul Izvoarele\",\"datePublished\":\"2016-04-23T07:15:31+00:00\",\"mainEntityOfPage\":{\"@id\":\"https:\\\/\\\/urbeamea.ro\\\/albaiulia\\\/foto-studentii-cercului-de-ingineria-mediului-din-cadrul-uab-in-vizita-la-asezamantul-social-din-satul-izvoarele\\\/\"},\"wordCount\":542,\"commentCount\":0,\"image\":{\"@id\":\"https:\\\/\\\/urbeamea.ro\\\/albaiulia\\\/foto-studentii-cercului-de-ingineria-mediului-din-cadrul-uab-in-vizita-la-asezamantul-social-din-satul-izvoarele\\\/#primaryimage\"},\"thumbnailUrl\":\"https:\\\/\\\/urbeamea.ro\\\/albaiulia\\\/wp-content\\\/uploads\\\/2016\\\/04\\\/CIM_cetate-coltesti.jpg\",\"keywords\":[\"alba\",\"asezamant social\",\"centru de ingineria mediului\",\"curatenie\",\"izvoarele\",\"pachete cu alimente\",\"stiri\",\"studenti\",\"Urbea Mea\"],\"articleSection\":[\"Social\"],\"inLanguage\":\"ro-RO\",\"potentialAction\":[{\"@type\":\"CommentAction\",\"name\":\"Comment\",\"target\":[\"https:\\\/\\\/urbeamea.ro\\\/albaiulia\\\/foto-studentii-cercului-de-ingineria-mediului-din-cadrul-uab-in-vizita-la-asezamantul-social-din-satul-izvoarele\\\/#respond\"]}]},{\"@type\":\"WebPage\",\"@id\":\"https:\\\/\\\/urbeamea.ro\\\/albaiulia\\\/foto-studentii-cercului-de-ingineria-mediului-din-cadrul-uab-in-vizita-la-asezamantul-social-din-satul-izvoarele\\\/\",\"url\":\"https:\\\/\\\/urbeamea.ro\\\/albaiulia\\\/foto-studentii-cercului-de-ingineria-mediului-din-cadrul-uab-in-vizita-la-asezamantul-social-din-satul-izvoarele\\\/\",\"name\":\"FOTO: Studen\u021bii Cercului de Ingineria Mediului din cadrul UAB, \u00een vizit\u0103 la A\u0219ez\u0103m\u00e2ntul Social din satul Izvoarele - Revista Urbea Mea - Revista de Alba\",\"isPartOf\":{\"@id\":\"https:\\\/\\\/urbeamea.ro\\\/albaiulia\\\/#website\"},\"primaryImageOfPage\":{\"@id\":\"https:\\\/\\\/urbeamea.ro\\\/albaiulia\\\/foto-studentii-cercului-de-ingineria-mediului-din-cadrul-uab-in-vizita-la-asezamantul-social-din-satul-izvoarele\\\/#primaryimage\"},\"image\":{\"@id\":\"https:\\\/\\\/urbeamea.ro\\\/albaiulia\\\/foto-studentii-cercului-de-ingineria-mediului-din-cadrul-uab-in-vizita-la-asezamantul-social-din-satul-izvoarele\\\/#primaryimage\"},\"thumbnailUrl\":\"https:\\\/\\\/urbeamea.ro\\\/albaiulia\\\/wp-content\\\/uploads\\\/2016\\\/04\\\/CIM_cetate-coltesti.jpg\",\"datePublished\":\"2016-04-23T07:15:31+00:00\",\"author\":{\"@id\":\"https:\\\/\\\/urbeamea.ro\\\/albaiulia\\\/#\\\/schema\\\/person\\\/9700d21fae21c4f038b0b56f4506264a\"},\"description\":\"Studen\u021bii Cercului de Ingineria Mediului, din cadrul Universit\u0103\u021bii \u201e1 Decembrie 1918\u201d din Alba Iulia s-au re\u00eentors la A\u015fez\u0103m\u00e2ntul Social din satul\",\"breadcrumb\":{\"@id\":\"https:\\\/\\\/urbeamea.ro\\\/albaiulia\\\/foto-studentii-cercului-de-ingineria-mediului-din-cadrul-uab-in-vizita-la-asezamantul-social-din-satul-izvoarele\\\/#breadcrumb\"},\"inLanguage\":\"ro-RO\",\"potentialAction\":[{\"@type\":\"ReadAction\",\"target\":[\"https:\\\/\\\/urbeamea.ro\\\/albaiulia\\\/foto-studentii-cercului-de-ingineria-mediului-din-cadrul-uab-in-vizita-la-asezamantul-social-din-satul-izvoarele\\\/\"]}]},{\"@type\":\"ImageObject\",\"inLanguage\":\"ro-RO\",\"@id\":\"https:\\\/\\\/urbeamea.ro\\\/albaiulia\\\/foto-studentii-cercului-de-ingineria-mediului-din-cadrul-uab-in-vizita-la-asezamantul-social-din-satul-izvoarele\\\/#primaryimage\",\"url\":\"https:\\\/\\\/urbeamea.ro\\\/albaiulia\\\/wp-content\\\/uploads\\\/2016\\\/04\\\/CIM_cetate-coltesti.jpg\",\"contentUrl\":\"https:\\\/\\\/urbeamea.ro\\\/albaiulia\\\/wp-content\\\/uploads\\\/2016\\\/04\\\/CIM_cetate-coltesti.jpg\",\"width\":1280,\"height\":960},{\"@type\":\"BreadcrumbList\",\"@id\":\"https:\\\/\\\/urbeamea.ro\\\/albaiulia\\\/foto-studentii-cercului-de-ingineria-mediului-din-cadrul-uab-in-vizita-la-asezamantul-social-din-satul-izvoarele\\\/#breadcrumb\",\"itemListElement\":[{\"@type\":\"ListItem\",\"position\":1,\"name\":\"Prima pagin\u0103\",\"item\":\"https:\\\/\\\/urbeamea.ro\\\/albaiulia\\\/\"},{\"@type\":\"ListItem\",\"position\":2,\"name\":\"FOTO: Studen\u021bii Cercului de Ingineria Mediului din cadrul UAB, \u00een vizit\u0103 la A\u0219ez\u0103m\u00e2ntul Social din satul Izvoarele\"}]},{\"@type\":\"WebSite\",\"@id\":\"https:\\\/\\\/urbeamea.ro\\\/albaiulia\\\/#website\",\"url\":\"https:\\\/\\\/urbeamea.ro\\\/albaiulia\\\/\",\"name\":\"Revista Urbea Mea, Stiri urbane\",\"description\":\"Evenimente \u0219i \u0219tiri din Alba Iulia, Sebe\u0219, Aiud, Blaj\",\"potentialAction\":[{\"@type\":\"SearchAction\",\"target\":{\"@type\":\"EntryPoint\",\"urlTemplate\":\"https:\\\/\\\/urbeamea.ro\\\/albaiulia\\\/?s={search_term_string}\"},\"query-input\":{\"@type\":\"PropertyValueSpecification\",\"valueRequired\":true,\"valueName\":\"search_term_string\"}}],\"inLanguage\":\"ro-RO\"},{\"@type\":\"Person\",\"@id\":\"https:\\\/\\\/urbeamea.ro\\\/albaiulia\\\/#\\\/schema\\\/person\\\/9700d21fae21c4f038b0b56f4506264a\",\"name\":\"Cristina Ganga\",\"image\":{\"@type\":\"ImageObject\",\"inLanguage\":\"ro-RO\",\"@id\":\"https:\\\/\\\/secure.gravatar.com\\\/avatar\\\/5a67661041f057b4a8ccaf26f5a8e86e2689372006d01faf3dd9eeb10b654bb4?s=96&d=mm&r=g\",\"url\":\"https:\\\/\\\/secure.gravatar.com\\\/avatar\\\/5a67661041f057b4a8ccaf26f5a8e86e2689372006d01faf3dd9eeb10b654bb4?s=96&d=mm&r=g\",\"contentUrl\":\"https:\\\/\\\/secure.gravatar.com\\\/avatar\\\/5a67661041f057b4a8ccaf26f5a8e86e2689372006d01faf3dd9eeb10b654bb4?s=96&d=mm&r=g\",\"caption\":\"Cristina Ganga\"},\"description\":\"Jurnalist\",\"sameAs\":[\"https:\\\/\\\/www.facebook.com\\\/cristina.nicola.587\"],\"url\":\"https:\\\/\\\/urbeamea.ro\\\/albaiulia\\\/author\\\/cristina-nicola\\\/\"}]}<\/script>\n<!-- \/ Yoast SEO plugin. -->","yoast_head_json":{"title":"FOTO: Studen\u021bii Cercului de Ingineria Mediului din cadrul UAB, \u00een vizit\u0103 la A\u0219ez\u0103m\u00e2ntul Social din satul Izvoarele - Revista Urbea Mea - Revista de Alba","description":"Studen\u021bii Cercului de Ingineria Mediului, din cadrul Universit\u0103\u021bii \u201e1 Decembrie 1918\u201d din Alba Iulia s-au re\u00eentors la A\u015fez\u0103m\u00e2ntul Social din satul","robots":{"index":"index","follow":"follow","max-snippet":"max-snippet:-1","max-image-preview":"max-image-preview:large","max-video-preview":"max-video-preview:-1"},"canonical":"https:\/\/urbeamea.ro\/albaiulia\/foto-studentii-cercului-de-ingineria-mediului-din-cadrul-uab-in-vizita-la-asezamantul-social-din-satul-izvoarele\/","twitter_card":"summary_large_image","twitter_title":"FOTO: Studen\u021bii Cercului de Ingineria Mediului din cadrul UAB, \u00een vizit\u0103 la A\u0219ez\u0103m\u00e2ntul Social din satul Izvoarele - Revista Urbea Mea - Revista de Alba","twitter_description":"Studen\u021bii Cercului de Ingineria Mediului, din cadrul Universit\u0103\u021bii \u201e1 Decembrie 1918\u201d din Alba Iulia s-au re\u00eentors la A\u015fez\u0103m\u00e2ntul Social din satul","twitter_image":"https:\/\/urbeamea.ro\/albaiulia\/wp-content\/uploads\/2016\/04\/CIM_cetate-coltesti.jpg","twitter_creator":"@urbeameaweb","twitter_site":"@urbeameaweb","schema":{"@context":"https:\/\/schema.org","@graph":[{"@type":"Article","@id":"https:\/\/urbeamea.ro\/albaiulia\/foto-studentii-cercului-de-ingineria-mediului-din-cadrul-uab-in-vizita-la-asezamantul-social-din-satul-izvoarele\/#article","isPartOf":{"@id":"https:\/\/urbeamea.ro\/albaiulia\/foto-studentii-cercului-de-ingineria-mediului-din-cadrul-uab-in-vizita-la-asezamantul-social-din-satul-izvoarele\/"},"author":{"name":"Cristina Ganga","@id":"https:\/\/urbeamea.ro\/albaiulia\/#\/schema\/person\/9700d21fae21c4f038b0b56f4506264a"},"headline":"FOTO: Studen\u021bii Cercului de Ingineria Mediului din cadrul UAB, \u00een vizit\u0103 la A\u0219ez\u0103m\u00e2ntul Social din satul Izvoarele","datePublished":"2016-04-23T07:15:31+00:00","mainEntityOfPage":{"@id":"https:\/\/urbeamea.ro\/albaiulia\/foto-studentii-cercului-de-ingineria-mediului-din-cadrul-uab-in-vizita-la-asezamantul-social-din-satul-izvoarele\/"},"wordCount":542,"commentCount":0,"image":{"@id":"https:\/\/urbeamea.ro\/albaiulia\/foto-studentii-cercului-de-ingineria-mediului-din-cadrul-uab-in-vizita-la-asezamantul-social-din-satul-izvoarele\/#primaryimage"},"thumbnailUrl":"https:\/\/urbeamea.ro\/albaiulia\/wp-content\/uploads\/2016\/04\/CIM_cetate-coltesti.jpg","keywords":["alba","asezamant social","centru de ingineria mediului","curatenie","izvoarele","pachete cu alimente","stiri","studenti","Urbea Mea"],"articleSection":["Social"],"inLanguage":"ro-RO","potentialAction":[{"@type":"CommentAction","name":"Comment","target":["https:\/\/urbeamea.ro\/albaiulia\/foto-studentii-cercului-de-ingineria-mediului-din-cadrul-uab-in-vizita-la-asezamantul-social-din-satul-izvoarele\/#respond"]}]},{"@type":"WebPage","@id":"https:\/\/urbeamea.ro\/albaiulia\/foto-studentii-cercului-de-ingineria-mediului-din-cadrul-uab-in-vizita-la-asezamantul-social-din-satul-izvoarele\/","url":"https:\/\/urbeamea.ro\/albaiulia\/foto-studentii-cercului-de-ingineria-mediului-din-cadrul-uab-in-vizita-la-asezamantul-social-din-satul-izvoarele\/","name":"FOTO: Studen\u021bii Cercului de Ingineria Mediului din cadrul UAB, \u00een vizit\u0103 la A\u0219ez\u0103m\u00e2ntul Social din satul Izvoarele - Revista Urbea Mea - Revista de Alba","isPartOf":{"@id":"https:\/\/urbeamea.ro\/albaiulia\/#website"},"primaryImageOfPage":{"@id":"https:\/\/urbeamea.ro\/albaiulia\/foto-studentii-cercului-de-ingineria-mediului-din-cadrul-uab-in-vizita-la-asezamantul-social-din-satul-izvoarele\/#primaryimage"},"image":{"@id":"https:\/\/urbeamea.ro\/albaiulia\/foto-studentii-cercului-de-ingineria-mediului-din-cadrul-uab-in-vizita-la-asezamantul-social-din-satul-izvoarele\/#primaryimage"},"thumbnailUrl":"https:\/\/urbeamea.ro\/albaiulia\/wp-content\/uploads\/2016\/04\/CIM_cetate-coltesti.jpg","datePublished":"2016-04-23T07:15:31+00:00","author":{"@id":"https:\/\/urbeamea.ro\/albaiulia\/#\/schema\/person\/9700d21fae21c4f038b0b56f4506264a"},"description":"Studen\u021bii Cercului de Ingineria Mediului, din cadrul Universit\u0103\u021bii \u201e1 Decembrie 1918\u201d din Alba Iulia s-au re\u00eentors la A\u015fez\u0103m\u00e2ntul Social din satul","breadcrumb":{"@id":"https:\/\/urbeamea.ro\/albaiulia\/foto-studentii-cercului-de-ingineria-mediului-din-cadrul-uab-in-vizita-la-asezamantul-social-din-satul-izvoarele\/#breadcrumb"},"inLanguage":"ro-RO","potentialAction":[{"@type":"ReadAction","target":["https:\/\/urbeamea.ro\/albaiulia\/foto-studentii-cercului-de-ingineria-mediului-din-cadrul-uab-in-vizita-la-asezamantul-social-din-satul-izvoarele\/"]}]},{"@type":"ImageObject","inLanguage":"ro-RO","@id":"https:\/\/urbeamea.ro\/albaiulia\/foto-studentii-cercului-de-ingineria-mediului-din-cadrul-uab-in-vizita-la-asezamantul-social-din-satul-izvoarele\/#primaryimage","url":"https:\/\/urbeamea.ro\/albaiulia\/wp-content\/uploads\/2016\/04\/CIM_cetate-coltesti.jpg","contentUrl":"https:\/\/urbeamea.ro\/albaiulia\/wp-content\/uploads\/2016\/04\/CIM_cetate-coltesti.jpg","width":1280,"height":960},{"@type":"BreadcrumbList","@id":"https:\/\/urbeamea.ro\/albaiulia\/foto-studentii-cercului-de-ingineria-mediului-din-cadrul-uab-in-vizita-la-asezamantul-social-din-satul-izvoarele\/#breadcrumb","itemListElement":[{"@type":"ListItem","position":1,"name":"Prima pagin\u0103","item":"https:\/\/urbeamea.ro\/albaiulia\/"},{"@type":"ListItem","position":2,"name":"FOTO: Studen\u021bii Cercului de Ingineria Mediului din cadrul UAB, \u00een vizit\u0103 la A\u0219ez\u0103m\u00e2ntul Social din satul Izvoarele"}]},{"@type":"WebSite","@id":"https:\/\/urbeamea.ro\/albaiulia\/#website","url":"https:\/\/urbeamea.ro\/albaiulia\/","name":"Revista Urbea Mea, Stiri urbane","description":"Evenimente \u0219i \u0219tiri din Alba Iulia, Sebe\u0219, Aiud, Blaj","potentialAction":[{"@type":"SearchAction","target":{"@type":"EntryPoint","urlTemplate":"https:\/\/urbeamea.ro\/albaiulia\/?s={search_term_string}"},"query-input":{"@type":"PropertyValueSpecification","valueRequired":true,"valueName":"search_term_string"}}],"inLanguage":"ro-RO"},{"@type":"Person","@id":"https:\/\/urbeamea.ro\/albaiulia\/#\/schema\/person\/9700d21fae21c4f038b0b56f4506264a","name":"Cristina Ganga","image":{"@type":"ImageObject","inLanguage":"ro-RO","@id":"https:\/\/secure.gravatar.com\/avatar\/5a67661041f057b4a8ccaf26f5a8e86e2689372006d01faf3dd9eeb10b654bb4?s=96&d=mm&r=g","url":"https:\/\/secure.gravatar.com\/avatar\/5a67661041f057b4a8ccaf26f5a8e86e2689372006d01faf3dd9eeb10b654bb4?s=96&d=mm&r=g","contentUrl":"https:\/\/secure.gravatar.com\/avatar\/5a67661041f057b4a8ccaf26f5a8e86e2689372006d01faf3dd9eeb10b654bb4?s=96&d=mm&r=g","caption":"Cristina Ganga"},"description":"Jurnalist","sameAs":["https:\/\/www.facebook.com\/cristina.nicola.587"],"url":"https:\/\/urbeamea.ro\/albaiulia\/author\/cristina-nicola\/"}]}},"_links":{"self":[{"href":"https:\/\/urbeamea.ro\/albaiulia\/wp-json\/wp\/v2\/posts\/22909","targetHints":{"allow":["GET"]}}],"collection":[{"href":"https:\/\/urbeamea.ro\/albaiulia\/wp-json\/wp\/v2\/posts"}],"about":[{"href":"https:\/\/urbeamea.ro\/albaiulia\/wp-json\/wp\/v2\/types\/post"}],"author":[{"embeddable":true,"href":"https:\/\/urbeamea.ro\/albaiulia\/wp-json\/wp\/v2\/users\/17"}],"replies":[{"embeddable":true,"href":"https:\/\/urbeamea.ro\/albaiulia\/wp-json\/wp\/v2\/comments?post=22909"}],"version-history":[{"count":0,"href":"https:\/\/urbeamea.ro\/albaiulia\/wp-json\/wp\/v2\/posts\/22909\/revisions"}],"wp:featuredmedia":[{"embeddable":true,"href":"https:\/\/urbeamea.ro\/albaiulia\/wp-json\/wp\/v2\/media\/22911"}],"wp:attachment":[{"href":"https:\/\/urbeamea.ro\/albaiulia\/wp-json\/wp\/v2\/media?parent=22909"}],"wp:term":[{"taxonomy":"category","embeddable":true,"href":"https:\/\/urbeamea.ro\/albaiulia\/wp-json\/wp\/v2\/categories?post=22909"},{"taxonomy":"post_tag","embeddable":true,"href":"https:\/\/urbeamea.ro\/albaiulia\/wp-json\/wp\/v2\/tags?post=22909"}],"curies":[{"name":"wp","href":"https:\/\/api.w.org\/{rel}","templated":true}]}}