{"id":22915,"date":"2016-04-23T10:20:28","date_gmt":"2016-04-23T07:20:28","guid":{"rendered":"http:\/\/urbeamea.ro\/albaiulia\/?p=22915"},"modified":"2016-04-23T10:20:28","modified_gmt":"2016-04-23T07:20:28","slug":"primari-clerici-ong-uri-si-intreprinzatori-au-participat-la-discutii-despre-fondurile-nerambursabile-pentru-reabilitarea-obiectivelor-de-patrimoniu","status":"publish","type":"post","link":"https:\/\/urbeamea.ro\/albaiulia\/primari-clerici-ong-uri-si-intreprinzatori-au-participat-la-discutii-despre-fondurile-nerambursabile-pentru-reabilitarea-obiectivelor-de-patrimoniu\/","title":{"rendered":"Primari, clerici, ONG-uri \u015fi \u00eentreprinz\u0103tori au participat la discu\u021bii despre fondurile nerambursabile pentru reabilitarea obiectivelor de patrimoniu"},"content":{"rendered":"<p><strong><img loading=\"lazy\" decoding=\"async\" class=\"size-medium wp-image-22918 alignleft\" src=\"http:\/\/urbeamea.ro\/albaiulia\/wp-content\/uploads\/2016\/04\/1-4-300x180.jpg\" alt=\"1 (4)\" width=\"300\" height=\"180\" \/>Timp de dou\u0103 zile, \u00een 19 \u0219i 21 aprilie, peste 80 de persoane, poten\u021biali solicitan\u021bi de fonduri nerambursabile, au participat la dou\u0103 seminarii organizate de c\u0103tre ADR Centru, la Sibiu \u0219i T\u00e2rgu Mure\u0219, pentru lansarea Priorit\u0103\u021bii de Investi\u021bii 5.1.<\/strong><\/p>\n<p><strong>Cele peste 33 de milioane de euro fonduri europene nerambursabile disponibile la nivelul Regiunii Centru pentru finan\u021barea proiectelor de reabilitare obiective de patrimoniu natural \u0219i cultural au reunit, pe l\u00e2ng\u0103 echipa ADR Centru, \u0219i reprezentan\u021bi ai autorit\u0103\u021bilor publice locale, reprezentan\u021bi ai unit\u0103\u021bilor de cult, dar \u0219i ai ONG-urilor \u0219i ai mediului privat.<\/strong><\/p>\n<p>Dup\u0103 o scurt\u0103 prezentare a priorit\u0103\u021bilor care sunt lansate p\u00e2n\u0103 \u00een prezent pe Programul Opera\u021bional Regional 2014-2020, cei prezen\u021bi au purtat discu\u021bii punctuale despre criteriile ce trebuie s\u0103 fie \u00eendeplinite pentru a putea depune un proiect de finan\u021bare pe prioritatea 5.1 a programului. A fost precizat faptul c\u0103 sunt eligibile spre finan\u021bare doar monumentele istorice \u00eenscrise cu un cod distinct \u0219i identificate clar \u00een lista obiectivelor de patrimoniu, care nu au mai beneficiat de finan\u021bare public\u0103 \u00een ultimii 5 ani, urm\u00e2nd ca aceste obiective s\u0103 fie introduse \u00een circuitul public, la finalizarea proiectului. S-au prezentat activit\u0103\u021bile ce pot fi finan\u021bate prin aceasta prioritate de investi\u021bii \u0219i s-a atras aten\u021bia asupra acelor activit\u0103\u021bi care nu sunt finan\u021bate, precum \u0219i asupra valorii minime \u0219i maxime, a proiectelor cu precizarea c\u0103 valoarea maxim\u0103 nu poate fi modificat\u0103 pe parcursul implement\u0103rii proiectului. Care sunt anexele ce se vor ata\u0219a proiectului, documentele obligatorii, declara\u021biile \u0219i avizele necesare au mai fost prezentate \u0219i exemplificate de reprezentan\u021bii ADR Centru. Celor prezen\u021bi le-a fost atras\u0103 aten\u021bia c\u0103 fiind vorba de un apel competitiv, deschis doar 6 luni (25 mai \u2013 25 noiembrie), solicitan\u021bii trebuie s\u0103 fie foarte aten\u021bi la \u00eentocmirea cererilor de finan\u021bare, fiindc\u0103 nu se va mai putea cere dec\u00e2t o singur\u0103 clarificare asupra documenta\u021biei depuse, pe fiecare etap\u0103 de evaluare, \u021bin\u00e2nd cont de faptul c\u0103 \u00een cazul \u00een care un proiect a fost respins de c\u0103tre evaluatori, acesta nu se va mai putea redepune \u00een aceast\u0103 sesiune.<\/p>\n<p>Modalit\u0103\u021bile de accesare \u0219i \u00eenscriere \u00een aplica\u021bia online MYSMIS, precum \u0219i modalitatea de generare a unei cereri de finan\u021bare \u00een aceast\u0103 aplica\u021bie, modul de completare a acesteia cu aspectele importante legate de completarea fiec\u0103rei sec\u021biuni \u00een parte, precum \u0219i transmiterea cererii de finan\u021bare \u00een sistem au fost prezentate \u0219i explicate celor prezen\u021bi. \u00cen cazul depunerii online a fost subliniat, de asemenea, faptul c\u0103 cererile de finan\u021bare se vor depune de c\u0103tre reprezentantul legal al solicitan\u021bilor ce au un certificat digital\/semn\u0103tur\u0103 electronic\u0103, dar \u0219i faptul c\u0103 o persoan\u0103 juridic\u0103 poate avea un singur reprezentant legal sau \u00eemputernicit, care va de\u021bine responsabilitatea depunerii \u0219i derul\u0103rii proiectului.<\/p>\n<p>Elaborarea unui Plan de marketing care s\u0103 sus\u021bin\u0103 promovarea obiectivului de patrimoniu restaurat, prin evenimente, activit\u0103\u021bi, materiale de promovare dar \u0219i alte produse, care s\u0103 sublinieze aspectele care diferen\u021biaz\u0103 obiectivul reabilitat de alte obiective \u00eenvecinate, a fost subliniat ca fiind o cerin\u021b\u0103 important\u0103 ce trebuie realizat\u0103 pentru cre\u0219terea competitivit\u0103\u021bii economice a zonei \u0219i pentru a cre\u0219te num\u0103rul de vizitatori care vor accesa loca\u021bia, cre\u0219tere ce reprezint\u0103 unul dintre cei doi indicatori de proiect ce trebuie realiza\u021bi de c\u0103tre beneficiarii de fonduri. Digitizarea obiectivelor de patrimoniu, respectiv scanarea 3D a tuturor elementelor restaurate prin proiect, fie statuet\u0103, cas\u0103, cl\u0103dire, biseric\u0103, fie peisaje, pentru conservarea lor \u00eentr-un mediu online, este o alt\u0103 activitate, impus\u0103 prin ghidul de finan\u021bare. Aceast\u0103 activitate prev\u0103zut\u0103 a se realiza la finalul proiectului, va asigura pe viitor accesul tuturor la obiectivul respectiv, prin panoramare \u0219i vizite \u0219i \u00een mediul on-line. Cei interesa\u021bi de mai multe detalii referitoare la ghid \u0219i condi\u021bii, pot accesa .<\/p>\n<div id='gallery-1' class='gallery galleryid-22915 gallery-columns-3 gallery-size-thumbnail'><figure class='gallery-item'>\n\t\t\t<div class='gallery-icon landscape'>\n\t\t\t\t<a href='https:\/\/urbeamea.ro\/albaiulia\/wp-content\/uploads\/2016\/04\/1-2.jpg'><img decoding=\"async\" width=\"150\" height=\"54\" src=\"data:image\/png;base64,iVBORw0KGgoAAAANSUhEUgAAAYYAAADcAQMAAABOLJSDAAAAA1BMVEUAAACnej3aAAAAAXRSTlMAQObYZgAAACJJREFUaIHtwTEBAAAAwqD1T20ND6AAAAAAAAAAAAAA4N8AKvgAAUFIrrEAAAAASUVORK5CYII=\" class=\"attachment-thumbnail size-thumbnail lazy-img\" alt=\"\" srcset=\"https:\/\/urbeamea.ro\/albaiulia\/wp-content\/uploads\/2016\/04\/1-2-150x54.jpg 150w, https:\/\/urbeamea.ro\/albaiulia\/wp-content\/uploads\/2016\/04\/1-2-300x107.jpg 300w, https:\/\/urbeamea.ro\/albaiulia\/wp-content\/uploads\/2016\/04\/1-2-768x274.jpg 768w, https:\/\/urbeamea.ro\/albaiulia\/wp-content\/uploads\/2016\/04\/1-2-1024x366.jpg 1024w, https:\/\/urbeamea.ro\/albaiulia\/wp-content\/uploads\/2016\/04\/1-2.jpg 1280w\" sizes=\"auto, (max-width: 150px) 100vw, 150px\" data-src=\"https:\/\/urbeamea.ro\/albaiulia\/wp-content\/uploads\/2016\/04\/1-2-150x54.jpg\" loading=\"lazy\" \/><\/a>\n\t\t\t<\/div><\/figure><figure class='gallery-item'>\n\t\t\t<div class='gallery-icon landscape'>\n\t\t\t\t<a href='https:\/\/urbeamea.ro\/albaiulia\/wp-content\/uploads\/2016\/04\/1-3.jpg'><img decoding=\"async\" width=\"150\" height=\"124\" src=\"data:image\/png;base64,iVBORw0KGgoAAAANSUhEUgAAAYYAAADcAQMAAABOLJSDAAAAA1BMVEUAAACnej3aAAAAAXRSTlMAQObYZgAAACJJREFUaIHtwTEBAAAAwqD1T20ND6AAAAAAAAAAAAAA4N8AKvgAAUFIrrEAAAAASUVORK5CYII=\" class=\"attachment-thumbnail size-thumbnail lazy-img\" alt=\"\" srcset=\"https:\/\/urbeamea.ro\/albaiulia\/wp-content\/uploads\/2016\/04\/1-3-150x124.jpg 150w, https:\/\/urbeamea.ro\/albaiulia\/wp-content\/uploads\/2016\/04\/1-3-300x248.jpg 300w, https:\/\/urbeamea.ro\/albaiulia\/wp-content\/uploads\/2016\/04\/1-3-768x634.jpg 768w, https:\/\/urbeamea.ro\/albaiulia\/wp-content\/uploads\/2016\/04\/1-3-1024x845.jpg 1024w, https:\/\/urbeamea.ro\/albaiulia\/wp-content\/uploads\/2016\/04\/1-3.jpg 1280w\" sizes=\"auto, (max-width: 150px) 100vw, 150px\" data-src=\"https:\/\/urbeamea.ro\/albaiulia\/wp-content\/uploads\/2016\/04\/1-3-150x124.jpg\" loading=\"lazy\" \/><\/a>\n\t\t\t<\/div><\/figure><figure class='gallery-item'>\n\t\t\t<div class='gallery-icon landscape'>\n\t\t\t\t<a href='https:\/\/urbeamea.ro\/albaiulia\/wp-content\/uploads\/2016\/04\/1-4.jpg'><img decoding=\"async\" width=\"150\" height=\"90\" src=\"data:image\/png;base64,iVBORw0KGgoAAAANSUhEUgAAAYYAAADcAQMAAABOLJSDAAAAA1BMVEUAAACnej3aAAAAAXRSTlMAQObYZgAAACJJREFUaIHtwTEBAAAAwqD1T20ND6AAAAAAAAAAAAAA4N8AKvgAAUFIrrEAAAAASUVORK5CYII=\" class=\"attachment-thumbnail size-thumbnail lazy-img\" alt=\"\" srcset=\"https:\/\/urbeamea.ro\/albaiulia\/wp-content\/uploads\/2016\/04\/1-4-150x90.jpg 150w, https:\/\/urbeamea.ro\/albaiulia\/wp-content\/uploads\/2016\/04\/1-4-640x385.jpg 640w, https:\/\/urbeamea.ro\/albaiulia\/wp-content\/uploads\/2016\/04\/1-4-768x461.jpg 768w, https:\/\/urbeamea.ro\/albaiulia\/wp-content\/uploads\/2016\/04\/1-4-1024x615.jpg 1024w, https:\/\/urbeamea.ro\/albaiulia\/wp-content\/uploads\/2016\/04\/1-4-265x160.jpg 265w, https:\/\/urbeamea.ro\/albaiulia\/wp-content\/uploads\/2016\/04\/1-4-370x223.jpg 370w, https:\/\/urbeamea.ro\/albaiulia\/wp-content\/uploads\/2016\/04\/1-4-237x143.jpg 237w, https:\/\/urbeamea.ro\/albaiulia\/wp-content\/uploads\/2016\/04\/1-4-353x213.jpg 353w, https:\/\/urbeamea.ro\/albaiulia\/wp-content\/uploads\/2016\/04\/1-4-584x350.jpg 584w, https:\/\/urbeamea.ro\/albaiulia\/wp-content\/uploads\/2016\/04\/1-4.jpg 1280w\" sizes=\"auto, (max-width: 150px) 100vw, 150px\" data-src=\"https:\/\/urbeamea.ro\/albaiulia\/wp-content\/uploads\/2016\/04\/1-4-150x90.jpg\" loading=\"lazy\" \/><\/a>\n\t\t\t<\/div><\/figure><figure class='gallery-item'>\n\t\t\t<div class='gallery-icon landscape'>\n\t\t\t\t<a href='https:\/\/urbeamea.ro\/albaiulia\/wp-content\/uploads\/2016\/04\/1-5.jpg'><img decoding=\"async\" width=\"150\" height=\"84\" src=\"data:image\/png;base64,iVBORw0KGgoAAAANSUhEUgAAAYYAAADcAQMAAABOLJSDAAAAA1BMVEUAAACnej3aAAAAAXRSTlMAQObYZgAAACJJREFUaIHtwTEBAAAAwqD1T20ND6AAAAAAAAAAAAAA4N8AKvgAAUFIrrEAAAAASUVORK5CYII=\" class=\"attachment-thumbnail size-thumbnail lazy-img\" alt=\"\" srcset=\"https:\/\/urbeamea.ro\/albaiulia\/wp-content\/uploads\/2016\/04\/1-5-150x84.jpg 150w, https:\/\/urbeamea.ro\/albaiulia\/wp-content\/uploads\/2016\/04\/1-5-300x167.jpg 300w, https:\/\/urbeamea.ro\/albaiulia\/wp-content\/uploads\/2016\/04\/1-5-768x428.jpg 768w, https:\/\/urbeamea.ro\/albaiulia\/wp-content\/uploads\/2016\/04\/1-5-1024x571.jpg 1024w, https:\/\/urbeamea.ro\/albaiulia\/wp-content\/uploads\/2016\/04\/1-5-819x452.jpg 819w, https:\/\/urbeamea.ro\/albaiulia\/wp-content\/uploads\/2016\/04\/1-5.jpg 1280w\" sizes=\"auto, (max-width: 150px) 100vw, 150px\" data-src=\"https:\/\/urbeamea.ro\/albaiulia\/wp-content\/uploads\/2016\/04\/1-5-150x84.jpg\" loading=\"lazy\" \/><\/a>\n\t\t\t<\/div><\/figure><figure class='gallery-item'>\n\t\t\t<div class='gallery-icon landscape'>\n\t\t\t\t<a href='https:\/\/urbeamea.ro\/albaiulia\/wp-content\/uploads\/2016\/04\/1-6.jpg'><img decoding=\"async\" width=\"150\" height=\"42\" src=\"data:image\/png;base64,iVBORw0KGgoAAAANSUhEUgAAAYYAAADcAQMAAABOLJSDAAAAA1BMVEUAAACnej3aAAAAAXRSTlMAQObYZgAAACJJREFUaIHtwTEBAAAAwqD1T20ND6AAAAAAAAAAAAAA4N8AKvgAAUFIrrEAAAAASUVORK5CYII=\" class=\"attachment-thumbnail size-thumbnail lazy-img\" alt=\"\" srcset=\"https:\/\/urbeamea.ro\/albaiulia\/wp-content\/uploads\/2016\/04\/1-6-150x42.jpg 150w, https:\/\/urbeamea.ro\/albaiulia\/wp-content\/uploads\/2016\/04\/1-6-300x84.jpg 300w, https:\/\/urbeamea.ro\/albaiulia\/wp-content\/uploads\/2016\/04\/1-6-768x216.jpg 768w, https:\/\/urbeamea.ro\/albaiulia\/wp-content\/uploads\/2016\/04\/1-6-1024x288.jpg 1024w, https:\/\/urbeamea.ro\/albaiulia\/wp-content\/uploads\/2016\/04\/1-6.jpg 1280w\" sizes=\"auto, (max-width: 150px) 100vw, 150px\" data-src=\"https:\/\/urbeamea.ro\/albaiulia\/wp-content\/uploads\/2016\/04\/1-6-150x42.jpg\" loading=\"lazy\" \/><\/a>\n\t\t\t<\/div><\/figure><figure class='gallery-item'>\n\t\t\t<div class='gallery-icon landscape'>\n\t\t\t\t<a href='https:\/\/urbeamea.ro\/albaiulia\/wp-content\/uploads\/2016\/04\/1-7.jpg'><img decoding=\"async\" width=\"150\" height=\"76\" src=\"data:image\/png;base64,iVBORw0KGgoAAAANSUhEUgAAAYYAAADcAQMAAABOLJSDAAAAA1BMVEUAAACnej3aAAAAAXRSTlMAQObYZgAAACJJREFUaIHtwTEBAAAAwqD1T20ND6AAAAAAAAAAAAAA4N8AKvgAAUFIrrEAAAAASUVORK5CYII=\" class=\"attachment-thumbnail size-thumbnail lazy-img\" alt=\"\" srcset=\"https:\/\/urbeamea.ro\/albaiulia\/wp-content\/uploads\/2016\/04\/1-7-150x76.jpg 150w, https:\/\/urbeamea.ro\/albaiulia\/wp-content\/uploads\/2016\/04\/1-7-300x151.jpg 300w, https:\/\/urbeamea.ro\/albaiulia\/wp-content\/uploads\/2016\/04\/1-7-768x388.jpg 768w, https:\/\/urbeamea.ro\/albaiulia\/wp-content\/uploads\/2016\/04\/1-7-1024x517.jpg 1024w, https:\/\/urbeamea.ro\/albaiulia\/wp-content\/uploads\/2016\/04\/1-7.jpg 1280w\" sizes=\"auto, (max-width: 150px) 100vw, 150px\" data-src=\"https:\/\/urbeamea.ro\/albaiulia\/wp-content\/uploads\/2016\/04\/1-7-150x76.jpg\" loading=\"lazy\" \/><\/a>\n\t\t\t<\/div><\/figure>\n\t\t<\/div>\n\n","protected":false},"excerpt":{"rendered":"<p>Timp de dou\u0103 zile, \u00een 19 \u0219i 21 aprilie, peste 80 de persoane, poten\u021biali solicitan\u021bi de fonduri nerambursabile, au participat la dou\u0103 seminarii organizate de c\u0103tre ADR Centru, la Sibiu \u0219i T\u00e2rgu Mure\u0219, pentru lansarea Priorit\u0103\u021bii de Investi\u021bii 5.1. Cele peste 33 de milioane de euro fonduri europene nerambursabile disponibile la nivelul Regiunii Centru pentru &hellip;<\/p>\n","protected":false},"author":17,"featured_media":22918,"comment_status":"open","ping_status":"open","sticky":false,"template":"","format":"standard","meta":{"inline_featured_image":false,"footnotes":""},"categories":[2035],"tags":[343,307,1227,4100,4044,4736,308,4737,76],"class_list":["post-22915","post","type-post","status-publish","format-standard","has-post-thumbnail","hentry","category-administratie","tag-adr-centru","tag-alba","tag-fonduri-nerambursabile","tag-obiective-de-patrimoniu","tag-ong-uri","tag-seminarii","tag-stiri","tag-unitati-de-cult","tag-urbea-mea"],"yoast_head":"<!-- This site is optimized with the Yoast SEO plugin v27.4 - https:\/\/yoast.com\/product\/yoast-seo-wordpress\/ -->\n<title>Primari, clerici, ONG-uri \u015fi \u00eentreprinz\u0103tori au participat la discu\u021bii despre fondurile nerambursabile pentru reabilitarea obiectivelor de patrimoniu - Revista Urbea Mea - Revista de Alba<\/title>\n<meta name=\"description\" content=\"Timp de dou\u0103 zile, \u00een 19 \u0219i 21 aprilie, peste 80 de persoane, poten\u021biali solicitan\u021bi de fonduri nerambursabile, au participat la dou\u0103 seminarii organizate\" \/>\n<meta name=\"robots\" content=\"index, follow, max-snippet:-1, max-image-preview:large, max-video-preview:-1\" \/>\n<link rel=\"canonical\" href=\"https:\/\/urbeamea.ro\/albaiulia\/primari-clerici-ong-uri-si-intreprinzatori-au-participat-la-discutii-despre-fondurile-nerambursabile-pentru-reabilitarea-obiectivelor-de-patrimoniu\/\" \/>\n<meta name=\"twitter:card\" content=\"summary_large_image\" \/>\n<meta name=\"twitter:title\" content=\"Primari, clerici, ONG-uri \u015fi \u00eentreprinz\u0103tori au participat la discu\u021bii despre fondurile nerambursabile pentru reabilitarea obiectivelor de patrimoniu - Revista Urbea Mea - Revista de Alba\" \/>\n<meta name=\"twitter:description\" content=\"Timp de dou\u0103 zile, \u00een 19 \u0219i 21 aprilie, peste 80 de persoane, poten\u021biali solicitan\u021bi de fonduri nerambursabile, au participat la dou\u0103 seminarii organizate\" \/>\n<meta name=\"twitter:image\" content=\"https:\/\/urbeamea.ro\/albaiulia\/wp-content\/uploads\/2016\/04\/1-4.jpg\" \/>\n<meta name=\"twitter:creator\" content=\"@urbeameaweb\" \/>\n<meta name=\"twitter:site\" content=\"@urbeameaweb\" \/>\n<script type=\"application\/ld+json\" class=\"yoast-schema-graph\">{\"@context\":\"https:\\\/\\\/schema.org\",\"@graph\":[{\"@type\":\"Article\",\"@id\":\"https:\\\/\\\/urbeamea.ro\\\/albaiulia\\\/primari-clerici-ong-uri-si-intreprinzatori-au-participat-la-discutii-despre-fondurile-nerambursabile-pentru-reabilitarea-obiectivelor-de-patrimoniu\\\/#article\",\"isPartOf\":{\"@id\":\"https:\\\/\\\/urbeamea.ro\\\/albaiulia\\\/primari-clerici-ong-uri-si-intreprinzatori-au-participat-la-discutii-despre-fondurile-nerambursabile-pentru-reabilitarea-obiectivelor-de-patrimoniu\\\/\"},\"author\":{\"name\":\"Cristina Ganga\",\"@id\":\"https:\\\/\\\/urbeamea.ro\\\/albaiulia\\\/#\\\/schema\\\/person\\\/9700d21fae21c4f038b0b56f4506264a\"},\"headline\":\"Primari, clerici, ONG-uri \u015fi \u00eentreprinz\u0103tori au participat la discu\u021bii despre fondurile nerambursabile pentru reabilitarea obiectivelor de patrimoniu\",\"datePublished\":\"2016-04-23T07:20:28+00:00\",\"mainEntityOfPage\":{\"@id\":\"https:\\\/\\\/urbeamea.ro\\\/albaiulia\\\/primari-clerici-ong-uri-si-intreprinzatori-au-participat-la-discutii-despre-fondurile-nerambursabile-pentru-reabilitarea-obiectivelor-de-patrimoniu\\\/\"},\"wordCount\":674,\"commentCount\":0,\"image\":{\"@id\":\"https:\\\/\\\/urbeamea.ro\\\/albaiulia\\\/primari-clerici-ong-uri-si-intreprinzatori-au-participat-la-discutii-despre-fondurile-nerambursabile-pentru-reabilitarea-obiectivelor-de-patrimoniu\\\/#primaryimage\"},\"thumbnailUrl\":\"https:\\\/\\\/urbeamea.ro\\\/albaiulia\\\/wp-content\\\/uploads\\\/2016\\\/04\\\/1-4.jpg\",\"keywords\":[\"ADR Centru\",\"alba\",\"fonduri nerambursabile\",\"obiective de patrimoniu\",\"ONG-uri\",\"seminarii\",\"stiri\",\"unitati de cult\",\"Urbea Mea\"],\"articleSection\":[\"Administra\u021bie\"],\"inLanguage\":\"ro-RO\",\"potentialAction\":[{\"@type\":\"CommentAction\",\"name\":\"Comment\",\"target\":[\"https:\\\/\\\/urbeamea.ro\\\/albaiulia\\\/primari-clerici-ong-uri-si-intreprinzatori-au-participat-la-discutii-despre-fondurile-nerambursabile-pentru-reabilitarea-obiectivelor-de-patrimoniu\\\/#respond\"]}]},{\"@type\":\"WebPage\",\"@id\":\"https:\\\/\\\/urbeamea.ro\\\/albaiulia\\\/primari-clerici-ong-uri-si-intreprinzatori-au-participat-la-discutii-despre-fondurile-nerambursabile-pentru-reabilitarea-obiectivelor-de-patrimoniu\\\/\",\"url\":\"https:\\\/\\\/urbeamea.ro\\\/albaiulia\\\/primari-clerici-ong-uri-si-intreprinzatori-au-participat-la-discutii-despre-fondurile-nerambursabile-pentru-reabilitarea-obiectivelor-de-patrimoniu\\\/\",\"name\":\"Primari, clerici, ONG-uri \u015fi \u00eentreprinz\u0103tori au participat la discu\u021bii despre fondurile nerambursabile pentru reabilitarea obiectivelor de patrimoniu - Revista Urbea Mea - Revista de Alba\",\"isPartOf\":{\"@id\":\"https:\\\/\\\/urbeamea.ro\\\/albaiulia\\\/#website\"},\"primaryImageOfPage\":{\"@id\":\"https:\\\/\\\/urbeamea.ro\\\/albaiulia\\\/primari-clerici-ong-uri-si-intreprinzatori-au-participat-la-discutii-despre-fondurile-nerambursabile-pentru-reabilitarea-obiectivelor-de-patrimoniu\\\/#primaryimage\"},\"image\":{\"@id\":\"https:\\\/\\\/urbeamea.ro\\\/albaiulia\\\/primari-clerici-ong-uri-si-intreprinzatori-au-participat-la-discutii-despre-fondurile-nerambursabile-pentru-reabilitarea-obiectivelor-de-patrimoniu\\\/#primaryimage\"},\"thumbnailUrl\":\"https:\\\/\\\/urbeamea.ro\\\/albaiulia\\\/wp-content\\\/uploads\\\/2016\\\/04\\\/1-4.jpg\",\"datePublished\":\"2016-04-23T07:20:28+00:00\",\"author\":{\"@id\":\"https:\\\/\\\/urbeamea.ro\\\/albaiulia\\\/#\\\/schema\\\/person\\\/9700d21fae21c4f038b0b56f4506264a\"},\"description\":\"Timp de dou\u0103 zile, \u00een 19 \u0219i 21 aprilie, peste 80 de persoane, poten\u021biali solicitan\u021bi de fonduri nerambursabile, au participat la dou\u0103 seminarii organizate\",\"breadcrumb\":{\"@id\":\"https:\\\/\\\/urbeamea.ro\\\/albaiulia\\\/primari-clerici-ong-uri-si-intreprinzatori-au-participat-la-discutii-despre-fondurile-nerambursabile-pentru-reabilitarea-obiectivelor-de-patrimoniu\\\/#breadcrumb\"},\"inLanguage\":\"ro-RO\",\"potentialAction\":[{\"@type\":\"ReadAction\",\"target\":[\"https:\\\/\\\/urbeamea.ro\\\/albaiulia\\\/primari-clerici-ong-uri-si-intreprinzatori-au-participat-la-discutii-despre-fondurile-nerambursabile-pentru-reabilitarea-obiectivelor-de-patrimoniu\\\/\"]}]},{\"@type\":\"ImageObject\",\"inLanguage\":\"ro-RO\",\"@id\":\"https:\\\/\\\/urbeamea.ro\\\/albaiulia\\\/primari-clerici-ong-uri-si-intreprinzatori-au-participat-la-discutii-despre-fondurile-nerambursabile-pentru-reabilitarea-obiectivelor-de-patrimoniu\\\/#primaryimage\",\"url\":\"https:\\\/\\\/urbeamea.ro\\\/albaiulia\\\/wp-content\\\/uploads\\\/2016\\\/04\\\/1-4.jpg\",\"contentUrl\":\"https:\\\/\\\/urbeamea.ro\\\/albaiulia\\\/wp-content\\\/uploads\\\/2016\\\/04\\\/1-4.jpg\",\"width\":1280,\"height\":769},{\"@type\":\"BreadcrumbList\",\"@id\":\"https:\\\/\\\/urbeamea.ro\\\/albaiulia\\\/primari-clerici-ong-uri-si-intreprinzatori-au-participat-la-discutii-despre-fondurile-nerambursabile-pentru-reabilitarea-obiectivelor-de-patrimoniu\\\/#breadcrumb\",\"itemListElement\":[{\"@type\":\"ListItem\",\"position\":1,\"name\":\"Prima pagin\u0103\",\"item\":\"https:\\\/\\\/urbeamea.ro\\\/albaiulia\\\/\"},{\"@type\":\"ListItem\",\"position\":2,\"name\":\"Primari, clerici, ONG-uri \u015fi \u00eentreprinz\u0103tori au participat la discu\u021bii despre fondurile nerambursabile pentru reabilitarea obiectivelor de patrimoniu\"}]},{\"@type\":\"WebSite\",\"@id\":\"https:\\\/\\\/urbeamea.ro\\\/albaiulia\\\/#website\",\"url\":\"https:\\\/\\\/urbeamea.ro\\\/albaiulia\\\/\",\"name\":\"Revista Urbea Mea, Stiri urbane\",\"description\":\"Evenimente \u0219i \u0219tiri din Alba Iulia, Sebe\u0219, Aiud, Blaj\",\"potentialAction\":[{\"@type\":\"SearchAction\",\"target\":{\"@type\":\"EntryPoint\",\"urlTemplate\":\"https:\\\/\\\/urbeamea.ro\\\/albaiulia\\\/?s={search_term_string}\"},\"query-input\":{\"@type\":\"PropertyValueSpecification\",\"valueRequired\":true,\"valueName\":\"search_term_string\"}}],\"inLanguage\":\"ro-RO\"},{\"@type\":\"Person\",\"@id\":\"https:\\\/\\\/urbeamea.ro\\\/albaiulia\\\/#\\\/schema\\\/person\\\/9700d21fae21c4f038b0b56f4506264a\",\"name\":\"Cristina Ganga\",\"image\":{\"@type\":\"ImageObject\",\"inLanguage\":\"ro-RO\",\"@id\":\"https:\\\/\\\/secure.gravatar.com\\\/avatar\\\/5a67661041f057b4a8ccaf26f5a8e86e2689372006d01faf3dd9eeb10b654bb4?s=96&d=mm&r=g\",\"url\":\"https:\\\/\\\/secure.gravatar.com\\\/avatar\\\/5a67661041f057b4a8ccaf26f5a8e86e2689372006d01faf3dd9eeb10b654bb4?s=96&d=mm&r=g\",\"contentUrl\":\"https:\\\/\\\/secure.gravatar.com\\\/avatar\\\/5a67661041f057b4a8ccaf26f5a8e86e2689372006d01faf3dd9eeb10b654bb4?s=96&d=mm&r=g\",\"caption\":\"Cristina Ganga\"},\"description\":\"Jurnalist\",\"sameAs\":[\"https:\\\/\\\/www.facebook.com\\\/cristina.nicola.587\"],\"url\":\"https:\\\/\\\/urbeamea.ro\\\/albaiulia\\\/author\\\/cristina-nicola\\\/\"}]}<\/script>\n<!-- \/ Yoast SEO plugin. -->","yoast_head_json":{"title":"Primari, clerici, ONG-uri \u015fi \u00eentreprinz\u0103tori au participat la discu\u021bii despre fondurile nerambursabile pentru reabilitarea obiectivelor de patrimoniu - Revista Urbea Mea - Revista de Alba","description":"Timp de dou\u0103 zile, \u00een 19 \u0219i 21 aprilie, peste 80 de persoane, poten\u021biali solicitan\u021bi de fonduri nerambursabile, au participat la dou\u0103 seminarii organizate","robots":{"index":"index","follow":"follow","max-snippet":"max-snippet:-1","max-image-preview":"max-image-preview:large","max-video-preview":"max-video-preview:-1"},"canonical":"https:\/\/urbeamea.ro\/albaiulia\/primari-clerici-ong-uri-si-intreprinzatori-au-participat-la-discutii-despre-fondurile-nerambursabile-pentru-reabilitarea-obiectivelor-de-patrimoniu\/","twitter_card":"summary_large_image","twitter_title":"Primari, clerici, ONG-uri \u015fi \u00eentreprinz\u0103tori au participat la discu\u021bii despre fondurile nerambursabile pentru reabilitarea obiectivelor de patrimoniu - Revista Urbea Mea - Revista de Alba","twitter_description":"Timp de dou\u0103 zile, \u00een 19 \u0219i 21 aprilie, peste 80 de persoane, poten\u021biali solicitan\u021bi de fonduri nerambursabile, au participat la dou\u0103 seminarii organizate","twitter_image":"https:\/\/urbeamea.ro\/albaiulia\/wp-content\/uploads\/2016\/04\/1-4.jpg","twitter_creator":"@urbeameaweb","twitter_site":"@urbeameaweb","schema":{"@context":"https:\/\/schema.org","@graph":[{"@type":"Article","@id":"https:\/\/urbeamea.ro\/albaiulia\/primari-clerici-ong-uri-si-intreprinzatori-au-participat-la-discutii-despre-fondurile-nerambursabile-pentru-reabilitarea-obiectivelor-de-patrimoniu\/#article","isPartOf":{"@id":"https:\/\/urbeamea.ro\/albaiulia\/primari-clerici-ong-uri-si-intreprinzatori-au-participat-la-discutii-despre-fondurile-nerambursabile-pentru-reabilitarea-obiectivelor-de-patrimoniu\/"},"author":{"name":"Cristina Ganga","@id":"https:\/\/urbeamea.ro\/albaiulia\/#\/schema\/person\/9700d21fae21c4f038b0b56f4506264a"},"headline":"Primari, clerici, ONG-uri \u015fi \u00eentreprinz\u0103tori au participat la discu\u021bii despre fondurile nerambursabile pentru reabilitarea obiectivelor de patrimoniu","datePublished":"2016-04-23T07:20:28+00:00","mainEntityOfPage":{"@id":"https:\/\/urbeamea.ro\/albaiulia\/primari-clerici-ong-uri-si-intreprinzatori-au-participat-la-discutii-despre-fondurile-nerambursabile-pentru-reabilitarea-obiectivelor-de-patrimoniu\/"},"wordCount":674,"commentCount":0,"image":{"@id":"https:\/\/urbeamea.ro\/albaiulia\/primari-clerici-ong-uri-si-intreprinzatori-au-participat-la-discutii-despre-fondurile-nerambursabile-pentru-reabilitarea-obiectivelor-de-patrimoniu\/#primaryimage"},"thumbnailUrl":"https:\/\/urbeamea.ro\/albaiulia\/wp-content\/uploads\/2016\/04\/1-4.jpg","keywords":["ADR Centru","alba","fonduri nerambursabile","obiective de patrimoniu","ONG-uri","seminarii","stiri","unitati de cult","Urbea Mea"],"articleSection":["Administra\u021bie"],"inLanguage":"ro-RO","potentialAction":[{"@type":"CommentAction","name":"Comment","target":["https:\/\/urbeamea.ro\/albaiulia\/primari-clerici-ong-uri-si-intreprinzatori-au-participat-la-discutii-despre-fondurile-nerambursabile-pentru-reabilitarea-obiectivelor-de-patrimoniu\/#respond"]}]},{"@type":"WebPage","@id":"https:\/\/urbeamea.ro\/albaiulia\/primari-clerici-ong-uri-si-intreprinzatori-au-participat-la-discutii-despre-fondurile-nerambursabile-pentru-reabilitarea-obiectivelor-de-patrimoniu\/","url":"https:\/\/urbeamea.ro\/albaiulia\/primari-clerici-ong-uri-si-intreprinzatori-au-participat-la-discutii-despre-fondurile-nerambursabile-pentru-reabilitarea-obiectivelor-de-patrimoniu\/","name":"Primari, clerici, ONG-uri \u015fi \u00eentreprinz\u0103tori au participat la discu\u021bii despre fondurile nerambursabile pentru reabilitarea obiectivelor de patrimoniu - Revista Urbea Mea - Revista de Alba","isPartOf":{"@id":"https:\/\/urbeamea.ro\/albaiulia\/#website"},"primaryImageOfPage":{"@id":"https:\/\/urbeamea.ro\/albaiulia\/primari-clerici-ong-uri-si-intreprinzatori-au-participat-la-discutii-despre-fondurile-nerambursabile-pentru-reabilitarea-obiectivelor-de-patrimoniu\/#primaryimage"},"image":{"@id":"https:\/\/urbeamea.ro\/albaiulia\/primari-clerici-ong-uri-si-intreprinzatori-au-participat-la-discutii-despre-fondurile-nerambursabile-pentru-reabilitarea-obiectivelor-de-patrimoniu\/#primaryimage"},"thumbnailUrl":"https:\/\/urbeamea.ro\/albaiulia\/wp-content\/uploads\/2016\/04\/1-4.jpg","datePublished":"2016-04-23T07:20:28+00:00","author":{"@id":"https:\/\/urbeamea.ro\/albaiulia\/#\/schema\/person\/9700d21fae21c4f038b0b56f4506264a"},"description":"Timp de dou\u0103 zile, \u00een 19 \u0219i 21 aprilie, peste 80 de persoane, poten\u021biali solicitan\u021bi de fonduri nerambursabile, au participat la dou\u0103 seminarii organizate","breadcrumb":{"@id":"https:\/\/urbeamea.ro\/albaiulia\/primari-clerici-ong-uri-si-intreprinzatori-au-participat-la-discutii-despre-fondurile-nerambursabile-pentru-reabilitarea-obiectivelor-de-patrimoniu\/#breadcrumb"},"inLanguage":"ro-RO","potentialAction":[{"@type":"ReadAction","target":["https:\/\/urbeamea.ro\/albaiulia\/primari-clerici-ong-uri-si-intreprinzatori-au-participat-la-discutii-despre-fondurile-nerambursabile-pentru-reabilitarea-obiectivelor-de-patrimoniu\/"]}]},{"@type":"ImageObject","inLanguage":"ro-RO","@id":"https:\/\/urbeamea.ro\/albaiulia\/primari-clerici-ong-uri-si-intreprinzatori-au-participat-la-discutii-despre-fondurile-nerambursabile-pentru-reabilitarea-obiectivelor-de-patrimoniu\/#primaryimage","url":"https:\/\/urbeamea.ro\/albaiulia\/wp-content\/uploads\/2016\/04\/1-4.jpg","contentUrl":"https:\/\/urbeamea.ro\/albaiulia\/wp-content\/uploads\/2016\/04\/1-4.jpg","width":1280,"height":769},{"@type":"BreadcrumbList","@id":"https:\/\/urbeamea.ro\/albaiulia\/primari-clerici-ong-uri-si-intreprinzatori-au-participat-la-discutii-despre-fondurile-nerambursabile-pentru-reabilitarea-obiectivelor-de-patrimoniu\/#breadcrumb","itemListElement":[{"@type":"ListItem","position":1,"name":"Prima pagin\u0103","item":"https:\/\/urbeamea.ro\/albaiulia\/"},{"@type":"ListItem","position":2,"name":"Primari, clerici, ONG-uri \u015fi \u00eentreprinz\u0103tori au participat la discu\u021bii despre fondurile nerambursabile pentru reabilitarea obiectivelor de patrimoniu"}]},{"@type":"WebSite","@id":"https:\/\/urbeamea.ro\/albaiulia\/#website","url":"https:\/\/urbeamea.ro\/albaiulia\/","name":"Revista Urbea Mea, Stiri urbane","description":"Evenimente \u0219i \u0219tiri din Alba Iulia, Sebe\u0219, Aiud, Blaj","potentialAction":[{"@type":"SearchAction","target":{"@type":"EntryPoint","urlTemplate":"https:\/\/urbeamea.ro\/albaiulia\/?s={search_term_string}"},"query-input":{"@type":"PropertyValueSpecification","valueRequired":true,"valueName":"search_term_string"}}],"inLanguage":"ro-RO"},{"@type":"Person","@id":"https:\/\/urbeamea.ro\/albaiulia\/#\/schema\/person\/9700d21fae21c4f038b0b56f4506264a","name":"Cristina Ganga","image":{"@type":"ImageObject","inLanguage":"ro-RO","@id":"https:\/\/secure.gravatar.com\/avatar\/5a67661041f057b4a8ccaf26f5a8e86e2689372006d01faf3dd9eeb10b654bb4?s=96&d=mm&r=g","url":"https:\/\/secure.gravatar.com\/avatar\/5a67661041f057b4a8ccaf26f5a8e86e2689372006d01faf3dd9eeb10b654bb4?s=96&d=mm&r=g","contentUrl":"https:\/\/secure.gravatar.com\/avatar\/5a67661041f057b4a8ccaf26f5a8e86e2689372006d01faf3dd9eeb10b654bb4?s=96&d=mm&r=g","caption":"Cristina Ganga"},"description":"Jurnalist","sameAs":["https:\/\/www.facebook.com\/cristina.nicola.587"],"url":"https:\/\/urbeamea.ro\/albaiulia\/author\/cristina-nicola\/"}]}},"_links":{"self":[{"href":"https:\/\/urbeamea.ro\/albaiulia\/wp-json\/wp\/v2\/posts\/22915","targetHints":{"allow":["GET"]}}],"collection":[{"href":"https:\/\/urbeamea.ro\/albaiulia\/wp-json\/wp\/v2\/posts"}],"about":[{"href":"https:\/\/urbeamea.ro\/albaiulia\/wp-json\/wp\/v2\/types\/post"}],"author":[{"embeddable":true,"href":"https:\/\/urbeamea.ro\/albaiulia\/wp-json\/wp\/v2\/users\/17"}],"replies":[{"embeddable":true,"href":"https:\/\/urbeamea.ro\/albaiulia\/wp-json\/wp\/v2\/comments?post=22915"}],"version-history":[{"count":0,"href":"https:\/\/urbeamea.ro\/albaiulia\/wp-json\/wp\/v2\/posts\/22915\/revisions"}],"wp:featuredmedia":[{"embeddable":true,"href":"https:\/\/urbeamea.ro\/albaiulia\/wp-json\/wp\/v2\/media\/22918"}],"wp:attachment":[{"href":"https:\/\/urbeamea.ro\/albaiulia\/wp-json\/wp\/v2\/media?parent=22915"}],"wp:term":[{"taxonomy":"category","embeddable":true,"href":"https:\/\/urbeamea.ro\/albaiulia\/wp-json\/wp\/v2\/categories?post=22915"},{"taxonomy":"post_tag","embeddable":true,"href":"https:\/\/urbeamea.ro\/albaiulia\/wp-json\/wp\/v2\/tags?post=22915"}],"curies":[{"name":"wp","href":"https:\/\/api.w.org\/{rel}","templated":true}]}}