{"id":22923,"date":"2016-04-23T10:23:08","date_gmt":"2016-04-23T07:23:08","guid":{"rendered":"http:\/\/urbeamea.ro\/albaiulia\/?p=22923"},"modified":"2016-04-23T10:23:08","modified_gmt":"2016-04-23T07:23:08","slug":"peste-130-de-politisti-din-alba-vor-fi-la-datorie-si-de-florii","status":"publish","type":"post","link":"https:\/\/urbeamea.ro\/albaiulia\/peste-130-de-politisti-din-alba-vor-fi-la-datorie-si-de-florii\/","title":{"rendered":"Peste 130 de poli\u021bi\u0219ti din Alba vor fi la datorie \u0219i de Florii"},"content":{"rendered":"<p><span lang=\"ro-RO\"><strong><img loading=\"lazy\" decoding=\"async\" class=\"size-medium wp-image-19634 alignleft\" src=\"http:\/\/urbeamea.ro\/albaiulia\/wp-content\/uploads\/2016\/03\/politie_trafic-300x200.jpg\" alt=\"politie_trafic\" width=\"300\" height=\"200\" \/>\u00cen vederea bunei desf\u0103\u0219ur\u0103ri a manifest\u0103rilor prilejuite de S\u0103rb\u0103toarea Floriilor Ortodoxe, Inspectoratul de Poli\u0163ie Jude\u0163ean Alba anun\u0163\u0103 c\u0103 a luat m\u0103surile necesare pentru prevenirea incidentelor. Vor fi suplimentate efectivele de siguran\u0163\u0103 public\u0103 \u015fi va fi asigurat\u0103 prezen\u0163a echipajelor de poli\u0163ie rutier\u0103 pe principalele drumuri pe care se preconizeaz\u0103 cre\u015fteri ale valorilor de trafic.<\/strong><\/span><\/p>\n<p><span lang=\"ro-RO\">\u00cen perioada 23 \u2013 24 aprilie, poli\u0163i\u015ftii din jude\u0163ul Alba vor intensifica ac\u0163iunile ce vizeaz\u0103 prevenirea \u015fi descurajarea oric\u0103ror evenimente care ar putea afecta lini\u015ftea cet\u0103\u0163enilor.<\/span><\/p>\n<p><span lang=\"ro-RO\">Astfel, 136 de poli\u0163i\u015fti de la ordine public\u0103, rutier\u0103, investiga\u021bii criminale, investigare a criminalit\u0103\u0163ii economice al\u0103turi de poli\u0163i\u015fti din alte structuri, se vor afla \u00een strad\u0103, \u00een dispozitive mixte de ordine \u015fi siguran\u0163\u0103 public\u0103, precum \u015fi \u00een proximitatea l\u0103ca\u015furilor de cult sau de desf\u0103\u015furare a manifest\u0103rilor publice circumscrise acestor s\u0103rb\u0103tori. \u00cen activit\u0103\u0163ile de patrulare vor fi folosite, zilnic 60 de mijloace auto.<\/span><\/p>\n<p>Activit\u0103\u0163ile vor fi desf\u0103\u015furate \u00een sistem integrat, \u00eempreun\u0103 cu celelalte institu\u0163ii cu atribu\u0163ii \u00een asigurarea ordinii \u015fi lini\u015ftii publice.<\/p>\n<p><span lang=\"ro-RO\">Pe drumurile publice, pe principalele artere din zonele turistice, pe traseele de acces c\u0103tre aceste zone, precum \u015fi \u00een zona l\u0103ca\u015felor de cult religios, poli\u0163i\u015ftii de la rutier\u0103 vor ac\u0163iona pentru men\u0163inerea fluen\u0163ei \u015fi prevenirea producerii unor evenimente grave, \u00een general a celor generate de excesul de vitez\u0103, iar 8 aparate radar vor ac\u0163iona zilnic, la capacitate maxim\u0103.<\/span><\/p>\n<p><span lang=\"ro-RO\">Inspectoratul de Poli\u0163ie Jude\u0163ean Alba, prin efectivele de care dispune, este preg\u0103tit s\u0103 r\u0103spund\u0103 prompt la orice sesizare sau reclama\u0163ie a cet\u0103\u0163enilor, pentru asigurarea unui climat de siguran\u0163\u0103 corespunz\u0103tor pe perioada S\u0103rb\u0103torii Floriilor.<\/span><\/p>\n","protected":false},"excerpt":{"rendered":"<p>\u00cen vederea bunei desf\u0103\u0219ur\u0103ri a manifest\u0103rilor prilejuite de S\u0103rb\u0103toarea Floriilor Ortodoxe, Inspectoratul de Poli\u0163ie Jude\u0163ean Alba anun\u0163\u0103 c\u0103 a luat m\u0103surile necesare pentru prevenirea incidentelor. Vor fi suplimentate efectivele de siguran\u0163\u0103 public\u0103 \u015fi va fi asigurat\u0103 prezen\u0163a echipajelor de poli\u0163ie rutier\u0103 pe principalele drumuri pe care se preconizeaz\u0103 cre\u015fteri ale valorilor de trafic. \u00cen perioada &hellip;<\/p>\n","protected":false},"author":17,"featured_media":20987,"comment_status":"open","ping_status":"open","sticky":false,"template":"","format":"standard","meta":{"inline_featured_image":false,"footnotes":""},"categories":[2034],"tags":[307,596,4738,754,752,439,458,4739,308,957,76],"class_list":["post-22923","post","type-post","status-publish","format-standard","has-post-thumbnail","hentry","category-social","tag-alba","tag-echipaje","tag-florii","tag-ordine-publica","tag-politia-rutiera","tag-politie","tag-politisti","tag-prevenirea-incidentelor","tag-stiri","tag-trafic","tag-urbea-mea"],"yoast_head":"<!-- This site is optimized with the Yoast SEO plugin v27.4 - https:\/\/yoast.com\/product\/yoast-seo-wordpress\/ -->\n<title>Peste 130 de poli\u021bi\u0219ti din Alba vor fi la datorie \u0219i de Florii - Revista Urbea Mea - Revista de Alba<\/title>\n<meta name=\"description\" content=\"\u00cen vederea bunei desf\u0103\u0219ur\u0103ri a manifest\u0103rilor prilejuite de S\u0103rb\u0103toarea Floriilor Ortodoxe, Inspectoratul de Poli\u0163ie Jude\u0163ean Alba anun\u0163\u0103 c\u0103 a luat\" \/>\n<meta name=\"robots\" content=\"index, follow, max-snippet:-1, max-image-preview:large, max-video-preview:-1\" \/>\n<link rel=\"canonical\" href=\"https:\/\/urbeamea.ro\/albaiulia\/peste-130-de-politisti-din-alba-vor-fi-la-datorie-si-de-florii\/\" \/>\n<meta name=\"twitter:card\" content=\"summary_large_image\" \/>\n<meta name=\"twitter:title\" content=\"Peste 130 de poli\u021bi\u0219ti din Alba vor fi la datorie \u0219i de Florii - Revista Urbea Mea - Revista de Alba\" \/>\n<meta name=\"twitter:description\" content=\"\u00cen vederea bunei desf\u0103\u0219ur\u0103ri a manifest\u0103rilor prilejuite de S\u0103rb\u0103toarea Floriilor Ortodoxe, Inspectoratul de Poli\u0163ie Jude\u0163ean Alba anun\u0163\u0103 c\u0103 a luat\" \/>\n<meta name=\"twitter:image\" content=\"https:\/\/urbeamea.ro\/albaiulia\/wp-content\/uploads\/2016\/04\/politie_trafic.jpg\" \/>\n<meta name=\"twitter:creator\" content=\"@urbeameaweb\" \/>\n<meta name=\"twitter:site\" content=\"@urbeameaweb\" \/>\n<script type=\"application\/ld+json\" class=\"yoast-schema-graph\">{\"@context\":\"https:\\\/\\\/schema.org\",\"@graph\":[{\"@type\":\"Article\",\"@id\":\"https:\\\/\\\/urbeamea.ro\\\/albaiulia\\\/peste-130-de-politisti-din-alba-vor-fi-la-datorie-si-de-florii\\\/#article\",\"isPartOf\":{\"@id\":\"https:\\\/\\\/urbeamea.ro\\\/albaiulia\\\/peste-130-de-politisti-din-alba-vor-fi-la-datorie-si-de-florii\\\/\"},\"author\":{\"name\":\"Cristina Ganga\",\"@id\":\"https:\\\/\\\/urbeamea.ro\\\/albaiulia\\\/#\\\/schema\\\/person\\\/9700d21fae21c4f038b0b56f4506264a\"},\"headline\":\"Peste 130 de poli\u021bi\u0219ti din Alba vor fi la datorie \u0219i de Florii\",\"datePublished\":\"2016-04-23T07:23:08+00:00\",\"mainEntityOfPage\":{\"@id\":\"https:\\\/\\\/urbeamea.ro\\\/albaiulia\\\/peste-130-de-politisti-din-alba-vor-fi-la-datorie-si-de-florii\\\/\"},\"wordCount\":314,\"commentCount\":0,\"image\":{\"@id\":\"https:\\\/\\\/urbeamea.ro\\\/albaiulia\\\/peste-130-de-politisti-din-alba-vor-fi-la-datorie-si-de-florii\\\/#primaryimage\"},\"thumbnailUrl\":\"https:\\\/\\\/urbeamea.ro\\\/albaiulia\\\/wp-content\\\/uploads\\\/2016\\\/04\\\/politie_trafic.jpg\",\"keywords\":[\"alba\",\"echipaje\",\"Florii\",\"ordine publica\",\"politia rutiera\",\"politie\",\"politisti\",\"prevenirea incidentelor\",\"stiri\",\"trafic\",\"Urbea Mea\"],\"articleSection\":[\"Social\"],\"inLanguage\":\"ro-RO\",\"potentialAction\":[{\"@type\":\"CommentAction\",\"name\":\"Comment\",\"target\":[\"https:\\\/\\\/urbeamea.ro\\\/albaiulia\\\/peste-130-de-politisti-din-alba-vor-fi-la-datorie-si-de-florii\\\/#respond\"]}]},{\"@type\":\"WebPage\",\"@id\":\"https:\\\/\\\/urbeamea.ro\\\/albaiulia\\\/peste-130-de-politisti-din-alba-vor-fi-la-datorie-si-de-florii\\\/\",\"url\":\"https:\\\/\\\/urbeamea.ro\\\/albaiulia\\\/peste-130-de-politisti-din-alba-vor-fi-la-datorie-si-de-florii\\\/\",\"name\":\"Peste 130 de poli\u021bi\u0219ti din Alba vor fi la datorie \u0219i de Florii - Revista Urbea Mea - Revista de Alba\",\"isPartOf\":{\"@id\":\"https:\\\/\\\/urbeamea.ro\\\/albaiulia\\\/#website\"},\"primaryImageOfPage\":{\"@id\":\"https:\\\/\\\/urbeamea.ro\\\/albaiulia\\\/peste-130-de-politisti-din-alba-vor-fi-la-datorie-si-de-florii\\\/#primaryimage\"},\"image\":{\"@id\":\"https:\\\/\\\/urbeamea.ro\\\/albaiulia\\\/peste-130-de-politisti-din-alba-vor-fi-la-datorie-si-de-florii\\\/#primaryimage\"},\"thumbnailUrl\":\"https:\\\/\\\/urbeamea.ro\\\/albaiulia\\\/wp-content\\\/uploads\\\/2016\\\/04\\\/politie_trafic.jpg\",\"datePublished\":\"2016-04-23T07:23:08+00:00\",\"author\":{\"@id\":\"https:\\\/\\\/urbeamea.ro\\\/albaiulia\\\/#\\\/schema\\\/person\\\/9700d21fae21c4f038b0b56f4506264a\"},\"description\":\"\u00cen vederea bunei desf\u0103\u0219ur\u0103ri a manifest\u0103rilor prilejuite de S\u0103rb\u0103toarea Floriilor Ortodoxe, Inspectoratul de Poli\u0163ie Jude\u0163ean Alba anun\u0163\u0103 c\u0103 a luat\",\"breadcrumb\":{\"@id\":\"https:\\\/\\\/urbeamea.ro\\\/albaiulia\\\/peste-130-de-politisti-din-alba-vor-fi-la-datorie-si-de-florii\\\/#breadcrumb\"},\"inLanguage\":\"ro-RO\",\"potentialAction\":[{\"@type\":\"ReadAction\",\"target\":[\"https:\\\/\\\/urbeamea.ro\\\/albaiulia\\\/peste-130-de-politisti-din-alba-vor-fi-la-datorie-si-de-florii\\\/\"]}]},{\"@type\":\"ImageObject\",\"inLanguage\":\"ro-RO\",\"@id\":\"https:\\\/\\\/urbeamea.ro\\\/albaiulia\\\/peste-130-de-politisti-din-alba-vor-fi-la-datorie-si-de-florii\\\/#primaryimage\",\"url\":\"https:\\\/\\\/urbeamea.ro\\\/albaiulia\\\/wp-content\\\/uploads\\\/2016\\\/04\\\/politie_trafic.jpg\",\"contentUrl\":\"https:\\\/\\\/urbeamea.ro\\\/albaiulia\\\/wp-content\\\/uploads\\\/2016\\\/04\\\/politie_trafic.jpg\",\"width\":1024,\"height\":682},{\"@type\":\"BreadcrumbList\",\"@id\":\"https:\\\/\\\/urbeamea.ro\\\/albaiulia\\\/peste-130-de-politisti-din-alba-vor-fi-la-datorie-si-de-florii\\\/#breadcrumb\",\"itemListElement\":[{\"@type\":\"ListItem\",\"position\":1,\"name\":\"Prima pagin\u0103\",\"item\":\"https:\\\/\\\/urbeamea.ro\\\/albaiulia\\\/\"},{\"@type\":\"ListItem\",\"position\":2,\"name\":\"Peste 130 de poli\u021bi\u0219ti din Alba vor fi la datorie \u0219i de Florii\"}]},{\"@type\":\"WebSite\",\"@id\":\"https:\\\/\\\/urbeamea.ro\\\/albaiulia\\\/#website\",\"url\":\"https:\\\/\\\/urbeamea.ro\\\/albaiulia\\\/\",\"name\":\"Revista Urbea Mea, Stiri urbane\",\"description\":\"Evenimente \u0219i \u0219tiri din Alba Iulia, Sebe\u0219, Aiud, Blaj\",\"potentialAction\":[{\"@type\":\"SearchAction\",\"target\":{\"@type\":\"EntryPoint\",\"urlTemplate\":\"https:\\\/\\\/urbeamea.ro\\\/albaiulia\\\/?s={search_term_string}\"},\"query-input\":{\"@type\":\"PropertyValueSpecification\",\"valueRequired\":true,\"valueName\":\"search_term_string\"}}],\"inLanguage\":\"ro-RO\"},{\"@type\":\"Person\",\"@id\":\"https:\\\/\\\/urbeamea.ro\\\/albaiulia\\\/#\\\/schema\\\/person\\\/9700d21fae21c4f038b0b56f4506264a\",\"name\":\"Cristina Ganga\",\"image\":{\"@type\":\"ImageObject\",\"inLanguage\":\"ro-RO\",\"@id\":\"https:\\\/\\\/secure.gravatar.com\\\/avatar\\\/5a67661041f057b4a8ccaf26f5a8e86e2689372006d01faf3dd9eeb10b654bb4?s=96&d=mm&r=g\",\"url\":\"https:\\\/\\\/secure.gravatar.com\\\/avatar\\\/5a67661041f057b4a8ccaf26f5a8e86e2689372006d01faf3dd9eeb10b654bb4?s=96&d=mm&r=g\",\"contentUrl\":\"https:\\\/\\\/secure.gravatar.com\\\/avatar\\\/5a67661041f057b4a8ccaf26f5a8e86e2689372006d01faf3dd9eeb10b654bb4?s=96&d=mm&r=g\",\"caption\":\"Cristina Ganga\"},\"description\":\"Jurnalist\",\"sameAs\":[\"https:\\\/\\\/www.facebook.com\\\/cristina.nicola.587\"],\"url\":\"https:\\\/\\\/urbeamea.ro\\\/albaiulia\\\/author\\\/cristina-nicola\\\/\"}]}<\/script>\n<!-- \/ Yoast SEO plugin. -->","yoast_head_json":{"title":"Peste 130 de poli\u021bi\u0219ti din Alba vor fi la datorie \u0219i de Florii - Revista Urbea Mea - Revista de Alba","description":"\u00cen vederea bunei desf\u0103\u0219ur\u0103ri a manifest\u0103rilor prilejuite de S\u0103rb\u0103toarea Floriilor Ortodoxe, Inspectoratul de Poli\u0163ie Jude\u0163ean Alba anun\u0163\u0103 c\u0103 a luat","robots":{"index":"index","follow":"follow","max-snippet":"max-snippet:-1","max-image-preview":"max-image-preview:large","max-video-preview":"max-video-preview:-1"},"canonical":"https:\/\/urbeamea.ro\/albaiulia\/peste-130-de-politisti-din-alba-vor-fi-la-datorie-si-de-florii\/","twitter_card":"summary_large_image","twitter_title":"Peste 130 de poli\u021bi\u0219ti din Alba vor fi la datorie \u0219i de Florii - Revista Urbea Mea - Revista de Alba","twitter_description":"\u00cen vederea bunei desf\u0103\u0219ur\u0103ri a manifest\u0103rilor prilejuite de S\u0103rb\u0103toarea Floriilor Ortodoxe, Inspectoratul de Poli\u0163ie Jude\u0163ean Alba anun\u0163\u0103 c\u0103 a luat","twitter_image":"https:\/\/urbeamea.ro\/albaiulia\/wp-content\/uploads\/2016\/04\/politie_trafic.jpg","twitter_creator":"@urbeameaweb","twitter_site":"@urbeameaweb","schema":{"@context":"https:\/\/schema.org","@graph":[{"@type":"Article","@id":"https:\/\/urbeamea.ro\/albaiulia\/peste-130-de-politisti-din-alba-vor-fi-la-datorie-si-de-florii\/#article","isPartOf":{"@id":"https:\/\/urbeamea.ro\/albaiulia\/peste-130-de-politisti-din-alba-vor-fi-la-datorie-si-de-florii\/"},"author":{"name":"Cristina Ganga","@id":"https:\/\/urbeamea.ro\/albaiulia\/#\/schema\/person\/9700d21fae21c4f038b0b56f4506264a"},"headline":"Peste 130 de poli\u021bi\u0219ti din Alba vor fi la datorie \u0219i de Florii","datePublished":"2016-04-23T07:23:08+00:00","mainEntityOfPage":{"@id":"https:\/\/urbeamea.ro\/albaiulia\/peste-130-de-politisti-din-alba-vor-fi-la-datorie-si-de-florii\/"},"wordCount":314,"commentCount":0,"image":{"@id":"https:\/\/urbeamea.ro\/albaiulia\/peste-130-de-politisti-din-alba-vor-fi-la-datorie-si-de-florii\/#primaryimage"},"thumbnailUrl":"https:\/\/urbeamea.ro\/albaiulia\/wp-content\/uploads\/2016\/04\/politie_trafic.jpg","keywords":["alba","echipaje","Florii","ordine publica","politia rutiera","politie","politisti","prevenirea incidentelor","stiri","trafic","Urbea Mea"],"articleSection":["Social"],"inLanguage":"ro-RO","potentialAction":[{"@type":"CommentAction","name":"Comment","target":["https:\/\/urbeamea.ro\/albaiulia\/peste-130-de-politisti-din-alba-vor-fi-la-datorie-si-de-florii\/#respond"]}]},{"@type":"WebPage","@id":"https:\/\/urbeamea.ro\/albaiulia\/peste-130-de-politisti-din-alba-vor-fi-la-datorie-si-de-florii\/","url":"https:\/\/urbeamea.ro\/albaiulia\/peste-130-de-politisti-din-alba-vor-fi-la-datorie-si-de-florii\/","name":"Peste 130 de poli\u021bi\u0219ti din Alba vor fi la datorie \u0219i de Florii - Revista Urbea Mea - Revista de Alba","isPartOf":{"@id":"https:\/\/urbeamea.ro\/albaiulia\/#website"},"primaryImageOfPage":{"@id":"https:\/\/urbeamea.ro\/albaiulia\/peste-130-de-politisti-din-alba-vor-fi-la-datorie-si-de-florii\/#primaryimage"},"image":{"@id":"https:\/\/urbeamea.ro\/albaiulia\/peste-130-de-politisti-din-alba-vor-fi-la-datorie-si-de-florii\/#primaryimage"},"thumbnailUrl":"https:\/\/urbeamea.ro\/albaiulia\/wp-content\/uploads\/2016\/04\/politie_trafic.jpg","datePublished":"2016-04-23T07:23:08+00:00","author":{"@id":"https:\/\/urbeamea.ro\/albaiulia\/#\/schema\/person\/9700d21fae21c4f038b0b56f4506264a"},"description":"\u00cen vederea bunei desf\u0103\u0219ur\u0103ri a manifest\u0103rilor prilejuite de S\u0103rb\u0103toarea Floriilor Ortodoxe, Inspectoratul de Poli\u0163ie Jude\u0163ean Alba anun\u0163\u0103 c\u0103 a luat","breadcrumb":{"@id":"https:\/\/urbeamea.ro\/albaiulia\/peste-130-de-politisti-din-alba-vor-fi-la-datorie-si-de-florii\/#breadcrumb"},"inLanguage":"ro-RO","potentialAction":[{"@type":"ReadAction","target":["https:\/\/urbeamea.ro\/albaiulia\/peste-130-de-politisti-din-alba-vor-fi-la-datorie-si-de-florii\/"]}]},{"@type":"ImageObject","inLanguage":"ro-RO","@id":"https:\/\/urbeamea.ro\/albaiulia\/peste-130-de-politisti-din-alba-vor-fi-la-datorie-si-de-florii\/#primaryimage","url":"https:\/\/urbeamea.ro\/albaiulia\/wp-content\/uploads\/2016\/04\/politie_trafic.jpg","contentUrl":"https:\/\/urbeamea.ro\/albaiulia\/wp-content\/uploads\/2016\/04\/politie_trafic.jpg","width":1024,"height":682},{"@type":"BreadcrumbList","@id":"https:\/\/urbeamea.ro\/albaiulia\/peste-130-de-politisti-din-alba-vor-fi-la-datorie-si-de-florii\/#breadcrumb","itemListElement":[{"@type":"ListItem","position":1,"name":"Prima pagin\u0103","item":"https:\/\/urbeamea.ro\/albaiulia\/"},{"@type":"ListItem","position":2,"name":"Peste 130 de poli\u021bi\u0219ti din Alba vor fi la datorie \u0219i de Florii"}]},{"@type":"WebSite","@id":"https:\/\/urbeamea.ro\/albaiulia\/#website","url":"https:\/\/urbeamea.ro\/albaiulia\/","name":"Revista Urbea Mea, Stiri urbane","description":"Evenimente \u0219i \u0219tiri din Alba Iulia, Sebe\u0219, Aiud, Blaj","potentialAction":[{"@type":"SearchAction","target":{"@type":"EntryPoint","urlTemplate":"https:\/\/urbeamea.ro\/albaiulia\/?s={search_term_string}"},"query-input":{"@type":"PropertyValueSpecification","valueRequired":true,"valueName":"search_term_string"}}],"inLanguage":"ro-RO"},{"@type":"Person","@id":"https:\/\/urbeamea.ro\/albaiulia\/#\/schema\/person\/9700d21fae21c4f038b0b56f4506264a","name":"Cristina Ganga","image":{"@type":"ImageObject","inLanguage":"ro-RO","@id":"https:\/\/secure.gravatar.com\/avatar\/5a67661041f057b4a8ccaf26f5a8e86e2689372006d01faf3dd9eeb10b654bb4?s=96&d=mm&r=g","url":"https:\/\/secure.gravatar.com\/avatar\/5a67661041f057b4a8ccaf26f5a8e86e2689372006d01faf3dd9eeb10b654bb4?s=96&d=mm&r=g","contentUrl":"https:\/\/secure.gravatar.com\/avatar\/5a67661041f057b4a8ccaf26f5a8e86e2689372006d01faf3dd9eeb10b654bb4?s=96&d=mm&r=g","caption":"Cristina Ganga"},"description":"Jurnalist","sameAs":["https:\/\/www.facebook.com\/cristina.nicola.587"],"url":"https:\/\/urbeamea.ro\/albaiulia\/author\/cristina-nicola\/"}]}},"_links":{"self":[{"href":"https:\/\/urbeamea.ro\/albaiulia\/wp-json\/wp\/v2\/posts\/22923","targetHints":{"allow":["GET"]}}],"collection":[{"href":"https:\/\/urbeamea.ro\/albaiulia\/wp-json\/wp\/v2\/posts"}],"about":[{"href":"https:\/\/urbeamea.ro\/albaiulia\/wp-json\/wp\/v2\/types\/post"}],"author":[{"embeddable":true,"href":"https:\/\/urbeamea.ro\/albaiulia\/wp-json\/wp\/v2\/users\/17"}],"replies":[{"embeddable":true,"href":"https:\/\/urbeamea.ro\/albaiulia\/wp-json\/wp\/v2\/comments?post=22923"}],"version-history":[{"count":0,"href":"https:\/\/urbeamea.ro\/albaiulia\/wp-json\/wp\/v2\/posts\/22923\/revisions"}],"wp:featuredmedia":[{"embeddable":true,"href":"https:\/\/urbeamea.ro\/albaiulia\/wp-json\/wp\/v2\/media\/20987"}],"wp:attachment":[{"href":"https:\/\/urbeamea.ro\/albaiulia\/wp-json\/wp\/v2\/media?parent=22923"}],"wp:term":[{"taxonomy":"category","embeddable":true,"href":"https:\/\/urbeamea.ro\/albaiulia\/wp-json\/wp\/v2\/categories?post=22923"},{"taxonomy":"post_tag","embeddable":true,"href":"https:\/\/urbeamea.ro\/albaiulia\/wp-json\/wp\/v2\/tags?post=22923"}],"curies":[{"name":"wp","href":"https:\/\/api.w.org\/{rel}","templated":true}]}}