{"id":22929,"date":"2016-04-23T17:25:43","date_gmt":"2016-04-23T14:25:43","guid":{"rendered":"http:\/\/urbeamea.ro\/albaiulia\/?p=22929"},"modified":"2016-04-23T17:25:43","modified_gmt":"2016-04-23T14:25:43","slug":"tanar-din-cluj-napoca-gasit-fara-suflare-in-camera-unei-pensiuni-din-alba-iulia","status":"publish","type":"post","link":"https:\/\/urbeamea.ro\/albaiulia\/tanar-din-cluj-napoca-gasit-fara-suflare-in-camera-unei-pensiuni-din-alba-iulia\/","title":{"rendered":"T\u00e2n\u0103r din Cluj-Napoca, g\u0103sit f\u0103r\u0103 suflare \u00een camera unei pensiuni din Alba Iulia"},"content":{"rendered":"<p><strong><img loading=\"lazy\" decoding=\"async\" class=\"size-medium wp-image-19248 alignleft\" src=\"http:\/\/urbeamea.ro\/albaiulia\/wp-content\/uploads\/2016\/03\/decedat-300x205.jpg\" alt=\"decedat\" width=\"300\" height=\"205\" srcset=\"https:\/\/urbeamea.ro\/albaiulia\/wp-content\/uploads\/2016\/03\/decedat-300x205.jpg 300w, https:\/\/urbeamea.ro\/albaiulia\/wp-content\/uploads\/2016\/03\/decedat-150x102.jpg 150w, https:\/\/urbeamea.ro\/albaiulia\/wp-content\/uploads\/2016\/03\/decedat.jpg 440w\" sizes=\"auto, (max-width: 300px) 100vw, 300px\" \/>Un t\u00e2n\u0103r de 31 de ani din Cluj-Napoca a fost g\u0103sit f\u0103r\u0103 via\u021b\u0103, vineri, \u00een camera unei pensiuni din Alba Iulia. \u00cen acest caz, Poli\u0163ia ia \u00een calcul varianta sinuciderii.<\/strong><\/p>\n<p>T\u00e2n\u0103rul a fost g\u0103sit decedat vineri, \u00een jurul orei 11.00, de c\u0103tre personalul pensiunii, alarmat c\u0103 acesta nu mai ie\u015fise din camer\u0103 de dou\u0103 zile. Exist\u0103 suspiciuni de sinucidere, pentru c\u0103 \u00een camer\u0103 au fost g\u0103site mai multe cutii cu medicamente \u015fi alcool, iar pe telefonul victimei erau mesaje adresate unei persoane cunoscute acesteia, \u00een care \u00ee\u015fi exprima inten\u0163ia de a-\u015fi lua via\u0163a.<\/p>\n<p>Corpul ne\u00eensufle\u0163it a fost transportat la Serviciul de Medicin\u0103 Legal\u0103, pentru a se constata cauza exact\u0103 a mor\u0163ii. Pe corpul t\u00e2n\u0103rului nu au fost g\u0103site urme de violen\u0163\u0103.<\/p>\n<p><strong>UPDATE:<\/strong> Este vorba despre C.R.F. (31 de ani), din Cluj-Napoca. Acesta ar fi ingerat pastile de Distonocalm, cu alcool \u015fi Coca Cola.<\/p>\n<p>Revenim cu am\u0103nunte.<\/p>\n","protected":false},"excerpt":{"rendered":"<p>Un t\u00e2n\u0103r de 31 de ani din Cluj-Napoca a fost g\u0103sit f\u0103r\u0103 via\u021b\u0103, vineri, \u00een camera unei pensiuni din Alba Iulia. \u00cen acest caz, Poli\u0163ia ia \u00een calcul varianta sinuciderii. T\u00e2n\u0103rul a fost g\u0103sit decedat vineri, \u00een jurul orei 11.00, de c\u0103tre personalul pensiunii, alarmat c\u0103 acesta nu mai ie\u015fise din camer\u0103 de dou\u0103 zile. &hellip;<\/p>\n","protected":false},"author":17,"featured_media":19248,"comment_status":"open","ping_status":"open","sticky":false,"template":"","format":"standard","meta":{"inline_featured_image":false,"footnotes":""},"categories":[2034],"tags":[31,1364,903,2408,4749,4748,4747,4746,308,2533,76],"class_list":["post-22929","post","type-post","status-publish","format-standard","has-post-thumbnail","hentry","category-social","tag-alba-iulia","tag-alcool","tag-cluj-napoca","tag-decedat","tag-distonocalm","tag-pastile","tag-pensiune","tag-sinucidere","tag-stiri","tag-tanar","tag-urbea-mea"],"yoast_head":"<!-- This site is optimized with the Yoast SEO plugin v27.4 - https:\/\/yoast.com\/product\/yoast-seo-wordpress\/ -->\n<title>T\u00e2n\u0103r din Cluj-Napoca, g\u0103sit f\u0103r\u0103 suflare \u00een camera unei pensiuni din Alba Iulia - Revista Urbea Mea - Revista de Alba<\/title>\n<meta name=\"description\" content=\"Un t\u00e2n\u0103r de 31 de ani din Cluj-Napoca a fost g\u0103sit f\u0103r\u0103 via\u021b\u0103, vineri, \u00een camera unei pensiuni din Alba Iulia. \u00cen acest caz, Poli\u0163ia ia \u00een calcul varianta\" \/>\n<meta name=\"robots\" content=\"index, follow, max-snippet:-1, max-image-preview:large, max-video-preview:-1\" \/>\n<link rel=\"canonical\" href=\"https:\/\/urbeamea.ro\/albaiulia\/tanar-din-cluj-napoca-gasit-fara-suflare-in-camera-unei-pensiuni-din-alba-iulia\/\" \/>\n<meta name=\"twitter:card\" content=\"summary_large_image\" \/>\n<meta name=\"twitter:title\" content=\"T\u00e2n\u0103r din Cluj-Napoca, g\u0103sit f\u0103r\u0103 suflare \u00een camera unei pensiuni din Alba Iulia - Revista Urbea Mea - Revista de Alba\" \/>\n<meta name=\"twitter:description\" content=\"Un t\u00e2n\u0103r de 31 de ani din Cluj-Napoca a fost g\u0103sit f\u0103r\u0103 via\u021b\u0103, vineri, \u00een camera unei pensiuni din Alba Iulia. \u00cen acest caz, Poli\u0163ia ia \u00een calcul varianta\" \/>\n<meta name=\"twitter:image\" content=\"https:\/\/urbeamea.ro\/albaiulia\/wp-content\/uploads\/2016\/03\/decedat.jpg\" \/>\n<meta name=\"twitter:creator\" content=\"@urbeameaweb\" \/>\n<meta name=\"twitter:site\" content=\"@urbeameaweb\" \/>\n<script type=\"application\/ld+json\" class=\"yoast-schema-graph\">{\"@context\":\"https:\\\/\\\/schema.org\",\"@graph\":[{\"@type\":\"Article\",\"@id\":\"https:\\\/\\\/urbeamea.ro\\\/albaiulia\\\/tanar-din-cluj-napoca-gasit-fara-suflare-in-camera-unei-pensiuni-din-alba-iulia\\\/#article\",\"isPartOf\":{\"@id\":\"https:\\\/\\\/urbeamea.ro\\\/albaiulia\\\/tanar-din-cluj-napoca-gasit-fara-suflare-in-camera-unei-pensiuni-din-alba-iulia\\\/\"},\"author\":{\"name\":\"Cristina Ganga\",\"@id\":\"https:\\\/\\\/urbeamea.ro\\\/albaiulia\\\/#\\\/schema\\\/person\\\/9700d21fae21c4f038b0b56f4506264a\"},\"headline\":\"T\u00e2n\u0103r din Cluj-Napoca, g\u0103sit f\u0103r\u0103 suflare \u00een camera unei pensiuni din Alba Iulia\",\"datePublished\":\"2016-04-23T14:25:43+00:00\",\"mainEntityOfPage\":{\"@id\":\"https:\\\/\\\/urbeamea.ro\\\/albaiulia\\\/tanar-din-cluj-napoca-gasit-fara-suflare-in-camera-unei-pensiuni-din-alba-iulia\\\/\"},\"wordCount\":183,\"commentCount\":0,\"image\":{\"@id\":\"https:\\\/\\\/urbeamea.ro\\\/albaiulia\\\/tanar-din-cluj-napoca-gasit-fara-suflare-in-camera-unei-pensiuni-din-alba-iulia\\\/#primaryimage\"},\"thumbnailUrl\":\"https:\\\/\\\/urbeamea.ro\\\/albaiulia\\\/wp-content\\\/uploads\\\/2016\\\/03\\\/decedat.jpg\",\"keywords\":[\"Alba Iulia\",\"alcool\",\"cluj napoca\",\"decedat\",\"distonocalm\",\"pastile\",\"pensiune\",\"sinucidere\",\"stiri\",\"tanar\",\"Urbea Mea\"],\"articleSection\":[\"Social\"],\"inLanguage\":\"ro-RO\",\"potentialAction\":[{\"@type\":\"CommentAction\",\"name\":\"Comment\",\"target\":[\"https:\\\/\\\/urbeamea.ro\\\/albaiulia\\\/tanar-din-cluj-napoca-gasit-fara-suflare-in-camera-unei-pensiuni-din-alba-iulia\\\/#respond\"]}]},{\"@type\":\"WebPage\",\"@id\":\"https:\\\/\\\/urbeamea.ro\\\/albaiulia\\\/tanar-din-cluj-napoca-gasit-fara-suflare-in-camera-unei-pensiuni-din-alba-iulia\\\/\",\"url\":\"https:\\\/\\\/urbeamea.ro\\\/albaiulia\\\/tanar-din-cluj-napoca-gasit-fara-suflare-in-camera-unei-pensiuni-din-alba-iulia\\\/\",\"name\":\"T\u00e2n\u0103r din Cluj-Napoca, g\u0103sit f\u0103r\u0103 suflare \u00een camera unei pensiuni din Alba Iulia - Revista Urbea Mea - Revista de Alba\",\"isPartOf\":{\"@id\":\"https:\\\/\\\/urbeamea.ro\\\/albaiulia\\\/#website\"},\"primaryImageOfPage\":{\"@id\":\"https:\\\/\\\/urbeamea.ro\\\/albaiulia\\\/tanar-din-cluj-napoca-gasit-fara-suflare-in-camera-unei-pensiuni-din-alba-iulia\\\/#primaryimage\"},\"image\":{\"@id\":\"https:\\\/\\\/urbeamea.ro\\\/albaiulia\\\/tanar-din-cluj-napoca-gasit-fara-suflare-in-camera-unei-pensiuni-din-alba-iulia\\\/#primaryimage\"},\"thumbnailUrl\":\"https:\\\/\\\/urbeamea.ro\\\/albaiulia\\\/wp-content\\\/uploads\\\/2016\\\/03\\\/decedat.jpg\",\"datePublished\":\"2016-04-23T14:25:43+00:00\",\"author\":{\"@id\":\"https:\\\/\\\/urbeamea.ro\\\/albaiulia\\\/#\\\/schema\\\/person\\\/9700d21fae21c4f038b0b56f4506264a\"},\"description\":\"Un t\u00e2n\u0103r de 31 de ani din Cluj-Napoca a fost g\u0103sit f\u0103r\u0103 via\u021b\u0103, vineri, \u00een camera unei pensiuni din Alba Iulia. \u00cen acest caz, Poli\u0163ia ia \u00een calcul varianta\",\"breadcrumb\":{\"@id\":\"https:\\\/\\\/urbeamea.ro\\\/albaiulia\\\/tanar-din-cluj-napoca-gasit-fara-suflare-in-camera-unei-pensiuni-din-alba-iulia\\\/#breadcrumb\"},\"inLanguage\":\"ro-RO\",\"potentialAction\":[{\"@type\":\"ReadAction\",\"target\":[\"https:\\\/\\\/urbeamea.ro\\\/albaiulia\\\/tanar-din-cluj-napoca-gasit-fara-suflare-in-camera-unei-pensiuni-din-alba-iulia\\\/\"]}]},{\"@type\":\"ImageObject\",\"inLanguage\":\"ro-RO\",\"@id\":\"https:\\\/\\\/urbeamea.ro\\\/albaiulia\\\/tanar-din-cluj-napoca-gasit-fara-suflare-in-camera-unei-pensiuni-din-alba-iulia\\\/#primaryimage\",\"url\":\"https:\\\/\\\/urbeamea.ro\\\/albaiulia\\\/wp-content\\\/uploads\\\/2016\\\/03\\\/decedat.jpg\",\"contentUrl\":\"https:\\\/\\\/urbeamea.ro\\\/albaiulia\\\/wp-content\\\/uploads\\\/2016\\\/03\\\/decedat.jpg\",\"width\":440,\"height\":300},{\"@type\":\"BreadcrumbList\",\"@id\":\"https:\\\/\\\/urbeamea.ro\\\/albaiulia\\\/tanar-din-cluj-napoca-gasit-fara-suflare-in-camera-unei-pensiuni-din-alba-iulia\\\/#breadcrumb\",\"itemListElement\":[{\"@type\":\"ListItem\",\"position\":1,\"name\":\"Prima pagin\u0103\",\"item\":\"https:\\\/\\\/urbeamea.ro\\\/albaiulia\\\/\"},{\"@type\":\"ListItem\",\"position\":2,\"name\":\"T\u00e2n\u0103r din Cluj-Napoca, g\u0103sit f\u0103r\u0103 suflare \u00een camera unei pensiuni din Alba Iulia\"}]},{\"@type\":\"WebSite\",\"@id\":\"https:\\\/\\\/urbeamea.ro\\\/albaiulia\\\/#website\",\"url\":\"https:\\\/\\\/urbeamea.ro\\\/albaiulia\\\/\",\"name\":\"Revista Urbea Mea, Stiri urbane\",\"description\":\"Evenimente \u0219i \u0219tiri din Alba Iulia, Sebe\u0219, Aiud, Blaj\",\"potentialAction\":[{\"@type\":\"SearchAction\",\"target\":{\"@type\":\"EntryPoint\",\"urlTemplate\":\"https:\\\/\\\/urbeamea.ro\\\/albaiulia\\\/?s={search_term_string}\"},\"query-input\":{\"@type\":\"PropertyValueSpecification\",\"valueRequired\":true,\"valueName\":\"search_term_string\"}}],\"inLanguage\":\"ro-RO\"},{\"@type\":\"Person\",\"@id\":\"https:\\\/\\\/urbeamea.ro\\\/albaiulia\\\/#\\\/schema\\\/person\\\/9700d21fae21c4f038b0b56f4506264a\",\"name\":\"Cristina Ganga\",\"image\":{\"@type\":\"ImageObject\",\"inLanguage\":\"ro-RO\",\"@id\":\"https:\\\/\\\/secure.gravatar.com\\\/avatar\\\/5a67661041f057b4a8ccaf26f5a8e86e2689372006d01faf3dd9eeb10b654bb4?s=96&d=mm&r=g\",\"url\":\"https:\\\/\\\/secure.gravatar.com\\\/avatar\\\/5a67661041f057b4a8ccaf26f5a8e86e2689372006d01faf3dd9eeb10b654bb4?s=96&d=mm&r=g\",\"contentUrl\":\"https:\\\/\\\/secure.gravatar.com\\\/avatar\\\/5a67661041f057b4a8ccaf26f5a8e86e2689372006d01faf3dd9eeb10b654bb4?s=96&d=mm&r=g\",\"caption\":\"Cristina Ganga\"},\"description\":\"Jurnalist\",\"sameAs\":[\"https:\\\/\\\/www.facebook.com\\\/cristina.nicola.587\"],\"url\":\"https:\\\/\\\/urbeamea.ro\\\/albaiulia\\\/author\\\/cristina-nicola\\\/\"}]}<\/script>\n<!-- \/ Yoast SEO plugin. -->","yoast_head_json":{"title":"T\u00e2n\u0103r din Cluj-Napoca, g\u0103sit f\u0103r\u0103 suflare \u00een camera unei pensiuni din Alba Iulia - Revista Urbea Mea - Revista de Alba","description":"Un t\u00e2n\u0103r de 31 de ani din Cluj-Napoca a fost g\u0103sit f\u0103r\u0103 via\u021b\u0103, vineri, \u00een camera unei pensiuni din Alba Iulia. \u00cen acest caz, Poli\u0163ia ia \u00een calcul varianta","robots":{"index":"index","follow":"follow","max-snippet":"max-snippet:-1","max-image-preview":"max-image-preview:large","max-video-preview":"max-video-preview:-1"},"canonical":"https:\/\/urbeamea.ro\/albaiulia\/tanar-din-cluj-napoca-gasit-fara-suflare-in-camera-unei-pensiuni-din-alba-iulia\/","twitter_card":"summary_large_image","twitter_title":"T\u00e2n\u0103r din Cluj-Napoca, g\u0103sit f\u0103r\u0103 suflare \u00een camera unei pensiuni din Alba Iulia - Revista Urbea Mea - Revista de Alba","twitter_description":"Un t\u00e2n\u0103r de 31 de ani din Cluj-Napoca a fost g\u0103sit f\u0103r\u0103 via\u021b\u0103, vineri, \u00een camera unei pensiuni din Alba Iulia. \u00cen acest caz, Poli\u0163ia ia \u00een calcul varianta","twitter_image":"https:\/\/urbeamea.ro\/albaiulia\/wp-content\/uploads\/2016\/03\/decedat.jpg","twitter_creator":"@urbeameaweb","twitter_site":"@urbeameaweb","schema":{"@context":"https:\/\/schema.org","@graph":[{"@type":"Article","@id":"https:\/\/urbeamea.ro\/albaiulia\/tanar-din-cluj-napoca-gasit-fara-suflare-in-camera-unei-pensiuni-din-alba-iulia\/#article","isPartOf":{"@id":"https:\/\/urbeamea.ro\/albaiulia\/tanar-din-cluj-napoca-gasit-fara-suflare-in-camera-unei-pensiuni-din-alba-iulia\/"},"author":{"name":"Cristina Ganga","@id":"https:\/\/urbeamea.ro\/albaiulia\/#\/schema\/person\/9700d21fae21c4f038b0b56f4506264a"},"headline":"T\u00e2n\u0103r din Cluj-Napoca, g\u0103sit f\u0103r\u0103 suflare \u00een camera unei pensiuni din Alba Iulia","datePublished":"2016-04-23T14:25:43+00:00","mainEntityOfPage":{"@id":"https:\/\/urbeamea.ro\/albaiulia\/tanar-din-cluj-napoca-gasit-fara-suflare-in-camera-unei-pensiuni-din-alba-iulia\/"},"wordCount":183,"commentCount":0,"image":{"@id":"https:\/\/urbeamea.ro\/albaiulia\/tanar-din-cluj-napoca-gasit-fara-suflare-in-camera-unei-pensiuni-din-alba-iulia\/#primaryimage"},"thumbnailUrl":"https:\/\/urbeamea.ro\/albaiulia\/wp-content\/uploads\/2016\/03\/decedat.jpg","keywords":["Alba Iulia","alcool","cluj napoca","decedat","distonocalm","pastile","pensiune","sinucidere","stiri","tanar","Urbea Mea"],"articleSection":["Social"],"inLanguage":"ro-RO","potentialAction":[{"@type":"CommentAction","name":"Comment","target":["https:\/\/urbeamea.ro\/albaiulia\/tanar-din-cluj-napoca-gasit-fara-suflare-in-camera-unei-pensiuni-din-alba-iulia\/#respond"]}]},{"@type":"WebPage","@id":"https:\/\/urbeamea.ro\/albaiulia\/tanar-din-cluj-napoca-gasit-fara-suflare-in-camera-unei-pensiuni-din-alba-iulia\/","url":"https:\/\/urbeamea.ro\/albaiulia\/tanar-din-cluj-napoca-gasit-fara-suflare-in-camera-unei-pensiuni-din-alba-iulia\/","name":"T\u00e2n\u0103r din Cluj-Napoca, g\u0103sit f\u0103r\u0103 suflare \u00een camera unei pensiuni din Alba Iulia - Revista Urbea Mea - Revista de Alba","isPartOf":{"@id":"https:\/\/urbeamea.ro\/albaiulia\/#website"},"primaryImageOfPage":{"@id":"https:\/\/urbeamea.ro\/albaiulia\/tanar-din-cluj-napoca-gasit-fara-suflare-in-camera-unei-pensiuni-din-alba-iulia\/#primaryimage"},"image":{"@id":"https:\/\/urbeamea.ro\/albaiulia\/tanar-din-cluj-napoca-gasit-fara-suflare-in-camera-unei-pensiuni-din-alba-iulia\/#primaryimage"},"thumbnailUrl":"https:\/\/urbeamea.ro\/albaiulia\/wp-content\/uploads\/2016\/03\/decedat.jpg","datePublished":"2016-04-23T14:25:43+00:00","author":{"@id":"https:\/\/urbeamea.ro\/albaiulia\/#\/schema\/person\/9700d21fae21c4f038b0b56f4506264a"},"description":"Un t\u00e2n\u0103r de 31 de ani din Cluj-Napoca a fost g\u0103sit f\u0103r\u0103 via\u021b\u0103, vineri, \u00een camera unei pensiuni din Alba Iulia. \u00cen acest caz, Poli\u0163ia ia \u00een calcul varianta","breadcrumb":{"@id":"https:\/\/urbeamea.ro\/albaiulia\/tanar-din-cluj-napoca-gasit-fara-suflare-in-camera-unei-pensiuni-din-alba-iulia\/#breadcrumb"},"inLanguage":"ro-RO","potentialAction":[{"@type":"ReadAction","target":["https:\/\/urbeamea.ro\/albaiulia\/tanar-din-cluj-napoca-gasit-fara-suflare-in-camera-unei-pensiuni-din-alba-iulia\/"]}]},{"@type":"ImageObject","inLanguage":"ro-RO","@id":"https:\/\/urbeamea.ro\/albaiulia\/tanar-din-cluj-napoca-gasit-fara-suflare-in-camera-unei-pensiuni-din-alba-iulia\/#primaryimage","url":"https:\/\/urbeamea.ro\/albaiulia\/wp-content\/uploads\/2016\/03\/decedat.jpg","contentUrl":"https:\/\/urbeamea.ro\/albaiulia\/wp-content\/uploads\/2016\/03\/decedat.jpg","width":440,"height":300},{"@type":"BreadcrumbList","@id":"https:\/\/urbeamea.ro\/albaiulia\/tanar-din-cluj-napoca-gasit-fara-suflare-in-camera-unei-pensiuni-din-alba-iulia\/#breadcrumb","itemListElement":[{"@type":"ListItem","position":1,"name":"Prima pagin\u0103","item":"https:\/\/urbeamea.ro\/albaiulia\/"},{"@type":"ListItem","position":2,"name":"T\u00e2n\u0103r din Cluj-Napoca, g\u0103sit f\u0103r\u0103 suflare \u00een camera unei pensiuni din Alba Iulia"}]},{"@type":"WebSite","@id":"https:\/\/urbeamea.ro\/albaiulia\/#website","url":"https:\/\/urbeamea.ro\/albaiulia\/","name":"Revista Urbea Mea, Stiri urbane","description":"Evenimente \u0219i \u0219tiri din Alba Iulia, Sebe\u0219, Aiud, Blaj","potentialAction":[{"@type":"SearchAction","target":{"@type":"EntryPoint","urlTemplate":"https:\/\/urbeamea.ro\/albaiulia\/?s={search_term_string}"},"query-input":{"@type":"PropertyValueSpecification","valueRequired":true,"valueName":"search_term_string"}}],"inLanguage":"ro-RO"},{"@type":"Person","@id":"https:\/\/urbeamea.ro\/albaiulia\/#\/schema\/person\/9700d21fae21c4f038b0b56f4506264a","name":"Cristina Ganga","image":{"@type":"ImageObject","inLanguage":"ro-RO","@id":"https:\/\/secure.gravatar.com\/avatar\/5a67661041f057b4a8ccaf26f5a8e86e2689372006d01faf3dd9eeb10b654bb4?s=96&d=mm&r=g","url":"https:\/\/secure.gravatar.com\/avatar\/5a67661041f057b4a8ccaf26f5a8e86e2689372006d01faf3dd9eeb10b654bb4?s=96&d=mm&r=g","contentUrl":"https:\/\/secure.gravatar.com\/avatar\/5a67661041f057b4a8ccaf26f5a8e86e2689372006d01faf3dd9eeb10b654bb4?s=96&d=mm&r=g","caption":"Cristina Ganga"},"description":"Jurnalist","sameAs":["https:\/\/www.facebook.com\/cristina.nicola.587"],"url":"https:\/\/urbeamea.ro\/albaiulia\/author\/cristina-nicola\/"}]}},"_links":{"self":[{"href":"https:\/\/urbeamea.ro\/albaiulia\/wp-json\/wp\/v2\/posts\/22929","targetHints":{"allow":["GET"]}}],"collection":[{"href":"https:\/\/urbeamea.ro\/albaiulia\/wp-json\/wp\/v2\/posts"}],"about":[{"href":"https:\/\/urbeamea.ro\/albaiulia\/wp-json\/wp\/v2\/types\/post"}],"author":[{"embeddable":true,"href":"https:\/\/urbeamea.ro\/albaiulia\/wp-json\/wp\/v2\/users\/17"}],"replies":[{"embeddable":true,"href":"https:\/\/urbeamea.ro\/albaiulia\/wp-json\/wp\/v2\/comments?post=22929"}],"version-history":[{"count":0,"href":"https:\/\/urbeamea.ro\/albaiulia\/wp-json\/wp\/v2\/posts\/22929\/revisions"}],"wp:featuredmedia":[{"embeddable":true,"href":"https:\/\/urbeamea.ro\/albaiulia\/wp-json\/wp\/v2\/media\/19248"}],"wp:attachment":[{"href":"https:\/\/urbeamea.ro\/albaiulia\/wp-json\/wp\/v2\/media?parent=22929"}],"wp:term":[{"taxonomy":"category","embeddable":true,"href":"https:\/\/urbeamea.ro\/albaiulia\/wp-json\/wp\/v2\/categories?post=22929"},{"taxonomy":"post_tag","embeddable":true,"href":"https:\/\/urbeamea.ro\/albaiulia\/wp-json\/wp\/v2\/tags?post=22929"}],"curies":[{"name":"wp","href":"https:\/\/api.w.org\/{rel}","templated":true}]}}