{"id":22952,"date":"2016-04-25T15:05:05","date_gmt":"2016-04-25T12:05:05","guid":{"rendered":"http:\/\/urbeamea.ro\/albaiulia\/?p=22952"},"modified":"2016-04-25T15:05:05","modified_gmt":"2016-04-25T12:05:05","slug":"sapte-locuri-pe-podium-la-olimpiadele-nationale-de-muzica-arte-si-limba-italiana-pentru-elevii-de-la-liceul-de-arte-din-alba-iulia","status":"publish","type":"post","link":"https:\/\/urbeamea.ro\/albaiulia\/sapte-locuri-pe-podium-la-olimpiadele-nationale-de-muzica-arte-si-limba-italiana-pentru-elevii-de-la-liceul-de-arte-din-alba-iulia\/","title":{"rendered":"\u0218apte locuri pe podium la olimpiadele na\u0163ionale de Muzic\u0103, Arte \u015fi Limba Italian\u0103 pentru elevii de la Liceul de Arte din Alba Iulia"},"content":{"rendered":"<p><strong><img loading=\"lazy\" decoding=\"async\" class=\"size-medium wp-image-22953 alignleft\" src=\"http:\/\/urbeamea.ro\/albaiulia\/wp-content\/uploads\/2016\/04\/muzica-300x198.jpg\" alt=\"muzica\" width=\"300\" height=\"198\" \/>Elevi de la Liceul de Arte \u201cRegina Maria\u201d din Alba Iulia au reu\u015fit s\u0103 ob\u0163in\u0103 \u015fapte premii I, II \u015fi III la etapele na\u0163ionale din acest an ale olimpiadelor de muzic\u0103, arte \u015fi limba italian\u0103. Doi dintre ei s-au clasat pe locurile I.<br \/>\n<\/strong><\/p>\n<p>Inspectoratul \u015ecolar Jude\u0163ean Alba a transmis rezultatele finale la aceste olimpiade na\u0163ionale, pentru elevi din jude\u0163.<\/p>\n<p>Astfel, la <strong>Olimpiada de Muzic\u0103 Vocal Instrumental\u0103 \u015fi Studii Teoretice<\/strong>, clasele III-VIII \u015fi clasele IX-XII, a c\u0103rei etap\u0103 na\u0163ional\u0103 s-a desf\u0103\u015furat la Bucure\u015fti, elevii de la Liceul de Arte din Alba Iulia au ob\u0163inut urm\u0103toarele rezultate:<\/p>\n<p>Antonia Mancer (cls IV) \u2013 Premiul II \u2013 vioar\u0103 \u2013 prof. Mariana Lungu, \u00eendrum\u0103tor Andrei Dragomir<\/p>\n<p>Mihai Lauren\u0163iu Chiorean (cls. VII) \u2013 Premiul I \u2013 clarinet \u00a0\u2013 prof. Radu Be\u015fliu, \u00eendrum\u0103tor Ovidiu P\u00e2rjol<\/p>\n<p>Bianca \u015eu\u015fman (cls. IX) \u2013 Premiul I \u2013 Studii teoretice \u2013 profesor Emil Ciobot\u0103, \u00eendrum\u0103tor Mihaela Gornic<\/p>\n<p>Andrei Simion (cls. IX) \u2013 Premiul II \u2013 Percu\u0163ie \u2013 prof. Emil Simion<\/p>\n<p>Alexia Trif (cls. XI) \u2013 Premiul III \u2013 Canto classic \u2013 prof. Ioan Chiciudean<\/p>\n<p>Maria Marcu (cls. XII) \u2013 men\u0163iune \u2013 Canto popular \u2013 prof. Adrian Albu<\/p>\n<p>La <strong>Olimpiada de Arte Vizuale, Arhitectur\u0103 \u015fi Istoria Artelor<\/strong> (Baia Mare):<\/p>\n<p>Sorina Alexandrina Bumb (cls. XII) \u2013 Premiul III \u2013 Ceramic\u0103 \u2013 prof. Elena Cristina Pop.<\/p>\n<p>La <strong>Olimpiada de Limba Italian\u0103<\/strong> (clasele IX-XII), a c\u0103rei etap\u0103 na\u0163ional\u0103 s-a desf\u0103\u015furat \u00een perioada 18-22 aprilie la Piatra Neam\u0163, eleva Andra Teodora Jurju, clasa a XII-a, Liceul de Arte Alba Iulia, a ob\u0163inut locul II. Profesorul coordinator a fost Rodica Olteanu Moldovan<\/p>\n","protected":false},"excerpt":{"rendered":"<p>Elevi de la Liceul de Arte \u201cRegina Maria\u201d din Alba Iulia au reu\u015fit s\u0103 ob\u0163in\u0103 \u015fapte premii I, II \u015fi III la etapele na\u0163ionale din acest an ale olimpiadelor de muzic\u0103, arte \u015fi limba italian\u0103. Doi dintre ei s-au clasat pe locurile I. Inspectoratul \u015ecolar Jude\u0163ean Alba a transmis rezultatele finale la aceste olimpiade na\u0163ionale, &hellip;<\/p>\n","protected":false},"author":17,"featured_media":22953,"comment_status":"open","ping_status":"open","sticky":false,"template":"","format":"standard","meta":{"inline_featured_image":false,"footnotes":""},"categories":[2039],"tags":[4770,4772,4769,4771,4773,1548,309,308,76],"class_list":["post-22952","post","type-post","status-publish","format-standard","has-post-thumbnail","hentry","category-educatie","tag-alba-i8ulia","tag-arte-vizuale-arhitectura-si-istoria-artelor","tag-licveul-de-arte-plastice-si-muzica","tag-limba-italiana","tag-muzica-vocala-instrumentala","tag-olimpiade","tag-premii","tag-stiri","tag-urbea-mea"],"yoast_head":"<!-- This site is optimized with the Yoast SEO plugin v27.4 - https:\/\/yoast.com\/product\/yoast-seo-wordpress\/ -->\n<title>\u0218apte locuri pe podium la olimpiadele na\u0163ionale de Muzic\u0103, Arte \u015fi Limba Italian\u0103 pentru elevii de la Liceul de Arte din Alba Iulia - Revista Urbea Mea - Revista de Alba<\/title>\n<meta name=\"description\" content=\"Elevi de la Liceul de Arte \u201cRegina Maria\u201d din Alba Iulia au reu\u015fit s\u0103 ob\u0163in\u0103 \u015fapte premii I, II \u015fi III la etapele na\u0163ionale din acest an ale olimpiadelor\" \/>\n<meta name=\"robots\" content=\"index, follow, max-snippet:-1, max-image-preview:large, max-video-preview:-1\" \/>\n<link rel=\"canonical\" href=\"https:\/\/urbeamea.ro\/albaiulia\/sapte-locuri-pe-podium-la-olimpiadele-nationale-de-muzica-arte-si-limba-italiana-pentru-elevii-de-la-liceul-de-arte-din-alba-iulia\/\" \/>\n<meta name=\"twitter:card\" content=\"summary_large_image\" \/>\n<meta name=\"twitter:title\" content=\"\u0218apte locuri pe podium la olimpiadele na\u0163ionale de Muzic\u0103, Arte \u015fi Limba Italian\u0103 pentru elevii de la Liceul de Arte din Alba Iulia - Revista Urbea Mea - Revista de Alba\" \/>\n<meta name=\"twitter:description\" content=\"Elevi de la Liceul de Arte \u201cRegina Maria\u201d din Alba Iulia au reu\u015fit s\u0103 ob\u0163in\u0103 \u015fapte premii I, II \u015fi III la etapele na\u0163ionale din acest an ale olimpiadelor\" \/>\n<meta name=\"twitter:image\" content=\"https:\/\/urbeamea.ro\/albaiulia\/wp-content\/uploads\/2016\/04\/muzica.jpg\" \/>\n<meta name=\"twitter:creator\" content=\"@urbeameaweb\" \/>\n<meta name=\"twitter:site\" content=\"@urbeameaweb\" \/>\n<script type=\"application\/ld+json\" class=\"yoast-schema-graph\">{\"@context\":\"https:\\\/\\\/schema.org\",\"@graph\":[{\"@type\":\"Article\",\"@id\":\"https:\\\/\\\/urbeamea.ro\\\/albaiulia\\\/sapte-locuri-pe-podium-la-olimpiadele-nationale-de-muzica-arte-si-limba-italiana-pentru-elevii-de-la-liceul-de-arte-din-alba-iulia\\\/#article\",\"isPartOf\":{\"@id\":\"https:\\\/\\\/urbeamea.ro\\\/albaiulia\\\/sapte-locuri-pe-podium-la-olimpiadele-nationale-de-muzica-arte-si-limba-italiana-pentru-elevii-de-la-liceul-de-arte-din-alba-iulia\\\/\"},\"author\":{\"name\":\"Cristina Ganga\",\"@id\":\"https:\\\/\\\/urbeamea.ro\\\/albaiulia\\\/#\\\/schema\\\/person\\\/9700d21fae21c4f038b0b56f4506264a\"},\"headline\":\"\u0218apte locuri pe podium la olimpiadele na\u0163ionale de Muzic\u0103, Arte \u015fi Limba Italian\u0103 pentru elevii de la Liceul de Arte din Alba Iulia\",\"datePublished\":\"2016-04-25T12:05:05+00:00\",\"mainEntityOfPage\":{\"@id\":\"https:\\\/\\\/urbeamea.ro\\\/albaiulia\\\/sapte-locuri-pe-podium-la-olimpiadele-nationale-de-muzica-arte-si-limba-italiana-pentru-elevii-de-la-liceul-de-arte-din-alba-iulia\\\/\"},\"wordCount\":281,\"commentCount\":0,\"image\":{\"@id\":\"https:\\\/\\\/urbeamea.ro\\\/albaiulia\\\/sapte-locuri-pe-podium-la-olimpiadele-nationale-de-muzica-arte-si-limba-italiana-pentru-elevii-de-la-liceul-de-arte-din-alba-iulia\\\/#primaryimage\"},\"thumbnailUrl\":\"https:\\\/\\\/urbeamea.ro\\\/albaiulia\\\/wp-content\\\/uploads\\\/2016\\\/04\\\/muzica.jpg\",\"keywords\":[\"alba i8ulia\",\"arte vizuale arhitectura si istoria artelor\",\"licveul de arte plastice si muzica\",\"limba italiana\",\"muzica vocala instrumentala\",\"olimpiade\",\"premii\",\"stiri\",\"Urbea Mea\"],\"articleSection\":[\"Educa\u021bie\"],\"inLanguage\":\"ro-RO\",\"potentialAction\":[{\"@type\":\"CommentAction\",\"name\":\"Comment\",\"target\":[\"https:\\\/\\\/urbeamea.ro\\\/albaiulia\\\/sapte-locuri-pe-podium-la-olimpiadele-nationale-de-muzica-arte-si-limba-italiana-pentru-elevii-de-la-liceul-de-arte-din-alba-iulia\\\/#respond\"]}]},{\"@type\":\"WebPage\",\"@id\":\"https:\\\/\\\/urbeamea.ro\\\/albaiulia\\\/sapte-locuri-pe-podium-la-olimpiadele-nationale-de-muzica-arte-si-limba-italiana-pentru-elevii-de-la-liceul-de-arte-din-alba-iulia\\\/\",\"url\":\"https:\\\/\\\/urbeamea.ro\\\/albaiulia\\\/sapte-locuri-pe-podium-la-olimpiadele-nationale-de-muzica-arte-si-limba-italiana-pentru-elevii-de-la-liceul-de-arte-din-alba-iulia\\\/\",\"name\":\"\u0218apte locuri pe podium la olimpiadele na\u0163ionale de Muzic\u0103, Arte \u015fi Limba Italian\u0103 pentru elevii de la Liceul de Arte din Alba Iulia - Revista Urbea Mea - Revista de Alba\",\"isPartOf\":{\"@id\":\"https:\\\/\\\/urbeamea.ro\\\/albaiulia\\\/#website\"},\"primaryImageOfPage\":{\"@id\":\"https:\\\/\\\/urbeamea.ro\\\/albaiulia\\\/sapte-locuri-pe-podium-la-olimpiadele-nationale-de-muzica-arte-si-limba-italiana-pentru-elevii-de-la-liceul-de-arte-din-alba-iulia\\\/#primaryimage\"},\"image\":{\"@id\":\"https:\\\/\\\/urbeamea.ro\\\/albaiulia\\\/sapte-locuri-pe-podium-la-olimpiadele-nationale-de-muzica-arte-si-limba-italiana-pentru-elevii-de-la-liceul-de-arte-din-alba-iulia\\\/#primaryimage\"},\"thumbnailUrl\":\"https:\\\/\\\/urbeamea.ro\\\/albaiulia\\\/wp-content\\\/uploads\\\/2016\\\/04\\\/muzica.jpg\",\"datePublished\":\"2016-04-25T12:05:05+00:00\",\"author\":{\"@id\":\"https:\\\/\\\/urbeamea.ro\\\/albaiulia\\\/#\\\/schema\\\/person\\\/9700d21fae21c4f038b0b56f4506264a\"},\"description\":\"Elevi de la Liceul de Arte \u201cRegina Maria\u201d din Alba Iulia au reu\u015fit s\u0103 ob\u0163in\u0103 \u015fapte premii I, II \u015fi III la etapele na\u0163ionale din acest an ale olimpiadelor\",\"breadcrumb\":{\"@id\":\"https:\\\/\\\/urbeamea.ro\\\/albaiulia\\\/sapte-locuri-pe-podium-la-olimpiadele-nationale-de-muzica-arte-si-limba-italiana-pentru-elevii-de-la-liceul-de-arte-din-alba-iulia\\\/#breadcrumb\"},\"inLanguage\":\"ro-RO\",\"potentialAction\":[{\"@type\":\"ReadAction\",\"target\":[\"https:\\\/\\\/urbeamea.ro\\\/albaiulia\\\/sapte-locuri-pe-podium-la-olimpiadele-nationale-de-muzica-arte-si-limba-italiana-pentru-elevii-de-la-liceul-de-arte-din-alba-iulia\\\/\"]}]},{\"@type\":\"ImageObject\",\"inLanguage\":\"ro-RO\",\"@id\":\"https:\\\/\\\/urbeamea.ro\\\/albaiulia\\\/sapte-locuri-pe-podium-la-olimpiadele-nationale-de-muzica-arte-si-limba-italiana-pentru-elevii-de-la-liceul-de-arte-din-alba-iulia\\\/#primaryimage\",\"url\":\"https:\\\/\\\/urbeamea.ro\\\/albaiulia\\\/wp-content\\\/uploads\\\/2016\\\/04\\\/muzica.jpg\",\"contentUrl\":\"https:\\\/\\\/urbeamea.ro\\\/albaiulia\\\/wp-content\\\/uploads\\\/2016\\\/04\\\/muzica.jpg\",\"width\":800,\"height\":527},{\"@type\":\"BreadcrumbList\",\"@id\":\"https:\\\/\\\/urbeamea.ro\\\/albaiulia\\\/sapte-locuri-pe-podium-la-olimpiadele-nationale-de-muzica-arte-si-limba-italiana-pentru-elevii-de-la-liceul-de-arte-din-alba-iulia\\\/#breadcrumb\",\"itemListElement\":[{\"@type\":\"ListItem\",\"position\":1,\"name\":\"Prima pagin\u0103\",\"item\":\"https:\\\/\\\/urbeamea.ro\\\/albaiulia\\\/\"},{\"@type\":\"ListItem\",\"position\":2,\"name\":\"\u0218apte locuri pe podium la olimpiadele na\u0163ionale de Muzic\u0103, Arte \u015fi Limba Italian\u0103 pentru elevii de la Liceul de Arte din Alba Iulia\"}]},{\"@type\":\"WebSite\",\"@id\":\"https:\\\/\\\/urbeamea.ro\\\/albaiulia\\\/#website\",\"url\":\"https:\\\/\\\/urbeamea.ro\\\/albaiulia\\\/\",\"name\":\"Revista Urbea Mea, Stiri urbane\",\"description\":\"Evenimente \u0219i \u0219tiri din Alba Iulia, Sebe\u0219, Aiud, Blaj\",\"potentialAction\":[{\"@type\":\"SearchAction\",\"target\":{\"@type\":\"EntryPoint\",\"urlTemplate\":\"https:\\\/\\\/urbeamea.ro\\\/albaiulia\\\/?s={search_term_string}\"},\"query-input\":{\"@type\":\"PropertyValueSpecification\",\"valueRequired\":true,\"valueName\":\"search_term_string\"}}],\"inLanguage\":\"ro-RO\"},{\"@type\":\"Person\",\"@id\":\"https:\\\/\\\/urbeamea.ro\\\/albaiulia\\\/#\\\/schema\\\/person\\\/9700d21fae21c4f038b0b56f4506264a\",\"name\":\"Cristina Ganga\",\"image\":{\"@type\":\"ImageObject\",\"inLanguage\":\"ro-RO\",\"@id\":\"https:\\\/\\\/secure.gravatar.com\\\/avatar\\\/5a67661041f057b4a8ccaf26f5a8e86e2689372006d01faf3dd9eeb10b654bb4?s=96&d=mm&r=g\",\"url\":\"https:\\\/\\\/secure.gravatar.com\\\/avatar\\\/5a67661041f057b4a8ccaf26f5a8e86e2689372006d01faf3dd9eeb10b654bb4?s=96&d=mm&r=g\",\"contentUrl\":\"https:\\\/\\\/secure.gravatar.com\\\/avatar\\\/5a67661041f057b4a8ccaf26f5a8e86e2689372006d01faf3dd9eeb10b654bb4?s=96&d=mm&r=g\",\"caption\":\"Cristina Ganga\"},\"description\":\"Jurnalist\",\"sameAs\":[\"https:\\\/\\\/www.facebook.com\\\/cristina.nicola.587\"],\"url\":\"https:\\\/\\\/urbeamea.ro\\\/albaiulia\\\/author\\\/cristina-nicola\\\/\"}]}<\/script>\n<!-- \/ Yoast SEO plugin. -->","yoast_head_json":{"title":"\u0218apte locuri pe podium la olimpiadele na\u0163ionale de Muzic\u0103, Arte \u015fi Limba Italian\u0103 pentru elevii de la Liceul de Arte din Alba Iulia - Revista Urbea Mea - Revista de Alba","description":"Elevi de la Liceul de Arte \u201cRegina Maria\u201d din Alba Iulia au reu\u015fit s\u0103 ob\u0163in\u0103 \u015fapte premii I, II \u015fi III la etapele na\u0163ionale din acest an ale olimpiadelor","robots":{"index":"index","follow":"follow","max-snippet":"max-snippet:-1","max-image-preview":"max-image-preview:large","max-video-preview":"max-video-preview:-1"},"canonical":"https:\/\/urbeamea.ro\/albaiulia\/sapte-locuri-pe-podium-la-olimpiadele-nationale-de-muzica-arte-si-limba-italiana-pentru-elevii-de-la-liceul-de-arte-din-alba-iulia\/","twitter_card":"summary_large_image","twitter_title":"\u0218apte locuri pe podium la olimpiadele na\u0163ionale de Muzic\u0103, Arte \u015fi Limba Italian\u0103 pentru elevii de la Liceul de Arte din Alba Iulia - Revista Urbea Mea - Revista de Alba","twitter_description":"Elevi de la Liceul de Arte \u201cRegina Maria\u201d din Alba Iulia au reu\u015fit s\u0103 ob\u0163in\u0103 \u015fapte premii I, II \u015fi III la etapele na\u0163ionale din acest an ale olimpiadelor","twitter_image":"https:\/\/urbeamea.ro\/albaiulia\/wp-content\/uploads\/2016\/04\/muzica.jpg","twitter_creator":"@urbeameaweb","twitter_site":"@urbeameaweb","schema":{"@context":"https:\/\/schema.org","@graph":[{"@type":"Article","@id":"https:\/\/urbeamea.ro\/albaiulia\/sapte-locuri-pe-podium-la-olimpiadele-nationale-de-muzica-arte-si-limba-italiana-pentru-elevii-de-la-liceul-de-arte-din-alba-iulia\/#article","isPartOf":{"@id":"https:\/\/urbeamea.ro\/albaiulia\/sapte-locuri-pe-podium-la-olimpiadele-nationale-de-muzica-arte-si-limba-italiana-pentru-elevii-de-la-liceul-de-arte-din-alba-iulia\/"},"author":{"name":"Cristina Ganga","@id":"https:\/\/urbeamea.ro\/albaiulia\/#\/schema\/person\/9700d21fae21c4f038b0b56f4506264a"},"headline":"\u0218apte locuri pe podium la olimpiadele na\u0163ionale de Muzic\u0103, Arte \u015fi Limba Italian\u0103 pentru elevii de la Liceul de Arte din Alba Iulia","datePublished":"2016-04-25T12:05:05+00:00","mainEntityOfPage":{"@id":"https:\/\/urbeamea.ro\/albaiulia\/sapte-locuri-pe-podium-la-olimpiadele-nationale-de-muzica-arte-si-limba-italiana-pentru-elevii-de-la-liceul-de-arte-din-alba-iulia\/"},"wordCount":281,"commentCount":0,"image":{"@id":"https:\/\/urbeamea.ro\/albaiulia\/sapte-locuri-pe-podium-la-olimpiadele-nationale-de-muzica-arte-si-limba-italiana-pentru-elevii-de-la-liceul-de-arte-din-alba-iulia\/#primaryimage"},"thumbnailUrl":"https:\/\/urbeamea.ro\/albaiulia\/wp-content\/uploads\/2016\/04\/muzica.jpg","keywords":["alba i8ulia","arte vizuale arhitectura si istoria artelor","licveul de arte plastice si muzica","limba italiana","muzica vocala instrumentala","olimpiade","premii","stiri","Urbea Mea"],"articleSection":["Educa\u021bie"],"inLanguage":"ro-RO","potentialAction":[{"@type":"CommentAction","name":"Comment","target":["https:\/\/urbeamea.ro\/albaiulia\/sapte-locuri-pe-podium-la-olimpiadele-nationale-de-muzica-arte-si-limba-italiana-pentru-elevii-de-la-liceul-de-arte-din-alba-iulia\/#respond"]}]},{"@type":"WebPage","@id":"https:\/\/urbeamea.ro\/albaiulia\/sapte-locuri-pe-podium-la-olimpiadele-nationale-de-muzica-arte-si-limba-italiana-pentru-elevii-de-la-liceul-de-arte-din-alba-iulia\/","url":"https:\/\/urbeamea.ro\/albaiulia\/sapte-locuri-pe-podium-la-olimpiadele-nationale-de-muzica-arte-si-limba-italiana-pentru-elevii-de-la-liceul-de-arte-din-alba-iulia\/","name":"\u0218apte locuri pe podium la olimpiadele na\u0163ionale de Muzic\u0103, Arte \u015fi Limba Italian\u0103 pentru elevii de la Liceul de Arte din Alba Iulia - Revista Urbea Mea - Revista de Alba","isPartOf":{"@id":"https:\/\/urbeamea.ro\/albaiulia\/#website"},"primaryImageOfPage":{"@id":"https:\/\/urbeamea.ro\/albaiulia\/sapte-locuri-pe-podium-la-olimpiadele-nationale-de-muzica-arte-si-limba-italiana-pentru-elevii-de-la-liceul-de-arte-din-alba-iulia\/#primaryimage"},"image":{"@id":"https:\/\/urbeamea.ro\/albaiulia\/sapte-locuri-pe-podium-la-olimpiadele-nationale-de-muzica-arte-si-limba-italiana-pentru-elevii-de-la-liceul-de-arte-din-alba-iulia\/#primaryimage"},"thumbnailUrl":"https:\/\/urbeamea.ro\/albaiulia\/wp-content\/uploads\/2016\/04\/muzica.jpg","datePublished":"2016-04-25T12:05:05+00:00","author":{"@id":"https:\/\/urbeamea.ro\/albaiulia\/#\/schema\/person\/9700d21fae21c4f038b0b56f4506264a"},"description":"Elevi de la Liceul de Arte \u201cRegina Maria\u201d din Alba Iulia au reu\u015fit s\u0103 ob\u0163in\u0103 \u015fapte premii I, II \u015fi III la etapele na\u0163ionale din acest an ale olimpiadelor","breadcrumb":{"@id":"https:\/\/urbeamea.ro\/albaiulia\/sapte-locuri-pe-podium-la-olimpiadele-nationale-de-muzica-arte-si-limba-italiana-pentru-elevii-de-la-liceul-de-arte-din-alba-iulia\/#breadcrumb"},"inLanguage":"ro-RO","potentialAction":[{"@type":"ReadAction","target":["https:\/\/urbeamea.ro\/albaiulia\/sapte-locuri-pe-podium-la-olimpiadele-nationale-de-muzica-arte-si-limba-italiana-pentru-elevii-de-la-liceul-de-arte-din-alba-iulia\/"]}]},{"@type":"ImageObject","inLanguage":"ro-RO","@id":"https:\/\/urbeamea.ro\/albaiulia\/sapte-locuri-pe-podium-la-olimpiadele-nationale-de-muzica-arte-si-limba-italiana-pentru-elevii-de-la-liceul-de-arte-din-alba-iulia\/#primaryimage","url":"https:\/\/urbeamea.ro\/albaiulia\/wp-content\/uploads\/2016\/04\/muzica.jpg","contentUrl":"https:\/\/urbeamea.ro\/albaiulia\/wp-content\/uploads\/2016\/04\/muzica.jpg","width":800,"height":527},{"@type":"BreadcrumbList","@id":"https:\/\/urbeamea.ro\/albaiulia\/sapte-locuri-pe-podium-la-olimpiadele-nationale-de-muzica-arte-si-limba-italiana-pentru-elevii-de-la-liceul-de-arte-din-alba-iulia\/#breadcrumb","itemListElement":[{"@type":"ListItem","position":1,"name":"Prima pagin\u0103","item":"https:\/\/urbeamea.ro\/albaiulia\/"},{"@type":"ListItem","position":2,"name":"\u0218apte locuri pe podium la olimpiadele na\u0163ionale de Muzic\u0103, Arte \u015fi Limba Italian\u0103 pentru elevii de la Liceul de Arte din Alba Iulia"}]},{"@type":"WebSite","@id":"https:\/\/urbeamea.ro\/albaiulia\/#website","url":"https:\/\/urbeamea.ro\/albaiulia\/","name":"Revista Urbea Mea, Stiri urbane","description":"Evenimente \u0219i \u0219tiri din Alba Iulia, Sebe\u0219, Aiud, Blaj","potentialAction":[{"@type":"SearchAction","target":{"@type":"EntryPoint","urlTemplate":"https:\/\/urbeamea.ro\/albaiulia\/?s={search_term_string}"},"query-input":{"@type":"PropertyValueSpecification","valueRequired":true,"valueName":"search_term_string"}}],"inLanguage":"ro-RO"},{"@type":"Person","@id":"https:\/\/urbeamea.ro\/albaiulia\/#\/schema\/person\/9700d21fae21c4f038b0b56f4506264a","name":"Cristina Ganga","image":{"@type":"ImageObject","inLanguage":"ro-RO","@id":"https:\/\/secure.gravatar.com\/avatar\/5a67661041f057b4a8ccaf26f5a8e86e2689372006d01faf3dd9eeb10b654bb4?s=96&d=mm&r=g","url":"https:\/\/secure.gravatar.com\/avatar\/5a67661041f057b4a8ccaf26f5a8e86e2689372006d01faf3dd9eeb10b654bb4?s=96&d=mm&r=g","contentUrl":"https:\/\/secure.gravatar.com\/avatar\/5a67661041f057b4a8ccaf26f5a8e86e2689372006d01faf3dd9eeb10b654bb4?s=96&d=mm&r=g","caption":"Cristina Ganga"},"description":"Jurnalist","sameAs":["https:\/\/www.facebook.com\/cristina.nicola.587"],"url":"https:\/\/urbeamea.ro\/albaiulia\/author\/cristina-nicola\/"}]}},"_links":{"self":[{"href":"https:\/\/urbeamea.ro\/albaiulia\/wp-json\/wp\/v2\/posts\/22952","targetHints":{"allow":["GET"]}}],"collection":[{"href":"https:\/\/urbeamea.ro\/albaiulia\/wp-json\/wp\/v2\/posts"}],"about":[{"href":"https:\/\/urbeamea.ro\/albaiulia\/wp-json\/wp\/v2\/types\/post"}],"author":[{"embeddable":true,"href":"https:\/\/urbeamea.ro\/albaiulia\/wp-json\/wp\/v2\/users\/17"}],"replies":[{"embeddable":true,"href":"https:\/\/urbeamea.ro\/albaiulia\/wp-json\/wp\/v2\/comments?post=22952"}],"version-history":[{"count":0,"href":"https:\/\/urbeamea.ro\/albaiulia\/wp-json\/wp\/v2\/posts\/22952\/revisions"}],"wp:featuredmedia":[{"embeddable":true,"href":"https:\/\/urbeamea.ro\/albaiulia\/wp-json\/wp\/v2\/media\/22953"}],"wp:attachment":[{"href":"https:\/\/urbeamea.ro\/albaiulia\/wp-json\/wp\/v2\/media?parent=22952"}],"wp:term":[{"taxonomy":"category","embeddable":true,"href":"https:\/\/urbeamea.ro\/albaiulia\/wp-json\/wp\/v2\/categories?post=22952"},{"taxonomy":"post_tag","embeddable":true,"href":"https:\/\/urbeamea.ro\/albaiulia\/wp-json\/wp\/v2\/tags?post=22952"}],"curies":[{"name":"wp","href":"https:\/\/api.w.org\/{rel}","templated":true}]}}