{"id":22966,"date":"2016-04-27T10:11:49","date_gmt":"2016-04-27T07:11:49","guid":{"rendered":"http:\/\/urbeamea.ro\/albaiulia\/?p=22966"},"modified":"2016-04-27T10:11:49","modified_gmt":"2016-04-27T07:11:49","slug":"tanar-din-alba-iulia-amendat-de-jandarmi-dupa-ce-a-intrat-ilegal-in-perimetrul-unei-institutii-publice","status":"publish","type":"post","link":"https:\/\/urbeamea.ro\/albaiulia\/tanar-din-alba-iulia-amendat-de-jandarmi-dupa-ce-a-intrat-ilegal-in-perimetrul-unei-institutii-publice\/","title":{"rendered":"T\u00e2n\u0103r din Alba Iulia, amendat de jandarmi dup\u0103 ce a intrat ilegal \u00een perimetrul unei institu\u0163ii publice"},"content":{"rendered":"<p><strong><img loading=\"lazy\" decoding=\"async\" class=\"size-medium wp-image-5941 alignleft\" src=\"http:\/\/urbeamea.ro\/albaiulia\/wp-content\/uploads\/2015\/07\/jandarmeria-300x225.jpg\" alt=\"jandarmeria\" width=\"300\" height=\"225\" \/>Un t\u00e2n\u0103r din Alba Iulia s-a ales cu amend\u0103 de 500 de lei dup\u0103 ce a intrat ilegal \u00een perimetrul unei institu\u0163ii publice din zona Cet\u0103\u0163ii Alba Carolina. A explicat oamenilor legii c\u0103 intrase ca s\u0103 adune melci.<\/strong><\/p>\n<p>Un t\u00e2n\u0103r din Alba Iulia a fost observat luni, 25 aprilie, la ora 14.00, \u00een incinta gr\u0103dinii unei institu\u0163ii publice din zona Cet\u0103\u0163ii Alba Carolina. Crez\u00e2nd ini\u0163ial c\u0103 acesta a intrat cu inten\u0163ia de a sustrage bunuri materiale, conducerea unit\u0103\u0163ii a solicitat interven\u0163ia for\u0163elor de ordine, iar un echipaj de jandarmerie a intervenit de urgen\u0163\u0103 \u015fi l-a prins pe intrus. Identificat ca fiind Cristian N. (21 de ani), acesta le-a relatat jandarmilor c\u0103 motivul pentru care a p\u0103truns ilegal \u00een perimetrul semnalizat corespunz\u0103tor nu a fost acela de a fura, ci de aduna \u2026 melci. Conform propriilor spuse, dorea de mult s\u0103-i g\u0103teasc\u0103 prietenei o delicates\u0103 culinar\u0103, iar c\u00e2nd a trecut pe l\u00e2ng\u0103 gardul respectivei institu\u0163ii \u015fi a v\u0103zut melcii i-a venit ideea s\u0103 prepare o re\u0163et\u0103 bazat\u0103 pe ace\u015ftia.<\/p>\n<p>Drept urmare a s\u0103rit gardul cu inten\u0163ia de a-i culege, dar a fost oprit de jandarmi \u00eenainte de a\u2013\u015fi pune \u00een aplicare planul. I s-a explicat c\u0103 fapta constituie contraven\u0163ie \u015fi, \u00een conformitate cu prevederile legale, pentru \u201cp\u0103trunderea, cu \u00eenc\u0103lcarea normelor legale de acces, \u00een sediile (\u2026) institu\u0163iilor publice\u201d a fost sanc\u0163ionat contraven\u0163ional cu amend\u0103 \u00een valoare de 500 lei.<\/p>\n<p>Pentru prevenirea apari\u0163iei unor astfel de fapte reamintim c\u0103 \u201cp\u0103trunderea, cu \u00eenc\u0103lcarea normelor legale de acces, \u00een sediile autorit\u0103\u0163ilor publice centrale \u015fi locale, institu\u0163iilor publice, institu\u0163iilor de \u00eenv\u0103\u0163\u0103m\u00e2nt \u015fi spa\u0163iilor apar\u0163in\u00e2nd acestora, indiferent de destina\u0163ia lor, regiilor autonome, societ\u0103\u0163ilor comerciale, partidelor sau altor forma\u0163iuni politice, organiza\u0163iilor guvernamentale \u015fi neguvernamentale, ambasadelor \u015fi reprezentantelor altor state ori ale organiza\u0163iilor interna\u0163ionale de pe teritoriul Rom\u00e2niei (\u2026) ori refuzul de a le p\u0103r\u0103si la cererea organelor de ordine\u201d constituie contraven\u0163ie \u015fi se sanc\u0163ioneaz\u0103 cu amend\u0103 cuprins\u0103 \u00eentre 500 \u015fi 1500 de lei.<\/p>\n<p>Cei care se confrunt\u0103 cu astfel de situa\u0163ii sunt \u00eendruma\u0163i s\u0103 nu \u00eentreprind\u0103 ac\u0163iuni violente \u00eempotriva intru\u015filor ci doar s\u0103 apeleze 112 \u015fi s\u0103 solicite interven\u0163ia for\u0163elor de ordine.<\/p>\n","protected":false},"excerpt":{"rendered":"<p>Un t\u00e2n\u0103r din Alba Iulia s-a ales cu amend\u0103 de 500 de lei dup\u0103 ce a intrat ilegal \u00een perimetrul unei institu\u0163ii publice din zona Cet\u0103\u0163ii Alba Carolina. A explicat oamenilor legii c\u0103 intrase ca s\u0103 adune melci. Un t\u00e2n\u0103r din Alba Iulia a fost observat luni, 25 aprilie, la ora 14.00, \u00een incinta gr\u0103dinii &hellip;<\/p>\n","protected":false},"author":17,"featured_media":5941,"comment_status":"open","ping_status":"open","sticky":false,"template":"","format":"standard","meta":{"inline_featured_image":false,"footnotes":""},"categories":[2034],"tags":[31,2382,182,4776,1200,4777,308,76],"class_list":["post-22966","post","type-post","status-publish","format-standard","has-post-thumbnail","hentry","category-social","tag-alba-iulia","tag-amenda","tag-cetatea-alba-carolina","tag-institutie-publica","tag-jandarmi","tag-melci","tag-stiri","tag-urbea-mea"],"yoast_head":"<!-- This site is optimized with the Yoast SEO plugin v27.4 - https:\/\/yoast.com\/product\/yoast-seo-wordpress\/ -->\n<title>T\u00e2n\u0103r din Alba Iulia, amendat de jandarmi dup\u0103 ce a intrat ilegal \u00een perimetrul unei institu\u0163ii publice - Revista Urbea Mea - Revista de Alba<\/title>\n<meta name=\"description\" content=\"Un t\u00e2n\u0103r din Alba Iulia s-a ales cu amend\u0103 de 500 de lei dup\u0103 ce a intrat ilegal \u00een perimetrul unei institu\u0163ii publice din zona Cet\u0103\u0163ii Alba Carolina. A\" \/>\n<meta name=\"robots\" content=\"index, follow, max-snippet:-1, max-image-preview:large, max-video-preview:-1\" \/>\n<link rel=\"canonical\" href=\"https:\/\/urbeamea.ro\/albaiulia\/tanar-din-alba-iulia-amendat-de-jandarmi-dupa-ce-a-intrat-ilegal-in-perimetrul-unei-institutii-publice\/\" \/>\n<meta name=\"twitter:card\" content=\"summary_large_image\" \/>\n<meta name=\"twitter:title\" content=\"T\u00e2n\u0103r din Alba Iulia, amendat de jandarmi dup\u0103 ce a intrat ilegal \u00een perimetrul unei institu\u0163ii publice - Revista Urbea Mea - Revista de Alba\" \/>\n<meta name=\"twitter:description\" content=\"Un t\u00e2n\u0103r din Alba Iulia s-a ales cu amend\u0103 de 500 de lei dup\u0103 ce a intrat ilegal \u00een perimetrul unei institu\u0163ii publice din zona Cet\u0103\u0163ii Alba Carolina. A\" \/>\n<meta name=\"twitter:image\" content=\"https:\/\/urbeamea.ro\/albaiulia\/wp-content\/uploads\/2015\/07\/jandarmeria.jpg\" \/>\n<meta name=\"twitter:creator\" content=\"@urbeameaweb\" \/>\n<meta name=\"twitter:site\" content=\"@urbeameaweb\" \/>\n<script type=\"application\/ld+json\" class=\"yoast-schema-graph\">{\"@context\":\"https:\\\/\\\/schema.org\",\"@graph\":[{\"@type\":\"Article\",\"@id\":\"https:\\\/\\\/urbeamea.ro\\\/albaiulia\\\/tanar-din-alba-iulia-amendat-de-jandarmi-dupa-ce-a-intrat-ilegal-in-perimetrul-unei-institutii-publice\\\/#article\",\"isPartOf\":{\"@id\":\"https:\\\/\\\/urbeamea.ro\\\/albaiulia\\\/tanar-din-alba-iulia-amendat-de-jandarmi-dupa-ce-a-intrat-ilegal-in-perimetrul-unei-institutii-publice\\\/\"},\"author\":{\"name\":\"Cristina Ganga\",\"@id\":\"https:\\\/\\\/urbeamea.ro\\\/albaiulia\\\/#\\\/schema\\\/person\\\/9700d21fae21c4f038b0b56f4506264a\"},\"headline\":\"T\u00e2n\u0103r din Alba Iulia, amendat de jandarmi dup\u0103 ce a intrat ilegal \u00een perimetrul unei institu\u0163ii publice\",\"datePublished\":\"2016-04-27T07:11:49+00:00\",\"mainEntityOfPage\":{\"@id\":\"https:\\\/\\\/urbeamea.ro\\\/albaiulia\\\/tanar-din-alba-iulia-amendat-de-jandarmi-dupa-ce-a-intrat-ilegal-in-perimetrul-unei-institutii-publice\\\/\"},\"wordCount\":416,\"commentCount\":0,\"image\":{\"@id\":\"https:\\\/\\\/urbeamea.ro\\\/albaiulia\\\/tanar-din-alba-iulia-amendat-de-jandarmi-dupa-ce-a-intrat-ilegal-in-perimetrul-unei-institutii-publice\\\/#primaryimage\"},\"thumbnailUrl\":\"https:\\\/\\\/urbeamea.ro\\\/albaiulia\\\/wp-content\\\/uploads\\\/2015\\\/07\\\/jandarmeria.jpg\",\"keywords\":[\"Alba Iulia\",\"amenda\",\"cetatea alba carolina\",\"institutie publica\",\"jandarmi\",\"melci\",\"stiri\",\"Urbea Mea\"],\"articleSection\":[\"Social\"],\"inLanguage\":\"ro-RO\",\"potentialAction\":[{\"@type\":\"CommentAction\",\"name\":\"Comment\",\"target\":[\"https:\\\/\\\/urbeamea.ro\\\/albaiulia\\\/tanar-din-alba-iulia-amendat-de-jandarmi-dupa-ce-a-intrat-ilegal-in-perimetrul-unei-institutii-publice\\\/#respond\"]}]},{\"@type\":\"WebPage\",\"@id\":\"https:\\\/\\\/urbeamea.ro\\\/albaiulia\\\/tanar-din-alba-iulia-amendat-de-jandarmi-dupa-ce-a-intrat-ilegal-in-perimetrul-unei-institutii-publice\\\/\",\"url\":\"https:\\\/\\\/urbeamea.ro\\\/albaiulia\\\/tanar-din-alba-iulia-amendat-de-jandarmi-dupa-ce-a-intrat-ilegal-in-perimetrul-unei-institutii-publice\\\/\",\"name\":\"T\u00e2n\u0103r din Alba Iulia, amendat de jandarmi dup\u0103 ce a intrat ilegal \u00een perimetrul unei institu\u0163ii publice - Revista Urbea Mea - Revista de Alba\",\"isPartOf\":{\"@id\":\"https:\\\/\\\/urbeamea.ro\\\/albaiulia\\\/#website\"},\"primaryImageOfPage\":{\"@id\":\"https:\\\/\\\/urbeamea.ro\\\/albaiulia\\\/tanar-din-alba-iulia-amendat-de-jandarmi-dupa-ce-a-intrat-ilegal-in-perimetrul-unei-institutii-publice\\\/#primaryimage\"},\"image\":{\"@id\":\"https:\\\/\\\/urbeamea.ro\\\/albaiulia\\\/tanar-din-alba-iulia-amendat-de-jandarmi-dupa-ce-a-intrat-ilegal-in-perimetrul-unei-institutii-publice\\\/#primaryimage\"},\"thumbnailUrl\":\"https:\\\/\\\/urbeamea.ro\\\/albaiulia\\\/wp-content\\\/uploads\\\/2015\\\/07\\\/jandarmeria.jpg\",\"datePublished\":\"2016-04-27T07:11:49+00:00\",\"author\":{\"@id\":\"https:\\\/\\\/urbeamea.ro\\\/albaiulia\\\/#\\\/schema\\\/person\\\/9700d21fae21c4f038b0b56f4506264a\"},\"description\":\"Un t\u00e2n\u0103r din Alba Iulia s-a ales cu amend\u0103 de 500 de lei dup\u0103 ce a intrat ilegal \u00een perimetrul unei institu\u0163ii publice din zona Cet\u0103\u0163ii Alba Carolina. A\",\"breadcrumb\":{\"@id\":\"https:\\\/\\\/urbeamea.ro\\\/albaiulia\\\/tanar-din-alba-iulia-amendat-de-jandarmi-dupa-ce-a-intrat-ilegal-in-perimetrul-unei-institutii-publice\\\/#breadcrumb\"},\"inLanguage\":\"ro-RO\",\"potentialAction\":[{\"@type\":\"ReadAction\",\"target\":[\"https:\\\/\\\/urbeamea.ro\\\/albaiulia\\\/tanar-din-alba-iulia-amendat-de-jandarmi-dupa-ce-a-intrat-ilegal-in-perimetrul-unei-institutii-publice\\\/\"]}]},{\"@type\":\"ImageObject\",\"inLanguage\":\"ro-RO\",\"@id\":\"https:\\\/\\\/urbeamea.ro\\\/albaiulia\\\/tanar-din-alba-iulia-amendat-de-jandarmi-dupa-ce-a-intrat-ilegal-in-perimetrul-unei-institutii-publice\\\/#primaryimage\",\"url\":\"https:\\\/\\\/urbeamea.ro\\\/albaiulia\\\/wp-content\\\/uploads\\\/2015\\\/07\\\/jandarmeria.jpg\",\"contentUrl\":\"https:\\\/\\\/urbeamea.ro\\\/albaiulia\\\/wp-content\\\/uploads\\\/2015\\\/07\\\/jandarmeria.jpg\",\"width\":800,\"height\":600},{\"@type\":\"BreadcrumbList\",\"@id\":\"https:\\\/\\\/urbeamea.ro\\\/albaiulia\\\/tanar-din-alba-iulia-amendat-de-jandarmi-dupa-ce-a-intrat-ilegal-in-perimetrul-unei-institutii-publice\\\/#breadcrumb\",\"itemListElement\":[{\"@type\":\"ListItem\",\"position\":1,\"name\":\"Prima pagin\u0103\",\"item\":\"https:\\\/\\\/urbeamea.ro\\\/albaiulia\\\/\"},{\"@type\":\"ListItem\",\"position\":2,\"name\":\"T\u00e2n\u0103r din Alba Iulia, amendat de jandarmi dup\u0103 ce a intrat ilegal \u00een perimetrul unei institu\u0163ii publice\"}]},{\"@type\":\"WebSite\",\"@id\":\"https:\\\/\\\/urbeamea.ro\\\/albaiulia\\\/#website\",\"url\":\"https:\\\/\\\/urbeamea.ro\\\/albaiulia\\\/\",\"name\":\"Revista Urbea Mea, Stiri urbane\",\"description\":\"Evenimente \u0219i \u0219tiri din Alba Iulia, Sebe\u0219, Aiud, Blaj\",\"potentialAction\":[{\"@type\":\"SearchAction\",\"target\":{\"@type\":\"EntryPoint\",\"urlTemplate\":\"https:\\\/\\\/urbeamea.ro\\\/albaiulia\\\/?s={search_term_string}\"},\"query-input\":{\"@type\":\"PropertyValueSpecification\",\"valueRequired\":true,\"valueName\":\"search_term_string\"}}],\"inLanguage\":\"ro-RO\"},{\"@type\":\"Person\",\"@id\":\"https:\\\/\\\/urbeamea.ro\\\/albaiulia\\\/#\\\/schema\\\/person\\\/9700d21fae21c4f038b0b56f4506264a\",\"name\":\"Cristina Ganga\",\"image\":{\"@type\":\"ImageObject\",\"inLanguage\":\"ro-RO\",\"@id\":\"https:\\\/\\\/secure.gravatar.com\\\/avatar\\\/5a67661041f057b4a8ccaf26f5a8e86e2689372006d01faf3dd9eeb10b654bb4?s=96&d=mm&r=g\",\"url\":\"https:\\\/\\\/secure.gravatar.com\\\/avatar\\\/5a67661041f057b4a8ccaf26f5a8e86e2689372006d01faf3dd9eeb10b654bb4?s=96&d=mm&r=g\",\"contentUrl\":\"https:\\\/\\\/secure.gravatar.com\\\/avatar\\\/5a67661041f057b4a8ccaf26f5a8e86e2689372006d01faf3dd9eeb10b654bb4?s=96&d=mm&r=g\",\"caption\":\"Cristina Ganga\"},\"description\":\"Jurnalist\",\"sameAs\":[\"https:\\\/\\\/www.facebook.com\\\/cristina.nicola.587\"],\"url\":\"https:\\\/\\\/urbeamea.ro\\\/albaiulia\\\/author\\\/cristina-nicola\\\/\"}]}<\/script>\n<!-- \/ Yoast SEO plugin. -->","yoast_head_json":{"title":"T\u00e2n\u0103r din Alba Iulia, amendat de jandarmi dup\u0103 ce a intrat ilegal \u00een perimetrul unei institu\u0163ii publice - Revista Urbea Mea - Revista de Alba","description":"Un t\u00e2n\u0103r din Alba Iulia s-a ales cu amend\u0103 de 500 de lei dup\u0103 ce a intrat ilegal \u00een perimetrul unei institu\u0163ii publice din zona Cet\u0103\u0163ii Alba Carolina. A","robots":{"index":"index","follow":"follow","max-snippet":"max-snippet:-1","max-image-preview":"max-image-preview:large","max-video-preview":"max-video-preview:-1"},"canonical":"https:\/\/urbeamea.ro\/albaiulia\/tanar-din-alba-iulia-amendat-de-jandarmi-dupa-ce-a-intrat-ilegal-in-perimetrul-unei-institutii-publice\/","twitter_card":"summary_large_image","twitter_title":"T\u00e2n\u0103r din Alba Iulia, amendat de jandarmi dup\u0103 ce a intrat ilegal \u00een perimetrul unei institu\u0163ii publice - Revista Urbea Mea - Revista de Alba","twitter_description":"Un t\u00e2n\u0103r din Alba Iulia s-a ales cu amend\u0103 de 500 de lei dup\u0103 ce a intrat ilegal \u00een perimetrul unei institu\u0163ii publice din zona Cet\u0103\u0163ii Alba Carolina. A","twitter_image":"https:\/\/urbeamea.ro\/albaiulia\/wp-content\/uploads\/2015\/07\/jandarmeria.jpg","twitter_creator":"@urbeameaweb","twitter_site":"@urbeameaweb","schema":{"@context":"https:\/\/schema.org","@graph":[{"@type":"Article","@id":"https:\/\/urbeamea.ro\/albaiulia\/tanar-din-alba-iulia-amendat-de-jandarmi-dupa-ce-a-intrat-ilegal-in-perimetrul-unei-institutii-publice\/#article","isPartOf":{"@id":"https:\/\/urbeamea.ro\/albaiulia\/tanar-din-alba-iulia-amendat-de-jandarmi-dupa-ce-a-intrat-ilegal-in-perimetrul-unei-institutii-publice\/"},"author":{"name":"Cristina Ganga","@id":"https:\/\/urbeamea.ro\/albaiulia\/#\/schema\/person\/9700d21fae21c4f038b0b56f4506264a"},"headline":"T\u00e2n\u0103r din Alba Iulia, amendat de jandarmi dup\u0103 ce a intrat ilegal \u00een perimetrul unei institu\u0163ii publice","datePublished":"2016-04-27T07:11:49+00:00","mainEntityOfPage":{"@id":"https:\/\/urbeamea.ro\/albaiulia\/tanar-din-alba-iulia-amendat-de-jandarmi-dupa-ce-a-intrat-ilegal-in-perimetrul-unei-institutii-publice\/"},"wordCount":416,"commentCount":0,"image":{"@id":"https:\/\/urbeamea.ro\/albaiulia\/tanar-din-alba-iulia-amendat-de-jandarmi-dupa-ce-a-intrat-ilegal-in-perimetrul-unei-institutii-publice\/#primaryimage"},"thumbnailUrl":"https:\/\/urbeamea.ro\/albaiulia\/wp-content\/uploads\/2015\/07\/jandarmeria.jpg","keywords":["Alba Iulia","amenda","cetatea alba carolina","institutie publica","jandarmi","melci","stiri","Urbea Mea"],"articleSection":["Social"],"inLanguage":"ro-RO","potentialAction":[{"@type":"CommentAction","name":"Comment","target":["https:\/\/urbeamea.ro\/albaiulia\/tanar-din-alba-iulia-amendat-de-jandarmi-dupa-ce-a-intrat-ilegal-in-perimetrul-unei-institutii-publice\/#respond"]}]},{"@type":"WebPage","@id":"https:\/\/urbeamea.ro\/albaiulia\/tanar-din-alba-iulia-amendat-de-jandarmi-dupa-ce-a-intrat-ilegal-in-perimetrul-unei-institutii-publice\/","url":"https:\/\/urbeamea.ro\/albaiulia\/tanar-din-alba-iulia-amendat-de-jandarmi-dupa-ce-a-intrat-ilegal-in-perimetrul-unei-institutii-publice\/","name":"T\u00e2n\u0103r din Alba Iulia, amendat de jandarmi dup\u0103 ce a intrat ilegal \u00een perimetrul unei institu\u0163ii publice - Revista Urbea Mea - Revista de Alba","isPartOf":{"@id":"https:\/\/urbeamea.ro\/albaiulia\/#website"},"primaryImageOfPage":{"@id":"https:\/\/urbeamea.ro\/albaiulia\/tanar-din-alba-iulia-amendat-de-jandarmi-dupa-ce-a-intrat-ilegal-in-perimetrul-unei-institutii-publice\/#primaryimage"},"image":{"@id":"https:\/\/urbeamea.ro\/albaiulia\/tanar-din-alba-iulia-amendat-de-jandarmi-dupa-ce-a-intrat-ilegal-in-perimetrul-unei-institutii-publice\/#primaryimage"},"thumbnailUrl":"https:\/\/urbeamea.ro\/albaiulia\/wp-content\/uploads\/2015\/07\/jandarmeria.jpg","datePublished":"2016-04-27T07:11:49+00:00","author":{"@id":"https:\/\/urbeamea.ro\/albaiulia\/#\/schema\/person\/9700d21fae21c4f038b0b56f4506264a"},"description":"Un t\u00e2n\u0103r din Alba Iulia s-a ales cu amend\u0103 de 500 de lei dup\u0103 ce a intrat ilegal \u00een perimetrul unei institu\u0163ii publice din zona Cet\u0103\u0163ii Alba Carolina. A","breadcrumb":{"@id":"https:\/\/urbeamea.ro\/albaiulia\/tanar-din-alba-iulia-amendat-de-jandarmi-dupa-ce-a-intrat-ilegal-in-perimetrul-unei-institutii-publice\/#breadcrumb"},"inLanguage":"ro-RO","potentialAction":[{"@type":"ReadAction","target":["https:\/\/urbeamea.ro\/albaiulia\/tanar-din-alba-iulia-amendat-de-jandarmi-dupa-ce-a-intrat-ilegal-in-perimetrul-unei-institutii-publice\/"]}]},{"@type":"ImageObject","inLanguage":"ro-RO","@id":"https:\/\/urbeamea.ro\/albaiulia\/tanar-din-alba-iulia-amendat-de-jandarmi-dupa-ce-a-intrat-ilegal-in-perimetrul-unei-institutii-publice\/#primaryimage","url":"https:\/\/urbeamea.ro\/albaiulia\/wp-content\/uploads\/2015\/07\/jandarmeria.jpg","contentUrl":"https:\/\/urbeamea.ro\/albaiulia\/wp-content\/uploads\/2015\/07\/jandarmeria.jpg","width":800,"height":600},{"@type":"BreadcrumbList","@id":"https:\/\/urbeamea.ro\/albaiulia\/tanar-din-alba-iulia-amendat-de-jandarmi-dupa-ce-a-intrat-ilegal-in-perimetrul-unei-institutii-publice\/#breadcrumb","itemListElement":[{"@type":"ListItem","position":1,"name":"Prima pagin\u0103","item":"https:\/\/urbeamea.ro\/albaiulia\/"},{"@type":"ListItem","position":2,"name":"T\u00e2n\u0103r din Alba Iulia, amendat de jandarmi dup\u0103 ce a intrat ilegal \u00een perimetrul unei institu\u0163ii publice"}]},{"@type":"WebSite","@id":"https:\/\/urbeamea.ro\/albaiulia\/#website","url":"https:\/\/urbeamea.ro\/albaiulia\/","name":"Revista Urbea Mea, Stiri urbane","description":"Evenimente \u0219i \u0219tiri din Alba Iulia, Sebe\u0219, Aiud, Blaj","potentialAction":[{"@type":"SearchAction","target":{"@type":"EntryPoint","urlTemplate":"https:\/\/urbeamea.ro\/albaiulia\/?s={search_term_string}"},"query-input":{"@type":"PropertyValueSpecification","valueRequired":true,"valueName":"search_term_string"}}],"inLanguage":"ro-RO"},{"@type":"Person","@id":"https:\/\/urbeamea.ro\/albaiulia\/#\/schema\/person\/9700d21fae21c4f038b0b56f4506264a","name":"Cristina Ganga","image":{"@type":"ImageObject","inLanguage":"ro-RO","@id":"https:\/\/secure.gravatar.com\/avatar\/5a67661041f057b4a8ccaf26f5a8e86e2689372006d01faf3dd9eeb10b654bb4?s=96&d=mm&r=g","url":"https:\/\/secure.gravatar.com\/avatar\/5a67661041f057b4a8ccaf26f5a8e86e2689372006d01faf3dd9eeb10b654bb4?s=96&d=mm&r=g","contentUrl":"https:\/\/secure.gravatar.com\/avatar\/5a67661041f057b4a8ccaf26f5a8e86e2689372006d01faf3dd9eeb10b654bb4?s=96&d=mm&r=g","caption":"Cristina Ganga"},"description":"Jurnalist","sameAs":["https:\/\/www.facebook.com\/cristina.nicola.587"],"url":"https:\/\/urbeamea.ro\/albaiulia\/author\/cristina-nicola\/"}]}},"_links":{"self":[{"href":"https:\/\/urbeamea.ro\/albaiulia\/wp-json\/wp\/v2\/posts\/22966","targetHints":{"allow":["GET"]}}],"collection":[{"href":"https:\/\/urbeamea.ro\/albaiulia\/wp-json\/wp\/v2\/posts"}],"about":[{"href":"https:\/\/urbeamea.ro\/albaiulia\/wp-json\/wp\/v2\/types\/post"}],"author":[{"embeddable":true,"href":"https:\/\/urbeamea.ro\/albaiulia\/wp-json\/wp\/v2\/users\/17"}],"replies":[{"embeddable":true,"href":"https:\/\/urbeamea.ro\/albaiulia\/wp-json\/wp\/v2\/comments?post=22966"}],"version-history":[{"count":0,"href":"https:\/\/urbeamea.ro\/albaiulia\/wp-json\/wp\/v2\/posts\/22966\/revisions"}],"wp:featuredmedia":[{"embeddable":true,"href":"https:\/\/urbeamea.ro\/albaiulia\/wp-json\/wp\/v2\/media\/5941"}],"wp:attachment":[{"href":"https:\/\/urbeamea.ro\/albaiulia\/wp-json\/wp\/v2\/media?parent=22966"}],"wp:term":[{"taxonomy":"category","embeddable":true,"href":"https:\/\/urbeamea.ro\/albaiulia\/wp-json\/wp\/v2\/categories?post=22966"},{"taxonomy":"post_tag","embeddable":true,"href":"https:\/\/urbeamea.ro\/albaiulia\/wp-json\/wp\/v2\/tags?post=22966"}],"curies":[{"name":"wp","href":"https:\/\/api.w.org\/{rel}","templated":true}]}}