{"id":22980,"date":"2016-04-27T11:53:46","date_gmt":"2016-04-27T08:53:46","guid":{"rendered":"http:\/\/urbeamea.ro\/albaiulia\/?p=22980"},"modified":"2016-04-27T12:08:41","modified_gmt":"2016-04-27T09:08:41","slug":"miercurea-mare-ziua-in-care-iisus-a-fost-tradat-de-iuda","status":"publish","type":"post","link":"https:\/\/urbeamea.ro\/albaiulia\/miercurea-mare-ziua-in-care-iisus-a-fost-tradat-de-iuda\/","title":{"rendered":"Miercurea Mare, ziua \u00een care Iisus a fost tr\u0103dat de Iuda"},"content":{"rendered":"<p><strong><img loading=\"lazy\" decoding=\"async\" class=\"size-medium wp-image-22982 alignleft\" src=\"http:\/\/urbeamea.ro\/albaiulia\/wp-content\/uploads\/2016\/04\/miercurea-mare-300x224.jpg\" alt=\"miercurea-mare\" width=\"300\" height=\"224\" srcset=\"https:\/\/urbeamea.ro\/albaiulia\/wp-content\/uploads\/2016\/04\/miercurea-mare-300x224.jpg 300w, https:\/\/urbeamea.ro\/albaiulia\/wp-content\/uploads\/2016\/04\/miercurea-mare-150x112.jpg 150w, https:\/\/urbeamea.ro\/albaiulia\/wp-content\/uploads\/2016\/04\/miercurea-mare.jpg 373w\" sizes=\"auto, (max-width: 300px) 100vw, 300px\" \/>Au mai r\u0103mas doar\u00a0c\u00e2teva zile p\u00e2n\u0103 la s\u0103rb\u0103toarea \u00cenvierii Domnului. P\u00e2n\u0103 atunci, pe l\u00e2ng\u0103 post, cre\u0219tinii trebuie s\u0103 se p<\/strong><strong>reg\u0103teasc\u0103 \u0219i de \u00eent\u00e2mpinarea s\u0103rb\u0103torii Pa\u0219telui \u00een gospod\u0103rii.<\/strong><\/p>\n<p><strong>\u00cen Miercurea Mare este ultima zi \u00een care se mai pot face treburi pe c\u00e2mp sau se mai spal\u0103 \u0219i calc\u0103. Din aceast\u0103 zi, se spune c\u0103 b\u0103rba\u021bii trebuie s\u0103 stea pe l\u00e2ng\u0103 cas\u0103 \u0219i s\u0103 \u00ee\u0219i ajute nevestele.<\/strong><\/p>\n<p>Miercurea Mare a S\u0103pt\u0103m\u00e2nii Patimilor ne apropie de Sfintele Pa\u015fti. Denia care se \u021bine \u00een aceast\u0103 sear\u0103 \u00eel aduce \u00een prim-plan pe Iuda, apostolul tr\u0103d\u0103tor \u015fi, totodat\u0103,\u00a0se face pomenirea femeii p\u0103c\u0103toase care, \u00een dorin\u0163a de a i se ierta p\u0103catele, a sp\u0103lat cu lacrimi \u015fi a uns cu mir picioarele M\u00e2ntuitorului, \u00eenainte de Patima Sa, ca simbol al poc\u0103in\u0163ei \u015fi \u00eendrept\u0103rii omului p\u0103c\u0103tos.<\/p>\n<p>Aceasta este ziua \u00een care Iuda Iscarioteanul L-a v\u00e2ndut pe Iisus pentru treizeci de argin\u0163i fariseilor \u015fi c\u0103rturarilor ce voiau s\u0103-L ucid\u0103. Gestul lui Iuda a f\u0103cut ca, mai t\u00e2rziu, ziua de miercuri s\u0103 fie declarat\u0103 zi de post. Astfel, al\u0103turi de vineri (ziua \u00een care Iisus a fost r\u0103stignit), Miercurea Mare este una din cele dou\u0103 zile ale s\u0103pt\u0103m\u00e2nii \u00een care cre\u015ftinii postesc pe tot parcursul anului, cu excep\u0163iile zilelor marcate ca \u201ehar\u0163i\u201d \u00een calendarul ortodox.<\/p>\n<p>\u015ei tot \u00een aceast\u0103 zi, Iuda Iscarioteanul, unul din cei doisprezece apostoli, se duce la arhierei pentru a-L vinde pe Hristos: \u201eA zis: \u00abCe voi\u0163i s\u0103 \u00eemi da\u0163i \u015fi eu \u00cel voi da \u00een m\u00e2inile voastre?\u00bb Iar ei i-au dat treizeci de argin\u0163i. \u015ei de atunci c\u0103uta un prilej potrivit ca s\u0103-L dea \u00een m\u00e2inile lor\u201d (Matei, 26, 15-16).<\/p>\n<p>\u201e<strong>\u015ei \u00eempreun\u0103 s-au sf\u0103tuit ca s\u0103 prind\u0103 pe Iisus, cu vicle\u015fug, \u015fi s\u0103-L ucid\u0103\u201d<\/strong><\/p>\n<p>\u00cen acest timp, \u00een Ierusalim se urzea \u00een tain\u0103 r\u0103zbunarea fariseilor \u015fi a c\u0103rturarilor, care hot\u0103r\u0103sc moartea M\u00e2ntuitorului. Primit ca un adev\u0103rat Mesia \u00een Ierusalim, \u00een Duminica Floriilor, de c\u0103tre mul\u0163imea entuziasmat\u0103 de binefacerile \u015fi minunile Lui, Domnul Iisus Hristos intrase \u00een templu, de unde \u00eei izgonise pe negustori \u015fi d\u0103r\u00e2mase mesele schimb\u0103torilor de bani. \u201e\u015ei \u00eei \u00eenv\u0103\u0163a \u015fi le spunea: Nu este, oare, scris: \u00abCasa Mea cas\u0103 de rug\u0103ciune se va chema, pentru toate neamurile\u00bb? Dar voi a\u0163i f\u0103cut din ea pe\u015fter\u0103 de t\u00e2lhari!\u201d (Marcu, 11.17).<\/p>\n<p>\u201eVai vou\u0103, c\u0103rturarilor \u015fi fariseilor f\u0103\u0163arnici! C\u0103 sem\u0103na\u0163i cu mormintele cele v\u0103ruite, care pe dinafar\u0103 se arat\u0103 frumoase, \u00een\u0103untru \u00eens\u0103 sunt pline de oase de mor\u0163i \u015fi de toat\u0103 necur\u0103\u0163ia\u201d\u2026 \u201eNebuni \u015fi orbi!\u201d (Matei, 23.27), toate aceste replici au umplut paharul de ur\u0103 al fariseilor fa\u0163\u0103 de Iisus.<\/p>\n<p>Miercurea este ziua \u00een care c\u0103rturarii \u015fi fariseii au f\u0103cut sfat pentru prinderea \u015fi uciderea M\u00e2ntuitorului, tem\u00e2ndu-se de puterea pe care o avea asupra mul\u0163imilor. \u201e\u015ei \u00eempreun\u0103 s-au sf\u0103tuit ca s\u0103 prind\u0103 pe Iisus, cu vicle\u015fug, \u015fi s\u0103-L ucid\u0103\u201d (Matei, 26.4). \u015ei tot acum, Iuda Iscarioteanul, unul din cei doisprezece apostoli, se duce la arhierei pentru a-L vinde pe Hristos: \u201eA zis: \u00abCe voi\u0163i s\u0103 \u00eemi da\u0163i \u015fi eu \u00cel voi da \u00een m\u00e2inile voastre?\u00bb Iar ei i-au dat treizeci de argin\u0163i. \u015ei de atunci c\u0103uta un prilej potrivit ca s\u0103-L dea \u00een m\u00e2inile lor\u201d (Matei, 26, 15-16).<\/p>\n<p><em>sursa: crestinortodox.ro<\/em><\/p>\n","protected":false},"excerpt":{"rendered":"<p>Au mai r\u0103mas doar\u00a0c\u00e2teva zile p\u00e2n\u0103 la s\u0103rb\u0103toarea \u00cenvierii Domnului. P\u00e2n\u0103 atunci, pe l\u00e2ng\u0103 post, cre\u0219tinii trebuie s\u0103 se preg\u0103teasc\u0103 \u0219i de \u00eent\u00e2mpinarea s\u0103rb\u0103torii Pa\u0219telui \u00een gospod\u0103rii. \u00cen Miercurea Mare este ultima zi \u00een care se mai pot face treburi pe c\u00e2mp sau se mai spal\u0103 \u0219i calc\u0103. Din aceast\u0103 zi, se spune c\u0103 b\u0103rba\u021bii &hellip;<\/p>\n","protected":false},"author":17,"featured_media":22982,"comment_status":"open","ping_status":"open","sticky":false,"template":"","format":"standard","meta":{"inline_featured_image":false,"footnotes":""},"categories":[2034],"tags":[1853,4791,3687,4790,4789,3866,1563,308,4792,76],"class_list":["post-22980","post","type-post","status-publish","format-standard","has-post-thumbnail","hentry","category-social","tag-gospodarii","tag-iisus","tag-invierea-domnului","tag-iuda","tag-miercurea-mare","tag-post","tag-sarbatoare","tag-stiri","tag-tradare","tag-urbea-mea"],"yoast_head":"<!-- This site is optimized with the Yoast SEO plugin v28.3 - https:\/\/yoast.com\/product\/yoast-seo-wordpress\/ -->\n<title>Miercurea Mare, ziua \u00een care Iisus a fost tr\u0103dat de Iuda - Revista Urbea Mea - Revista de Alba<\/title>\n<meta name=\"description\" content=\"Au mai r\u0103mas doar\u00a0c\u00e2teva zile p\u00e2n\u0103 la s\u0103rb\u0103toarea \u00cenvierii Domnului. P\u00e2n\u0103 atunci, pe l\u00e2ng\u0103 post, cre\u0219tinii trebuie s\u0103 se preg\u0103teasc\u0103 \u0219i de \u00eent\u00e2mpinarea\" \/>\n<meta name=\"robots\" content=\"index, follow, max-snippet:-1, max-image-preview:large, max-video-preview:-1\" \/>\n<link rel=\"canonical\" href=\"https:\/\/urbeamea.ro\/albaiulia\/miercurea-mare-ziua-in-care-iisus-a-fost-tradat-de-iuda\/\" \/>\n<meta name=\"twitter:card\" content=\"summary_large_image\" \/>\n<meta name=\"twitter:title\" content=\"Miercurea Mare, ziua \u00een care Iisus a fost tr\u0103dat de Iuda - Revista Urbea Mea - Revista de Alba\" \/>\n<meta name=\"twitter:description\" content=\"Au mai r\u0103mas doar\u00a0c\u00e2teva zile p\u00e2n\u0103 la s\u0103rb\u0103toarea \u00cenvierii Domnului. P\u00e2n\u0103 atunci, pe l\u00e2ng\u0103 post, cre\u0219tinii trebuie s\u0103 se preg\u0103teasc\u0103 \u0219i de \u00eent\u00e2mpinarea\" \/>\n<meta name=\"twitter:image\" content=\"https:\/\/urbeamea.ro\/albaiulia\/wp-content\/uploads\/2016\/04\/miercurea-mare.jpg\" \/>\n<meta name=\"twitter:creator\" content=\"@urbeameaweb\" \/>\n<meta name=\"twitter:site\" content=\"@urbeameaweb\" \/>\n<script type=\"application\/ld+json\" class=\"yoast-schema-graph\">{\"@context\":\"https:\\\/\\\/schema.org\",\"@graph\":[{\"@type\":\"Article\",\"@id\":\"https:\\\/\\\/urbeamea.ro\\\/albaiulia\\\/miercurea-mare-ziua-in-care-iisus-a-fost-tradat-de-iuda\\\/#article\",\"isPartOf\":{\"@id\":\"https:\\\/\\\/urbeamea.ro\\\/albaiulia\\\/miercurea-mare-ziua-in-care-iisus-a-fost-tradat-de-iuda\\\/\"},\"author\":{\"name\":\"Cristina Ganga\",\"@id\":\"https:\\\/\\\/urbeamea.ro\\\/albaiulia\\\/#\\\/schema\\\/person\\\/9700d21fae21c4f038b0b56f4506264a\"},\"headline\":\"Miercurea Mare, ziua \u00een care Iisus a fost tr\u0103dat de Iuda\",\"datePublished\":\"2016-04-27T08:53:46+00:00\",\"dateModified\":\"2016-04-27T09:08:41+00:00\",\"mainEntityOfPage\":{\"@id\":\"https:\\\/\\\/urbeamea.ro\\\/albaiulia\\\/miercurea-mare-ziua-in-care-iisus-a-fost-tradat-de-iuda\\\/\"},\"wordCount\":624,\"commentCount\":0,\"image\":{\"@id\":\"https:\\\/\\\/urbeamea.ro\\\/albaiulia\\\/miercurea-mare-ziua-in-care-iisus-a-fost-tradat-de-iuda\\\/#primaryimage\"},\"thumbnailUrl\":\"https:\\\/\\\/urbeamea.ro\\\/albaiulia\\\/wp-content\\\/uploads\\\/2016\\\/04\\\/miercurea-mare.jpg\",\"keywords\":[\"gospodarii\",\"iisus\",\"invierea domnului\",\"iuda\",\"miercurea mare\",\"post\",\"sarbatoare\",\"stiri\",\"tradare\",\"Urbea Mea\"],\"articleSection\":[\"Social\"],\"inLanguage\":\"ro-RO\",\"potentialAction\":[{\"@type\":\"CommentAction\",\"name\":\"Comment\",\"target\":[\"https:\\\/\\\/urbeamea.ro\\\/albaiulia\\\/miercurea-mare-ziua-in-care-iisus-a-fost-tradat-de-iuda\\\/#respond\"]}]},{\"@type\":\"WebPage\",\"@id\":\"https:\\\/\\\/urbeamea.ro\\\/albaiulia\\\/miercurea-mare-ziua-in-care-iisus-a-fost-tradat-de-iuda\\\/\",\"url\":\"https:\\\/\\\/urbeamea.ro\\\/albaiulia\\\/miercurea-mare-ziua-in-care-iisus-a-fost-tradat-de-iuda\\\/\",\"name\":\"Miercurea Mare, ziua \u00een care Iisus a fost tr\u0103dat de Iuda - Revista Urbea Mea - Revista de Alba\",\"isPartOf\":{\"@id\":\"https:\\\/\\\/urbeamea.ro\\\/albaiulia\\\/#website\"},\"primaryImageOfPage\":{\"@id\":\"https:\\\/\\\/urbeamea.ro\\\/albaiulia\\\/miercurea-mare-ziua-in-care-iisus-a-fost-tradat-de-iuda\\\/#primaryimage\"},\"image\":{\"@id\":\"https:\\\/\\\/urbeamea.ro\\\/albaiulia\\\/miercurea-mare-ziua-in-care-iisus-a-fost-tradat-de-iuda\\\/#primaryimage\"},\"thumbnailUrl\":\"https:\\\/\\\/urbeamea.ro\\\/albaiulia\\\/wp-content\\\/uploads\\\/2016\\\/04\\\/miercurea-mare.jpg\",\"datePublished\":\"2016-04-27T08:53:46+00:00\",\"dateModified\":\"2016-04-27T09:08:41+00:00\",\"author\":{\"@id\":\"https:\\\/\\\/urbeamea.ro\\\/albaiulia\\\/#\\\/schema\\\/person\\\/9700d21fae21c4f038b0b56f4506264a\"},\"description\":\"Au mai r\u0103mas doar\u00a0c\u00e2teva zile p\u00e2n\u0103 la s\u0103rb\u0103toarea \u00cenvierii Domnului. P\u00e2n\u0103 atunci, pe l\u00e2ng\u0103 post, cre\u0219tinii trebuie s\u0103 se preg\u0103teasc\u0103 \u0219i de \u00eent\u00e2mpinarea\",\"breadcrumb\":{\"@id\":\"https:\\\/\\\/urbeamea.ro\\\/albaiulia\\\/miercurea-mare-ziua-in-care-iisus-a-fost-tradat-de-iuda\\\/#breadcrumb\"},\"inLanguage\":\"ro-RO\",\"potentialAction\":[{\"@type\":\"ReadAction\",\"target\":[\"https:\\\/\\\/urbeamea.ro\\\/albaiulia\\\/miercurea-mare-ziua-in-care-iisus-a-fost-tradat-de-iuda\\\/\"]}]},{\"@type\":\"ImageObject\",\"inLanguage\":\"ro-RO\",\"@id\":\"https:\\\/\\\/urbeamea.ro\\\/albaiulia\\\/miercurea-mare-ziua-in-care-iisus-a-fost-tradat-de-iuda\\\/#primaryimage\",\"url\":\"https:\\\/\\\/urbeamea.ro\\\/albaiulia\\\/wp-content\\\/uploads\\\/2016\\\/04\\\/miercurea-mare.jpg\",\"contentUrl\":\"https:\\\/\\\/urbeamea.ro\\\/albaiulia\\\/wp-content\\\/uploads\\\/2016\\\/04\\\/miercurea-mare.jpg\",\"width\":373,\"height\":279},{\"@type\":\"BreadcrumbList\",\"@id\":\"https:\\\/\\\/urbeamea.ro\\\/albaiulia\\\/miercurea-mare-ziua-in-care-iisus-a-fost-tradat-de-iuda\\\/#breadcrumb\",\"itemListElement\":[{\"@type\":\"ListItem\",\"position\":1,\"name\":\"Prima pagin\u0103\",\"item\":\"https:\\\/\\\/urbeamea.ro\\\/albaiulia\\\/\"},{\"@type\":\"ListItem\",\"position\":2,\"name\":\"Miercurea Mare, ziua \u00een care Iisus a fost tr\u0103dat de Iuda\"}]},{\"@type\":\"WebSite\",\"@id\":\"https:\\\/\\\/urbeamea.ro\\\/albaiulia\\\/#website\",\"url\":\"https:\\\/\\\/urbeamea.ro\\\/albaiulia\\\/\",\"name\":\"Revista Urbea Mea, Stiri urbane\",\"description\":\"Evenimente \u0219i \u0219tiri din Alba Iulia, Sebe\u0219, Aiud, Blaj\",\"potentialAction\":[{\"@type\":\"SearchAction\",\"target\":{\"@type\":\"EntryPoint\",\"urlTemplate\":\"https:\\\/\\\/urbeamea.ro\\\/albaiulia\\\/?s={search_term_string}\"},\"query-input\":{\"@type\":\"PropertyValueSpecification\",\"valueRequired\":true,\"valueName\":\"search_term_string\"}}],\"inLanguage\":\"ro-RO\"},{\"@type\":\"Person\",\"@id\":\"https:\\\/\\\/urbeamea.ro\\\/albaiulia\\\/#\\\/schema\\\/person\\\/9700d21fae21c4f038b0b56f4506264a\",\"name\":\"Cristina Ganga\",\"image\":{\"@type\":\"ImageObject\",\"inLanguage\":\"ro-RO\",\"@id\":\"https:\\\/\\\/secure.gravatar.com\\\/avatar\\\/5a67661041f057b4a8ccaf26f5a8e86e2689372006d01faf3dd9eeb10b654bb4?s=96&d=mm&r=g\",\"url\":\"https:\\\/\\\/secure.gravatar.com\\\/avatar\\\/5a67661041f057b4a8ccaf26f5a8e86e2689372006d01faf3dd9eeb10b654bb4?s=96&d=mm&r=g\",\"contentUrl\":\"https:\\\/\\\/secure.gravatar.com\\\/avatar\\\/5a67661041f057b4a8ccaf26f5a8e86e2689372006d01faf3dd9eeb10b654bb4?s=96&d=mm&r=g\",\"caption\":\"Cristina Ganga\"},\"description\":\"Jurnalist\",\"sameAs\":[\"https:\\\/\\\/www.facebook.com\\\/cristina.nicola.587\"],\"url\":\"https:\\\/\\\/urbeamea.ro\\\/albaiulia\\\/author\\\/cristina-nicola\\\/\"}]}<\/script>\n<!-- \/ Yoast SEO plugin. -->","yoast_head_json":{"title":"Miercurea Mare, ziua \u00een care Iisus a fost tr\u0103dat de Iuda - Revista Urbea Mea - Revista de Alba","description":"Au mai r\u0103mas doar\u00a0c\u00e2teva zile p\u00e2n\u0103 la s\u0103rb\u0103toarea \u00cenvierii Domnului. P\u00e2n\u0103 atunci, pe l\u00e2ng\u0103 post, cre\u0219tinii trebuie s\u0103 se preg\u0103teasc\u0103 \u0219i de \u00eent\u00e2mpinarea","robots":{"index":"index","follow":"follow","max-snippet":"max-snippet:-1","max-image-preview":"max-image-preview:large","max-video-preview":"max-video-preview:-1"},"canonical":"https:\/\/urbeamea.ro\/albaiulia\/miercurea-mare-ziua-in-care-iisus-a-fost-tradat-de-iuda\/","twitter_card":"summary_large_image","twitter_title":"Miercurea Mare, ziua \u00een care Iisus a fost tr\u0103dat de Iuda - Revista Urbea Mea - Revista de Alba","twitter_description":"Au mai r\u0103mas doar\u00a0c\u00e2teva zile p\u00e2n\u0103 la s\u0103rb\u0103toarea \u00cenvierii Domnului. P\u00e2n\u0103 atunci, pe l\u00e2ng\u0103 post, cre\u0219tinii trebuie s\u0103 se preg\u0103teasc\u0103 \u0219i de \u00eent\u00e2mpinarea","twitter_image":"https:\/\/urbeamea.ro\/albaiulia\/wp-content\/uploads\/2016\/04\/miercurea-mare.jpg","twitter_creator":"@urbeameaweb","twitter_site":"@urbeameaweb","schema":{"@context":"https:\/\/schema.org","@graph":[{"@type":"Article","@id":"https:\/\/urbeamea.ro\/albaiulia\/miercurea-mare-ziua-in-care-iisus-a-fost-tradat-de-iuda\/#article","isPartOf":{"@id":"https:\/\/urbeamea.ro\/albaiulia\/miercurea-mare-ziua-in-care-iisus-a-fost-tradat-de-iuda\/"},"author":{"name":"Cristina Ganga","@id":"https:\/\/urbeamea.ro\/albaiulia\/#\/schema\/person\/9700d21fae21c4f038b0b56f4506264a"},"headline":"Miercurea Mare, ziua \u00een care Iisus a fost tr\u0103dat de Iuda","datePublished":"2016-04-27T08:53:46+00:00","dateModified":"2016-04-27T09:08:41+00:00","mainEntityOfPage":{"@id":"https:\/\/urbeamea.ro\/albaiulia\/miercurea-mare-ziua-in-care-iisus-a-fost-tradat-de-iuda\/"},"wordCount":624,"commentCount":0,"image":{"@id":"https:\/\/urbeamea.ro\/albaiulia\/miercurea-mare-ziua-in-care-iisus-a-fost-tradat-de-iuda\/#primaryimage"},"thumbnailUrl":"https:\/\/urbeamea.ro\/albaiulia\/wp-content\/uploads\/2016\/04\/miercurea-mare.jpg","keywords":["gospodarii","iisus","invierea domnului","iuda","miercurea mare","post","sarbatoare","stiri","tradare","Urbea Mea"],"articleSection":["Social"],"inLanguage":"ro-RO","potentialAction":[{"@type":"CommentAction","name":"Comment","target":["https:\/\/urbeamea.ro\/albaiulia\/miercurea-mare-ziua-in-care-iisus-a-fost-tradat-de-iuda\/#respond"]}]},{"@type":"WebPage","@id":"https:\/\/urbeamea.ro\/albaiulia\/miercurea-mare-ziua-in-care-iisus-a-fost-tradat-de-iuda\/","url":"https:\/\/urbeamea.ro\/albaiulia\/miercurea-mare-ziua-in-care-iisus-a-fost-tradat-de-iuda\/","name":"Miercurea Mare, ziua \u00een care Iisus a fost tr\u0103dat de Iuda - Revista Urbea Mea - Revista de Alba","isPartOf":{"@id":"https:\/\/urbeamea.ro\/albaiulia\/#website"},"primaryImageOfPage":{"@id":"https:\/\/urbeamea.ro\/albaiulia\/miercurea-mare-ziua-in-care-iisus-a-fost-tradat-de-iuda\/#primaryimage"},"image":{"@id":"https:\/\/urbeamea.ro\/albaiulia\/miercurea-mare-ziua-in-care-iisus-a-fost-tradat-de-iuda\/#primaryimage"},"thumbnailUrl":"https:\/\/urbeamea.ro\/albaiulia\/wp-content\/uploads\/2016\/04\/miercurea-mare.jpg","datePublished":"2016-04-27T08:53:46+00:00","dateModified":"2016-04-27T09:08:41+00:00","author":{"@id":"https:\/\/urbeamea.ro\/albaiulia\/#\/schema\/person\/9700d21fae21c4f038b0b56f4506264a"},"description":"Au mai r\u0103mas doar\u00a0c\u00e2teva zile p\u00e2n\u0103 la s\u0103rb\u0103toarea \u00cenvierii Domnului. P\u00e2n\u0103 atunci, pe l\u00e2ng\u0103 post, cre\u0219tinii trebuie s\u0103 se preg\u0103teasc\u0103 \u0219i de \u00eent\u00e2mpinarea","breadcrumb":{"@id":"https:\/\/urbeamea.ro\/albaiulia\/miercurea-mare-ziua-in-care-iisus-a-fost-tradat-de-iuda\/#breadcrumb"},"inLanguage":"ro-RO","potentialAction":[{"@type":"ReadAction","target":["https:\/\/urbeamea.ro\/albaiulia\/miercurea-mare-ziua-in-care-iisus-a-fost-tradat-de-iuda\/"]}]},{"@type":"ImageObject","inLanguage":"ro-RO","@id":"https:\/\/urbeamea.ro\/albaiulia\/miercurea-mare-ziua-in-care-iisus-a-fost-tradat-de-iuda\/#primaryimage","url":"https:\/\/urbeamea.ro\/albaiulia\/wp-content\/uploads\/2016\/04\/miercurea-mare.jpg","contentUrl":"https:\/\/urbeamea.ro\/albaiulia\/wp-content\/uploads\/2016\/04\/miercurea-mare.jpg","width":373,"height":279},{"@type":"BreadcrumbList","@id":"https:\/\/urbeamea.ro\/albaiulia\/miercurea-mare-ziua-in-care-iisus-a-fost-tradat-de-iuda\/#breadcrumb","itemListElement":[{"@type":"ListItem","position":1,"name":"Prima pagin\u0103","item":"https:\/\/urbeamea.ro\/albaiulia\/"},{"@type":"ListItem","position":2,"name":"Miercurea Mare, ziua \u00een care Iisus a fost tr\u0103dat de Iuda"}]},{"@type":"WebSite","@id":"https:\/\/urbeamea.ro\/albaiulia\/#website","url":"https:\/\/urbeamea.ro\/albaiulia\/","name":"Revista Urbea Mea, Stiri urbane","description":"Evenimente \u0219i \u0219tiri din Alba Iulia, Sebe\u0219, Aiud, Blaj","potentialAction":[{"@type":"SearchAction","target":{"@type":"EntryPoint","urlTemplate":"https:\/\/urbeamea.ro\/albaiulia\/?s={search_term_string}"},"query-input":{"@type":"PropertyValueSpecification","valueRequired":true,"valueName":"search_term_string"}}],"inLanguage":"ro-RO"},{"@type":"Person","@id":"https:\/\/urbeamea.ro\/albaiulia\/#\/schema\/person\/9700d21fae21c4f038b0b56f4506264a","name":"Cristina Ganga","image":{"@type":"ImageObject","inLanguage":"ro-RO","@id":"https:\/\/secure.gravatar.com\/avatar\/5a67661041f057b4a8ccaf26f5a8e86e2689372006d01faf3dd9eeb10b654bb4?s=96&d=mm&r=g","url":"https:\/\/secure.gravatar.com\/avatar\/5a67661041f057b4a8ccaf26f5a8e86e2689372006d01faf3dd9eeb10b654bb4?s=96&d=mm&r=g","contentUrl":"https:\/\/secure.gravatar.com\/avatar\/5a67661041f057b4a8ccaf26f5a8e86e2689372006d01faf3dd9eeb10b654bb4?s=96&d=mm&r=g","caption":"Cristina Ganga"},"description":"Jurnalist","sameAs":["https:\/\/www.facebook.com\/cristina.nicola.587"],"url":"https:\/\/urbeamea.ro\/albaiulia\/author\/cristina-nicola\/"}]}},"_links":{"self":[{"href":"https:\/\/urbeamea.ro\/albaiulia\/wp-json\/wp\/v2\/posts\/22980","targetHints":{"allow":["GET"]}}],"collection":[{"href":"https:\/\/urbeamea.ro\/albaiulia\/wp-json\/wp\/v2\/posts"}],"about":[{"href":"https:\/\/urbeamea.ro\/albaiulia\/wp-json\/wp\/v2\/types\/post"}],"author":[{"embeddable":true,"href":"https:\/\/urbeamea.ro\/albaiulia\/wp-json\/wp\/v2\/users\/17"}],"replies":[{"embeddable":true,"href":"https:\/\/urbeamea.ro\/albaiulia\/wp-json\/wp\/v2\/comments?post=22980"}],"version-history":[{"count":0,"href":"https:\/\/urbeamea.ro\/albaiulia\/wp-json\/wp\/v2\/posts\/22980\/revisions"}],"wp:featuredmedia":[{"embeddable":true,"href":"https:\/\/urbeamea.ro\/albaiulia\/wp-json\/wp\/v2\/media\/22982"}],"wp:attachment":[{"href":"https:\/\/urbeamea.ro\/albaiulia\/wp-json\/wp\/v2\/media?parent=22980"}],"wp:term":[{"taxonomy":"category","embeddable":true,"href":"https:\/\/urbeamea.ro\/albaiulia\/wp-json\/wp\/v2\/categories?post=22980"},{"taxonomy":"post_tag","embeddable":true,"href":"https:\/\/urbeamea.ro\/albaiulia\/wp-json\/wp\/v2\/tags?post=22980"}],"curies":[{"name":"wp","href":"https:\/\/api.w.org\/{rel}","templated":true}]}}