{"id":23182,"date":"2016-05-04T13:28:54","date_gmt":"2016-05-04T10:28:54","guid":{"rendered":"http:\/\/urbeamea.ro\/albaiulia\/?p=23182"},"modified":"2016-05-04T13:28:54","modified_gmt":"2016-05-04T10:28:54","slug":"dosar-penal-pentru-un-barbat-din-lunca-muresului-a-fost-prins-cu-o-alcoolemie-de-103","status":"publish","type":"post","link":"https:\/\/urbeamea.ro\/albaiulia\/dosar-penal-pentru-un-barbat-din-lunca-muresului-a-fost-prins-cu-o-alcoolemie-de-103\/","title":{"rendered":"Dosar penal pentru un b\u0103rbat din Lunca Mure\u0219ului: A fost prins cu o alcoolemie de 1,03"},"content":{"rendered":"<p><strong><img loading=\"lazy\" decoding=\"async\" class=\"size-medium wp-image-22990 alignleft\" src=\"http:\/\/urbeamea.ro\/albaiulia\/wp-content\/uploads\/2016\/04\/politia-655x360-300x165.jpg\" alt=\"politia-655x360\" width=\"300\" height=\"165\" \/>Un b\u0103rbat \u00een v\u00e2rst\u0103 de 35 de ani din comuna Lunca Mure\u0219ului s-a ales cu dosar penal dup\u0103 ce a fost prins de poli\u0163i\u015ftii din Ocna Mure\u0219, la volanul unui autoturism, cu alcoolemie de 1,03 \u00een aerul expirat.<\/strong><\/p>\n<p><span lang=\"ro-RO\">Potrivit IPJ Alba, la data de 2 mai, \u00een jurul orei 20.20, poli\u0163i\u015ftii din Ocna Mure\u015f l-au depistat pe C.G., de 35 de ani, din comuna Lunca Mure\u015fului, \u00een timp ce conducea un autoturism pe DJ 107 G, pe raza localit\u0103\u0163ii No\u015flac, fiind sub influen\u0163a alcoolului.<\/span><\/p>\n<p><span lang=\"ro-RO\">\u00cen urma test\u0103rii conduc\u0103torului auto cu aparatul etilotest, a rezultat valoarea de 1,03 mg\/l alcool pur \u00een aerul expirat, motiv pentru care a fost condus la spitalul din Aiud unde i-au fost recoltate mostre de s\u00e2nge, \u00een vederea stabilirii alcoolemiei.<\/span><\/p>\n<p>Fa\u0163\u0103 de C.G., cercet\u0103rile sunt continuate sub aspectul comiterii infrac\u021biunii de conducere sub influen\u0163a alcoolului.<\/p>\n","protected":false},"excerpt":{"rendered":"<p>Un b\u0103rbat \u00een v\u00e2rst\u0103 de 35 de ani din comuna Lunca Mure\u0219ului s-a ales cu dosar penal dup\u0103 ce a fost prins de poli\u0163i\u015ftii din Ocna Mure\u0219, la volanul unui autoturism, cu alcoolemie de 1,03 \u00een aerul expirat. Potrivit IPJ Alba, la data de 2 mai, \u00een jurul orei 20.20, poli\u0163i\u015ftii din Ocna Mure\u015f l-au &hellip;<\/p>\n","protected":false},"author":17,"featured_media":22990,"comment_status":"open","ping_status":"open","sticky":false,"template":"","format":"standard","meta":{"inline_featured_image":false,"footnotes":""},"categories":[2034],"tags":[307,2987,2684,2416,2506,4939,2468,458,4938,2894,308,76],"class_list":["post-23182","post","type-post","status-publish","format-standard","has-post-thumbnail","hentry","category-social","tag-alba","tag-alcoolemie","tag-aparat-etilotest","tag-autoturism","tag-dosar-penal","tag-mostre-de-sange","tag-ocna-mures","tag-politisti","tag-recoltare","tag-sofer","tag-stiri","tag-urbea-mea"],"yoast_head":"<!-- This site is optimized with the Yoast SEO plugin v28.3 - https:\/\/yoast.com\/product\/yoast-seo-wordpress\/ -->\n<title>Dosar penal pentru un b\u0103rbat din Lunca Mure\u0219ului: A fost prins cu o alcoolemie de 1,03 - Revista Urbea Mea - Revista de Alba<\/title>\n<meta name=\"description\" content=\"Un b\u0103rbat \u00een v\u00e2rst\u0103 de 35 de ani din comuna Lunca Mure\u0219ului s-a ales cu dosar penal dup\u0103 ce a fost prins de poli\u0163i\u015ftii din Ocna Mure\u0219, la volanul unui\" \/>\n<meta name=\"robots\" content=\"index, follow, max-snippet:-1, max-image-preview:large, max-video-preview:-1\" \/>\n<link rel=\"canonical\" href=\"https:\/\/urbeamea.ro\/albaiulia\/dosar-penal-pentru-un-barbat-din-lunca-muresului-a-fost-prins-cu-o-alcoolemie-de-103\/\" \/>\n<meta name=\"twitter:card\" content=\"summary_large_image\" \/>\n<meta name=\"twitter:title\" content=\"Dosar penal pentru un b\u0103rbat din Lunca Mure\u0219ului: A fost prins cu o alcoolemie de 1,03 - Revista Urbea Mea - Revista de Alba\" \/>\n<meta name=\"twitter:description\" content=\"Un b\u0103rbat \u00een v\u00e2rst\u0103 de 35 de ani din comuna Lunca Mure\u0219ului s-a ales cu dosar penal dup\u0103 ce a fost prins de poli\u0163i\u015ftii din Ocna Mure\u0219, la volanul unui\" \/>\n<meta name=\"twitter:image\" content=\"https:\/\/urbeamea.ro\/albaiulia\/wp-content\/uploads\/2016\/04\/politia-655x360.jpg\" \/>\n<meta name=\"twitter:creator\" content=\"@urbeameaweb\" \/>\n<meta name=\"twitter:site\" content=\"@urbeameaweb\" \/>\n<script type=\"application\/ld+json\" class=\"yoast-schema-graph\">{\"@context\":\"https:\\\/\\\/schema.org\",\"@graph\":[{\"@type\":\"Article\",\"@id\":\"https:\\\/\\\/urbeamea.ro\\\/albaiulia\\\/dosar-penal-pentru-un-barbat-din-lunca-muresului-a-fost-prins-cu-o-alcoolemie-de-103\\\/#article\",\"isPartOf\":{\"@id\":\"https:\\\/\\\/urbeamea.ro\\\/albaiulia\\\/dosar-penal-pentru-un-barbat-din-lunca-muresului-a-fost-prins-cu-o-alcoolemie-de-103\\\/\"},\"author\":{\"name\":\"Cristina Ganga\",\"@id\":\"https:\\\/\\\/urbeamea.ro\\\/albaiulia\\\/#\\\/schema\\\/person\\\/9700d21fae21c4f038b0b56f4506264a\"},\"headline\":\"Dosar penal pentru un b\u0103rbat din Lunca Mure\u0219ului: A fost prins cu o alcoolemie de 1,03\",\"datePublished\":\"2016-05-04T10:28:54+00:00\",\"mainEntityOfPage\":{\"@id\":\"https:\\\/\\\/urbeamea.ro\\\/albaiulia\\\/dosar-penal-pentru-un-barbat-din-lunca-muresului-a-fost-prins-cu-o-alcoolemie-de-103\\\/\"},\"wordCount\":169,\"commentCount\":0,\"image\":{\"@id\":\"https:\\\/\\\/urbeamea.ro\\\/albaiulia\\\/dosar-penal-pentru-un-barbat-din-lunca-muresului-a-fost-prins-cu-o-alcoolemie-de-103\\\/#primaryimage\"},\"thumbnailUrl\":\"https:\\\/\\\/urbeamea.ro\\\/albaiulia\\\/wp-content\\\/uploads\\\/2016\\\/04\\\/politia-655x360.jpg\",\"keywords\":[\"alba\",\"alcoolemie\",\"aparat etilotest\",\"autoturism\",\"dosar penal\",\"mostre de sange\",\"ocna mures\",\"politisti\",\"recoltare\",\"sofer\",\"stiri\",\"Urbea Mea\"],\"articleSection\":[\"Social\"],\"inLanguage\":\"ro-RO\",\"potentialAction\":[{\"@type\":\"CommentAction\",\"name\":\"Comment\",\"target\":[\"https:\\\/\\\/urbeamea.ro\\\/albaiulia\\\/dosar-penal-pentru-un-barbat-din-lunca-muresului-a-fost-prins-cu-o-alcoolemie-de-103\\\/#respond\"]}]},{\"@type\":\"WebPage\",\"@id\":\"https:\\\/\\\/urbeamea.ro\\\/albaiulia\\\/dosar-penal-pentru-un-barbat-din-lunca-muresului-a-fost-prins-cu-o-alcoolemie-de-103\\\/\",\"url\":\"https:\\\/\\\/urbeamea.ro\\\/albaiulia\\\/dosar-penal-pentru-un-barbat-din-lunca-muresului-a-fost-prins-cu-o-alcoolemie-de-103\\\/\",\"name\":\"Dosar penal pentru un b\u0103rbat din Lunca Mure\u0219ului: A fost prins cu o alcoolemie de 1,03 - Revista Urbea Mea - Revista de Alba\",\"isPartOf\":{\"@id\":\"https:\\\/\\\/urbeamea.ro\\\/albaiulia\\\/#website\"},\"primaryImageOfPage\":{\"@id\":\"https:\\\/\\\/urbeamea.ro\\\/albaiulia\\\/dosar-penal-pentru-un-barbat-din-lunca-muresului-a-fost-prins-cu-o-alcoolemie-de-103\\\/#primaryimage\"},\"image\":{\"@id\":\"https:\\\/\\\/urbeamea.ro\\\/albaiulia\\\/dosar-penal-pentru-un-barbat-din-lunca-muresului-a-fost-prins-cu-o-alcoolemie-de-103\\\/#primaryimage\"},\"thumbnailUrl\":\"https:\\\/\\\/urbeamea.ro\\\/albaiulia\\\/wp-content\\\/uploads\\\/2016\\\/04\\\/politia-655x360.jpg\",\"datePublished\":\"2016-05-04T10:28:54+00:00\",\"author\":{\"@id\":\"https:\\\/\\\/urbeamea.ro\\\/albaiulia\\\/#\\\/schema\\\/person\\\/9700d21fae21c4f038b0b56f4506264a\"},\"description\":\"Un b\u0103rbat \u00een v\u00e2rst\u0103 de 35 de ani din comuna Lunca Mure\u0219ului s-a ales cu dosar penal dup\u0103 ce a fost prins de poli\u0163i\u015ftii din Ocna Mure\u0219, la volanul unui\",\"breadcrumb\":{\"@id\":\"https:\\\/\\\/urbeamea.ro\\\/albaiulia\\\/dosar-penal-pentru-un-barbat-din-lunca-muresului-a-fost-prins-cu-o-alcoolemie-de-103\\\/#breadcrumb\"},\"inLanguage\":\"ro-RO\",\"potentialAction\":[{\"@type\":\"ReadAction\",\"target\":[\"https:\\\/\\\/urbeamea.ro\\\/albaiulia\\\/dosar-penal-pentru-un-barbat-din-lunca-muresului-a-fost-prins-cu-o-alcoolemie-de-103\\\/\"]}]},{\"@type\":\"ImageObject\",\"inLanguage\":\"ro-RO\",\"@id\":\"https:\\\/\\\/urbeamea.ro\\\/albaiulia\\\/dosar-penal-pentru-un-barbat-din-lunca-muresului-a-fost-prins-cu-o-alcoolemie-de-103\\\/#primaryimage\",\"url\":\"https:\\\/\\\/urbeamea.ro\\\/albaiulia\\\/wp-content\\\/uploads\\\/2016\\\/04\\\/politia-655x360.jpg\",\"contentUrl\":\"https:\\\/\\\/urbeamea.ro\\\/albaiulia\\\/wp-content\\\/uploads\\\/2016\\\/04\\\/politia-655x360.jpg\",\"width\":655,\"height\":360},{\"@type\":\"BreadcrumbList\",\"@id\":\"https:\\\/\\\/urbeamea.ro\\\/albaiulia\\\/dosar-penal-pentru-un-barbat-din-lunca-muresului-a-fost-prins-cu-o-alcoolemie-de-103\\\/#breadcrumb\",\"itemListElement\":[{\"@type\":\"ListItem\",\"position\":1,\"name\":\"Prima pagin\u0103\",\"item\":\"https:\\\/\\\/urbeamea.ro\\\/albaiulia\\\/\"},{\"@type\":\"ListItem\",\"position\":2,\"name\":\"Dosar penal pentru un b\u0103rbat din Lunca Mure\u0219ului: A fost prins cu o alcoolemie de 1,03\"}]},{\"@type\":\"WebSite\",\"@id\":\"https:\\\/\\\/urbeamea.ro\\\/albaiulia\\\/#website\",\"url\":\"https:\\\/\\\/urbeamea.ro\\\/albaiulia\\\/\",\"name\":\"Revista Urbea Mea, Stiri urbane\",\"description\":\"Evenimente \u0219i \u0219tiri din Alba Iulia, Sebe\u0219, Aiud, Blaj\",\"potentialAction\":[{\"@type\":\"SearchAction\",\"target\":{\"@type\":\"EntryPoint\",\"urlTemplate\":\"https:\\\/\\\/urbeamea.ro\\\/albaiulia\\\/?s={search_term_string}\"},\"query-input\":{\"@type\":\"PropertyValueSpecification\",\"valueRequired\":true,\"valueName\":\"search_term_string\"}}],\"inLanguage\":\"ro-RO\"},{\"@type\":\"Person\",\"@id\":\"https:\\\/\\\/urbeamea.ro\\\/albaiulia\\\/#\\\/schema\\\/person\\\/9700d21fae21c4f038b0b56f4506264a\",\"name\":\"Cristina Ganga\",\"image\":{\"@type\":\"ImageObject\",\"inLanguage\":\"ro-RO\",\"@id\":\"https:\\\/\\\/secure.gravatar.com\\\/avatar\\\/5a67661041f057b4a8ccaf26f5a8e86e2689372006d01faf3dd9eeb10b654bb4?s=96&d=mm&r=g\",\"url\":\"https:\\\/\\\/secure.gravatar.com\\\/avatar\\\/5a67661041f057b4a8ccaf26f5a8e86e2689372006d01faf3dd9eeb10b654bb4?s=96&d=mm&r=g\",\"contentUrl\":\"https:\\\/\\\/secure.gravatar.com\\\/avatar\\\/5a67661041f057b4a8ccaf26f5a8e86e2689372006d01faf3dd9eeb10b654bb4?s=96&d=mm&r=g\",\"caption\":\"Cristina Ganga\"},\"description\":\"Jurnalist\",\"sameAs\":[\"https:\\\/\\\/www.facebook.com\\\/cristina.nicola.587\"],\"url\":\"https:\\\/\\\/urbeamea.ro\\\/albaiulia\\\/author\\\/cristina-nicola\\\/\"}]}<\/script>\n<!-- \/ Yoast SEO plugin. -->","yoast_head_json":{"title":"Dosar penal pentru un b\u0103rbat din Lunca Mure\u0219ului: A fost prins cu o alcoolemie de 1,03 - Revista Urbea Mea - Revista de Alba","description":"Un b\u0103rbat \u00een v\u00e2rst\u0103 de 35 de ani din comuna Lunca Mure\u0219ului s-a ales cu dosar penal dup\u0103 ce a fost prins de poli\u0163i\u015ftii din Ocna Mure\u0219, la volanul unui","robots":{"index":"index","follow":"follow","max-snippet":"max-snippet:-1","max-image-preview":"max-image-preview:large","max-video-preview":"max-video-preview:-1"},"canonical":"https:\/\/urbeamea.ro\/albaiulia\/dosar-penal-pentru-un-barbat-din-lunca-muresului-a-fost-prins-cu-o-alcoolemie-de-103\/","twitter_card":"summary_large_image","twitter_title":"Dosar penal pentru un b\u0103rbat din Lunca Mure\u0219ului: A fost prins cu o alcoolemie de 1,03 - Revista Urbea Mea - Revista de Alba","twitter_description":"Un b\u0103rbat \u00een v\u00e2rst\u0103 de 35 de ani din comuna Lunca Mure\u0219ului s-a ales cu dosar penal dup\u0103 ce a fost prins de poli\u0163i\u015ftii din Ocna Mure\u0219, la volanul unui","twitter_image":"https:\/\/urbeamea.ro\/albaiulia\/wp-content\/uploads\/2016\/04\/politia-655x360.jpg","twitter_creator":"@urbeameaweb","twitter_site":"@urbeameaweb","schema":{"@context":"https:\/\/schema.org","@graph":[{"@type":"Article","@id":"https:\/\/urbeamea.ro\/albaiulia\/dosar-penal-pentru-un-barbat-din-lunca-muresului-a-fost-prins-cu-o-alcoolemie-de-103\/#article","isPartOf":{"@id":"https:\/\/urbeamea.ro\/albaiulia\/dosar-penal-pentru-un-barbat-din-lunca-muresului-a-fost-prins-cu-o-alcoolemie-de-103\/"},"author":{"name":"Cristina Ganga","@id":"https:\/\/urbeamea.ro\/albaiulia\/#\/schema\/person\/9700d21fae21c4f038b0b56f4506264a"},"headline":"Dosar penal pentru un b\u0103rbat din Lunca Mure\u0219ului: A fost prins cu o alcoolemie de 1,03","datePublished":"2016-05-04T10:28:54+00:00","mainEntityOfPage":{"@id":"https:\/\/urbeamea.ro\/albaiulia\/dosar-penal-pentru-un-barbat-din-lunca-muresului-a-fost-prins-cu-o-alcoolemie-de-103\/"},"wordCount":169,"commentCount":0,"image":{"@id":"https:\/\/urbeamea.ro\/albaiulia\/dosar-penal-pentru-un-barbat-din-lunca-muresului-a-fost-prins-cu-o-alcoolemie-de-103\/#primaryimage"},"thumbnailUrl":"https:\/\/urbeamea.ro\/albaiulia\/wp-content\/uploads\/2016\/04\/politia-655x360.jpg","keywords":["alba","alcoolemie","aparat etilotest","autoturism","dosar penal","mostre de sange","ocna mures","politisti","recoltare","sofer","stiri","Urbea Mea"],"articleSection":["Social"],"inLanguage":"ro-RO","potentialAction":[{"@type":"CommentAction","name":"Comment","target":["https:\/\/urbeamea.ro\/albaiulia\/dosar-penal-pentru-un-barbat-din-lunca-muresului-a-fost-prins-cu-o-alcoolemie-de-103\/#respond"]}]},{"@type":"WebPage","@id":"https:\/\/urbeamea.ro\/albaiulia\/dosar-penal-pentru-un-barbat-din-lunca-muresului-a-fost-prins-cu-o-alcoolemie-de-103\/","url":"https:\/\/urbeamea.ro\/albaiulia\/dosar-penal-pentru-un-barbat-din-lunca-muresului-a-fost-prins-cu-o-alcoolemie-de-103\/","name":"Dosar penal pentru un b\u0103rbat din Lunca Mure\u0219ului: A fost prins cu o alcoolemie de 1,03 - Revista Urbea Mea - Revista de Alba","isPartOf":{"@id":"https:\/\/urbeamea.ro\/albaiulia\/#website"},"primaryImageOfPage":{"@id":"https:\/\/urbeamea.ro\/albaiulia\/dosar-penal-pentru-un-barbat-din-lunca-muresului-a-fost-prins-cu-o-alcoolemie-de-103\/#primaryimage"},"image":{"@id":"https:\/\/urbeamea.ro\/albaiulia\/dosar-penal-pentru-un-barbat-din-lunca-muresului-a-fost-prins-cu-o-alcoolemie-de-103\/#primaryimage"},"thumbnailUrl":"https:\/\/urbeamea.ro\/albaiulia\/wp-content\/uploads\/2016\/04\/politia-655x360.jpg","datePublished":"2016-05-04T10:28:54+00:00","author":{"@id":"https:\/\/urbeamea.ro\/albaiulia\/#\/schema\/person\/9700d21fae21c4f038b0b56f4506264a"},"description":"Un b\u0103rbat \u00een v\u00e2rst\u0103 de 35 de ani din comuna Lunca Mure\u0219ului s-a ales cu dosar penal dup\u0103 ce a fost prins de poli\u0163i\u015ftii din Ocna Mure\u0219, la volanul unui","breadcrumb":{"@id":"https:\/\/urbeamea.ro\/albaiulia\/dosar-penal-pentru-un-barbat-din-lunca-muresului-a-fost-prins-cu-o-alcoolemie-de-103\/#breadcrumb"},"inLanguage":"ro-RO","potentialAction":[{"@type":"ReadAction","target":["https:\/\/urbeamea.ro\/albaiulia\/dosar-penal-pentru-un-barbat-din-lunca-muresului-a-fost-prins-cu-o-alcoolemie-de-103\/"]}]},{"@type":"ImageObject","inLanguage":"ro-RO","@id":"https:\/\/urbeamea.ro\/albaiulia\/dosar-penal-pentru-un-barbat-din-lunca-muresului-a-fost-prins-cu-o-alcoolemie-de-103\/#primaryimage","url":"https:\/\/urbeamea.ro\/albaiulia\/wp-content\/uploads\/2016\/04\/politia-655x360.jpg","contentUrl":"https:\/\/urbeamea.ro\/albaiulia\/wp-content\/uploads\/2016\/04\/politia-655x360.jpg","width":655,"height":360},{"@type":"BreadcrumbList","@id":"https:\/\/urbeamea.ro\/albaiulia\/dosar-penal-pentru-un-barbat-din-lunca-muresului-a-fost-prins-cu-o-alcoolemie-de-103\/#breadcrumb","itemListElement":[{"@type":"ListItem","position":1,"name":"Prima pagin\u0103","item":"https:\/\/urbeamea.ro\/albaiulia\/"},{"@type":"ListItem","position":2,"name":"Dosar penal pentru un b\u0103rbat din Lunca Mure\u0219ului: A fost prins cu o alcoolemie de 1,03"}]},{"@type":"WebSite","@id":"https:\/\/urbeamea.ro\/albaiulia\/#website","url":"https:\/\/urbeamea.ro\/albaiulia\/","name":"Revista Urbea Mea, Stiri urbane","description":"Evenimente \u0219i \u0219tiri din Alba Iulia, Sebe\u0219, Aiud, Blaj","potentialAction":[{"@type":"SearchAction","target":{"@type":"EntryPoint","urlTemplate":"https:\/\/urbeamea.ro\/albaiulia\/?s={search_term_string}"},"query-input":{"@type":"PropertyValueSpecification","valueRequired":true,"valueName":"search_term_string"}}],"inLanguage":"ro-RO"},{"@type":"Person","@id":"https:\/\/urbeamea.ro\/albaiulia\/#\/schema\/person\/9700d21fae21c4f038b0b56f4506264a","name":"Cristina Ganga","image":{"@type":"ImageObject","inLanguage":"ro-RO","@id":"https:\/\/secure.gravatar.com\/avatar\/5a67661041f057b4a8ccaf26f5a8e86e2689372006d01faf3dd9eeb10b654bb4?s=96&d=mm&r=g","url":"https:\/\/secure.gravatar.com\/avatar\/5a67661041f057b4a8ccaf26f5a8e86e2689372006d01faf3dd9eeb10b654bb4?s=96&d=mm&r=g","contentUrl":"https:\/\/secure.gravatar.com\/avatar\/5a67661041f057b4a8ccaf26f5a8e86e2689372006d01faf3dd9eeb10b654bb4?s=96&d=mm&r=g","caption":"Cristina Ganga"},"description":"Jurnalist","sameAs":["https:\/\/www.facebook.com\/cristina.nicola.587"],"url":"https:\/\/urbeamea.ro\/albaiulia\/author\/cristina-nicola\/"}]}},"_links":{"self":[{"href":"https:\/\/urbeamea.ro\/albaiulia\/wp-json\/wp\/v2\/posts\/23182","targetHints":{"allow":["GET"]}}],"collection":[{"href":"https:\/\/urbeamea.ro\/albaiulia\/wp-json\/wp\/v2\/posts"}],"about":[{"href":"https:\/\/urbeamea.ro\/albaiulia\/wp-json\/wp\/v2\/types\/post"}],"author":[{"embeddable":true,"href":"https:\/\/urbeamea.ro\/albaiulia\/wp-json\/wp\/v2\/users\/17"}],"replies":[{"embeddable":true,"href":"https:\/\/urbeamea.ro\/albaiulia\/wp-json\/wp\/v2\/comments?post=23182"}],"version-history":[{"count":0,"href":"https:\/\/urbeamea.ro\/albaiulia\/wp-json\/wp\/v2\/posts\/23182\/revisions"}],"wp:featuredmedia":[{"embeddable":true,"href":"https:\/\/urbeamea.ro\/albaiulia\/wp-json\/wp\/v2\/media\/22990"}],"wp:attachment":[{"href":"https:\/\/urbeamea.ro\/albaiulia\/wp-json\/wp\/v2\/media?parent=23182"}],"wp:term":[{"taxonomy":"category","embeddable":true,"href":"https:\/\/urbeamea.ro\/albaiulia\/wp-json\/wp\/v2\/categories?post=23182"},{"taxonomy":"post_tag","embeddable":true,"href":"https:\/\/urbeamea.ro\/albaiulia\/wp-json\/wp\/v2\/tags?post=23182"}],"curies":[{"name":"wp","href":"https:\/\/api.w.org\/{rel}","templated":true}]}}