{"id":24461,"date":"2016-05-16T13:21:48","date_gmt":"2016-05-16T10:21:48","guid":{"rendered":"http:\/\/urbeamea.ro\/albaiulia\/?p=24461"},"modified":"2016-05-16T13:22:23","modified_gmt":"2016-05-16T10:22:23","slug":"accident-la-tartaria-cu-alcool-la-bord-a-ajuns-cu-masina-in-afara-carosabilului","status":"publish","type":"post","link":"https:\/\/urbeamea.ro\/albaiulia\/accident-la-tartaria-cu-alcool-la-bord-a-ajuns-cu-masina-in-afara-carosabilului\/","title":{"rendered":"Accident la T\u0103rt\u0103ria: Cu alcool &#8222;la bord&#8221; a ajuns cu ma\u015fina \u00een afara carosabilului"},"content":{"rendered":"<p><strong><img loading=\"lazy\" decoding=\"async\" class=\"size-medium wp-image-19245 alignleft\" src=\"http:\/\/urbeamea.ro\/albaiulia\/wp-content\/uploads\/2016\/03\/politie-radare-300x174.jpg\" alt=\"politie-radare\" width=\"300\" height=\"174\" srcset=\"https:\/\/urbeamea.ro\/albaiulia\/wp-content\/uploads\/2016\/03\/politie-radare-300x174.jpg 300w, https:\/\/urbeamea.ro\/albaiulia\/wp-content\/uploads\/2016\/03\/politie-radare-150x87.jpg 150w, https:\/\/urbeamea.ro\/albaiulia\/wp-content\/uploads\/2016\/03\/politie-radare.jpg 630w\" sizes=\"auto, (max-width: 300px) 100vw, 300px\" \/>Un b\u0103rbat \u00een v\u00e2rst\u0103 \u00a0de 56 de ani din S\u0103li\u015ftea este cercetat penal dup\u0103 ce a produs accident \u00een timp ce conducea cu alcool &#8222;la bord&#8221;. Acesta prezenta o alcoolemie de 0,95 mg\/litru alcool pur \u00een aerul expirat \u00een momentul \u00een care a pierdut controlul volanului \u00eentr-o curb\u0103 \u015fi a ajuns cu ma\u015fina \u00een afara carosabilului.<\/strong><\/p>\n<p>Potrivit IPJ Alba, s\u00e2mb\u0103t\u0103, 14 mai, \u00een jurul orei 23.40, poli\u0163i\u015ftii Sec\u0163iei 2 Poli\u0163ie Rural\u0103 Vin\u0163u de Jos au intervenit pentru solu\u0163ionarea unui eveniment rutier, soldat cu pagube materiale, produs pe DJ 107 C.<\/p>\n<p>G.A., de 56 de ani, din comuna S\u0103li\u015ftea, \u00een timp ce conducea un autoturism, pe DJ 107 C, \u00een afara localit\u0103\u0163ii T\u0103rt\u0103ria, \u00eentr-o curb\u0103 a pierdut controlul asupra acestuia \u015fi a ie\u015fit \u00een afara carosabilului.<\/p>\n<p>\u00cen urma test\u0103rii conduc\u0103torului auto cu aparatul etilotest, a rezultat valoarea de 0,95 mg\/litru alcool pur \u00een aerul expirat, motiv pentru care a fost condus la spitalul din Cugir unde i-au fost recoltate mostre de s\u00e2nge, \u00een vederea stabilirii alcoolemiei.<\/p>\n<p>Fa\u0163\u0103 de G.A., cercet\u0103rile sunt continuate sub aspectul comiterii infrac\u021biunii de conducere sub influen\u0163a alcoolului.<\/p>\n","protected":false},"excerpt":{"rendered":"<p>Un b\u0103rbat \u00een v\u00e2rst\u0103 \u00a0de 56 de ani din S\u0103li\u015ftea este cercetat penal dup\u0103 ce a produs accident \u00een timp ce conducea cu alcool &#8222;la bord&#8221;. Acesta prezenta o alcoolemie de 0,95 mg\/litru alcool pur \u00een aerul expirat \u00een momentul \u00een care a pierdut controlul volanului \u00eentr-o curb\u0103 \u015fi a ajuns cu ma\u015fina \u00een afara &hellip;<\/p>\n","protected":false},"author":16,"featured_media":15069,"comment_status":"open","ping_status":"open","sticky":false,"template":"","format":"standard","meta":{"inline_featured_image":false,"footnotes":""},"categories":[2034],"tags":[307,2987,5234,2425,4633,458,3499,308,189],"class_list":["post-24461","post","type-post","status-publish","format-standard","has-post-thumbnail","hentry","category-social","tag-alba","tag-alcoolemie","tag-apara-etilotest","tag-control","tag-curba","tag-politisti","tag-salistea","tag-stiri","tag-urbeamea"],"yoast_head":"<!-- This site is optimized with the Yoast SEO plugin v27.4 - https:\/\/yoast.com\/product\/yoast-seo-wordpress\/ -->\n<title>Accident la T\u0103rt\u0103ria: Cu alcool &quot;la bord&quot; a ajuns cu ma\u015fina \u00een afara carosabilului - Revista Urbea Mea - Revista de Alba<\/title>\n<meta name=\"description\" content=\"Un b\u0103rbat \u00een v\u00e2rst\u0103 \u00a0de 56 de ani din S\u0103li\u015ftea este cercetat penal dup\u0103 ce a produs accident \u00een timp ce conducea cu alcool &quot;la bord&quot;. Acesta prezenta o\" \/>\n<meta name=\"robots\" content=\"index, follow, max-snippet:-1, max-image-preview:large, max-video-preview:-1\" \/>\n<link rel=\"canonical\" href=\"https:\/\/urbeamea.ro\/albaiulia\/accident-la-tartaria-cu-alcool-la-bord-a-ajuns-cu-masina-in-afara-carosabilului\/\" \/>\n<meta name=\"twitter:card\" content=\"summary_large_image\" \/>\n<meta name=\"twitter:title\" content=\"Accident la T\u0103rt\u0103ria: Cu alcool &quot;la bord&quot; a ajuns cu ma\u015fina \u00een afara carosabilului - Revista Urbea Mea - Revista de Alba\" \/>\n<meta name=\"twitter:description\" content=\"Un b\u0103rbat \u00een v\u00e2rst\u0103 \u00a0de 56 de ani din S\u0103li\u015ftea este cercetat penal dup\u0103 ce a produs accident \u00een timp ce conducea cu alcool &quot;la bord&quot;. Acesta prezenta o\" \/>\n<meta name=\"twitter:image\" content=\"https:\/\/urbeamea.ro\/albaiulia\/wp-content\/uploads\/2015\/12\/politie-alba-radare.jpg\" \/>\n<meta name=\"twitter:creator\" content=\"@urbeameaweb\" \/>\n<meta name=\"twitter:site\" content=\"@urbeameaweb\" \/>\n<script type=\"application\/ld+json\" class=\"yoast-schema-graph\">{\"@context\":\"https:\\\/\\\/schema.org\",\"@graph\":[{\"@type\":\"Article\",\"@id\":\"https:\\\/\\\/urbeamea.ro\\\/albaiulia\\\/accident-la-tartaria-cu-alcool-la-bord-a-ajuns-cu-masina-in-afara-carosabilului\\\/#article\",\"isPartOf\":{\"@id\":\"https:\\\/\\\/urbeamea.ro\\\/albaiulia\\\/accident-la-tartaria-cu-alcool-la-bord-a-ajuns-cu-masina-in-afara-carosabilului\\\/\"},\"author\":{\"name\":\"Redac\u021bia UrbeaMea\",\"@id\":\"https:\\\/\\\/urbeamea.ro\\\/albaiulia\\\/#\\\/schema\\\/person\\\/272ae98052f8ee8980f59848df070247\"},\"headline\":\"Accident la T\u0103rt\u0103ria: Cu alcool &#8222;la bord&#8221; a ajuns cu ma\u015fina \u00een afara carosabilului\",\"datePublished\":\"2016-05-16T10:21:48+00:00\",\"dateModified\":\"2016-05-16T10:22:23+00:00\",\"mainEntityOfPage\":{\"@id\":\"https:\\\/\\\/urbeamea.ro\\\/albaiulia\\\/accident-la-tartaria-cu-alcool-la-bord-a-ajuns-cu-masina-in-afara-carosabilului\\\/\"},\"wordCount\":217,\"commentCount\":0,\"image\":{\"@id\":\"https:\\\/\\\/urbeamea.ro\\\/albaiulia\\\/accident-la-tartaria-cu-alcool-la-bord-a-ajuns-cu-masina-in-afara-carosabilului\\\/#primaryimage\"},\"thumbnailUrl\":\"https:\\\/\\\/urbeamea.ro\\\/albaiulia\\\/wp-content\\\/uploads\\\/2015\\\/12\\\/politie-alba-radare.jpg\",\"keywords\":[\"alba\",\"alcoolemie\",\"apara etilotest\",\"control\",\"curba\",\"politisti\",\"salistea\",\"stiri\",\"urbeamea\"],\"articleSection\":[\"Social\"],\"inLanguage\":\"ro-RO\",\"potentialAction\":[{\"@type\":\"CommentAction\",\"name\":\"Comment\",\"target\":[\"https:\\\/\\\/urbeamea.ro\\\/albaiulia\\\/accident-la-tartaria-cu-alcool-la-bord-a-ajuns-cu-masina-in-afara-carosabilului\\\/#respond\"]}]},{\"@type\":\"WebPage\",\"@id\":\"https:\\\/\\\/urbeamea.ro\\\/albaiulia\\\/accident-la-tartaria-cu-alcool-la-bord-a-ajuns-cu-masina-in-afara-carosabilului\\\/\",\"url\":\"https:\\\/\\\/urbeamea.ro\\\/albaiulia\\\/accident-la-tartaria-cu-alcool-la-bord-a-ajuns-cu-masina-in-afara-carosabilului\\\/\",\"name\":\"Accident la T\u0103rt\u0103ria: Cu alcool \\\"la bord\\\" a ajuns cu ma\u015fina \u00een afara carosabilului - Revista Urbea Mea - Revista de Alba\",\"isPartOf\":{\"@id\":\"https:\\\/\\\/urbeamea.ro\\\/albaiulia\\\/#website\"},\"primaryImageOfPage\":{\"@id\":\"https:\\\/\\\/urbeamea.ro\\\/albaiulia\\\/accident-la-tartaria-cu-alcool-la-bord-a-ajuns-cu-masina-in-afara-carosabilului\\\/#primaryimage\"},\"image\":{\"@id\":\"https:\\\/\\\/urbeamea.ro\\\/albaiulia\\\/accident-la-tartaria-cu-alcool-la-bord-a-ajuns-cu-masina-in-afara-carosabilului\\\/#primaryimage\"},\"thumbnailUrl\":\"https:\\\/\\\/urbeamea.ro\\\/albaiulia\\\/wp-content\\\/uploads\\\/2015\\\/12\\\/politie-alba-radare.jpg\",\"datePublished\":\"2016-05-16T10:21:48+00:00\",\"dateModified\":\"2016-05-16T10:22:23+00:00\",\"author\":{\"@id\":\"https:\\\/\\\/urbeamea.ro\\\/albaiulia\\\/#\\\/schema\\\/person\\\/272ae98052f8ee8980f59848df070247\"},\"description\":\"Un b\u0103rbat \u00een v\u00e2rst\u0103 \u00a0de 56 de ani din S\u0103li\u015ftea este cercetat penal dup\u0103 ce a produs accident \u00een timp ce conducea cu alcool \\\"la bord\\\". Acesta prezenta o\",\"breadcrumb\":{\"@id\":\"https:\\\/\\\/urbeamea.ro\\\/albaiulia\\\/accident-la-tartaria-cu-alcool-la-bord-a-ajuns-cu-masina-in-afara-carosabilului\\\/#breadcrumb\"},\"inLanguage\":\"ro-RO\",\"potentialAction\":[{\"@type\":\"ReadAction\",\"target\":[\"https:\\\/\\\/urbeamea.ro\\\/albaiulia\\\/accident-la-tartaria-cu-alcool-la-bord-a-ajuns-cu-masina-in-afara-carosabilului\\\/\"]}]},{\"@type\":\"ImageObject\",\"inLanguage\":\"ro-RO\",\"@id\":\"https:\\\/\\\/urbeamea.ro\\\/albaiulia\\\/accident-la-tartaria-cu-alcool-la-bord-a-ajuns-cu-masina-in-afara-carosabilului\\\/#primaryimage\",\"url\":\"https:\\\/\\\/urbeamea.ro\\\/albaiulia\\\/wp-content\\\/uploads\\\/2015\\\/12\\\/politie-alba-radare.jpg\",\"contentUrl\":\"https:\\\/\\\/urbeamea.ro\\\/albaiulia\\\/wp-content\\\/uploads\\\/2015\\\/12\\\/politie-alba-radare.jpg\",\"width\":630,\"height\":365},{\"@type\":\"BreadcrumbList\",\"@id\":\"https:\\\/\\\/urbeamea.ro\\\/albaiulia\\\/accident-la-tartaria-cu-alcool-la-bord-a-ajuns-cu-masina-in-afara-carosabilului\\\/#breadcrumb\",\"itemListElement\":[{\"@type\":\"ListItem\",\"position\":1,\"name\":\"Prima pagin\u0103\",\"item\":\"https:\\\/\\\/urbeamea.ro\\\/albaiulia\\\/\"},{\"@type\":\"ListItem\",\"position\":2,\"name\":\"Accident la T\u0103rt\u0103ria: Cu alcool &#8222;la bord&#8221; a ajuns cu ma\u015fina \u00een afara carosabilului\"}]},{\"@type\":\"WebSite\",\"@id\":\"https:\\\/\\\/urbeamea.ro\\\/albaiulia\\\/#website\",\"url\":\"https:\\\/\\\/urbeamea.ro\\\/albaiulia\\\/\",\"name\":\"Revista Urbea Mea, Stiri urbane\",\"description\":\"Evenimente \u0219i \u0219tiri din Alba Iulia, Sebe\u0219, Aiud, Blaj\",\"potentialAction\":[{\"@type\":\"SearchAction\",\"target\":{\"@type\":\"EntryPoint\",\"urlTemplate\":\"https:\\\/\\\/urbeamea.ro\\\/albaiulia\\\/?s={search_term_string}\"},\"query-input\":{\"@type\":\"PropertyValueSpecification\",\"valueRequired\":true,\"valueName\":\"search_term_string\"}}],\"inLanguage\":\"ro-RO\"},{\"@type\":\"Person\",\"@id\":\"https:\\\/\\\/urbeamea.ro\\\/albaiulia\\\/#\\\/schema\\\/person\\\/272ae98052f8ee8980f59848df070247\",\"name\":\"Redac\u021bia UrbeaMea\",\"image\":{\"@type\":\"ImageObject\",\"inLanguage\":\"ro-RO\",\"@id\":\"https:\\\/\\\/secure.gravatar.com\\\/avatar\\\/9ce5a9435071fa1037e8468053ead8e513dbbff59009d3069aadb85506d85a27?s=96&d=mm&r=g\",\"url\":\"https:\\\/\\\/secure.gravatar.com\\\/avatar\\\/9ce5a9435071fa1037e8468053ead8e513dbbff59009d3069aadb85506d85a27?s=96&d=mm&r=g\",\"contentUrl\":\"https:\\\/\\\/secure.gravatar.com\\\/avatar\\\/9ce5a9435071fa1037e8468053ead8e513dbbff59009d3069aadb85506d85a27?s=96&d=mm&r=g\",\"caption\":\"Redac\u021bia UrbeaMea\"},\"description\":\"contact@urbeamea.ro\",\"sameAs\":[\"https:\\\/\\\/www.urbeamea.ro\"],\"url\":\"https:\\\/\\\/urbeamea.ro\\\/albaiulia\\\/author\\\/redactia-urbeamea\\\/\"}]}<\/script>\n<!-- \/ Yoast SEO plugin. -->","yoast_head_json":{"title":"Accident la T\u0103rt\u0103ria: Cu alcool \"la bord\" a ajuns cu ma\u015fina \u00een afara carosabilului - Revista Urbea Mea - Revista de Alba","description":"Un b\u0103rbat \u00een v\u00e2rst\u0103 \u00a0de 56 de ani din S\u0103li\u015ftea este cercetat penal dup\u0103 ce a produs accident \u00een timp ce conducea cu alcool \"la bord\". Acesta prezenta o","robots":{"index":"index","follow":"follow","max-snippet":"max-snippet:-1","max-image-preview":"max-image-preview:large","max-video-preview":"max-video-preview:-1"},"canonical":"https:\/\/urbeamea.ro\/albaiulia\/accident-la-tartaria-cu-alcool-la-bord-a-ajuns-cu-masina-in-afara-carosabilului\/","twitter_card":"summary_large_image","twitter_title":"Accident la T\u0103rt\u0103ria: Cu alcool \"la bord\" a ajuns cu ma\u015fina \u00een afara carosabilului - Revista Urbea Mea - Revista de Alba","twitter_description":"Un b\u0103rbat \u00een v\u00e2rst\u0103 \u00a0de 56 de ani din S\u0103li\u015ftea este cercetat penal dup\u0103 ce a produs accident \u00een timp ce conducea cu alcool \"la bord\". Acesta prezenta o","twitter_image":"https:\/\/urbeamea.ro\/albaiulia\/wp-content\/uploads\/2015\/12\/politie-alba-radare.jpg","twitter_creator":"@urbeameaweb","twitter_site":"@urbeameaweb","schema":{"@context":"https:\/\/schema.org","@graph":[{"@type":"Article","@id":"https:\/\/urbeamea.ro\/albaiulia\/accident-la-tartaria-cu-alcool-la-bord-a-ajuns-cu-masina-in-afara-carosabilului\/#article","isPartOf":{"@id":"https:\/\/urbeamea.ro\/albaiulia\/accident-la-tartaria-cu-alcool-la-bord-a-ajuns-cu-masina-in-afara-carosabilului\/"},"author":{"name":"Redac\u021bia UrbeaMea","@id":"https:\/\/urbeamea.ro\/albaiulia\/#\/schema\/person\/272ae98052f8ee8980f59848df070247"},"headline":"Accident la T\u0103rt\u0103ria: Cu alcool &#8222;la bord&#8221; a ajuns cu ma\u015fina \u00een afara carosabilului","datePublished":"2016-05-16T10:21:48+00:00","dateModified":"2016-05-16T10:22:23+00:00","mainEntityOfPage":{"@id":"https:\/\/urbeamea.ro\/albaiulia\/accident-la-tartaria-cu-alcool-la-bord-a-ajuns-cu-masina-in-afara-carosabilului\/"},"wordCount":217,"commentCount":0,"image":{"@id":"https:\/\/urbeamea.ro\/albaiulia\/accident-la-tartaria-cu-alcool-la-bord-a-ajuns-cu-masina-in-afara-carosabilului\/#primaryimage"},"thumbnailUrl":"https:\/\/urbeamea.ro\/albaiulia\/wp-content\/uploads\/2015\/12\/politie-alba-radare.jpg","keywords":["alba","alcoolemie","apara etilotest","control","curba","politisti","salistea","stiri","urbeamea"],"articleSection":["Social"],"inLanguage":"ro-RO","potentialAction":[{"@type":"CommentAction","name":"Comment","target":["https:\/\/urbeamea.ro\/albaiulia\/accident-la-tartaria-cu-alcool-la-bord-a-ajuns-cu-masina-in-afara-carosabilului\/#respond"]}]},{"@type":"WebPage","@id":"https:\/\/urbeamea.ro\/albaiulia\/accident-la-tartaria-cu-alcool-la-bord-a-ajuns-cu-masina-in-afara-carosabilului\/","url":"https:\/\/urbeamea.ro\/albaiulia\/accident-la-tartaria-cu-alcool-la-bord-a-ajuns-cu-masina-in-afara-carosabilului\/","name":"Accident la T\u0103rt\u0103ria: Cu alcool \"la bord\" a ajuns cu ma\u015fina \u00een afara carosabilului - Revista Urbea Mea - Revista de Alba","isPartOf":{"@id":"https:\/\/urbeamea.ro\/albaiulia\/#website"},"primaryImageOfPage":{"@id":"https:\/\/urbeamea.ro\/albaiulia\/accident-la-tartaria-cu-alcool-la-bord-a-ajuns-cu-masina-in-afara-carosabilului\/#primaryimage"},"image":{"@id":"https:\/\/urbeamea.ro\/albaiulia\/accident-la-tartaria-cu-alcool-la-bord-a-ajuns-cu-masina-in-afara-carosabilului\/#primaryimage"},"thumbnailUrl":"https:\/\/urbeamea.ro\/albaiulia\/wp-content\/uploads\/2015\/12\/politie-alba-radare.jpg","datePublished":"2016-05-16T10:21:48+00:00","dateModified":"2016-05-16T10:22:23+00:00","author":{"@id":"https:\/\/urbeamea.ro\/albaiulia\/#\/schema\/person\/272ae98052f8ee8980f59848df070247"},"description":"Un b\u0103rbat \u00een v\u00e2rst\u0103 \u00a0de 56 de ani din S\u0103li\u015ftea este cercetat penal dup\u0103 ce a produs accident \u00een timp ce conducea cu alcool \"la bord\". Acesta prezenta o","breadcrumb":{"@id":"https:\/\/urbeamea.ro\/albaiulia\/accident-la-tartaria-cu-alcool-la-bord-a-ajuns-cu-masina-in-afara-carosabilului\/#breadcrumb"},"inLanguage":"ro-RO","potentialAction":[{"@type":"ReadAction","target":["https:\/\/urbeamea.ro\/albaiulia\/accident-la-tartaria-cu-alcool-la-bord-a-ajuns-cu-masina-in-afara-carosabilului\/"]}]},{"@type":"ImageObject","inLanguage":"ro-RO","@id":"https:\/\/urbeamea.ro\/albaiulia\/accident-la-tartaria-cu-alcool-la-bord-a-ajuns-cu-masina-in-afara-carosabilului\/#primaryimage","url":"https:\/\/urbeamea.ro\/albaiulia\/wp-content\/uploads\/2015\/12\/politie-alba-radare.jpg","contentUrl":"https:\/\/urbeamea.ro\/albaiulia\/wp-content\/uploads\/2015\/12\/politie-alba-radare.jpg","width":630,"height":365},{"@type":"BreadcrumbList","@id":"https:\/\/urbeamea.ro\/albaiulia\/accident-la-tartaria-cu-alcool-la-bord-a-ajuns-cu-masina-in-afara-carosabilului\/#breadcrumb","itemListElement":[{"@type":"ListItem","position":1,"name":"Prima pagin\u0103","item":"https:\/\/urbeamea.ro\/albaiulia\/"},{"@type":"ListItem","position":2,"name":"Accident la T\u0103rt\u0103ria: Cu alcool &#8222;la bord&#8221; a ajuns cu ma\u015fina \u00een afara carosabilului"}]},{"@type":"WebSite","@id":"https:\/\/urbeamea.ro\/albaiulia\/#website","url":"https:\/\/urbeamea.ro\/albaiulia\/","name":"Revista Urbea Mea, Stiri urbane","description":"Evenimente \u0219i \u0219tiri din Alba Iulia, Sebe\u0219, Aiud, Blaj","potentialAction":[{"@type":"SearchAction","target":{"@type":"EntryPoint","urlTemplate":"https:\/\/urbeamea.ro\/albaiulia\/?s={search_term_string}"},"query-input":{"@type":"PropertyValueSpecification","valueRequired":true,"valueName":"search_term_string"}}],"inLanguage":"ro-RO"},{"@type":"Person","@id":"https:\/\/urbeamea.ro\/albaiulia\/#\/schema\/person\/272ae98052f8ee8980f59848df070247","name":"Redac\u021bia UrbeaMea","image":{"@type":"ImageObject","inLanguage":"ro-RO","@id":"https:\/\/secure.gravatar.com\/avatar\/9ce5a9435071fa1037e8468053ead8e513dbbff59009d3069aadb85506d85a27?s=96&d=mm&r=g","url":"https:\/\/secure.gravatar.com\/avatar\/9ce5a9435071fa1037e8468053ead8e513dbbff59009d3069aadb85506d85a27?s=96&d=mm&r=g","contentUrl":"https:\/\/secure.gravatar.com\/avatar\/9ce5a9435071fa1037e8468053ead8e513dbbff59009d3069aadb85506d85a27?s=96&d=mm&r=g","caption":"Redac\u021bia UrbeaMea"},"description":"contact@urbeamea.ro","sameAs":["https:\/\/www.urbeamea.ro"],"url":"https:\/\/urbeamea.ro\/albaiulia\/author\/redactia-urbeamea\/"}]}},"_links":{"self":[{"href":"https:\/\/urbeamea.ro\/albaiulia\/wp-json\/wp\/v2\/posts\/24461","targetHints":{"allow":["GET"]}}],"collection":[{"href":"https:\/\/urbeamea.ro\/albaiulia\/wp-json\/wp\/v2\/posts"}],"about":[{"href":"https:\/\/urbeamea.ro\/albaiulia\/wp-json\/wp\/v2\/types\/post"}],"author":[{"embeddable":true,"href":"https:\/\/urbeamea.ro\/albaiulia\/wp-json\/wp\/v2\/users\/16"}],"replies":[{"embeddable":true,"href":"https:\/\/urbeamea.ro\/albaiulia\/wp-json\/wp\/v2\/comments?post=24461"}],"version-history":[{"count":0,"href":"https:\/\/urbeamea.ro\/albaiulia\/wp-json\/wp\/v2\/posts\/24461\/revisions"}],"wp:featuredmedia":[{"embeddable":true,"href":"https:\/\/urbeamea.ro\/albaiulia\/wp-json\/wp\/v2\/media\/15069"}],"wp:attachment":[{"href":"https:\/\/urbeamea.ro\/albaiulia\/wp-json\/wp\/v2\/media?parent=24461"}],"wp:term":[{"taxonomy":"category","embeddable":true,"href":"https:\/\/urbeamea.ro\/albaiulia\/wp-json\/wp\/v2\/categories?post=24461"},{"taxonomy":"post_tag","embeddable":true,"href":"https:\/\/urbeamea.ro\/albaiulia\/wp-json\/wp\/v2\/tags?post=24461"}],"curies":[{"name":"wp","href":"https:\/\/api.w.org\/{rel}","templated":true}]}}