{"id":24481,"date":"2016-05-17T10:31:33","date_gmt":"2016-05-17T07:31:33","guid":{"rendered":"http:\/\/urbeamea.ro\/albaiulia\/?p=24481"},"modified":"2016-05-17T10:32:36","modified_gmt":"2016-05-17T07:32:36","slug":"foto-finantati-viitorul-dreptul-la-educatie-pentru-toti-liceul-teoretic-teius-s-a-alaturat-campaniei-globale-pentru-educatie","status":"publish","type":"post","link":"https:\/\/urbeamea.ro\/albaiulia\/foto-finantati-viitorul-dreptul-la-educatie-pentru-toti-liceul-teoretic-teius-s-a-alaturat-campaniei-globale-pentru-educatie\/","title":{"rendered":"FOTO: \u201eFinan\u021ba\u021bi viitorul! Dreptul la educa\u021bie pentru to\u021bi\u201d. Liceul Teoretic Teiu\u0219 s-a al\u0103turat Campaniei Globale pentru Educa\u021bie"},"content":{"rendered":"<p align=\"JUSTIFY\"><strong><img loading=\"lazy\" decoding=\"async\" class=\"size-medium wp-image-24483 alignleft\" src=\"http:\/\/urbeamea.ro\/albaiulia\/wp-content\/uploads\/2016\/05\/DSC01037-e1463460513635-1-300x225.jpg\" alt=\"DSC01037-e1463460513635 (1)\" width=\"300\" height=\"225\" \/>Sub sloganul \u201eFinan\u0163a\u0163i viitorul! Dreptul la educa\u0163ie pentru to\u0163i\u201d, timp de o s\u0103pt\u0103m\u00e2n\u0103, \u00een perioada 9 \u2013 15 mai, Liceul Teoretic Teiu\u0219 a derulat diferite ac\u021biuni dorind s\u0103 atrag\u0103 aten\u0163ia asupra faptului c\u0103,\u00a0f\u0103r\u0103 o finan\u0163are suficient\u0103, transparent\u0103 \u015fi adecvat\u0103 nevoilor, educa\u0163ia de calitate pentru to\u0163i copiii risc\u0103 s\u0103 r\u0103m\u00e2n\u0103 doar un deziderat.\u00a0<\/strong><\/p>\n<p align=\"JUSTIFY\">Unitatea de \u00eenv\u0103\u021b\u0103m\u00e2nt \u0219i cadrele didactice participante la Campania Global\u0103 pentru Educa\u021bie au avut posibilitatea de a opta pentru activit\u0103\u021bile pe care le-au considerat cele mai relevante pentru nevoile \u0219i interesele elevilor lor, aleg\u00e2ndu-se teme, precum: \u201e\u0219coala ideal\u0103\u201d<span lang=\"en-GB\">, <\/span>\u201ece mi-a\u0219 dori \u00een \u0219coala mea\u201d, \u201enevoile elevilor\u201d, \u201edac\u0103 a\u0219 fi director pentru o zi\u201d, \u201ebugetul \u0219colii mele\u201d, \u201epriorit\u0103\u021bile \u0219colii \u00een opinia elevilor\u201d, \u201eurna cu nevoi\u201d.<\/p>\n<p align=\"JUSTIFY\">\u00cen Rom\u00e2nia, Campania Global\u0103 pentru Educa\u021bie este sus\u021binut\u0103 \u0219i promovat\u0103 de o coali\u021bie format\u0103 din: Organiza\u0163ia Salva\u0163i Copiii (coordonator), Consiliul Na\u021bional al Elevilor, Centrul Municipiului Bucure\u015fti de Resurse \u015fi Asisten\u0163\u0103 Educa\u0163ional\u0103, World Vision Rom\u00e2nia, Roma Education Fund Rom\u00e2nia, Centrul pentru Educa\u0163ie \u015fi Dezvoltare Profesional\u0103 \u201eStep by Step\u201d, Federa\u0163ia Na\u0163ional\u0103 a Asocia\u0163iilor de P\u0103rin\u0163i, Agen\u021bia \u00cempreun\u0103, Centrul European pentru Drepturile Copiilor cu Dizabilit\u0103\u021bi, Asocia\u0163ia OvidiuRo \u015fi Federa\u0163ia Sindicatelor Libere din \u00cenv\u0103\u0163\u0103m\u00e2nt. De asemenea, activit\u0103\u021bile edi\u021biei 2016 s-au bucurat \u0219i de sprijinul Ministerului Educa\u021biei Na\u021bionale \u0219i Cercet\u0103rii \u0218tiin\u021bifice.<\/p>\n<p align=\"JUSTIFY\"><em>\u201eCa institu\u021bie de \u00eenv\u0103\u021b\u0103m\u00e2nt, prin activit\u0103\u021bile derulate, ne-am al\u0103turat sus\u021binerii solicit\u0103rilor Campaniei Globale pentru Educa\u021bie, solicit\u0103ri care vizeaz\u0103 alocarea mai multor resurse bugetare \u00een vederea asigur\u0103rii accesului la o educa\u021bie de calitate pentru to\u021bi copiii, mai ales pentru cei apar\u021bin\u00e2nd grupurilor dezavantajate, cre\u0219terea transparen\u021bei cu privire la bugetul \u0219colii \u0219i participarea tuturor partenerilor educa\u021bionali (elevi, p\u0103rin\u021bi, profesori) la stabilirea nevoilor \u0219i a priorit\u0103\u021bilor,\u00a0\u00eembun\u0103t\u0103\u021birea sistemului de finan\u021bare bazat pe costul per elev, astfel \u00eenc\u00e2t finan\u021barea de baz\u0103 s\u0103 fie cu adev\u0103rat suficient\u0103 \u0219i echitabila \u0219i asigurarea predictibilit\u0103\u021bii resurselor alocate educa\u021biei, prin finan\u021barea educa\u021biei cu cel pu\u021bin 6% din PIB, conform prevederilor legii\u201d<\/em>, a declarat prof. Marius Cosmin Pintea, directorul Liceului Teoretic Teiu\u0219.<\/p>\n<div id='gallery-1' class='gallery galleryid-24481 gallery-columns-3 gallery-size-thumbnail'><figure class='gallery-item'>\n\t\t\t<div class='gallery-icon landscape'>\n\t\t\t\t<a href='https:\/\/urbeamea.ro\/albaiulia\/wp-content\/uploads\/2016\/05\/20160516_115820-e1463460470778.jpg'><img decoding=\"async\" width=\"150\" height=\"84\" src=\"data:image\/png;base64,iVBORw0KGgoAAAANSUhEUgAAAYYAAADcAQMAAABOLJSDAAAAA1BMVEUAAACnej3aAAAAAXRSTlMAQObYZgAAACJJREFUaIHtwTEBAAAAwqD1T20ND6AAAAAAAAAAAAAA4N8AKvgAAUFIrrEAAAAASUVORK5CYII=\" class=\"attachment-thumbnail size-thumbnail lazy-img\" alt=\"\" srcset=\"https:\/\/urbeamea.ro\/albaiulia\/wp-content\/uploads\/2016\/05\/20160516_115820-e1463460470778-150x84.jpg 150w, https:\/\/urbeamea.ro\/albaiulia\/wp-content\/uploads\/2016\/05\/20160516_115820-e1463460470778-300x169.jpg 300w, https:\/\/urbeamea.ro\/albaiulia\/wp-content\/uploads\/2016\/05\/20160516_115820-e1463460470778-768x432.jpg 768w, https:\/\/urbeamea.ro\/albaiulia\/wp-content\/uploads\/2016\/05\/20160516_115820-e1463460470778.jpg 800w\" sizes=\"auto, (max-width: 150px) 100vw, 150px\" data-src=\"https:\/\/urbeamea.ro\/albaiulia\/wp-content\/uploads\/2016\/05\/20160516_115820-e1463460470778-150x84.jpg\" loading=\"lazy\" \/><\/a>\n\t\t\t<\/div><\/figure><figure class='gallery-item'>\n\t\t\t<div class='gallery-icon landscape'>\n\t\t\t\t<a href='https:\/\/urbeamea.ro\/albaiulia\/wp-content\/uploads\/2016\/05\/DSC01037-e1463460513635-1.jpg'><img decoding=\"async\" width=\"150\" height=\"113\" src=\"data:image\/png;base64,iVBORw0KGgoAAAANSUhEUgAAAYYAAADcAQMAAABOLJSDAAAAA1BMVEUAAACnej3aAAAAAXRSTlMAQObYZgAAACJJREFUaIHtwTEBAAAAwqD1T20ND6AAAAAAAAAAAAAA4N8AKvgAAUFIrrEAAAAASUVORK5CYII=\" class=\"attachment-thumbnail size-thumbnail lazy-img\" alt=\"\" srcset=\"https:\/\/urbeamea.ro\/albaiulia\/wp-content\/uploads\/2016\/05\/DSC01037-e1463460513635-1-150x113.jpg 150w, https:\/\/urbeamea.ro\/albaiulia\/wp-content\/uploads\/2016\/05\/DSC01037-e1463460513635-1-640x480.jpg 640w, https:\/\/urbeamea.ro\/albaiulia\/wp-content\/uploads\/2016\/05\/DSC01037-e1463460513635-1-768x576.jpg 768w, https:\/\/urbeamea.ro\/albaiulia\/wp-content\/uploads\/2016\/05\/DSC01037-e1463460513635-1.jpg 800w\" sizes=\"auto, (max-width: 150px) 100vw, 150px\" data-src=\"https:\/\/urbeamea.ro\/albaiulia\/wp-content\/uploads\/2016\/05\/DSC01037-e1463460513635-1-150x113.jpg\" loading=\"lazy\" \/><\/a>\n\t\t\t<\/div><\/figure><figure class='gallery-item'>\n\t\t\t<div class='gallery-icon landscape'>\n\t\t\t\t<a href='https:\/\/urbeamea.ro\/albaiulia\/wp-content\/uploads\/2016\/05\/DSC01037-e1463460513635.jpg'><img decoding=\"async\" width=\"150\" height=\"113\" src=\"data:image\/png;base64,iVBORw0KGgoAAAANSUhEUgAAAYYAAADcAQMAAABOLJSDAAAAA1BMVEUAAACnej3aAAAAAXRSTlMAQObYZgAAACJJREFUaIHtwTEBAAAAwqD1T20ND6AAAAAAAAAAAAAA4N8AKvgAAUFIrrEAAAAASUVORK5CYII=\" class=\"attachment-thumbnail size-thumbnail lazy-img\" alt=\"\" srcset=\"https:\/\/urbeamea.ro\/albaiulia\/wp-content\/uploads\/2016\/05\/DSC01037-e1463460513635-150x113.jpg 150w, https:\/\/urbeamea.ro\/albaiulia\/wp-content\/uploads\/2016\/05\/DSC01037-e1463460513635-300x225.jpg 300w, https:\/\/urbeamea.ro\/albaiulia\/wp-content\/uploads\/2016\/05\/DSC01037-e1463460513635-768x576.jpg 768w, https:\/\/urbeamea.ro\/albaiulia\/wp-content\/uploads\/2016\/05\/DSC01037-e1463460513635.jpg 800w\" sizes=\"auto, (max-width: 150px) 100vw, 150px\" data-src=\"https:\/\/urbeamea.ro\/albaiulia\/wp-content\/uploads\/2016\/05\/DSC01037-e1463460513635-150x113.jpg\" loading=\"lazy\" \/><\/a>\n\t\t\t<\/div><\/figure><figure class='gallery-item'>\n\t\t\t<div class='gallery-icon landscape'>\n\t\t\t\t<a href='https:\/\/urbeamea.ro\/albaiulia\/wp-content\/uploads\/2016\/05\/DSC01040-e1463460524938.jpg'><img decoding=\"async\" width=\"150\" height=\"113\" src=\"data:image\/png;base64,iVBORw0KGgoAAAANSUhEUgAAAYYAAADcAQMAAABOLJSDAAAAA1BMVEUAAACnej3aAAAAAXRSTlMAQObYZgAAACJJREFUaIHtwTEBAAAAwqD1T20ND6AAAAAAAAAAAAAA4N8AKvgAAUFIrrEAAAAASUVORK5CYII=\" class=\"attachment-thumbnail size-thumbnail lazy-img\" alt=\"\" srcset=\"https:\/\/urbeamea.ro\/albaiulia\/wp-content\/uploads\/2016\/05\/DSC01040-e1463460524938-150x113.jpg 150w, https:\/\/urbeamea.ro\/albaiulia\/wp-content\/uploads\/2016\/05\/DSC01040-e1463460524938-300x225.jpg 300w, https:\/\/urbeamea.ro\/albaiulia\/wp-content\/uploads\/2016\/05\/DSC01040-e1463460524938-768x576.jpg 768w, https:\/\/urbeamea.ro\/albaiulia\/wp-content\/uploads\/2016\/05\/DSC01040-e1463460524938.jpg 800w\" sizes=\"auto, (max-width: 150px) 100vw, 150px\" data-src=\"https:\/\/urbeamea.ro\/albaiulia\/wp-content\/uploads\/2016\/05\/DSC01040-e1463460524938-150x113.jpg\" loading=\"lazy\" \/><\/a>\n\t\t\t<\/div><\/figure><figure class='gallery-item'>\n\t\t\t<div class='gallery-icon portrait'>\n\t\t\t\t<a href='https:\/\/urbeamea.ro\/albaiulia\/wp-content\/uploads\/2016\/05\/DSC01046-e1463460539470.jpg'><img decoding=\"async\" width=\"113\" height=\"150\" src=\"data:image\/png;base64,iVBORw0KGgoAAAANSUhEUgAAAYYAAADcAQMAAABOLJSDAAAAA1BMVEUAAACnej3aAAAAAXRSTlMAQObYZgAAACJJREFUaIHtwTEBAAAAwqD1T20ND6AAAAAAAAAAAAAA4N8AKvgAAUFIrrEAAAAASUVORK5CYII=\" class=\"attachment-thumbnail size-thumbnail lazy-img\" alt=\"\" srcset=\"https:\/\/urbeamea.ro\/albaiulia\/wp-content\/uploads\/2016\/05\/DSC01046-e1463460539470-113x150.jpg 113w, https:\/\/urbeamea.ro\/albaiulia\/wp-content\/uploads\/2016\/05\/DSC01046-e1463460539470-225x300.jpg 225w, https:\/\/urbeamea.ro\/albaiulia\/wp-content\/uploads\/2016\/05\/DSC01046-e1463460539470.jpg 600w\" sizes=\"auto, (max-width: 113px) 100vw, 113px\" data-src=\"https:\/\/urbeamea.ro\/albaiulia\/wp-content\/uploads\/2016\/05\/DSC01046-e1463460539470-113x150.jpg\" loading=\"lazy\" \/><\/a>\n\t\t\t<\/div><\/figure><figure class='gallery-item'>\n\t\t\t<div class='gallery-icon landscape'>\n\t\t\t\t<a href='https:\/\/urbeamea.ro\/albaiulia\/wp-content\/uploads\/2016\/05\/DSC01047-e1463460548388.jpg'><img decoding=\"async\" width=\"150\" height=\"113\" src=\"data:image\/png;base64,iVBORw0KGgoAAAANSUhEUgAAAYYAAADcAQMAAABOLJSDAAAAA1BMVEUAAACnej3aAAAAAXRSTlMAQObYZgAAACJJREFUaIHtwTEBAAAAwqD1T20ND6AAAAAAAAAAAAAA4N8AKvgAAUFIrrEAAAAASUVORK5CYII=\" class=\"attachment-thumbnail size-thumbnail lazy-img\" alt=\"\" srcset=\"https:\/\/urbeamea.ro\/albaiulia\/wp-content\/uploads\/2016\/05\/DSC01047-e1463460548388-150x113.jpg 150w, https:\/\/urbeamea.ro\/albaiulia\/wp-content\/uploads\/2016\/05\/DSC01047-e1463460548388-300x225.jpg 300w, https:\/\/urbeamea.ro\/albaiulia\/wp-content\/uploads\/2016\/05\/DSC01047-e1463460548388-768x576.jpg 768w, https:\/\/urbeamea.ro\/albaiulia\/wp-content\/uploads\/2016\/05\/DSC01047-e1463460548388.jpg 800w\" sizes=\"auto, (max-width: 150px) 100vw, 150px\" data-src=\"https:\/\/urbeamea.ro\/albaiulia\/wp-content\/uploads\/2016\/05\/DSC01047-e1463460548388-150x113.jpg\" loading=\"lazy\" \/><\/a>\n\t\t\t<\/div><\/figure><figure class='gallery-item'>\n\t\t\t<div class='gallery-icon portrait'>\n\t\t\t\t<a href='https:\/\/urbeamea.ro\/albaiulia\/wp-content\/uploads\/2016\/05\/flautul-fermecat-1.jpg'><img decoding=\"async\" width=\"105\" height=\"150\" src=\"data:image\/png;base64,iVBORw0KGgoAAAANSUhEUgAAAYYAAADcAQMAAABOLJSDAAAAA1BMVEUAAACnej3aAAAAAXRSTlMAQObYZgAAACJJREFUaIHtwTEBAAAAwqD1T20ND6AAAAAAAAAAAAAA4N8AKvgAAUFIrrEAAAAASUVORK5CYII=\" class=\"attachment-thumbnail size-thumbnail lazy-img\" alt=\"\" srcset=\"https:\/\/urbeamea.ro\/albaiulia\/wp-content\/uploads\/2016\/05\/flautul-fermecat-1-105x150.jpg 105w, https:\/\/urbeamea.ro\/albaiulia\/wp-content\/uploads\/2016\/05\/flautul-fermecat-1-210x300.jpg 210w, https:\/\/urbeamea.ro\/albaiulia\/wp-content\/uploads\/2016\/05\/flautul-fermecat-1.jpg 437w\" sizes=\"auto, (max-width: 105px) 100vw, 105px\" data-src=\"https:\/\/urbeamea.ro\/albaiulia\/wp-content\/uploads\/2016\/05\/flautul-fermecat-1-105x150.jpg\" loading=\"lazy\" \/><\/a>\n\t\t\t<\/div><\/figure><figure class='gallery-item'>\n\t\t\t<div class='gallery-icon landscape'>\n\t\t\t\t<a href='https:\/\/urbeamea.ro\/albaiulia\/wp-content\/uploads\/2016\/05\/IMG_20160516_115224-e1463460554193.jpg'><img decoding=\"async\" width=\"150\" height=\"113\" src=\"data:image\/png;base64,iVBORw0KGgoAAAANSUhEUgAAAYYAAADcAQMAAABOLJSDAAAAA1BMVEUAAACnej3aAAAAAXRSTlMAQObYZgAAACJJREFUaIHtwTEBAAAAwqD1T20ND6AAAAAAAAAAAAAA4N8AKvgAAUFIrrEAAAAASUVORK5CYII=\" class=\"attachment-thumbnail size-thumbnail lazy-img\" alt=\"\" srcset=\"https:\/\/urbeamea.ro\/albaiulia\/wp-content\/uploads\/2016\/05\/IMG_20160516_115224-e1463460554193-150x113.jpg 150w, https:\/\/urbeamea.ro\/albaiulia\/wp-content\/uploads\/2016\/05\/IMG_20160516_115224-e1463460554193-300x225.jpg 300w, https:\/\/urbeamea.ro\/albaiulia\/wp-content\/uploads\/2016\/05\/IMG_20160516_115224-e1463460554193-768x576.jpg 768w, https:\/\/urbeamea.ro\/albaiulia\/wp-content\/uploads\/2016\/05\/IMG_20160516_115224-e1463460554193.jpg 800w\" sizes=\"auto, (max-width: 150px) 100vw, 150px\" data-src=\"https:\/\/urbeamea.ro\/albaiulia\/wp-content\/uploads\/2016\/05\/IMG_20160516_115224-e1463460554193-150x113.jpg\" loading=\"lazy\" \/><\/a>\n\t\t\t<\/div><\/figure><figure class='gallery-item'>\n\t\t\t<div class='gallery-icon landscape'>\n\t\t\t\t<a href='https:\/\/urbeamea.ro\/albaiulia\/wp-content\/uploads\/2016\/05\/IMG_20160516_130723-e1463460562301.jpg'><img decoding=\"async\" width=\"150\" height=\"113\" src=\"data:image\/png;base64,iVBORw0KGgoAAAANSUhEUgAAAYYAAADcAQMAAABOLJSDAAAAA1BMVEUAAACnej3aAAAAAXRSTlMAQObYZgAAACJJREFUaIHtwTEBAAAAwqD1T20ND6AAAAAAAAAAAAAA4N8AKvgAAUFIrrEAAAAASUVORK5CYII=\" class=\"attachment-thumbnail size-thumbnail lazy-img\" alt=\"\" srcset=\"https:\/\/urbeamea.ro\/albaiulia\/wp-content\/uploads\/2016\/05\/IMG_20160516_130723-e1463460562301-150x113.jpg 150w, https:\/\/urbeamea.ro\/albaiulia\/wp-content\/uploads\/2016\/05\/IMG_20160516_130723-e1463460562301-300x225.jpg 300w, https:\/\/urbeamea.ro\/albaiulia\/wp-content\/uploads\/2016\/05\/IMG_20160516_130723-e1463460562301-768x576.jpg 768w, https:\/\/urbeamea.ro\/albaiulia\/wp-content\/uploads\/2016\/05\/IMG_20160516_130723-e1463460562301.jpg 800w\" sizes=\"auto, (max-width: 150px) 100vw, 150px\" data-src=\"https:\/\/urbeamea.ro\/albaiulia\/wp-content\/uploads\/2016\/05\/IMG_20160516_130723-e1463460562301-150x113.jpg\" loading=\"lazy\" \/><\/a>\n\t\t\t<\/div><\/figure>\n\t\t<\/div>\n\n","protected":false},"excerpt":{"rendered":"<p>Sub sloganul \u201eFinan\u0163a\u0163i viitorul! Dreptul la educa\u0163ie pentru to\u0163i\u201d, timp de o s\u0103pt\u0103m\u00e2n\u0103, \u00een perioada 9 \u2013 15 mai, Liceul Teoretic Teiu\u0219 a derulat diferite ac\u021biuni dorind s\u0103 atrag\u0103 aten\u0163ia asupra faptului c\u0103,\u00a0f\u0103r\u0103 o finan\u0163are suficient\u0103, transparent\u0103 \u015fi adecvat\u0103 nevoilor, educa\u0163ia de calitate pentru to\u0163i copiii risc\u0103 s\u0103 r\u0103m\u00e2n\u0103 doar un deziderat.\u00a0 Unitatea de \u00eenv\u0103\u021b\u0103m\u00e2nt &hellip;<\/p>\n","protected":false},"author":16,"featured_media":24483,"comment_status":"open","ping_status":"open","sticky":false,"template":"","format":"standard","meta":{"inline_featured_image":false,"footnotes":""},"categories":[2039],"tags":[847,307,5241,315,2211,5240,308,2419,4096,76],"class_list":["post-24481","post","type-post","status-publish","format-standard","has-post-thumbnail","hentry","category-educatie","tag-activitati","tag-alba","tag-deziderat","tag-elevi","tag-finantare","tag-liceul-teoretic-teius","tag-stiri","tag-teius","tag-unitate-de-invatamant","tag-urbea-mea"],"yoast_head":"<!-- This site is optimized with the Yoast SEO plugin v28.3 - https:\/\/yoast.com\/product\/yoast-seo-wordpress\/ -->\n<title>FOTO: \u201eFinan\u021ba\u021bi viitorul! Dreptul la educa\u021bie pentru to\u021bi\u201d. Liceul Teoretic Teiu\u0219 s-a al\u0103turat Campaniei Globale pentru Educa\u021bie - Revista Urbea Mea - Revista de Alba<\/title>\n<meta name=\"description\" content=\"Sub sloganul \u201eFinan\u0163a\u0163i viitorul! Dreptul la educa\u0163ie pentru to\u0163i\u201d, timp de o s\u0103pt\u0103m\u00e2n\u0103, \u00een perioada 9 \u2013 15 mai, Liceul Teoretic Teiu\u0219 a derulat diferite\" \/>\n<meta name=\"robots\" content=\"index, follow, max-snippet:-1, max-image-preview:large, max-video-preview:-1\" \/>\n<link rel=\"canonical\" href=\"https:\/\/urbeamea.ro\/albaiulia\/foto-finantati-viitorul-dreptul-la-educatie-pentru-toti-liceul-teoretic-teius-s-a-alaturat-campaniei-globale-pentru-educatie\/\" \/>\n<meta name=\"twitter:card\" content=\"summary_large_image\" \/>\n<meta name=\"twitter:title\" content=\"FOTO: \u201eFinan\u021ba\u021bi viitorul! Dreptul la educa\u021bie pentru to\u021bi\u201d. Liceul Teoretic Teiu\u0219 s-a al\u0103turat Campaniei Globale pentru Educa\u021bie - Revista Urbea Mea - Revista de Alba\" \/>\n<meta name=\"twitter:description\" content=\"Sub sloganul \u201eFinan\u0163a\u0163i viitorul! Dreptul la educa\u0163ie pentru to\u0163i\u201d, timp de o s\u0103pt\u0103m\u00e2n\u0103, \u00een perioada 9 \u2013 15 mai, Liceul Teoretic Teiu\u0219 a derulat diferite\" \/>\n<meta name=\"twitter:image\" content=\"https:\/\/urbeamea.ro\/albaiulia\/wp-content\/uploads\/2016\/05\/DSC01037-e1463460513635-1.jpg\" \/>\n<meta name=\"twitter:creator\" content=\"@urbeameaweb\" \/>\n<meta name=\"twitter:site\" content=\"@urbeameaweb\" \/>\n<script type=\"application\/ld+json\" class=\"yoast-schema-graph\">{\"@context\":\"https:\\\/\\\/schema.org\",\"@graph\":[{\"@type\":\"Article\",\"@id\":\"https:\\\/\\\/urbeamea.ro\\\/albaiulia\\\/foto-finantati-viitorul-dreptul-la-educatie-pentru-toti-liceul-teoretic-teius-s-a-alaturat-campaniei-globale-pentru-educatie\\\/#article\",\"isPartOf\":{\"@id\":\"https:\\\/\\\/urbeamea.ro\\\/albaiulia\\\/foto-finantati-viitorul-dreptul-la-educatie-pentru-toti-liceul-teoretic-teius-s-a-alaturat-campaniei-globale-pentru-educatie\\\/\"},\"author\":{\"name\":\"Redac\u021bia UrbeaMea\",\"@id\":\"https:\\\/\\\/urbeamea.ro\\\/albaiulia\\\/#\\\/schema\\\/person\\\/272ae98052f8ee8980f59848df070247\"},\"headline\":\"FOTO: \u201eFinan\u021ba\u021bi viitorul! Dreptul la educa\u021bie pentru to\u021bi\u201d. Liceul Teoretic Teiu\u0219 s-a al\u0103turat Campaniei Globale pentru Educa\u021bie\",\"datePublished\":\"2016-05-17T07:31:33+00:00\",\"dateModified\":\"2016-05-17T07:32:36+00:00\",\"mainEntityOfPage\":{\"@id\":\"https:\\\/\\\/urbeamea.ro\\\/albaiulia\\\/foto-finantati-viitorul-dreptul-la-educatie-pentru-toti-liceul-teoretic-teius-s-a-alaturat-campaniei-globale-pentru-educatie\\\/\"},\"wordCount\":418,\"commentCount\":0,\"image\":{\"@id\":\"https:\\\/\\\/urbeamea.ro\\\/albaiulia\\\/foto-finantati-viitorul-dreptul-la-educatie-pentru-toti-liceul-teoretic-teius-s-a-alaturat-campaniei-globale-pentru-educatie\\\/#primaryimage\"},\"thumbnailUrl\":\"https:\\\/\\\/urbeamea.ro\\\/albaiulia\\\/wp-content\\\/uploads\\\/2016\\\/05\\\/DSC01037-e1463460513635-1.jpg\",\"keywords\":[\"activitati\",\"alba\",\"deziderat\",\"elevi\",\"finantare\",\"liceul teoretic teius\",\"stiri\",\"teius\",\"unitate de invatamant\",\"Urbea Mea\"],\"articleSection\":[\"Educa\u021bie\"],\"inLanguage\":\"ro-RO\",\"potentialAction\":[{\"@type\":\"CommentAction\",\"name\":\"Comment\",\"target\":[\"https:\\\/\\\/urbeamea.ro\\\/albaiulia\\\/foto-finantati-viitorul-dreptul-la-educatie-pentru-toti-liceul-teoretic-teius-s-a-alaturat-campaniei-globale-pentru-educatie\\\/#respond\"]}]},{\"@type\":\"WebPage\",\"@id\":\"https:\\\/\\\/urbeamea.ro\\\/albaiulia\\\/foto-finantati-viitorul-dreptul-la-educatie-pentru-toti-liceul-teoretic-teius-s-a-alaturat-campaniei-globale-pentru-educatie\\\/\",\"url\":\"https:\\\/\\\/urbeamea.ro\\\/albaiulia\\\/foto-finantati-viitorul-dreptul-la-educatie-pentru-toti-liceul-teoretic-teius-s-a-alaturat-campaniei-globale-pentru-educatie\\\/\",\"name\":\"FOTO: \u201eFinan\u021ba\u021bi viitorul! Dreptul la educa\u021bie pentru to\u021bi\u201d. Liceul Teoretic Teiu\u0219 s-a al\u0103turat Campaniei Globale pentru Educa\u021bie - Revista Urbea Mea - Revista de Alba\",\"isPartOf\":{\"@id\":\"https:\\\/\\\/urbeamea.ro\\\/albaiulia\\\/#website\"},\"primaryImageOfPage\":{\"@id\":\"https:\\\/\\\/urbeamea.ro\\\/albaiulia\\\/foto-finantati-viitorul-dreptul-la-educatie-pentru-toti-liceul-teoretic-teius-s-a-alaturat-campaniei-globale-pentru-educatie\\\/#primaryimage\"},\"image\":{\"@id\":\"https:\\\/\\\/urbeamea.ro\\\/albaiulia\\\/foto-finantati-viitorul-dreptul-la-educatie-pentru-toti-liceul-teoretic-teius-s-a-alaturat-campaniei-globale-pentru-educatie\\\/#primaryimage\"},\"thumbnailUrl\":\"https:\\\/\\\/urbeamea.ro\\\/albaiulia\\\/wp-content\\\/uploads\\\/2016\\\/05\\\/DSC01037-e1463460513635-1.jpg\",\"datePublished\":\"2016-05-17T07:31:33+00:00\",\"dateModified\":\"2016-05-17T07:32:36+00:00\",\"author\":{\"@id\":\"https:\\\/\\\/urbeamea.ro\\\/albaiulia\\\/#\\\/schema\\\/person\\\/272ae98052f8ee8980f59848df070247\"},\"description\":\"Sub sloganul \u201eFinan\u0163a\u0163i viitorul! Dreptul la educa\u0163ie pentru to\u0163i\u201d, timp de o s\u0103pt\u0103m\u00e2n\u0103, \u00een perioada 9 \u2013 15 mai, Liceul Teoretic Teiu\u0219 a derulat diferite\",\"breadcrumb\":{\"@id\":\"https:\\\/\\\/urbeamea.ro\\\/albaiulia\\\/foto-finantati-viitorul-dreptul-la-educatie-pentru-toti-liceul-teoretic-teius-s-a-alaturat-campaniei-globale-pentru-educatie\\\/#breadcrumb\"},\"inLanguage\":\"ro-RO\",\"potentialAction\":[{\"@type\":\"ReadAction\",\"target\":[\"https:\\\/\\\/urbeamea.ro\\\/albaiulia\\\/foto-finantati-viitorul-dreptul-la-educatie-pentru-toti-liceul-teoretic-teius-s-a-alaturat-campaniei-globale-pentru-educatie\\\/\"]}]},{\"@type\":\"ImageObject\",\"inLanguage\":\"ro-RO\",\"@id\":\"https:\\\/\\\/urbeamea.ro\\\/albaiulia\\\/foto-finantati-viitorul-dreptul-la-educatie-pentru-toti-liceul-teoretic-teius-s-a-alaturat-campaniei-globale-pentru-educatie\\\/#primaryimage\",\"url\":\"https:\\\/\\\/urbeamea.ro\\\/albaiulia\\\/wp-content\\\/uploads\\\/2016\\\/05\\\/DSC01037-e1463460513635-1.jpg\",\"contentUrl\":\"https:\\\/\\\/urbeamea.ro\\\/albaiulia\\\/wp-content\\\/uploads\\\/2016\\\/05\\\/DSC01037-e1463460513635-1.jpg\",\"width\":800,\"height\":600},{\"@type\":\"BreadcrumbList\",\"@id\":\"https:\\\/\\\/urbeamea.ro\\\/albaiulia\\\/foto-finantati-viitorul-dreptul-la-educatie-pentru-toti-liceul-teoretic-teius-s-a-alaturat-campaniei-globale-pentru-educatie\\\/#breadcrumb\",\"itemListElement\":[{\"@type\":\"ListItem\",\"position\":1,\"name\":\"Prima pagin\u0103\",\"item\":\"https:\\\/\\\/urbeamea.ro\\\/albaiulia\\\/\"},{\"@type\":\"ListItem\",\"position\":2,\"name\":\"FOTO: \u201eFinan\u021ba\u021bi viitorul! Dreptul la educa\u021bie pentru to\u021bi\u201d. Liceul Teoretic Teiu\u0219 s-a al\u0103turat Campaniei Globale pentru Educa\u021bie\"}]},{\"@type\":\"WebSite\",\"@id\":\"https:\\\/\\\/urbeamea.ro\\\/albaiulia\\\/#website\",\"url\":\"https:\\\/\\\/urbeamea.ro\\\/albaiulia\\\/\",\"name\":\"Revista Urbea Mea, Stiri urbane\",\"description\":\"Evenimente \u0219i \u0219tiri din Alba Iulia, Sebe\u0219, Aiud, Blaj\",\"potentialAction\":[{\"@type\":\"SearchAction\",\"target\":{\"@type\":\"EntryPoint\",\"urlTemplate\":\"https:\\\/\\\/urbeamea.ro\\\/albaiulia\\\/?s={search_term_string}\"},\"query-input\":{\"@type\":\"PropertyValueSpecification\",\"valueRequired\":true,\"valueName\":\"search_term_string\"}}],\"inLanguage\":\"ro-RO\"},{\"@type\":\"Person\",\"@id\":\"https:\\\/\\\/urbeamea.ro\\\/albaiulia\\\/#\\\/schema\\\/person\\\/272ae98052f8ee8980f59848df070247\",\"name\":\"Redac\u021bia UrbeaMea\",\"image\":{\"@type\":\"ImageObject\",\"inLanguage\":\"ro-RO\",\"@id\":\"https:\\\/\\\/secure.gravatar.com\\\/avatar\\\/9ce5a9435071fa1037e8468053ead8e513dbbff59009d3069aadb85506d85a27?s=96&d=mm&r=g\",\"url\":\"https:\\\/\\\/secure.gravatar.com\\\/avatar\\\/9ce5a9435071fa1037e8468053ead8e513dbbff59009d3069aadb85506d85a27?s=96&d=mm&r=g\",\"contentUrl\":\"https:\\\/\\\/secure.gravatar.com\\\/avatar\\\/9ce5a9435071fa1037e8468053ead8e513dbbff59009d3069aadb85506d85a27?s=96&d=mm&r=g\",\"caption\":\"Redac\u021bia UrbeaMea\"},\"description\":\"contact@urbeamea.ro\",\"sameAs\":[\"https:\\\/\\\/www.urbeamea.ro\"],\"url\":\"https:\\\/\\\/urbeamea.ro\\\/albaiulia\\\/author\\\/redactia-urbeamea\\\/\"}]}<\/script>\n<!-- \/ Yoast SEO plugin. -->","yoast_head_json":{"title":"FOTO: \u201eFinan\u021ba\u021bi viitorul! Dreptul la educa\u021bie pentru to\u021bi\u201d. Liceul Teoretic Teiu\u0219 s-a al\u0103turat Campaniei Globale pentru Educa\u021bie - Revista Urbea Mea - Revista de Alba","description":"Sub sloganul \u201eFinan\u0163a\u0163i viitorul! Dreptul la educa\u0163ie pentru to\u0163i\u201d, timp de o s\u0103pt\u0103m\u00e2n\u0103, \u00een perioada 9 \u2013 15 mai, Liceul Teoretic Teiu\u0219 a derulat diferite","robots":{"index":"index","follow":"follow","max-snippet":"max-snippet:-1","max-image-preview":"max-image-preview:large","max-video-preview":"max-video-preview:-1"},"canonical":"https:\/\/urbeamea.ro\/albaiulia\/foto-finantati-viitorul-dreptul-la-educatie-pentru-toti-liceul-teoretic-teius-s-a-alaturat-campaniei-globale-pentru-educatie\/","twitter_card":"summary_large_image","twitter_title":"FOTO: \u201eFinan\u021ba\u021bi viitorul! Dreptul la educa\u021bie pentru to\u021bi\u201d. Liceul Teoretic Teiu\u0219 s-a al\u0103turat Campaniei Globale pentru Educa\u021bie - Revista Urbea Mea - Revista de Alba","twitter_description":"Sub sloganul \u201eFinan\u0163a\u0163i viitorul! Dreptul la educa\u0163ie pentru to\u0163i\u201d, timp de o s\u0103pt\u0103m\u00e2n\u0103, \u00een perioada 9 \u2013 15 mai, Liceul Teoretic Teiu\u0219 a derulat diferite","twitter_image":"https:\/\/urbeamea.ro\/albaiulia\/wp-content\/uploads\/2016\/05\/DSC01037-e1463460513635-1.jpg","twitter_creator":"@urbeameaweb","twitter_site":"@urbeameaweb","schema":{"@context":"https:\/\/schema.org","@graph":[{"@type":"Article","@id":"https:\/\/urbeamea.ro\/albaiulia\/foto-finantati-viitorul-dreptul-la-educatie-pentru-toti-liceul-teoretic-teius-s-a-alaturat-campaniei-globale-pentru-educatie\/#article","isPartOf":{"@id":"https:\/\/urbeamea.ro\/albaiulia\/foto-finantati-viitorul-dreptul-la-educatie-pentru-toti-liceul-teoretic-teius-s-a-alaturat-campaniei-globale-pentru-educatie\/"},"author":{"name":"Redac\u021bia UrbeaMea","@id":"https:\/\/urbeamea.ro\/albaiulia\/#\/schema\/person\/272ae98052f8ee8980f59848df070247"},"headline":"FOTO: \u201eFinan\u021ba\u021bi viitorul! Dreptul la educa\u021bie pentru to\u021bi\u201d. Liceul Teoretic Teiu\u0219 s-a al\u0103turat Campaniei Globale pentru Educa\u021bie","datePublished":"2016-05-17T07:31:33+00:00","dateModified":"2016-05-17T07:32:36+00:00","mainEntityOfPage":{"@id":"https:\/\/urbeamea.ro\/albaiulia\/foto-finantati-viitorul-dreptul-la-educatie-pentru-toti-liceul-teoretic-teius-s-a-alaturat-campaniei-globale-pentru-educatie\/"},"wordCount":418,"commentCount":0,"image":{"@id":"https:\/\/urbeamea.ro\/albaiulia\/foto-finantati-viitorul-dreptul-la-educatie-pentru-toti-liceul-teoretic-teius-s-a-alaturat-campaniei-globale-pentru-educatie\/#primaryimage"},"thumbnailUrl":"https:\/\/urbeamea.ro\/albaiulia\/wp-content\/uploads\/2016\/05\/DSC01037-e1463460513635-1.jpg","keywords":["activitati","alba","deziderat","elevi","finantare","liceul teoretic teius","stiri","teius","unitate de invatamant","Urbea Mea"],"articleSection":["Educa\u021bie"],"inLanguage":"ro-RO","potentialAction":[{"@type":"CommentAction","name":"Comment","target":["https:\/\/urbeamea.ro\/albaiulia\/foto-finantati-viitorul-dreptul-la-educatie-pentru-toti-liceul-teoretic-teius-s-a-alaturat-campaniei-globale-pentru-educatie\/#respond"]}]},{"@type":"WebPage","@id":"https:\/\/urbeamea.ro\/albaiulia\/foto-finantati-viitorul-dreptul-la-educatie-pentru-toti-liceul-teoretic-teius-s-a-alaturat-campaniei-globale-pentru-educatie\/","url":"https:\/\/urbeamea.ro\/albaiulia\/foto-finantati-viitorul-dreptul-la-educatie-pentru-toti-liceul-teoretic-teius-s-a-alaturat-campaniei-globale-pentru-educatie\/","name":"FOTO: \u201eFinan\u021ba\u021bi viitorul! Dreptul la educa\u021bie pentru to\u021bi\u201d. Liceul Teoretic Teiu\u0219 s-a al\u0103turat Campaniei Globale pentru Educa\u021bie - Revista Urbea Mea - Revista de Alba","isPartOf":{"@id":"https:\/\/urbeamea.ro\/albaiulia\/#website"},"primaryImageOfPage":{"@id":"https:\/\/urbeamea.ro\/albaiulia\/foto-finantati-viitorul-dreptul-la-educatie-pentru-toti-liceul-teoretic-teius-s-a-alaturat-campaniei-globale-pentru-educatie\/#primaryimage"},"image":{"@id":"https:\/\/urbeamea.ro\/albaiulia\/foto-finantati-viitorul-dreptul-la-educatie-pentru-toti-liceul-teoretic-teius-s-a-alaturat-campaniei-globale-pentru-educatie\/#primaryimage"},"thumbnailUrl":"https:\/\/urbeamea.ro\/albaiulia\/wp-content\/uploads\/2016\/05\/DSC01037-e1463460513635-1.jpg","datePublished":"2016-05-17T07:31:33+00:00","dateModified":"2016-05-17T07:32:36+00:00","author":{"@id":"https:\/\/urbeamea.ro\/albaiulia\/#\/schema\/person\/272ae98052f8ee8980f59848df070247"},"description":"Sub sloganul \u201eFinan\u0163a\u0163i viitorul! Dreptul la educa\u0163ie pentru to\u0163i\u201d, timp de o s\u0103pt\u0103m\u00e2n\u0103, \u00een perioada 9 \u2013 15 mai, Liceul Teoretic Teiu\u0219 a derulat diferite","breadcrumb":{"@id":"https:\/\/urbeamea.ro\/albaiulia\/foto-finantati-viitorul-dreptul-la-educatie-pentru-toti-liceul-teoretic-teius-s-a-alaturat-campaniei-globale-pentru-educatie\/#breadcrumb"},"inLanguage":"ro-RO","potentialAction":[{"@type":"ReadAction","target":["https:\/\/urbeamea.ro\/albaiulia\/foto-finantati-viitorul-dreptul-la-educatie-pentru-toti-liceul-teoretic-teius-s-a-alaturat-campaniei-globale-pentru-educatie\/"]}]},{"@type":"ImageObject","inLanguage":"ro-RO","@id":"https:\/\/urbeamea.ro\/albaiulia\/foto-finantati-viitorul-dreptul-la-educatie-pentru-toti-liceul-teoretic-teius-s-a-alaturat-campaniei-globale-pentru-educatie\/#primaryimage","url":"https:\/\/urbeamea.ro\/albaiulia\/wp-content\/uploads\/2016\/05\/DSC01037-e1463460513635-1.jpg","contentUrl":"https:\/\/urbeamea.ro\/albaiulia\/wp-content\/uploads\/2016\/05\/DSC01037-e1463460513635-1.jpg","width":800,"height":600},{"@type":"BreadcrumbList","@id":"https:\/\/urbeamea.ro\/albaiulia\/foto-finantati-viitorul-dreptul-la-educatie-pentru-toti-liceul-teoretic-teius-s-a-alaturat-campaniei-globale-pentru-educatie\/#breadcrumb","itemListElement":[{"@type":"ListItem","position":1,"name":"Prima pagin\u0103","item":"https:\/\/urbeamea.ro\/albaiulia\/"},{"@type":"ListItem","position":2,"name":"FOTO: \u201eFinan\u021ba\u021bi viitorul! Dreptul la educa\u021bie pentru to\u021bi\u201d. Liceul Teoretic Teiu\u0219 s-a al\u0103turat Campaniei Globale pentru Educa\u021bie"}]},{"@type":"WebSite","@id":"https:\/\/urbeamea.ro\/albaiulia\/#website","url":"https:\/\/urbeamea.ro\/albaiulia\/","name":"Revista Urbea Mea, Stiri urbane","description":"Evenimente \u0219i \u0219tiri din Alba Iulia, Sebe\u0219, Aiud, Blaj","potentialAction":[{"@type":"SearchAction","target":{"@type":"EntryPoint","urlTemplate":"https:\/\/urbeamea.ro\/albaiulia\/?s={search_term_string}"},"query-input":{"@type":"PropertyValueSpecification","valueRequired":true,"valueName":"search_term_string"}}],"inLanguage":"ro-RO"},{"@type":"Person","@id":"https:\/\/urbeamea.ro\/albaiulia\/#\/schema\/person\/272ae98052f8ee8980f59848df070247","name":"Redac\u021bia UrbeaMea","image":{"@type":"ImageObject","inLanguage":"ro-RO","@id":"https:\/\/secure.gravatar.com\/avatar\/9ce5a9435071fa1037e8468053ead8e513dbbff59009d3069aadb85506d85a27?s=96&d=mm&r=g","url":"https:\/\/secure.gravatar.com\/avatar\/9ce5a9435071fa1037e8468053ead8e513dbbff59009d3069aadb85506d85a27?s=96&d=mm&r=g","contentUrl":"https:\/\/secure.gravatar.com\/avatar\/9ce5a9435071fa1037e8468053ead8e513dbbff59009d3069aadb85506d85a27?s=96&d=mm&r=g","caption":"Redac\u021bia UrbeaMea"},"description":"contact@urbeamea.ro","sameAs":["https:\/\/www.urbeamea.ro"],"url":"https:\/\/urbeamea.ro\/albaiulia\/author\/redactia-urbeamea\/"}]}},"_links":{"self":[{"href":"https:\/\/urbeamea.ro\/albaiulia\/wp-json\/wp\/v2\/posts\/24481","targetHints":{"allow":["GET"]}}],"collection":[{"href":"https:\/\/urbeamea.ro\/albaiulia\/wp-json\/wp\/v2\/posts"}],"about":[{"href":"https:\/\/urbeamea.ro\/albaiulia\/wp-json\/wp\/v2\/types\/post"}],"author":[{"embeddable":true,"href":"https:\/\/urbeamea.ro\/albaiulia\/wp-json\/wp\/v2\/users\/16"}],"replies":[{"embeddable":true,"href":"https:\/\/urbeamea.ro\/albaiulia\/wp-json\/wp\/v2\/comments?post=24481"}],"version-history":[{"count":0,"href":"https:\/\/urbeamea.ro\/albaiulia\/wp-json\/wp\/v2\/posts\/24481\/revisions"}],"wp:featuredmedia":[{"embeddable":true,"href":"https:\/\/urbeamea.ro\/albaiulia\/wp-json\/wp\/v2\/media\/24483"}],"wp:attachment":[{"href":"https:\/\/urbeamea.ro\/albaiulia\/wp-json\/wp\/v2\/media?parent=24481"}],"wp:term":[{"taxonomy":"category","embeddable":true,"href":"https:\/\/urbeamea.ro\/albaiulia\/wp-json\/wp\/v2\/categories?post=24481"},{"taxonomy":"post_tag","embeddable":true,"href":"https:\/\/urbeamea.ro\/albaiulia\/wp-json\/wp\/v2\/tags?post=24481"}],"curies":[{"name":"wp","href":"https:\/\/api.w.org\/{rel}","templated":true}]}}