{"id":24496,"date":"2016-05-17T11:50:47","date_gmt":"2016-05-17T08:50:47","guid":{"rendered":"http:\/\/urbeamea.ro\/albaiulia\/?p=24496"},"modified":"2016-05-17T11:50:47","modified_gmt":"2016-05-17T08:50:47","slug":"din-23-mai-peste-150-de-elevi-si-prescolari-din-alba-intra-in-vacanta-pentru-transhumanta","status":"publish","type":"post","link":"https:\/\/urbeamea.ro\/albaiulia\/din-23-mai-peste-150-de-elevi-si-prescolari-din-alba-intra-in-vacanta-pentru-transhumanta\/","title":{"rendered":"Din 23 mai, peste 150 de elevi \u015fi pre\u015fcolari din Alba intr\u0103 \u00een vacan\u0163\u0103 pentru transhuman\u0163\u0103"},"content":{"rendered":"<p><img loading=\"lazy\" decoding=\"async\" class=\"alignleft wp-image-24497 size-medium\" src=\"http:\/\/urbeamea.ro\/albaiulia\/wp-content\/uploads\/2016\/05\/oi-300x178.jpg\" width=\"300\" height=\"178\" \/><\/p>\n<p><strong>Peste 150 de copii, pre\u0219colari \u0219i elevi, din cinci sate de munte din Alba vor intra \u00eencep\u00e2nd de luni, 23 mai, \u00een vacan\u021b\u0103. Ace\u0219tia se vor \u00eentoarce\u00a0la cursuri abia \u00een 1 octombrie. P\u00e2n\u0103 atunci, ei urmeaz\u0103 s\u0103-\u0219i \u00eenso\u021beasc\u0103 p\u0103rin\u021bii \u00een transhuman\u021b\u0103 pentru \u201ev\u0103ratul\u201d oilor la munte.<\/strong><\/p>\n<p>Majoritatea localnicilor din Mun\u021bii Sebe\u0219ului, satele Loman, Ple\u0219i \u0219i Tonea, comuna S\u0103sciori, \u0219i Strungari \u0219i Purc\u0103re\u021bi, comuna Pianu de Jos, se ocup\u0103 cu cre\u0219terea oilor \u0219i practic\u0103 un p\u0103storit de pendulare periodic\u0103. Prim\u0103vara, dup\u0103 15-20 mai, urc\u0103 cu animalele \u00een zona f\u00e2na\u021belor, unde stau aproximativ o lun\u0103, p\u00e2n\u0103 la s\u0103rb\u0103toarea S\u00e2nzienelor. De aici pleac\u0103 apoi cu turmele de oi \u00een p\u0103\u0219unile alpine, unde stau o perioad\u0103 de trei luni, p\u00e2n\u0103 dup\u0103 s\u0103rb\u0103toarea Na\u0219terii Maicii Domnului, \u00een 8 septembrie, dup\u0103 care coboar\u0103 din nou \u00een zona prealpin\u0103, la f\u00e2na\u021be. De aici, dup\u0103 alte c\u00e2teva s\u0103pt\u0103m\u00e2ni, se \u00eentorc \u00een sat.<\/p>\n<p>Pentru \u201dv\u0103ratul\u201d oilor la munte, fiecare sat \u00ee\u0219i are propriile st\u00e2ne, unde organizarea vie\u021bii pastorale se face prin asociere pe criterii de rudenie, prietenie sau vecin\u0103t\u0103\u021bi. \u00cen toat\u0103 aceast\u0103 perioad\u0103 a transhuman\u021bei, copiii \u00ee\u0219i \u00eenso\u021besc familiile sus pe munte. Din acest motiv, \u0219colile din aceste sate func\u021bioneaz\u0103 dup\u0103 o alt\u0103 structur\u0103 a anului \u0219colar, aprobat\u0103 de c\u0103tre Inspectoratul \u0218colar Jude\u021bean (ISJ) Alba. Cursurile \u00eencep la 1 octombrie, \u00een loc de 15 septembrie, \u0219i se termin\u0103 la 15 mai, \u0219i nu la 15 iunie. Pentru a recupera programa \u0219colar\u0103, copiii din satele respective merg la \u0219coal\u0103 \u0219i s\u00e2mb\u0103ta \u00een timpul anului \u0219colar.<\/p>\n<p>\u0218i \u00een timpul regimului comunist, copiii din aceste sate pastorale de munte aveau aceea\u0219i structur\u0103 a anului \u0219colar, cu o vacan\u021b\u0103 de var\u0103 de patru luni \u0219i jum\u0103tate<\/p>\n","protected":false},"excerpt":{"rendered":"<p>Peste 150 de copii, pre\u0219colari \u0219i elevi, din cinci sate de munte din Alba vor intra \u00eencep\u00e2nd de luni, 23 mai, \u00een vacan\u021b\u0103. Ace\u0219tia se vor \u00eentoarce\u00a0la cursuri abia \u00een 1 octombrie. P\u00e2n\u0103 atunci, ei urmeaz\u0103 s\u0103-\u0219i \u00eenso\u021beasc\u0103 p\u0103rin\u021bii \u00een transhuman\u021b\u0103 pentru \u201ev\u0103ratul\u201d oilor la munte. Majoritatea localnicilor din Mun\u021bii Sebe\u0219ului, satele Loman, Ple\u0219i \u0219i &hellip;<\/p>\n","protected":false},"author":17,"featured_media":24497,"comment_status":"open","ping_status":"open","sticky":false,"template":"","format":"standard","meta":{"inline_featured_image":false,"footnotes":""},"categories":[2039],"tags":[307,742,315,5244,5243,3268,5249,5245,443,5248,3720,5251,308,5247,5246,189,1787,5250],"class_list":["post-24496","post","type-post","status-publish","format-standard","has-post-thumbnail","hentry","category-educatie","tag-alba","tag-copii","tag-elevi","tag-loman","tag-muntii-ebesului","tag-oi","tag-pianu-ejos","tag-plesi","tag-prescolari","tag-purcareti","tag-sasciori","tag-sate-pastorale","tag-stiri","tag-strungari","tag-tonea","tag-urbeamea","tag-vacanta","tag-varat"],"yoast_head":"<!-- This site is optimized with the Yoast SEO plugin v28.3 - https:\/\/yoast.com\/product\/yoast-seo-wordpress\/ -->\n<title>Din 23 mai, peste 150 de elevi \u015fi pre\u015fcolari din Alba intr\u0103 \u00een vacan\u0163\u0103 pentru transhuman\u0163\u0103 - Revista Urbea Mea - Revista de Alba<\/title>\n<meta name=\"description\" content=\"Peste 150 de copii, pre\u0219colari \u0219i elevi, din cinci sate de munte din Alba vor intra \u00eencep\u00e2nd de luni, 23 mai, \u00een vacan\u021b\u0103. Ace\u0219tia se vor \u00eentoarce\u00a0la\" \/>\n<meta name=\"robots\" content=\"index, follow, max-snippet:-1, max-image-preview:large, max-video-preview:-1\" \/>\n<link rel=\"canonical\" href=\"https:\/\/urbeamea.ro\/albaiulia\/din-23-mai-peste-150-de-elevi-si-prescolari-din-alba-intra-in-vacanta-pentru-transhumanta\/\" \/>\n<meta name=\"twitter:card\" content=\"summary_large_image\" \/>\n<meta name=\"twitter:title\" content=\"Din 23 mai, peste 150 de elevi \u015fi pre\u015fcolari din Alba intr\u0103 \u00een vacan\u0163\u0103 pentru transhuman\u0163\u0103 - Revista Urbea Mea - Revista de Alba\" \/>\n<meta name=\"twitter:description\" content=\"Peste 150 de copii, pre\u0219colari \u0219i elevi, din cinci sate de munte din Alba vor intra \u00eencep\u00e2nd de luni, 23 mai, \u00een vacan\u021b\u0103. Ace\u0219tia se vor \u00eentoarce\u00a0la\" \/>\n<meta name=\"twitter:image\" content=\"https:\/\/urbeamea.ro\/albaiulia\/wp-content\/uploads\/2016\/05\/oi.jpg\" \/>\n<meta name=\"twitter:creator\" content=\"@urbeameaweb\" \/>\n<meta name=\"twitter:site\" content=\"@urbeameaweb\" \/>\n<script type=\"application\/ld+json\" class=\"yoast-schema-graph\">{\"@context\":\"https:\\\/\\\/schema.org\",\"@graph\":[{\"@type\":\"Article\",\"@id\":\"https:\\\/\\\/urbeamea.ro\\\/albaiulia\\\/din-23-mai-peste-150-de-elevi-si-prescolari-din-alba-intra-in-vacanta-pentru-transhumanta\\\/#article\",\"isPartOf\":{\"@id\":\"https:\\\/\\\/urbeamea.ro\\\/albaiulia\\\/din-23-mai-peste-150-de-elevi-si-prescolari-din-alba-intra-in-vacanta-pentru-transhumanta\\\/\"},\"author\":{\"name\":\"Cristina Ganga\",\"@id\":\"https:\\\/\\\/urbeamea.ro\\\/albaiulia\\\/#\\\/schema\\\/person\\\/9700d21fae21c4f038b0b56f4506264a\"},\"headline\":\"Din 23 mai, peste 150 de elevi \u015fi pre\u015fcolari din Alba intr\u0103 \u00een vacan\u0163\u0103 pentru transhuman\u0163\u0103\",\"datePublished\":\"2016-05-17T08:50:47+00:00\",\"mainEntityOfPage\":{\"@id\":\"https:\\\/\\\/urbeamea.ro\\\/albaiulia\\\/din-23-mai-peste-150-de-elevi-si-prescolari-din-alba-intra-in-vacanta-pentru-transhumanta\\\/\"},\"wordCount\":331,\"commentCount\":0,\"image\":{\"@id\":\"https:\\\/\\\/urbeamea.ro\\\/albaiulia\\\/din-23-mai-peste-150-de-elevi-si-prescolari-din-alba-intra-in-vacanta-pentru-transhumanta\\\/#primaryimage\"},\"thumbnailUrl\":\"https:\\\/\\\/urbeamea.ro\\\/albaiulia\\\/wp-content\\\/uploads\\\/2016\\\/05\\\/oi.jpg\",\"keywords\":[\"alba\",\"copii\",\"elevi\",\"loman\",\"muntii ebesului\",\"oi\",\"pianu ejos\",\"plesi\",\"prescolari\",\"purcareti\",\"sasciori\",\"sate pastorale\",\"stiri\",\"strungari\",\"tonea\",\"urbeamea\",\"vacanta\",\"varat\"],\"articleSection\":[\"Educa\u021bie\"],\"inLanguage\":\"ro-RO\",\"potentialAction\":[{\"@type\":\"CommentAction\",\"name\":\"Comment\",\"target\":[\"https:\\\/\\\/urbeamea.ro\\\/albaiulia\\\/din-23-mai-peste-150-de-elevi-si-prescolari-din-alba-intra-in-vacanta-pentru-transhumanta\\\/#respond\"]}]},{\"@type\":\"WebPage\",\"@id\":\"https:\\\/\\\/urbeamea.ro\\\/albaiulia\\\/din-23-mai-peste-150-de-elevi-si-prescolari-din-alba-intra-in-vacanta-pentru-transhumanta\\\/\",\"url\":\"https:\\\/\\\/urbeamea.ro\\\/albaiulia\\\/din-23-mai-peste-150-de-elevi-si-prescolari-din-alba-intra-in-vacanta-pentru-transhumanta\\\/\",\"name\":\"Din 23 mai, peste 150 de elevi \u015fi pre\u015fcolari din Alba intr\u0103 \u00een vacan\u0163\u0103 pentru transhuman\u0163\u0103 - Revista Urbea Mea - Revista de Alba\",\"isPartOf\":{\"@id\":\"https:\\\/\\\/urbeamea.ro\\\/albaiulia\\\/#website\"},\"primaryImageOfPage\":{\"@id\":\"https:\\\/\\\/urbeamea.ro\\\/albaiulia\\\/din-23-mai-peste-150-de-elevi-si-prescolari-din-alba-intra-in-vacanta-pentru-transhumanta\\\/#primaryimage\"},\"image\":{\"@id\":\"https:\\\/\\\/urbeamea.ro\\\/albaiulia\\\/din-23-mai-peste-150-de-elevi-si-prescolari-din-alba-intra-in-vacanta-pentru-transhumanta\\\/#primaryimage\"},\"thumbnailUrl\":\"https:\\\/\\\/urbeamea.ro\\\/albaiulia\\\/wp-content\\\/uploads\\\/2016\\\/05\\\/oi.jpg\",\"datePublished\":\"2016-05-17T08:50:47+00:00\",\"author\":{\"@id\":\"https:\\\/\\\/urbeamea.ro\\\/albaiulia\\\/#\\\/schema\\\/person\\\/9700d21fae21c4f038b0b56f4506264a\"},\"description\":\"Peste 150 de copii, pre\u0219colari \u0219i elevi, din cinci sate de munte din Alba vor intra \u00eencep\u00e2nd de luni, 23 mai, \u00een vacan\u021b\u0103. Ace\u0219tia se vor \u00eentoarce\u00a0la\",\"breadcrumb\":{\"@id\":\"https:\\\/\\\/urbeamea.ro\\\/albaiulia\\\/din-23-mai-peste-150-de-elevi-si-prescolari-din-alba-intra-in-vacanta-pentru-transhumanta\\\/#breadcrumb\"},\"inLanguage\":\"ro-RO\",\"potentialAction\":[{\"@type\":\"ReadAction\",\"target\":[\"https:\\\/\\\/urbeamea.ro\\\/albaiulia\\\/din-23-mai-peste-150-de-elevi-si-prescolari-din-alba-intra-in-vacanta-pentru-transhumanta\\\/\"]}]},{\"@type\":\"ImageObject\",\"inLanguage\":\"ro-RO\",\"@id\":\"https:\\\/\\\/urbeamea.ro\\\/albaiulia\\\/din-23-mai-peste-150-de-elevi-si-prescolari-din-alba-intra-in-vacanta-pentru-transhumanta\\\/#primaryimage\",\"url\":\"https:\\\/\\\/urbeamea.ro\\\/albaiulia\\\/wp-content\\\/uploads\\\/2016\\\/05\\\/oi.jpg\",\"contentUrl\":\"https:\\\/\\\/urbeamea.ro\\\/albaiulia\\\/wp-content\\\/uploads\\\/2016\\\/05\\\/oi.jpg\",\"width\":640,\"height\":379,\"caption\":\"KONICA MINOLTA DIGITAL CAMERA\"},{\"@type\":\"BreadcrumbList\",\"@id\":\"https:\\\/\\\/urbeamea.ro\\\/albaiulia\\\/din-23-mai-peste-150-de-elevi-si-prescolari-din-alba-intra-in-vacanta-pentru-transhumanta\\\/#breadcrumb\",\"itemListElement\":[{\"@type\":\"ListItem\",\"position\":1,\"name\":\"Prima pagin\u0103\",\"item\":\"https:\\\/\\\/urbeamea.ro\\\/albaiulia\\\/\"},{\"@type\":\"ListItem\",\"position\":2,\"name\":\"Din 23 mai, peste 150 de elevi \u015fi pre\u015fcolari din Alba intr\u0103 \u00een vacan\u0163\u0103 pentru transhuman\u0163\u0103\"}]},{\"@type\":\"WebSite\",\"@id\":\"https:\\\/\\\/urbeamea.ro\\\/albaiulia\\\/#website\",\"url\":\"https:\\\/\\\/urbeamea.ro\\\/albaiulia\\\/\",\"name\":\"Revista Urbea Mea, Stiri urbane\",\"description\":\"Evenimente \u0219i \u0219tiri din Alba Iulia, Sebe\u0219, Aiud, Blaj\",\"potentialAction\":[{\"@type\":\"SearchAction\",\"target\":{\"@type\":\"EntryPoint\",\"urlTemplate\":\"https:\\\/\\\/urbeamea.ro\\\/albaiulia\\\/?s={search_term_string}\"},\"query-input\":{\"@type\":\"PropertyValueSpecification\",\"valueRequired\":true,\"valueName\":\"search_term_string\"}}],\"inLanguage\":\"ro-RO\"},{\"@type\":\"Person\",\"@id\":\"https:\\\/\\\/urbeamea.ro\\\/albaiulia\\\/#\\\/schema\\\/person\\\/9700d21fae21c4f038b0b56f4506264a\",\"name\":\"Cristina Ganga\",\"image\":{\"@type\":\"ImageObject\",\"inLanguage\":\"ro-RO\",\"@id\":\"https:\\\/\\\/secure.gravatar.com\\\/avatar\\\/5a67661041f057b4a8ccaf26f5a8e86e2689372006d01faf3dd9eeb10b654bb4?s=96&d=mm&r=g\",\"url\":\"https:\\\/\\\/secure.gravatar.com\\\/avatar\\\/5a67661041f057b4a8ccaf26f5a8e86e2689372006d01faf3dd9eeb10b654bb4?s=96&d=mm&r=g\",\"contentUrl\":\"https:\\\/\\\/secure.gravatar.com\\\/avatar\\\/5a67661041f057b4a8ccaf26f5a8e86e2689372006d01faf3dd9eeb10b654bb4?s=96&d=mm&r=g\",\"caption\":\"Cristina Ganga\"},\"description\":\"Jurnalist\",\"sameAs\":[\"https:\\\/\\\/www.facebook.com\\\/cristina.nicola.587\"],\"url\":\"https:\\\/\\\/urbeamea.ro\\\/albaiulia\\\/author\\\/cristina-nicola\\\/\"}]}<\/script>\n<!-- \/ Yoast SEO plugin. -->","yoast_head_json":{"title":"Din 23 mai, peste 150 de elevi \u015fi pre\u015fcolari din Alba intr\u0103 \u00een vacan\u0163\u0103 pentru transhuman\u0163\u0103 - Revista Urbea Mea - Revista de Alba","description":"Peste 150 de copii, pre\u0219colari \u0219i elevi, din cinci sate de munte din Alba vor intra \u00eencep\u00e2nd de luni, 23 mai, \u00een vacan\u021b\u0103. Ace\u0219tia se vor \u00eentoarce\u00a0la","robots":{"index":"index","follow":"follow","max-snippet":"max-snippet:-1","max-image-preview":"max-image-preview:large","max-video-preview":"max-video-preview:-1"},"canonical":"https:\/\/urbeamea.ro\/albaiulia\/din-23-mai-peste-150-de-elevi-si-prescolari-din-alba-intra-in-vacanta-pentru-transhumanta\/","twitter_card":"summary_large_image","twitter_title":"Din 23 mai, peste 150 de elevi \u015fi pre\u015fcolari din Alba intr\u0103 \u00een vacan\u0163\u0103 pentru transhuman\u0163\u0103 - Revista Urbea Mea - Revista de Alba","twitter_description":"Peste 150 de copii, pre\u0219colari \u0219i elevi, din cinci sate de munte din Alba vor intra \u00eencep\u00e2nd de luni, 23 mai, \u00een vacan\u021b\u0103. Ace\u0219tia se vor \u00eentoarce\u00a0la","twitter_image":"https:\/\/urbeamea.ro\/albaiulia\/wp-content\/uploads\/2016\/05\/oi.jpg","twitter_creator":"@urbeameaweb","twitter_site":"@urbeameaweb","schema":{"@context":"https:\/\/schema.org","@graph":[{"@type":"Article","@id":"https:\/\/urbeamea.ro\/albaiulia\/din-23-mai-peste-150-de-elevi-si-prescolari-din-alba-intra-in-vacanta-pentru-transhumanta\/#article","isPartOf":{"@id":"https:\/\/urbeamea.ro\/albaiulia\/din-23-mai-peste-150-de-elevi-si-prescolari-din-alba-intra-in-vacanta-pentru-transhumanta\/"},"author":{"name":"Cristina Ganga","@id":"https:\/\/urbeamea.ro\/albaiulia\/#\/schema\/person\/9700d21fae21c4f038b0b56f4506264a"},"headline":"Din 23 mai, peste 150 de elevi \u015fi pre\u015fcolari din Alba intr\u0103 \u00een vacan\u0163\u0103 pentru transhuman\u0163\u0103","datePublished":"2016-05-17T08:50:47+00:00","mainEntityOfPage":{"@id":"https:\/\/urbeamea.ro\/albaiulia\/din-23-mai-peste-150-de-elevi-si-prescolari-din-alba-intra-in-vacanta-pentru-transhumanta\/"},"wordCount":331,"commentCount":0,"image":{"@id":"https:\/\/urbeamea.ro\/albaiulia\/din-23-mai-peste-150-de-elevi-si-prescolari-din-alba-intra-in-vacanta-pentru-transhumanta\/#primaryimage"},"thumbnailUrl":"https:\/\/urbeamea.ro\/albaiulia\/wp-content\/uploads\/2016\/05\/oi.jpg","keywords":["alba","copii","elevi","loman","muntii ebesului","oi","pianu ejos","plesi","prescolari","purcareti","sasciori","sate pastorale","stiri","strungari","tonea","urbeamea","vacanta","varat"],"articleSection":["Educa\u021bie"],"inLanguage":"ro-RO","potentialAction":[{"@type":"CommentAction","name":"Comment","target":["https:\/\/urbeamea.ro\/albaiulia\/din-23-mai-peste-150-de-elevi-si-prescolari-din-alba-intra-in-vacanta-pentru-transhumanta\/#respond"]}]},{"@type":"WebPage","@id":"https:\/\/urbeamea.ro\/albaiulia\/din-23-mai-peste-150-de-elevi-si-prescolari-din-alba-intra-in-vacanta-pentru-transhumanta\/","url":"https:\/\/urbeamea.ro\/albaiulia\/din-23-mai-peste-150-de-elevi-si-prescolari-din-alba-intra-in-vacanta-pentru-transhumanta\/","name":"Din 23 mai, peste 150 de elevi \u015fi pre\u015fcolari din Alba intr\u0103 \u00een vacan\u0163\u0103 pentru transhuman\u0163\u0103 - Revista Urbea Mea - Revista de Alba","isPartOf":{"@id":"https:\/\/urbeamea.ro\/albaiulia\/#website"},"primaryImageOfPage":{"@id":"https:\/\/urbeamea.ro\/albaiulia\/din-23-mai-peste-150-de-elevi-si-prescolari-din-alba-intra-in-vacanta-pentru-transhumanta\/#primaryimage"},"image":{"@id":"https:\/\/urbeamea.ro\/albaiulia\/din-23-mai-peste-150-de-elevi-si-prescolari-din-alba-intra-in-vacanta-pentru-transhumanta\/#primaryimage"},"thumbnailUrl":"https:\/\/urbeamea.ro\/albaiulia\/wp-content\/uploads\/2016\/05\/oi.jpg","datePublished":"2016-05-17T08:50:47+00:00","author":{"@id":"https:\/\/urbeamea.ro\/albaiulia\/#\/schema\/person\/9700d21fae21c4f038b0b56f4506264a"},"description":"Peste 150 de copii, pre\u0219colari \u0219i elevi, din cinci sate de munte din Alba vor intra \u00eencep\u00e2nd de luni, 23 mai, \u00een vacan\u021b\u0103. Ace\u0219tia se vor \u00eentoarce\u00a0la","breadcrumb":{"@id":"https:\/\/urbeamea.ro\/albaiulia\/din-23-mai-peste-150-de-elevi-si-prescolari-din-alba-intra-in-vacanta-pentru-transhumanta\/#breadcrumb"},"inLanguage":"ro-RO","potentialAction":[{"@type":"ReadAction","target":["https:\/\/urbeamea.ro\/albaiulia\/din-23-mai-peste-150-de-elevi-si-prescolari-din-alba-intra-in-vacanta-pentru-transhumanta\/"]}]},{"@type":"ImageObject","inLanguage":"ro-RO","@id":"https:\/\/urbeamea.ro\/albaiulia\/din-23-mai-peste-150-de-elevi-si-prescolari-din-alba-intra-in-vacanta-pentru-transhumanta\/#primaryimage","url":"https:\/\/urbeamea.ro\/albaiulia\/wp-content\/uploads\/2016\/05\/oi.jpg","contentUrl":"https:\/\/urbeamea.ro\/albaiulia\/wp-content\/uploads\/2016\/05\/oi.jpg","width":640,"height":379,"caption":"KONICA MINOLTA DIGITAL CAMERA"},{"@type":"BreadcrumbList","@id":"https:\/\/urbeamea.ro\/albaiulia\/din-23-mai-peste-150-de-elevi-si-prescolari-din-alba-intra-in-vacanta-pentru-transhumanta\/#breadcrumb","itemListElement":[{"@type":"ListItem","position":1,"name":"Prima pagin\u0103","item":"https:\/\/urbeamea.ro\/albaiulia\/"},{"@type":"ListItem","position":2,"name":"Din 23 mai, peste 150 de elevi \u015fi pre\u015fcolari din Alba intr\u0103 \u00een vacan\u0163\u0103 pentru transhuman\u0163\u0103"}]},{"@type":"WebSite","@id":"https:\/\/urbeamea.ro\/albaiulia\/#website","url":"https:\/\/urbeamea.ro\/albaiulia\/","name":"Revista Urbea Mea, Stiri urbane","description":"Evenimente \u0219i \u0219tiri din Alba Iulia, Sebe\u0219, Aiud, Blaj","potentialAction":[{"@type":"SearchAction","target":{"@type":"EntryPoint","urlTemplate":"https:\/\/urbeamea.ro\/albaiulia\/?s={search_term_string}"},"query-input":{"@type":"PropertyValueSpecification","valueRequired":true,"valueName":"search_term_string"}}],"inLanguage":"ro-RO"},{"@type":"Person","@id":"https:\/\/urbeamea.ro\/albaiulia\/#\/schema\/person\/9700d21fae21c4f038b0b56f4506264a","name":"Cristina Ganga","image":{"@type":"ImageObject","inLanguage":"ro-RO","@id":"https:\/\/secure.gravatar.com\/avatar\/5a67661041f057b4a8ccaf26f5a8e86e2689372006d01faf3dd9eeb10b654bb4?s=96&d=mm&r=g","url":"https:\/\/secure.gravatar.com\/avatar\/5a67661041f057b4a8ccaf26f5a8e86e2689372006d01faf3dd9eeb10b654bb4?s=96&d=mm&r=g","contentUrl":"https:\/\/secure.gravatar.com\/avatar\/5a67661041f057b4a8ccaf26f5a8e86e2689372006d01faf3dd9eeb10b654bb4?s=96&d=mm&r=g","caption":"Cristina Ganga"},"description":"Jurnalist","sameAs":["https:\/\/www.facebook.com\/cristina.nicola.587"],"url":"https:\/\/urbeamea.ro\/albaiulia\/author\/cristina-nicola\/"}]}},"_links":{"self":[{"href":"https:\/\/urbeamea.ro\/albaiulia\/wp-json\/wp\/v2\/posts\/24496","targetHints":{"allow":["GET"]}}],"collection":[{"href":"https:\/\/urbeamea.ro\/albaiulia\/wp-json\/wp\/v2\/posts"}],"about":[{"href":"https:\/\/urbeamea.ro\/albaiulia\/wp-json\/wp\/v2\/types\/post"}],"author":[{"embeddable":true,"href":"https:\/\/urbeamea.ro\/albaiulia\/wp-json\/wp\/v2\/users\/17"}],"replies":[{"embeddable":true,"href":"https:\/\/urbeamea.ro\/albaiulia\/wp-json\/wp\/v2\/comments?post=24496"}],"version-history":[{"count":0,"href":"https:\/\/urbeamea.ro\/albaiulia\/wp-json\/wp\/v2\/posts\/24496\/revisions"}],"wp:featuredmedia":[{"embeddable":true,"href":"https:\/\/urbeamea.ro\/albaiulia\/wp-json\/wp\/v2\/media\/24497"}],"wp:attachment":[{"href":"https:\/\/urbeamea.ro\/albaiulia\/wp-json\/wp\/v2\/media?parent=24496"}],"wp:term":[{"taxonomy":"category","embeddable":true,"href":"https:\/\/urbeamea.ro\/albaiulia\/wp-json\/wp\/v2\/categories?post=24496"},{"taxonomy":"post_tag","embeddable":true,"href":"https:\/\/urbeamea.ro\/albaiulia\/wp-json\/wp\/v2\/tags?post=24496"}],"curies":[{"name":"wp","href":"https:\/\/api.w.org\/{rel}","templated":true}]}}