{"id":24508,"date":"2016-05-17T14:02:10","date_gmt":"2016-05-17T11:02:10","guid":{"rendered":"http:\/\/urbeamea.ro\/albaiulia\/?p=24508"},"modified":"2016-05-17T14:08:25","modified_gmt":"2016-05-17T11:08:25","slug":"accident-la-rahau-o-tanara-din-sebes-a-ajuns-cu-masina-in-afara-carosabilului","status":"publish","type":"post","link":"https:\/\/urbeamea.ro\/albaiulia\/accident-la-rahau-o-tanara-din-sebes-a-ajuns-cu-masina-in-afara-carosabilului\/","title":{"rendered":"Accident la R\u0103h\u0103u: O t\u00e2n\u0103r\u0103 din Sebe\u015f a ajuns cu ma\u015fina \u00een afara carosabilului"},"content":{"rendered":"<p><strong><img loading=\"lazy\" decoding=\"async\" class=\"size-medium wp-image-21861 alignleft\" src=\"http:\/\/urbeamea.ro\/albaiulia\/wp-content\/uploads\/2016\/04\/Politia-Rutiera-Dacia-Logan-Radar-300x200.jpg\" alt=\"Politia-Rutiera-Dacia-Logan-Radar\" width=\"300\" height=\"200\" srcset=\"https:\/\/urbeamea.ro\/albaiulia\/wp-content\/uploads\/2016\/04\/Politia-Rutiera-Dacia-Logan-Radar-300x200.jpg 300w, https:\/\/urbeamea.ro\/albaiulia\/wp-content\/uploads\/2016\/04\/Politia-Rutiera-Dacia-Logan-Radar-150x100.jpg 150w, https:\/\/urbeamea.ro\/albaiulia\/wp-content\/uploads\/2016\/04\/Politia-Rutiera-Dacia-Logan-Radar.jpg 600w\" sizes=\"auto, (max-width: 300px) 100vw, 300px\" \/>O t\u00e2n\u0103r\u0103 \u00een v\u00e2rst\u0103 de 24 de ani din Sebe\u015f a suferit leziuni corporale u\u015foare \u00een urma unui accident care s-a produs pe DN1, \u00eentre Sebe\u015f \u015fi Sibiu, zona R\u0103h\u0103u. Dup\u0103 \u00a0dep\u0103\u015fire, t\u00e2n\u0103ra a pierdut controlul volanului \u015fi s-a r\u0103sturnat cu ma\u015fina \u00een afara carosabilului.<\/strong><\/p>\n<p>Potrivit IPJ Alba, luni, 16 mai, \u00een jurul orei 9.20, pe\u00a0 DN 1, la kilometrul 359, \u00een afara localit\u0103\u021bii R\u0103h\u0103u, o t\u00e2n\u0103r\u0103 \u00een v\u00e2rst\u0103 de 24 de ani, din municipiul Sebe\u0219, \u00een timp ce conducea un autoturism, a efectuat o manevr\u0103 de dep\u0103\u0219ire, iar la revenirea pe banda sa de circula\u0163ie a acro\u0219at autoturismul dep\u0103\u015fit \u015fi a pierdut controlul asupra autoturismului, r\u0103sturn\u00e2ndu-se \u00een afara carosabilului.<\/p>\n<p>\u00cen urma accidentului, t\u00e2n\u0103ra a suferit leziuni corporale u\u015foare.<\/p>\n","protected":false},"excerpt":{"rendered":"<p>O t\u00e2n\u0103r\u0103 \u00een v\u00e2rst\u0103 de 24 de ani din Sebe\u015f a suferit leziuni corporale u\u015foare \u00een urma unui accident care s-a produs pe DN1, \u00eentre Sebe\u015f \u015fi Sibiu, zona R\u0103h\u0103u. Dup\u0103 \u00a0dep\u0103\u015fire, t\u00e2n\u0103ra a pierdut controlul volanului \u015fi s-a r\u0103sturnat cu ma\u015fina \u00een afara carosabilului. Potrivit IPJ Alba, luni, 16 mai, \u00een jurul orei 9.20, &hellip;<\/p>\n","protected":false},"author":16,"featured_media":21861,"comment_status":"open","ping_status":"open","sticky":false,"template":"","format":"standard","meta":{"inline_featured_image":false,"footnotes":""},"categories":[2034],"tags":[83,2425,1473,5256,458,4284,2808,308,76],"class_list":["post-24508","post","type-post","status-publish","format-standard","has-post-thumbnail","hentry","category-social","tag-accident","tag-control","tag-masina","tag-mnevra-de-depasire","tag-politisti","tag-rahau","tag-rasturnat","tag-stiri","tag-urbea-mea"],"yoast_head":"<!-- This site is optimized with the Yoast SEO plugin v28.3 - https:\/\/yoast.com\/product\/yoast-seo-wordpress\/ -->\n<title>Accident la R\u0103h\u0103u: O t\u00e2n\u0103r\u0103 din Sebe\u015f a ajuns cu ma\u015fina \u00een afara carosabilului - Revista Urbea Mea - Revista de Alba<\/title>\n<meta name=\"description\" content=\"O t\u00e2n\u0103r\u0103 \u00een v\u00e2rst\u0103 de 24 de ani din Sebe\u015f a suferit leziuni corporale u\u015foare \u00een urma unui accident care s-a produs pe DN1, \u00eentre Sebe\u015f \u015fi Sibiu, zona\" \/>\n<meta name=\"robots\" content=\"index, follow, max-snippet:-1, max-image-preview:large, max-video-preview:-1\" \/>\n<link rel=\"canonical\" href=\"https:\/\/urbeamea.ro\/albaiulia\/accident-la-rahau-o-tanara-din-sebes-a-ajuns-cu-masina-in-afara-carosabilului\/\" \/>\n<meta name=\"twitter:card\" content=\"summary_large_image\" \/>\n<meta name=\"twitter:title\" content=\"Accident la R\u0103h\u0103u: O t\u00e2n\u0103r\u0103 din Sebe\u015f a ajuns cu ma\u015fina \u00een afara carosabilului - Revista Urbea Mea - Revista de Alba\" \/>\n<meta name=\"twitter:description\" content=\"O t\u00e2n\u0103r\u0103 \u00een v\u00e2rst\u0103 de 24 de ani din Sebe\u015f a suferit leziuni corporale u\u015foare \u00een urma unui accident care s-a produs pe DN1, \u00eentre Sebe\u015f \u015fi Sibiu, zona\" \/>\n<meta name=\"twitter:image\" content=\"https:\/\/urbeamea.ro\/albaiulia\/wp-content\/uploads\/2016\/04\/Politia-Rutiera-Dacia-Logan-Radar.jpg\" \/>\n<meta name=\"twitter:creator\" content=\"@urbeameaweb\" \/>\n<meta name=\"twitter:site\" content=\"@urbeameaweb\" \/>\n<script type=\"application\/ld+json\" class=\"yoast-schema-graph\">{\"@context\":\"https:\\\/\\\/schema.org\",\"@graph\":[{\"@type\":\"Article\",\"@id\":\"https:\\\/\\\/urbeamea.ro\\\/albaiulia\\\/accident-la-rahau-o-tanara-din-sebes-a-ajuns-cu-masina-in-afara-carosabilului\\\/#article\",\"isPartOf\":{\"@id\":\"https:\\\/\\\/urbeamea.ro\\\/albaiulia\\\/accident-la-rahau-o-tanara-din-sebes-a-ajuns-cu-masina-in-afara-carosabilului\\\/\"},\"author\":{\"name\":\"Redac\u021bia UrbeaMea\",\"@id\":\"https:\\\/\\\/urbeamea.ro\\\/albaiulia\\\/#\\\/schema\\\/person\\\/272ae98052f8ee8980f59848df070247\"},\"headline\":\"Accident la R\u0103h\u0103u: O t\u00e2n\u0103r\u0103 din Sebe\u015f a ajuns cu ma\u015fina \u00een afara carosabilului\",\"datePublished\":\"2016-05-17T11:02:10+00:00\",\"dateModified\":\"2016-05-17T11:08:25+00:00\",\"mainEntityOfPage\":{\"@id\":\"https:\\\/\\\/urbeamea.ro\\\/albaiulia\\\/accident-la-rahau-o-tanara-din-sebes-a-ajuns-cu-masina-in-afara-carosabilului\\\/\"},\"wordCount\":158,\"commentCount\":0,\"image\":{\"@id\":\"https:\\\/\\\/urbeamea.ro\\\/albaiulia\\\/accident-la-rahau-o-tanara-din-sebes-a-ajuns-cu-masina-in-afara-carosabilului\\\/#primaryimage\"},\"thumbnailUrl\":\"https:\\\/\\\/urbeamea.ro\\\/albaiulia\\\/wp-content\\\/uploads\\\/2016\\\/04\\\/Politia-Rutiera-Dacia-Logan-Radar.jpg\",\"keywords\":[\"accident\",\"control\",\"masina\",\"mnevra de depasire\",\"politisti\",\"rahau\",\"rasturnat\",\"stiri\",\"Urbea Mea\"],\"articleSection\":[\"Social\"],\"inLanguage\":\"ro-RO\",\"potentialAction\":[{\"@type\":\"CommentAction\",\"name\":\"Comment\",\"target\":[\"https:\\\/\\\/urbeamea.ro\\\/albaiulia\\\/accident-la-rahau-o-tanara-din-sebes-a-ajuns-cu-masina-in-afara-carosabilului\\\/#respond\"]}]},{\"@type\":\"WebPage\",\"@id\":\"https:\\\/\\\/urbeamea.ro\\\/albaiulia\\\/accident-la-rahau-o-tanara-din-sebes-a-ajuns-cu-masina-in-afara-carosabilului\\\/\",\"url\":\"https:\\\/\\\/urbeamea.ro\\\/albaiulia\\\/accident-la-rahau-o-tanara-din-sebes-a-ajuns-cu-masina-in-afara-carosabilului\\\/\",\"name\":\"Accident la R\u0103h\u0103u: O t\u00e2n\u0103r\u0103 din Sebe\u015f a ajuns cu ma\u015fina \u00een afara carosabilului - Revista Urbea Mea - Revista de Alba\",\"isPartOf\":{\"@id\":\"https:\\\/\\\/urbeamea.ro\\\/albaiulia\\\/#website\"},\"primaryImageOfPage\":{\"@id\":\"https:\\\/\\\/urbeamea.ro\\\/albaiulia\\\/accident-la-rahau-o-tanara-din-sebes-a-ajuns-cu-masina-in-afara-carosabilului\\\/#primaryimage\"},\"image\":{\"@id\":\"https:\\\/\\\/urbeamea.ro\\\/albaiulia\\\/accident-la-rahau-o-tanara-din-sebes-a-ajuns-cu-masina-in-afara-carosabilului\\\/#primaryimage\"},\"thumbnailUrl\":\"https:\\\/\\\/urbeamea.ro\\\/albaiulia\\\/wp-content\\\/uploads\\\/2016\\\/04\\\/Politia-Rutiera-Dacia-Logan-Radar.jpg\",\"datePublished\":\"2016-05-17T11:02:10+00:00\",\"dateModified\":\"2016-05-17T11:08:25+00:00\",\"author\":{\"@id\":\"https:\\\/\\\/urbeamea.ro\\\/albaiulia\\\/#\\\/schema\\\/person\\\/272ae98052f8ee8980f59848df070247\"},\"description\":\"O t\u00e2n\u0103r\u0103 \u00een v\u00e2rst\u0103 de 24 de ani din Sebe\u015f a suferit leziuni corporale u\u015foare \u00een urma unui accident care s-a produs pe DN1, \u00eentre Sebe\u015f \u015fi Sibiu, zona\",\"breadcrumb\":{\"@id\":\"https:\\\/\\\/urbeamea.ro\\\/albaiulia\\\/accident-la-rahau-o-tanara-din-sebes-a-ajuns-cu-masina-in-afara-carosabilului\\\/#breadcrumb\"},\"inLanguage\":\"ro-RO\",\"potentialAction\":[{\"@type\":\"ReadAction\",\"target\":[\"https:\\\/\\\/urbeamea.ro\\\/albaiulia\\\/accident-la-rahau-o-tanara-din-sebes-a-ajuns-cu-masina-in-afara-carosabilului\\\/\"]}]},{\"@type\":\"ImageObject\",\"inLanguage\":\"ro-RO\",\"@id\":\"https:\\\/\\\/urbeamea.ro\\\/albaiulia\\\/accident-la-rahau-o-tanara-din-sebes-a-ajuns-cu-masina-in-afara-carosabilului\\\/#primaryimage\",\"url\":\"https:\\\/\\\/urbeamea.ro\\\/albaiulia\\\/wp-content\\\/uploads\\\/2016\\\/04\\\/Politia-Rutiera-Dacia-Logan-Radar.jpg\",\"contentUrl\":\"https:\\\/\\\/urbeamea.ro\\\/albaiulia\\\/wp-content\\\/uploads\\\/2016\\\/04\\\/Politia-Rutiera-Dacia-Logan-Radar.jpg\",\"width\":600,\"height\":400},{\"@type\":\"BreadcrumbList\",\"@id\":\"https:\\\/\\\/urbeamea.ro\\\/albaiulia\\\/accident-la-rahau-o-tanara-din-sebes-a-ajuns-cu-masina-in-afara-carosabilului\\\/#breadcrumb\",\"itemListElement\":[{\"@type\":\"ListItem\",\"position\":1,\"name\":\"Prima pagin\u0103\",\"item\":\"https:\\\/\\\/urbeamea.ro\\\/albaiulia\\\/\"},{\"@type\":\"ListItem\",\"position\":2,\"name\":\"Accident la R\u0103h\u0103u: O t\u00e2n\u0103r\u0103 din Sebe\u015f a ajuns cu ma\u015fina \u00een afara carosabilului\"}]},{\"@type\":\"WebSite\",\"@id\":\"https:\\\/\\\/urbeamea.ro\\\/albaiulia\\\/#website\",\"url\":\"https:\\\/\\\/urbeamea.ro\\\/albaiulia\\\/\",\"name\":\"Revista Urbea Mea, Stiri urbane\",\"description\":\"Evenimente \u0219i \u0219tiri din Alba Iulia, Sebe\u0219, Aiud, Blaj\",\"potentialAction\":[{\"@type\":\"SearchAction\",\"target\":{\"@type\":\"EntryPoint\",\"urlTemplate\":\"https:\\\/\\\/urbeamea.ro\\\/albaiulia\\\/?s={search_term_string}\"},\"query-input\":{\"@type\":\"PropertyValueSpecification\",\"valueRequired\":true,\"valueName\":\"search_term_string\"}}],\"inLanguage\":\"ro-RO\"},{\"@type\":\"Person\",\"@id\":\"https:\\\/\\\/urbeamea.ro\\\/albaiulia\\\/#\\\/schema\\\/person\\\/272ae98052f8ee8980f59848df070247\",\"name\":\"Redac\u021bia UrbeaMea\",\"image\":{\"@type\":\"ImageObject\",\"inLanguage\":\"ro-RO\",\"@id\":\"https:\\\/\\\/secure.gravatar.com\\\/avatar\\\/9ce5a9435071fa1037e8468053ead8e513dbbff59009d3069aadb85506d85a27?s=96&d=mm&r=g\",\"url\":\"https:\\\/\\\/secure.gravatar.com\\\/avatar\\\/9ce5a9435071fa1037e8468053ead8e513dbbff59009d3069aadb85506d85a27?s=96&d=mm&r=g\",\"contentUrl\":\"https:\\\/\\\/secure.gravatar.com\\\/avatar\\\/9ce5a9435071fa1037e8468053ead8e513dbbff59009d3069aadb85506d85a27?s=96&d=mm&r=g\",\"caption\":\"Redac\u021bia UrbeaMea\"},\"description\":\"contact@urbeamea.ro\",\"sameAs\":[\"https:\\\/\\\/www.urbeamea.ro\"],\"url\":\"https:\\\/\\\/urbeamea.ro\\\/albaiulia\\\/author\\\/redactia-urbeamea\\\/\"}]}<\/script>\n<!-- \/ Yoast SEO plugin. -->","yoast_head_json":{"title":"Accident la R\u0103h\u0103u: O t\u00e2n\u0103r\u0103 din Sebe\u015f a ajuns cu ma\u015fina \u00een afara carosabilului - Revista Urbea Mea - Revista de Alba","description":"O t\u00e2n\u0103r\u0103 \u00een v\u00e2rst\u0103 de 24 de ani din Sebe\u015f a suferit leziuni corporale u\u015foare \u00een urma unui accident care s-a produs pe DN1, \u00eentre Sebe\u015f \u015fi Sibiu, zona","robots":{"index":"index","follow":"follow","max-snippet":"max-snippet:-1","max-image-preview":"max-image-preview:large","max-video-preview":"max-video-preview:-1"},"canonical":"https:\/\/urbeamea.ro\/albaiulia\/accident-la-rahau-o-tanara-din-sebes-a-ajuns-cu-masina-in-afara-carosabilului\/","twitter_card":"summary_large_image","twitter_title":"Accident la R\u0103h\u0103u: O t\u00e2n\u0103r\u0103 din Sebe\u015f a ajuns cu ma\u015fina \u00een afara carosabilului - Revista Urbea Mea - Revista de Alba","twitter_description":"O t\u00e2n\u0103r\u0103 \u00een v\u00e2rst\u0103 de 24 de ani din Sebe\u015f a suferit leziuni corporale u\u015foare \u00een urma unui accident care s-a produs pe DN1, \u00eentre Sebe\u015f \u015fi Sibiu, zona","twitter_image":"https:\/\/urbeamea.ro\/albaiulia\/wp-content\/uploads\/2016\/04\/Politia-Rutiera-Dacia-Logan-Radar.jpg","twitter_creator":"@urbeameaweb","twitter_site":"@urbeameaweb","schema":{"@context":"https:\/\/schema.org","@graph":[{"@type":"Article","@id":"https:\/\/urbeamea.ro\/albaiulia\/accident-la-rahau-o-tanara-din-sebes-a-ajuns-cu-masina-in-afara-carosabilului\/#article","isPartOf":{"@id":"https:\/\/urbeamea.ro\/albaiulia\/accident-la-rahau-o-tanara-din-sebes-a-ajuns-cu-masina-in-afara-carosabilului\/"},"author":{"name":"Redac\u021bia UrbeaMea","@id":"https:\/\/urbeamea.ro\/albaiulia\/#\/schema\/person\/272ae98052f8ee8980f59848df070247"},"headline":"Accident la R\u0103h\u0103u: O t\u00e2n\u0103r\u0103 din Sebe\u015f a ajuns cu ma\u015fina \u00een afara carosabilului","datePublished":"2016-05-17T11:02:10+00:00","dateModified":"2016-05-17T11:08:25+00:00","mainEntityOfPage":{"@id":"https:\/\/urbeamea.ro\/albaiulia\/accident-la-rahau-o-tanara-din-sebes-a-ajuns-cu-masina-in-afara-carosabilului\/"},"wordCount":158,"commentCount":0,"image":{"@id":"https:\/\/urbeamea.ro\/albaiulia\/accident-la-rahau-o-tanara-din-sebes-a-ajuns-cu-masina-in-afara-carosabilului\/#primaryimage"},"thumbnailUrl":"https:\/\/urbeamea.ro\/albaiulia\/wp-content\/uploads\/2016\/04\/Politia-Rutiera-Dacia-Logan-Radar.jpg","keywords":["accident","control","masina","mnevra de depasire","politisti","rahau","rasturnat","stiri","Urbea Mea"],"articleSection":["Social"],"inLanguage":"ro-RO","potentialAction":[{"@type":"CommentAction","name":"Comment","target":["https:\/\/urbeamea.ro\/albaiulia\/accident-la-rahau-o-tanara-din-sebes-a-ajuns-cu-masina-in-afara-carosabilului\/#respond"]}]},{"@type":"WebPage","@id":"https:\/\/urbeamea.ro\/albaiulia\/accident-la-rahau-o-tanara-din-sebes-a-ajuns-cu-masina-in-afara-carosabilului\/","url":"https:\/\/urbeamea.ro\/albaiulia\/accident-la-rahau-o-tanara-din-sebes-a-ajuns-cu-masina-in-afara-carosabilului\/","name":"Accident la R\u0103h\u0103u: O t\u00e2n\u0103r\u0103 din Sebe\u015f a ajuns cu ma\u015fina \u00een afara carosabilului - Revista Urbea Mea - Revista de Alba","isPartOf":{"@id":"https:\/\/urbeamea.ro\/albaiulia\/#website"},"primaryImageOfPage":{"@id":"https:\/\/urbeamea.ro\/albaiulia\/accident-la-rahau-o-tanara-din-sebes-a-ajuns-cu-masina-in-afara-carosabilului\/#primaryimage"},"image":{"@id":"https:\/\/urbeamea.ro\/albaiulia\/accident-la-rahau-o-tanara-din-sebes-a-ajuns-cu-masina-in-afara-carosabilului\/#primaryimage"},"thumbnailUrl":"https:\/\/urbeamea.ro\/albaiulia\/wp-content\/uploads\/2016\/04\/Politia-Rutiera-Dacia-Logan-Radar.jpg","datePublished":"2016-05-17T11:02:10+00:00","dateModified":"2016-05-17T11:08:25+00:00","author":{"@id":"https:\/\/urbeamea.ro\/albaiulia\/#\/schema\/person\/272ae98052f8ee8980f59848df070247"},"description":"O t\u00e2n\u0103r\u0103 \u00een v\u00e2rst\u0103 de 24 de ani din Sebe\u015f a suferit leziuni corporale u\u015foare \u00een urma unui accident care s-a produs pe DN1, \u00eentre Sebe\u015f \u015fi Sibiu, zona","breadcrumb":{"@id":"https:\/\/urbeamea.ro\/albaiulia\/accident-la-rahau-o-tanara-din-sebes-a-ajuns-cu-masina-in-afara-carosabilului\/#breadcrumb"},"inLanguage":"ro-RO","potentialAction":[{"@type":"ReadAction","target":["https:\/\/urbeamea.ro\/albaiulia\/accident-la-rahau-o-tanara-din-sebes-a-ajuns-cu-masina-in-afara-carosabilului\/"]}]},{"@type":"ImageObject","inLanguage":"ro-RO","@id":"https:\/\/urbeamea.ro\/albaiulia\/accident-la-rahau-o-tanara-din-sebes-a-ajuns-cu-masina-in-afara-carosabilului\/#primaryimage","url":"https:\/\/urbeamea.ro\/albaiulia\/wp-content\/uploads\/2016\/04\/Politia-Rutiera-Dacia-Logan-Radar.jpg","contentUrl":"https:\/\/urbeamea.ro\/albaiulia\/wp-content\/uploads\/2016\/04\/Politia-Rutiera-Dacia-Logan-Radar.jpg","width":600,"height":400},{"@type":"BreadcrumbList","@id":"https:\/\/urbeamea.ro\/albaiulia\/accident-la-rahau-o-tanara-din-sebes-a-ajuns-cu-masina-in-afara-carosabilului\/#breadcrumb","itemListElement":[{"@type":"ListItem","position":1,"name":"Prima pagin\u0103","item":"https:\/\/urbeamea.ro\/albaiulia\/"},{"@type":"ListItem","position":2,"name":"Accident la R\u0103h\u0103u: O t\u00e2n\u0103r\u0103 din Sebe\u015f a ajuns cu ma\u015fina \u00een afara carosabilului"}]},{"@type":"WebSite","@id":"https:\/\/urbeamea.ro\/albaiulia\/#website","url":"https:\/\/urbeamea.ro\/albaiulia\/","name":"Revista Urbea Mea, Stiri urbane","description":"Evenimente \u0219i \u0219tiri din Alba Iulia, Sebe\u0219, Aiud, Blaj","potentialAction":[{"@type":"SearchAction","target":{"@type":"EntryPoint","urlTemplate":"https:\/\/urbeamea.ro\/albaiulia\/?s={search_term_string}"},"query-input":{"@type":"PropertyValueSpecification","valueRequired":true,"valueName":"search_term_string"}}],"inLanguage":"ro-RO"},{"@type":"Person","@id":"https:\/\/urbeamea.ro\/albaiulia\/#\/schema\/person\/272ae98052f8ee8980f59848df070247","name":"Redac\u021bia UrbeaMea","image":{"@type":"ImageObject","inLanguage":"ro-RO","@id":"https:\/\/secure.gravatar.com\/avatar\/9ce5a9435071fa1037e8468053ead8e513dbbff59009d3069aadb85506d85a27?s=96&d=mm&r=g","url":"https:\/\/secure.gravatar.com\/avatar\/9ce5a9435071fa1037e8468053ead8e513dbbff59009d3069aadb85506d85a27?s=96&d=mm&r=g","contentUrl":"https:\/\/secure.gravatar.com\/avatar\/9ce5a9435071fa1037e8468053ead8e513dbbff59009d3069aadb85506d85a27?s=96&d=mm&r=g","caption":"Redac\u021bia UrbeaMea"},"description":"contact@urbeamea.ro","sameAs":["https:\/\/www.urbeamea.ro"],"url":"https:\/\/urbeamea.ro\/albaiulia\/author\/redactia-urbeamea\/"}]}},"_links":{"self":[{"href":"https:\/\/urbeamea.ro\/albaiulia\/wp-json\/wp\/v2\/posts\/24508","targetHints":{"allow":["GET"]}}],"collection":[{"href":"https:\/\/urbeamea.ro\/albaiulia\/wp-json\/wp\/v2\/posts"}],"about":[{"href":"https:\/\/urbeamea.ro\/albaiulia\/wp-json\/wp\/v2\/types\/post"}],"author":[{"embeddable":true,"href":"https:\/\/urbeamea.ro\/albaiulia\/wp-json\/wp\/v2\/users\/16"}],"replies":[{"embeddable":true,"href":"https:\/\/urbeamea.ro\/albaiulia\/wp-json\/wp\/v2\/comments?post=24508"}],"version-history":[{"count":0,"href":"https:\/\/urbeamea.ro\/albaiulia\/wp-json\/wp\/v2\/posts\/24508\/revisions"}],"wp:featuredmedia":[{"embeddable":true,"href":"https:\/\/urbeamea.ro\/albaiulia\/wp-json\/wp\/v2\/media\/21861"}],"wp:attachment":[{"href":"https:\/\/urbeamea.ro\/albaiulia\/wp-json\/wp\/v2\/media?parent=24508"}],"wp:term":[{"taxonomy":"category","embeddable":true,"href":"https:\/\/urbeamea.ro\/albaiulia\/wp-json\/wp\/v2\/categories?post=24508"},{"taxonomy":"post_tag","embeddable":true,"href":"https:\/\/urbeamea.ro\/albaiulia\/wp-json\/wp\/v2\/tags?post=24508"}],"curies":[{"name":"wp","href":"https:\/\/api.w.org\/{rel}","templated":true}]}}