{"id":24531,"date":"2016-05-17T17:42:29","date_gmt":"2016-05-17T14:42:29","guid":{"rendered":"http:\/\/urbeamea.ro\/albaiulia\/?p=24531"},"modified":"2016-05-17T17:44:36","modified_gmt":"2016-05-17T14:44:36","slug":"in-weekend-cea-de-a-saptea-editie-a-targului-gustos-de-alba-pe-latura-de-vest-a-cetatii-programul-complet","status":"publish","type":"post","link":"https:\/\/urbeamea.ro\/albaiulia\/in-weekend-cea-de-a-saptea-editie-a-targului-gustos-de-alba-pe-latura-de-vest-a-cetatii-programul-complet\/","title":{"rendered":"\u00cen weekend: Cea de-a \u0219aptea edi\u0163ie a  T\u00e2rgului  \u201eGustos de Alba\u201d, pe Latura de Vest a Cet\u0103\u021bii. Programul complet"},"content":{"rendered":"<p><strong><img loading=\"lazy\" decoding=\"async\" class=\"size-medium wp-image-24532 alignleft\" src=\"http:\/\/urbeamea.ro\/albaiulia\/wp-content\/uploads\/2016\/05\/afis2016-web-212x300.jpg\" alt=\"afis2016-web\" width=\"212\" height=\"300\" \/>\u00cen acest sf\u00e2r\u0219it de s\u0103pt\u0103m\u00e2n\u0103, la Alba Iulia va avea loc cea de-a \u0219aptea edi\u0163ie a\u00a0 T\u00e2rgului\u00a0 \u201eGustos de Alba\u201d, eveniment organizat de Consiliul Jude\u021bean Alba.<\/strong><\/p>\n<p>Ca \u00een fiecare an, \u015fi de aceast\u0103 dat\u0103 produc\u0103tori din toate zonele jude\u0163ului vor fi prezen\u0163i in Latura de Vest a Cet\u0103\u021bii Alba Carolina din Alba Iulia, cu bun\u0103t\u0103\u0163i tradi\u0163ionale din toate domeniile: panifica\u021bie, patiserie, prelucrarea c\u0103rnii \u0219i a laptelui, apicultur\u0103, legumicultur\u0103, vinifica\u021bie. Vor fi prezentate \u0219i expuse pentru degustare \u0219i v\u00e2nzare specialit\u0103\u021bi gastronomice locale, iar micii fermieri vor aduce legume \u0219i fructe proaspete de sezon.<\/p>\n<p>Pe parcursul celor trei zile, vizitatorii vor avea ocazia s\u0103 asiste la diverse demonstra\u021bii \u0219i concursuri pe teme culinare.<\/p>\n<p>Vor avea ocazia s\u0103 vad\u0103 cum sunt preg\u0103tite o serie de preparate culinare reprezentative pentru buc\u0103t\u0103ria jude\u0163ului Alba, la ateliere culinare \u00een care copii de v\u00e2rst\u0103 pre\u015fcolar\u0103 \u015fi elevi ai Colegiului Economic \u201eDionisie Pop Mar\u0163ian\u201d din Alba Iulia vor re\u00eenvia gustul autentic preg\u0103tind pe loc \u201cdulciurile copil\u0103riei\u201d, un nutri\u021bionist va oferi sfaturi pentru o alimenta\u0163ie s\u0103n\u0103toas\u0103, urmate de o demonstra\u0163ie de smoothie din legume \u015fi fructe \u00een diverse combina\u0163ii, cu numeroase beneficii pentru organism, at\u00e2t la copii, c\u00e2t \u0219i la adul\u021bi.<\/p>\n<p>De asemenea, programul acestui eveniment va fi \u00eentregit de un spectacol de dans modern oferit de copiii din cadrul \u015ecolii de dans \u201eChiril\u0103\u201d din Alba Iulia.<\/p>\n<p>T\u00e2rgul Gustos de Alba va putea fi vizitat de vineri p\u00e2n\u0103 luni, \u00eentre orele 10.00 \u2013 18.00, \u00een spa\u0163iul expozi\u0163ional din Latura de Vest a Cet\u0103\u021bii Alba Carolina.<\/p>\n<p><strong><span lang=\"fr-FR\"><img loading=\"lazy\" decoding=\"async\" class=\"size-medium wp-image-24533 alignleft\" src=\"http:\/\/urbeamea.ro\/albaiulia\/wp-content\/uploads\/2016\/05\/flyer-verso-143x300.jpg\" alt=\"flyer-verso\" width=\"143\" height=\"300\" srcset=\"https:\/\/urbeamea.ro\/albaiulia\/wp-content\/uploads\/2016\/05\/flyer-verso-143x300.jpg 143w, https:\/\/urbeamea.ro\/albaiulia\/wp-content\/uploads\/2016\/05\/flyer-verso-71x150.jpg 71w, https:\/\/urbeamea.ro\/albaiulia\/wp-content\/uploads\/2016\/05\/flyer-verso-488x1024.jpg 488w, https:\/\/urbeamea.ro\/albaiulia\/wp-content\/uploads\/2016\/05\/flyer-verso.jpg 610w\" sizes=\"auto, (max-width: 143px) 100vw, 143px\" \/>PROGRAMUL T\u00e2rgului \u201dGustos de Alba\u201d 2016:<\/span><\/strong><\/p>\n<p><strong>Vineri, 20 mai 2016<\/strong><\/p>\n<p>11.00 \u2013 Deschiderea T\u00e2rgului Gustos de Alba<\/p>\n<p>12.00 \u2013 Buc\u0103t\u0103ria f\u0103r\u0103 foc \u2013 atelier culinar<\/p>\n<p>13.00 \u2013 Gustos \u0219i s\u0103n\u0103tos \u2013 sfatul nutri\u021bionistului<\/p>\n<p><strong>S\u00e2mb\u0103t\u0103, 21 mai 2016<\/strong><\/p>\n<p>11.30 \u2013 Atelier culinar pentru copii<\/p>\n<p>12.30 \u2013 Spectacol de dans modern<\/p>\n<p>14.00 \u2013 Recunoa\u0219te condimentul \u2013 concurs<\/p>\n<p>15.00 \u2013 Demonstra\u021bii culinare \u2013 \u00centurnat de C\u0103r\u0103ri<\/p>\n<p>16.00 \u2013 Vinurile Jude\u021bului \u2013 prezentare \u0219i degustare<\/p>\n<p><strong>Duminic\u0103, 22 mai 2016<\/strong><\/p>\n<p>12.00 \u2013 Legumele vesele \u2013 concurs<\/p>\n<p>12.30 \u2013 Vinurile jude\u021bului \u2013 prezentare \u0219i degustare<\/p>\n<p>13.00 \u2013 Platoul cel mai gustos \u2013 concurs<\/p>\n<p>14.00 \u2013 Demonstra\u021bii culinare \u2013 ceaun<\/p>\n","protected":false},"excerpt":{"rendered":"<p>\u00cen acest sf\u00e2r\u0219it de s\u0103pt\u0103m\u00e2n\u0103, la Alba Iulia va avea loc cea de-a \u0219aptea edi\u0163ie a\u00a0 T\u00e2rgului\u00a0 \u201eGustos de Alba\u201d, eveniment organizat de Consiliul Jude\u021bean Alba. Ca \u00een fiecare an, \u015fi de aceast\u0103 dat\u0103 produc\u0103tori din toate zonele jude\u0163ului vor fi prezen\u0163i in Latura de Vest a Cet\u0103\u021bii Alba Carolina din Alba Iulia, cu bun\u0103t\u0103\u0163i &hellip;<\/p>\n","protected":false},"author":17,"featured_media":24532,"comment_status":"open","ping_status":"open","sticky":false,"template":"","format":"standard","meta":{"inline_featured_image":false,"footnotes":""},"categories":[4],"tags":[31,5276,4373,5278,492,950,347,348,1320,450,5277,308,5275,76],"class_list":["post-24531","post","type-post","status-publish","format-standard","has-post-thumbnail","hentry","category-eveniment","tag-alba-iulia","tag-atelier-culinar","tag-bucatarie","tag-ceaun","tag-concurs","tag-consiliul-judetean","tag-degustare-de-vinuri","tag-demonstratii-culinare","tag-latura-de-vest-a-cetatii","tag-producatori","tag-spectacol-dans-modern","tag-stiri","tag-targul-gustos-de-alba","tag-urbea-mea"],"yoast_head":"<!-- This site is optimized with the Yoast SEO plugin v28.3 - https:\/\/yoast.com\/product\/yoast-seo-wordpress\/ -->\n<title>\u00cen weekend: Cea de-a \u0219aptea edi\u0163ie a T\u00e2rgului \u201eGustos de Alba\u201d, pe Latura de Vest a Cet\u0103\u021bii. Programul complet - Revista Urbea Mea - Revista de Alba<\/title>\n<meta name=\"description\" content=\"\u00cen acest sf\u00e2r\u0219it de s\u0103pt\u0103m\u00e2n\u0103, la Alba Iulia va avea loc cea de-a \u0219aptea edi\u0163ie a\u00a0 T\u00e2rgului\u00a0 \u201eGustos de Alba\u201d, eveniment organizat de Consiliul Jude\u021bean\" \/>\n<meta name=\"robots\" content=\"index, follow, max-snippet:-1, max-image-preview:large, max-video-preview:-1\" \/>\n<link rel=\"canonical\" href=\"https:\/\/urbeamea.ro\/albaiulia\/in-weekend-cea-de-a-saptea-editie-a-targului-gustos-de-alba-pe-latura-de-vest-a-cetatii-programul-complet\/\" \/>\n<meta name=\"twitter:card\" content=\"summary_large_image\" \/>\n<meta name=\"twitter:title\" content=\"\u00cen weekend: Cea de-a \u0219aptea edi\u0163ie a T\u00e2rgului \u201eGustos de Alba\u201d, pe Latura de Vest a Cet\u0103\u021bii. Programul complet - Revista Urbea Mea - Revista de Alba\" \/>\n<meta name=\"twitter:description\" content=\"\u00cen acest sf\u00e2r\u0219it de s\u0103pt\u0103m\u00e2n\u0103, la Alba Iulia va avea loc cea de-a \u0219aptea edi\u0163ie a\u00a0 T\u00e2rgului\u00a0 \u201eGustos de Alba\u201d, eveniment organizat de Consiliul Jude\u021bean\" \/>\n<meta name=\"twitter:image\" content=\"https:\/\/urbeamea.ro\/albaiulia\/wp-content\/uploads\/2016\/05\/afis2016-web.jpg\" \/>\n<meta name=\"twitter:creator\" content=\"@urbeameaweb\" \/>\n<meta name=\"twitter:site\" content=\"@urbeameaweb\" \/>\n<script type=\"application\/ld+json\" class=\"yoast-schema-graph\">{\"@context\":\"https:\\\/\\\/schema.org\",\"@graph\":[{\"@type\":\"Article\",\"@id\":\"https:\\\/\\\/urbeamea.ro\\\/albaiulia\\\/in-weekend-cea-de-a-saptea-editie-a-targului-gustos-de-alba-pe-latura-de-vest-a-cetatii-programul-complet\\\/#article\",\"isPartOf\":{\"@id\":\"https:\\\/\\\/urbeamea.ro\\\/albaiulia\\\/in-weekend-cea-de-a-saptea-editie-a-targului-gustos-de-alba-pe-latura-de-vest-a-cetatii-programul-complet\\\/\"},\"author\":{\"name\":\"Cristina Ganga\",\"@id\":\"https:\\\/\\\/urbeamea.ro\\\/albaiulia\\\/#\\\/schema\\\/person\\\/9700d21fae21c4f038b0b56f4506264a\"},\"headline\":\"\u00cen weekend: Cea de-a \u0219aptea edi\u0163ie a T\u00e2rgului \u201eGustos de Alba\u201d, pe Latura de Vest a Cet\u0103\u021bii. Programul complet\",\"datePublished\":\"2016-05-17T14:42:29+00:00\",\"dateModified\":\"2016-05-17T14:44:36+00:00\",\"mainEntityOfPage\":{\"@id\":\"https:\\\/\\\/urbeamea.ro\\\/albaiulia\\\/in-weekend-cea-de-a-saptea-editie-a-targului-gustos-de-alba-pe-latura-de-vest-a-cetatii-programul-complet\\\/\"},\"wordCount\":390,\"commentCount\":0,\"image\":{\"@id\":\"https:\\\/\\\/urbeamea.ro\\\/albaiulia\\\/in-weekend-cea-de-a-saptea-editie-a-targului-gustos-de-alba-pe-latura-de-vest-a-cetatii-programul-complet\\\/#primaryimage\"},\"thumbnailUrl\":\"https:\\\/\\\/urbeamea.ro\\\/albaiulia\\\/wp-content\\\/uploads\\\/2016\\\/05\\\/afis2016-web.jpg\",\"keywords\":[\"Alba Iulia\",\"atelier culinar\",\"bucatarie\",\"ceaun\",\"concurs\",\"consiliul judetean\",\"degustare de vinuri\",\"demonstratii culinare\",\"latura de vest a cetatii\",\"producatori\",\"spectacol dans modern\",\"stiri\",\"targul gustos de alba\",\"Urbea Mea\"],\"articleSection\":[\"Evenimente\"],\"inLanguage\":\"ro-RO\",\"potentialAction\":[{\"@type\":\"CommentAction\",\"name\":\"Comment\",\"target\":[\"https:\\\/\\\/urbeamea.ro\\\/albaiulia\\\/in-weekend-cea-de-a-saptea-editie-a-targului-gustos-de-alba-pe-latura-de-vest-a-cetatii-programul-complet\\\/#respond\"]}]},{\"@type\":\"WebPage\",\"@id\":\"https:\\\/\\\/urbeamea.ro\\\/albaiulia\\\/in-weekend-cea-de-a-saptea-editie-a-targului-gustos-de-alba-pe-latura-de-vest-a-cetatii-programul-complet\\\/\",\"url\":\"https:\\\/\\\/urbeamea.ro\\\/albaiulia\\\/in-weekend-cea-de-a-saptea-editie-a-targului-gustos-de-alba-pe-latura-de-vest-a-cetatii-programul-complet\\\/\",\"name\":\"\u00cen weekend: Cea de-a \u0219aptea edi\u0163ie a T\u00e2rgului \u201eGustos de Alba\u201d, pe Latura de Vest a Cet\u0103\u021bii. Programul complet - Revista Urbea Mea - Revista de Alba\",\"isPartOf\":{\"@id\":\"https:\\\/\\\/urbeamea.ro\\\/albaiulia\\\/#website\"},\"primaryImageOfPage\":{\"@id\":\"https:\\\/\\\/urbeamea.ro\\\/albaiulia\\\/in-weekend-cea-de-a-saptea-editie-a-targului-gustos-de-alba-pe-latura-de-vest-a-cetatii-programul-complet\\\/#primaryimage\"},\"image\":{\"@id\":\"https:\\\/\\\/urbeamea.ro\\\/albaiulia\\\/in-weekend-cea-de-a-saptea-editie-a-targului-gustos-de-alba-pe-latura-de-vest-a-cetatii-programul-complet\\\/#primaryimage\"},\"thumbnailUrl\":\"https:\\\/\\\/urbeamea.ro\\\/albaiulia\\\/wp-content\\\/uploads\\\/2016\\\/05\\\/afis2016-web.jpg\",\"datePublished\":\"2016-05-17T14:42:29+00:00\",\"dateModified\":\"2016-05-17T14:44:36+00:00\",\"author\":{\"@id\":\"https:\\\/\\\/urbeamea.ro\\\/albaiulia\\\/#\\\/schema\\\/person\\\/9700d21fae21c4f038b0b56f4506264a\"},\"description\":\"\u00cen acest sf\u00e2r\u0219it de s\u0103pt\u0103m\u00e2n\u0103, la Alba Iulia va avea loc cea de-a \u0219aptea edi\u0163ie a\u00a0 T\u00e2rgului\u00a0 \u201eGustos de Alba\u201d, eveniment organizat de Consiliul Jude\u021bean\",\"breadcrumb\":{\"@id\":\"https:\\\/\\\/urbeamea.ro\\\/albaiulia\\\/in-weekend-cea-de-a-saptea-editie-a-targului-gustos-de-alba-pe-latura-de-vest-a-cetatii-programul-complet\\\/#breadcrumb\"},\"inLanguage\":\"ro-RO\",\"potentialAction\":[{\"@type\":\"ReadAction\",\"target\":[\"https:\\\/\\\/urbeamea.ro\\\/albaiulia\\\/in-weekend-cea-de-a-saptea-editie-a-targului-gustos-de-alba-pe-latura-de-vest-a-cetatii-programul-complet\\\/\"]}]},{\"@type\":\"ImageObject\",\"inLanguage\":\"ro-RO\",\"@id\":\"https:\\\/\\\/urbeamea.ro\\\/albaiulia\\\/in-weekend-cea-de-a-saptea-editie-a-targului-gustos-de-alba-pe-latura-de-vest-a-cetatii-programul-complet\\\/#primaryimage\",\"url\":\"https:\\\/\\\/urbeamea.ro\\\/albaiulia\\\/wp-content\\\/uploads\\\/2016\\\/05\\\/afis2016-web.jpg\",\"contentUrl\":\"https:\\\/\\\/urbeamea.ro\\\/albaiulia\\\/wp-content\\\/uploads\\\/2016\\\/05\\\/afis2016-web.jpg\",\"width\":707,\"height\":1000},{\"@type\":\"BreadcrumbList\",\"@id\":\"https:\\\/\\\/urbeamea.ro\\\/albaiulia\\\/in-weekend-cea-de-a-saptea-editie-a-targului-gustos-de-alba-pe-latura-de-vest-a-cetatii-programul-complet\\\/#breadcrumb\",\"itemListElement\":[{\"@type\":\"ListItem\",\"position\":1,\"name\":\"Prima pagin\u0103\",\"item\":\"https:\\\/\\\/urbeamea.ro\\\/albaiulia\\\/\"},{\"@type\":\"ListItem\",\"position\":2,\"name\":\"\u00cen weekend: Cea de-a \u0219aptea edi\u0163ie a T\u00e2rgului \u201eGustos de Alba\u201d, pe Latura de Vest a Cet\u0103\u021bii. Programul complet\"}]},{\"@type\":\"WebSite\",\"@id\":\"https:\\\/\\\/urbeamea.ro\\\/albaiulia\\\/#website\",\"url\":\"https:\\\/\\\/urbeamea.ro\\\/albaiulia\\\/\",\"name\":\"Revista Urbea Mea, Stiri urbane\",\"description\":\"Evenimente \u0219i \u0219tiri din Alba Iulia, Sebe\u0219, Aiud, Blaj\",\"potentialAction\":[{\"@type\":\"SearchAction\",\"target\":{\"@type\":\"EntryPoint\",\"urlTemplate\":\"https:\\\/\\\/urbeamea.ro\\\/albaiulia\\\/?s={search_term_string}\"},\"query-input\":{\"@type\":\"PropertyValueSpecification\",\"valueRequired\":true,\"valueName\":\"search_term_string\"}}],\"inLanguage\":\"ro-RO\"},{\"@type\":\"Person\",\"@id\":\"https:\\\/\\\/urbeamea.ro\\\/albaiulia\\\/#\\\/schema\\\/person\\\/9700d21fae21c4f038b0b56f4506264a\",\"name\":\"Cristina Ganga\",\"image\":{\"@type\":\"ImageObject\",\"inLanguage\":\"ro-RO\",\"@id\":\"https:\\\/\\\/secure.gravatar.com\\\/avatar\\\/5a67661041f057b4a8ccaf26f5a8e86e2689372006d01faf3dd9eeb10b654bb4?s=96&d=mm&r=g\",\"url\":\"https:\\\/\\\/secure.gravatar.com\\\/avatar\\\/5a67661041f057b4a8ccaf26f5a8e86e2689372006d01faf3dd9eeb10b654bb4?s=96&d=mm&r=g\",\"contentUrl\":\"https:\\\/\\\/secure.gravatar.com\\\/avatar\\\/5a67661041f057b4a8ccaf26f5a8e86e2689372006d01faf3dd9eeb10b654bb4?s=96&d=mm&r=g\",\"caption\":\"Cristina Ganga\"},\"description\":\"Jurnalist\",\"sameAs\":[\"https:\\\/\\\/www.facebook.com\\\/cristina.nicola.587\"],\"url\":\"https:\\\/\\\/urbeamea.ro\\\/albaiulia\\\/author\\\/cristina-nicola\\\/\"}]}<\/script>\n<!-- \/ Yoast SEO plugin. -->","yoast_head_json":{"title":"\u00cen weekend: Cea de-a \u0219aptea edi\u0163ie a T\u00e2rgului \u201eGustos de Alba\u201d, pe Latura de Vest a Cet\u0103\u021bii. Programul complet - Revista Urbea Mea - Revista de Alba","description":"\u00cen acest sf\u00e2r\u0219it de s\u0103pt\u0103m\u00e2n\u0103, la Alba Iulia va avea loc cea de-a \u0219aptea edi\u0163ie a\u00a0 T\u00e2rgului\u00a0 \u201eGustos de Alba\u201d, eveniment organizat de Consiliul Jude\u021bean","robots":{"index":"index","follow":"follow","max-snippet":"max-snippet:-1","max-image-preview":"max-image-preview:large","max-video-preview":"max-video-preview:-1"},"canonical":"https:\/\/urbeamea.ro\/albaiulia\/in-weekend-cea-de-a-saptea-editie-a-targului-gustos-de-alba-pe-latura-de-vest-a-cetatii-programul-complet\/","twitter_card":"summary_large_image","twitter_title":"\u00cen weekend: Cea de-a \u0219aptea edi\u0163ie a T\u00e2rgului \u201eGustos de Alba\u201d, pe Latura de Vest a Cet\u0103\u021bii. Programul complet - Revista Urbea Mea - Revista de Alba","twitter_description":"\u00cen acest sf\u00e2r\u0219it de s\u0103pt\u0103m\u00e2n\u0103, la Alba Iulia va avea loc cea de-a \u0219aptea edi\u0163ie a\u00a0 T\u00e2rgului\u00a0 \u201eGustos de Alba\u201d, eveniment organizat de Consiliul Jude\u021bean","twitter_image":"https:\/\/urbeamea.ro\/albaiulia\/wp-content\/uploads\/2016\/05\/afis2016-web.jpg","twitter_creator":"@urbeameaweb","twitter_site":"@urbeameaweb","schema":{"@context":"https:\/\/schema.org","@graph":[{"@type":"Article","@id":"https:\/\/urbeamea.ro\/albaiulia\/in-weekend-cea-de-a-saptea-editie-a-targului-gustos-de-alba-pe-latura-de-vest-a-cetatii-programul-complet\/#article","isPartOf":{"@id":"https:\/\/urbeamea.ro\/albaiulia\/in-weekend-cea-de-a-saptea-editie-a-targului-gustos-de-alba-pe-latura-de-vest-a-cetatii-programul-complet\/"},"author":{"name":"Cristina Ganga","@id":"https:\/\/urbeamea.ro\/albaiulia\/#\/schema\/person\/9700d21fae21c4f038b0b56f4506264a"},"headline":"\u00cen weekend: Cea de-a \u0219aptea edi\u0163ie a T\u00e2rgului \u201eGustos de Alba\u201d, pe Latura de Vest a Cet\u0103\u021bii. Programul complet","datePublished":"2016-05-17T14:42:29+00:00","dateModified":"2016-05-17T14:44:36+00:00","mainEntityOfPage":{"@id":"https:\/\/urbeamea.ro\/albaiulia\/in-weekend-cea-de-a-saptea-editie-a-targului-gustos-de-alba-pe-latura-de-vest-a-cetatii-programul-complet\/"},"wordCount":390,"commentCount":0,"image":{"@id":"https:\/\/urbeamea.ro\/albaiulia\/in-weekend-cea-de-a-saptea-editie-a-targului-gustos-de-alba-pe-latura-de-vest-a-cetatii-programul-complet\/#primaryimage"},"thumbnailUrl":"https:\/\/urbeamea.ro\/albaiulia\/wp-content\/uploads\/2016\/05\/afis2016-web.jpg","keywords":["Alba Iulia","atelier culinar","bucatarie","ceaun","concurs","consiliul judetean","degustare de vinuri","demonstratii culinare","latura de vest a cetatii","producatori","spectacol dans modern","stiri","targul gustos de alba","Urbea Mea"],"articleSection":["Evenimente"],"inLanguage":"ro-RO","potentialAction":[{"@type":"CommentAction","name":"Comment","target":["https:\/\/urbeamea.ro\/albaiulia\/in-weekend-cea-de-a-saptea-editie-a-targului-gustos-de-alba-pe-latura-de-vest-a-cetatii-programul-complet\/#respond"]}]},{"@type":"WebPage","@id":"https:\/\/urbeamea.ro\/albaiulia\/in-weekend-cea-de-a-saptea-editie-a-targului-gustos-de-alba-pe-latura-de-vest-a-cetatii-programul-complet\/","url":"https:\/\/urbeamea.ro\/albaiulia\/in-weekend-cea-de-a-saptea-editie-a-targului-gustos-de-alba-pe-latura-de-vest-a-cetatii-programul-complet\/","name":"\u00cen weekend: Cea de-a \u0219aptea edi\u0163ie a T\u00e2rgului \u201eGustos de Alba\u201d, pe Latura de Vest a Cet\u0103\u021bii. Programul complet - Revista Urbea Mea - Revista de Alba","isPartOf":{"@id":"https:\/\/urbeamea.ro\/albaiulia\/#website"},"primaryImageOfPage":{"@id":"https:\/\/urbeamea.ro\/albaiulia\/in-weekend-cea-de-a-saptea-editie-a-targului-gustos-de-alba-pe-latura-de-vest-a-cetatii-programul-complet\/#primaryimage"},"image":{"@id":"https:\/\/urbeamea.ro\/albaiulia\/in-weekend-cea-de-a-saptea-editie-a-targului-gustos-de-alba-pe-latura-de-vest-a-cetatii-programul-complet\/#primaryimage"},"thumbnailUrl":"https:\/\/urbeamea.ro\/albaiulia\/wp-content\/uploads\/2016\/05\/afis2016-web.jpg","datePublished":"2016-05-17T14:42:29+00:00","dateModified":"2016-05-17T14:44:36+00:00","author":{"@id":"https:\/\/urbeamea.ro\/albaiulia\/#\/schema\/person\/9700d21fae21c4f038b0b56f4506264a"},"description":"\u00cen acest sf\u00e2r\u0219it de s\u0103pt\u0103m\u00e2n\u0103, la Alba Iulia va avea loc cea de-a \u0219aptea edi\u0163ie a\u00a0 T\u00e2rgului\u00a0 \u201eGustos de Alba\u201d, eveniment organizat de Consiliul Jude\u021bean","breadcrumb":{"@id":"https:\/\/urbeamea.ro\/albaiulia\/in-weekend-cea-de-a-saptea-editie-a-targului-gustos-de-alba-pe-latura-de-vest-a-cetatii-programul-complet\/#breadcrumb"},"inLanguage":"ro-RO","potentialAction":[{"@type":"ReadAction","target":["https:\/\/urbeamea.ro\/albaiulia\/in-weekend-cea-de-a-saptea-editie-a-targului-gustos-de-alba-pe-latura-de-vest-a-cetatii-programul-complet\/"]}]},{"@type":"ImageObject","inLanguage":"ro-RO","@id":"https:\/\/urbeamea.ro\/albaiulia\/in-weekend-cea-de-a-saptea-editie-a-targului-gustos-de-alba-pe-latura-de-vest-a-cetatii-programul-complet\/#primaryimage","url":"https:\/\/urbeamea.ro\/albaiulia\/wp-content\/uploads\/2016\/05\/afis2016-web.jpg","contentUrl":"https:\/\/urbeamea.ro\/albaiulia\/wp-content\/uploads\/2016\/05\/afis2016-web.jpg","width":707,"height":1000},{"@type":"BreadcrumbList","@id":"https:\/\/urbeamea.ro\/albaiulia\/in-weekend-cea-de-a-saptea-editie-a-targului-gustos-de-alba-pe-latura-de-vest-a-cetatii-programul-complet\/#breadcrumb","itemListElement":[{"@type":"ListItem","position":1,"name":"Prima pagin\u0103","item":"https:\/\/urbeamea.ro\/albaiulia\/"},{"@type":"ListItem","position":2,"name":"\u00cen weekend: Cea de-a \u0219aptea edi\u0163ie a T\u00e2rgului \u201eGustos de Alba\u201d, pe Latura de Vest a Cet\u0103\u021bii. Programul complet"}]},{"@type":"WebSite","@id":"https:\/\/urbeamea.ro\/albaiulia\/#website","url":"https:\/\/urbeamea.ro\/albaiulia\/","name":"Revista Urbea Mea, Stiri urbane","description":"Evenimente \u0219i \u0219tiri din Alba Iulia, Sebe\u0219, Aiud, Blaj","potentialAction":[{"@type":"SearchAction","target":{"@type":"EntryPoint","urlTemplate":"https:\/\/urbeamea.ro\/albaiulia\/?s={search_term_string}"},"query-input":{"@type":"PropertyValueSpecification","valueRequired":true,"valueName":"search_term_string"}}],"inLanguage":"ro-RO"},{"@type":"Person","@id":"https:\/\/urbeamea.ro\/albaiulia\/#\/schema\/person\/9700d21fae21c4f038b0b56f4506264a","name":"Cristina Ganga","image":{"@type":"ImageObject","inLanguage":"ro-RO","@id":"https:\/\/secure.gravatar.com\/avatar\/5a67661041f057b4a8ccaf26f5a8e86e2689372006d01faf3dd9eeb10b654bb4?s=96&d=mm&r=g","url":"https:\/\/secure.gravatar.com\/avatar\/5a67661041f057b4a8ccaf26f5a8e86e2689372006d01faf3dd9eeb10b654bb4?s=96&d=mm&r=g","contentUrl":"https:\/\/secure.gravatar.com\/avatar\/5a67661041f057b4a8ccaf26f5a8e86e2689372006d01faf3dd9eeb10b654bb4?s=96&d=mm&r=g","caption":"Cristina Ganga"},"description":"Jurnalist","sameAs":["https:\/\/www.facebook.com\/cristina.nicola.587"],"url":"https:\/\/urbeamea.ro\/albaiulia\/author\/cristina-nicola\/"}]}},"_links":{"self":[{"href":"https:\/\/urbeamea.ro\/albaiulia\/wp-json\/wp\/v2\/posts\/24531","targetHints":{"allow":["GET"]}}],"collection":[{"href":"https:\/\/urbeamea.ro\/albaiulia\/wp-json\/wp\/v2\/posts"}],"about":[{"href":"https:\/\/urbeamea.ro\/albaiulia\/wp-json\/wp\/v2\/types\/post"}],"author":[{"embeddable":true,"href":"https:\/\/urbeamea.ro\/albaiulia\/wp-json\/wp\/v2\/users\/17"}],"replies":[{"embeddable":true,"href":"https:\/\/urbeamea.ro\/albaiulia\/wp-json\/wp\/v2\/comments?post=24531"}],"version-history":[{"count":0,"href":"https:\/\/urbeamea.ro\/albaiulia\/wp-json\/wp\/v2\/posts\/24531\/revisions"}],"wp:featuredmedia":[{"embeddable":true,"href":"https:\/\/urbeamea.ro\/albaiulia\/wp-json\/wp\/v2\/media\/24532"}],"wp:attachment":[{"href":"https:\/\/urbeamea.ro\/albaiulia\/wp-json\/wp\/v2\/media?parent=24531"}],"wp:term":[{"taxonomy":"category","embeddable":true,"href":"https:\/\/urbeamea.ro\/albaiulia\/wp-json\/wp\/v2\/categories?post=24531"},{"taxonomy":"post_tag","embeddable":true,"href":"https:\/\/urbeamea.ro\/albaiulia\/wp-json\/wp\/v2\/tags?post=24531"}],"curies":[{"name":"wp","href":"https:\/\/api.w.org\/{rel}","templated":true}]}}