{"id":25070,"date":"2016-05-23T11:57:35","date_gmt":"2016-05-23T08:57:35","guid":{"rendered":"http:\/\/urbeamea.ro\/albaiulia\/?p=25070"},"modified":"2016-05-23T11:57:35","modified_gmt":"2016-05-23T08:57:35","slug":"in-weekend-concurs-si-expozitie-internationala-de-machete-statice-la-alba-iulia","status":"publish","type":"post","link":"https:\/\/urbeamea.ro\/albaiulia\/in-weekend-concurs-si-expozitie-internationala-de-machete-statice-la-alba-iulia\/","title":{"rendered":"\u00cen weekend: Concurs \u015fi expozi\u0163ie interna\u0163ional\u0103 de machete statice la Alba Iulia"},"content":{"rendered":"<p><strong><img loading=\"lazy\" decoding=\"async\" class=\"size-medium wp-image-12833 alignleft\" src=\"http:\/\/urbeamea.ro\/albaiulia\/wp-content\/uploads\/2015\/11\/machete-300x180.jpg\" alt=\"machete\" width=\"300\" height=\"180\" \/>Asocia\u0163ia Modelism Alba (AMA-IPMS Rom\u00e2nia), \u00een colaborare cu Prim\u0103ria Municipiului\u00a0Alba Iulia \u015fi institu\u0163iile locale organizeaz\u0103 \u00een perioada 28-29 mai 2016, a VI-a edi\u021bie a \u2019\u2019Concursului Interna\u021bional de Machete Statice \u2013 Cupa Cet\u0103\u0163ii Alba Iulia\u2019\u2019.<\/strong><\/p>\n<p lang=\"zxx\">Evenimentul, un regal modelistic, se va desf\u0103\u015fura \u00een Caponiera din Pia\u0163a Tobo\u015farului, aflat\u0103 \u00een incinta Cet\u0103\u0163ii Alba Carolina din Alba Iulia.<\/p>\n<p lang=\"zxx\">\u015ei \u00een acest an, competi\u0163ia reune\u015fte participan\u0163i din Cehia, Italia, Germania, Marea Britanie, Moldova, Ungaria \u015fi Rom\u00e2nia \u00eenscri\u015fi \u00een 40 de categorii de concurs. \u00cen paralel se va organiza \u015fi o mini- expozi\u0163ie de machete statice de avioane \u015fi vehicule civile \u015fi militare, figurine \u015fi navomodele.<\/p>\n<p lang=\"zxx\"><span lang=\"fr-FR\">Accesul publicului este liber \u015fi se va face \u00een zilele de <strong>28 mai \u00eentre orele 16.00 \u2013 21.00<\/strong>\u00a0\u015fi \u00een<strong> 29 mai \u00eentre orele <\/strong><\/span><strong>09.00 -14.00<\/strong><span lang=\"fr-FR\">.<\/span><\/p>\n<p lang=\"zxx\">Parteneri \u00een organizarea evenimentului sunt Muzeul Na\u0163ional al Unirii Alba Iulia, Universitatea \u201c1 Decembrie 1918\u201d Alba Iulia, Pensiunea Voichi\u0163a<\/p>\n<p>Asocia\u0163ia Modelism Alba (AMA) a fost \u00eenfiin\u0163at\u0103 \u00een 2010, ca singura asocia\u0163ie non-profit din Rom\u00e2nia, cu obiect de activitate modelismul static. A fost creat\u0103 la ini\u0163iativa a 10 modeli\u015fti din Alba \u015fi a Muzeului Na\u0163ional al Unirii din Alba Iulia \u015fi acum are 21 de membri activi din Alba, Bucure\u015fti, Cluj, Craiova \u015fi Sighi\u015foara.<\/p>\n","protected":false},"excerpt":{"rendered":"<p>Asocia\u0163ia Modelism Alba (AMA-IPMS Rom\u00e2nia), \u00een colaborare cu Prim\u0103ria Municipiului\u00a0Alba Iulia \u015fi institu\u0163iile locale organizeaz\u0103 \u00een perioada 28-29 mai 2016, a VI-a edi\u021bie a \u2019\u2019Concursului Interna\u021bional de Machete Statice \u2013 Cupa Cet\u0103\u0163ii Alba Iulia\u2019\u2019. Evenimentul, un regal modelistic, se va desf\u0103\u015fura \u00een Caponiera din Pia\u0163a Tobo\u015farului, aflat\u0103 \u00een incinta Cet\u0103\u0163ii Alba Carolina din Alba Iulia. &hellip;<\/p>\n","protected":false},"author":17,"featured_media":12833,"comment_status":"open","ping_status":"open","sticky":false,"template":"","format":"standard","meta":{"inline_featured_image":false,"footnotes":""},"categories":[4],"tags":[31,5383,5381,4923,492,5380,5385,1501,864,5379,2065,2136,5386,2826,5382,272,308,3115,76,5384],"class_list":["post-25070","post","type-post","status-publish","format-standard","has-post-thumbnail","hentry","category-eveniment","tag-alba-iulia","tag-avioane","tag-caponiera","tag-cehia","tag-concurs","tag-cupa-cetatii-alba-iulia","tag-figurine","tag-germania","tag-italia","tag-machete-statice","tag-marea-britanie","tag-moldova","tag-navomodele","tag-participanti","tag-piata-tobosarului","tag-romania","tag-stiri","tag-ungaria","tag-urbea-mea","tag-vehicule-civile-si-militare"],"yoast_head":"<!-- This site is optimized with the Yoast SEO plugin v28.3 - https:\/\/yoast.com\/product\/yoast-seo-wordpress\/ -->\n<title>\u00cen weekend: Concurs \u015fi expozi\u0163ie interna\u0163ional\u0103 de machete statice la Alba Iulia - Revista Urbea Mea - Revista de Alba<\/title>\n<meta name=\"description\" content=\"Asocia\u0163ia Modelism Alba (AMA-IPMS Rom\u00e2nia), \u00een colaborare cu Prim\u0103ria Municipiului\u00a0Alba Iulia \u015fi institu\u0163iile locale organizeaz\u0103 \u00een perioada 28-29 mai\" \/>\n<meta name=\"robots\" content=\"index, follow, max-snippet:-1, max-image-preview:large, max-video-preview:-1\" \/>\n<link rel=\"canonical\" href=\"https:\/\/urbeamea.ro\/albaiulia\/in-weekend-concurs-si-expozitie-internationala-de-machete-statice-la-alba-iulia\/\" \/>\n<meta name=\"twitter:card\" content=\"summary_large_image\" \/>\n<meta name=\"twitter:title\" content=\"\u00cen weekend: Concurs \u015fi expozi\u0163ie interna\u0163ional\u0103 de machete statice la Alba Iulia - Revista Urbea Mea - Revista de Alba\" \/>\n<meta name=\"twitter:description\" content=\"Asocia\u0163ia Modelism Alba (AMA-IPMS Rom\u00e2nia), \u00een colaborare cu Prim\u0103ria Municipiului\u00a0Alba Iulia \u015fi institu\u0163iile locale organizeaz\u0103 \u00een perioada 28-29 mai\" \/>\n<meta name=\"twitter:image\" content=\"https:\/\/urbeamea.ro\/albaiulia\/wp-content\/uploads\/2015\/11\/machete.jpg\" \/>\n<meta name=\"twitter:creator\" content=\"@urbeameaweb\" \/>\n<meta name=\"twitter:site\" content=\"@urbeameaweb\" \/>\n<script type=\"application\/ld+json\" class=\"yoast-schema-graph\">{\"@context\":\"https:\\\/\\\/schema.org\",\"@graph\":[{\"@type\":\"Article\",\"@id\":\"https:\\\/\\\/urbeamea.ro\\\/albaiulia\\\/in-weekend-concurs-si-expozitie-internationala-de-machete-statice-la-alba-iulia\\\/#article\",\"isPartOf\":{\"@id\":\"https:\\\/\\\/urbeamea.ro\\\/albaiulia\\\/in-weekend-concurs-si-expozitie-internationala-de-machete-statice-la-alba-iulia\\\/\"},\"author\":{\"name\":\"Cristina Ganga\",\"@id\":\"https:\\\/\\\/urbeamea.ro\\\/albaiulia\\\/#\\\/schema\\\/person\\\/9700d21fae21c4f038b0b56f4506264a\"},\"headline\":\"\u00cen weekend: Concurs \u015fi expozi\u0163ie interna\u0163ional\u0103 de machete statice la Alba Iulia\",\"datePublished\":\"2016-05-23T08:57:35+00:00\",\"mainEntityOfPage\":{\"@id\":\"https:\\\/\\\/urbeamea.ro\\\/albaiulia\\\/in-weekend-concurs-si-expozitie-internationala-de-machete-statice-la-alba-iulia\\\/\"},\"wordCount\":229,\"commentCount\":0,\"image\":{\"@id\":\"https:\\\/\\\/urbeamea.ro\\\/albaiulia\\\/in-weekend-concurs-si-expozitie-internationala-de-machete-statice-la-alba-iulia\\\/#primaryimage\"},\"thumbnailUrl\":\"https:\\\/\\\/urbeamea.ro\\\/albaiulia\\\/wp-content\\\/uploads\\\/2015\\\/11\\\/machete.jpg\",\"keywords\":[\"Alba Iulia\",\"avioane\",\"caponiera\",\"cehia\",\"concurs\",\"cupa cetatii alba iulia\",\"figurine\",\"germania\",\"italia\",\"machete statice\",\"marea britanie\",\"Moldova\",\"navomodele\",\"participanti\",\"piata tobosarului\",\"romania\",\"stiri\",\"Ungaria\",\"Urbea Mea\",\"vehicule civile si militare\"],\"articleSection\":[\"Evenimente\"],\"inLanguage\":\"ro-RO\",\"potentialAction\":[{\"@type\":\"CommentAction\",\"name\":\"Comment\",\"target\":[\"https:\\\/\\\/urbeamea.ro\\\/albaiulia\\\/in-weekend-concurs-si-expozitie-internationala-de-machete-statice-la-alba-iulia\\\/#respond\"]}]},{\"@type\":\"WebPage\",\"@id\":\"https:\\\/\\\/urbeamea.ro\\\/albaiulia\\\/in-weekend-concurs-si-expozitie-internationala-de-machete-statice-la-alba-iulia\\\/\",\"url\":\"https:\\\/\\\/urbeamea.ro\\\/albaiulia\\\/in-weekend-concurs-si-expozitie-internationala-de-machete-statice-la-alba-iulia\\\/\",\"name\":\"\u00cen weekend: Concurs \u015fi expozi\u0163ie interna\u0163ional\u0103 de machete statice la Alba Iulia - Revista Urbea Mea - Revista de Alba\",\"isPartOf\":{\"@id\":\"https:\\\/\\\/urbeamea.ro\\\/albaiulia\\\/#website\"},\"primaryImageOfPage\":{\"@id\":\"https:\\\/\\\/urbeamea.ro\\\/albaiulia\\\/in-weekend-concurs-si-expozitie-internationala-de-machete-statice-la-alba-iulia\\\/#primaryimage\"},\"image\":{\"@id\":\"https:\\\/\\\/urbeamea.ro\\\/albaiulia\\\/in-weekend-concurs-si-expozitie-internationala-de-machete-statice-la-alba-iulia\\\/#primaryimage\"},\"thumbnailUrl\":\"https:\\\/\\\/urbeamea.ro\\\/albaiulia\\\/wp-content\\\/uploads\\\/2015\\\/11\\\/machete.jpg\",\"datePublished\":\"2016-05-23T08:57:35+00:00\",\"author\":{\"@id\":\"https:\\\/\\\/urbeamea.ro\\\/albaiulia\\\/#\\\/schema\\\/person\\\/9700d21fae21c4f038b0b56f4506264a\"},\"description\":\"Asocia\u0163ia Modelism Alba (AMA-IPMS Rom\u00e2nia), \u00een colaborare cu Prim\u0103ria Municipiului\u00a0Alba Iulia \u015fi institu\u0163iile locale organizeaz\u0103 \u00een perioada 28-29 mai\",\"breadcrumb\":{\"@id\":\"https:\\\/\\\/urbeamea.ro\\\/albaiulia\\\/in-weekend-concurs-si-expozitie-internationala-de-machete-statice-la-alba-iulia\\\/#breadcrumb\"},\"inLanguage\":\"ro-RO\",\"potentialAction\":[{\"@type\":\"ReadAction\",\"target\":[\"https:\\\/\\\/urbeamea.ro\\\/albaiulia\\\/in-weekend-concurs-si-expozitie-internationala-de-machete-statice-la-alba-iulia\\\/\"]}]},{\"@type\":\"ImageObject\",\"inLanguage\":\"ro-RO\",\"@id\":\"https:\\\/\\\/urbeamea.ro\\\/albaiulia\\\/in-weekend-concurs-si-expozitie-internationala-de-machete-statice-la-alba-iulia\\\/#primaryimage\",\"url\":\"https:\\\/\\\/urbeamea.ro\\\/albaiulia\\\/wp-content\\\/uploads\\\/2015\\\/11\\\/machete.jpg\",\"contentUrl\":\"https:\\\/\\\/urbeamea.ro\\\/albaiulia\\\/wp-content\\\/uploads\\\/2015\\\/11\\\/machete.jpg\",\"width\":1024,\"height\":615},{\"@type\":\"BreadcrumbList\",\"@id\":\"https:\\\/\\\/urbeamea.ro\\\/albaiulia\\\/in-weekend-concurs-si-expozitie-internationala-de-machete-statice-la-alba-iulia\\\/#breadcrumb\",\"itemListElement\":[{\"@type\":\"ListItem\",\"position\":1,\"name\":\"Prima pagin\u0103\",\"item\":\"https:\\\/\\\/urbeamea.ro\\\/albaiulia\\\/\"},{\"@type\":\"ListItem\",\"position\":2,\"name\":\"\u00cen weekend: Concurs \u015fi expozi\u0163ie interna\u0163ional\u0103 de machete statice la Alba Iulia\"}]},{\"@type\":\"WebSite\",\"@id\":\"https:\\\/\\\/urbeamea.ro\\\/albaiulia\\\/#website\",\"url\":\"https:\\\/\\\/urbeamea.ro\\\/albaiulia\\\/\",\"name\":\"Revista Urbea Mea, Stiri urbane\",\"description\":\"Evenimente \u0219i \u0219tiri din Alba Iulia, Sebe\u0219, Aiud, Blaj\",\"potentialAction\":[{\"@type\":\"SearchAction\",\"target\":{\"@type\":\"EntryPoint\",\"urlTemplate\":\"https:\\\/\\\/urbeamea.ro\\\/albaiulia\\\/?s={search_term_string}\"},\"query-input\":{\"@type\":\"PropertyValueSpecification\",\"valueRequired\":true,\"valueName\":\"search_term_string\"}}],\"inLanguage\":\"ro-RO\"},{\"@type\":\"Person\",\"@id\":\"https:\\\/\\\/urbeamea.ro\\\/albaiulia\\\/#\\\/schema\\\/person\\\/9700d21fae21c4f038b0b56f4506264a\",\"name\":\"Cristina Ganga\",\"image\":{\"@type\":\"ImageObject\",\"inLanguage\":\"ro-RO\",\"@id\":\"https:\\\/\\\/secure.gravatar.com\\\/avatar\\\/5a67661041f057b4a8ccaf26f5a8e86e2689372006d01faf3dd9eeb10b654bb4?s=96&d=mm&r=g\",\"url\":\"https:\\\/\\\/secure.gravatar.com\\\/avatar\\\/5a67661041f057b4a8ccaf26f5a8e86e2689372006d01faf3dd9eeb10b654bb4?s=96&d=mm&r=g\",\"contentUrl\":\"https:\\\/\\\/secure.gravatar.com\\\/avatar\\\/5a67661041f057b4a8ccaf26f5a8e86e2689372006d01faf3dd9eeb10b654bb4?s=96&d=mm&r=g\",\"caption\":\"Cristina Ganga\"},\"description\":\"Jurnalist\",\"sameAs\":[\"https:\\\/\\\/www.facebook.com\\\/cristina.nicola.587\"],\"url\":\"https:\\\/\\\/urbeamea.ro\\\/albaiulia\\\/author\\\/cristina-nicola\\\/\"}]}<\/script>\n<!-- \/ Yoast SEO plugin. -->","yoast_head_json":{"title":"\u00cen weekend: Concurs \u015fi expozi\u0163ie interna\u0163ional\u0103 de machete statice la Alba Iulia - Revista Urbea Mea - Revista de Alba","description":"Asocia\u0163ia Modelism Alba (AMA-IPMS Rom\u00e2nia), \u00een colaborare cu Prim\u0103ria Municipiului\u00a0Alba Iulia \u015fi institu\u0163iile locale organizeaz\u0103 \u00een perioada 28-29 mai","robots":{"index":"index","follow":"follow","max-snippet":"max-snippet:-1","max-image-preview":"max-image-preview:large","max-video-preview":"max-video-preview:-1"},"canonical":"https:\/\/urbeamea.ro\/albaiulia\/in-weekend-concurs-si-expozitie-internationala-de-machete-statice-la-alba-iulia\/","twitter_card":"summary_large_image","twitter_title":"\u00cen weekend: Concurs \u015fi expozi\u0163ie interna\u0163ional\u0103 de machete statice la Alba Iulia - Revista Urbea Mea - Revista de Alba","twitter_description":"Asocia\u0163ia Modelism Alba (AMA-IPMS Rom\u00e2nia), \u00een colaborare cu Prim\u0103ria Municipiului\u00a0Alba Iulia \u015fi institu\u0163iile locale organizeaz\u0103 \u00een perioada 28-29 mai","twitter_image":"https:\/\/urbeamea.ro\/albaiulia\/wp-content\/uploads\/2015\/11\/machete.jpg","twitter_creator":"@urbeameaweb","twitter_site":"@urbeameaweb","schema":{"@context":"https:\/\/schema.org","@graph":[{"@type":"Article","@id":"https:\/\/urbeamea.ro\/albaiulia\/in-weekend-concurs-si-expozitie-internationala-de-machete-statice-la-alba-iulia\/#article","isPartOf":{"@id":"https:\/\/urbeamea.ro\/albaiulia\/in-weekend-concurs-si-expozitie-internationala-de-machete-statice-la-alba-iulia\/"},"author":{"name":"Cristina Ganga","@id":"https:\/\/urbeamea.ro\/albaiulia\/#\/schema\/person\/9700d21fae21c4f038b0b56f4506264a"},"headline":"\u00cen weekend: Concurs \u015fi expozi\u0163ie interna\u0163ional\u0103 de machete statice la Alba Iulia","datePublished":"2016-05-23T08:57:35+00:00","mainEntityOfPage":{"@id":"https:\/\/urbeamea.ro\/albaiulia\/in-weekend-concurs-si-expozitie-internationala-de-machete-statice-la-alba-iulia\/"},"wordCount":229,"commentCount":0,"image":{"@id":"https:\/\/urbeamea.ro\/albaiulia\/in-weekend-concurs-si-expozitie-internationala-de-machete-statice-la-alba-iulia\/#primaryimage"},"thumbnailUrl":"https:\/\/urbeamea.ro\/albaiulia\/wp-content\/uploads\/2015\/11\/machete.jpg","keywords":["Alba Iulia","avioane","caponiera","cehia","concurs","cupa cetatii alba iulia","figurine","germania","italia","machete statice","marea britanie","Moldova","navomodele","participanti","piata tobosarului","romania","stiri","Ungaria","Urbea Mea","vehicule civile si militare"],"articleSection":["Evenimente"],"inLanguage":"ro-RO","potentialAction":[{"@type":"CommentAction","name":"Comment","target":["https:\/\/urbeamea.ro\/albaiulia\/in-weekend-concurs-si-expozitie-internationala-de-machete-statice-la-alba-iulia\/#respond"]}]},{"@type":"WebPage","@id":"https:\/\/urbeamea.ro\/albaiulia\/in-weekend-concurs-si-expozitie-internationala-de-machete-statice-la-alba-iulia\/","url":"https:\/\/urbeamea.ro\/albaiulia\/in-weekend-concurs-si-expozitie-internationala-de-machete-statice-la-alba-iulia\/","name":"\u00cen weekend: Concurs \u015fi expozi\u0163ie interna\u0163ional\u0103 de machete statice la Alba Iulia - Revista Urbea Mea - Revista de Alba","isPartOf":{"@id":"https:\/\/urbeamea.ro\/albaiulia\/#website"},"primaryImageOfPage":{"@id":"https:\/\/urbeamea.ro\/albaiulia\/in-weekend-concurs-si-expozitie-internationala-de-machete-statice-la-alba-iulia\/#primaryimage"},"image":{"@id":"https:\/\/urbeamea.ro\/albaiulia\/in-weekend-concurs-si-expozitie-internationala-de-machete-statice-la-alba-iulia\/#primaryimage"},"thumbnailUrl":"https:\/\/urbeamea.ro\/albaiulia\/wp-content\/uploads\/2015\/11\/machete.jpg","datePublished":"2016-05-23T08:57:35+00:00","author":{"@id":"https:\/\/urbeamea.ro\/albaiulia\/#\/schema\/person\/9700d21fae21c4f038b0b56f4506264a"},"description":"Asocia\u0163ia Modelism Alba (AMA-IPMS Rom\u00e2nia), \u00een colaborare cu Prim\u0103ria Municipiului\u00a0Alba Iulia \u015fi institu\u0163iile locale organizeaz\u0103 \u00een perioada 28-29 mai","breadcrumb":{"@id":"https:\/\/urbeamea.ro\/albaiulia\/in-weekend-concurs-si-expozitie-internationala-de-machete-statice-la-alba-iulia\/#breadcrumb"},"inLanguage":"ro-RO","potentialAction":[{"@type":"ReadAction","target":["https:\/\/urbeamea.ro\/albaiulia\/in-weekend-concurs-si-expozitie-internationala-de-machete-statice-la-alba-iulia\/"]}]},{"@type":"ImageObject","inLanguage":"ro-RO","@id":"https:\/\/urbeamea.ro\/albaiulia\/in-weekend-concurs-si-expozitie-internationala-de-machete-statice-la-alba-iulia\/#primaryimage","url":"https:\/\/urbeamea.ro\/albaiulia\/wp-content\/uploads\/2015\/11\/machete.jpg","contentUrl":"https:\/\/urbeamea.ro\/albaiulia\/wp-content\/uploads\/2015\/11\/machete.jpg","width":1024,"height":615},{"@type":"BreadcrumbList","@id":"https:\/\/urbeamea.ro\/albaiulia\/in-weekend-concurs-si-expozitie-internationala-de-machete-statice-la-alba-iulia\/#breadcrumb","itemListElement":[{"@type":"ListItem","position":1,"name":"Prima pagin\u0103","item":"https:\/\/urbeamea.ro\/albaiulia\/"},{"@type":"ListItem","position":2,"name":"\u00cen weekend: Concurs \u015fi expozi\u0163ie interna\u0163ional\u0103 de machete statice la Alba Iulia"}]},{"@type":"WebSite","@id":"https:\/\/urbeamea.ro\/albaiulia\/#website","url":"https:\/\/urbeamea.ro\/albaiulia\/","name":"Revista Urbea Mea, Stiri urbane","description":"Evenimente \u0219i \u0219tiri din Alba Iulia, Sebe\u0219, Aiud, Blaj","potentialAction":[{"@type":"SearchAction","target":{"@type":"EntryPoint","urlTemplate":"https:\/\/urbeamea.ro\/albaiulia\/?s={search_term_string}"},"query-input":{"@type":"PropertyValueSpecification","valueRequired":true,"valueName":"search_term_string"}}],"inLanguage":"ro-RO"},{"@type":"Person","@id":"https:\/\/urbeamea.ro\/albaiulia\/#\/schema\/person\/9700d21fae21c4f038b0b56f4506264a","name":"Cristina Ganga","image":{"@type":"ImageObject","inLanguage":"ro-RO","@id":"https:\/\/secure.gravatar.com\/avatar\/5a67661041f057b4a8ccaf26f5a8e86e2689372006d01faf3dd9eeb10b654bb4?s=96&d=mm&r=g","url":"https:\/\/secure.gravatar.com\/avatar\/5a67661041f057b4a8ccaf26f5a8e86e2689372006d01faf3dd9eeb10b654bb4?s=96&d=mm&r=g","contentUrl":"https:\/\/secure.gravatar.com\/avatar\/5a67661041f057b4a8ccaf26f5a8e86e2689372006d01faf3dd9eeb10b654bb4?s=96&d=mm&r=g","caption":"Cristina Ganga"},"description":"Jurnalist","sameAs":["https:\/\/www.facebook.com\/cristina.nicola.587"],"url":"https:\/\/urbeamea.ro\/albaiulia\/author\/cristina-nicola\/"}]}},"_links":{"self":[{"href":"https:\/\/urbeamea.ro\/albaiulia\/wp-json\/wp\/v2\/posts\/25070","targetHints":{"allow":["GET"]}}],"collection":[{"href":"https:\/\/urbeamea.ro\/albaiulia\/wp-json\/wp\/v2\/posts"}],"about":[{"href":"https:\/\/urbeamea.ro\/albaiulia\/wp-json\/wp\/v2\/types\/post"}],"author":[{"embeddable":true,"href":"https:\/\/urbeamea.ro\/albaiulia\/wp-json\/wp\/v2\/users\/17"}],"replies":[{"embeddable":true,"href":"https:\/\/urbeamea.ro\/albaiulia\/wp-json\/wp\/v2\/comments?post=25070"}],"version-history":[{"count":0,"href":"https:\/\/urbeamea.ro\/albaiulia\/wp-json\/wp\/v2\/posts\/25070\/revisions"}],"wp:featuredmedia":[{"embeddable":true,"href":"https:\/\/urbeamea.ro\/albaiulia\/wp-json\/wp\/v2\/media\/12833"}],"wp:attachment":[{"href":"https:\/\/urbeamea.ro\/albaiulia\/wp-json\/wp\/v2\/media?parent=25070"}],"wp:term":[{"taxonomy":"category","embeddable":true,"href":"https:\/\/urbeamea.ro\/albaiulia\/wp-json\/wp\/v2\/categories?post=25070"},{"taxonomy":"post_tag","embeddable":true,"href":"https:\/\/urbeamea.ro\/albaiulia\/wp-json\/wp\/v2\/tags?post=25070"}],"curies":[{"name":"wp","href":"https:\/\/api.w.org\/{rel}","templated":true}]}}