{"id":25167,"date":"2016-05-26T11:43:27","date_gmt":"2016-05-26T08:43:27","guid":{"rendered":"http:\/\/urbeamea.ro\/albaiulia\/?p=25167"},"modified":"2016-05-26T11:43:27","modified_gmt":"2016-05-26T08:43:27","slug":"vineri-concursul-judetean-de-dans-festivalul-florilor-de-mai-organizat-de-gradinita-cu-program-prelungit-primii-pasi-aiud","status":"publish","type":"post","link":"https:\/\/urbeamea.ro\/albaiulia\/vineri-concursul-judetean-de-dans-festivalul-florilor-de-mai-organizat-de-gradinita-cu-program-prelungit-primii-pasi-aiud\/","title":{"rendered":"VINERI: Concursul jude\u021bean de dans \u201dFestivalul florilor de mai\u201d organizat de Gr\u0103dini\u021ba cu Program Prelungit \u201dPrimii Pa\u0219i\u201d Aiud"},"content":{"rendered":"<p><strong><img loading=\"lazy\" decoding=\"async\" class=\"size-medium wp-image-25168 alignleft\" src=\"http:\/\/urbeamea.ro\/albaiulia\/wp-content\/uploads\/2016\/05\/Festival-300x226.jpg\" alt=\"Festival\" width=\"300\" height=\"226\" srcset=\"https:\/\/urbeamea.ro\/albaiulia\/wp-content\/uploads\/2016\/05\/Festival-300x226.jpg 300w, https:\/\/urbeamea.ro\/albaiulia\/wp-content\/uploads\/2016\/05\/Festival-150x113.jpg 150w, https:\/\/urbeamea.ro\/albaiulia\/wp-content\/uploads\/2016\/05\/Festival.jpg 626w\" sizes=\"auto, (max-width: 300px) 100vw, 300px\" \/>Gr\u0103dini\u021ba cu Program Prelungit \u201dPrimii Pa\u0219i\u201d din municipiul Aiud, organizeaz\u0103 vineri, 27 mai 2016, \u00eencep\u00e2nd cu ora 17.00, la Centrul Cultural \u201dLiviu Rebreanu\u201d Aiud, concursul jude\u021bean de dans \u201dFestivalul florilor de mai\u201d.<\/strong><\/p>\n<p>Evenimentul, dedicat copiilor pre\u0219colari, \u0219i-a deschis por\u021bile \u00een anul 2008, devenind o tradi\u021bie \u00een municipiu. An de an, festivalul s-a bucurat de participarea grupurilor de copii, grupuri coordonate de educatoare \u0219i a beneficiat de sprijinul \u0219i sus\u021binerea p\u0103rin\u021bilor.<\/p>\n<p>Aflat la cea de-a opta edi\u021bie, \u201dFestivalul florilor de mai\u201d reune\u0219te \u00een acest an 17 forma\u021bii de la gr\u0103dini\u021be din \u00eentreg jude\u021bul Alba:<\/p>\n<ul>\n<li>Gr\u0103dini\u021ba cu program normal \u201dPrietenia\u201d Teiu\u0219;<\/li>\n<li>Gr\u0103dini\u0163a cu Program Prelungit \u201dDumbrava Minunat\u0103\u201d Alba Iulia;<\/li>\n<li>Gr\u0103dini\u021ba cu Program Prelungit nr.13 Alba Iulia;<\/li>\n<li>Gr\u0103dini\u021ba cu Program Prelungit nr.12 Alba Iulia;<\/li>\n<li>Gr\u0103dini\u021ba cu Program Prelungit \u201dLumea copiilor\u201d Blaj;<\/li>\n<li>Gr\u0103dini\u021ba cu Program Prelungit nr.3 Sebe\u0219;<\/li>\n<li>Gr\u0103dini\u021ba cu Program Prelungit \u201dPrichindel\u201d Cugir;<\/li>\n<li>Gr\u0103dini\u0163a cu Program Normal nr. 1 Aiud;<\/li>\n<li>Gr\u0103dini\u0163a cu Program Normal nr. 4 Aiud;<\/li>\n<li>Gr\u0103dini\u0163a cu Program Prelungit nr. 2 Aiud:<\/li>\n<li>Gr\u0103dini\u0163a cu Program Prelungit \u201ePrimii Pa\u015fi\u201d.<\/li>\n<\/ul>\n<p><em>\u201dFestivalul a pornit din dorin\u021ba de a avea o manifestare \u00een care s\u0103 ne putem\u00a0 exprima \u00een mod creativ, at\u00e2t\u00a0 copiii c\u00e2t\u00a0 \u0219i cadrele didactice, o manifestare \u00een care s\u0103 ne sim\u021bim bine \u00eempreun\u0103, care s\u0103 ne apar\u021bin\u0103 \u0219i \u00een care s\u0103 evolu\u0103m apoi an de an.\u00a0 \u00cenceput \u00een urm\u0103 cu 8 ani, festivalul\u00a0 a creat \u00een jurul lui o comunitate solid\u0103, reunit\u0103 \u00een jurul unei idei bazat\u0103 pe creativitate, bucurie, dar \u0219i mult\u0103 responsabilitate. O mare bucurie pe care dorim s\u0103 o \u00eemp\u0103rt\u0103\u0219im este prezen\u021ba unei delega\u021bii de educatoare din ora\u0219ul \u00eenfr\u0103\u021bit cu Aiudul \u2013 Gyomaendrod din Ungaria, cu care gr\u0103dini\u021ba noastr\u0103 a \u00eenceput de cur\u00e2nd un parteneriat de colaborare \u0219i care se afl\u0103 pentru prima dat\u0103 \u00een municipiul nostru\u201d<\/em> a \u021bransmis directorul gr\u0103dini\u0163ei, Lumini\u021ba Daniela Josan.<\/p>\n<p>Evenimentul se desf\u0103\u0219oar\u0103 \u00een parteneriat cu Inspectoratul \u0218colar al Jude\u021bului Alba, Prim\u0103ria municipiului Aiud \u0219i Centrul Cultural \u201dLiviu Rebreanu\u201d Aiud.<\/p>\n","protected":false},"excerpt":{"rendered":"<p>Gr\u0103dini\u021ba cu Program Prelungit \u201dPrimii Pa\u0219i\u201d din municipiul Aiud, organizeaz\u0103 vineri, 27 mai 2016, \u00eencep\u00e2nd cu ora 17.00, la Centrul Cultural \u201dLiviu Rebreanu\u201d Aiud, concursul jude\u021bean de dans \u201dFestivalul florilor de mai\u201d. Evenimentul, dedicat copiilor pre\u0219colari, \u0219i-a deschis por\u021bile \u00een anul 2008, devenind o tradi\u021bie \u00een municipiu. An de an, festivalul s-a bucurat de participarea &hellip;<\/p>\n","protected":false},"author":16,"featured_media":25168,"comment_status":"open","ping_status":"open","sticky":false,"template":"","format":"standard","meta":{"inline_featured_image":false,"footnotes":""},"categories":[4],"tags":[385,307,31,170,3029,5460,1424,507,3821,5459,308,2419,76],"class_list":["post-25167","post","type-post","status-publish","format-standard","has-post-thumbnail","hentry","category-eveniment","tag-aiud","tag-alba","tag-alba-iulia","tag-blaj","tag-centrul-cultural-liviu-rebreanu","tag-concurs-judetean-de-dans","tag-cugir","tag-festival","tag-flori-de-mai","tag-gradinita-cu-program-prelungit-primii-pasi","tag-stiri","tag-teius","tag-urbea-mea"],"yoast_head":"<!-- This site is optimized with the Yoast SEO plugin v28.3 - https:\/\/yoast.com\/product\/yoast-seo-wordpress\/ -->\n<title>VINERI: Concursul jude\u021bean de dans \u201dFestivalul florilor de mai\u201d organizat de Gr\u0103dini\u021ba cu Program Prelungit \u201dPrimii Pa\u0219i\u201d Aiud - Revista Urbea Mea - Revista de Alba<\/title>\n<meta name=\"description\" content=\"Gr\u0103dini\u021ba cu Program Prelungit \u201dPrimii Pa\u0219i\u201d din municipiul Aiud, organizeaz\u0103 vineri, 27 mai 2016, \u00eencep\u00e2nd cu ora 17.00, la Centrul Cultural \u201dLiviu\" \/>\n<meta name=\"robots\" content=\"index, follow, max-snippet:-1, max-image-preview:large, max-video-preview:-1\" \/>\n<link rel=\"canonical\" href=\"https:\/\/urbeamea.ro\/albaiulia\/vineri-concursul-judetean-de-dans-festivalul-florilor-de-mai-organizat-de-gradinita-cu-program-prelungit-primii-pasi-aiud\/\" \/>\n<meta name=\"twitter:card\" content=\"summary_large_image\" \/>\n<meta name=\"twitter:title\" content=\"VINERI: Concursul jude\u021bean de dans \u201dFestivalul florilor de mai\u201d organizat de Gr\u0103dini\u021ba cu Program Prelungit \u201dPrimii Pa\u0219i\u201d Aiud - Revista Urbea Mea - Revista de Alba\" \/>\n<meta name=\"twitter:description\" content=\"Gr\u0103dini\u021ba cu Program Prelungit \u201dPrimii Pa\u0219i\u201d din municipiul Aiud, organizeaz\u0103 vineri, 27 mai 2016, \u00eencep\u00e2nd cu ora 17.00, la Centrul Cultural \u201dLiviu\" \/>\n<meta name=\"twitter:image\" content=\"https:\/\/urbeamea.ro\/albaiulia\/wp-content\/uploads\/2016\/05\/Festival.jpg\" \/>\n<meta name=\"twitter:creator\" content=\"@urbeameaweb\" \/>\n<meta name=\"twitter:site\" content=\"@urbeameaweb\" \/>\n<script type=\"application\/ld+json\" class=\"yoast-schema-graph\">{\"@context\":\"https:\\\/\\\/schema.org\",\"@graph\":[{\"@type\":\"Article\",\"@id\":\"https:\\\/\\\/urbeamea.ro\\\/albaiulia\\\/vineri-concursul-judetean-de-dans-festivalul-florilor-de-mai-organizat-de-gradinita-cu-program-prelungit-primii-pasi-aiud\\\/#article\",\"isPartOf\":{\"@id\":\"https:\\\/\\\/urbeamea.ro\\\/albaiulia\\\/vineri-concursul-judetean-de-dans-festivalul-florilor-de-mai-organizat-de-gradinita-cu-program-prelungit-primii-pasi-aiud\\\/\"},\"author\":{\"name\":\"Redac\u021bia UrbeaMea\",\"@id\":\"https:\\\/\\\/urbeamea.ro\\\/albaiulia\\\/#\\\/schema\\\/person\\\/272ae98052f8ee8980f59848df070247\"},\"headline\":\"VINERI: Concursul jude\u021bean de dans \u201dFestivalul florilor de mai\u201d organizat de Gr\u0103dini\u021ba cu Program Prelungit \u201dPrimii Pa\u0219i\u201d Aiud\",\"datePublished\":\"2016-05-26T08:43:27+00:00\",\"mainEntityOfPage\":{\"@id\":\"https:\\\/\\\/urbeamea.ro\\\/albaiulia\\\/vineri-concursul-judetean-de-dans-festivalul-florilor-de-mai-organizat-de-gradinita-cu-program-prelungit-primii-pasi-aiud\\\/\"},\"wordCount\":388,\"commentCount\":0,\"image\":{\"@id\":\"https:\\\/\\\/urbeamea.ro\\\/albaiulia\\\/vineri-concursul-judetean-de-dans-festivalul-florilor-de-mai-organizat-de-gradinita-cu-program-prelungit-primii-pasi-aiud\\\/#primaryimage\"},\"thumbnailUrl\":\"https:\\\/\\\/urbeamea.ro\\\/albaiulia\\\/wp-content\\\/uploads\\\/2016\\\/05\\\/Festival.jpg\",\"keywords\":[\"aiud\",\"alba\",\"Alba Iulia\",\"blaj\",\"centrul cultural liviu rebreanu\",\"concurs judetean de dans\",\"cugir\",\"festival\",\"flori de mai\",\"gradinita cu Program Prelungit \u201dPrimii Pa\u0219i\u201d\",\"stiri\",\"teius\",\"Urbea Mea\"],\"articleSection\":[\"Evenimente\"],\"inLanguage\":\"ro-RO\",\"potentialAction\":[{\"@type\":\"CommentAction\",\"name\":\"Comment\",\"target\":[\"https:\\\/\\\/urbeamea.ro\\\/albaiulia\\\/vineri-concursul-judetean-de-dans-festivalul-florilor-de-mai-organizat-de-gradinita-cu-program-prelungit-primii-pasi-aiud\\\/#respond\"]}]},{\"@type\":\"WebPage\",\"@id\":\"https:\\\/\\\/urbeamea.ro\\\/albaiulia\\\/vineri-concursul-judetean-de-dans-festivalul-florilor-de-mai-organizat-de-gradinita-cu-program-prelungit-primii-pasi-aiud\\\/\",\"url\":\"https:\\\/\\\/urbeamea.ro\\\/albaiulia\\\/vineri-concursul-judetean-de-dans-festivalul-florilor-de-mai-organizat-de-gradinita-cu-program-prelungit-primii-pasi-aiud\\\/\",\"name\":\"VINERI: Concursul jude\u021bean de dans \u201dFestivalul florilor de mai\u201d organizat de Gr\u0103dini\u021ba cu Program Prelungit \u201dPrimii Pa\u0219i\u201d Aiud - Revista Urbea Mea - Revista de Alba\",\"isPartOf\":{\"@id\":\"https:\\\/\\\/urbeamea.ro\\\/albaiulia\\\/#website\"},\"primaryImageOfPage\":{\"@id\":\"https:\\\/\\\/urbeamea.ro\\\/albaiulia\\\/vineri-concursul-judetean-de-dans-festivalul-florilor-de-mai-organizat-de-gradinita-cu-program-prelungit-primii-pasi-aiud\\\/#primaryimage\"},\"image\":{\"@id\":\"https:\\\/\\\/urbeamea.ro\\\/albaiulia\\\/vineri-concursul-judetean-de-dans-festivalul-florilor-de-mai-organizat-de-gradinita-cu-program-prelungit-primii-pasi-aiud\\\/#primaryimage\"},\"thumbnailUrl\":\"https:\\\/\\\/urbeamea.ro\\\/albaiulia\\\/wp-content\\\/uploads\\\/2016\\\/05\\\/Festival.jpg\",\"datePublished\":\"2016-05-26T08:43:27+00:00\",\"author\":{\"@id\":\"https:\\\/\\\/urbeamea.ro\\\/albaiulia\\\/#\\\/schema\\\/person\\\/272ae98052f8ee8980f59848df070247\"},\"description\":\"Gr\u0103dini\u021ba cu Program Prelungit \u201dPrimii Pa\u0219i\u201d din municipiul Aiud, organizeaz\u0103 vineri, 27 mai 2016, \u00eencep\u00e2nd cu ora 17.00, la Centrul Cultural \u201dLiviu\",\"breadcrumb\":{\"@id\":\"https:\\\/\\\/urbeamea.ro\\\/albaiulia\\\/vineri-concursul-judetean-de-dans-festivalul-florilor-de-mai-organizat-de-gradinita-cu-program-prelungit-primii-pasi-aiud\\\/#breadcrumb\"},\"inLanguage\":\"ro-RO\",\"potentialAction\":[{\"@type\":\"ReadAction\",\"target\":[\"https:\\\/\\\/urbeamea.ro\\\/albaiulia\\\/vineri-concursul-judetean-de-dans-festivalul-florilor-de-mai-organizat-de-gradinita-cu-program-prelungit-primii-pasi-aiud\\\/\"]}]},{\"@type\":\"ImageObject\",\"inLanguage\":\"ro-RO\",\"@id\":\"https:\\\/\\\/urbeamea.ro\\\/albaiulia\\\/vineri-concursul-judetean-de-dans-festivalul-florilor-de-mai-organizat-de-gradinita-cu-program-prelungit-primii-pasi-aiud\\\/#primaryimage\",\"url\":\"https:\\\/\\\/urbeamea.ro\\\/albaiulia\\\/wp-content\\\/uploads\\\/2016\\\/05\\\/Festival.jpg\",\"contentUrl\":\"https:\\\/\\\/urbeamea.ro\\\/albaiulia\\\/wp-content\\\/uploads\\\/2016\\\/05\\\/Festival.jpg\",\"width\":626,\"height\":472},{\"@type\":\"BreadcrumbList\",\"@id\":\"https:\\\/\\\/urbeamea.ro\\\/albaiulia\\\/vineri-concursul-judetean-de-dans-festivalul-florilor-de-mai-organizat-de-gradinita-cu-program-prelungit-primii-pasi-aiud\\\/#breadcrumb\",\"itemListElement\":[{\"@type\":\"ListItem\",\"position\":1,\"name\":\"Prima pagin\u0103\",\"item\":\"https:\\\/\\\/urbeamea.ro\\\/albaiulia\\\/\"},{\"@type\":\"ListItem\",\"position\":2,\"name\":\"VINERI: Concursul jude\u021bean de dans \u201dFestivalul florilor de mai\u201d organizat de Gr\u0103dini\u021ba cu Program Prelungit \u201dPrimii Pa\u0219i\u201d Aiud\"}]},{\"@type\":\"WebSite\",\"@id\":\"https:\\\/\\\/urbeamea.ro\\\/albaiulia\\\/#website\",\"url\":\"https:\\\/\\\/urbeamea.ro\\\/albaiulia\\\/\",\"name\":\"Revista Urbea Mea, Stiri urbane\",\"description\":\"Evenimente \u0219i \u0219tiri din Alba Iulia, Sebe\u0219, Aiud, Blaj\",\"potentialAction\":[{\"@type\":\"SearchAction\",\"target\":{\"@type\":\"EntryPoint\",\"urlTemplate\":\"https:\\\/\\\/urbeamea.ro\\\/albaiulia\\\/?s={search_term_string}\"},\"query-input\":{\"@type\":\"PropertyValueSpecification\",\"valueRequired\":true,\"valueName\":\"search_term_string\"}}],\"inLanguage\":\"ro-RO\"},{\"@type\":\"Person\",\"@id\":\"https:\\\/\\\/urbeamea.ro\\\/albaiulia\\\/#\\\/schema\\\/person\\\/272ae98052f8ee8980f59848df070247\",\"name\":\"Redac\u021bia UrbeaMea\",\"image\":{\"@type\":\"ImageObject\",\"inLanguage\":\"ro-RO\",\"@id\":\"https:\\\/\\\/secure.gravatar.com\\\/avatar\\\/9ce5a9435071fa1037e8468053ead8e513dbbff59009d3069aadb85506d85a27?s=96&d=mm&r=g\",\"url\":\"https:\\\/\\\/secure.gravatar.com\\\/avatar\\\/9ce5a9435071fa1037e8468053ead8e513dbbff59009d3069aadb85506d85a27?s=96&d=mm&r=g\",\"contentUrl\":\"https:\\\/\\\/secure.gravatar.com\\\/avatar\\\/9ce5a9435071fa1037e8468053ead8e513dbbff59009d3069aadb85506d85a27?s=96&d=mm&r=g\",\"caption\":\"Redac\u021bia UrbeaMea\"},\"description\":\"contact@urbeamea.ro\",\"sameAs\":[\"https:\\\/\\\/www.urbeamea.ro\"],\"url\":\"https:\\\/\\\/urbeamea.ro\\\/albaiulia\\\/author\\\/redactia-urbeamea\\\/\"}]}<\/script>\n<!-- \/ Yoast SEO plugin. -->","yoast_head_json":{"title":"VINERI: Concursul jude\u021bean de dans \u201dFestivalul florilor de mai\u201d organizat de Gr\u0103dini\u021ba cu Program Prelungit \u201dPrimii Pa\u0219i\u201d Aiud - Revista Urbea Mea - Revista de Alba","description":"Gr\u0103dini\u021ba cu Program Prelungit \u201dPrimii Pa\u0219i\u201d din municipiul Aiud, organizeaz\u0103 vineri, 27 mai 2016, \u00eencep\u00e2nd cu ora 17.00, la Centrul Cultural \u201dLiviu","robots":{"index":"index","follow":"follow","max-snippet":"max-snippet:-1","max-image-preview":"max-image-preview:large","max-video-preview":"max-video-preview:-1"},"canonical":"https:\/\/urbeamea.ro\/albaiulia\/vineri-concursul-judetean-de-dans-festivalul-florilor-de-mai-organizat-de-gradinita-cu-program-prelungit-primii-pasi-aiud\/","twitter_card":"summary_large_image","twitter_title":"VINERI: Concursul jude\u021bean de dans \u201dFestivalul florilor de mai\u201d organizat de Gr\u0103dini\u021ba cu Program Prelungit \u201dPrimii Pa\u0219i\u201d Aiud - Revista Urbea Mea - Revista de Alba","twitter_description":"Gr\u0103dini\u021ba cu Program Prelungit \u201dPrimii Pa\u0219i\u201d din municipiul Aiud, organizeaz\u0103 vineri, 27 mai 2016, \u00eencep\u00e2nd cu ora 17.00, la Centrul Cultural \u201dLiviu","twitter_image":"https:\/\/urbeamea.ro\/albaiulia\/wp-content\/uploads\/2016\/05\/Festival.jpg","twitter_creator":"@urbeameaweb","twitter_site":"@urbeameaweb","schema":{"@context":"https:\/\/schema.org","@graph":[{"@type":"Article","@id":"https:\/\/urbeamea.ro\/albaiulia\/vineri-concursul-judetean-de-dans-festivalul-florilor-de-mai-organizat-de-gradinita-cu-program-prelungit-primii-pasi-aiud\/#article","isPartOf":{"@id":"https:\/\/urbeamea.ro\/albaiulia\/vineri-concursul-judetean-de-dans-festivalul-florilor-de-mai-organizat-de-gradinita-cu-program-prelungit-primii-pasi-aiud\/"},"author":{"name":"Redac\u021bia UrbeaMea","@id":"https:\/\/urbeamea.ro\/albaiulia\/#\/schema\/person\/272ae98052f8ee8980f59848df070247"},"headline":"VINERI: Concursul jude\u021bean de dans \u201dFestivalul florilor de mai\u201d organizat de Gr\u0103dini\u021ba cu Program Prelungit \u201dPrimii Pa\u0219i\u201d Aiud","datePublished":"2016-05-26T08:43:27+00:00","mainEntityOfPage":{"@id":"https:\/\/urbeamea.ro\/albaiulia\/vineri-concursul-judetean-de-dans-festivalul-florilor-de-mai-organizat-de-gradinita-cu-program-prelungit-primii-pasi-aiud\/"},"wordCount":388,"commentCount":0,"image":{"@id":"https:\/\/urbeamea.ro\/albaiulia\/vineri-concursul-judetean-de-dans-festivalul-florilor-de-mai-organizat-de-gradinita-cu-program-prelungit-primii-pasi-aiud\/#primaryimage"},"thumbnailUrl":"https:\/\/urbeamea.ro\/albaiulia\/wp-content\/uploads\/2016\/05\/Festival.jpg","keywords":["aiud","alba","Alba Iulia","blaj","centrul cultural liviu rebreanu","concurs judetean de dans","cugir","festival","flori de mai","gradinita cu Program Prelungit \u201dPrimii Pa\u0219i\u201d","stiri","teius","Urbea Mea"],"articleSection":["Evenimente"],"inLanguage":"ro-RO","potentialAction":[{"@type":"CommentAction","name":"Comment","target":["https:\/\/urbeamea.ro\/albaiulia\/vineri-concursul-judetean-de-dans-festivalul-florilor-de-mai-organizat-de-gradinita-cu-program-prelungit-primii-pasi-aiud\/#respond"]}]},{"@type":"WebPage","@id":"https:\/\/urbeamea.ro\/albaiulia\/vineri-concursul-judetean-de-dans-festivalul-florilor-de-mai-organizat-de-gradinita-cu-program-prelungit-primii-pasi-aiud\/","url":"https:\/\/urbeamea.ro\/albaiulia\/vineri-concursul-judetean-de-dans-festivalul-florilor-de-mai-organizat-de-gradinita-cu-program-prelungit-primii-pasi-aiud\/","name":"VINERI: Concursul jude\u021bean de dans \u201dFestivalul florilor de mai\u201d organizat de Gr\u0103dini\u021ba cu Program Prelungit \u201dPrimii Pa\u0219i\u201d Aiud - Revista Urbea Mea - Revista de Alba","isPartOf":{"@id":"https:\/\/urbeamea.ro\/albaiulia\/#website"},"primaryImageOfPage":{"@id":"https:\/\/urbeamea.ro\/albaiulia\/vineri-concursul-judetean-de-dans-festivalul-florilor-de-mai-organizat-de-gradinita-cu-program-prelungit-primii-pasi-aiud\/#primaryimage"},"image":{"@id":"https:\/\/urbeamea.ro\/albaiulia\/vineri-concursul-judetean-de-dans-festivalul-florilor-de-mai-organizat-de-gradinita-cu-program-prelungit-primii-pasi-aiud\/#primaryimage"},"thumbnailUrl":"https:\/\/urbeamea.ro\/albaiulia\/wp-content\/uploads\/2016\/05\/Festival.jpg","datePublished":"2016-05-26T08:43:27+00:00","author":{"@id":"https:\/\/urbeamea.ro\/albaiulia\/#\/schema\/person\/272ae98052f8ee8980f59848df070247"},"description":"Gr\u0103dini\u021ba cu Program Prelungit \u201dPrimii Pa\u0219i\u201d din municipiul Aiud, organizeaz\u0103 vineri, 27 mai 2016, \u00eencep\u00e2nd cu ora 17.00, la Centrul Cultural \u201dLiviu","breadcrumb":{"@id":"https:\/\/urbeamea.ro\/albaiulia\/vineri-concursul-judetean-de-dans-festivalul-florilor-de-mai-organizat-de-gradinita-cu-program-prelungit-primii-pasi-aiud\/#breadcrumb"},"inLanguage":"ro-RO","potentialAction":[{"@type":"ReadAction","target":["https:\/\/urbeamea.ro\/albaiulia\/vineri-concursul-judetean-de-dans-festivalul-florilor-de-mai-organizat-de-gradinita-cu-program-prelungit-primii-pasi-aiud\/"]}]},{"@type":"ImageObject","inLanguage":"ro-RO","@id":"https:\/\/urbeamea.ro\/albaiulia\/vineri-concursul-judetean-de-dans-festivalul-florilor-de-mai-organizat-de-gradinita-cu-program-prelungit-primii-pasi-aiud\/#primaryimage","url":"https:\/\/urbeamea.ro\/albaiulia\/wp-content\/uploads\/2016\/05\/Festival.jpg","contentUrl":"https:\/\/urbeamea.ro\/albaiulia\/wp-content\/uploads\/2016\/05\/Festival.jpg","width":626,"height":472},{"@type":"BreadcrumbList","@id":"https:\/\/urbeamea.ro\/albaiulia\/vineri-concursul-judetean-de-dans-festivalul-florilor-de-mai-organizat-de-gradinita-cu-program-prelungit-primii-pasi-aiud\/#breadcrumb","itemListElement":[{"@type":"ListItem","position":1,"name":"Prima pagin\u0103","item":"https:\/\/urbeamea.ro\/albaiulia\/"},{"@type":"ListItem","position":2,"name":"VINERI: Concursul jude\u021bean de dans \u201dFestivalul florilor de mai\u201d organizat de Gr\u0103dini\u021ba cu Program Prelungit \u201dPrimii Pa\u0219i\u201d Aiud"}]},{"@type":"WebSite","@id":"https:\/\/urbeamea.ro\/albaiulia\/#website","url":"https:\/\/urbeamea.ro\/albaiulia\/","name":"Revista Urbea Mea, Stiri urbane","description":"Evenimente \u0219i \u0219tiri din Alba Iulia, Sebe\u0219, Aiud, Blaj","potentialAction":[{"@type":"SearchAction","target":{"@type":"EntryPoint","urlTemplate":"https:\/\/urbeamea.ro\/albaiulia\/?s={search_term_string}"},"query-input":{"@type":"PropertyValueSpecification","valueRequired":true,"valueName":"search_term_string"}}],"inLanguage":"ro-RO"},{"@type":"Person","@id":"https:\/\/urbeamea.ro\/albaiulia\/#\/schema\/person\/272ae98052f8ee8980f59848df070247","name":"Redac\u021bia UrbeaMea","image":{"@type":"ImageObject","inLanguage":"ro-RO","@id":"https:\/\/secure.gravatar.com\/avatar\/9ce5a9435071fa1037e8468053ead8e513dbbff59009d3069aadb85506d85a27?s=96&d=mm&r=g","url":"https:\/\/secure.gravatar.com\/avatar\/9ce5a9435071fa1037e8468053ead8e513dbbff59009d3069aadb85506d85a27?s=96&d=mm&r=g","contentUrl":"https:\/\/secure.gravatar.com\/avatar\/9ce5a9435071fa1037e8468053ead8e513dbbff59009d3069aadb85506d85a27?s=96&d=mm&r=g","caption":"Redac\u021bia UrbeaMea"},"description":"contact@urbeamea.ro","sameAs":["https:\/\/www.urbeamea.ro"],"url":"https:\/\/urbeamea.ro\/albaiulia\/author\/redactia-urbeamea\/"}]}},"_links":{"self":[{"href":"https:\/\/urbeamea.ro\/albaiulia\/wp-json\/wp\/v2\/posts\/25167","targetHints":{"allow":["GET"]}}],"collection":[{"href":"https:\/\/urbeamea.ro\/albaiulia\/wp-json\/wp\/v2\/posts"}],"about":[{"href":"https:\/\/urbeamea.ro\/albaiulia\/wp-json\/wp\/v2\/types\/post"}],"author":[{"embeddable":true,"href":"https:\/\/urbeamea.ro\/albaiulia\/wp-json\/wp\/v2\/users\/16"}],"replies":[{"embeddable":true,"href":"https:\/\/urbeamea.ro\/albaiulia\/wp-json\/wp\/v2\/comments?post=25167"}],"version-history":[{"count":0,"href":"https:\/\/urbeamea.ro\/albaiulia\/wp-json\/wp\/v2\/posts\/25167\/revisions"}],"wp:featuredmedia":[{"embeddable":true,"href":"https:\/\/urbeamea.ro\/albaiulia\/wp-json\/wp\/v2\/media\/25168"}],"wp:attachment":[{"href":"https:\/\/urbeamea.ro\/albaiulia\/wp-json\/wp\/v2\/media?parent=25167"}],"wp:term":[{"taxonomy":"category","embeddable":true,"href":"https:\/\/urbeamea.ro\/albaiulia\/wp-json\/wp\/v2\/categories?post=25167"},{"taxonomy":"post_tag","embeddable":true,"href":"https:\/\/urbeamea.ro\/albaiulia\/wp-json\/wp\/v2\/tags?post=25167"}],"curies":[{"name":"wp","href":"https:\/\/api.w.org\/{rel}","templated":true}]}}