{"id":25609,"date":"2016-05-30T14:23:44","date_gmt":"2016-05-30T11:23:44","guid":{"rendered":"http:\/\/urbeamea.ro\/albaiulia\/?p=25609"},"modified":"2016-05-30T14:23:44","modified_gmt":"2016-05-30T11:23:44","slug":"calendarul-de-lansare-al-apelurilor-din-cadrul-programului-operational-regional-2014-2020-in-regiunea-centru","status":"publish","type":"post","link":"https:\/\/urbeamea.ro\/albaiulia\/calendarul-de-lansare-al-apelurilor-din-cadrul-programului-operational-regional-2014-2020-in-regiunea-centru\/","title":{"rendered":"Calendarul de lansare al apelurilor din cadrul Programului Opera\u021bional Regional 2014 \u2013 2020 \u00een Regiunea Centru"},"content":{"rendered":"<p><strong><img loading=\"lazy\" decoding=\"async\" class=\"size-medium wp-image-6332 alignleft\" src=\"http:\/\/urbeamea.ro\/albaiulia\/wp-content\/uploads\/2015\/07\/Foto-aerian-sediu-ADR-300x218.jpg\" alt=\"Foto-aerian-sediu-ADR\" width=\"300\" height=\"218\" \/><\/strong><strong>ADR Centru face cunoscut Calendarul estimativ de lansare al apelurilor de primire proiecte ce se pot finan\u021ba din Regio \u2013 Programul Opera\u021bional Regional\u00a0(Regio \u2013 POR)\u00a02014 \u2013 2020, prin care, la nivelul Regiunii Centru sunt disponibile 690,37 milioane euro fonduri nerambursabile europene.\u00a0<\/strong><\/p>\n<p>Acest calendar a fost prezentat \u00een cadrul \u0219edin\u021bei\u00a0Comitetului de Monitorizare al POR 2014-2020 (CMPOR) care a avut loc mar\u021bi, 24 mai, \u00een jude\u021bul Hunedoara. To\u021bi cei interesa\u021bi de accesarea finan\u021b\u0103rii nerambursabile, conform prevederilor din ghiduri au la dispozi\u021bie aproximativ 2 luni pentru preg\u0103tirea \u0219i depunerea proiectelor de la momentul lans\u0103rii apelurilor de proiecte.<\/p>\n<p>Data \u0219i ora de la care se vor putea depune cererile de finan\u021bare va fi men\u021bionat\u0103 \u00een cadrul ghidurilor specifice aprobate sau pute\u021bi urm\u0103ri site-ul <a href=\"http:\/\/www.adrcentru.ro\/\">www.adrcentru.ro<\/a> \u0219i <a href=\"http:\/\/www.regio-adrcentru.ro\/\">www.regio-adrcentru.ro<\/a> pentru a primi informa\u021btii at\u00e2t despre aceste date, dar \u0219i mai multe informa\u021bii punctuale despre condi\u021biile prev\u0103zute \u00een ghidurile de pe fiecare prioritate de investi\u021bii.<\/p>\n<p>Pentru a sprijini solicitan\u021bii de finan\u021bare nerambursabil\u0103 prin Regio \u2013 POR 2014 \u2013 2020,\u00a0Agen\u021bia pentru Dezvoltare Regional\u0103 Centru va organiza, dup\u0103 fiecare lansare o serie de seminarii de informare dedicate apelurile de proiecte lansate.\u00a0Pentru orice solicitare de informa\u021bii \u00een privin\u021ba Programului Opera\u021bional Regional 2014-2020 sau dac\u0103 dori\u021bi o discu\u021bie punctuala\u00a0 cu un expert ADR Centru, ave\u021bi la dispozi\u021bie Serviciul Help \u2013 Desk, Pia\u021ba Consiliul Europei, nr. 32, Alba Iulia, tel: 0358 401 702, interior 423, 426, e-mail:<a href=\"http:\/\/mail.alba24.ro\/webmail\/src\/compose.php?send_to=office@adrcentru.ro\">office@adrcentru.ro<\/a>, <a href=\"http:\/\/mail.alba24.ro\/webmail\/src\/compose.php?send_to=programe@adrcentru.ro\">programe@adrcentru.ro<\/a>.<\/p>\n<p>Ghidurile specifice (lansate sau aflate \u00een consultare public\u0103) pot fi desc\u0103rcate de pe pagina web a Agen\u021biei pentru Dezvoltare Regional\u0103 Centru,\u00a0<a href=\"http:\/\/www.regio-adrcentru.ro\/\">www.regio-adrcentru.ro<\/a>, sec\u021biunea\u00a0POR 2014-2020\/Ghiduri 2014-2020, unde g\u0103si\u021bi fie ghiduri aflate spre consultare fie cele deschise depunerii. \u00cen sprijinul celor interesa\u021bi pentru fiecare lansare de ghid ave\u021bi \u00een sectiunea Comunicare\/\u0218tiri \u0219i evenimente materiale de pres\u0103, care prezint\u0103 succint \u0219i pe \u00een\u021belesul tuturor care sunt principalele prevederi din ghidul lansat, condi\u021bii ce trebuie \u00eemplinite \u0219i alte date importante referitoare la eligibilitatea unui proiect.<\/p>\n<p>Calendarul propus de c\u0103tre Ministerul Dezvolt\u0103rii Regionale \u0219i Administra\u021biei Publice pentru lans\u0103rile din cadrul POR 2014-2020, dar \u0219i o\u00a0 prezentare schematic\u0103 a POR 2014-2020, pe axe \u0219i priorit\u0103\u021bi, principalele activit\u0103\u021bi finan\u021bate, precum \u0219i cine poate depune proiect spre finan\u021bare, g\u0103si\u021bi <a href=\"http:\/\/regio-adrcentru.ro\/calendarul-de-egiunea-centru\/\" target=\"_blank\">aici<\/a>.<\/p>\n<p>Vezi integral <strong><a href=\"http:\/\/alba24.ro\/wp-content\/uploads\/2016\/05\/Calendar-lansari-Regio-POR-2014-2020_25-mai-2016.pdf\" target=\"_blank\">Calendar-lansari-Regio-POR-2014-2020_25-mai-2016<\/a><\/strong><\/p>\n<p>Pentru a \u0219ti care sunt datele \u00een care se organizeaz\u0103 seminariile de informare, loca\u021biile unde vor avea loc, tematica prezent\u0103rilor, intervalul orar \u0219i modalitatea \u00een care pute\u021bi s\u0103 v\u0103 \u00eenregistra\u021bi pentru participare, va rug\u0103m s\u0103 urm\u0103ri\u021bi site-urile ADR Centru, precum \u0219i pe platforma social-media <a href=\"https:\/\/www.facebook.com\/ADRCentru.ro\/\" target=\"_blank\">Facebook<\/a>.<\/p>\n","protected":false},"excerpt":{"rendered":"<p>ADR Centru face cunoscut Calendarul estimativ de lansare al apelurilor de primire proiecte ce se pot finan\u021ba din Regio \u2013 Programul Opera\u021bional Regional\u00a0(Regio \u2013 POR)\u00a02014 \u2013 2020, prin care, la nivelul Regiunii Centru sunt disponibile 690,37 milioane euro fonduri nerambursabile europene.\u00a0 Acest calendar a fost prezentat \u00een cadrul \u0219edin\u021bei\u00a0Comitetului de Monitorizare al POR 2014-2020 (CMPOR) &hellip;<\/p>\n","protected":false},"author":16,"featured_media":6332,"comment_status":"open","ping_status":"open","sticky":false,"template":"","format":"standard","meta":{"inline_featured_image":false,"footnotes":""},"categories":[2034],"tags":[343,307,5538,5537,2211,5539,625,308,76],"class_list":["post-25609","post","type-post","status-publish","format-standard","has-post-thumbnail","hentry","category-social","tag-adr-centru","tag-alba","tag-apeluri-de-primire","tag-calendar-estimativ","tag-finantare","tag-fonduri-nerambursabile-europene","tag-proiecte","tag-stiri","tag-urbea-mea"],"yoast_head":"<!-- This site is optimized with the Yoast SEO plugin v27.4 - https:\/\/yoast.com\/product\/yoast-seo-wordpress\/ -->\n<title>Calendarul de lansare al apelurilor din cadrul Programului Opera\u021bional Regional 2014 \u2013 2020 \u00een Regiunea Centru - Revista Urbea Mea - Revista de Alba<\/title>\n<meta name=\"description\" content=\"ADR Centru face cunoscut Calendarul estimativ de lansare al apelurilor de primire proiecte ce se pot finan\u021ba din Regio \u2013 Programul Opera\u021bional\" \/>\n<meta name=\"robots\" content=\"index, follow, max-snippet:-1, max-image-preview:large, max-video-preview:-1\" \/>\n<link rel=\"canonical\" href=\"https:\/\/urbeamea.ro\/albaiulia\/calendarul-de-lansare-al-apelurilor-din-cadrul-programului-operational-regional-2014-2020-in-regiunea-centru\/\" \/>\n<meta name=\"twitter:card\" content=\"summary_large_image\" \/>\n<meta name=\"twitter:title\" content=\"Calendarul de lansare al apelurilor din cadrul Programului Opera\u021bional Regional 2014 \u2013 2020 \u00een Regiunea Centru - Revista Urbea Mea - Revista de Alba\" \/>\n<meta name=\"twitter:description\" content=\"ADR Centru face cunoscut Calendarul estimativ de lansare al apelurilor de primire proiecte ce se pot finan\u021ba din Regio \u2013 Programul Opera\u021bional\" \/>\n<meta name=\"twitter:image\" content=\"https:\/\/urbeamea.ro\/albaiulia\/wp-content\/uploads\/2015\/07\/Foto-aerian-sediu-ADR.jpg\" \/>\n<meta name=\"twitter:creator\" content=\"@urbeameaweb\" \/>\n<meta name=\"twitter:site\" content=\"@urbeameaweb\" \/>\n<script type=\"application\/ld+json\" class=\"yoast-schema-graph\">{\"@context\":\"https:\\\/\\\/schema.org\",\"@graph\":[{\"@type\":\"Article\",\"@id\":\"https:\\\/\\\/urbeamea.ro\\\/albaiulia\\\/calendarul-de-lansare-al-apelurilor-din-cadrul-programului-operational-regional-2014-2020-in-regiunea-centru\\\/#article\",\"isPartOf\":{\"@id\":\"https:\\\/\\\/urbeamea.ro\\\/albaiulia\\\/calendarul-de-lansare-al-apelurilor-din-cadrul-programului-operational-regional-2014-2020-in-regiunea-centru\\\/\"},\"author\":{\"name\":\"Redac\u021bia UrbeaMea\",\"@id\":\"https:\\\/\\\/urbeamea.ro\\\/albaiulia\\\/#\\\/schema\\\/person\\\/272ae98052f8ee8980f59848df070247\"},\"headline\":\"Calendarul de lansare al apelurilor din cadrul Programului Opera\u021bional Regional 2014 \u2013 2020 \u00een Regiunea Centru\",\"datePublished\":\"2016-05-30T11:23:44+00:00\",\"mainEntityOfPage\":{\"@id\":\"https:\\\/\\\/urbeamea.ro\\\/albaiulia\\\/calendarul-de-lansare-al-apelurilor-din-cadrul-programului-operational-regional-2014-2020-in-regiunea-centru\\\/\"},\"wordCount\":469,\"commentCount\":0,\"image\":{\"@id\":\"https:\\\/\\\/urbeamea.ro\\\/albaiulia\\\/calendarul-de-lansare-al-apelurilor-din-cadrul-programului-operational-regional-2014-2020-in-regiunea-centru\\\/#primaryimage\"},\"thumbnailUrl\":\"https:\\\/\\\/urbeamea.ro\\\/albaiulia\\\/wp-content\\\/uploads\\\/2015\\\/07\\\/Foto-aerian-sediu-ADR.jpg\",\"keywords\":[\"ADR Centru\",\"alba\",\"apeluri de primire\",\"calendar estimativ\",\"finantare\",\"fonduri nerambursabile europene\",\"proiecte\",\"stiri\",\"Urbea Mea\"],\"articleSection\":[\"Social\"],\"inLanguage\":\"ro-RO\",\"potentialAction\":[{\"@type\":\"CommentAction\",\"name\":\"Comment\",\"target\":[\"https:\\\/\\\/urbeamea.ro\\\/albaiulia\\\/calendarul-de-lansare-al-apelurilor-din-cadrul-programului-operational-regional-2014-2020-in-regiunea-centru\\\/#respond\"]}]},{\"@type\":\"WebPage\",\"@id\":\"https:\\\/\\\/urbeamea.ro\\\/albaiulia\\\/calendarul-de-lansare-al-apelurilor-din-cadrul-programului-operational-regional-2014-2020-in-regiunea-centru\\\/\",\"url\":\"https:\\\/\\\/urbeamea.ro\\\/albaiulia\\\/calendarul-de-lansare-al-apelurilor-din-cadrul-programului-operational-regional-2014-2020-in-regiunea-centru\\\/\",\"name\":\"Calendarul de lansare al apelurilor din cadrul Programului Opera\u021bional Regional 2014 \u2013 2020 \u00een Regiunea Centru - Revista Urbea Mea - Revista de Alba\",\"isPartOf\":{\"@id\":\"https:\\\/\\\/urbeamea.ro\\\/albaiulia\\\/#website\"},\"primaryImageOfPage\":{\"@id\":\"https:\\\/\\\/urbeamea.ro\\\/albaiulia\\\/calendarul-de-lansare-al-apelurilor-din-cadrul-programului-operational-regional-2014-2020-in-regiunea-centru\\\/#primaryimage\"},\"image\":{\"@id\":\"https:\\\/\\\/urbeamea.ro\\\/albaiulia\\\/calendarul-de-lansare-al-apelurilor-din-cadrul-programului-operational-regional-2014-2020-in-regiunea-centru\\\/#primaryimage\"},\"thumbnailUrl\":\"https:\\\/\\\/urbeamea.ro\\\/albaiulia\\\/wp-content\\\/uploads\\\/2015\\\/07\\\/Foto-aerian-sediu-ADR.jpg\",\"datePublished\":\"2016-05-30T11:23:44+00:00\",\"author\":{\"@id\":\"https:\\\/\\\/urbeamea.ro\\\/albaiulia\\\/#\\\/schema\\\/person\\\/272ae98052f8ee8980f59848df070247\"},\"description\":\"ADR Centru face cunoscut Calendarul estimativ de lansare al apelurilor de primire proiecte ce se pot finan\u021ba din Regio \u2013 Programul Opera\u021bional\",\"breadcrumb\":{\"@id\":\"https:\\\/\\\/urbeamea.ro\\\/albaiulia\\\/calendarul-de-lansare-al-apelurilor-din-cadrul-programului-operational-regional-2014-2020-in-regiunea-centru\\\/#breadcrumb\"},\"inLanguage\":\"ro-RO\",\"potentialAction\":[{\"@type\":\"ReadAction\",\"target\":[\"https:\\\/\\\/urbeamea.ro\\\/albaiulia\\\/calendarul-de-lansare-al-apelurilor-din-cadrul-programului-operational-regional-2014-2020-in-regiunea-centru\\\/\"]}]},{\"@type\":\"ImageObject\",\"inLanguage\":\"ro-RO\",\"@id\":\"https:\\\/\\\/urbeamea.ro\\\/albaiulia\\\/calendarul-de-lansare-al-apelurilor-din-cadrul-programului-operational-regional-2014-2020-in-regiunea-centru\\\/#primaryimage\",\"url\":\"https:\\\/\\\/urbeamea.ro\\\/albaiulia\\\/wp-content\\\/uploads\\\/2015\\\/07\\\/Foto-aerian-sediu-ADR.jpg\",\"contentUrl\":\"https:\\\/\\\/urbeamea.ro\\\/albaiulia\\\/wp-content\\\/uploads\\\/2015\\\/07\\\/Foto-aerian-sediu-ADR.jpg\",\"width\":860,\"height\":626},{\"@type\":\"BreadcrumbList\",\"@id\":\"https:\\\/\\\/urbeamea.ro\\\/albaiulia\\\/calendarul-de-lansare-al-apelurilor-din-cadrul-programului-operational-regional-2014-2020-in-regiunea-centru\\\/#breadcrumb\",\"itemListElement\":[{\"@type\":\"ListItem\",\"position\":1,\"name\":\"Prima pagin\u0103\",\"item\":\"https:\\\/\\\/urbeamea.ro\\\/albaiulia\\\/\"},{\"@type\":\"ListItem\",\"position\":2,\"name\":\"Calendarul de lansare al apelurilor din cadrul Programului Opera\u021bional Regional 2014 \u2013 2020 \u00een Regiunea Centru\"}]},{\"@type\":\"WebSite\",\"@id\":\"https:\\\/\\\/urbeamea.ro\\\/albaiulia\\\/#website\",\"url\":\"https:\\\/\\\/urbeamea.ro\\\/albaiulia\\\/\",\"name\":\"Revista Urbea Mea, Stiri urbane\",\"description\":\"Evenimente \u0219i \u0219tiri din Alba Iulia, Sebe\u0219, Aiud, Blaj\",\"potentialAction\":[{\"@type\":\"SearchAction\",\"target\":{\"@type\":\"EntryPoint\",\"urlTemplate\":\"https:\\\/\\\/urbeamea.ro\\\/albaiulia\\\/?s={search_term_string}\"},\"query-input\":{\"@type\":\"PropertyValueSpecification\",\"valueRequired\":true,\"valueName\":\"search_term_string\"}}],\"inLanguage\":\"ro-RO\"},{\"@type\":\"Person\",\"@id\":\"https:\\\/\\\/urbeamea.ro\\\/albaiulia\\\/#\\\/schema\\\/person\\\/272ae98052f8ee8980f59848df070247\",\"name\":\"Redac\u021bia UrbeaMea\",\"image\":{\"@type\":\"ImageObject\",\"inLanguage\":\"ro-RO\",\"@id\":\"https:\\\/\\\/secure.gravatar.com\\\/avatar\\\/9ce5a9435071fa1037e8468053ead8e513dbbff59009d3069aadb85506d85a27?s=96&d=mm&r=g\",\"url\":\"https:\\\/\\\/secure.gravatar.com\\\/avatar\\\/9ce5a9435071fa1037e8468053ead8e513dbbff59009d3069aadb85506d85a27?s=96&d=mm&r=g\",\"contentUrl\":\"https:\\\/\\\/secure.gravatar.com\\\/avatar\\\/9ce5a9435071fa1037e8468053ead8e513dbbff59009d3069aadb85506d85a27?s=96&d=mm&r=g\",\"caption\":\"Redac\u021bia UrbeaMea\"},\"description\":\"contact@urbeamea.ro\",\"sameAs\":[\"https:\\\/\\\/www.urbeamea.ro\"],\"url\":\"https:\\\/\\\/urbeamea.ro\\\/albaiulia\\\/author\\\/redactia-urbeamea\\\/\"}]}<\/script>\n<!-- \/ Yoast SEO plugin. -->","yoast_head_json":{"title":"Calendarul de lansare al apelurilor din cadrul Programului Opera\u021bional Regional 2014 \u2013 2020 \u00een Regiunea Centru - Revista Urbea Mea - Revista de Alba","description":"ADR Centru face cunoscut Calendarul estimativ de lansare al apelurilor de primire proiecte ce se pot finan\u021ba din Regio \u2013 Programul Opera\u021bional","robots":{"index":"index","follow":"follow","max-snippet":"max-snippet:-1","max-image-preview":"max-image-preview:large","max-video-preview":"max-video-preview:-1"},"canonical":"https:\/\/urbeamea.ro\/albaiulia\/calendarul-de-lansare-al-apelurilor-din-cadrul-programului-operational-regional-2014-2020-in-regiunea-centru\/","twitter_card":"summary_large_image","twitter_title":"Calendarul de lansare al apelurilor din cadrul Programului Opera\u021bional Regional 2014 \u2013 2020 \u00een Regiunea Centru - Revista Urbea Mea - Revista de Alba","twitter_description":"ADR Centru face cunoscut Calendarul estimativ de lansare al apelurilor de primire proiecte ce se pot finan\u021ba din Regio \u2013 Programul Opera\u021bional","twitter_image":"https:\/\/urbeamea.ro\/albaiulia\/wp-content\/uploads\/2015\/07\/Foto-aerian-sediu-ADR.jpg","twitter_creator":"@urbeameaweb","twitter_site":"@urbeameaweb","schema":{"@context":"https:\/\/schema.org","@graph":[{"@type":"Article","@id":"https:\/\/urbeamea.ro\/albaiulia\/calendarul-de-lansare-al-apelurilor-din-cadrul-programului-operational-regional-2014-2020-in-regiunea-centru\/#article","isPartOf":{"@id":"https:\/\/urbeamea.ro\/albaiulia\/calendarul-de-lansare-al-apelurilor-din-cadrul-programului-operational-regional-2014-2020-in-regiunea-centru\/"},"author":{"name":"Redac\u021bia UrbeaMea","@id":"https:\/\/urbeamea.ro\/albaiulia\/#\/schema\/person\/272ae98052f8ee8980f59848df070247"},"headline":"Calendarul de lansare al apelurilor din cadrul Programului Opera\u021bional Regional 2014 \u2013 2020 \u00een Regiunea Centru","datePublished":"2016-05-30T11:23:44+00:00","mainEntityOfPage":{"@id":"https:\/\/urbeamea.ro\/albaiulia\/calendarul-de-lansare-al-apelurilor-din-cadrul-programului-operational-regional-2014-2020-in-regiunea-centru\/"},"wordCount":469,"commentCount":0,"image":{"@id":"https:\/\/urbeamea.ro\/albaiulia\/calendarul-de-lansare-al-apelurilor-din-cadrul-programului-operational-regional-2014-2020-in-regiunea-centru\/#primaryimage"},"thumbnailUrl":"https:\/\/urbeamea.ro\/albaiulia\/wp-content\/uploads\/2015\/07\/Foto-aerian-sediu-ADR.jpg","keywords":["ADR Centru","alba","apeluri de primire","calendar estimativ","finantare","fonduri nerambursabile europene","proiecte","stiri","Urbea Mea"],"articleSection":["Social"],"inLanguage":"ro-RO","potentialAction":[{"@type":"CommentAction","name":"Comment","target":["https:\/\/urbeamea.ro\/albaiulia\/calendarul-de-lansare-al-apelurilor-din-cadrul-programului-operational-regional-2014-2020-in-regiunea-centru\/#respond"]}]},{"@type":"WebPage","@id":"https:\/\/urbeamea.ro\/albaiulia\/calendarul-de-lansare-al-apelurilor-din-cadrul-programului-operational-regional-2014-2020-in-regiunea-centru\/","url":"https:\/\/urbeamea.ro\/albaiulia\/calendarul-de-lansare-al-apelurilor-din-cadrul-programului-operational-regional-2014-2020-in-regiunea-centru\/","name":"Calendarul de lansare al apelurilor din cadrul Programului Opera\u021bional Regional 2014 \u2013 2020 \u00een Regiunea Centru - Revista Urbea Mea - Revista de Alba","isPartOf":{"@id":"https:\/\/urbeamea.ro\/albaiulia\/#website"},"primaryImageOfPage":{"@id":"https:\/\/urbeamea.ro\/albaiulia\/calendarul-de-lansare-al-apelurilor-din-cadrul-programului-operational-regional-2014-2020-in-regiunea-centru\/#primaryimage"},"image":{"@id":"https:\/\/urbeamea.ro\/albaiulia\/calendarul-de-lansare-al-apelurilor-din-cadrul-programului-operational-regional-2014-2020-in-regiunea-centru\/#primaryimage"},"thumbnailUrl":"https:\/\/urbeamea.ro\/albaiulia\/wp-content\/uploads\/2015\/07\/Foto-aerian-sediu-ADR.jpg","datePublished":"2016-05-30T11:23:44+00:00","author":{"@id":"https:\/\/urbeamea.ro\/albaiulia\/#\/schema\/person\/272ae98052f8ee8980f59848df070247"},"description":"ADR Centru face cunoscut Calendarul estimativ de lansare al apelurilor de primire proiecte ce se pot finan\u021ba din Regio \u2013 Programul Opera\u021bional","breadcrumb":{"@id":"https:\/\/urbeamea.ro\/albaiulia\/calendarul-de-lansare-al-apelurilor-din-cadrul-programului-operational-regional-2014-2020-in-regiunea-centru\/#breadcrumb"},"inLanguage":"ro-RO","potentialAction":[{"@type":"ReadAction","target":["https:\/\/urbeamea.ro\/albaiulia\/calendarul-de-lansare-al-apelurilor-din-cadrul-programului-operational-regional-2014-2020-in-regiunea-centru\/"]}]},{"@type":"ImageObject","inLanguage":"ro-RO","@id":"https:\/\/urbeamea.ro\/albaiulia\/calendarul-de-lansare-al-apelurilor-din-cadrul-programului-operational-regional-2014-2020-in-regiunea-centru\/#primaryimage","url":"https:\/\/urbeamea.ro\/albaiulia\/wp-content\/uploads\/2015\/07\/Foto-aerian-sediu-ADR.jpg","contentUrl":"https:\/\/urbeamea.ro\/albaiulia\/wp-content\/uploads\/2015\/07\/Foto-aerian-sediu-ADR.jpg","width":860,"height":626},{"@type":"BreadcrumbList","@id":"https:\/\/urbeamea.ro\/albaiulia\/calendarul-de-lansare-al-apelurilor-din-cadrul-programului-operational-regional-2014-2020-in-regiunea-centru\/#breadcrumb","itemListElement":[{"@type":"ListItem","position":1,"name":"Prima pagin\u0103","item":"https:\/\/urbeamea.ro\/albaiulia\/"},{"@type":"ListItem","position":2,"name":"Calendarul de lansare al apelurilor din cadrul Programului Opera\u021bional Regional 2014 \u2013 2020 \u00een Regiunea Centru"}]},{"@type":"WebSite","@id":"https:\/\/urbeamea.ro\/albaiulia\/#website","url":"https:\/\/urbeamea.ro\/albaiulia\/","name":"Revista Urbea Mea, Stiri urbane","description":"Evenimente \u0219i \u0219tiri din Alba Iulia, Sebe\u0219, Aiud, Blaj","potentialAction":[{"@type":"SearchAction","target":{"@type":"EntryPoint","urlTemplate":"https:\/\/urbeamea.ro\/albaiulia\/?s={search_term_string}"},"query-input":{"@type":"PropertyValueSpecification","valueRequired":true,"valueName":"search_term_string"}}],"inLanguage":"ro-RO"},{"@type":"Person","@id":"https:\/\/urbeamea.ro\/albaiulia\/#\/schema\/person\/272ae98052f8ee8980f59848df070247","name":"Redac\u021bia UrbeaMea","image":{"@type":"ImageObject","inLanguage":"ro-RO","@id":"https:\/\/secure.gravatar.com\/avatar\/9ce5a9435071fa1037e8468053ead8e513dbbff59009d3069aadb85506d85a27?s=96&d=mm&r=g","url":"https:\/\/secure.gravatar.com\/avatar\/9ce5a9435071fa1037e8468053ead8e513dbbff59009d3069aadb85506d85a27?s=96&d=mm&r=g","contentUrl":"https:\/\/secure.gravatar.com\/avatar\/9ce5a9435071fa1037e8468053ead8e513dbbff59009d3069aadb85506d85a27?s=96&d=mm&r=g","caption":"Redac\u021bia UrbeaMea"},"description":"contact@urbeamea.ro","sameAs":["https:\/\/www.urbeamea.ro"],"url":"https:\/\/urbeamea.ro\/albaiulia\/author\/redactia-urbeamea\/"}]}},"_links":{"self":[{"href":"https:\/\/urbeamea.ro\/albaiulia\/wp-json\/wp\/v2\/posts\/25609","targetHints":{"allow":["GET"]}}],"collection":[{"href":"https:\/\/urbeamea.ro\/albaiulia\/wp-json\/wp\/v2\/posts"}],"about":[{"href":"https:\/\/urbeamea.ro\/albaiulia\/wp-json\/wp\/v2\/types\/post"}],"author":[{"embeddable":true,"href":"https:\/\/urbeamea.ro\/albaiulia\/wp-json\/wp\/v2\/users\/16"}],"replies":[{"embeddable":true,"href":"https:\/\/urbeamea.ro\/albaiulia\/wp-json\/wp\/v2\/comments?post=25609"}],"version-history":[{"count":0,"href":"https:\/\/urbeamea.ro\/albaiulia\/wp-json\/wp\/v2\/posts\/25609\/revisions"}],"wp:featuredmedia":[{"embeddable":true,"href":"https:\/\/urbeamea.ro\/albaiulia\/wp-json\/wp\/v2\/media\/6332"}],"wp:attachment":[{"href":"https:\/\/urbeamea.ro\/albaiulia\/wp-json\/wp\/v2\/media?parent=25609"}],"wp:term":[{"taxonomy":"category","embeddable":true,"href":"https:\/\/urbeamea.ro\/albaiulia\/wp-json\/wp\/v2\/categories?post=25609"},{"taxonomy":"post_tag","embeddable":true,"href":"https:\/\/urbeamea.ro\/albaiulia\/wp-json\/wp\/v2\/tags?post=25609"}],"curies":[{"name":"wp","href":"https:\/\/api.w.org\/{rel}","templated":true}]}}