{"id":25611,"date":"2016-05-30T14:28:55","date_gmt":"2016-05-30T11:28:55","guid":{"rendered":"http:\/\/urbeamea.ro\/albaiulia\/?p=25611"},"modified":"2016-05-30T14:28:55","modified_gmt":"2016-05-30T11:28:55","slug":"itm-alba-trei-firme-din-alba-iulia-sugag-si-baia-de-aries-amendate-pentru-munca-la-negru","status":"publish","type":"post","link":"https:\/\/urbeamea.ro\/albaiulia\/itm-alba-trei-firme-din-alba-iulia-sugag-si-baia-de-aries-amendate-pentru-munca-la-negru\/","title":{"rendered":"ITM Alba: Trei firme din Alba Iulia, \u015eugag \u015fi Baia de Arie\u015f, amendate pentru munca \u201ela negru\u201d"},"content":{"rendered":"<p><strong><img loading=\"lazy\" decoding=\"async\" class=\"size-medium wp-image-17515 alignleft\" src=\"http:\/\/urbeamea.ro\/albaiulia\/wp-content\/uploads\/2016\/02\/ITM-300x198.jpg\" alt=\"ITM\" width=\"300\" height=\"198\" \/>S\u0103pt\u0103m\u00e2na trecut\u0103, trei firme din jude\u0163ul Alba au fost sanc\u021bionate\u00a0pentru munca \u201ela negru\u201d, \u00een urma controalelor ITM. Acestea au fost depistate cu persoane primite \u00een activitate, f\u0103r\u0103 forme legale de angajare. Dup\u0103 verific\u0103ri la zeci de agen\u0163i economici, inspectorii au dat amenzi de peste 30.000 de lei.<\/strong><\/p>\n<p>\u00cen perioada 23\u201327 mai, au fost controlate 40 de firme, cu un num\u0103r total de 885 de angaja\u0163i. ITM Alba a descoperit 87 de nereguli \u015fi a dat amenzi de 34.800 lei.<\/p>\n<p>Trei dintre ele au fost pentru munca \u201cla negru\u201d.<\/p>\n<p>Firmele amendate au fost:<\/p>\n<ul>\n<li>Victor Codrin SRL Baia de Arie\u015f (comer\u0163) \u2013 o persoan\u0103 f\u0103r\u0103 forme legale de angajare \u2013 amend\u0103 10.000 lei<\/li>\n<li>Flor\u0103ria Dori SRL \u015eugag (comer\u0163) \u2013 persoan\u0103 f\u0103r\u0103 forme legale de angajare \u2013 amend\u0103 10.000 lei<\/li>\n<li>Global Dif Co SRL Alba Iulia (cofet\u0103rie\/patiserie) \u2013 persoan\u0103 f\u0103r\u0103 forme legale de angajare \u2013 amend\u0103 10.000 lei.<\/li>\n<\/ul>\n<p>\u00cen domeniul securit\u0103\u0163ii \u015fi s\u0103n\u0103t\u0103\u0163ii \u00een munc\u0103, au fost controlate 29 de unit\u0103\u0163i \u015fi date cinci avertismente.<\/p>\n","protected":false},"excerpt":{"rendered":"<p>S\u0103pt\u0103m\u00e2na trecut\u0103, trei firme din jude\u0163ul Alba au fost sanc\u021bionate\u00a0pentru munca \u201ela negru\u201d, \u00een urma controalelor ITM. Acestea au fost depistate cu persoane primite \u00een activitate, f\u0103r\u0103 forme legale de angajare. Dup\u0103 verific\u0103ri la zeci de agen\u0163i economici, inspectorii au dat amenzi de peste 30.000 de lei. \u00cen perioada 23\u201327 mai, au fost controlate 40 &hellip;<\/p>\n","protected":false},"author":16,"featured_media":17515,"comment_status":"open","ping_status":"open","sticky":false,"template":"","format":"standard","meta":{"inline_featured_image":false,"footnotes":""},"categories":[2034],"tags":[307,31,3404,2717,5293,4500,2175,866,2379,2845,5541,2677,308,5540,3172,76],"class_list":["post-25611","post","type-post","status-publish","format-standard","has-post-thumbnail","hentry","category-social","tag-alba","tag-alba-iulia","tag-avertismente","tag-baia-de-aries","tag-cofetarie","tag-comert","tag-controale","tag-firme","tag-itm","tag-munca-la-negru","tag-patiserie","tag-sanctionate","tag-stiri","tag-sugaga","tag-unitati","tag-urbea-mea"],"yoast_head":"<!-- This site is optimized with the Yoast SEO plugin v27.4 - https:\/\/yoast.com\/product\/yoast-seo-wordpress\/ -->\n<title>ITM Alba: Trei firme din Alba Iulia, \u015eugag \u015fi Baia de Arie\u015f, amendate pentru munca \u201ela negru\u201d - Revista Urbea Mea - Revista de Alba<\/title>\n<meta name=\"description\" content=\"S\u0103pt\u0103m\u00e2na trecut\u0103, trei firme din jude\u0163ul Alba au fost sanc\u021bionate\u00a0pentru munca \u201ela negru\u201d, \u00een urma controalelor ITM. Acestea au fost depistate cu\" \/>\n<meta name=\"robots\" content=\"index, follow, max-snippet:-1, max-image-preview:large, max-video-preview:-1\" \/>\n<link rel=\"canonical\" href=\"https:\/\/urbeamea.ro\/albaiulia\/itm-alba-trei-firme-din-alba-iulia-sugag-si-baia-de-aries-amendate-pentru-munca-la-negru\/\" \/>\n<meta name=\"twitter:card\" content=\"summary_large_image\" \/>\n<meta name=\"twitter:title\" content=\"ITM Alba: Trei firme din Alba Iulia, \u015eugag \u015fi Baia de Arie\u015f, amendate pentru munca \u201ela negru\u201d - Revista Urbea Mea - Revista de Alba\" \/>\n<meta name=\"twitter:description\" content=\"S\u0103pt\u0103m\u00e2na trecut\u0103, trei firme din jude\u0163ul Alba au fost sanc\u021bionate\u00a0pentru munca \u201ela negru\u201d, \u00een urma controalelor ITM. Acestea au fost depistate cu\" \/>\n<meta name=\"twitter:image\" content=\"https:\/\/urbeamea.ro\/albaiulia\/wp-content\/uploads\/2016\/02\/ITM.jpg\" \/>\n<meta name=\"twitter:creator\" content=\"@urbeameaweb\" \/>\n<meta name=\"twitter:site\" content=\"@urbeameaweb\" \/>\n<script type=\"application\/ld+json\" class=\"yoast-schema-graph\">{\"@context\":\"https:\\\/\\\/schema.org\",\"@graph\":[{\"@type\":\"Article\",\"@id\":\"https:\\\/\\\/urbeamea.ro\\\/albaiulia\\\/itm-alba-trei-firme-din-alba-iulia-sugag-si-baia-de-aries-amendate-pentru-munca-la-negru\\\/#article\",\"isPartOf\":{\"@id\":\"https:\\\/\\\/urbeamea.ro\\\/albaiulia\\\/itm-alba-trei-firme-din-alba-iulia-sugag-si-baia-de-aries-amendate-pentru-munca-la-negru\\\/\"},\"author\":{\"name\":\"Redac\u021bia UrbeaMea\",\"@id\":\"https:\\\/\\\/urbeamea.ro\\\/albaiulia\\\/#\\\/schema\\\/person\\\/272ae98052f8ee8980f59848df070247\"},\"headline\":\"ITM Alba: Trei firme din Alba Iulia, \u015eugag \u015fi Baia de Arie\u015f, amendate pentru munca \u201ela negru\u201d\",\"datePublished\":\"2016-05-30T11:28:55+00:00\",\"mainEntityOfPage\":{\"@id\":\"https:\\\/\\\/urbeamea.ro\\\/albaiulia\\\/itm-alba-trei-firme-din-alba-iulia-sugag-si-baia-de-aries-amendate-pentru-munca-la-negru\\\/\"},\"wordCount\":185,\"commentCount\":0,\"image\":{\"@id\":\"https:\\\/\\\/urbeamea.ro\\\/albaiulia\\\/itm-alba-trei-firme-din-alba-iulia-sugag-si-baia-de-aries-amendate-pentru-munca-la-negru\\\/#primaryimage\"},\"thumbnailUrl\":\"https:\\\/\\\/urbeamea.ro\\\/albaiulia\\\/wp-content\\\/uploads\\\/2016\\\/02\\\/ITM.jpg\",\"keywords\":[\"alba\",\"Alba Iulia\",\"avertismente\",\"baia de aries\",\"cofetarie\",\"comert\",\"controale\",\"firme\",\"ITM\",\"munca la negru\",\"patiserie\",\"sanctionate\",\"stiri\",\"sugaga\",\"unitati\",\"Urbea Mea\"],\"articleSection\":[\"Social\"],\"inLanguage\":\"ro-RO\",\"potentialAction\":[{\"@type\":\"CommentAction\",\"name\":\"Comment\",\"target\":[\"https:\\\/\\\/urbeamea.ro\\\/albaiulia\\\/itm-alba-trei-firme-din-alba-iulia-sugag-si-baia-de-aries-amendate-pentru-munca-la-negru\\\/#respond\"]}]},{\"@type\":\"WebPage\",\"@id\":\"https:\\\/\\\/urbeamea.ro\\\/albaiulia\\\/itm-alba-trei-firme-din-alba-iulia-sugag-si-baia-de-aries-amendate-pentru-munca-la-negru\\\/\",\"url\":\"https:\\\/\\\/urbeamea.ro\\\/albaiulia\\\/itm-alba-trei-firme-din-alba-iulia-sugag-si-baia-de-aries-amendate-pentru-munca-la-negru\\\/\",\"name\":\"ITM Alba: Trei firme din Alba Iulia, \u015eugag \u015fi Baia de Arie\u015f, amendate pentru munca \u201ela negru\u201d - Revista Urbea Mea - Revista de Alba\",\"isPartOf\":{\"@id\":\"https:\\\/\\\/urbeamea.ro\\\/albaiulia\\\/#website\"},\"primaryImageOfPage\":{\"@id\":\"https:\\\/\\\/urbeamea.ro\\\/albaiulia\\\/itm-alba-trei-firme-din-alba-iulia-sugag-si-baia-de-aries-amendate-pentru-munca-la-negru\\\/#primaryimage\"},\"image\":{\"@id\":\"https:\\\/\\\/urbeamea.ro\\\/albaiulia\\\/itm-alba-trei-firme-din-alba-iulia-sugag-si-baia-de-aries-amendate-pentru-munca-la-negru\\\/#primaryimage\"},\"thumbnailUrl\":\"https:\\\/\\\/urbeamea.ro\\\/albaiulia\\\/wp-content\\\/uploads\\\/2016\\\/02\\\/ITM.jpg\",\"datePublished\":\"2016-05-30T11:28:55+00:00\",\"author\":{\"@id\":\"https:\\\/\\\/urbeamea.ro\\\/albaiulia\\\/#\\\/schema\\\/person\\\/272ae98052f8ee8980f59848df070247\"},\"description\":\"S\u0103pt\u0103m\u00e2na trecut\u0103, trei firme din jude\u0163ul Alba au fost sanc\u021bionate\u00a0pentru munca \u201ela negru\u201d, \u00een urma controalelor ITM. Acestea au fost depistate cu\",\"breadcrumb\":{\"@id\":\"https:\\\/\\\/urbeamea.ro\\\/albaiulia\\\/itm-alba-trei-firme-din-alba-iulia-sugag-si-baia-de-aries-amendate-pentru-munca-la-negru\\\/#breadcrumb\"},\"inLanguage\":\"ro-RO\",\"potentialAction\":[{\"@type\":\"ReadAction\",\"target\":[\"https:\\\/\\\/urbeamea.ro\\\/albaiulia\\\/itm-alba-trei-firme-din-alba-iulia-sugag-si-baia-de-aries-amendate-pentru-munca-la-negru\\\/\"]}]},{\"@type\":\"ImageObject\",\"inLanguage\":\"ro-RO\",\"@id\":\"https:\\\/\\\/urbeamea.ro\\\/albaiulia\\\/itm-alba-trei-firme-din-alba-iulia-sugag-si-baia-de-aries-amendate-pentru-munca-la-negru\\\/#primaryimage\",\"url\":\"https:\\\/\\\/urbeamea.ro\\\/albaiulia\\\/wp-content\\\/uploads\\\/2016\\\/02\\\/ITM.jpg\",\"contentUrl\":\"https:\\\/\\\/urbeamea.ro\\\/albaiulia\\\/wp-content\\\/uploads\\\/2016\\\/02\\\/ITM.jpg\",\"width\":1280,\"height\":846},{\"@type\":\"BreadcrumbList\",\"@id\":\"https:\\\/\\\/urbeamea.ro\\\/albaiulia\\\/itm-alba-trei-firme-din-alba-iulia-sugag-si-baia-de-aries-amendate-pentru-munca-la-negru\\\/#breadcrumb\",\"itemListElement\":[{\"@type\":\"ListItem\",\"position\":1,\"name\":\"Prima pagin\u0103\",\"item\":\"https:\\\/\\\/urbeamea.ro\\\/albaiulia\\\/\"},{\"@type\":\"ListItem\",\"position\":2,\"name\":\"ITM Alba: Trei firme din Alba Iulia, \u015eugag \u015fi Baia de Arie\u015f, amendate pentru munca \u201ela negru\u201d\"}]},{\"@type\":\"WebSite\",\"@id\":\"https:\\\/\\\/urbeamea.ro\\\/albaiulia\\\/#website\",\"url\":\"https:\\\/\\\/urbeamea.ro\\\/albaiulia\\\/\",\"name\":\"Revista Urbea Mea, Stiri urbane\",\"description\":\"Evenimente \u0219i \u0219tiri din Alba Iulia, Sebe\u0219, Aiud, Blaj\",\"potentialAction\":[{\"@type\":\"SearchAction\",\"target\":{\"@type\":\"EntryPoint\",\"urlTemplate\":\"https:\\\/\\\/urbeamea.ro\\\/albaiulia\\\/?s={search_term_string}\"},\"query-input\":{\"@type\":\"PropertyValueSpecification\",\"valueRequired\":true,\"valueName\":\"search_term_string\"}}],\"inLanguage\":\"ro-RO\"},{\"@type\":\"Person\",\"@id\":\"https:\\\/\\\/urbeamea.ro\\\/albaiulia\\\/#\\\/schema\\\/person\\\/272ae98052f8ee8980f59848df070247\",\"name\":\"Redac\u021bia UrbeaMea\",\"image\":{\"@type\":\"ImageObject\",\"inLanguage\":\"ro-RO\",\"@id\":\"https:\\\/\\\/secure.gravatar.com\\\/avatar\\\/9ce5a9435071fa1037e8468053ead8e513dbbff59009d3069aadb85506d85a27?s=96&d=mm&r=g\",\"url\":\"https:\\\/\\\/secure.gravatar.com\\\/avatar\\\/9ce5a9435071fa1037e8468053ead8e513dbbff59009d3069aadb85506d85a27?s=96&d=mm&r=g\",\"contentUrl\":\"https:\\\/\\\/secure.gravatar.com\\\/avatar\\\/9ce5a9435071fa1037e8468053ead8e513dbbff59009d3069aadb85506d85a27?s=96&d=mm&r=g\",\"caption\":\"Redac\u021bia UrbeaMea\"},\"description\":\"contact@urbeamea.ro\",\"sameAs\":[\"https:\\\/\\\/www.urbeamea.ro\"],\"url\":\"https:\\\/\\\/urbeamea.ro\\\/albaiulia\\\/author\\\/redactia-urbeamea\\\/\"}]}<\/script>\n<!-- \/ Yoast SEO plugin. -->","yoast_head_json":{"title":"ITM Alba: Trei firme din Alba Iulia, \u015eugag \u015fi Baia de Arie\u015f, amendate pentru munca \u201ela negru\u201d - Revista Urbea Mea - Revista de Alba","description":"S\u0103pt\u0103m\u00e2na trecut\u0103, trei firme din jude\u0163ul Alba au fost sanc\u021bionate\u00a0pentru munca \u201ela negru\u201d, \u00een urma controalelor ITM. Acestea au fost depistate cu","robots":{"index":"index","follow":"follow","max-snippet":"max-snippet:-1","max-image-preview":"max-image-preview:large","max-video-preview":"max-video-preview:-1"},"canonical":"https:\/\/urbeamea.ro\/albaiulia\/itm-alba-trei-firme-din-alba-iulia-sugag-si-baia-de-aries-amendate-pentru-munca-la-negru\/","twitter_card":"summary_large_image","twitter_title":"ITM Alba: Trei firme din Alba Iulia, \u015eugag \u015fi Baia de Arie\u015f, amendate pentru munca \u201ela negru\u201d - Revista Urbea Mea - Revista de Alba","twitter_description":"S\u0103pt\u0103m\u00e2na trecut\u0103, trei firme din jude\u0163ul Alba au fost sanc\u021bionate\u00a0pentru munca \u201ela negru\u201d, \u00een urma controalelor ITM. Acestea au fost depistate cu","twitter_image":"https:\/\/urbeamea.ro\/albaiulia\/wp-content\/uploads\/2016\/02\/ITM.jpg","twitter_creator":"@urbeameaweb","twitter_site":"@urbeameaweb","schema":{"@context":"https:\/\/schema.org","@graph":[{"@type":"Article","@id":"https:\/\/urbeamea.ro\/albaiulia\/itm-alba-trei-firme-din-alba-iulia-sugag-si-baia-de-aries-amendate-pentru-munca-la-negru\/#article","isPartOf":{"@id":"https:\/\/urbeamea.ro\/albaiulia\/itm-alba-trei-firme-din-alba-iulia-sugag-si-baia-de-aries-amendate-pentru-munca-la-negru\/"},"author":{"name":"Redac\u021bia UrbeaMea","@id":"https:\/\/urbeamea.ro\/albaiulia\/#\/schema\/person\/272ae98052f8ee8980f59848df070247"},"headline":"ITM Alba: Trei firme din Alba Iulia, \u015eugag \u015fi Baia de Arie\u015f, amendate pentru munca \u201ela negru\u201d","datePublished":"2016-05-30T11:28:55+00:00","mainEntityOfPage":{"@id":"https:\/\/urbeamea.ro\/albaiulia\/itm-alba-trei-firme-din-alba-iulia-sugag-si-baia-de-aries-amendate-pentru-munca-la-negru\/"},"wordCount":185,"commentCount":0,"image":{"@id":"https:\/\/urbeamea.ro\/albaiulia\/itm-alba-trei-firme-din-alba-iulia-sugag-si-baia-de-aries-amendate-pentru-munca-la-negru\/#primaryimage"},"thumbnailUrl":"https:\/\/urbeamea.ro\/albaiulia\/wp-content\/uploads\/2016\/02\/ITM.jpg","keywords":["alba","Alba Iulia","avertismente","baia de aries","cofetarie","comert","controale","firme","ITM","munca la negru","patiserie","sanctionate","stiri","sugaga","unitati","Urbea Mea"],"articleSection":["Social"],"inLanguage":"ro-RO","potentialAction":[{"@type":"CommentAction","name":"Comment","target":["https:\/\/urbeamea.ro\/albaiulia\/itm-alba-trei-firme-din-alba-iulia-sugag-si-baia-de-aries-amendate-pentru-munca-la-negru\/#respond"]}]},{"@type":"WebPage","@id":"https:\/\/urbeamea.ro\/albaiulia\/itm-alba-trei-firme-din-alba-iulia-sugag-si-baia-de-aries-amendate-pentru-munca-la-negru\/","url":"https:\/\/urbeamea.ro\/albaiulia\/itm-alba-trei-firme-din-alba-iulia-sugag-si-baia-de-aries-amendate-pentru-munca-la-negru\/","name":"ITM Alba: Trei firme din Alba Iulia, \u015eugag \u015fi Baia de Arie\u015f, amendate pentru munca \u201ela negru\u201d - Revista Urbea Mea - Revista de Alba","isPartOf":{"@id":"https:\/\/urbeamea.ro\/albaiulia\/#website"},"primaryImageOfPage":{"@id":"https:\/\/urbeamea.ro\/albaiulia\/itm-alba-trei-firme-din-alba-iulia-sugag-si-baia-de-aries-amendate-pentru-munca-la-negru\/#primaryimage"},"image":{"@id":"https:\/\/urbeamea.ro\/albaiulia\/itm-alba-trei-firme-din-alba-iulia-sugag-si-baia-de-aries-amendate-pentru-munca-la-negru\/#primaryimage"},"thumbnailUrl":"https:\/\/urbeamea.ro\/albaiulia\/wp-content\/uploads\/2016\/02\/ITM.jpg","datePublished":"2016-05-30T11:28:55+00:00","author":{"@id":"https:\/\/urbeamea.ro\/albaiulia\/#\/schema\/person\/272ae98052f8ee8980f59848df070247"},"description":"S\u0103pt\u0103m\u00e2na trecut\u0103, trei firme din jude\u0163ul Alba au fost sanc\u021bionate\u00a0pentru munca \u201ela negru\u201d, \u00een urma controalelor ITM. Acestea au fost depistate cu","breadcrumb":{"@id":"https:\/\/urbeamea.ro\/albaiulia\/itm-alba-trei-firme-din-alba-iulia-sugag-si-baia-de-aries-amendate-pentru-munca-la-negru\/#breadcrumb"},"inLanguage":"ro-RO","potentialAction":[{"@type":"ReadAction","target":["https:\/\/urbeamea.ro\/albaiulia\/itm-alba-trei-firme-din-alba-iulia-sugag-si-baia-de-aries-amendate-pentru-munca-la-negru\/"]}]},{"@type":"ImageObject","inLanguage":"ro-RO","@id":"https:\/\/urbeamea.ro\/albaiulia\/itm-alba-trei-firme-din-alba-iulia-sugag-si-baia-de-aries-amendate-pentru-munca-la-negru\/#primaryimage","url":"https:\/\/urbeamea.ro\/albaiulia\/wp-content\/uploads\/2016\/02\/ITM.jpg","contentUrl":"https:\/\/urbeamea.ro\/albaiulia\/wp-content\/uploads\/2016\/02\/ITM.jpg","width":1280,"height":846},{"@type":"BreadcrumbList","@id":"https:\/\/urbeamea.ro\/albaiulia\/itm-alba-trei-firme-din-alba-iulia-sugag-si-baia-de-aries-amendate-pentru-munca-la-negru\/#breadcrumb","itemListElement":[{"@type":"ListItem","position":1,"name":"Prima pagin\u0103","item":"https:\/\/urbeamea.ro\/albaiulia\/"},{"@type":"ListItem","position":2,"name":"ITM Alba: Trei firme din Alba Iulia, \u015eugag \u015fi Baia de Arie\u015f, amendate pentru munca \u201ela negru\u201d"}]},{"@type":"WebSite","@id":"https:\/\/urbeamea.ro\/albaiulia\/#website","url":"https:\/\/urbeamea.ro\/albaiulia\/","name":"Revista Urbea Mea, Stiri urbane","description":"Evenimente \u0219i \u0219tiri din Alba Iulia, Sebe\u0219, Aiud, Blaj","potentialAction":[{"@type":"SearchAction","target":{"@type":"EntryPoint","urlTemplate":"https:\/\/urbeamea.ro\/albaiulia\/?s={search_term_string}"},"query-input":{"@type":"PropertyValueSpecification","valueRequired":true,"valueName":"search_term_string"}}],"inLanguage":"ro-RO"},{"@type":"Person","@id":"https:\/\/urbeamea.ro\/albaiulia\/#\/schema\/person\/272ae98052f8ee8980f59848df070247","name":"Redac\u021bia UrbeaMea","image":{"@type":"ImageObject","inLanguage":"ro-RO","@id":"https:\/\/secure.gravatar.com\/avatar\/9ce5a9435071fa1037e8468053ead8e513dbbff59009d3069aadb85506d85a27?s=96&d=mm&r=g","url":"https:\/\/secure.gravatar.com\/avatar\/9ce5a9435071fa1037e8468053ead8e513dbbff59009d3069aadb85506d85a27?s=96&d=mm&r=g","contentUrl":"https:\/\/secure.gravatar.com\/avatar\/9ce5a9435071fa1037e8468053ead8e513dbbff59009d3069aadb85506d85a27?s=96&d=mm&r=g","caption":"Redac\u021bia UrbeaMea"},"description":"contact@urbeamea.ro","sameAs":["https:\/\/www.urbeamea.ro"],"url":"https:\/\/urbeamea.ro\/albaiulia\/author\/redactia-urbeamea\/"}]}},"_links":{"self":[{"href":"https:\/\/urbeamea.ro\/albaiulia\/wp-json\/wp\/v2\/posts\/25611","targetHints":{"allow":["GET"]}}],"collection":[{"href":"https:\/\/urbeamea.ro\/albaiulia\/wp-json\/wp\/v2\/posts"}],"about":[{"href":"https:\/\/urbeamea.ro\/albaiulia\/wp-json\/wp\/v2\/types\/post"}],"author":[{"embeddable":true,"href":"https:\/\/urbeamea.ro\/albaiulia\/wp-json\/wp\/v2\/users\/16"}],"replies":[{"embeddable":true,"href":"https:\/\/urbeamea.ro\/albaiulia\/wp-json\/wp\/v2\/comments?post=25611"}],"version-history":[{"count":0,"href":"https:\/\/urbeamea.ro\/albaiulia\/wp-json\/wp\/v2\/posts\/25611\/revisions"}],"wp:featuredmedia":[{"embeddable":true,"href":"https:\/\/urbeamea.ro\/albaiulia\/wp-json\/wp\/v2\/media\/17515"}],"wp:attachment":[{"href":"https:\/\/urbeamea.ro\/albaiulia\/wp-json\/wp\/v2\/media?parent=25611"}],"wp:term":[{"taxonomy":"category","embeddable":true,"href":"https:\/\/urbeamea.ro\/albaiulia\/wp-json\/wp\/v2\/categories?post=25611"},{"taxonomy":"post_tag","embeddable":true,"href":"https:\/\/urbeamea.ro\/albaiulia\/wp-json\/wp\/v2\/tags?post=25611"}],"curies":[{"name":"wp","href":"https:\/\/api.w.org\/{rel}","templated":true}]}}