{"id":25678,"date":"2016-05-31T12:12:25","date_gmt":"2016-05-31T09:12:25","guid":{"rendered":"http:\/\/urbeamea.ro\/albaiulia\/?p=25678"},"modified":"2016-05-31T12:12:25","modified_gmt":"2016-05-31T09:12:25","slug":"cod-galben-de-furtuna-in-judetul-alba-pana-la-ora-13-00","status":"publish","type":"post","link":"https:\/\/urbeamea.ro\/albaiulia\/cod-galben-de-furtuna-in-judetul-alba-pana-la-ora-13-00\/","title":{"rendered":"Cod Galben de Furtun\u0103 \u00een jude\u0163ul Alba p\u00e2n\u0103 la ora 13.00"},"content":{"rendered":"<p><strong><img loading=\"lazy\" decoding=\"async\" class=\"size-medium wp-image-8570 alignleft\" src=\"http:\/\/urbeamea.ro\/albaiulia\/wp-content\/uploads\/2015\/09\/ploaie-300x200.jpg\" alt=\"ploaie\" width=\"300\" height=\"200\" \/>Administra\u0163ia Na\u0163ional\u0103 de Meteorologie aten\u0163ioneaz\u0103 c\u0103 \u00een urm\u0103toarele ore vor fi condi\u0163ii de instabilitate atmosferic\u0103 \u00een jude\u0163ul Alba. Sunt a\u015fteptate furtuni, p\u00e2n\u0103 la ora 13.00.<\/strong><\/p>\n<p>Se vor semnala averse ce vor cumula 25 l\/mp, desc\u0103rc\u0103ri electrice, grindin\u0103 de dimensiuni mici \u0219i medii, intensific\u0103ri ale v\u00e2ntului.<\/p>\n<p>Este vizat\u0103 zona delimitat\u0103 de localit\u0103\u021bile C\u00e2mpeni, Abrud, Zlatna, \u00centregalde, Teiu\u0219, Aiud, Ocna Mure\u0219 \u0219i grani\u021ba de nord a jude\u021bului.<\/p>\n","protected":false},"excerpt":{"rendered":"<p>Administra\u0163ia Na\u0163ional\u0103 de Meteorologie aten\u0163ioneaz\u0103 c\u0103 \u00een urm\u0103toarele ore vor fi condi\u0163ii de instabilitate atmosferic\u0103 \u00een jude\u0163ul Alba. Sunt a\u015fteptate furtuni, p\u00e2n\u0103 la ora 13.00. Se vor semnala averse ce vor cumula 25 l\/mp, desc\u0103rc\u0103ri electrice, grindin\u0103 de dimensiuni mici \u0219i medii, intensific\u0103ri ale v\u00e2ntului. Este vizat\u0103 zona delimitat\u0103 de localit\u0103\u021bile C\u00e2mpeni, Abrud, Zlatna, \u00centregalde, &hellip;<\/p>\n","protected":false},"author":16,"featured_media":8570,"comment_status":"open","ping_status":"open","sticky":false,"template":"","format":"standard","meta":{"inline_featured_image":false,"footnotes":""},"categories":[1],"tags":[2660,385,2455,4355,393,394,5566,5203,1022,2468,308,2419,76,1274],"class_list":["post-25678","post","type-post","status-publish","format-standard","has-post-thumbnail","hentry","category-stiri-urbane","tag-abrud","tag-aiud","tag-campeni","tag-descarcari-electrice","tag-furtuni","tag-grindina","tag-intensifcai-ale-vantului","tag-intregalde","tag-judetul-alba","tag-ocna-mures","tag-stiri","tag-teius","tag-urbea-mea","tag-zlatna"],"yoast_head":"<!-- This site is optimized with the Yoast SEO plugin v27.4 - https:\/\/yoast.com\/product\/yoast-seo-wordpress\/ -->\n<title>Cod Galben de Furtun\u0103 \u00een jude\u0163ul Alba p\u00e2n\u0103 la ora 13.00 - Revista Urbea Mea - Revista de Alba<\/title>\n<meta name=\"description\" content=\"Administra\u0163ia Na\u0163ional\u0103 de Meteorologie aten\u0163ioneaz\u0103 c\u0103 \u00een urm\u0103toarele ore vor fi condi\u0163ii de instabilitate atmosferic\u0103 \u00een jude\u0163ul Alba. Sunt a\u015fteptate\" \/>\n<meta name=\"robots\" content=\"index, follow, max-snippet:-1, max-image-preview:large, max-video-preview:-1\" \/>\n<link rel=\"canonical\" href=\"https:\/\/urbeamea.ro\/albaiulia\/cod-galben-de-furtuna-in-judetul-alba-pana-la-ora-13-00\/\" \/>\n<meta name=\"twitter:card\" content=\"summary_large_image\" \/>\n<meta name=\"twitter:title\" content=\"Cod Galben de Furtun\u0103 \u00een jude\u0163ul Alba p\u00e2n\u0103 la ora 13.00 - Revista Urbea Mea - Revista de Alba\" \/>\n<meta name=\"twitter:description\" content=\"Administra\u0163ia Na\u0163ional\u0103 de Meteorologie aten\u0163ioneaz\u0103 c\u0103 \u00een urm\u0103toarele ore vor fi condi\u0163ii de instabilitate atmosferic\u0103 \u00een jude\u0163ul Alba. Sunt a\u015fteptate\" \/>\n<meta name=\"twitter:image\" content=\"https:\/\/urbeamea.ro\/albaiulia\/wp-content\/uploads\/2015\/09\/ploaie.jpg\" \/>\n<meta name=\"twitter:creator\" content=\"@urbeameaweb\" \/>\n<meta name=\"twitter:site\" content=\"@urbeameaweb\" \/>\n<script type=\"application\/ld+json\" class=\"yoast-schema-graph\">{\"@context\":\"https:\\\/\\\/schema.org\",\"@graph\":[{\"@type\":\"Article\",\"@id\":\"https:\\\/\\\/urbeamea.ro\\\/albaiulia\\\/cod-galben-de-furtuna-in-judetul-alba-pana-la-ora-13-00\\\/#article\",\"isPartOf\":{\"@id\":\"https:\\\/\\\/urbeamea.ro\\\/albaiulia\\\/cod-galben-de-furtuna-in-judetul-alba-pana-la-ora-13-00\\\/\"},\"author\":{\"name\":\"Redac\u021bia UrbeaMea\",\"@id\":\"https:\\\/\\\/urbeamea.ro\\\/albaiulia\\\/#\\\/schema\\\/person\\\/272ae98052f8ee8980f59848df070247\"},\"headline\":\"Cod Galben de Furtun\u0103 \u00een jude\u0163ul Alba p\u00e2n\u0103 la ora 13.00\",\"datePublished\":\"2016-05-31T09:12:25+00:00\",\"mainEntityOfPage\":{\"@id\":\"https:\\\/\\\/urbeamea.ro\\\/albaiulia\\\/cod-galben-de-furtuna-in-judetul-alba-pana-la-ora-13-00\\\/\"},\"wordCount\":92,\"commentCount\":0,\"image\":{\"@id\":\"https:\\\/\\\/urbeamea.ro\\\/albaiulia\\\/cod-galben-de-furtuna-in-judetul-alba-pana-la-ora-13-00\\\/#primaryimage\"},\"thumbnailUrl\":\"https:\\\/\\\/urbeamea.ro\\\/albaiulia\\\/wp-content\\\/uploads\\\/2015\\\/09\\\/ploaie.jpg\",\"keywords\":[\"abrud\",\"aiud\",\"campeni\",\"descarcari electrice\",\"furtuni\",\"grindina\",\"intensifcai ale vantului\",\"\u00centregalde\",\"judetul alba\",\"ocna mures\",\"stiri\",\"teius\",\"Urbea Mea\",\"zlatna\"],\"articleSection\":[\"\u015etiri Urbane\"],\"inLanguage\":\"ro-RO\",\"potentialAction\":[{\"@type\":\"CommentAction\",\"name\":\"Comment\",\"target\":[\"https:\\\/\\\/urbeamea.ro\\\/albaiulia\\\/cod-galben-de-furtuna-in-judetul-alba-pana-la-ora-13-00\\\/#respond\"]}]},{\"@type\":\"WebPage\",\"@id\":\"https:\\\/\\\/urbeamea.ro\\\/albaiulia\\\/cod-galben-de-furtuna-in-judetul-alba-pana-la-ora-13-00\\\/\",\"url\":\"https:\\\/\\\/urbeamea.ro\\\/albaiulia\\\/cod-galben-de-furtuna-in-judetul-alba-pana-la-ora-13-00\\\/\",\"name\":\"Cod Galben de Furtun\u0103 \u00een jude\u0163ul Alba p\u00e2n\u0103 la ora 13.00 - Revista Urbea Mea - Revista de Alba\",\"isPartOf\":{\"@id\":\"https:\\\/\\\/urbeamea.ro\\\/albaiulia\\\/#website\"},\"primaryImageOfPage\":{\"@id\":\"https:\\\/\\\/urbeamea.ro\\\/albaiulia\\\/cod-galben-de-furtuna-in-judetul-alba-pana-la-ora-13-00\\\/#primaryimage\"},\"image\":{\"@id\":\"https:\\\/\\\/urbeamea.ro\\\/albaiulia\\\/cod-galben-de-furtuna-in-judetul-alba-pana-la-ora-13-00\\\/#primaryimage\"},\"thumbnailUrl\":\"https:\\\/\\\/urbeamea.ro\\\/albaiulia\\\/wp-content\\\/uploads\\\/2015\\\/09\\\/ploaie.jpg\",\"datePublished\":\"2016-05-31T09:12:25+00:00\",\"author\":{\"@id\":\"https:\\\/\\\/urbeamea.ro\\\/albaiulia\\\/#\\\/schema\\\/person\\\/272ae98052f8ee8980f59848df070247\"},\"description\":\"Administra\u0163ia Na\u0163ional\u0103 de Meteorologie aten\u0163ioneaz\u0103 c\u0103 \u00een urm\u0103toarele ore vor fi condi\u0163ii de instabilitate atmosferic\u0103 \u00een jude\u0163ul Alba. Sunt a\u015fteptate\",\"breadcrumb\":{\"@id\":\"https:\\\/\\\/urbeamea.ro\\\/albaiulia\\\/cod-galben-de-furtuna-in-judetul-alba-pana-la-ora-13-00\\\/#breadcrumb\"},\"inLanguage\":\"ro-RO\",\"potentialAction\":[{\"@type\":\"ReadAction\",\"target\":[\"https:\\\/\\\/urbeamea.ro\\\/albaiulia\\\/cod-galben-de-furtuna-in-judetul-alba-pana-la-ora-13-00\\\/\"]}]},{\"@type\":\"ImageObject\",\"inLanguage\":\"ro-RO\",\"@id\":\"https:\\\/\\\/urbeamea.ro\\\/albaiulia\\\/cod-galben-de-furtuna-in-judetul-alba-pana-la-ora-13-00\\\/#primaryimage\",\"url\":\"https:\\\/\\\/urbeamea.ro\\\/albaiulia\\\/wp-content\\\/uploads\\\/2015\\\/09\\\/ploaie.jpg\",\"contentUrl\":\"https:\\\/\\\/urbeamea.ro\\\/albaiulia\\\/wp-content\\\/uploads\\\/2015\\\/09\\\/ploaie.jpg\",\"width\":700,\"height\":467},{\"@type\":\"BreadcrumbList\",\"@id\":\"https:\\\/\\\/urbeamea.ro\\\/albaiulia\\\/cod-galben-de-furtuna-in-judetul-alba-pana-la-ora-13-00\\\/#breadcrumb\",\"itemListElement\":[{\"@type\":\"ListItem\",\"position\":1,\"name\":\"Prima pagin\u0103\",\"item\":\"https:\\\/\\\/urbeamea.ro\\\/albaiulia\\\/\"},{\"@type\":\"ListItem\",\"position\":2,\"name\":\"Cod Galben de Furtun\u0103 \u00een jude\u0163ul Alba p\u00e2n\u0103 la ora 13.00\"}]},{\"@type\":\"WebSite\",\"@id\":\"https:\\\/\\\/urbeamea.ro\\\/albaiulia\\\/#website\",\"url\":\"https:\\\/\\\/urbeamea.ro\\\/albaiulia\\\/\",\"name\":\"Revista Urbea Mea, Stiri urbane\",\"description\":\"Evenimente \u0219i \u0219tiri din Alba Iulia, Sebe\u0219, Aiud, Blaj\",\"potentialAction\":[{\"@type\":\"SearchAction\",\"target\":{\"@type\":\"EntryPoint\",\"urlTemplate\":\"https:\\\/\\\/urbeamea.ro\\\/albaiulia\\\/?s={search_term_string}\"},\"query-input\":{\"@type\":\"PropertyValueSpecification\",\"valueRequired\":true,\"valueName\":\"search_term_string\"}}],\"inLanguage\":\"ro-RO\"},{\"@type\":\"Person\",\"@id\":\"https:\\\/\\\/urbeamea.ro\\\/albaiulia\\\/#\\\/schema\\\/person\\\/272ae98052f8ee8980f59848df070247\",\"name\":\"Redac\u021bia UrbeaMea\",\"image\":{\"@type\":\"ImageObject\",\"inLanguage\":\"ro-RO\",\"@id\":\"https:\\\/\\\/secure.gravatar.com\\\/avatar\\\/9ce5a9435071fa1037e8468053ead8e513dbbff59009d3069aadb85506d85a27?s=96&d=mm&r=g\",\"url\":\"https:\\\/\\\/secure.gravatar.com\\\/avatar\\\/9ce5a9435071fa1037e8468053ead8e513dbbff59009d3069aadb85506d85a27?s=96&d=mm&r=g\",\"contentUrl\":\"https:\\\/\\\/secure.gravatar.com\\\/avatar\\\/9ce5a9435071fa1037e8468053ead8e513dbbff59009d3069aadb85506d85a27?s=96&d=mm&r=g\",\"caption\":\"Redac\u021bia UrbeaMea\"},\"description\":\"contact@urbeamea.ro\",\"sameAs\":[\"https:\\\/\\\/www.urbeamea.ro\"],\"url\":\"https:\\\/\\\/urbeamea.ro\\\/albaiulia\\\/author\\\/redactia-urbeamea\\\/\"}]}<\/script>\n<!-- \/ Yoast SEO plugin. -->","yoast_head_json":{"title":"Cod Galben de Furtun\u0103 \u00een jude\u0163ul Alba p\u00e2n\u0103 la ora 13.00 - Revista Urbea Mea - Revista de Alba","description":"Administra\u0163ia Na\u0163ional\u0103 de Meteorologie aten\u0163ioneaz\u0103 c\u0103 \u00een urm\u0103toarele ore vor fi condi\u0163ii de instabilitate atmosferic\u0103 \u00een jude\u0163ul Alba. Sunt a\u015fteptate","robots":{"index":"index","follow":"follow","max-snippet":"max-snippet:-1","max-image-preview":"max-image-preview:large","max-video-preview":"max-video-preview:-1"},"canonical":"https:\/\/urbeamea.ro\/albaiulia\/cod-galben-de-furtuna-in-judetul-alba-pana-la-ora-13-00\/","twitter_card":"summary_large_image","twitter_title":"Cod Galben de Furtun\u0103 \u00een jude\u0163ul Alba p\u00e2n\u0103 la ora 13.00 - Revista Urbea Mea - Revista de Alba","twitter_description":"Administra\u0163ia Na\u0163ional\u0103 de Meteorologie aten\u0163ioneaz\u0103 c\u0103 \u00een urm\u0103toarele ore vor fi condi\u0163ii de instabilitate atmosferic\u0103 \u00een jude\u0163ul Alba. Sunt a\u015fteptate","twitter_image":"https:\/\/urbeamea.ro\/albaiulia\/wp-content\/uploads\/2015\/09\/ploaie.jpg","twitter_creator":"@urbeameaweb","twitter_site":"@urbeameaweb","schema":{"@context":"https:\/\/schema.org","@graph":[{"@type":"Article","@id":"https:\/\/urbeamea.ro\/albaiulia\/cod-galben-de-furtuna-in-judetul-alba-pana-la-ora-13-00\/#article","isPartOf":{"@id":"https:\/\/urbeamea.ro\/albaiulia\/cod-galben-de-furtuna-in-judetul-alba-pana-la-ora-13-00\/"},"author":{"name":"Redac\u021bia UrbeaMea","@id":"https:\/\/urbeamea.ro\/albaiulia\/#\/schema\/person\/272ae98052f8ee8980f59848df070247"},"headline":"Cod Galben de Furtun\u0103 \u00een jude\u0163ul Alba p\u00e2n\u0103 la ora 13.00","datePublished":"2016-05-31T09:12:25+00:00","mainEntityOfPage":{"@id":"https:\/\/urbeamea.ro\/albaiulia\/cod-galben-de-furtuna-in-judetul-alba-pana-la-ora-13-00\/"},"wordCount":92,"commentCount":0,"image":{"@id":"https:\/\/urbeamea.ro\/albaiulia\/cod-galben-de-furtuna-in-judetul-alba-pana-la-ora-13-00\/#primaryimage"},"thumbnailUrl":"https:\/\/urbeamea.ro\/albaiulia\/wp-content\/uploads\/2015\/09\/ploaie.jpg","keywords":["abrud","aiud","campeni","descarcari electrice","furtuni","grindina","intensifcai ale vantului","\u00centregalde","judetul alba","ocna mures","stiri","teius","Urbea Mea","zlatna"],"articleSection":["\u015etiri Urbane"],"inLanguage":"ro-RO","potentialAction":[{"@type":"CommentAction","name":"Comment","target":["https:\/\/urbeamea.ro\/albaiulia\/cod-galben-de-furtuna-in-judetul-alba-pana-la-ora-13-00\/#respond"]}]},{"@type":"WebPage","@id":"https:\/\/urbeamea.ro\/albaiulia\/cod-galben-de-furtuna-in-judetul-alba-pana-la-ora-13-00\/","url":"https:\/\/urbeamea.ro\/albaiulia\/cod-galben-de-furtuna-in-judetul-alba-pana-la-ora-13-00\/","name":"Cod Galben de Furtun\u0103 \u00een jude\u0163ul Alba p\u00e2n\u0103 la ora 13.00 - Revista Urbea Mea - Revista de Alba","isPartOf":{"@id":"https:\/\/urbeamea.ro\/albaiulia\/#website"},"primaryImageOfPage":{"@id":"https:\/\/urbeamea.ro\/albaiulia\/cod-galben-de-furtuna-in-judetul-alba-pana-la-ora-13-00\/#primaryimage"},"image":{"@id":"https:\/\/urbeamea.ro\/albaiulia\/cod-galben-de-furtuna-in-judetul-alba-pana-la-ora-13-00\/#primaryimage"},"thumbnailUrl":"https:\/\/urbeamea.ro\/albaiulia\/wp-content\/uploads\/2015\/09\/ploaie.jpg","datePublished":"2016-05-31T09:12:25+00:00","author":{"@id":"https:\/\/urbeamea.ro\/albaiulia\/#\/schema\/person\/272ae98052f8ee8980f59848df070247"},"description":"Administra\u0163ia Na\u0163ional\u0103 de Meteorologie aten\u0163ioneaz\u0103 c\u0103 \u00een urm\u0103toarele ore vor fi condi\u0163ii de instabilitate atmosferic\u0103 \u00een jude\u0163ul Alba. Sunt a\u015fteptate","breadcrumb":{"@id":"https:\/\/urbeamea.ro\/albaiulia\/cod-galben-de-furtuna-in-judetul-alba-pana-la-ora-13-00\/#breadcrumb"},"inLanguage":"ro-RO","potentialAction":[{"@type":"ReadAction","target":["https:\/\/urbeamea.ro\/albaiulia\/cod-galben-de-furtuna-in-judetul-alba-pana-la-ora-13-00\/"]}]},{"@type":"ImageObject","inLanguage":"ro-RO","@id":"https:\/\/urbeamea.ro\/albaiulia\/cod-galben-de-furtuna-in-judetul-alba-pana-la-ora-13-00\/#primaryimage","url":"https:\/\/urbeamea.ro\/albaiulia\/wp-content\/uploads\/2015\/09\/ploaie.jpg","contentUrl":"https:\/\/urbeamea.ro\/albaiulia\/wp-content\/uploads\/2015\/09\/ploaie.jpg","width":700,"height":467},{"@type":"BreadcrumbList","@id":"https:\/\/urbeamea.ro\/albaiulia\/cod-galben-de-furtuna-in-judetul-alba-pana-la-ora-13-00\/#breadcrumb","itemListElement":[{"@type":"ListItem","position":1,"name":"Prima pagin\u0103","item":"https:\/\/urbeamea.ro\/albaiulia\/"},{"@type":"ListItem","position":2,"name":"Cod Galben de Furtun\u0103 \u00een jude\u0163ul Alba p\u00e2n\u0103 la ora 13.00"}]},{"@type":"WebSite","@id":"https:\/\/urbeamea.ro\/albaiulia\/#website","url":"https:\/\/urbeamea.ro\/albaiulia\/","name":"Revista Urbea Mea, Stiri urbane","description":"Evenimente \u0219i \u0219tiri din Alba Iulia, Sebe\u0219, Aiud, Blaj","potentialAction":[{"@type":"SearchAction","target":{"@type":"EntryPoint","urlTemplate":"https:\/\/urbeamea.ro\/albaiulia\/?s={search_term_string}"},"query-input":{"@type":"PropertyValueSpecification","valueRequired":true,"valueName":"search_term_string"}}],"inLanguage":"ro-RO"},{"@type":"Person","@id":"https:\/\/urbeamea.ro\/albaiulia\/#\/schema\/person\/272ae98052f8ee8980f59848df070247","name":"Redac\u021bia UrbeaMea","image":{"@type":"ImageObject","inLanguage":"ro-RO","@id":"https:\/\/secure.gravatar.com\/avatar\/9ce5a9435071fa1037e8468053ead8e513dbbff59009d3069aadb85506d85a27?s=96&d=mm&r=g","url":"https:\/\/secure.gravatar.com\/avatar\/9ce5a9435071fa1037e8468053ead8e513dbbff59009d3069aadb85506d85a27?s=96&d=mm&r=g","contentUrl":"https:\/\/secure.gravatar.com\/avatar\/9ce5a9435071fa1037e8468053ead8e513dbbff59009d3069aadb85506d85a27?s=96&d=mm&r=g","caption":"Redac\u021bia UrbeaMea"},"description":"contact@urbeamea.ro","sameAs":["https:\/\/www.urbeamea.ro"],"url":"https:\/\/urbeamea.ro\/albaiulia\/author\/redactia-urbeamea\/"}]}},"_links":{"self":[{"href":"https:\/\/urbeamea.ro\/albaiulia\/wp-json\/wp\/v2\/posts\/25678","targetHints":{"allow":["GET"]}}],"collection":[{"href":"https:\/\/urbeamea.ro\/albaiulia\/wp-json\/wp\/v2\/posts"}],"about":[{"href":"https:\/\/urbeamea.ro\/albaiulia\/wp-json\/wp\/v2\/types\/post"}],"author":[{"embeddable":true,"href":"https:\/\/urbeamea.ro\/albaiulia\/wp-json\/wp\/v2\/users\/16"}],"replies":[{"embeddable":true,"href":"https:\/\/urbeamea.ro\/albaiulia\/wp-json\/wp\/v2\/comments?post=25678"}],"version-history":[{"count":0,"href":"https:\/\/urbeamea.ro\/albaiulia\/wp-json\/wp\/v2\/posts\/25678\/revisions"}],"wp:featuredmedia":[{"embeddable":true,"href":"https:\/\/urbeamea.ro\/albaiulia\/wp-json\/wp\/v2\/media\/8570"}],"wp:attachment":[{"href":"https:\/\/urbeamea.ro\/albaiulia\/wp-json\/wp\/v2\/media?parent=25678"}],"wp:term":[{"taxonomy":"category","embeddable":true,"href":"https:\/\/urbeamea.ro\/albaiulia\/wp-json\/wp\/v2\/categories?post=25678"},{"taxonomy":"post_tag","embeddable":true,"href":"https:\/\/urbeamea.ro\/albaiulia\/wp-json\/wp\/v2\/tags?post=25678"}],"curies":[{"name":"wp","href":"https:\/\/api.w.org\/{rel}","templated":true}]}}