{"id":26181,"date":"2016-06-07T12:09:41","date_gmt":"2016-06-07T09:09:41","guid":{"rendered":"http:\/\/urbeamea.ro\/albaiulia\/?p=26181"},"modified":"2016-06-07T12:09:41","modified_gmt":"2016-06-07T09:09:41","slug":"dosare-penale-pentru-trei-soferi-din-alba-gorj-si-arges","status":"publish","type":"post","link":"https:\/\/urbeamea.ro\/albaiulia\/dosare-penale-pentru-trei-soferi-din-alba-gorj-si-arges\/","title":{"rendered":"Dosare penale pentru trei \u0219oferi din Alba, Gorj \u0219i Arge\u0219"},"content":{"rendered":"<p><strong><img loading=\"lazy\" decoding=\"async\" class=\"size-medium wp-image-25670 alignleft\" src=\"http:\/\/urbeamea.ro\/albaiulia\/wp-content\/uploads\/2016\/05\/politia-rutiera-660x336-300x153.jpg\" alt=\"politia-rutiera-660x336\" width=\"300\" height=\"153\" \/>Trei \u0219oferi din jude\u021bele Arge\u0219, Gorj \u0219i Alba sunt cerceta\u021bi penal, dup\u0103 ce au fost prin\u0219i \u00een teafic de poli\u021bi\u0219tii din Alba, conduc\u00e2nd sub influen\u021ba alcoolului, f\u0103r\u0103 permis sau autovehicule ne\u00eenmatriculate.<\/strong><\/p>\n<p><span lang=\"ro-RO\">Potrivit IPJ Alba, la data de 6 iunie, \u00een jurul orei 07.40, poli\u0163i\u015ftii Serviciului Rutier Alba l-au depistat pe S.M.C., de 33 de ani, din municipiul Pite\u015fti, jude\u021bul Arge\u0219, \u00een timp ce conducea un autoturism pe DJ 107 C, \u00een afara localit\u0103\u0163ii Teleac, fiind sub influen\u0163a alcoolului.<\/span><\/p>\n<p><span lang=\"ro-RO\">\u00cen urma test\u0103rii conduc\u0103torului auto cu aparatul etilotest, a rezultat valoarea de <\/span><span lang=\"ro-RO\">0,67 mg\/l alcool pur \u00een aerul expirat, motiv pentru care a fost condus la spitalul din Alba Iulia unde i-au fost recoltate mostre de s\u00e2nge, \u00een vederea stabilirii alcoolemiei.<\/span><\/p>\n<p>Fa\u0163\u0103 de S.M.C., cercet\u0103rile sunt continuate sub aspectul comiterii infrac\u021biunii de conducere sub influen\u0163a alcoolului.<\/p>\n<p><span lang=\"ro-RO\">Luni, 6 iunie, \u00een jurul orei 16.00 poli\u0163i\u015ftii rutieri din Aiud, \u00een timp ce desf\u0103\u015furau activit\u0103\u0163i de supraveghere \u015fi control al traficului rutier pe strada B\u0103ilor din municipiu, l-au depistat pe R.V., de 26 de ani, din jude\u0163ul Gorj, care conducea un autoturism cu pl\u0103cu\u0163e de \u00eenmatriculare emise de autorit\u0103\u0163ile olandeze.<\/span><\/p>\n<p><span lang=\"ro-RO\">\u00cen urma verific\u0103rilor efectuate, poli\u0163i\u015ftii au constatat c\u0103 autoturismul era radiat din circula\u0163ie, motiv pentru care, fa\u0163\u0103 de conduc\u0103torul auto, cercet\u0103rile sunt continuate sub aspectul comiterii infrac\u0163iunii de conducerea unui autovehicul ne\u00eenmatriculat.<\/span><\/p>\n<p><span lang=\"ro-RO\">La data de 6 iunie, \u00een jurul orei <\/span><span lang=\"ro-RO\">15.00, poli\u0163i\u015ftii din Cugir l-au depistat pe un t\u00e2n\u0103r de 19 ani, din Cugir, \u00een timp ce conducea o motociclet\u0103, pe strada Victoriei din Cugir, f\u0103r\u0103 a de\u0163ine permis de conducere, pentru nicio categorie de autovehicule.<\/span><\/p>\n<p>Fa\u0163\u0103 de S.S.F., cercet\u0103rile sunt continuate sub aspectul comiterii infrac\u021biunii de conducere f\u0103r\u0103 permis.<\/p>\n","protected":false},"excerpt":{"rendered":"<p>Trei \u0219oferi din jude\u021bele Arge\u0219, Gorj \u0219i Alba sunt cerceta\u021bi penal, dup\u0103 ce au fost prin\u0219i \u00een teafic de poli\u021bi\u0219tii din Alba, conduc\u00e2nd sub influen\u021ba alcoolului, f\u0103r\u0103 permis sau autovehicule ne\u00eenmatriculate. Potrivit IPJ Alba, la data de 6 iunie, \u00een jurul orei 07.40, poli\u0163i\u015ftii Serviciului Rutier Alba l-au depistat pe S.M.C., de 33 de ani, &hellip;<\/p>\n","protected":false},"author":16,"featured_media":25670,"comment_status":"open","ping_status":"open","sticky":false,"template":"","format":"standard","meta":{"inline_featured_image":false,"footnotes":""},"categories":[2034],"tags":[307,5464,3896,3212,4336,5233,401,439,308,76],"class_list":["post-26181","post","type-post","status-publish","format-standard","has-post-thumbnail","hentry","category-social","tag-alba","tag-arges","tag-autovehicule-neinmatriculate","tag-cercetati-penal","tag-gorj","tag-influenta-alcoolului","tag-permis-de-conducere","tag-politie","tag-stiri","tag-urbea-mea"],"yoast_head":"<!-- This site is optimized with the Yoast SEO plugin v28.3 - https:\/\/yoast.com\/product\/yoast-seo-wordpress\/ -->\n<title>Dosare penale pentru trei \u0219oferi din Alba, Gorj \u0219i Arge\u0219 - Revista Urbea Mea - Revista de Alba<\/title>\n<meta name=\"description\" content=\"Trei \u0219oferi din jude\u021bele Arge\u0219, Gorj \u0219i Alba sunt cerceta\u021bi penal, dup\u0103 ce au fost prin\u0219i \u00een teafic de poli\u021bi\u0219tii din Alba, conduc\u00e2nd sub influen\u021ba\" \/>\n<meta name=\"robots\" content=\"index, follow, max-snippet:-1, max-image-preview:large, max-video-preview:-1\" \/>\n<link rel=\"canonical\" href=\"https:\/\/urbeamea.ro\/albaiulia\/dosare-penale-pentru-trei-soferi-din-alba-gorj-si-arges\/\" \/>\n<meta name=\"twitter:card\" content=\"summary_large_image\" \/>\n<meta name=\"twitter:title\" content=\"Dosare penale pentru trei \u0219oferi din Alba, Gorj \u0219i Arge\u0219 - Revista Urbea Mea - Revista de Alba\" \/>\n<meta name=\"twitter:description\" content=\"Trei \u0219oferi din jude\u021bele Arge\u0219, Gorj \u0219i Alba sunt cerceta\u021bi penal, dup\u0103 ce au fost prin\u0219i \u00een teafic de poli\u021bi\u0219tii din Alba, conduc\u00e2nd sub influen\u021ba\" \/>\n<meta name=\"twitter:image\" content=\"https:\/\/urbeamea.ro\/albaiulia\/wp-content\/uploads\/2016\/05\/politia-rutiera-660x336.jpg\" \/>\n<meta name=\"twitter:creator\" content=\"@urbeameaweb\" \/>\n<meta name=\"twitter:site\" content=\"@urbeameaweb\" \/>\n<script type=\"application\/ld+json\" class=\"yoast-schema-graph\">{\"@context\":\"https:\\\/\\\/schema.org\",\"@graph\":[{\"@type\":\"Article\",\"@id\":\"https:\\\/\\\/urbeamea.ro\\\/albaiulia\\\/dosare-penale-pentru-trei-soferi-din-alba-gorj-si-arges\\\/#article\",\"isPartOf\":{\"@id\":\"https:\\\/\\\/urbeamea.ro\\\/albaiulia\\\/dosare-penale-pentru-trei-soferi-din-alba-gorj-si-arges\\\/\"},\"author\":{\"name\":\"Redac\u021bia UrbeaMea\",\"@id\":\"https:\\\/\\\/urbeamea.ro\\\/albaiulia\\\/#\\\/schema\\\/person\\\/272ae98052f8ee8980f59848df070247\"},\"headline\":\"Dosare penale pentru trei \u0219oferi din Alba, Gorj \u0219i Arge\u0219\",\"datePublished\":\"2016-06-07T09:09:41+00:00\",\"mainEntityOfPage\":{\"@id\":\"https:\\\/\\\/urbeamea.ro\\\/albaiulia\\\/dosare-penale-pentru-trei-soferi-din-alba-gorj-si-arges\\\/\"},\"wordCount\":329,\"commentCount\":0,\"image\":{\"@id\":\"https:\\\/\\\/urbeamea.ro\\\/albaiulia\\\/dosare-penale-pentru-trei-soferi-din-alba-gorj-si-arges\\\/#primaryimage\"},\"thumbnailUrl\":\"https:\\\/\\\/urbeamea.ro\\\/albaiulia\\\/wp-content\\\/uploads\\\/2016\\\/05\\\/politia-rutiera-660x336.jpg\",\"keywords\":[\"alba\",\"Arge\u015f\",\"autovehicule neinmatriculate\",\"cercetati penal\",\"gorj\",\"influenta alcoolului\",\"permis de conducere\",\"politie\",\"stiri\",\"Urbea Mea\"],\"articleSection\":[\"Social\"],\"inLanguage\":\"ro-RO\",\"potentialAction\":[{\"@type\":\"CommentAction\",\"name\":\"Comment\",\"target\":[\"https:\\\/\\\/urbeamea.ro\\\/albaiulia\\\/dosare-penale-pentru-trei-soferi-din-alba-gorj-si-arges\\\/#respond\"]}]},{\"@type\":\"WebPage\",\"@id\":\"https:\\\/\\\/urbeamea.ro\\\/albaiulia\\\/dosare-penale-pentru-trei-soferi-din-alba-gorj-si-arges\\\/\",\"url\":\"https:\\\/\\\/urbeamea.ro\\\/albaiulia\\\/dosare-penale-pentru-trei-soferi-din-alba-gorj-si-arges\\\/\",\"name\":\"Dosare penale pentru trei \u0219oferi din Alba, Gorj \u0219i Arge\u0219 - Revista Urbea Mea - Revista de Alba\",\"isPartOf\":{\"@id\":\"https:\\\/\\\/urbeamea.ro\\\/albaiulia\\\/#website\"},\"primaryImageOfPage\":{\"@id\":\"https:\\\/\\\/urbeamea.ro\\\/albaiulia\\\/dosare-penale-pentru-trei-soferi-din-alba-gorj-si-arges\\\/#primaryimage\"},\"image\":{\"@id\":\"https:\\\/\\\/urbeamea.ro\\\/albaiulia\\\/dosare-penale-pentru-trei-soferi-din-alba-gorj-si-arges\\\/#primaryimage\"},\"thumbnailUrl\":\"https:\\\/\\\/urbeamea.ro\\\/albaiulia\\\/wp-content\\\/uploads\\\/2016\\\/05\\\/politia-rutiera-660x336.jpg\",\"datePublished\":\"2016-06-07T09:09:41+00:00\",\"author\":{\"@id\":\"https:\\\/\\\/urbeamea.ro\\\/albaiulia\\\/#\\\/schema\\\/person\\\/272ae98052f8ee8980f59848df070247\"},\"description\":\"Trei \u0219oferi din jude\u021bele Arge\u0219, Gorj \u0219i Alba sunt cerceta\u021bi penal, dup\u0103 ce au fost prin\u0219i \u00een teafic de poli\u021bi\u0219tii din Alba, conduc\u00e2nd sub influen\u021ba\",\"breadcrumb\":{\"@id\":\"https:\\\/\\\/urbeamea.ro\\\/albaiulia\\\/dosare-penale-pentru-trei-soferi-din-alba-gorj-si-arges\\\/#breadcrumb\"},\"inLanguage\":\"ro-RO\",\"potentialAction\":[{\"@type\":\"ReadAction\",\"target\":[\"https:\\\/\\\/urbeamea.ro\\\/albaiulia\\\/dosare-penale-pentru-trei-soferi-din-alba-gorj-si-arges\\\/\"]}]},{\"@type\":\"ImageObject\",\"inLanguage\":\"ro-RO\",\"@id\":\"https:\\\/\\\/urbeamea.ro\\\/albaiulia\\\/dosare-penale-pentru-trei-soferi-din-alba-gorj-si-arges\\\/#primaryimage\",\"url\":\"https:\\\/\\\/urbeamea.ro\\\/albaiulia\\\/wp-content\\\/uploads\\\/2016\\\/05\\\/politia-rutiera-660x336.jpg\",\"contentUrl\":\"https:\\\/\\\/urbeamea.ro\\\/albaiulia\\\/wp-content\\\/uploads\\\/2016\\\/05\\\/politia-rutiera-660x336.jpg\",\"width\":660,\"height\":336},{\"@type\":\"BreadcrumbList\",\"@id\":\"https:\\\/\\\/urbeamea.ro\\\/albaiulia\\\/dosare-penale-pentru-trei-soferi-din-alba-gorj-si-arges\\\/#breadcrumb\",\"itemListElement\":[{\"@type\":\"ListItem\",\"position\":1,\"name\":\"Prima pagin\u0103\",\"item\":\"https:\\\/\\\/urbeamea.ro\\\/albaiulia\\\/\"},{\"@type\":\"ListItem\",\"position\":2,\"name\":\"Dosare penale pentru trei \u0219oferi din Alba, Gorj \u0219i Arge\u0219\"}]},{\"@type\":\"WebSite\",\"@id\":\"https:\\\/\\\/urbeamea.ro\\\/albaiulia\\\/#website\",\"url\":\"https:\\\/\\\/urbeamea.ro\\\/albaiulia\\\/\",\"name\":\"Revista Urbea Mea, Stiri urbane\",\"description\":\"Evenimente \u0219i \u0219tiri din Alba Iulia, Sebe\u0219, Aiud, Blaj\",\"potentialAction\":[{\"@type\":\"SearchAction\",\"target\":{\"@type\":\"EntryPoint\",\"urlTemplate\":\"https:\\\/\\\/urbeamea.ro\\\/albaiulia\\\/?s={search_term_string}\"},\"query-input\":{\"@type\":\"PropertyValueSpecification\",\"valueRequired\":true,\"valueName\":\"search_term_string\"}}],\"inLanguage\":\"ro-RO\"},{\"@type\":\"Person\",\"@id\":\"https:\\\/\\\/urbeamea.ro\\\/albaiulia\\\/#\\\/schema\\\/person\\\/272ae98052f8ee8980f59848df070247\",\"name\":\"Redac\u021bia UrbeaMea\",\"image\":{\"@type\":\"ImageObject\",\"inLanguage\":\"ro-RO\",\"@id\":\"https:\\\/\\\/secure.gravatar.com\\\/avatar\\\/9ce5a9435071fa1037e8468053ead8e513dbbff59009d3069aadb85506d85a27?s=96&d=mm&r=g\",\"url\":\"https:\\\/\\\/secure.gravatar.com\\\/avatar\\\/9ce5a9435071fa1037e8468053ead8e513dbbff59009d3069aadb85506d85a27?s=96&d=mm&r=g\",\"contentUrl\":\"https:\\\/\\\/secure.gravatar.com\\\/avatar\\\/9ce5a9435071fa1037e8468053ead8e513dbbff59009d3069aadb85506d85a27?s=96&d=mm&r=g\",\"caption\":\"Redac\u021bia UrbeaMea\"},\"description\":\"contact@urbeamea.ro\",\"sameAs\":[\"https:\\\/\\\/www.urbeamea.ro\"],\"url\":\"https:\\\/\\\/urbeamea.ro\\\/albaiulia\\\/author\\\/redactia-urbeamea\\\/\"}]}<\/script>\n<!-- \/ Yoast SEO plugin. -->","yoast_head_json":{"title":"Dosare penale pentru trei \u0219oferi din Alba, Gorj \u0219i Arge\u0219 - Revista Urbea Mea - Revista de Alba","description":"Trei \u0219oferi din jude\u021bele Arge\u0219, Gorj \u0219i Alba sunt cerceta\u021bi penal, dup\u0103 ce au fost prin\u0219i \u00een teafic de poli\u021bi\u0219tii din Alba, conduc\u00e2nd sub influen\u021ba","robots":{"index":"index","follow":"follow","max-snippet":"max-snippet:-1","max-image-preview":"max-image-preview:large","max-video-preview":"max-video-preview:-1"},"canonical":"https:\/\/urbeamea.ro\/albaiulia\/dosare-penale-pentru-trei-soferi-din-alba-gorj-si-arges\/","twitter_card":"summary_large_image","twitter_title":"Dosare penale pentru trei \u0219oferi din Alba, Gorj \u0219i Arge\u0219 - Revista Urbea Mea - Revista de Alba","twitter_description":"Trei \u0219oferi din jude\u021bele Arge\u0219, Gorj \u0219i Alba sunt cerceta\u021bi penal, dup\u0103 ce au fost prin\u0219i \u00een teafic de poli\u021bi\u0219tii din Alba, conduc\u00e2nd sub influen\u021ba","twitter_image":"https:\/\/urbeamea.ro\/albaiulia\/wp-content\/uploads\/2016\/05\/politia-rutiera-660x336.jpg","twitter_creator":"@urbeameaweb","twitter_site":"@urbeameaweb","schema":{"@context":"https:\/\/schema.org","@graph":[{"@type":"Article","@id":"https:\/\/urbeamea.ro\/albaiulia\/dosare-penale-pentru-trei-soferi-din-alba-gorj-si-arges\/#article","isPartOf":{"@id":"https:\/\/urbeamea.ro\/albaiulia\/dosare-penale-pentru-trei-soferi-din-alba-gorj-si-arges\/"},"author":{"name":"Redac\u021bia UrbeaMea","@id":"https:\/\/urbeamea.ro\/albaiulia\/#\/schema\/person\/272ae98052f8ee8980f59848df070247"},"headline":"Dosare penale pentru trei \u0219oferi din Alba, Gorj \u0219i Arge\u0219","datePublished":"2016-06-07T09:09:41+00:00","mainEntityOfPage":{"@id":"https:\/\/urbeamea.ro\/albaiulia\/dosare-penale-pentru-trei-soferi-din-alba-gorj-si-arges\/"},"wordCount":329,"commentCount":0,"image":{"@id":"https:\/\/urbeamea.ro\/albaiulia\/dosare-penale-pentru-trei-soferi-din-alba-gorj-si-arges\/#primaryimage"},"thumbnailUrl":"https:\/\/urbeamea.ro\/albaiulia\/wp-content\/uploads\/2016\/05\/politia-rutiera-660x336.jpg","keywords":["alba","Arge\u015f","autovehicule neinmatriculate","cercetati penal","gorj","influenta alcoolului","permis de conducere","politie","stiri","Urbea Mea"],"articleSection":["Social"],"inLanguage":"ro-RO","potentialAction":[{"@type":"CommentAction","name":"Comment","target":["https:\/\/urbeamea.ro\/albaiulia\/dosare-penale-pentru-trei-soferi-din-alba-gorj-si-arges\/#respond"]}]},{"@type":"WebPage","@id":"https:\/\/urbeamea.ro\/albaiulia\/dosare-penale-pentru-trei-soferi-din-alba-gorj-si-arges\/","url":"https:\/\/urbeamea.ro\/albaiulia\/dosare-penale-pentru-trei-soferi-din-alba-gorj-si-arges\/","name":"Dosare penale pentru trei \u0219oferi din Alba, Gorj \u0219i Arge\u0219 - Revista Urbea Mea - Revista de Alba","isPartOf":{"@id":"https:\/\/urbeamea.ro\/albaiulia\/#website"},"primaryImageOfPage":{"@id":"https:\/\/urbeamea.ro\/albaiulia\/dosare-penale-pentru-trei-soferi-din-alba-gorj-si-arges\/#primaryimage"},"image":{"@id":"https:\/\/urbeamea.ro\/albaiulia\/dosare-penale-pentru-trei-soferi-din-alba-gorj-si-arges\/#primaryimage"},"thumbnailUrl":"https:\/\/urbeamea.ro\/albaiulia\/wp-content\/uploads\/2016\/05\/politia-rutiera-660x336.jpg","datePublished":"2016-06-07T09:09:41+00:00","author":{"@id":"https:\/\/urbeamea.ro\/albaiulia\/#\/schema\/person\/272ae98052f8ee8980f59848df070247"},"description":"Trei \u0219oferi din jude\u021bele Arge\u0219, Gorj \u0219i Alba sunt cerceta\u021bi penal, dup\u0103 ce au fost prin\u0219i \u00een teafic de poli\u021bi\u0219tii din Alba, conduc\u00e2nd sub influen\u021ba","breadcrumb":{"@id":"https:\/\/urbeamea.ro\/albaiulia\/dosare-penale-pentru-trei-soferi-din-alba-gorj-si-arges\/#breadcrumb"},"inLanguage":"ro-RO","potentialAction":[{"@type":"ReadAction","target":["https:\/\/urbeamea.ro\/albaiulia\/dosare-penale-pentru-trei-soferi-din-alba-gorj-si-arges\/"]}]},{"@type":"ImageObject","inLanguage":"ro-RO","@id":"https:\/\/urbeamea.ro\/albaiulia\/dosare-penale-pentru-trei-soferi-din-alba-gorj-si-arges\/#primaryimage","url":"https:\/\/urbeamea.ro\/albaiulia\/wp-content\/uploads\/2016\/05\/politia-rutiera-660x336.jpg","contentUrl":"https:\/\/urbeamea.ro\/albaiulia\/wp-content\/uploads\/2016\/05\/politia-rutiera-660x336.jpg","width":660,"height":336},{"@type":"BreadcrumbList","@id":"https:\/\/urbeamea.ro\/albaiulia\/dosare-penale-pentru-trei-soferi-din-alba-gorj-si-arges\/#breadcrumb","itemListElement":[{"@type":"ListItem","position":1,"name":"Prima pagin\u0103","item":"https:\/\/urbeamea.ro\/albaiulia\/"},{"@type":"ListItem","position":2,"name":"Dosare penale pentru trei \u0219oferi din Alba, Gorj \u0219i Arge\u0219"}]},{"@type":"WebSite","@id":"https:\/\/urbeamea.ro\/albaiulia\/#website","url":"https:\/\/urbeamea.ro\/albaiulia\/","name":"Revista Urbea Mea, Stiri urbane","description":"Evenimente \u0219i \u0219tiri din Alba Iulia, Sebe\u0219, Aiud, Blaj","potentialAction":[{"@type":"SearchAction","target":{"@type":"EntryPoint","urlTemplate":"https:\/\/urbeamea.ro\/albaiulia\/?s={search_term_string}"},"query-input":{"@type":"PropertyValueSpecification","valueRequired":true,"valueName":"search_term_string"}}],"inLanguage":"ro-RO"},{"@type":"Person","@id":"https:\/\/urbeamea.ro\/albaiulia\/#\/schema\/person\/272ae98052f8ee8980f59848df070247","name":"Redac\u021bia UrbeaMea","image":{"@type":"ImageObject","inLanguage":"ro-RO","@id":"https:\/\/secure.gravatar.com\/avatar\/9ce5a9435071fa1037e8468053ead8e513dbbff59009d3069aadb85506d85a27?s=96&d=mm&r=g","url":"https:\/\/secure.gravatar.com\/avatar\/9ce5a9435071fa1037e8468053ead8e513dbbff59009d3069aadb85506d85a27?s=96&d=mm&r=g","contentUrl":"https:\/\/secure.gravatar.com\/avatar\/9ce5a9435071fa1037e8468053ead8e513dbbff59009d3069aadb85506d85a27?s=96&d=mm&r=g","caption":"Redac\u021bia UrbeaMea"},"description":"contact@urbeamea.ro","sameAs":["https:\/\/www.urbeamea.ro"],"url":"https:\/\/urbeamea.ro\/albaiulia\/author\/redactia-urbeamea\/"}]}},"_links":{"self":[{"href":"https:\/\/urbeamea.ro\/albaiulia\/wp-json\/wp\/v2\/posts\/26181","targetHints":{"allow":["GET"]}}],"collection":[{"href":"https:\/\/urbeamea.ro\/albaiulia\/wp-json\/wp\/v2\/posts"}],"about":[{"href":"https:\/\/urbeamea.ro\/albaiulia\/wp-json\/wp\/v2\/types\/post"}],"author":[{"embeddable":true,"href":"https:\/\/urbeamea.ro\/albaiulia\/wp-json\/wp\/v2\/users\/16"}],"replies":[{"embeddable":true,"href":"https:\/\/urbeamea.ro\/albaiulia\/wp-json\/wp\/v2\/comments?post=26181"}],"version-history":[{"count":0,"href":"https:\/\/urbeamea.ro\/albaiulia\/wp-json\/wp\/v2\/posts\/26181\/revisions"}],"wp:featuredmedia":[{"embeddable":true,"href":"https:\/\/urbeamea.ro\/albaiulia\/wp-json\/wp\/v2\/media\/25670"}],"wp:attachment":[{"href":"https:\/\/urbeamea.ro\/albaiulia\/wp-json\/wp\/v2\/media?parent=26181"}],"wp:term":[{"taxonomy":"category","embeddable":true,"href":"https:\/\/urbeamea.ro\/albaiulia\/wp-json\/wp\/v2\/categories?post=26181"},{"taxonomy":"post_tag","embeddable":true,"href":"https:\/\/urbeamea.ro\/albaiulia\/wp-json\/wp\/v2\/tags?post=26181"}],"curies":[{"name":"wp","href":"https:\/\/api.w.org\/{rel}","templated":true}]}}