{"id":26233,"date":"2016-06-08T11:47:14","date_gmt":"2016-06-08T08:47:14","guid":{"rendered":"http:\/\/urbeamea.ro\/albaiulia\/?p=26233"},"modified":"2016-06-08T11:47:14","modified_gmt":"2016-06-08T08:47:14","slug":"joi-a-vi-a-editie-a-galei-poeziei-romane-contemporane-la-alba-iulia","status":"publish","type":"post","link":"https:\/\/urbeamea.ro\/albaiulia\/joi-a-vi-a-editie-a-galei-poeziei-romane-contemporane-la-alba-iulia\/","title":{"rendered":"JOI: A VI-a edi\u021bie a Galei poeziei rom\u00e2ne contemporane, la Alba Iulia"},"content":{"rendered":"<p><strong><img loading=\"lazy\" decoding=\"async\" class=\"size-medium wp-image-26234 alignleft\" src=\"http:\/\/urbeamea.ro\/albaiulia\/wp-content\/uploads\/2016\/06\/Afis-Pantea-Orfeus-300x214.jpg\" alt=\"Afis Pantea Orfeus\" width=\"300\" height=\"214\" \/>Joi, 9 iunie, \u00eencep\u00e2nd cu ora 18.00, pe Aleea Muzeului Na\u021bional al Unirii din Alba Iulia va avea loc cea de-a VI-a edi\u021bie a Galei poeziei rom\u00e2ne contemporane, \u00een cadrul c\u0103reia 21 de poe\u021bi cuprin\u0219i \u00een secreta list\u0103 a istoricului \u0219i criticului literar Nicolae Manolescu vor citi din crea\u021biile lor.<\/strong><\/p>\n<p>Seria evenimentelor culturale organizate de Consiliul Jude\u021bean Alba, Biblioteca Jude\u021bean\u0103 \u201eLucian Blaga\u201d Alba \u0219i Uniunea Scriitorilor din Rom\u00e2nia, filiala Alba-Hunedoara continu\u0103 joi, 9 iunie, \u00eencep\u00e2nd cu orele 18.00, pe Aleea Muzeului Na\u021bional al Unirii din Alba Iulia, unde va avea loc cea de-a VI-a edi\u021bie a Galei poeziei rom\u00e2ne contemporane. \u00cen cadrul acesteia, 21 de poe\u021bi cuprin\u0219i \u00een secreta list\u0103 a istoricului \u0219i criticului literar Nicolae Manolescu vor citi din crea\u021biile lor.<\/p>\n<p>\u00cen cadrul evenimentului, cei prezen\u021bi se vor bucura de un recital extraordinar de poezie, sus\u021binut de actorul Ion Caramitru, precum \u0219i de un moment muzical sus\u021binut de soprana Raluca C\u00eempean, violonistul Liviu Cernat \u0219i pianistul Ovidiu P\u00e2rjol.<\/p>\n<p>Partenerii acestui eveniment sunt Ministerul Culturii, Prim\u0103ria Municipiului Alba Iulia, Muzeul Na\u021bional al Unirii Alba Iulia, Universitatea \u201e1 Decembrie 1918\u201d din Alba Iulia.<\/p>\n","protected":false},"excerpt":{"rendered":"<p>Joi, 9 iunie, \u00eencep\u00e2nd cu ora 18.00, pe Aleea Muzeului Na\u021bional al Unirii din Alba Iulia va avea loc cea de-a VI-a edi\u021bie a Galei poeziei rom\u00e2ne contemporane, \u00een cadrul c\u0103reia 21 de poe\u021bi cuprin\u0219i \u00een secreta list\u0103 a istoricului \u0219i criticului literar Nicolae Manolescu vor citi din crea\u021biile lor. Seria evenimentelor culturale organizate de &hellip;<\/p>\n","protected":false},"author":17,"featured_media":26234,"comment_status":"open","ping_status":"open","sticky":false,"template":"","format":"standard","meta":{"inline_featured_image":false,"footnotes":""},"categories":[2038],"tags":[31,5700,5702,891,5701,4730,5703,4956,5706,3926,5704,308,76,5705],"class_list":["post-26233","post","type-post","status-publish","format-standard","has-post-thumbnail","hentry","category-cultura","tag-alba-iulia","tag-aleea-muzeului-national-al-unirii","tag-creatii","tag-critic-literar","tag-gala-poeziei-romane-contemporane","tag-istoric","tag-moment-muzical","tag-nicolae-manolescu","tag-pianistul-ovidiu-parjol","tag-poeti","tag-soprana-raluca-cimpean","tag-stiri","tag-urbea-mea","tag-violonistul-liviu-cernat"],"yoast_head":"<!-- This site is optimized with the Yoast SEO plugin v28.3 - https:\/\/yoast.com\/product\/yoast-seo-wordpress\/ -->\n<title>JOI: A VI-a edi\u021bie a Galei poeziei rom\u00e2ne contemporane, la Alba Iulia - Revista Urbea Mea - Revista de Alba<\/title>\n<meta name=\"description\" content=\"Joi, 9 iunie, \u00eencep\u00e2nd cu ora 18.00, pe Aleea Muzeului Na\u021bional al Unirii din Alba Iulia va avea loc cea de-a VI-a edi\u021bie a Galei poeziei rom\u00e2ne\" \/>\n<meta name=\"robots\" content=\"index, follow, max-snippet:-1, max-image-preview:large, max-video-preview:-1\" \/>\n<link rel=\"canonical\" href=\"https:\/\/urbeamea.ro\/albaiulia\/joi-a-vi-a-editie-a-galei-poeziei-romane-contemporane-la-alba-iulia\/\" \/>\n<meta name=\"twitter:card\" content=\"summary_large_image\" \/>\n<meta name=\"twitter:title\" content=\"JOI: A VI-a edi\u021bie a Galei poeziei rom\u00e2ne contemporane, la Alba Iulia - Revista Urbea Mea - Revista de Alba\" \/>\n<meta name=\"twitter:description\" content=\"Joi, 9 iunie, \u00eencep\u00e2nd cu ora 18.00, pe Aleea Muzeului Na\u021bional al Unirii din Alba Iulia va avea loc cea de-a VI-a edi\u021bie a Galei poeziei rom\u00e2ne\" \/>\n<meta name=\"twitter:image\" content=\"https:\/\/urbeamea.ro\/albaiulia\/wp-content\/uploads\/2016\/06\/Afis-Pantea-Orfeus.jpg\" \/>\n<meta name=\"twitter:creator\" content=\"@urbeameaweb\" \/>\n<meta name=\"twitter:site\" content=\"@urbeameaweb\" \/>\n<script type=\"application\/ld+json\" class=\"yoast-schema-graph\">{\"@context\":\"https:\\\/\\\/schema.org\",\"@graph\":[{\"@type\":\"Article\",\"@id\":\"https:\\\/\\\/urbeamea.ro\\\/albaiulia\\\/joi-a-vi-a-editie-a-galei-poeziei-romane-contemporane-la-alba-iulia\\\/#article\",\"isPartOf\":{\"@id\":\"https:\\\/\\\/urbeamea.ro\\\/albaiulia\\\/joi-a-vi-a-editie-a-galei-poeziei-romane-contemporane-la-alba-iulia\\\/\"},\"author\":{\"name\":\"Cristina Ganga\",\"@id\":\"https:\\\/\\\/urbeamea.ro\\\/albaiulia\\\/#\\\/schema\\\/person\\\/9700d21fae21c4f038b0b56f4506264a\"},\"headline\":\"JOI: A VI-a edi\u021bie a Galei poeziei rom\u00e2ne contemporane, la Alba Iulia\",\"datePublished\":\"2016-06-08T08:47:14+00:00\",\"mainEntityOfPage\":{\"@id\":\"https:\\\/\\\/urbeamea.ro\\\/albaiulia\\\/joi-a-vi-a-editie-a-galei-poeziei-romane-contemporane-la-alba-iulia\\\/\"},\"wordCount\":213,\"commentCount\":0,\"image\":{\"@id\":\"https:\\\/\\\/urbeamea.ro\\\/albaiulia\\\/joi-a-vi-a-editie-a-galei-poeziei-romane-contemporane-la-alba-iulia\\\/#primaryimage\"},\"thumbnailUrl\":\"https:\\\/\\\/urbeamea.ro\\\/albaiulia\\\/wp-content\\\/uploads\\\/2016\\\/06\\\/Afis-Pantea-Orfeus.jpg\",\"keywords\":[\"Alba Iulia\",\"Aleea Muzeului Na\u021bional al Unirii\",\"creatii\",\"critic literar\",\"gala poeziei romane contemporane\",\"istoric\",\"moment muzical\",\"nicolae manolescu\",\"pianistul Ovidiu P\u00e2rjol\",\"poeti\",\"soprana Raluca C\u00eempean\",\"stiri\",\"Urbea Mea\",\"violonistul Liviu Cernat\"],\"articleSection\":[\"Cultur\u0103\"],\"inLanguage\":\"ro-RO\",\"potentialAction\":[{\"@type\":\"CommentAction\",\"name\":\"Comment\",\"target\":[\"https:\\\/\\\/urbeamea.ro\\\/albaiulia\\\/joi-a-vi-a-editie-a-galei-poeziei-romane-contemporane-la-alba-iulia\\\/#respond\"]}]},{\"@type\":\"WebPage\",\"@id\":\"https:\\\/\\\/urbeamea.ro\\\/albaiulia\\\/joi-a-vi-a-editie-a-galei-poeziei-romane-contemporane-la-alba-iulia\\\/\",\"url\":\"https:\\\/\\\/urbeamea.ro\\\/albaiulia\\\/joi-a-vi-a-editie-a-galei-poeziei-romane-contemporane-la-alba-iulia\\\/\",\"name\":\"JOI: A VI-a edi\u021bie a Galei poeziei rom\u00e2ne contemporane, la Alba Iulia - Revista Urbea Mea - Revista de Alba\",\"isPartOf\":{\"@id\":\"https:\\\/\\\/urbeamea.ro\\\/albaiulia\\\/#website\"},\"primaryImageOfPage\":{\"@id\":\"https:\\\/\\\/urbeamea.ro\\\/albaiulia\\\/joi-a-vi-a-editie-a-galei-poeziei-romane-contemporane-la-alba-iulia\\\/#primaryimage\"},\"image\":{\"@id\":\"https:\\\/\\\/urbeamea.ro\\\/albaiulia\\\/joi-a-vi-a-editie-a-galei-poeziei-romane-contemporane-la-alba-iulia\\\/#primaryimage\"},\"thumbnailUrl\":\"https:\\\/\\\/urbeamea.ro\\\/albaiulia\\\/wp-content\\\/uploads\\\/2016\\\/06\\\/Afis-Pantea-Orfeus.jpg\",\"datePublished\":\"2016-06-08T08:47:14+00:00\",\"author\":{\"@id\":\"https:\\\/\\\/urbeamea.ro\\\/albaiulia\\\/#\\\/schema\\\/person\\\/9700d21fae21c4f038b0b56f4506264a\"},\"description\":\"Joi, 9 iunie, \u00eencep\u00e2nd cu ora 18.00, pe Aleea Muzeului Na\u021bional al Unirii din Alba Iulia va avea loc cea de-a VI-a edi\u021bie a Galei poeziei rom\u00e2ne\",\"breadcrumb\":{\"@id\":\"https:\\\/\\\/urbeamea.ro\\\/albaiulia\\\/joi-a-vi-a-editie-a-galei-poeziei-romane-contemporane-la-alba-iulia\\\/#breadcrumb\"},\"inLanguage\":\"ro-RO\",\"potentialAction\":[{\"@type\":\"ReadAction\",\"target\":[\"https:\\\/\\\/urbeamea.ro\\\/albaiulia\\\/joi-a-vi-a-editie-a-galei-poeziei-romane-contemporane-la-alba-iulia\\\/\"]}]},{\"@type\":\"ImageObject\",\"inLanguage\":\"ro-RO\",\"@id\":\"https:\\\/\\\/urbeamea.ro\\\/albaiulia\\\/joi-a-vi-a-editie-a-galei-poeziei-romane-contemporane-la-alba-iulia\\\/#primaryimage\",\"url\":\"https:\\\/\\\/urbeamea.ro\\\/albaiulia\\\/wp-content\\\/uploads\\\/2016\\\/06\\\/Afis-Pantea-Orfeus.jpg\",\"contentUrl\":\"https:\\\/\\\/urbeamea.ro\\\/albaiulia\\\/wp-content\\\/uploads\\\/2016\\\/06\\\/Afis-Pantea-Orfeus.jpg\",\"width\":1280,\"height\":911},{\"@type\":\"BreadcrumbList\",\"@id\":\"https:\\\/\\\/urbeamea.ro\\\/albaiulia\\\/joi-a-vi-a-editie-a-galei-poeziei-romane-contemporane-la-alba-iulia\\\/#breadcrumb\",\"itemListElement\":[{\"@type\":\"ListItem\",\"position\":1,\"name\":\"Prima pagin\u0103\",\"item\":\"https:\\\/\\\/urbeamea.ro\\\/albaiulia\\\/\"},{\"@type\":\"ListItem\",\"position\":2,\"name\":\"JOI: A VI-a edi\u021bie a Galei poeziei rom\u00e2ne contemporane, la Alba Iulia\"}]},{\"@type\":\"WebSite\",\"@id\":\"https:\\\/\\\/urbeamea.ro\\\/albaiulia\\\/#website\",\"url\":\"https:\\\/\\\/urbeamea.ro\\\/albaiulia\\\/\",\"name\":\"Revista Urbea Mea, Stiri urbane\",\"description\":\"Evenimente \u0219i \u0219tiri din Alba Iulia, Sebe\u0219, Aiud, Blaj\",\"potentialAction\":[{\"@type\":\"SearchAction\",\"target\":{\"@type\":\"EntryPoint\",\"urlTemplate\":\"https:\\\/\\\/urbeamea.ro\\\/albaiulia\\\/?s={search_term_string}\"},\"query-input\":{\"@type\":\"PropertyValueSpecification\",\"valueRequired\":true,\"valueName\":\"search_term_string\"}}],\"inLanguage\":\"ro-RO\"},{\"@type\":\"Person\",\"@id\":\"https:\\\/\\\/urbeamea.ro\\\/albaiulia\\\/#\\\/schema\\\/person\\\/9700d21fae21c4f038b0b56f4506264a\",\"name\":\"Cristina Ganga\",\"image\":{\"@type\":\"ImageObject\",\"inLanguage\":\"ro-RO\",\"@id\":\"https:\\\/\\\/secure.gravatar.com\\\/avatar\\\/5a67661041f057b4a8ccaf26f5a8e86e2689372006d01faf3dd9eeb10b654bb4?s=96&d=mm&r=g\",\"url\":\"https:\\\/\\\/secure.gravatar.com\\\/avatar\\\/5a67661041f057b4a8ccaf26f5a8e86e2689372006d01faf3dd9eeb10b654bb4?s=96&d=mm&r=g\",\"contentUrl\":\"https:\\\/\\\/secure.gravatar.com\\\/avatar\\\/5a67661041f057b4a8ccaf26f5a8e86e2689372006d01faf3dd9eeb10b654bb4?s=96&d=mm&r=g\",\"caption\":\"Cristina Ganga\"},\"description\":\"Jurnalist\",\"sameAs\":[\"https:\\\/\\\/www.facebook.com\\\/cristina.nicola.587\"],\"url\":\"https:\\\/\\\/urbeamea.ro\\\/albaiulia\\\/author\\\/cristina-nicola\\\/\"}]}<\/script>\n<!-- \/ Yoast SEO plugin. -->","yoast_head_json":{"title":"JOI: A VI-a edi\u021bie a Galei poeziei rom\u00e2ne contemporane, la Alba Iulia - Revista Urbea Mea - Revista de Alba","description":"Joi, 9 iunie, \u00eencep\u00e2nd cu ora 18.00, pe Aleea Muzeului Na\u021bional al Unirii din Alba Iulia va avea loc cea de-a VI-a edi\u021bie a Galei poeziei rom\u00e2ne","robots":{"index":"index","follow":"follow","max-snippet":"max-snippet:-1","max-image-preview":"max-image-preview:large","max-video-preview":"max-video-preview:-1"},"canonical":"https:\/\/urbeamea.ro\/albaiulia\/joi-a-vi-a-editie-a-galei-poeziei-romane-contemporane-la-alba-iulia\/","twitter_card":"summary_large_image","twitter_title":"JOI: A VI-a edi\u021bie a Galei poeziei rom\u00e2ne contemporane, la Alba Iulia - Revista Urbea Mea - Revista de Alba","twitter_description":"Joi, 9 iunie, \u00eencep\u00e2nd cu ora 18.00, pe Aleea Muzeului Na\u021bional al Unirii din Alba Iulia va avea loc cea de-a VI-a edi\u021bie a Galei poeziei rom\u00e2ne","twitter_image":"https:\/\/urbeamea.ro\/albaiulia\/wp-content\/uploads\/2016\/06\/Afis-Pantea-Orfeus.jpg","twitter_creator":"@urbeameaweb","twitter_site":"@urbeameaweb","schema":{"@context":"https:\/\/schema.org","@graph":[{"@type":"Article","@id":"https:\/\/urbeamea.ro\/albaiulia\/joi-a-vi-a-editie-a-galei-poeziei-romane-contemporane-la-alba-iulia\/#article","isPartOf":{"@id":"https:\/\/urbeamea.ro\/albaiulia\/joi-a-vi-a-editie-a-galei-poeziei-romane-contemporane-la-alba-iulia\/"},"author":{"name":"Cristina Ganga","@id":"https:\/\/urbeamea.ro\/albaiulia\/#\/schema\/person\/9700d21fae21c4f038b0b56f4506264a"},"headline":"JOI: A VI-a edi\u021bie a Galei poeziei rom\u00e2ne contemporane, la Alba Iulia","datePublished":"2016-06-08T08:47:14+00:00","mainEntityOfPage":{"@id":"https:\/\/urbeamea.ro\/albaiulia\/joi-a-vi-a-editie-a-galei-poeziei-romane-contemporane-la-alba-iulia\/"},"wordCount":213,"commentCount":0,"image":{"@id":"https:\/\/urbeamea.ro\/albaiulia\/joi-a-vi-a-editie-a-galei-poeziei-romane-contemporane-la-alba-iulia\/#primaryimage"},"thumbnailUrl":"https:\/\/urbeamea.ro\/albaiulia\/wp-content\/uploads\/2016\/06\/Afis-Pantea-Orfeus.jpg","keywords":["Alba Iulia","Aleea Muzeului Na\u021bional al Unirii","creatii","critic literar","gala poeziei romane contemporane","istoric","moment muzical","nicolae manolescu","pianistul Ovidiu P\u00e2rjol","poeti","soprana Raluca C\u00eempean","stiri","Urbea Mea","violonistul Liviu Cernat"],"articleSection":["Cultur\u0103"],"inLanguage":"ro-RO","potentialAction":[{"@type":"CommentAction","name":"Comment","target":["https:\/\/urbeamea.ro\/albaiulia\/joi-a-vi-a-editie-a-galei-poeziei-romane-contemporane-la-alba-iulia\/#respond"]}]},{"@type":"WebPage","@id":"https:\/\/urbeamea.ro\/albaiulia\/joi-a-vi-a-editie-a-galei-poeziei-romane-contemporane-la-alba-iulia\/","url":"https:\/\/urbeamea.ro\/albaiulia\/joi-a-vi-a-editie-a-galei-poeziei-romane-contemporane-la-alba-iulia\/","name":"JOI: A VI-a edi\u021bie a Galei poeziei rom\u00e2ne contemporane, la Alba Iulia - Revista Urbea Mea - Revista de Alba","isPartOf":{"@id":"https:\/\/urbeamea.ro\/albaiulia\/#website"},"primaryImageOfPage":{"@id":"https:\/\/urbeamea.ro\/albaiulia\/joi-a-vi-a-editie-a-galei-poeziei-romane-contemporane-la-alba-iulia\/#primaryimage"},"image":{"@id":"https:\/\/urbeamea.ro\/albaiulia\/joi-a-vi-a-editie-a-galei-poeziei-romane-contemporane-la-alba-iulia\/#primaryimage"},"thumbnailUrl":"https:\/\/urbeamea.ro\/albaiulia\/wp-content\/uploads\/2016\/06\/Afis-Pantea-Orfeus.jpg","datePublished":"2016-06-08T08:47:14+00:00","author":{"@id":"https:\/\/urbeamea.ro\/albaiulia\/#\/schema\/person\/9700d21fae21c4f038b0b56f4506264a"},"description":"Joi, 9 iunie, \u00eencep\u00e2nd cu ora 18.00, pe Aleea Muzeului Na\u021bional al Unirii din Alba Iulia va avea loc cea de-a VI-a edi\u021bie a Galei poeziei rom\u00e2ne","breadcrumb":{"@id":"https:\/\/urbeamea.ro\/albaiulia\/joi-a-vi-a-editie-a-galei-poeziei-romane-contemporane-la-alba-iulia\/#breadcrumb"},"inLanguage":"ro-RO","potentialAction":[{"@type":"ReadAction","target":["https:\/\/urbeamea.ro\/albaiulia\/joi-a-vi-a-editie-a-galei-poeziei-romane-contemporane-la-alba-iulia\/"]}]},{"@type":"ImageObject","inLanguage":"ro-RO","@id":"https:\/\/urbeamea.ro\/albaiulia\/joi-a-vi-a-editie-a-galei-poeziei-romane-contemporane-la-alba-iulia\/#primaryimage","url":"https:\/\/urbeamea.ro\/albaiulia\/wp-content\/uploads\/2016\/06\/Afis-Pantea-Orfeus.jpg","contentUrl":"https:\/\/urbeamea.ro\/albaiulia\/wp-content\/uploads\/2016\/06\/Afis-Pantea-Orfeus.jpg","width":1280,"height":911},{"@type":"BreadcrumbList","@id":"https:\/\/urbeamea.ro\/albaiulia\/joi-a-vi-a-editie-a-galei-poeziei-romane-contemporane-la-alba-iulia\/#breadcrumb","itemListElement":[{"@type":"ListItem","position":1,"name":"Prima pagin\u0103","item":"https:\/\/urbeamea.ro\/albaiulia\/"},{"@type":"ListItem","position":2,"name":"JOI: A VI-a edi\u021bie a Galei poeziei rom\u00e2ne contemporane, la Alba Iulia"}]},{"@type":"WebSite","@id":"https:\/\/urbeamea.ro\/albaiulia\/#website","url":"https:\/\/urbeamea.ro\/albaiulia\/","name":"Revista Urbea Mea, Stiri urbane","description":"Evenimente \u0219i \u0219tiri din Alba Iulia, Sebe\u0219, Aiud, Blaj","potentialAction":[{"@type":"SearchAction","target":{"@type":"EntryPoint","urlTemplate":"https:\/\/urbeamea.ro\/albaiulia\/?s={search_term_string}"},"query-input":{"@type":"PropertyValueSpecification","valueRequired":true,"valueName":"search_term_string"}}],"inLanguage":"ro-RO"},{"@type":"Person","@id":"https:\/\/urbeamea.ro\/albaiulia\/#\/schema\/person\/9700d21fae21c4f038b0b56f4506264a","name":"Cristina Ganga","image":{"@type":"ImageObject","inLanguage":"ro-RO","@id":"https:\/\/secure.gravatar.com\/avatar\/5a67661041f057b4a8ccaf26f5a8e86e2689372006d01faf3dd9eeb10b654bb4?s=96&d=mm&r=g","url":"https:\/\/secure.gravatar.com\/avatar\/5a67661041f057b4a8ccaf26f5a8e86e2689372006d01faf3dd9eeb10b654bb4?s=96&d=mm&r=g","contentUrl":"https:\/\/secure.gravatar.com\/avatar\/5a67661041f057b4a8ccaf26f5a8e86e2689372006d01faf3dd9eeb10b654bb4?s=96&d=mm&r=g","caption":"Cristina Ganga"},"description":"Jurnalist","sameAs":["https:\/\/www.facebook.com\/cristina.nicola.587"],"url":"https:\/\/urbeamea.ro\/albaiulia\/author\/cristina-nicola\/"}]}},"_links":{"self":[{"href":"https:\/\/urbeamea.ro\/albaiulia\/wp-json\/wp\/v2\/posts\/26233","targetHints":{"allow":["GET"]}}],"collection":[{"href":"https:\/\/urbeamea.ro\/albaiulia\/wp-json\/wp\/v2\/posts"}],"about":[{"href":"https:\/\/urbeamea.ro\/albaiulia\/wp-json\/wp\/v2\/types\/post"}],"author":[{"embeddable":true,"href":"https:\/\/urbeamea.ro\/albaiulia\/wp-json\/wp\/v2\/users\/17"}],"replies":[{"embeddable":true,"href":"https:\/\/urbeamea.ro\/albaiulia\/wp-json\/wp\/v2\/comments?post=26233"}],"version-history":[{"count":0,"href":"https:\/\/urbeamea.ro\/albaiulia\/wp-json\/wp\/v2\/posts\/26233\/revisions"}],"wp:featuredmedia":[{"embeddable":true,"href":"https:\/\/urbeamea.ro\/albaiulia\/wp-json\/wp\/v2\/media\/26234"}],"wp:attachment":[{"href":"https:\/\/urbeamea.ro\/albaiulia\/wp-json\/wp\/v2\/media?parent=26233"}],"wp:term":[{"taxonomy":"category","embeddable":true,"href":"https:\/\/urbeamea.ro\/albaiulia\/wp-json\/wp\/v2\/categories?post=26233"},{"taxonomy":"post_tag","embeddable":true,"href":"https:\/\/urbeamea.ro\/albaiulia\/wp-json\/wp\/v2\/tags?post=26233"}],"curies":[{"name":"wp","href":"https:\/\/api.w.org\/{rel}","templated":true}]}}