{"id":26257,"date":"2016-06-08T23:19:23","date_gmt":"2016-06-08T20:19:23","guid":{"rendered":"http:\/\/urbeamea.ro\/albaiulia\/?p=26257"},"modified":"2016-06-09T14:47:47","modified_gmt":"2016-06-09T11:47:47","slug":"accident-mortal-in-oarda-de-sus-un-tanar-si-a-pierdut-viata-dupa-ce-s-a-izbit-cu-motocicleta-de-o-masina","status":"publish","type":"post","link":"https:\/\/urbeamea.ro\/albaiulia\/accident-mortal-in-oarda-de-sus-un-tanar-si-a-pierdut-viata-dupa-ce-s-a-izbit-cu-motocicleta-de-o-masina\/","title":{"rendered":"Accident mortal \u00een Oarda de Sus: Un t\u00e2n\u0103r \u0219i-a pierdut via\u021ba dup\u0103 ce s-a izbit cu motocicleta de o ma\u0219in\u0103"},"content":{"rendered":"<p><strong><img loading=\"lazy\" decoding=\"async\" class=\"size-medium wp-image-24297 alignleft\" src=\"http:\/\/urbeamea.ro\/albaiulia\/wp-content\/uploads\/2016\/05\/radare-politie1-300x225.jpg\" alt=\"radare-politie1\" width=\"300\" height=\"225\" srcset=\"https:\/\/urbeamea.ro\/albaiulia\/wp-content\/uploads\/2016\/05\/radare-politie1-300x225.jpg 300w, https:\/\/urbeamea.ro\/albaiulia\/wp-content\/uploads\/2016\/05\/radare-politie1-150x113.jpg 150w, https:\/\/urbeamea.ro\/albaiulia\/wp-content\/uploads\/2016\/05\/radare-politie1.jpg 600w\" sizes=\"auto, (max-width: 300px) 100vw, 300px\" \/>Un t\u00e2n\u0103r \u00een v\u00e2rst\u0103 de 25 de ani din \u0218eusa \u0219i-a pierdut via\u021ba miercuri, \u00een urma unui accident petrecut \u00een cartierul Oarda de Sus. Se pare c\u0103 acesta, \u00een timp ce circula cu motocicleta pe strada Victoriei, s-a izbit de un alt autoturism.\u00a0<\/strong><\/p>\n<p>Potrivit martorilor de la fa\u021ba locului, motociclistul se numea Daniel Ceuca, avea 25 de ani \u0219i era din \u0218eu\u0219a.<\/p>\n<p>Se pare c\u0103 \u0219oferul autoturismului, \u00een timp ce se deplasa pe strada Victoriei, dinspre Oarda de Jos \u00eenspre Oarda de Sus, s-ar fi angajat \u00eentr-un viraj la st\u00e2nga pentru a intra pe o strad\u0103 lateral\u0103, iar t\u00e2n\u0103rul care venea cu motocicleta din spate nu a putut evita impactul.<\/p>\n<p><strong>UPDATE: \u00a0Potrivit IPJ Alba, l<\/strong>a data de 08.06.2016,\u00a0 \u00een jurul orelor 20.13, pe strada Victoriei din cartierul\u00a0 Oarda al municipiului Alba Iulia, C.D.S., de 25 de ani, din comuna Ciugud, jude\u021bul Alba, \u00a0\u00een timp ce conducea o motociclet\u0103, a circulat pe sensul opus de mers cu vitez\u0103 excesiv\u0103 \u0219i f\u0103r\u0103 a men\u021bine contactul ro\u021bii din fa\u021b\u0103 cu partea carosabil\u0103, a pierdut controlul\u00a0 autovehiculului \u0219i a intrat \u00een coliziune cu un autoturism, condus \u00een acela\u0219i sens de mers de un b\u0103rbat de 44 de ani, din Alba Iulia, care efectua manevra de \u00eentoarcere.<\/p>\n<p>\u00cen urma accidentului, motociclistul a decedat.<\/p>\n<p>\u015eoferul autoturismului a fost testat cu aparatul etilotest, rezultatul fiind negativ.<\/p>\n<p>Cercet\u0103rile sunt continuate.<\/p>\n","protected":false},"excerpt":{"rendered":"<p>Un t\u00e2n\u0103r \u00een v\u00e2rst\u0103 de 25 de ani din \u0218eusa \u0219i-a pierdut via\u021ba miercuri, \u00een urma unui accident petrecut \u00een cartierul Oarda de Sus. Se pare c\u0103 acesta, \u00een timp ce circula cu motocicleta pe strada Victoriei, s-a izbit de un alt autoturism.\u00a0 Potrivit martorilor de la fa\u021ba locului, motociclistul se numea Daniel Ceuca, avea &hellip;<\/p>\n","protected":false},"author":17,"featured_media":24297,"comment_status":"open","ping_status":"open","sticky":false,"template":"","format":"standard","meta":{"inline_featured_image":false,"footnotes":""},"categories":[1],"tags":[2792,307,2416,5722,2408,4450,5723,308,2533,76],"class_list":["post-26257","post","type-post","status-publish","format-standard","has-post-thumbnail","hentry","category-stiri-urbane","tag-accident-mortal","tag-alba","tag-autoturism","tag-cartier","tag-decedat","tag-motociclist","tag-oarda-de-sus","tag-stiri","tag-tanar","tag-urbea-mea"],"yoast_head":"<!-- This site is optimized with the Yoast SEO plugin v28.3 - https:\/\/yoast.com\/product\/yoast-seo-wordpress\/ -->\n<title>Accident mortal \u00een Oarda de Sus: Un t\u00e2n\u0103r \u0219i-a pierdut via\u021ba dup\u0103 ce s-a izbit cu motocicleta de o ma\u0219in\u0103 - Revista Urbea Mea - Revista de Alba<\/title>\n<meta name=\"description\" content=\"Un t\u00e2n\u0103r \u00een v\u00e2rst\u0103 de 25 de ani din \u0218eusa \u0219i-a pierdut via\u021ba miercuri, \u00een urma unui accident petrecut \u00een cartierul Oarda de Sus. Se pare c\u0103 acesta, \u00een\" \/>\n<meta name=\"robots\" content=\"index, follow, max-snippet:-1, max-image-preview:large, max-video-preview:-1\" \/>\n<link rel=\"canonical\" href=\"https:\/\/urbeamea.ro\/albaiulia\/accident-mortal-in-oarda-de-sus-un-tanar-si-a-pierdut-viata-dupa-ce-s-a-izbit-cu-motocicleta-de-o-masina\/\" \/>\n<meta name=\"twitter:card\" content=\"summary_large_image\" \/>\n<meta name=\"twitter:title\" content=\"Accident mortal \u00een Oarda de Sus: Un t\u00e2n\u0103r \u0219i-a pierdut via\u021ba dup\u0103 ce s-a izbit cu motocicleta de o ma\u0219in\u0103 - Revista Urbea Mea - Revista de Alba\" \/>\n<meta name=\"twitter:description\" content=\"Un t\u00e2n\u0103r \u00een v\u00e2rst\u0103 de 25 de ani din \u0218eusa \u0219i-a pierdut via\u021ba miercuri, \u00een urma unui accident petrecut \u00een cartierul Oarda de Sus. Se pare c\u0103 acesta, \u00een\" \/>\n<meta name=\"twitter:image\" content=\"https:\/\/urbeamea.ro\/albaiulia\/wp-content\/uploads\/2016\/05\/radare-politie1.jpg\" \/>\n<meta name=\"twitter:creator\" content=\"@urbeameaweb\" \/>\n<meta name=\"twitter:site\" content=\"@urbeameaweb\" \/>\n<script type=\"application\/ld+json\" class=\"yoast-schema-graph\">{\"@context\":\"https:\\\/\\\/schema.org\",\"@graph\":[{\"@type\":\"Article\",\"@id\":\"https:\\\/\\\/urbeamea.ro\\\/albaiulia\\\/accident-mortal-in-oarda-de-sus-un-tanar-si-a-pierdut-viata-dupa-ce-s-a-izbit-cu-motocicleta-de-o-masina\\\/#article\",\"isPartOf\":{\"@id\":\"https:\\\/\\\/urbeamea.ro\\\/albaiulia\\\/accident-mortal-in-oarda-de-sus-un-tanar-si-a-pierdut-viata-dupa-ce-s-a-izbit-cu-motocicleta-de-o-masina\\\/\"},\"author\":{\"name\":\"Cristina Ganga\",\"@id\":\"https:\\\/\\\/urbeamea.ro\\\/albaiulia\\\/#\\\/schema\\\/person\\\/9700d21fae21c4f038b0b56f4506264a\"},\"headline\":\"Accident mortal \u00een Oarda de Sus: Un t\u00e2n\u0103r \u0219i-a pierdut via\u021ba dup\u0103 ce s-a izbit cu motocicleta de o ma\u0219in\u0103\",\"datePublished\":\"2016-06-08T20:19:23+00:00\",\"dateModified\":\"2016-06-09T11:47:47+00:00\",\"mainEntityOfPage\":{\"@id\":\"https:\\\/\\\/urbeamea.ro\\\/albaiulia\\\/accident-mortal-in-oarda-de-sus-un-tanar-si-a-pierdut-viata-dupa-ce-s-a-izbit-cu-motocicleta-de-o-masina\\\/\"},\"wordCount\":258,\"commentCount\":0,\"image\":{\"@id\":\"https:\\\/\\\/urbeamea.ro\\\/albaiulia\\\/accident-mortal-in-oarda-de-sus-un-tanar-si-a-pierdut-viata-dupa-ce-s-a-izbit-cu-motocicleta-de-o-masina\\\/#primaryimage\"},\"thumbnailUrl\":\"https:\\\/\\\/urbeamea.ro\\\/albaiulia\\\/wp-content\\\/uploads\\\/2016\\\/05\\\/radare-politie1.jpg\",\"keywords\":[\"accident mortal\",\"alba\",\"autoturism\",\"cartier\",\"decedat\",\"motociclist\",\"oarda de sus\",\"stiri\",\"tanar\",\"Urbea Mea\"],\"articleSection\":[\"\u015etiri Urbane\"],\"inLanguage\":\"ro-RO\",\"potentialAction\":[{\"@type\":\"CommentAction\",\"name\":\"Comment\",\"target\":[\"https:\\\/\\\/urbeamea.ro\\\/albaiulia\\\/accident-mortal-in-oarda-de-sus-un-tanar-si-a-pierdut-viata-dupa-ce-s-a-izbit-cu-motocicleta-de-o-masina\\\/#respond\"]}]},{\"@type\":\"WebPage\",\"@id\":\"https:\\\/\\\/urbeamea.ro\\\/albaiulia\\\/accident-mortal-in-oarda-de-sus-un-tanar-si-a-pierdut-viata-dupa-ce-s-a-izbit-cu-motocicleta-de-o-masina\\\/\",\"url\":\"https:\\\/\\\/urbeamea.ro\\\/albaiulia\\\/accident-mortal-in-oarda-de-sus-un-tanar-si-a-pierdut-viata-dupa-ce-s-a-izbit-cu-motocicleta-de-o-masina\\\/\",\"name\":\"Accident mortal \u00een Oarda de Sus: Un t\u00e2n\u0103r \u0219i-a pierdut via\u021ba dup\u0103 ce s-a izbit cu motocicleta de o ma\u0219in\u0103 - Revista Urbea Mea - Revista de Alba\",\"isPartOf\":{\"@id\":\"https:\\\/\\\/urbeamea.ro\\\/albaiulia\\\/#website\"},\"primaryImageOfPage\":{\"@id\":\"https:\\\/\\\/urbeamea.ro\\\/albaiulia\\\/accident-mortal-in-oarda-de-sus-un-tanar-si-a-pierdut-viata-dupa-ce-s-a-izbit-cu-motocicleta-de-o-masina\\\/#primaryimage\"},\"image\":{\"@id\":\"https:\\\/\\\/urbeamea.ro\\\/albaiulia\\\/accident-mortal-in-oarda-de-sus-un-tanar-si-a-pierdut-viata-dupa-ce-s-a-izbit-cu-motocicleta-de-o-masina\\\/#primaryimage\"},\"thumbnailUrl\":\"https:\\\/\\\/urbeamea.ro\\\/albaiulia\\\/wp-content\\\/uploads\\\/2016\\\/05\\\/radare-politie1.jpg\",\"datePublished\":\"2016-06-08T20:19:23+00:00\",\"dateModified\":\"2016-06-09T11:47:47+00:00\",\"author\":{\"@id\":\"https:\\\/\\\/urbeamea.ro\\\/albaiulia\\\/#\\\/schema\\\/person\\\/9700d21fae21c4f038b0b56f4506264a\"},\"description\":\"Un t\u00e2n\u0103r \u00een v\u00e2rst\u0103 de 25 de ani din \u0218eusa \u0219i-a pierdut via\u021ba miercuri, \u00een urma unui accident petrecut \u00een cartierul Oarda de Sus. Se pare c\u0103 acesta, \u00een\",\"breadcrumb\":{\"@id\":\"https:\\\/\\\/urbeamea.ro\\\/albaiulia\\\/accident-mortal-in-oarda-de-sus-un-tanar-si-a-pierdut-viata-dupa-ce-s-a-izbit-cu-motocicleta-de-o-masina\\\/#breadcrumb\"},\"inLanguage\":\"ro-RO\",\"potentialAction\":[{\"@type\":\"ReadAction\",\"target\":[\"https:\\\/\\\/urbeamea.ro\\\/albaiulia\\\/accident-mortal-in-oarda-de-sus-un-tanar-si-a-pierdut-viata-dupa-ce-s-a-izbit-cu-motocicleta-de-o-masina\\\/\"]}]},{\"@type\":\"ImageObject\",\"inLanguage\":\"ro-RO\",\"@id\":\"https:\\\/\\\/urbeamea.ro\\\/albaiulia\\\/accident-mortal-in-oarda-de-sus-un-tanar-si-a-pierdut-viata-dupa-ce-s-a-izbit-cu-motocicleta-de-o-masina\\\/#primaryimage\",\"url\":\"https:\\\/\\\/urbeamea.ro\\\/albaiulia\\\/wp-content\\\/uploads\\\/2016\\\/05\\\/radare-politie1.jpg\",\"contentUrl\":\"https:\\\/\\\/urbeamea.ro\\\/albaiulia\\\/wp-content\\\/uploads\\\/2016\\\/05\\\/radare-politie1.jpg\",\"width\":600,\"height\":450},{\"@type\":\"BreadcrumbList\",\"@id\":\"https:\\\/\\\/urbeamea.ro\\\/albaiulia\\\/accident-mortal-in-oarda-de-sus-un-tanar-si-a-pierdut-viata-dupa-ce-s-a-izbit-cu-motocicleta-de-o-masina\\\/#breadcrumb\",\"itemListElement\":[{\"@type\":\"ListItem\",\"position\":1,\"name\":\"Prima pagin\u0103\",\"item\":\"https:\\\/\\\/urbeamea.ro\\\/albaiulia\\\/\"},{\"@type\":\"ListItem\",\"position\":2,\"name\":\"Accident mortal \u00een Oarda de Sus: Un t\u00e2n\u0103r \u0219i-a pierdut via\u021ba dup\u0103 ce s-a izbit cu motocicleta de o ma\u0219in\u0103\"}]},{\"@type\":\"WebSite\",\"@id\":\"https:\\\/\\\/urbeamea.ro\\\/albaiulia\\\/#website\",\"url\":\"https:\\\/\\\/urbeamea.ro\\\/albaiulia\\\/\",\"name\":\"Revista Urbea Mea, Stiri urbane\",\"description\":\"Evenimente \u0219i \u0219tiri din Alba Iulia, Sebe\u0219, Aiud, Blaj\",\"potentialAction\":[{\"@type\":\"SearchAction\",\"target\":{\"@type\":\"EntryPoint\",\"urlTemplate\":\"https:\\\/\\\/urbeamea.ro\\\/albaiulia\\\/?s={search_term_string}\"},\"query-input\":{\"@type\":\"PropertyValueSpecification\",\"valueRequired\":true,\"valueName\":\"search_term_string\"}}],\"inLanguage\":\"ro-RO\"},{\"@type\":\"Person\",\"@id\":\"https:\\\/\\\/urbeamea.ro\\\/albaiulia\\\/#\\\/schema\\\/person\\\/9700d21fae21c4f038b0b56f4506264a\",\"name\":\"Cristina Ganga\",\"image\":{\"@type\":\"ImageObject\",\"inLanguage\":\"ro-RO\",\"@id\":\"https:\\\/\\\/secure.gravatar.com\\\/avatar\\\/5a67661041f057b4a8ccaf26f5a8e86e2689372006d01faf3dd9eeb10b654bb4?s=96&d=mm&r=g\",\"url\":\"https:\\\/\\\/secure.gravatar.com\\\/avatar\\\/5a67661041f057b4a8ccaf26f5a8e86e2689372006d01faf3dd9eeb10b654bb4?s=96&d=mm&r=g\",\"contentUrl\":\"https:\\\/\\\/secure.gravatar.com\\\/avatar\\\/5a67661041f057b4a8ccaf26f5a8e86e2689372006d01faf3dd9eeb10b654bb4?s=96&d=mm&r=g\",\"caption\":\"Cristina Ganga\"},\"description\":\"Jurnalist\",\"sameAs\":[\"https:\\\/\\\/www.facebook.com\\\/cristina.nicola.587\"],\"url\":\"https:\\\/\\\/urbeamea.ro\\\/albaiulia\\\/author\\\/cristina-nicola\\\/\"}]}<\/script>\n<!-- \/ Yoast SEO plugin. -->","yoast_head_json":{"title":"Accident mortal \u00een Oarda de Sus: Un t\u00e2n\u0103r \u0219i-a pierdut via\u021ba dup\u0103 ce s-a izbit cu motocicleta de o ma\u0219in\u0103 - Revista Urbea Mea - Revista de Alba","description":"Un t\u00e2n\u0103r \u00een v\u00e2rst\u0103 de 25 de ani din \u0218eusa \u0219i-a pierdut via\u021ba miercuri, \u00een urma unui accident petrecut \u00een cartierul Oarda de Sus. Se pare c\u0103 acesta, \u00een","robots":{"index":"index","follow":"follow","max-snippet":"max-snippet:-1","max-image-preview":"max-image-preview:large","max-video-preview":"max-video-preview:-1"},"canonical":"https:\/\/urbeamea.ro\/albaiulia\/accident-mortal-in-oarda-de-sus-un-tanar-si-a-pierdut-viata-dupa-ce-s-a-izbit-cu-motocicleta-de-o-masina\/","twitter_card":"summary_large_image","twitter_title":"Accident mortal \u00een Oarda de Sus: Un t\u00e2n\u0103r \u0219i-a pierdut via\u021ba dup\u0103 ce s-a izbit cu motocicleta de o ma\u0219in\u0103 - Revista Urbea Mea - Revista de Alba","twitter_description":"Un t\u00e2n\u0103r \u00een v\u00e2rst\u0103 de 25 de ani din \u0218eusa \u0219i-a pierdut via\u021ba miercuri, \u00een urma unui accident petrecut \u00een cartierul Oarda de Sus. Se pare c\u0103 acesta, \u00een","twitter_image":"https:\/\/urbeamea.ro\/albaiulia\/wp-content\/uploads\/2016\/05\/radare-politie1.jpg","twitter_creator":"@urbeameaweb","twitter_site":"@urbeameaweb","schema":{"@context":"https:\/\/schema.org","@graph":[{"@type":"Article","@id":"https:\/\/urbeamea.ro\/albaiulia\/accident-mortal-in-oarda-de-sus-un-tanar-si-a-pierdut-viata-dupa-ce-s-a-izbit-cu-motocicleta-de-o-masina\/#article","isPartOf":{"@id":"https:\/\/urbeamea.ro\/albaiulia\/accident-mortal-in-oarda-de-sus-un-tanar-si-a-pierdut-viata-dupa-ce-s-a-izbit-cu-motocicleta-de-o-masina\/"},"author":{"name":"Cristina Ganga","@id":"https:\/\/urbeamea.ro\/albaiulia\/#\/schema\/person\/9700d21fae21c4f038b0b56f4506264a"},"headline":"Accident mortal \u00een Oarda de Sus: Un t\u00e2n\u0103r \u0219i-a pierdut via\u021ba dup\u0103 ce s-a izbit cu motocicleta de o ma\u0219in\u0103","datePublished":"2016-06-08T20:19:23+00:00","dateModified":"2016-06-09T11:47:47+00:00","mainEntityOfPage":{"@id":"https:\/\/urbeamea.ro\/albaiulia\/accident-mortal-in-oarda-de-sus-un-tanar-si-a-pierdut-viata-dupa-ce-s-a-izbit-cu-motocicleta-de-o-masina\/"},"wordCount":258,"commentCount":0,"image":{"@id":"https:\/\/urbeamea.ro\/albaiulia\/accident-mortal-in-oarda-de-sus-un-tanar-si-a-pierdut-viata-dupa-ce-s-a-izbit-cu-motocicleta-de-o-masina\/#primaryimage"},"thumbnailUrl":"https:\/\/urbeamea.ro\/albaiulia\/wp-content\/uploads\/2016\/05\/radare-politie1.jpg","keywords":["accident mortal","alba","autoturism","cartier","decedat","motociclist","oarda de sus","stiri","tanar","Urbea Mea"],"articleSection":["\u015etiri Urbane"],"inLanguage":"ro-RO","potentialAction":[{"@type":"CommentAction","name":"Comment","target":["https:\/\/urbeamea.ro\/albaiulia\/accident-mortal-in-oarda-de-sus-un-tanar-si-a-pierdut-viata-dupa-ce-s-a-izbit-cu-motocicleta-de-o-masina\/#respond"]}]},{"@type":"WebPage","@id":"https:\/\/urbeamea.ro\/albaiulia\/accident-mortal-in-oarda-de-sus-un-tanar-si-a-pierdut-viata-dupa-ce-s-a-izbit-cu-motocicleta-de-o-masina\/","url":"https:\/\/urbeamea.ro\/albaiulia\/accident-mortal-in-oarda-de-sus-un-tanar-si-a-pierdut-viata-dupa-ce-s-a-izbit-cu-motocicleta-de-o-masina\/","name":"Accident mortal \u00een Oarda de Sus: Un t\u00e2n\u0103r \u0219i-a pierdut via\u021ba dup\u0103 ce s-a izbit cu motocicleta de o ma\u0219in\u0103 - Revista Urbea Mea - Revista de Alba","isPartOf":{"@id":"https:\/\/urbeamea.ro\/albaiulia\/#website"},"primaryImageOfPage":{"@id":"https:\/\/urbeamea.ro\/albaiulia\/accident-mortal-in-oarda-de-sus-un-tanar-si-a-pierdut-viata-dupa-ce-s-a-izbit-cu-motocicleta-de-o-masina\/#primaryimage"},"image":{"@id":"https:\/\/urbeamea.ro\/albaiulia\/accident-mortal-in-oarda-de-sus-un-tanar-si-a-pierdut-viata-dupa-ce-s-a-izbit-cu-motocicleta-de-o-masina\/#primaryimage"},"thumbnailUrl":"https:\/\/urbeamea.ro\/albaiulia\/wp-content\/uploads\/2016\/05\/radare-politie1.jpg","datePublished":"2016-06-08T20:19:23+00:00","dateModified":"2016-06-09T11:47:47+00:00","author":{"@id":"https:\/\/urbeamea.ro\/albaiulia\/#\/schema\/person\/9700d21fae21c4f038b0b56f4506264a"},"description":"Un t\u00e2n\u0103r \u00een v\u00e2rst\u0103 de 25 de ani din \u0218eusa \u0219i-a pierdut via\u021ba miercuri, \u00een urma unui accident petrecut \u00een cartierul Oarda de Sus. Se pare c\u0103 acesta, \u00een","breadcrumb":{"@id":"https:\/\/urbeamea.ro\/albaiulia\/accident-mortal-in-oarda-de-sus-un-tanar-si-a-pierdut-viata-dupa-ce-s-a-izbit-cu-motocicleta-de-o-masina\/#breadcrumb"},"inLanguage":"ro-RO","potentialAction":[{"@type":"ReadAction","target":["https:\/\/urbeamea.ro\/albaiulia\/accident-mortal-in-oarda-de-sus-un-tanar-si-a-pierdut-viata-dupa-ce-s-a-izbit-cu-motocicleta-de-o-masina\/"]}]},{"@type":"ImageObject","inLanguage":"ro-RO","@id":"https:\/\/urbeamea.ro\/albaiulia\/accident-mortal-in-oarda-de-sus-un-tanar-si-a-pierdut-viata-dupa-ce-s-a-izbit-cu-motocicleta-de-o-masina\/#primaryimage","url":"https:\/\/urbeamea.ro\/albaiulia\/wp-content\/uploads\/2016\/05\/radare-politie1.jpg","contentUrl":"https:\/\/urbeamea.ro\/albaiulia\/wp-content\/uploads\/2016\/05\/radare-politie1.jpg","width":600,"height":450},{"@type":"BreadcrumbList","@id":"https:\/\/urbeamea.ro\/albaiulia\/accident-mortal-in-oarda-de-sus-un-tanar-si-a-pierdut-viata-dupa-ce-s-a-izbit-cu-motocicleta-de-o-masina\/#breadcrumb","itemListElement":[{"@type":"ListItem","position":1,"name":"Prima pagin\u0103","item":"https:\/\/urbeamea.ro\/albaiulia\/"},{"@type":"ListItem","position":2,"name":"Accident mortal \u00een Oarda de Sus: Un t\u00e2n\u0103r \u0219i-a pierdut via\u021ba dup\u0103 ce s-a izbit cu motocicleta de o ma\u0219in\u0103"}]},{"@type":"WebSite","@id":"https:\/\/urbeamea.ro\/albaiulia\/#website","url":"https:\/\/urbeamea.ro\/albaiulia\/","name":"Revista Urbea Mea, Stiri urbane","description":"Evenimente \u0219i \u0219tiri din Alba Iulia, Sebe\u0219, Aiud, Blaj","potentialAction":[{"@type":"SearchAction","target":{"@type":"EntryPoint","urlTemplate":"https:\/\/urbeamea.ro\/albaiulia\/?s={search_term_string}"},"query-input":{"@type":"PropertyValueSpecification","valueRequired":true,"valueName":"search_term_string"}}],"inLanguage":"ro-RO"},{"@type":"Person","@id":"https:\/\/urbeamea.ro\/albaiulia\/#\/schema\/person\/9700d21fae21c4f038b0b56f4506264a","name":"Cristina Ganga","image":{"@type":"ImageObject","inLanguage":"ro-RO","@id":"https:\/\/secure.gravatar.com\/avatar\/5a67661041f057b4a8ccaf26f5a8e86e2689372006d01faf3dd9eeb10b654bb4?s=96&d=mm&r=g","url":"https:\/\/secure.gravatar.com\/avatar\/5a67661041f057b4a8ccaf26f5a8e86e2689372006d01faf3dd9eeb10b654bb4?s=96&d=mm&r=g","contentUrl":"https:\/\/secure.gravatar.com\/avatar\/5a67661041f057b4a8ccaf26f5a8e86e2689372006d01faf3dd9eeb10b654bb4?s=96&d=mm&r=g","caption":"Cristina Ganga"},"description":"Jurnalist","sameAs":["https:\/\/www.facebook.com\/cristina.nicola.587"],"url":"https:\/\/urbeamea.ro\/albaiulia\/author\/cristina-nicola\/"}]}},"_links":{"self":[{"href":"https:\/\/urbeamea.ro\/albaiulia\/wp-json\/wp\/v2\/posts\/26257","targetHints":{"allow":["GET"]}}],"collection":[{"href":"https:\/\/urbeamea.ro\/albaiulia\/wp-json\/wp\/v2\/posts"}],"about":[{"href":"https:\/\/urbeamea.ro\/albaiulia\/wp-json\/wp\/v2\/types\/post"}],"author":[{"embeddable":true,"href":"https:\/\/urbeamea.ro\/albaiulia\/wp-json\/wp\/v2\/users\/17"}],"replies":[{"embeddable":true,"href":"https:\/\/urbeamea.ro\/albaiulia\/wp-json\/wp\/v2\/comments?post=26257"}],"version-history":[{"count":0,"href":"https:\/\/urbeamea.ro\/albaiulia\/wp-json\/wp\/v2\/posts\/26257\/revisions"}],"wp:featuredmedia":[{"embeddable":true,"href":"https:\/\/urbeamea.ro\/albaiulia\/wp-json\/wp\/v2\/media\/24297"}],"wp:attachment":[{"href":"https:\/\/urbeamea.ro\/albaiulia\/wp-json\/wp\/v2\/media?parent=26257"}],"wp:term":[{"taxonomy":"category","embeddable":true,"href":"https:\/\/urbeamea.ro\/albaiulia\/wp-json\/wp\/v2\/categories?post=26257"},{"taxonomy":"post_tag","embeddable":true,"href":"https:\/\/urbeamea.ro\/albaiulia\/wp-json\/wp\/v2\/tags?post=26257"}],"curies":[{"name":"wp","href":"https:\/\/api.w.org\/{rel}","templated":true}]}}