{"id":26512,"date":"2016-06-15T19:03:32","date_gmt":"2016-06-15T16:03:32","guid":{"rendered":"http:\/\/urbeamea.ro\/albaiulia\/?p=26512"},"modified":"2016-06-15T19:03:32","modified_gmt":"2016-06-15T16:03:32","slug":"foto-peste-280-de-elevi-si-alti-locuitori-din-aiud-au-fost-sfatuiti-de-politisti","status":"publish","type":"post","link":"https:\/\/urbeamea.ro\/albaiulia\/foto-peste-280-de-elevi-si-alti-locuitori-din-aiud-au-fost-sfatuiti-de-politisti\/","title":{"rendered":"FOTO: Peste 280 de elevi \u0219i al\u0163i locuitori din Aiud au fost sf\u0103tui\u021bi de poli\u0163i\u015fti"},"content":{"rendered":"<p><strong><span lang=\"ro-RO\"><img loading=\"lazy\" decoding=\"async\" class=\"size-medium wp-image-26524 alignleft\" src=\"http:\/\/urbeamea.ro\/albaiulia\/wp-content\/uploads\/2016\/06\/IMG_2593-200x300.jpg\" alt=\"IMG_2593\" width=\"200\" height=\"300\" \/>Seria activit\u0103\u0163ilor informative desf\u0103\u015furate de poli\u0163i\u015fti, \u00eempreun\u0103 cu partenerii cu atribu\u0163ii \u00een domeniul prevenirii criminalit\u0103\u0163ii, au continuat \u00een municipiul Aiud. Miercuri, peste 130 de elevi \u015fi 150 de cet\u0103\u0163eni ai acestui ora\u015f au primit recomand\u0103ri antiinfrac\u0163ionale \u015fi antivictimale.<\/span><\/strong><\/p>\n<p><span lang=\"ro-RO\">Miercuri, 15 iunie, poli\u0163i\u015ftii Compartimentului de Analiz\u0103 \u015fi Prevenire a Criminalit\u0103\u0163ii din IPJ Alba, \u00eempreun\u0103 cu poli\u0163i\u015fti din cadrul Poli\u0163iei Municipiului Aiud \u015fi reprezentan\u0163i ai Centrului de Evaluare, Prevenire \u015fi Consiliere Antidrog Alba au fost prezen\u0163i la Colegiul Na\u0163ional \u201eTitu Maiorescu\u201d din Aiud unde au sus\u0163inut sesiuni de informare privind prevenirea traficului \u015fi consumului de droguri \u015fi al substan\u0163elor cu efect psihoactiv, r\u0103spunderea penal\u0103 \u015fi sanc\u0163iunile aplicabile \u00een cazul s\u0103v\u00e2r\u0219irii de infrac\u0163iuni.<\/span><\/p>\n<p><span lang=\"ro-RO\">Prezent\u0103rile au inclus \u015fi materiale video cu m\u0103rturii ale unor tineri dependen\u0163i precum \u015fi explica\u0163ii \u015ftiin\u0163ifice, oferite de speciali\u015fti \u00een tratarea adic\u0163iilor.<\/span><\/p>\n<p><span lang=\"ro-RO\">Elevii au fost informa\u021bi \u015fi \u00een leg\u0103tur\u0103 cu serviciile de interven\u0163ie \u015fi consiliere de care pot beneficia, \u00een cazul \u00een care au nevoie de sprijin, pentru a sc\u0103pa de dependen\u0163\u0103.<\/span><\/p>\n<p><span lang=\"ro-RO\">Aceste activit\u0103\u0163i fac parte din proiectul \u201e\u00cempreun\u0103 pentru siguran\u0163a tinerilor\u201d, ini\u021biat \u00een luna martie 2016 de Inspectoratul de Poli\u0163ie Jude\u0163ean Alba \u015fi care se desf\u0103\u015foar\u0103 \u00een parteneriat cu Spitalul Jude\u0163ean Alba, Centrul de Prevenire, Evaluare \u015fi Consiliere Antidrog Alba, Brigada de Combatere a Criminalit\u0103\u0163ii Organizate Alba Iulia \u015fi Inspectoratul \u015ecolar Jude\u0163ean Alba.<\/span><\/p>\n<p><span lang=\"ro-RO\">Proiectul urm\u0103re\u015fte informarea elevilor de liceu \u015fi a cadrelor didactice din \u00eenv\u0103\u0163\u0103m\u00e2ntul liceal, cu privire la pericolele \u015fi consecin\u0163ele devastatoare ale consumului de droguri \u015fi de substan\u0163e noi, cu propriet\u0103\u0163i psihoactive, asupra organismului uman.<\/span><\/p>\n<p><span lang=\"ro-RO\">Tot azi, poli\u0163i\u015ftii au fost prezen\u0163i \u00een locuri publice din municipiul Aiud, cu sfaturi \u015fi materiale informative <\/span><span lang=\"ro-RO\">privind modalit\u0103\u0163ile de prevenire a furturilor din locuin\u0163e.<\/span><\/p>\n<p><span lang=\"ro-RO\">Ac\u0163iunea a fost organizat\u0103 \u00een cadrul campaniei na\u0163ionale <\/span><span lang=\"ro-RO\">\u201eNeglijen\u0163a, invita\u0163ie deschis\u0103 la furt\u201d, <\/span><span lang=\"ro-RO\">derulat\u0103 \u00een perioada<\/span> <span lang=\"ro-RO\">martie \u2013 august 2016 de Poli\u0163ia Rom\u00e2n\u0103, prin Institutul de Cercetare \u015fi Prevenire a Criminalit\u0103\u0163ii, \u00een parteneriat cu Groupama Asigur\u0103ri S.A.<\/span><\/p>\n<p>Poli\u0163i\u015ftii au discutat cu peste 150 de cet\u0103\u0163eni cu privire la m\u0103surile minime de protec\u0163ie a locuin\u0163elor \u015fi bunurilor proprii \u015fi au distribuit pliantele campaniei care con\u0163in o serie de recomand\u0103ri legate de siguran\u0163a locuin\u0163ei.<\/p>\n<div id='gallery-1' class='gallery galleryid-26512 gallery-columns-3 gallery-size-thumbnail'><figure class='gallery-item'>\n\t\t\t<div class='gallery-icon landscape'>\n\t\t\t\t<a href='https:\/\/urbeamea.ro\/albaiulia\/wp-content\/uploads\/2016\/06\/DSC_0015-4.jpg'><img decoding=\"async\" width=\"150\" height=\"100\" src=\"data:image\/png;base64,iVBORw0KGgoAAAANSUhEUgAAAYYAAADcAQMAAABOLJSDAAAAA1BMVEUAAACnej3aAAAAAXRSTlMAQObYZgAAACJJREFUaIHtwTEBAAAAwqD1T20ND6AAAAAAAAAAAAAA4N8AKvgAAUFIrrEAAAAASUVORK5CYII=\" class=\"attachment-thumbnail size-thumbnail lazy-img\" alt=\"\" srcset=\"https:\/\/urbeamea.ro\/albaiulia\/wp-content\/uploads\/2016\/06\/DSC_0015-4-150x100.jpg 150w, https:\/\/urbeamea.ro\/albaiulia\/wp-content\/uploads\/2016\/06\/DSC_0015-4-300x200.jpg 300w, https:\/\/urbeamea.ro\/albaiulia\/wp-content\/uploads\/2016\/06\/DSC_0015-4-768x512.jpg 768w, https:\/\/urbeamea.ro\/albaiulia\/wp-content\/uploads\/2016\/06\/DSC_0015-4-1024x682.jpg 1024w, https:\/\/urbeamea.ro\/albaiulia\/wp-content\/uploads\/2016\/06\/DSC_0015-4.jpg 1280w\" sizes=\"auto, (max-width: 150px) 100vw, 150px\" data-src=\"https:\/\/urbeamea.ro\/albaiulia\/wp-content\/uploads\/2016\/06\/DSC_0015-4-150x100.jpg\" loading=\"lazy\" \/><\/a>\n\t\t\t<\/div><\/figure><figure class='gallery-item'>\n\t\t\t<div class='gallery-icon landscape'>\n\t\t\t\t<a href='https:\/\/urbeamea.ro\/albaiulia\/wp-content\/uploads\/2016\/06\/DSC_0032-3.jpg'><img decoding=\"async\" width=\"150\" height=\"100\" src=\"data:image\/png;base64,iVBORw0KGgoAAAANSUhEUgAAAYYAAADcAQMAAABOLJSDAAAAA1BMVEUAAACnej3aAAAAAXRSTlMAQObYZgAAACJJREFUaIHtwTEBAAAAwqD1T20ND6AAAAAAAAAAAAAA4N8AKvgAAUFIrrEAAAAASUVORK5CYII=\" class=\"attachment-thumbnail size-thumbnail lazy-img\" alt=\"\" srcset=\"https:\/\/urbeamea.ro\/albaiulia\/wp-content\/uploads\/2016\/06\/DSC_0032-3-150x100.jpg 150w, https:\/\/urbeamea.ro\/albaiulia\/wp-content\/uploads\/2016\/06\/DSC_0032-3-300x200.jpg 300w, https:\/\/urbeamea.ro\/albaiulia\/wp-content\/uploads\/2016\/06\/DSC_0032-3-768x512.jpg 768w, https:\/\/urbeamea.ro\/albaiulia\/wp-content\/uploads\/2016\/06\/DSC_0032-3-1024x682.jpg 1024w, https:\/\/urbeamea.ro\/albaiulia\/wp-content\/uploads\/2016\/06\/DSC_0032-3.jpg 1280w\" sizes=\"auto, (max-width: 150px) 100vw, 150px\" data-src=\"https:\/\/urbeamea.ro\/albaiulia\/wp-content\/uploads\/2016\/06\/DSC_0032-3-150x100.jpg\" loading=\"lazy\" \/><\/a>\n\t\t\t<\/div><\/figure><figure class='gallery-item'>\n\t\t\t<div class='gallery-icon landscape'>\n\t\t\t\t<a href='https:\/\/urbeamea.ro\/albaiulia\/wp-content\/uploads\/2016\/06\/DSC_0043-3.jpg'><img decoding=\"async\" width=\"150\" height=\"100\" src=\"data:image\/png;base64,iVBORw0KGgoAAAANSUhEUgAAAYYAAADcAQMAAABOLJSDAAAAA1BMVEUAAACnej3aAAAAAXRSTlMAQObYZgAAACJJREFUaIHtwTEBAAAAwqD1T20ND6AAAAAAAAAAAAAA4N8AKvgAAUFIrrEAAAAASUVORK5CYII=\" class=\"attachment-thumbnail size-thumbnail lazy-img\" alt=\"\" srcset=\"https:\/\/urbeamea.ro\/albaiulia\/wp-content\/uploads\/2016\/06\/DSC_0043-3-150x100.jpg 150w, https:\/\/urbeamea.ro\/albaiulia\/wp-content\/uploads\/2016\/06\/DSC_0043-3-300x200.jpg 300w, https:\/\/urbeamea.ro\/albaiulia\/wp-content\/uploads\/2016\/06\/DSC_0043-3-768x512.jpg 768w, https:\/\/urbeamea.ro\/albaiulia\/wp-content\/uploads\/2016\/06\/DSC_0043-3-1024x682.jpg 1024w, https:\/\/urbeamea.ro\/albaiulia\/wp-content\/uploads\/2016\/06\/DSC_0043-3.jpg 1280w\" sizes=\"auto, (max-width: 150px) 100vw, 150px\" data-src=\"https:\/\/urbeamea.ro\/albaiulia\/wp-content\/uploads\/2016\/06\/DSC_0043-3-150x100.jpg\" loading=\"lazy\" \/><\/a>\n\t\t\t<\/div><\/figure><figure class='gallery-item'>\n\t\t\t<div class='gallery-icon landscape'>\n\t\t\t\t<a href='https:\/\/urbeamea.ro\/albaiulia\/wp-content\/uploads\/2016\/06\/DSC_0053-2.jpg'><img decoding=\"async\" width=\"150\" height=\"100\" src=\"data:image\/png;base64,iVBORw0KGgoAAAANSUhEUgAAAYYAAADcAQMAAABOLJSDAAAAA1BMVEUAAACnej3aAAAAAXRSTlMAQObYZgAAACJJREFUaIHtwTEBAAAAwqD1T20ND6AAAAAAAAAAAAAA4N8AKvgAAUFIrrEAAAAASUVORK5CYII=\" class=\"attachment-thumbnail size-thumbnail lazy-img\" alt=\"\" srcset=\"https:\/\/urbeamea.ro\/albaiulia\/wp-content\/uploads\/2016\/06\/DSC_0053-2-150x100.jpg 150w, https:\/\/urbeamea.ro\/albaiulia\/wp-content\/uploads\/2016\/06\/DSC_0053-2-300x200.jpg 300w, https:\/\/urbeamea.ro\/albaiulia\/wp-content\/uploads\/2016\/06\/DSC_0053-2-768x512.jpg 768w, https:\/\/urbeamea.ro\/albaiulia\/wp-content\/uploads\/2016\/06\/DSC_0053-2-1024x682.jpg 1024w, https:\/\/urbeamea.ro\/albaiulia\/wp-content\/uploads\/2016\/06\/DSC_0053-2.jpg 1280w\" sizes=\"auto, (max-width: 150px) 100vw, 150px\" data-src=\"https:\/\/urbeamea.ro\/albaiulia\/wp-content\/uploads\/2016\/06\/DSC_0053-2-150x100.jpg\" loading=\"lazy\" \/><\/a>\n\t\t\t<\/div><\/figure><figure class='gallery-item'>\n\t\t\t<div class='gallery-icon portrait'>\n\t\t\t\t<a href='https:\/\/urbeamea.ro\/albaiulia\/wp-content\/uploads\/2016\/06\/DSC_0060-3.jpg'><img decoding=\"async\" width=\"100\" height=\"150\" src=\"data:image\/png;base64,iVBORw0KGgoAAAANSUhEUgAAAYYAAADcAQMAAABOLJSDAAAAA1BMVEUAAACnej3aAAAAAXRSTlMAQObYZgAAACJJREFUaIHtwTEBAAAAwqD1T20ND6AAAAAAAAAAAAAA4N8AKvgAAUFIrrEAAAAASUVORK5CYII=\" class=\"attachment-thumbnail size-thumbnail lazy-img\" alt=\"\" srcset=\"https:\/\/urbeamea.ro\/albaiulia\/wp-content\/uploads\/2016\/06\/DSC_0060-3-100x150.jpg 100w, https:\/\/urbeamea.ro\/albaiulia\/wp-content\/uploads\/2016\/06\/DSC_0060-3-200x300.jpg 200w, https:\/\/urbeamea.ro\/albaiulia\/wp-content\/uploads\/2016\/06\/DSC_0060-3-768x1152.jpg 768w, https:\/\/urbeamea.ro\/albaiulia\/wp-content\/uploads\/2016\/06\/DSC_0060-3-682x1024.jpg 682w, https:\/\/urbeamea.ro\/albaiulia\/wp-content\/uploads\/2016\/06\/DSC_0060-3.jpg 853w\" sizes=\"auto, (max-width: 100px) 100vw, 100px\" data-src=\"https:\/\/urbeamea.ro\/albaiulia\/wp-content\/uploads\/2016\/06\/DSC_0060-3-100x150.jpg\" loading=\"lazy\" \/><\/a>\n\t\t\t<\/div><\/figure><figure class='gallery-item'>\n\t\t\t<div class='gallery-icon landscape'>\n\t\t\t\t<a href='https:\/\/urbeamea.ro\/albaiulia\/wp-content\/uploads\/2016\/06\/DSC_0063-2.jpg'><img decoding=\"async\" width=\"150\" height=\"100\" src=\"data:image\/png;base64,iVBORw0KGgoAAAANSUhEUgAAAYYAAADcAQMAAABOLJSDAAAAA1BMVEUAAACnej3aAAAAAXRSTlMAQObYZgAAACJJREFUaIHtwTEBAAAAwqD1T20ND6AAAAAAAAAAAAAA4N8AKvgAAUFIrrEAAAAASUVORK5CYII=\" class=\"attachment-thumbnail size-thumbnail lazy-img\" alt=\"\" srcset=\"https:\/\/urbeamea.ro\/albaiulia\/wp-content\/uploads\/2016\/06\/DSC_0063-2-150x100.jpg 150w, https:\/\/urbeamea.ro\/albaiulia\/wp-content\/uploads\/2016\/06\/DSC_0063-2-300x200.jpg 300w, https:\/\/urbeamea.ro\/albaiulia\/wp-content\/uploads\/2016\/06\/DSC_0063-2-768x512.jpg 768w, https:\/\/urbeamea.ro\/albaiulia\/wp-content\/uploads\/2016\/06\/DSC_0063-2-1024x682.jpg 1024w, https:\/\/urbeamea.ro\/albaiulia\/wp-content\/uploads\/2016\/06\/DSC_0063-2.jpg 1280w\" sizes=\"auto, (max-width: 150px) 100vw, 150px\" data-src=\"https:\/\/urbeamea.ro\/albaiulia\/wp-content\/uploads\/2016\/06\/DSC_0063-2-150x100.jpg\" loading=\"lazy\" \/><\/a>\n\t\t\t<\/div><\/figure><figure class='gallery-item'>\n\t\t\t<div class='gallery-icon portrait'>\n\t\t\t\t<a href='https:\/\/urbeamea.ro\/albaiulia\/wp-content\/uploads\/2016\/06\/DSC_0089-1.jpg'><img decoding=\"async\" width=\"100\" height=\"150\" src=\"data:image\/png;base64,iVBORw0KGgoAAAANSUhEUgAAAYYAAADcAQMAAABOLJSDAAAAA1BMVEUAAACnej3aAAAAAXRSTlMAQObYZgAAACJJREFUaIHtwTEBAAAAwqD1T20ND6AAAAAAAAAAAAAA4N8AKvgAAUFIrrEAAAAASUVORK5CYII=\" class=\"attachment-thumbnail size-thumbnail lazy-img\" alt=\"\" srcset=\"https:\/\/urbeamea.ro\/albaiulia\/wp-content\/uploads\/2016\/06\/DSC_0089-1-100x150.jpg 100w, https:\/\/urbeamea.ro\/albaiulia\/wp-content\/uploads\/2016\/06\/DSC_0089-1-200x300.jpg 200w, https:\/\/urbeamea.ro\/albaiulia\/wp-content\/uploads\/2016\/06\/DSC_0089-1-768x1152.jpg 768w, https:\/\/urbeamea.ro\/albaiulia\/wp-content\/uploads\/2016\/06\/DSC_0089-1-682x1024.jpg 682w, https:\/\/urbeamea.ro\/albaiulia\/wp-content\/uploads\/2016\/06\/DSC_0089-1.jpg 853w\" sizes=\"auto, (max-width: 100px) 100vw, 100px\" data-src=\"https:\/\/urbeamea.ro\/albaiulia\/wp-content\/uploads\/2016\/06\/DSC_0089-1-100x150.jpg\" loading=\"lazy\" \/><\/a>\n\t\t\t<\/div><\/figure><figure class='gallery-item'>\n\t\t\t<div class='gallery-icon landscape'>\n\t\t\t\t<a href='https:\/\/urbeamea.ro\/albaiulia\/wp-content\/uploads\/2016\/06\/DSC_0097.jpg'><img decoding=\"async\" width=\"150\" height=\"100\" src=\"data:image\/png;base64,iVBORw0KGgoAAAANSUhEUgAAAYYAAADcAQMAAABOLJSDAAAAA1BMVEUAAACnej3aAAAAAXRSTlMAQObYZgAAACJJREFUaIHtwTEBAAAAwqD1T20ND6AAAAAAAAAAAAAA4N8AKvgAAUFIrrEAAAAASUVORK5CYII=\" class=\"attachment-thumbnail size-thumbnail lazy-img\" alt=\"\" srcset=\"https:\/\/urbeamea.ro\/albaiulia\/wp-content\/uploads\/2016\/06\/DSC_0097-150x100.jpg 150w, https:\/\/urbeamea.ro\/albaiulia\/wp-content\/uploads\/2016\/06\/DSC_0097-300x200.jpg 300w, https:\/\/urbeamea.ro\/albaiulia\/wp-content\/uploads\/2016\/06\/DSC_0097-768x512.jpg 768w, https:\/\/urbeamea.ro\/albaiulia\/wp-content\/uploads\/2016\/06\/DSC_0097-1024x682.jpg 1024w, https:\/\/urbeamea.ro\/albaiulia\/wp-content\/uploads\/2016\/06\/DSC_0097.jpg 1280w\" sizes=\"auto, (max-width: 150px) 100vw, 150px\" data-src=\"https:\/\/urbeamea.ro\/albaiulia\/wp-content\/uploads\/2016\/06\/DSC_0097-150x100.jpg\" loading=\"lazy\" \/><\/a>\n\t\t\t<\/div><\/figure><figure class='gallery-item'>\n\t\t\t<div class='gallery-icon landscape'>\n\t\t\t\t<a href='https:\/\/urbeamea.ro\/albaiulia\/wp-content\/uploads\/2016\/06\/DSC_0098-1.jpg'><img decoding=\"async\" width=\"150\" height=\"100\" src=\"data:image\/png;base64,iVBORw0KGgoAAAANSUhEUgAAAYYAAADcAQMAAABOLJSDAAAAA1BMVEUAAACnej3aAAAAAXRSTlMAQObYZgAAACJJREFUaIHtwTEBAAAAwqD1T20ND6AAAAAAAAAAAAAA4N8AKvgAAUFIrrEAAAAASUVORK5CYII=\" class=\"attachment-thumbnail size-thumbnail lazy-img\" alt=\"\" srcset=\"https:\/\/urbeamea.ro\/albaiulia\/wp-content\/uploads\/2016\/06\/DSC_0098-1-150x100.jpg 150w, https:\/\/urbeamea.ro\/albaiulia\/wp-content\/uploads\/2016\/06\/DSC_0098-1-300x200.jpg 300w, https:\/\/urbeamea.ro\/albaiulia\/wp-content\/uploads\/2016\/06\/DSC_0098-1-768x512.jpg 768w, https:\/\/urbeamea.ro\/albaiulia\/wp-content\/uploads\/2016\/06\/DSC_0098-1-1024x682.jpg 1024w, https:\/\/urbeamea.ro\/albaiulia\/wp-content\/uploads\/2016\/06\/DSC_0098-1.jpg 1280w\" sizes=\"auto, (max-width: 150px) 100vw, 150px\" data-src=\"https:\/\/urbeamea.ro\/albaiulia\/wp-content\/uploads\/2016\/06\/DSC_0098-1-150x100.jpg\" loading=\"lazy\" \/><\/a>\n\t\t\t<\/div><\/figure><figure class='gallery-item'>\n\t\t\t<div class='gallery-icon portrait'>\n\t\t\t\t<a href='https:\/\/urbeamea.ro\/albaiulia\/wp-content\/uploads\/2016\/06\/DSC_0111.jpg'><img decoding=\"async\" width=\"100\" height=\"150\" src=\"data:image\/png;base64,iVBORw0KGgoAAAANSUhEUgAAAYYAAADcAQMAAABOLJSDAAAAA1BMVEUAAACnej3aAAAAAXRSTlMAQObYZgAAACJJREFUaIHtwTEBAAAAwqD1T20ND6AAAAAAAAAAAAAA4N8AKvgAAUFIrrEAAAAASUVORK5CYII=\" class=\"attachment-thumbnail size-thumbnail lazy-img\" alt=\"\" srcset=\"https:\/\/urbeamea.ro\/albaiulia\/wp-content\/uploads\/2016\/06\/DSC_0111-100x150.jpg 100w, https:\/\/urbeamea.ro\/albaiulia\/wp-content\/uploads\/2016\/06\/DSC_0111-200x300.jpg 200w, https:\/\/urbeamea.ro\/albaiulia\/wp-content\/uploads\/2016\/06\/DSC_0111-768x1152.jpg 768w, https:\/\/urbeamea.ro\/albaiulia\/wp-content\/uploads\/2016\/06\/DSC_0111-682x1024.jpg 682w, https:\/\/urbeamea.ro\/albaiulia\/wp-content\/uploads\/2016\/06\/DSC_0111.jpg 853w\" sizes=\"auto, (max-width: 100px) 100vw, 100px\" data-src=\"https:\/\/urbeamea.ro\/albaiulia\/wp-content\/uploads\/2016\/06\/DSC_0111-100x150.jpg\" loading=\"lazy\" \/><\/a>\n\t\t\t<\/div><\/figure><figure class='gallery-item'>\n\t\t\t<div class='gallery-icon portrait'>\n\t\t\t\t<a href='https:\/\/urbeamea.ro\/albaiulia\/wp-content\/uploads\/2016\/06\/DSC_0120.jpg'><img decoding=\"async\" width=\"100\" height=\"150\" src=\"data:image\/png;base64,iVBORw0KGgoAAAANSUhEUgAAAYYAAADcAQMAAABOLJSDAAAAA1BMVEUAAACnej3aAAAAAXRSTlMAQObYZgAAACJJREFUaIHtwTEBAAAAwqD1T20ND6AAAAAAAAAAAAAA4N8AKvgAAUFIrrEAAAAASUVORK5CYII=\" class=\"attachment-thumbnail size-thumbnail lazy-img\" alt=\"\" srcset=\"https:\/\/urbeamea.ro\/albaiulia\/wp-content\/uploads\/2016\/06\/DSC_0120-100x150.jpg 100w, https:\/\/urbeamea.ro\/albaiulia\/wp-content\/uploads\/2016\/06\/DSC_0120-200x300.jpg 200w, https:\/\/urbeamea.ro\/albaiulia\/wp-content\/uploads\/2016\/06\/DSC_0120-768x1152.jpg 768w, https:\/\/urbeamea.ro\/albaiulia\/wp-content\/uploads\/2016\/06\/DSC_0120-682x1024.jpg 682w, https:\/\/urbeamea.ro\/albaiulia\/wp-content\/uploads\/2016\/06\/DSC_0120.jpg 853w\" sizes=\"auto, (max-width: 100px) 100vw, 100px\" data-src=\"https:\/\/urbeamea.ro\/albaiulia\/wp-content\/uploads\/2016\/06\/DSC_0120-100x150.jpg\" loading=\"lazy\" \/><\/a>\n\t\t\t<\/div><\/figure><figure class='gallery-item'>\n\t\t\t<div class='gallery-icon portrait'>\n\t\t\t\t<a href='https:\/\/urbeamea.ro\/albaiulia\/wp-content\/uploads\/2016\/06\/IMG_2593.jpg'><img decoding=\"async\" width=\"100\" height=\"150\" src=\"data:image\/png;base64,iVBORw0KGgoAAAANSUhEUgAAAYYAAADcAQMAAABOLJSDAAAAA1BMVEUAAACnej3aAAAAAXRSTlMAQObYZgAAACJJREFUaIHtwTEBAAAAwqD1T20ND6AAAAAAAAAAAAAA4N8AKvgAAUFIrrEAAAAASUVORK5CYII=\" class=\"attachment-thumbnail size-thumbnail lazy-img\" alt=\"\" srcset=\"https:\/\/urbeamea.ro\/albaiulia\/wp-content\/uploads\/2016\/06\/IMG_2593-100x150.jpg 100w, https:\/\/urbeamea.ro\/albaiulia\/wp-content\/uploads\/2016\/06\/IMG_2593-427x640.jpg 427w, https:\/\/urbeamea.ro\/albaiulia\/wp-content\/uploads\/2016\/06\/IMG_2593.jpg 512w\" sizes=\"auto, (max-width: 100px) 100vw, 100px\" data-src=\"https:\/\/urbeamea.ro\/albaiulia\/wp-content\/uploads\/2016\/06\/IMG_2593-100x150.jpg\" loading=\"lazy\" \/><\/a>\n\t\t\t<\/div><\/figure><figure class='gallery-item'>\n\t\t\t<div class='gallery-icon landscape'>\n\t\t\t\t<a href='https:\/\/urbeamea.ro\/albaiulia\/wp-content\/uploads\/2016\/06\/IMG_2608.jpg'><img decoding=\"async\" width=\"150\" height=\"113\" src=\"data:image\/png;base64,iVBORw0KGgoAAAANSUhEUgAAAYYAAADcAQMAAABOLJSDAAAAA1BMVEUAAACnej3aAAAAAXRSTlMAQObYZgAAACJJREFUaIHtwTEBAAAAwqD1T20ND6AAAAAAAAAAAAAA4N8AKvgAAUFIrrEAAAAASUVORK5CYII=\" class=\"attachment-thumbnail size-thumbnail lazy-img\" alt=\"\" srcset=\"https:\/\/urbeamea.ro\/albaiulia\/wp-content\/uploads\/2016\/06\/IMG_2608-150x113.jpg 150w, https:\/\/urbeamea.ro\/albaiulia\/wp-content\/uploads\/2016\/06\/IMG_2608-300x225.jpg 300w, https:\/\/urbeamea.ro\/albaiulia\/wp-content\/uploads\/2016\/06\/IMG_2608-768x576.jpg 768w, https:\/\/urbeamea.ro\/albaiulia\/wp-content\/uploads\/2016\/06\/IMG_2608.jpg 1024w\" sizes=\"auto, (max-width: 150px) 100vw, 150px\" data-src=\"https:\/\/urbeamea.ro\/albaiulia\/wp-content\/uploads\/2016\/06\/IMG_2608-150x113.jpg\" loading=\"lazy\" \/><\/a>\n\t\t\t<\/div><\/figure><figure class='gallery-item'>\n\t\t\t<div class='gallery-icon portrait'>\n\t\t\t\t<a href='https:\/\/urbeamea.ro\/albaiulia\/wp-content\/uploads\/2016\/06\/IMG_2631.jpg'><img decoding=\"async\" width=\"100\" height=\"150\" src=\"data:image\/png;base64,iVBORw0KGgoAAAANSUhEUgAAAYYAAADcAQMAAABOLJSDAAAAA1BMVEUAAACnej3aAAAAAXRSTlMAQObYZgAAACJJREFUaIHtwTEBAAAAwqD1T20ND6AAAAAAAAAAAAAA4N8AKvgAAUFIrrEAAAAASUVORK5CYII=\" class=\"attachment-thumbnail size-thumbnail lazy-img\" alt=\"\" srcset=\"https:\/\/urbeamea.ro\/albaiulia\/wp-content\/uploads\/2016\/06\/IMG_2631-100x150.jpg 100w, https:\/\/urbeamea.ro\/albaiulia\/wp-content\/uploads\/2016\/06\/IMG_2631-200x300.jpg 200w, https:\/\/urbeamea.ro\/albaiulia\/wp-content\/uploads\/2016\/06\/IMG_2631.jpg 512w\" sizes=\"auto, (max-width: 100px) 100vw, 100px\" data-src=\"https:\/\/urbeamea.ro\/albaiulia\/wp-content\/uploads\/2016\/06\/IMG_2631-100x150.jpg\" loading=\"lazy\" \/><\/a>\n\t\t\t<\/div><\/figure>\n\t\t<\/div>\n\n","protected":false},"excerpt":{"rendered":"<p>Seria activit\u0103\u0163ilor informative desf\u0103\u015furate de poli\u0163i\u015fti, \u00eempreun\u0103 cu partenerii cu atribu\u0163ii \u00een domeniul prevenirii criminalit\u0103\u0163ii, au continuat \u00een municipiul Aiud. Miercuri, peste 130 de elevi \u015fi 150 de cet\u0103\u0163eni ai acestui ora\u015f au primit recomand\u0103ri antiinfrac\u0163ionale \u015fi antivictimale. Miercuri, 15 iunie, poli\u0163i\u015ftii Compartimentului de Analiz\u0103 \u015fi Prevenire a Criminalit\u0103\u0163ii din IPJ Alba, \u00eempreun\u0103 cu poli\u0163i\u015fti &hellip;<\/p>\n","protected":false},"author":16,"featured_media":26524,"comment_status":"open","ping_status":"open","sticky":false,"template":"","format":"standard","meta":{"inline_featured_image":false,"footnotes":""},"categories":[2034],"tags":[666,5863,385,5865,920,315,5866,458,380,5864,308,76],"class_list":["post-26512","post","type-post","status-publish","format-standard","has-post-thumbnail","hentry","category-social","tag-actiune","tag-activitati-informative","tag-aiud","tag-antivictimale","tag-cetateni","tag-elevi","tag-materiale-video","tag-politisti","tag-proiect","tag-recomandari-antiinfractionale","tag-stiri","tag-urbea-mea"],"yoast_head":"<!-- This site is optimized with the Yoast SEO plugin v28.3 - https:\/\/yoast.com\/product\/yoast-seo-wordpress\/ -->\n<title>FOTO: Peste 280 de elevi \u0219i al\u0163i locuitori din Aiud au fost sf\u0103tui\u021bi de poli\u0163i\u015fti - Revista Urbea Mea - Revista de Alba<\/title>\n<meta name=\"description\" content=\"Seria activit\u0103\u0163ilor informative desf\u0103\u015furate de poli\u0163i\u015fti, \u00eempreun\u0103 cu partenerii cu atribu\u0163ii \u00een domeniul prevenirii criminalit\u0103\u0163ii, au continuat \u00een\" \/>\n<meta name=\"robots\" content=\"index, follow, max-snippet:-1, max-image-preview:large, max-video-preview:-1\" \/>\n<link rel=\"canonical\" href=\"https:\/\/urbeamea.ro\/albaiulia\/foto-peste-280-de-elevi-si-alti-locuitori-din-aiud-au-fost-sfatuiti-de-politisti\/\" \/>\n<meta name=\"twitter:card\" content=\"summary_large_image\" \/>\n<meta name=\"twitter:title\" content=\"FOTO: Peste 280 de elevi \u0219i al\u0163i locuitori din Aiud au fost sf\u0103tui\u021bi de poli\u0163i\u015fti - Revista Urbea Mea - Revista de Alba\" \/>\n<meta name=\"twitter:description\" content=\"Seria activit\u0103\u0163ilor informative desf\u0103\u015furate de poli\u0163i\u015fti, \u00eempreun\u0103 cu partenerii cu atribu\u0163ii \u00een domeniul prevenirii criminalit\u0103\u0163ii, au continuat \u00een\" \/>\n<meta name=\"twitter:image\" content=\"https:\/\/urbeamea.ro\/albaiulia\/wp-content\/uploads\/2016\/06\/IMG_2593.jpg\" \/>\n<meta name=\"twitter:creator\" content=\"@urbeameaweb\" \/>\n<meta name=\"twitter:site\" content=\"@urbeameaweb\" \/>\n<script type=\"application\/ld+json\" class=\"yoast-schema-graph\">{\"@context\":\"https:\\\/\\\/schema.org\",\"@graph\":[{\"@type\":\"Article\",\"@id\":\"https:\\\/\\\/urbeamea.ro\\\/albaiulia\\\/foto-peste-280-de-elevi-si-alti-locuitori-din-aiud-au-fost-sfatuiti-de-politisti\\\/#article\",\"isPartOf\":{\"@id\":\"https:\\\/\\\/urbeamea.ro\\\/albaiulia\\\/foto-peste-280-de-elevi-si-alti-locuitori-din-aiud-au-fost-sfatuiti-de-politisti\\\/\"},\"author\":{\"name\":\"Redac\u021bia UrbeaMea\",\"@id\":\"https:\\\/\\\/urbeamea.ro\\\/albaiulia\\\/#\\\/schema\\\/person\\\/272ae98052f8ee8980f59848df070247\"},\"headline\":\"FOTO: Peste 280 de elevi \u0219i al\u0163i locuitori din Aiud au fost sf\u0103tui\u021bi de poli\u0163i\u015fti\",\"datePublished\":\"2016-06-15T16:03:32+00:00\",\"mainEntityOfPage\":{\"@id\":\"https:\\\/\\\/urbeamea.ro\\\/albaiulia\\\/foto-peste-280-de-elevi-si-alti-locuitori-din-aiud-au-fost-sfatuiti-de-politisti\\\/\"},\"wordCount\":438,\"commentCount\":0,\"image\":{\"@id\":\"https:\\\/\\\/urbeamea.ro\\\/albaiulia\\\/foto-peste-280-de-elevi-si-alti-locuitori-din-aiud-au-fost-sfatuiti-de-politisti\\\/#primaryimage\"},\"thumbnailUrl\":\"https:\\\/\\\/urbeamea.ro\\\/albaiulia\\\/wp-content\\\/uploads\\\/2016\\\/06\\\/IMG_2593.jpg\",\"keywords\":[\"actiune\",\"activitati informative\",\"aiud\",\"antivictimale\",\"cetateni\",\"elevi\",\"materiale video\",\"politisti\",\"proiect\",\"recomandari antiinfractionale\",\"stiri\",\"Urbea Mea\"],\"articleSection\":[\"Social\"],\"inLanguage\":\"ro-RO\",\"potentialAction\":[{\"@type\":\"CommentAction\",\"name\":\"Comment\",\"target\":[\"https:\\\/\\\/urbeamea.ro\\\/albaiulia\\\/foto-peste-280-de-elevi-si-alti-locuitori-din-aiud-au-fost-sfatuiti-de-politisti\\\/#respond\"]}]},{\"@type\":\"WebPage\",\"@id\":\"https:\\\/\\\/urbeamea.ro\\\/albaiulia\\\/foto-peste-280-de-elevi-si-alti-locuitori-din-aiud-au-fost-sfatuiti-de-politisti\\\/\",\"url\":\"https:\\\/\\\/urbeamea.ro\\\/albaiulia\\\/foto-peste-280-de-elevi-si-alti-locuitori-din-aiud-au-fost-sfatuiti-de-politisti\\\/\",\"name\":\"FOTO: Peste 280 de elevi \u0219i al\u0163i locuitori din Aiud au fost sf\u0103tui\u021bi de poli\u0163i\u015fti - Revista Urbea Mea - Revista de Alba\",\"isPartOf\":{\"@id\":\"https:\\\/\\\/urbeamea.ro\\\/albaiulia\\\/#website\"},\"primaryImageOfPage\":{\"@id\":\"https:\\\/\\\/urbeamea.ro\\\/albaiulia\\\/foto-peste-280-de-elevi-si-alti-locuitori-din-aiud-au-fost-sfatuiti-de-politisti\\\/#primaryimage\"},\"image\":{\"@id\":\"https:\\\/\\\/urbeamea.ro\\\/albaiulia\\\/foto-peste-280-de-elevi-si-alti-locuitori-din-aiud-au-fost-sfatuiti-de-politisti\\\/#primaryimage\"},\"thumbnailUrl\":\"https:\\\/\\\/urbeamea.ro\\\/albaiulia\\\/wp-content\\\/uploads\\\/2016\\\/06\\\/IMG_2593.jpg\",\"datePublished\":\"2016-06-15T16:03:32+00:00\",\"author\":{\"@id\":\"https:\\\/\\\/urbeamea.ro\\\/albaiulia\\\/#\\\/schema\\\/person\\\/272ae98052f8ee8980f59848df070247\"},\"description\":\"Seria activit\u0103\u0163ilor informative desf\u0103\u015furate de poli\u0163i\u015fti, \u00eempreun\u0103 cu partenerii cu atribu\u0163ii \u00een domeniul prevenirii criminalit\u0103\u0163ii, au continuat \u00een\",\"breadcrumb\":{\"@id\":\"https:\\\/\\\/urbeamea.ro\\\/albaiulia\\\/foto-peste-280-de-elevi-si-alti-locuitori-din-aiud-au-fost-sfatuiti-de-politisti\\\/#breadcrumb\"},\"inLanguage\":\"ro-RO\",\"potentialAction\":[{\"@type\":\"ReadAction\",\"target\":[\"https:\\\/\\\/urbeamea.ro\\\/albaiulia\\\/foto-peste-280-de-elevi-si-alti-locuitori-din-aiud-au-fost-sfatuiti-de-politisti\\\/\"]}]},{\"@type\":\"ImageObject\",\"inLanguage\":\"ro-RO\",\"@id\":\"https:\\\/\\\/urbeamea.ro\\\/albaiulia\\\/foto-peste-280-de-elevi-si-alti-locuitori-din-aiud-au-fost-sfatuiti-de-politisti\\\/#primaryimage\",\"url\":\"https:\\\/\\\/urbeamea.ro\\\/albaiulia\\\/wp-content\\\/uploads\\\/2016\\\/06\\\/IMG_2593.jpg\",\"contentUrl\":\"https:\\\/\\\/urbeamea.ro\\\/albaiulia\\\/wp-content\\\/uploads\\\/2016\\\/06\\\/IMG_2593.jpg\",\"width\":512,\"height\":768},{\"@type\":\"BreadcrumbList\",\"@id\":\"https:\\\/\\\/urbeamea.ro\\\/albaiulia\\\/foto-peste-280-de-elevi-si-alti-locuitori-din-aiud-au-fost-sfatuiti-de-politisti\\\/#breadcrumb\",\"itemListElement\":[{\"@type\":\"ListItem\",\"position\":1,\"name\":\"Prima pagin\u0103\",\"item\":\"https:\\\/\\\/urbeamea.ro\\\/albaiulia\\\/\"},{\"@type\":\"ListItem\",\"position\":2,\"name\":\"FOTO: Peste 280 de elevi \u0219i al\u0163i locuitori din Aiud au fost sf\u0103tui\u021bi de poli\u0163i\u015fti\"}]},{\"@type\":\"WebSite\",\"@id\":\"https:\\\/\\\/urbeamea.ro\\\/albaiulia\\\/#website\",\"url\":\"https:\\\/\\\/urbeamea.ro\\\/albaiulia\\\/\",\"name\":\"Revista Urbea Mea, Stiri urbane\",\"description\":\"Evenimente \u0219i \u0219tiri din Alba Iulia, Sebe\u0219, Aiud, Blaj\",\"potentialAction\":[{\"@type\":\"SearchAction\",\"target\":{\"@type\":\"EntryPoint\",\"urlTemplate\":\"https:\\\/\\\/urbeamea.ro\\\/albaiulia\\\/?s={search_term_string}\"},\"query-input\":{\"@type\":\"PropertyValueSpecification\",\"valueRequired\":true,\"valueName\":\"search_term_string\"}}],\"inLanguage\":\"ro-RO\"},{\"@type\":\"Person\",\"@id\":\"https:\\\/\\\/urbeamea.ro\\\/albaiulia\\\/#\\\/schema\\\/person\\\/272ae98052f8ee8980f59848df070247\",\"name\":\"Redac\u021bia UrbeaMea\",\"image\":{\"@type\":\"ImageObject\",\"inLanguage\":\"ro-RO\",\"@id\":\"https:\\\/\\\/secure.gravatar.com\\\/avatar\\\/9ce5a9435071fa1037e8468053ead8e513dbbff59009d3069aadb85506d85a27?s=96&d=mm&r=g\",\"url\":\"https:\\\/\\\/secure.gravatar.com\\\/avatar\\\/9ce5a9435071fa1037e8468053ead8e513dbbff59009d3069aadb85506d85a27?s=96&d=mm&r=g\",\"contentUrl\":\"https:\\\/\\\/secure.gravatar.com\\\/avatar\\\/9ce5a9435071fa1037e8468053ead8e513dbbff59009d3069aadb85506d85a27?s=96&d=mm&r=g\",\"caption\":\"Redac\u021bia UrbeaMea\"},\"description\":\"contact@urbeamea.ro\",\"sameAs\":[\"https:\\\/\\\/www.urbeamea.ro\"],\"url\":\"https:\\\/\\\/urbeamea.ro\\\/albaiulia\\\/author\\\/redactia-urbeamea\\\/\"}]}<\/script>\n<!-- \/ Yoast SEO plugin. -->","yoast_head_json":{"title":"FOTO: Peste 280 de elevi \u0219i al\u0163i locuitori din Aiud au fost sf\u0103tui\u021bi de poli\u0163i\u015fti - Revista Urbea Mea - Revista de Alba","description":"Seria activit\u0103\u0163ilor informative desf\u0103\u015furate de poli\u0163i\u015fti, \u00eempreun\u0103 cu partenerii cu atribu\u0163ii \u00een domeniul prevenirii criminalit\u0103\u0163ii, au continuat \u00een","robots":{"index":"index","follow":"follow","max-snippet":"max-snippet:-1","max-image-preview":"max-image-preview:large","max-video-preview":"max-video-preview:-1"},"canonical":"https:\/\/urbeamea.ro\/albaiulia\/foto-peste-280-de-elevi-si-alti-locuitori-din-aiud-au-fost-sfatuiti-de-politisti\/","twitter_card":"summary_large_image","twitter_title":"FOTO: Peste 280 de elevi \u0219i al\u0163i locuitori din Aiud au fost sf\u0103tui\u021bi de poli\u0163i\u015fti - Revista Urbea Mea - Revista de Alba","twitter_description":"Seria activit\u0103\u0163ilor informative desf\u0103\u015furate de poli\u0163i\u015fti, \u00eempreun\u0103 cu partenerii cu atribu\u0163ii \u00een domeniul prevenirii criminalit\u0103\u0163ii, au continuat \u00een","twitter_image":"https:\/\/urbeamea.ro\/albaiulia\/wp-content\/uploads\/2016\/06\/IMG_2593.jpg","twitter_creator":"@urbeameaweb","twitter_site":"@urbeameaweb","schema":{"@context":"https:\/\/schema.org","@graph":[{"@type":"Article","@id":"https:\/\/urbeamea.ro\/albaiulia\/foto-peste-280-de-elevi-si-alti-locuitori-din-aiud-au-fost-sfatuiti-de-politisti\/#article","isPartOf":{"@id":"https:\/\/urbeamea.ro\/albaiulia\/foto-peste-280-de-elevi-si-alti-locuitori-din-aiud-au-fost-sfatuiti-de-politisti\/"},"author":{"name":"Redac\u021bia UrbeaMea","@id":"https:\/\/urbeamea.ro\/albaiulia\/#\/schema\/person\/272ae98052f8ee8980f59848df070247"},"headline":"FOTO: Peste 280 de elevi \u0219i al\u0163i locuitori din Aiud au fost sf\u0103tui\u021bi de poli\u0163i\u015fti","datePublished":"2016-06-15T16:03:32+00:00","mainEntityOfPage":{"@id":"https:\/\/urbeamea.ro\/albaiulia\/foto-peste-280-de-elevi-si-alti-locuitori-din-aiud-au-fost-sfatuiti-de-politisti\/"},"wordCount":438,"commentCount":0,"image":{"@id":"https:\/\/urbeamea.ro\/albaiulia\/foto-peste-280-de-elevi-si-alti-locuitori-din-aiud-au-fost-sfatuiti-de-politisti\/#primaryimage"},"thumbnailUrl":"https:\/\/urbeamea.ro\/albaiulia\/wp-content\/uploads\/2016\/06\/IMG_2593.jpg","keywords":["actiune","activitati informative","aiud","antivictimale","cetateni","elevi","materiale video","politisti","proiect","recomandari antiinfractionale","stiri","Urbea Mea"],"articleSection":["Social"],"inLanguage":"ro-RO","potentialAction":[{"@type":"CommentAction","name":"Comment","target":["https:\/\/urbeamea.ro\/albaiulia\/foto-peste-280-de-elevi-si-alti-locuitori-din-aiud-au-fost-sfatuiti-de-politisti\/#respond"]}]},{"@type":"WebPage","@id":"https:\/\/urbeamea.ro\/albaiulia\/foto-peste-280-de-elevi-si-alti-locuitori-din-aiud-au-fost-sfatuiti-de-politisti\/","url":"https:\/\/urbeamea.ro\/albaiulia\/foto-peste-280-de-elevi-si-alti-locuitori-din-aiud-au-fost-sfatuiti-de-politisti\/","name":"FOTO: Peste 280 de elevi \u0219i al\u0163i locuitori din Aiud au fost sf\u0103tui\u021bi de poli\u0163i\u015fti - Revista Urbea Mea - Revista de Alba","isPartOf":{"@id":"https:\/\/urbeamea.ro\/albaiulia\/#website"},"primaryImageOfPage":{"@id":"https:\/\/urbeamea.ro\/albaiulia\/foto-peste-280-de-elevi-si-alti-locuitori-din-aiud-au-fost-sfatuiti-de-politisti\/#primaryimage"},"image":{"@id":"https:\/\/urbeamea.ro\/albaiulia\/foto-peste-280-de-elevi-si-alti-locuitori-din-aiud-au-fost-sfatuiti-de-politisti\/#primaryimage"},"thumbnailUrl":"https:\/\/urbeamea.ro\/albaiulia\/wp-content\/uploads\/2016\/06\/IMG_2593.jpg","datePublished":"2016-06-15T16:03:32+00:00","author":{"@id":"https:\/\/urbeamea.ro\/albaiulia\/#\/schema\/person\/272ae98052f8ee8980f59848df070247"},"description":"Seria activit\u0103\u0163ilor informative desf\u0103\u015furate de poli\u0163i\u015fti, \u00eempreun\u0103 cu partenerii cu atribu\u0163ii \u00een domeniul prevenirii criminalit\u0103\u0163ii, au continuat \u00een","breadcrumb":{"@id":"https:\/\/urbeamea.ro\/albaiulia\/foto-peste-280-de-elevi-si-alti-locuitori-din-aiud-au-fost-sfatuiti-de-politisti\/#breadcrumb"},"inLanguage":"ro-RO","potentialAction":[{"@type":"ReadAction","target":["https:\/\/urbeamea.ro\/albaiulia\/foto-peste-280-de-elevi-si-alti-locuitori-din-aiud-au-fost-sfatuiti-de-politisti\/"]}]},{"@type":"ImageObject","inLanguage":"ro-RO","@id":"https:\/\/urbeamea.ro\/albaiulia\/foto-peste-280-de-elevi-si-alti-locuitori-din-aiud-au-fost-sfatuiti-de-politisti\/#primaryimage","url":"https:\/\/urbeamea.ro\/albaiulia\/wp-content\/uploads\/2016\/06\/IMG_2593.jpg","contentUrl":"https:\/\/urbeamea.ro\/albaiulia\/wp-content\/uploads\/2016\/06\/IMG_2593.jpg","width":512,"height":768},{"@type":"BreadcrumbList","@id":"https:\/\/urbeamea.ro\/albaiulia\/foto-peste-280-de-elevi-si-alti-locuitori-din-aiud-au-fost-sfatuiti-de-politisti\/#breadcrumb","itemListElement":[{"@type":"ListItem","position":1,"name":"Prima pagin\u0103","item":"https:\/\/urbeamea.ro\/albaiulia\/"},{"@type":"ListItem","position":2,"name":"FOTO: Peste 280 de elevi \u0219i al\u0163i locuitori din Aiud au fost sf\u0103tui\u021bi de poli\u0163i\u015fti"}]},{"@type":"WebSite","@id":"https:\/\/urbeamea.ro\/albaiulia\/#website","url":"https:\/\/urbeamea.ro\/albaiulia\/","name":"Revista Urbea Mea, Stiri urbane","description":"Evenimente \u0219i \u0219tiri din Alba Iulia, Sebe\u0219, Aiud, Blaj","potentialAction":[{"@type":"SearchAction","target":{"@type":"EntryPoint","urlTemplate":"https:\/\/urbeamea.ro\/albaiulia\/?s={search_term_string}"},"query-input":{"@type":"PropertyValueSpecification","valueRequired":true,"valueName":"search_term_string"}}],"inLanguage":"ro-RO"},{"@type":"Person","@id":"https:\/\/urbeamea.ro\/albaiulia\/#\/schema\/person\/272ae98052f8ee8980f59848df070247","name":"Redac\u021bia UrbeaMea","image":{"@type":"ImageObject","inLanguage":"ro-RO","@id":"https:\/\/secure.gravatar.com\/avatar\/9ce5a9435071fa1037e8468053ead8e513dbbff59009d3069aadb85506d85a27?s=96&d=mm&r=g","url":"https:\/\/secure.gravatar.com\/avatar\/9ce5a9435071fa1037e8468053ead8e513dbbff59009d3069aadb85506d85a27?s=96&d=mm&r=g","contentUrl":"https:\/\/secure.gravatar.com\/avatar\/9ce5a9435071fa1037e8468053ead8e513dbbff59009d3069aadb85506d85a27?s=96&d=mm&r=g","caption":"Redac\u021bia UrbeaMea"},"description":"contact@urbeamea.ro","sameAs":["https:\/\/www.urbeamea.ro"],"url":"https:\/\/urbeamea.ro\/albaiulia\/author\/redactia-urbeamea\/"}]}},"_links":{"self":[{"href":"https:\/\/urbeamea.ro\/albaiulia\/wp-json\/wp\/v2\/posts\/26512","targetHints":{"allow":["GET"]}}],"collection":[{"href":"https:\/\/urbeamea.ro\/albaiulia\/wp-json\/wp\/v2\/posts"}],"about":[{"href":"https:\/\/urbeamea.ro\/albaiulia\/wp-json\/wp\/v2\/types\/post"}],"author":[{"embeddable":true,"href":"https:\/\/urbeamea.ro\/albaiulia\/wp-json\/wp\/v2\/users\/16"}],"replies":[{"embeddable":true,"href":"https:\/\/urbeamea.ro\/albaiulia\/wp-json\/wp\/v2\/comments?post=26512"}],"version-history":[{"count":0,"href":"https:\/\/urbeamea.ro\/albaiulia\/wp-json\/wp\/v2\/posts\/26512\/revisions"}],"wp:featuredmedia":[{"embeddable":true,"href":"https:\/\/urbeamea.ro\/albaiulia\/wp-json\/wp\/v2\/media\/26524"}],"wp:attachment":[{"href":"https:\/\/urbeamea.ro\/albaiulia\/wp-json\/wp\/v2\/media?parent=26512"}],"wp:term":[{"taxonomy":"category","embeddable":true,"href":"https:\/\/urbeamea.ro\/albaiulia\/wp-json\/wp\/v2\/categories?post=26512"},{"taxonomy":"post_tag","embeddable":true,"href":"https:\/\/urbeamea.ro\/albaiulia\/wp-json\/wp\/v2\/tags?post=26512"}],"curies":[{"name":"wp","href":"https:\/\/api.w.org\/{rel}","templated":true}]}}